{"id":236664,"date":"2026-03-05T19:00:20","date_gmt":"2026-03-06T02:00:20","guid":{"rendered":"https:\/\/www.sonoraenequipo.com.mx\/?p=236664"},"modified":"2026-03-05T18:52:32","modified_gmt":"2026-03-06T01:52:32","slug":"trump-destituye-a-kristi-noem-secretaria-de-seguridad-nacional","status":"publish","type":"post","link":"https:\/\/www.sonoraenequipo.com.mx\/trump-destituye-a-kristi-noem-secretaria-de-seguridad-nacional\/","title":{"rendered":"Trump destituye a Kristi Noem, secretaria de Seguridad Nacional"},"content":{"rendered":"<p><strong>WASHINGTON, ESTADOS UNIDOS DEL NORTE DE AM\u00c9RICA. \u2014 <\/strong>El \u2060presidente de Estados Unidos, Donald Trump, \u2060anunci\u00f3 \u200beste jueves \u2060que el \u200csenador \u200cestadunidense <strong>Markwayne Mullin<\/strong> \u200bsustituir\u00e1 a <strong>\u200bKristi \u200bNoem<\/strong> como \u200csecretario de Seguridad Nacional a finales \u200cde mes.<\/p>\n<p>&nbsp;<\/p>\n<p>&nbsp;<\/p>\n<p> <\/p>\n<p>Trump hizo el anuncio en redes sociales el jueves, dos d\u00edas despu\u00e9s que Noem enfrentara un duro interrogatorio en el Capitolio por parte de miembros del Partido Republicano, as\u00ed como de dem\u00f3cratas.<\/p>\n<p>&nbsp;<\/p>\n<p>&nbsp;<\/p>\n<p>Trump se\u00f1ala que designar\u00e1 a Noem como<strong><em> \u201cEnviada Especial para The Shield of the Americas\u201d<\/em><\/strong>, una nueva iniciativa de seguridad que, afirm\u00f3, se centrar\u00e1 en el hemisferio occidental.<\/p>\n<p>&nbsp;<\/p>\n<p>&nbsp;<\/p>\n<p>&nbsp;<\/p>\n<p>Noem es la primera secretaria del gabinete en dejar el cargo durante el segundo mandato de Trump. La salida de Noem pone fin a un periodo turbulento al frente de t\u00e1cticas de control migratorio que han sido recibidas con protestas y demandas.<\/p>\n<p>&nbsp;<\/p>\n<p>&nbsp;<\/p>\n<h3>As\u00ed fue el mensaje que escribi\u00f3 Trump en Truth Social:<\/h3>\n<p>&nbsp;<\/p>\n<p>&nbsp;<\/p>\n<p><em><strong>\u00abMe complace anunciar que el muy respetado senador estadunidense del gran estado de Oklahoma, Markwayne Mullin, asumir\u00e1 el cargo de Secretario de Seguridad Nacional (DHS) de Estados Unidos a partir del 31 de marzo de 2026. La actual secretaria, Kristi Noem, quien nos ha servido eficazmente y ha obtenido numerosos y espectaculares resultados (\u00a1especialmente en la frontera!), pasar\u00e1 a ser Enviada Especial para el Escudo de las Am\u00e9ricas, nuestra nueva Iniciativa de Seguridad en el Hemisferio Occidental que anunciaremos el s\u00e1bado en Doral, Florida. Agradezco a Kristi su servicio en \u00abHomeland\u00bb.<\/strong><\/em><\/p>\n<p>&nbsp;<\/p>\n<p>&nbsp;<\/p>\n<p>Tras 10 a\u00f1os en la C\u00e1mara de Representantes de Estados Unidos y 3 en el Senado, Markwayne ha realizado una labor excepcional representando al maravilloso pueblo de Oklahoma, donde gan\u00e9 en los 77 condados de 77 condados, \u00a1en 2016, 2020 y 2024! Un guerrero MAGA y ex luchador profesional invicto de MMA, Markwayne se lleva muy bien con la gente y posee la sabidur\u00eda y el coraje necesarios para impulsar nuestra agenda de \u00abAm\u00e9rica Primero\u00bb.<\/p>\n<p>&nbsp;<\/p>\n<p>&nbsp;<\/p>\n<p>Como el \u00fanico nativo americano en el Senado, Markwayne es un defensor excepcional de nuestras incre\u00edbles comunidades tribales. Markwayne trabajar\u00e1 incansablemente para mantener nuestra frontera segura, detener la delincuencia migratoria, los asesinos y otros delincuentes que ingresan ilegalmente a nuestro pa\u00eds, acabar con el flagelo de las drogas ilegales y hacer que Estados Unidos vuelva a ser seguro. Markwayne ser\u00e1 un excelente Secretario de Seguridad Nacional. \u00a1Gracias por su atenci\u00f3n!\u00bb<\/p>\n<p>&nbsp;<\/p>\n<h3>Noem se va con cifras en la mano y los c\u00e1rteles en la mira<\/h3>\n<p>&nbsp;<\/p>\n<p>Noem reaccion\u00f3 al anuncio a trav\u00e9s de su cuenta oficial en X, donde agradeci\u00f3 su nueva designaci\u00f3n y enumer\u00f3 los que describi\u00f3 como logros durante sus 13 meses al frente del DHS.<\/p>\n<blockquote class=\"twitter-tweet\" data-width=\"550\" data-dnt=\"true\">\n<p lang=\"en\" dir=\"ltr\">Thank you <a href=\"https:\/\/twitter.com\/POTUS?ref_src=twsrc%5Etfw\">@POTUS<\/a> Trump for appointing me as the Special Envoy for the Shield of the Americas. <a href=\"https:\/\/twitter.com\/SecRubio?ref_src=twsrc%5Etfw\">@SecRubio<\/a> and <a href=\"https:\/\/twitter.com\/SecWar?ref_src=twsrc%5Etfw\">@SecWar<\/a> are incredible leaders and I look forward to working with them closely to dismantle cartels that have poured drugs into our nation and killed our children and\u2026<\/p>\n<p>&mdash; Secretary Kristi Noem (@Sec_Noem) <a href=\"https:\/\/twitter.com\/Sec_Noem\/status\/2029647010002055467?ref_src=twsrc%5Etfw\">March 5, 2026<\/a><\/p><\/blockquote>\n<p><script async src=\"https:\/\/platform.twitter.com\/widgets.js\" charset=\"utf-8\"><\/script><\/p>\n<p>&nbsp;<\/p>\n<p>Entre ellos destac\u00f3 la localizaci\u00f3n de 145,000 menores de edad, la salida de tres millones de migrantes en situaci\u00f3n irregular del territorio estadounidense, una reducci\u00f3n del 100% en los tiempos de respuesta de FEMA y un ahorro al erario de 13,000 millones de d\u00f3lares.<\/p>\n<p>&nbsp;<\/p>\n<p>\u00abEl Hemisferio Occidental es absolutamente cr\u00edtico para la seguridad de Estados Unidos. En este nuevo rol, podr\u00e9 construir sobre las alianzas y la experiencia en seguridad nacional que forj\u00e9 durante los \u00faltimos 13 meses como secretaria de Seguridad Nacional\u00bb, escribi\u00f3 Noem en la red social.<\/p>\n<p>&nbsp;<\/p>\n<p>La funcionaria tambi\u00e9n se\u00f1al\u00f3 que en su nuevo cargo trabajar\u00e1 junto a los secretarios de Estado y de Defensa para \u00abdesmantelar los carteles que han vertido drogas en nuestra naci\u00f3n\u00bb.<\/p>\n<p>&nbsp;<\/p>\n<p>&nbsp;<\/p>\n<p>&nbsp;<\/p>\n<p>PUBLICADO EL 05 DE MARZO 2026 Con informaci\u00f3n de AP \/Reuters)<\/p>\n","protected":false},"excerpt":{"rendered":"<p>WASHINGTON, ESTADOS UNIDOS DEL NORTE DE AM\u00c9RICA. \u2014 El \u2060presidente de Estados Unidos, Donald Trump,&#8230;<\/p>\n","protected":false},"author":1,"featured_media":236675,"comment_status":"open","ping_status":"open","sticky":false,"template":"","format":"standard","meta":{"_monsterinsights_skip_tracking":false,"_monsterinsights_sitenote_active":false,"_monsterinsights_sitenote_note":"","_monsterinsights_sitenote_category":0,"footnotes":""},"categories":[3],"tags":[],"class_list":["post"],"yoast_head":" \n<title>Sonora en Equipo. Trump destituye a Kristi Noem, secretaria de Seguridad Nacional MUNDO<\/title>\n<meta name=\"description\" content=\"WASHINGTON, ESTADOS UNIDOS DEL NORTE DE AM\u00c9RICA. \u2014 El \u2060presidente de Estados Unidos, Donald Trump, \u2060anunci\u00f3 \u200beste jueves \u2060que el \u200csenador \u200cestadunidense En Sonora en Equipo publicamos toda la informaci\u00f3n de Sonora, M\u00e9xico y el Mundo de manera oportuna y busca que la libertad de expresi\u00f3n sea real. Visita nuestro medio informativo publicado desde Hermosillo, Sonora. %\" \/>\n<meta name=\"robots\" content=\"index, follow, max-snippet:-1, max-image-preview:large, max-video-preview:-1\" \/>\n<link rel=\"canonical\" href=\"https:\/\/www.sonoraenequipo.com.mx\/trump-destituye-a-kristi-noem-secretaria-de-seguridad-nacional\/\" \/>\n<meta property=\"og:locale\" content=\"es_ES\" \/>\n<meta property=\"og:type\" content=\"article\" \/>\n<meta property=\"og:title\" content=\"Sonora en Equipo. Trump destituye a Kristi Noem, secretaria de Seguridad Nacional MUNDO\" \/>\n<meta property=\"og:description\" content=\"WASHINGTON, ESTADOS UNIDOS DEL NORTE DE AM\u00c9RICA. \u2014 El \u2060presidente de Estados Unidos, Donald Trump, \u2060anunci\u00f3 \u200beste jueves \u2060que el \u200csenador \u200cestadunidense En Sonora en Equipo publicamos toda la informaci\u00f3n de Sonora, M\u00e9xico y el Mundo de manera oportuna y busca que la libertad de expresi\u00f3n sea real. Visita nuestro medio informativo publicado desde Hermosillo, Sonora. %\" \/>\n<meta property=\"og:url\" content=\"https:\/\/www.sonoraenequipo.com.mx\/trump-destituye-a-kristi-noem-secretaria-de-seguridad-nacional\/\" \/>\n<meta property=\"og:site_name\" content=\"Sonora en Equipo.\" \/>\n<meta property=\"article:publisher\" content=\"https:\/\/www.facebook.com\/SonoraEE\/\" \/>\n<meta property=\"article:author\" content=\"https:\/\/www.facebook.com\/SonoraEE\" \/>\n<meta property=\"article:published_time\" content=\"2026-03-06T02:00:20+00:00\" \/>\n<meta property=\"og:image\" content=\"https:\/\/www.sonoraenequipo.com.mx\/storage\/2026\/03\/trump-destituye-a-la-secretaria-de-seguridad-nacional-kristi-noem.jpg\" \/>\n\t<meta property=\"og:image:width\" content=\"1171\" \/>\n\t<meta property=\"og:image:height\" content=\"718\" \/>\n\t<meta property=\"og:image:type\" content=\"image\/jpeg\" \/>\n<meta name=\"author\" content=\"enequipo\" \/>\n<meta name=\"twitter:card\" content=\"summary_large_image\" \/>\n<meta name=\"twitter:creator\" content=\"@sonoraenequipo\" \/>\n<meta name=\"twitter:site\" content=\"@sonoraenequipo\" \/>\n<meta name=\"twitter:label1\" content=\"Escrito por\" \/>\n\t<meta name=\"twitter:data1\" content=\"enequipo\" \/>\n\t<meta name=\"twitter:label2\" content=\"Tiempo de lectura\" \/>\n\t<meta name=\"twitter:data2\" content=\"3 minutos\" \/>\n<script type=\"application\/ld+json\" class=\"yoast-schema-graph\">{\"@context\":\"https:\/\/schema.org\",\"@graph\":[{\"@type\":\"Article\",\"@id\":\"https:\/\/www.sonoraenequipo.com.mx\/trump-destituye-a-kristi-noem-secretaria-de-seguridad-nacional\/#article\",\"isPartOf\":{\"@id\":\"https:\/\/www.sonoraenequipo.com.mx\/trump-destituye-a-kristi-noem-secretaria-de-seguridad-nacional\/\"},\"author\":{\"name\":\"enequipo\",\"@id\":\"https:\/\/www.sonoraenequipo.com.mx\/#\/schema\/person\/50102df0fb23a8fa9e8effad8fa81386\"},\"headline\":\"Trump destituye a Kristi Noem, secretaria de Seguridad Nacional\",\"datePublished\":\"2026-03-06T02:00:20+00:00\",\"mainEntityOfPage\":{\"@id\":\"https:\/\/www.sonoraenequipo.com.mx\/trump-destituye-a-kristi-noem-secretaria-de-seguridad-nacional\/\"},\"wordCount\":609,\"commentCount\":0,\"publisher\":{\"@id\":\"https:\/\/www.sonoraenequipo.com.mx\/#organization\"},\"image\":{\"@id\":\"https:\/\/www.sonoraenequipo.com.mx\/trump-destituye-a-kristi-noem-secretaria-de-seguridad-nacional\/#primaryimage\"},\"thumbnailUrl\":\"https:\/\/www.sonoraenequipo.com.mx\/storage\/2026\/03\/trump-destituye-a-la-secretaria-de-seguridad-nacional-kristi-noem.jpg\",\"articleSection\":[\"MUNDO\"],\"inLanguage\":\"es\",\"potentialAction\":[{\"@type\":\"CommentAction\",\"name\":\"Comment\",\"target\":[\"https:\/\/www.sonoraenequipo.com.mx\/trump-destituye-a-kristi-noem-secretaria-de-seguridad-nacional\/#respond\"]}]},{\"@type\":\"WebPage\",\"@id\":\"https:\/\/www.sonoraenequipo.com.mx\/trump-destituye-a-kristi-noem-secretaria-de-seguridad-nacional\/\",\"url\":\"https:\/\/www.sonoraenequipo.com.mx\/trump-destituye-a-kristi-noem-secretaria-de-seguridad-nacional\/\",\"name\":\"Sonora en Equipo. Trump destituye a Kristi Noem, secretaria de Seguridad Nacional MUNDO\",\"isPartOf\":{\"@id\":\"https:\/\/www.sonoraenequipo.com.mx\/#website\"},\"primaryImageOfPage\":{\"@id\":\"https:\/\/www.sonoraenequipo.com.mx\/trump-destituye-a-kristi-noem-secretaria-de-seguridad-nacional\/#primaryimage\"},\"image\":{\"@id\":\"https:\/\/www.sonoraenequipo.com.mx\/trump-destituye-a-kristi-noem-secretaria-de-seguridad-nacional\/#primaryimage\"},\"thumbnailUrl\":\"https:\/\/www.sonoraenequipo.com.mx\/storage\/2026\/03\/trump-destituye-a-la-secretaria-de-seguridad-nacional-kristi-noem.jpg\",\"datePublished\":\"2026-03-06T02:00:20+00:00\",\"description\":\"WASHINGTON, ESTADOS UNIDOS DEL NORTE DE AM\u00c9RICA. \u2014 El \u2060presidente de Estados Unidos, Donald Trump, \u2060anunci\u00f3 \u200beste jueves \u2060que el \u200csenador \u200cestadunidense En Sonora en Equipo publicamos toda la informaci\u00f3n de Sonora, M\u00e9xico y el Mundo de manera oportuna y busca que la libertad de expresi\u00f3n sea real. Visita nuestro medio informativo publicado desde Hermosillo, Sonora. %\",\"breadcrumb\":{\"@id\":\"https:\/\/www.sonoraenequipo.com.mx\/trump-destituye-a-kristi-noem-secretaria-de-seguridad-nacional\/#breadcrumb\"},\"inLanguage\":\"es\",\"potentialAction\":[{\"@type\":\"ReadAction\",\"target\":[\"https:\/\/www.sonoraenequipo.com.mx\/trump-destituye-a-kristi-noem-secretaria-de-seguridad-nacional\/\"]}]},{\"@type\":\"ImageObject\",\"inLanguage\":\"es\",\"@id\":\"https:\/\/www.sonoraenequipo.com.mx\/trump-destituye-a-kristi-noem-secretaria-de-seguridad-nacional\/#primaryimage\",\"url\":\"https:\/\/www.sonoraenequipo.com.mx\/storage\/2026\/03\/trump-destituye-a-la-secretaria-de-seguridad-nacional-kristi-noem.jpg\",\"contentUrl\":\"https:\/\/www.sonoraenequipo.com.mx\/storage\/2026\/03\/trump-destituye-a-la-secretaria-de-seguridad-nacional-kristi-noem.jpg\",\"width\":1171,\"height\":718},{\"@type\":\"BreadcrumbList\",\"@id\":\"https:\/\/www.sonoraenequipo.com.mx\/trump-destituye-a-kristi-noem-secretaria-de-seguridad-nacional\/#breadcrumb\",\"itemListElement\":[{\"@type\":\"ListItem\",\"position\":1,\"name\":\"Portada\",\"item\":\"https:\/\/www.sonoraenequipo.com.mx\/\"},{\"@type\":\"ListItem\",\"position\":2,\"name\":\"Trump destituye a Kristi Noem, secretaria de Seguridad Nacional\"}]},{\"@type\":\"WebSite\",\"@id\":\"https:\/\/www.sonoraenequipo.com.mx\/#website\",\"url\":\"https:\/\/www.sonoraenequipo.com.mx\/\",\"name\":\"Sonora en Equipo.\",\"description\":\"Diario en l\u00ednea con Noticias desde Hermosillo, Sonora\",\"publisher\":{\"@id\":\"https:\/\/www.sonoraenequipo.com.mx\/#organization\"},\"potentialAction\":[{\"@type\":\"SearchAction\",\"target\":{\"@type\":\"EntryPoint\",\"urlTemplate\":\"https:\/\/www.sonoraenequipo.com.mx\/?s={search_term_string}\"},\"query-input\":{\"@type\":\"PropertyValueSpecification\",\"valueRequired\":true,\"valueName\":\"search_term_string\"}}],\"inLanguage\":\"es\"},{\"@type\":\"Organization\",\"@id\":\"https:\/\/www.sonoraenequipo.com.mx\/#organization\",\"name\":\"Sonoraenequipo.com.mx\",\"url\":\"https:\/\/www.sonoraenequipo.com.mx\/\",\"logo\":{\"@type\":\"ImageObject\",\"inLanguage\":\"es\",\"@id\":\"https:\/\/www.sonoraenequipo.com.mx\/#\/schema\/logo\/image\/\",\"url\":\"https:\/\/www.sonoraenequipo.com.mx\/storage\/2019\/01\/sonoraenequipo_opt.png\",\"contentUrl\":\"https:\/\/www.sonoraenequipo.com.mx\/storage\/2019\/01\/sonoraenequipo_opt.png\",\"width\":375,\"height\":125,\"caption\":\"Sonoraenequipo.com.mx\"},\"image\":{\"@id\":\"https:\/\/www.sonoraenequipo.com.mx\/#\/schema\/logo\/image\/\"},\"sameAs\":[\"https:\/\/www.facebook.com\/SonoraEE\/\",\"https:\/\/x.com\/sonoraenequipo\",\"https:\/\/www.youtube.com\/channel\/UC338nW-lPEYmJQs4ZABQ1SQ\"]},{\"@type\":\"Person\",\"@id\":\"https:\/\/www.sonoraenequipo.com.mx\/#\/schema\/person\/50102df0fb23a8fa9e8effad8fa81386\",\"name\":\"enequipo\",\"image\":{\"@type\":\"ImageObject\",\"inLanguage\":\"es\",\"@id\":\"https:\/\/www.sonoraenequipo.com.mx\/#\/schema\/person\/image\/\",\"url\":\"https:\/\/secure.gravatar.com\/avatar\/049821681b589dabc0bc20695993ccebb09f5b5d4d790cd9251b97faac7c652b?s=96&d=blank&r=g\",\"contentUrl\":\"https:\/\/secure.gravatar.com\/avatar\/049821681b589dabc0bc20695993ccebb09f5b5d4d790cd9251b97faac7c652b?s=96&d=blank&r=g\",\"caption\":\"enequipo\"},\"sameAs\":[\"https:\/\/www.facebook.com\/SonoraEE\"]}]}<\/script>\n ","yoast_head_json":{"title":"Sonora en Equipo. Trump destituye a Kristi Noem, secretaria de Seguridad Nacional MUNDO","description":"WASHINGTON, ESTADOS UNIDOS DEL NORTE DE AM\u00c9RICA. \u2014 El \u2060presidente de Estados Unidos, Donald Trump, \u2060anunci\u00f3 \u200beste jueves \u2060que el \u200csenador \u200cestadunidense En Sonora en Equipo publicamos toda la informaci\u00f3n de Sonora, M\u00e9xico y el Mundo de manera oportuna y busca que la libertad de expresi\u00f3n sea real. Visita nuestro medio informativo publicado desde Hermosillo, Sonora. %","robots":{"index":"index","follow":"follow","max-snippet":"max-snippet:-1","max-image-preview":"max-image-preview:large","max-video-preview":"max-video-preview:-1"},"canonical":"https:\/\/www.sonoraenequipo.com.mx\/trump-destituye-a-kristi-noem-secretaria-de-seguridad-nacional\/","og_locale":"es_ES","og_type":"article","og_title":"Sonora en Equipo. Trump destituye a Kristi Noem, secretaria de Seguridad Nacional MUNDO","og_description":"WASHINGTON, ESTADOS UNIDOS DEL NORTE DE AM\u00c9RICA. \u2014 El \u2060presidente de Estados Unidos, Donald Trump, \u2060anunci\u00f3 \u200beste jueves \u2060que el \u200csenador \u200cestadunidense En Sonora en Equipo publicamos toda la informaci\u00f3n de Sonora, M\u00e9xico y el Mundo de manera oportuna y busca que la libertad de expresi\u00f3n sea real. Visita nuestro medio informativo publicado desde Hermosillo, Sonora. %","og_url":"https:\/\/www.sonoraenequipo.com.mx\/trump-destituye-a-kristi-noem-secretaria-de-seguridad-nacional\/","og_site_name":"Sonora en Equipo.","article_publisher":"https:\/\/www.facebook.com\/SonoraEE\/","article_author":"https:\/\/www.facebook.com\/SonoraEE","article_published_time":"2026-03-06T02:00:20+00:00","og_image":[{"width":1171,"height":718,"url":"https:\/\/www.sonoraenequipo.com.mx\/storage\/2026\/03\/trump-destituye-a-la-secretaria-de-seguridad-nacional-kristi-noem.jpg","type":"image\/jpeg"}],"author":"enequipo","twitter_card":"summary_large_image","twitter_creator":"@sonoraenequipo","twitter_site":"@sonoraenequipo","twitter_misc":{"Escrito por":"enequipo","Tiempo de lectura":"3 minutos"},"schema":{"@context":"https:\/\/schema.org","@graph":[{"@type":"Article","@id":"https:\/\/www.sonoraenequipo.com.mx\/trump-destituye-a-kristi-noem-secretaria-de-seguridad-nacional\/#article","isPartOf":{"@id":"https:\/\/www.sonoraenequipo.com.mx\/trump-destituye-a-kristi-noem-secretaria-de-seguridad-nacional\/"},"author":{"name":"enequipo","@id":"https:\/\/www.sonoraenequipo.com.mx\/#\/schema\/person\/50102df0fb23a8fa9e8effad8fa81386"},"headline":"Trump destituye a Kristi Noem, secretaria de Seguridad Nacional","datePublished":"2026-03-06T02:00:20+00:00","mainEntityOfPage":{"@id":"https:\/\/www.sonoraenequipo.com.mx\/trump-destituye-a-kristi-noem-secretaria-de-seguridad-nacional\/"},"wordCount":609,"commentCount":0,"publisher":{"@id":"https:\/\/www.sonoraenequipo.com.mx\/#organization"},"image":{"@id":"https:\/\/www.sonoraenequipo.com.mx\/trump-destituye-a-kristi-noem-secretaria-de-seguridad-nacional\/#primaryimage"},"thumbnailUrl":"https:\/\/www.sonoraenequipo.com.mx\/storage\/2026\/03\/trump-destituye-a-la-secretaria-de-seguridad-nacional-kristi-noem.jpg","articleSection":["MUNDO"],"inLanguage":"es","potentialAction":[{"@type":"CommentAction","name":"Comment","target":["https:\/\/www.sonoraenequipo.com.mx\/trump-destituye-a-kristi-noem-secretaria-de-seguridad-nacional\/#respond"]}]},{"@type":"WebPage","@id":"https:\/\/www.sonoraenequipo.com.mx\/trump-destituye-a-kristi-noem-secretaria-de-seguridad-nacional\/","url":"https:\/\/www.sonoraenequipo.com.mx\/trump-destituye-a-kristi-noem-secretaria-de-seguridad-nacional\/","name":"Sonora en Equipo. Trump destituye a Kristi Noem, secretaria de Seguridad Nacional MUNDO","isPartOf":{"@id":"https:\/\/www.sonoraenequipo.com.mx\/#website"},"primaryImageOfPage":{"@id":"https:\/\/www.sonoraenequipo.com.mx\/trump-destituye-a-kristi-noem-secretaria-de-seguridad-nacional\/#primaryimage"},"image":{"@id":"https:\/\/www.sonoraenequipo.com.mx\/trump-destituye-a-kristi-noem-secretaria-de-seguridad-nacional\/#primaryimage"},"thumbnailUrl":"https:\/\/www.sonoraenequipo.com.mx\/storage\/2026\/03\/trump-destituye-a-la-secretaria-de-seguridad-nacional-kristi-noem.jpg","datePublished":"2026-03-06T02:00:20+00:00","description":"WASHINGTON, ESTADOS UNIDOS DEL NORTE DE AM\u00c9RICA. \u2014 El \u2060presidente de Estados Unidos, Donald Trump, \u2060anunci\u00f3 \u200beste jueves \u2060que el \u200csenador \u200cestadunidense En Sonora en Equipo publicamos toda la informaci\u00f3n de Sonora, M\u00e9xico y el Mundo de manera oportuna y busca que la libertad de expresi\u00f3n sea real. Visita nuestro medio informativo publicado desde Hermosillo, Sonora. %","breadcrumb":{"@id":"https:\/\/www.sonoraenequipo.com.mx\/trump-destituye-a-kristi-noem-secretaria-de-seguridad-nacional\/#breadcrumb"},"inLanguage":"es","potentialAction":[{"@type":"ReadAction","target":["https:\/\/www.sonoraenequipo.com.mx\/trump-destituye-a-kristi-noem-secretaria-de-seguridad-nacional\/"]}]},{"@type":"ImageObject","inLanguage":"es","@id":"https:\/\/www.sonoraenequipo.com.mx\/trump-destituye-a-kristi-noem-secretaria-de-seguridad-nacional\/#primaryimage","url":"https:\/\/www.sonoraenequipo.com.mx\/storage\/2026\/03\/trump-destituye-a-la-secretaria-de-seguridad-nacional-kristi-noem.jpg","contentUrl":"https:\/\/www.sonoraenequipo.com.mx\/storage\/2026\/03\/trump-destituye-a-la-secretaria-de-seguridad-nacional-kristi-noem.jpg","width":1171,"height":718},{"@type":"BreadcrumbList","@id":"https:\/\/www.sonoraenequipo.com.mx\/trump-destituye-a-kristi-noem-secretaria-de-seguridad-nacional\/#breadcrumb","itemListElement":[{"@type":"ListItem","position":1,"name":"Portada","item":"https:\/\/www.sonoraenequipo.com.mx\/"},{"@type":"ListItem","position":2,"name":"Trump destituye a Kristi Noem, secretaria de Seguridad Nacional"}]},{"@type":"WebSite","@id":"https:\/\/www.sonoraenequipo.com.mx\/#website","url":"https:\/\/www.sonoraenequipo.com.mx\/","name":"Sonora en Equipo.","description":"Diario en l\u00ednea con Noticias desde Hermosillo, Sonora","publisher":{"@id":"https:\/\/www.sonoraenequipo.com.mx\/#organization"},"potentialAction":[{"@type":"SearchAction","target":{"@type":"EntryPoint","urlTemplate":"https:\/\/www.sonoraenequipo.com.mx\/?s={search_term_string}"},"query-input":{"@type":"PropertyValueSpecification","valueRequired":true,"valueName":"search_term_string"}}],"inLanguage":"es"},{"@type":"Organization","@id":"https:\/\/www.sonoraenequipo.com.mx\/#organization","name":"Sonoraenequipo.com.mx","url":"https:\/\/www.sonoraenequipo.com.mx\/","logo":{"@type":"ImageObject","inLanguage":"es","@id":"https:\/\/www.sonoraenequipo.com.mx\/#\/schema\/logo\/image\/","url":"https:\/\/www.sonoraenequipo.com.mx\/storage\/2019\/01\/sonoraenequipo_opt.png","contentUrl":"https:\/\/www.sonoraenequipo.com.mx\/storage\/2019\/01\/sonoraenequipo_opt.png","width":375,"height":125,"caption":"Sonoraenequipo.com.mx"},"image":{"@id":"https:\/\/www.sonoraenequipo.com.mx\/#\/schema\/logo\/image\/"},"sameAs":["https:\/\/www.facebook.com\/SonoraEE\/","https:\/\/x.com\/sonoraenequipo","https:\/\/www.youtube.com\/channel\/UC338nW-lPEYmJQs4ZABQ1SQ"]},{"@type":"Person","@id":"https:\/\/www.sonoraenequipo.com.mx\/#\/schema\/person\/50102df0fb23a8fa9e8effad8fa81386","name":"enequipo","image":{"@type":"ImageObject","inLanguage":"es","@id":"https:\/\/www.sonoraenequipo.com.mx\/#\/schema\/person\/image\/","url":"https:\/\/secure.gravatar.com\/avatar\/049821681b589dabc0bc20695993ccebb09f5b5d4d790cd9251b97faac7c652b?s=96&d=blank&r=g","contentUrl":"https:\/\/secure.gravatar.com\/avatar\/049821681b589dabc0bc20695993ccebb09f5b5d4d790cd9251b97faac7c652b?s=96&d=blank&r=g","caption":"enequipo"},"sameAs":["https:\/\/www.facebook.com\/SonoraEE"]}]}},"jetpack_featured_media_url":"https:\/\/www.sonoraenequipo.com.mx\/storage\/2026\/03\/trump-destituye-a-la-secretaria-de-seguridad-nacional-kristi-noem.jpg","_links":{"self":[{"href":"https:\/\/www.sonoraenequipo.com.mx\/api\/wp\/v2\/posts\/236664","targetHints":{"allow":["GET"]}}],"collection":[{"href":"https:\/\/www.sonoraenequipo.com.mx\/api\/wp\/v2\/posts"}],"about":[{"href":"https:\/\/www.sonoraenequipo.com.mx\/api\/wp\/v2\/types\/post"}],"author":[{"embeddable":true,"href":"https:\/\/www.sonoraenequipo.com.mx\/api\/wp\/v2\/users\/1"}],"replies":[{"embeddable":true,"href":"https:\/\/www.sonoraenequipo.com.mx\/api\/wp\/v2\/comments?post=236664"}],"version-history":[{"count":2,"href":"https:\/\/www.sonoraenequipo.com.mx\/api\/wp\/v2\/posts\/236664\/revisions"}],"predecessor-version":[{"id":236679,"href":"https:\/\/www.sonoraenequipo.com.mx\/api\/wp\/v2\/posts\/236664\/revisions\/236679"}],"wp:featuredmedia":[{"embeddable":true,"href":"https:\/\/www.sonoraenequipo.com.mx\/api\/wp\/v2\/media\/236675"}],"wp:attachment":[{"href":"https:\/\/www.sonoraenequipo.com.mx\/api\/wp\/v2\/media?parent=236664"}],"wp:term":[{"taxonomy":"category","embeddable":true,"href":"https:\/\/www.sonoraenequipo.com.mx\/api\/wp\/v2\/categories?post=236664"},{"taxonomy":"post_tag","embeddable":true,"href":"https:\/\/www.sonoraenequipo.com.mx\/api\/wp\/v2\/tags?post=236664"}],"curies":[{"name":"wp","href":"https:\/\/api.w.org\/{rel}","templated":true}]}}