{"id":236680,"date":"2026-03-05T12:58:53","date_gmt":"2026-03-05T19:58:53","guid":{"rendered":"https:\/\/www.sonoraenequipo.com.mx\/?p=236680"},"modified":"2026-03-05T19:00:01","modified_gmt":"2026-03-06T02:00:01","slug":"brilla-estudiante-de-cobach-sonora-en-concurso-internacional-de-ciencias-2026","status":"publish","type":"post","link":"https:\/\/www.sonoraenequipo.com.mx\/brilla-estudiante-de-cobach-sonora-en-concurso-internacional-de-ciencias-2026\/","title":{"rendered":"Brilla estudiante de Cobach Sonora en Concurso Internacional de Ciencias 2026"},"content":{"rendered":"<p><b>HERMOSILLO, SONORA. MX. \u2014 <\/b>Alan Flores Alaniz, estudiante del Colegio de Bachilleres del Estado de Sonora (Cobach), plantel Caborca, obtuvo el tercer lugar en la final del Concurso Internacional de Ciencias 2026, organizado por el Instituto Tecnol\u00f3gico y de Estudios Superiores de Monterrey, en la rama de F\u00edsica, tras competir con m\u00e1s de dos mil 300 j\u00f3venes de distintos pa\u00edses.<\/p>\n<p>&nbsp;<\/p>\n<p> <\/p>\n<p>La gran final se llev\u00f3 a cabo de manera presencial en distintos campus del Tec, reuniendo a estudiantes de nivel medio superior interesados en Matem\u00e1ticas, F\u00edsica, Qu\u00edmica, Biolog\u00eda y Computaci\u00f3n. Alan logr\u00f3 posicionarse entre los tres mejores a nivel internacional, demostrando dominio conceptual y capacidad anal\u00edtica.<\/p>\n<p>&nbsp;<\/p>\n<p>&nbsp;<\/p>\n<p>El director general de Cobach Sonora, Rodrigo Arturo Rosas Burgos, reconoci\u00f3 el desempe\u00f1o del alumno y se\u00f1al\u00f3 que este resultado refleja el compromiso del subsistema con la excelencia acad\u00e9mica y el impulso de vocaciones cient\u00edficas entre las y los estudiantes.<\/p>\n<p>&nbsp;<\/p>\n<p>&nbsp;<\/p>\n<p>Tambi\u00e9n destac\u00f3 que \u201cLa ciencia cambia vidas, cambia comunidades. Ver a un joven de Cobach Sonora llegar tan lejos en un concurso internacional nos confirma que aqu\u00ed hay talento de sobra. Cuando hay disciplina, curiosidad y buena gu\u00eda en el aula, nuestros estudiantes pueden competir con cualquiera en el mundo\u201d.<\/p>\n<p>&nbsp;<\/p>\n<p>&nbsp;<\/p>\n<p>Por su parte, el alumno Alan Flores expres\u00f3 sentirse orgulloso y satisfecho por el logro alcanzado, destacando que fue una experiencia retadora y enriquecedora al compartir escenario con participantes de alto nivel acad\u00e9mico.<\/p>\n<p>&nbsp;<\/p>\n<p>&nbsp;<\/p>\n<p>Con resultados como este, el Gobierno de Sonora y sus instituciones de educaci\u00f3n p\u00fablica, como el Cobach, reafirman su presencia en competencias acad\u00e9micas de alcance global y fortalecen el compromiso de seguir impulsando oportunidades para que las y los j\u00f3venes se desarrollen plenamente en el \u00e1mbito cient\u00edfico y profesional.<\/p>\n<p>&nbsp;<\/p>\n<p>&nbsp;<\/p>\n<p>PUBLICADO EL 05 DE MARZO 2026 Con informaci\u00f3n de GOBSON 0326\/046)<\/p>\n","protected":false},"excerpt":{"rendered":"<p>HERMOSILLO, SONORA. MX. \u2014 Alan Flores Alaniz, estudiante del Colegio de Bachilleres del Estado de&#8230;<\/p>\n","protected":false},"author":1,"featured_media":236644,"comment_status":"open","ping_status":"open","sticky":false,"template":"","format":"standard","meta":{"_monsterinsights_skip_tracking":false,"_monsterinsights_sitenote_active":false,"_monsterinsights_sitenote_note":"","_monsterinsights_sitenote_category":0,"footnotes":""},"categories":[22],"tags":[],"class_list":["post"],"yoast_head":" \n<title>Sonora en Equipo. Brilla estudiante de Cobach Sonora en Concurso Internacional de Ciencias 2026 Sonora<\/title>\n<meta name=\"description\" content=\"HERMOSILLO, SONORA. MX. \u2014 Alan Flores Alaniz, estudiante del Colegio de Bachilleres del Estado de Sonora (Cobach), plantel Caborca, obtuvo el tercer lugar En Sonora en Equipo publicamos toda la informaci\u00f3n de Sonora, M\u00e9xico y el Mundo de manera oportuna y busca que la libertad de expresi\u00f3n sea real. Visita nuestro medio informativo publicado desde Hermosillo, Sonora. %\" \/>\n<meta name=\"robots\" content=\"index, follow, max-snippet:-1, max-image-preview:large, max-video-preview:-1\" \/>\n<link rel=\"canonical\" href=\"https:\/\/www.sonoraenequipo.com.mx\/brilla-estudiante-de-cobach-sonora-en-concurso-internacional-de-ciencias-2026\/\" \/>\n<meta property=\"og:locale\" content=\"es_ES\" \/>\n<meta property=\"og:type\" content=\"article\" \/>\n<meta property=\"og:title\" content=\"Sonora en Equipo. Brilla estudiante de Cobach Sonora en Concurso Internacional de Ciencias 2026 Sonora\" \/>\n<meta property=\"og:description\" content=\"HERMOSILLO, SONORA. MX. \u2014 Alan Flores Alaniz, estudiante del Colegio de Bachilleres del Estado de Sonora (Cobach), plantel Caborca, obtuvo el tercer lugar En Sonora en Equipo publicamos toda la informaci\u00f3n de Sonora, M\u00e9xico y el Mundo de manera oportuna y busca que la libertad de expresi\u00f3n sea real. Visita nuestro medio informativo publicado desde Hermosillo, Sonora. %\" \/>\n<meta property=\"og:url\" content=\"https:\/\/www.sonoraenequipo.com.mx\/brilla-estudiante-de-cobach-sonora-en-concurso-internacional-de-ciencias-2026\/\" \/>\n<meta property=\"og:site_name\" content=\"Sonora en Equipo.\" \/>\n<meta property=\"article:publisher\" content=\"https:\/\/www.facebook.com\/SonoraEE\/\" \/>\n<meta property=\"article:author\" content=\"https:\/\/www.facebook.com\/SonoraEE\" \/>\n<meta property=\"article:published_time\" content=\"2026-03-05T19:58:53+00:00\" \/>\n<meta property=\"article:modified_time\" content=\"2026-03-06T02:00:01+00:00\" \/>\n<meta property=\"og:image\" content=\"https:\/\/www.sonoraenequipo.com.mx\/storage\/2026\/03\/Brilla-estudiante-de-Cobach-Sonora-1.jpg\" \/>\n\t<meta property=\"og:image:width\" content=\"883\" \/>\n\t<meta property=\"og:image:height\" content=\"646\" \/>\n\t<meta property=\"og:image:type\" content=\"image\/jpeg\" \/>\n<meta name=\"author\" content=\"enequipo\" \/>\n<meta name=\"twitter:card\" content=\"summary_large_image\" \/>\n<meta name=\"twitter:creator\" content=\"@sonoraenequipo\" \/>\n<meta name=\"twitter:site\" content=\"@sonoraenequipo\" \/>\n<meta name=\"twitter:label1\" content=\"Escrito por\" \/>\n\t<meta name=\"twitter:data1\" content=\"enequipo\" \/>\n\t<meta name=\"twitter:label2\" content=\"Tiempo de lectura\" \/>\n\t<meta name=\"twitter:data2\" content=\"2 minutos\" \/>\n<script type=\"application\/ld+json\" class=\"yoast-schema-graph\">{\"@context\":\"https:\/\/schema.org\",\"@graph\":[{\"@type\":\"Article\",\"@id\":\"https:\/\/www.sonoraenequipo.com.mx\/brilla-estudiante-de-cobach-sonora-en-concurso-internacional-de-ciencias-2026\/#article\",\"isPartOf\":{\"@id\":\"https:\/\/www.sonoraenequipo.com.mx\/brilla-estudiante-de-cobach-sonora-en-concurso-internacional-de-ciencias-2026\/\"},\"author\":{\"name\":\"enequipo\",\"@id\":\"https:\/\/www.sonoraenequipo.com.mx\/#\/schema\/person\/50102df0fb23a8fa9e8effad8fa81386\"},\"headline\":\"Brilla estudiante de Cobach Sonora en Concurso Internacional de Ciencias 2026\",\"datePublished\":\"2026-03-05T19:58:53+00:00\",\"dateModified\":\"2026-03-06T02:00:01+00:00\",\"mainEntityOfPage\":{\"@id\":\"https:\/\/www.sonoraenequipo.com.mx\/brilla-estudiante-de-cobach-sonora-en-concurso-internacional-de-ciencias-2026\/\"},\"wordCount\":328,\"commentCount\":0,\"publisher\":{\"@id\":\"https:\/\/www.sonoraenequipo.com.mx\/#organization\"},\"image\":{\"@id\":\"https:\/\/www.sonoraenequipo.com.mx\/brilla-estudiante-de-cobach-sonora-en-concurso-internacional-de-ciencias-2026\/#primaryimage\"},\"thumbnailUrl\":\"https:\/\/www.sonoraenequipo.com.mx\/storage\/2026\/03\/Brilla-estudiante-de-Cobach-Sonora-1.jpg\",\"articleSection\":[\"Sonora\"],\"inLanguage\":\"es\",\"potentialAction\":[{\"@type\":\"CommentAction\",\"name\":\"Comment\",\"target\":[\"https:\/\/www.sonoraenequipo.com.mx\/brilla-estudiante-de-cobach-sonora-en-concurso-internacional-de-ciencias-2026\/#respond\"]}]},{\"@type\":\"WebPage\",\"@id\":\"https:\/\/www.sonoraenequipo.com.mx\/brilla-estudiante-de-cobach-sonora-en-concurso-internacional-de-ciencias-2026\/\",\"url\":\"https:\/\/www.sonoraenequipo.com.mx\/brilla-estudiante-de-cobach-sonora-en-concurso-internacional-de-ciencias-2026\/\",\"name\":\"Sonora en Equipo. Brilla estudiante de Cobach Sonora en Concurso Internacional de Ciencias 2026 Sonora\",\"isPartOf\":{\"@id\":\"https:\/\/www.sonoraenequipo.com.mx\/#website\"},\"primaryImageOfPage\":{\"@id\":\"https:\/\/www.sonoraenequipo.com.mx\/brilla-estudiante-de-cobach-sonora-en-concurso-internacional-de-ciencias-2026\/#primaryimage\"},\"image\":{\"@id\":\"https:\/\/www.sonoraenequipo.com.mx\/brilla-estudiante-de-cobach-sonora-en-concurso-internacional-de-ciencias-2026\/#primaryimage\"},\"thumbnailUrl\":\"https:\/\/www.sonoraenequipo.com.mx\/storage\/2026\/03\/Brilla-estudiante-de-Cobach-Sonora-1.jpg\",\"datePublished\":\"2026-03-05T19:58:53+00:00\",\"dateModified\":\"2026-03-06T02:00:01+00:00\",\"description\":\"HERMOSILLO, SONORA. MX. \u2014 Alan Flores Alaniz, estudiante del Colegio de Bachilleres del Estado de Sonora (Cobach), plantel Caborca, obtuvo el tercer lugar En Sonora en Equipo publicamos toda la informaci\u00f3n de Sonora, M\u00e9xico y el Mundo de manera oportuna y busca que la libertad de expresi\u00f3n sea real. Visita nuestro medio informativo publicado desde Hermosillo, Sonora. %\",\"breadcrumb\":{\"@id\":\"https:\/\/www.sonoraenequipo.com.mx\/brilla-estudiante-de-cobach-sonora-en-concurso-internacional-de-ciencias-2026\/#breadcrumb\"},\"inLanguage\":\"es\",\"potentialAction\":[{\"@type\":\"ReadAction\",\"target\":[\"https:\/\/www.sonoraenequipo.com.mx\/brilla-estudiante-de-cobach-sonora-en-concurso-internacional-de-ciencias-2026\/\"]}]},{\"@type\":\"ImageObject\",\"inLanguage\":\"es\",\"@id\":\"https:\/\/www.sonoraenequipo.com.mx\/brilla-estudiante-de-cobach-sonora-en-concurso-internacional-de-ciencias-2026\/#primaryimage\",\"url\":\"https:\/\/www.sonoraenequipo.com.mx\/storage\/2026\/03\/Brilla-estudiante-de-Cobach-Sonora-1.jpg\",\"contentUrl\":\"https:\/\/www.sonoraenequipo.com.mx\/storage\/2026\/03\/Brilla-estudiante-de-Cobach-Sonora-1.jpg\",\"width\":883,\"height\":646},{\"@type\":\"BreadcrumbList\",\"@id\":\"https:\/\/www.sonoraenequipo.com.mx\/brilla-estudiante-de-cobach-sonora-en-concurso-internacional-de-ciencias-2026\/#breadcrumb\",\"itemListElement\":[{\"@type\":\"ListItem\",\"position\":1,\"name\":\"Portada\",\"item\":\"https:\/\/www.sonoraenequipo.com.mx\/\"},{\"@type\":\"ListItem\",\"position\":2,\"name\":\"Brilla estudiante de Cobach Sonora en Concurso Internacional de Ciencias 2026\"}]},{\"@type\":\"WebSite\",\"@id\":\"https:\/\/www.sonoraenequipo.com.mx\/#website\",\"url\":\"https:\/\/www.sonoraenequipo.com.mx\/\",\"name\":\"Sonora en Equipo.\",\"description\":\"Diario en l\u00ednea con Noticias desde Hermosillo, Sonora\",\"publisher\":{\"@id\":\"https:\/\/www.sonoraenequipo.com.mx\/#organization\"},\"potentialAction\":[{\"@type\":\"SearchAction\",\"target\":{\"@type\":\"EntryPoint\",\"urlTemplate\":\"https:\/\/www.sonoraenequipo.com.mx\/?s={search_term_string}\"},\"query-input\":{\"@type\":\"PropertyValueSpecification\",\"valueRequired\":true,\"valueName\":\"search_term_string\"}}],\"inLanguage\":\"es\"},{\"@type\":\"Organization\",\"@id\":\"https:\/\/www.sonoraenequipo.com.mx\/#organization\",\"name\":\"Sonoraenequipo.com.mx\",\"url\":\"https:\/\/www.sonoraenequipo.com.mx\/\",\"logo\":{\"@type\":\"ImageObject\",\"inLanguage\":\"es\",\"@id\":\"https:\/\/www.sonoraenequipo.com.mx\/#\/schema\/logo\/image\/\",\"url\":\"https:\/\/www.sonoraenequipo.com.mx\/storage\/2019\/01\/sonoraenequipo_opt.png\",\"contentUrl\":\"https:\/\/www.sonoraenequipo.com.mx\/storage\/2019\/01\/sonoraenequipo_opt.png\",\"width\":375,\"height\":125,\"caption\":\"Sonoraenequipo.com.mx\"},\"image\":{\"@id\":\"https:\/\/www.sonoraenequipo.com.mx\/#\/schema\/logo\/image\/\"},\"sameAs\":[\"https:\/\/www.facebook.com\/SonoraEE\/\",\"https:\/\/x.com\/sonoraenequipo\",\"https:\/\/www.youtube.com\/channel\/UC338nW-lPEYmJQs4ZABQ1SQ\"]},{\"@type\":\"Person\",\"@id\":\"https:\/\/www.sonoraenequipo.com.mx\/#\/schema\/person\/50102df0fb23a8fa9e8effad8fa81386\",\"name\":\"enequipo\",\"image\":{\"@type\":\"ImageObject\",\"inLanguage\":\"es\",\"@id\":\"https:\/\/www.sonoraenequipo.com.mx\/#\/schema\/person\/image\/\",\"url\":\"https:\/\/secure.gravatar.com\/avatar\/049821681b589dabc0bc20695993ccebb09f5b5d4d790cd9251b97faac7c652b?s=96&d=blank&r=g\",\"contentUrl\":\"https:\/\/secure.gravatar.com\/avatar\/049821681b589dabc0bc20695993ccebb09f5b5d4d790cd9251b97faac7c652b?s=96&d=blank&r=g\",\"caption\":\"enequipo\"},\"sameAs\":[\"https:\/\/www.facebook.com\/SonoraEE\"]}]}<\/script>\n ","yoast_head_json":{"title":"Sonora en Equipo. Brilla estudiante de Cobach Sonora en Concurso Internacional de Ciencias 2026 Sonora","description":"HERMOSILLO, SONORA. MX. \u2014 Alan Flores Alaniz, estudiante del Colegio de Bachilleres del Estado de Sonora (Cobach), plantel Caborca, obtuvo el tercer lugar En Sonora en Equipo publicamos toda la informaci\u00f3n de Sonora, M\u00e9xico y el Mundo de manera oportuna y busca que la libertad de expresi\u00f3n sea real. Visita nuestro medio informativo publicado desde Hermosillo, Sonora. %","robots":{"index":"index","follow":"follow","max-snippet":"max-snippet:-1","max-image-preview":"max-image-preview:large","max-video-preview":"max-video-preview:-1"},"canonical":"https:\/\/www.sonoraenequipo.com.mx\/brilla-estudiante-de-cobach-sonora-en-concurso-internacional-de-ciencias-2026\/","og_locale":"es_ES","og_type":"article","og_title":"Sonora en Equipo. Brilla estudiante de Cobach Sonora en Concurso Internacional de Ciencias 2026 Sonora","og_description":"HERMOSILLO, SONORA. MX. \u2014 Alan Flores Alaniz, estudiante del Colegio de Bachilleres del Estado de Sonora (Cobach), plantel Caborca, obtuvo el tercer lugar En Sonora en Equipo publicamos toda la informaci\u00f3n de Sonora, M\u00e9xico y el Mundo de manera oportuna y busca que la libertad de expresi\u00f3n sea real. Visita nuestro medio informativo publicado desde Hermosillo, Sonora. %","og_url":"https:\/\/www.sonoraenequipo.com.mx\/brilla-estudiante-de-cobach-sonora-en-concurso-internacional-de-ciencias-2026\/","og_site_name":"Sonora en Equipo.","article_publisher":"https:\/\/www.facebook.com\/SonoraEE\/","article_author":"https:\/\/www.facebook.com\/SonoraEE","article_published_time":"2026-03-05T19:58:53+00:00","article_modified_time":"2026-03-06T02:00:01+00:00","og_image":[{"width":883,"height":646,"url":"https:\/\/www.sonoraenequipo.com.mx\/storage\/2026\/03\/Brilla-estudiante-de-Cobach-Sonora-1.jpg","type":"image\/jpeg"}],"author":"enequipo","twitter_card":"summary_large_image","twitter_creator":"@sonoraenequipo","twitter_site":"@sonoraenequipo","twitter_misc":{"Escrito por":"enequipo","Tiempo de lectura":"2 minutos"},"schema":{"@context":"https:\/\/schema.org","@graph":[{"@type":"Article","@id":"https:\/\/www.sonoraenequipo.com.mx\/brilla-estudiante-de-cobach-sonora-en-concurso-internacional-de-ciencias-2026\/#article","isPartOf":{"@id":"https:\/\/www.sonoraenequipo.com.mx\/brilla-estudiante-de-cobach-sonora-en-concurso-internacional-de-ciencias-2026\/"},"author":{"name":"enequipo","@id":"https:\/\/www.sonoraenequipo.com.mx\/#\/schema\/person\/50102df0fb23a8fa9e8effad8fa81386"},"headline":"Brilla estudiante de Cobach Sonora en Concurso Internacional de Ciencias 2026","datePublished":"2026-03-05T19:58:53+00:00","dateModified":"2026-03-06T02:00:01+00:00","mainEntityOfPage":{"@id":"https:\/\/www.sonoraenequipo.com.mx\/brilla-estudiante-de-cobach-sonora-en-concurso-internacional-de-ciencias-2026\/"},"wordCount":328,"commentCount":0,"publisher":{"@id":"https:\/\/www.sonoraenequipo.com.mx\/#organization"},"image":{"@id":"https:\/\/www.sonoraenequipo.com.mx\/brilla-estudiante-de-cobach-sonora-en-concurso-internacional-de-ciencias-2026\/#primaryimage"},"thumbnailUrl":"https:\/\/www.sonoraenequipo.com.mx\/storage\/2026\/03\/Brilla-estudiante-de-Cobach-Sonora-1.jpg","articleSection":["Sonora"],"inLanguage":"es","potentialAction":[{"@type":"CommentAction","name":"Comment","target":["https:\/\/www.sonoraenequipo.com.mx\/brilla-estudiante-de-cobach-sonora-en-concurso-internacional-de-ciencias-2026\/#respond"]}]},{"@type":"WebPage","@id":"https:\/\/www.sonoraenequipo.com.mx\/brilla-estudiante-de-cobach-sonora-en-concurso-internacional-de-ciencias-2026\/","url":"https:\/\/www.sonoraenequipo.com.mx\/brilla-estudiante-de-cobach-sonora-en-concurso-internacional-de-ciencias-2026\/","name":"Sonora en Equipo. Brilla estudiante de Cobach Sonora en Concurso Internacional de Ciencias 2026 Sonora","isPartOf":{"@id":"https:\/\/www.sonoraenequipo.com.mx\/#website"},"primaryImageOfPage":{"@id":"https:\/\/www.sonoraenequipo.com.mx\/brilla-estudiante-de-cobach-sonora-en-concurso-internacional-de-ciencias-2026\/#primaryimage"},"image":{"@id":"https:\/\/www.sonoraenequipo.com.mx\/brilla-estudiante-de-cobach-sonora-en-concurso-internacional-de-ciencias-2026\/#primaryimage"},"thumbnailUrl":"https:\/\/www.sonoraenequipo.com.mx\/storage\/2026\/03\/Brilla-estudiante-de-Cobach-Sonora-1.jpg","datePublished":"2026-03-05T19:58:53+00:00","dateModified":"2026-03-06T02:00:01+00:00","description":"HERMOSILLO, SONORA. MX. \u2014 Alan Flores Alaniz, estudiante del Colegio de Bachilleres del Estado de Sonora (Cobach), plantel Caborca, obtuvo el tercer lugar En Sonora en Equipo publicamos toda la informaci\u00f3n de Sonora, M\u00e9xico y el Mundo de manera oportuna y busca que la libertad de expresi\u00f3n sea real. Visita nuestro medio informativo publicado desde Hermosillo, Sonora. %","breadcrumb":{"@id":"https:\/\/www.sonoraenequipo.com.mx\/brilla-estudiante-de-cobach-sonora-en-concurso-internacional-de-ciencias-2026\/#breadcrumb"},"inLanguage":"es","potentialAction":[{"@type":"ReadAction","target":["https:\/\/www.sonoraenequipo.com.mx\/brilla-estudiante-de-cobach-sonora-en-concurso-internacional-de-ciencias-2026\/"]}]},{"@type":"ImageObject","inLanguage":"es","@id":"https:\/\/www.sonoraenequipo.com.mx\/brilla-estudiante-de-cobach-sonora-en-concurso-internacional-de-ciencias-2026\/#primaryimage","url":"https:\/\/www.sonoraenequipo.com.mx\/storage\/2026\/03\/Brilla-estudiante-de-Cobach-Sonora-1.jpg","contentUrl":"https:\/\/www.sonoraenequipo.com.mx\/storage\/2026\/03\/Brilla-estudiante-de-Cobach-Sonora-1.jpg","width":883,"height":646},{"@type":"BreadcrumbList","@id":"https:\/\/www.sonoraenequipo.com.mx\/brilla-estudiante-de-cobach-sonora-en-concurso-internacional-de-ciencias-2026\/#breadcrumb","itemListElement":[{"@type":"ListItem","position":1,"name":"Portada","item":"https:\/\/www.sonoraenequipo.com.mx\/"},{"@type":"ListItem","position":2,"name":"Brilla estudiante de Cobach Sonora en Concurso Internacional de Ciencias 2026"}]},{"@type":"WebSite","@id":"https:\/\/www.sonoraenequipo.com.mx\/#website","url":"https:\/\/www.sonoraenequipo.com.mx\/","name":"Sonora en Equipo.","description":"Diario en l\u00ednea con Noticias desde Hermosillo, Sonora","publisher":{"@id":"https:\/\/www.sonoraenequipo.com.mx\/#organization"},"potentialAction":[{"@type":"SearchAction","target":{"@type":"EntryPoint","urlTemplate":"https:\/\/www.sonoraenequipo.com.mx\/?s={search_term_string}"},"query-input":{"@type":"PropertyValueSpecification","valueRequired":true,"valueName":"search_term_string"}}],"inLanguage":"es"},{"@type":"Organization","@id":"https:\/\/www.sonoraenequipo.com.mx\/#organization","name":"Sonoraenequipo.com.mx","url":"https:\/\/www.sonoraenequipo.com.mx\/","logo":{"@type":"ImageObject","inLanguage":"es","@id":"https:\/\/www.sonoraenequipo.com.mx\/#\/schema\/logo\/image\/","url":"https:\/\/www.sonoraenequipo.com.mx\/storage\/2019\/01\/sonoraenequipo_opt.png","contentUrl":"https:\/\/www.sonoraenequipo.com.mx\/storage\/2019\/01\/sonoraenequipo_opt.png","width":375,"height":125,"caption":"Sonoraenequipo.com.mx"},"image":{"@id":"https:\/\/www.sonoraenequipo.com.mx\/#\/schema\/logo\/image\/"},"sameAs":["https:\/\/www.facebook.com\/SonoraEE\/","https:\/\/x.com\/sonoraenequipo","https:\/\/www.youtube.com\/channel\/UC338nW-lPEYmJQs4ZABQ1SQ"]},{"@type":"Person","@id":"https:\/\/www.sonoraenequipo.com.mx\/#\/schema\/person\/50102df0fb23a8fa9e8effad8fa81386","name":"enequipo","image":{"@type":"ImageObject","inLanguage":"es","@id":"https:\/\/www.sonoraenequipo.com.mx\/#\/schema\/person\/image\/","url":"https:\/\/secure.gravatar.com\/avatar\/049821681b589dabc0bc20695993ccebb09f5b5d4d790cd9251b97faac7c652b?s=96&d=blank&r=g","contentUrl":"https:\/\/secure.gravatar.com\/avatar\/049821681b589dabc0bc20695993ccebb09f5b5d4d790cd9251b97faac7c652b?s=96&d=blank&r=g","caption":"enequipo"},"sameAs":["https:\/\/www.facebook.com\/SonoraEE"]}]}},"jetpack_featured_media_url":"https:\/\/www.sonoraenequipo.com.mx\/storage\/2026\/03\/Brilla-estudiante-de-Cobach-Sonora-1.jpg","_links":{"self":[{"href":"https:\/\/www.sonoraenequipo.com.mx\/api\/wp\/v2\/posts\/236680","targetHints":{"allow":["GET"]}}],"collection":[{"href":"https:\/\/www.sonoraenequipo.com.mx\/api\/wp\/v2\/posts"}],"about":[{"href":"https:\/\/www.sonoraenequipo.com.mx\/api\/wp\/v2\/types\/post"}],"author":[{"embeddable":true,"href":"https:\/\/www.sonoraenequipo.com.mx\/api\/wp\/v2\/users\/1"}],"replies":[{"embeddable":true,"href":"https:\/\/www.sonoraenequipo.com.mx\/api\/wp\/v2\/comments?post=236680"}],"version-history":[{"count":1,"href":"https:\/\/www.sonoraenequipo.com.mx\/api\/wp\/v2\/posts\/236680\/revisions"}],"predecessor-version":[{"id":236681,"href":"https:\/\/www.sonoraenequipo.com.mx\/api\/wp\/v2\/posts\/236680\/revisions\/236681"}],"wp:featuredmedia":[{"embeddable":true,"href":"https:\/\/www.sonoraenequipo.com.mx\/api\/wp\/v2\/media\/236644"}],"wp:attachment":[{"href":"https:\/\/www.sonoraenequipo.com.mx\/api\/wp\/v2\/media?parent=236680"}],"wp:term":[{"taxonomy":"category","embeddable":true,"href":"https:\/\/www.sonoraenequipo.com.mx\/api\/wp\/v2\/categories?post=236680"},{"taxonomy":"post_tag","embeddable":true,"href":"https:\/\/www.sonoraenequipo.com.mx\/api\/wp\/v2\/tags?post=236680"}],"curies":[{"name":"wp","href":"https:\/\/api.w.org\/{rel}","templated":true}]}}