{"id":236688,"date":"2026-03-05T21:00:33","date_gmt":"2026-03-06T04:00:33","guid":{"rendered":"https:\/\/www.sonoraenequipo.com.mx\/?p=236688"},"modified":"2026-03-05T19:54:55","modified_gmt":"2026-03-06T02:54:55","slug":"evacua-mexico-a-321-connacionales-del-medio-oriente-ante-escalada-del-conflicto","status":"publish","type":"post","link":"https:\/\/www.sonoraenequipo.com.mx\/evacua-mexico-a-321-connacionales-del-medio-oriente-ante-escalada-del-conflicto\/","title":{"rendered":"Evac\u00faa M\u00e9xico a 321 connacionales del Medio Oriente ante escalada del conflicto"},"content":{"rendered":"<p><b>CIUDAD DE M\u00c9XICO.MX. \u2014 <\/b>La Secretar\u00eda de Relaciones Exteriores (SRE) inform\u00f3 que hasta ayer hab\u00edan sido evacuados 321 connacionales de pa\u00edses del Medio Oriente por rutas terrestres seguras, mientras el canciller Juan Ram\u00f3n de la Fuente sostuvo una reuni\u00f3n virtual con embajadores en la regi\u00f3n para revisar la situaci\u00f3n de los mexicanos y reiterar que el fortalecimiento de las medidas de seguridad es prioridad.<\/p>\n<p>&nbsp;<\/p>\n<p>&nbsp;<\/p>\n<p>&nbsp;<\/p>\n<p> <\/p>\n<p>De acuerdo con la Canciller\u00eda, las evacuaciones se han realizado desde Israel, Jordania, Emiratos \u00c1rabes Unidos, Ir\u00e1n, L\u00edbano y Qatar, con apoyo de las representaciones diplom\u00e1ticas mexicanas. Hasta el momento, se\u00f1al\u00f3 la dependencia, \u201cno hay mexicanos afectados en su integridad f\u00edsica\u201d.<\/p>\n<p>&nbsp;<\/p>\n<p>&nbsp;<\/p>\n<p>La SRE indic\u00f3 que las embajadas mexicanas en la regi\u00f3n <strong><em>\u201ccontin\u00faan operando en estado de alerta y en contacto permanente con nuestras y nuestros connacionales\u201d<\/em><\/strong>, y reiter\u00f3 que est\u00e1 programada la salida de m\u00e1s mexicanos con apoyo de las embajadas.<\/p>\n<p>&nbsp;<\/p>\n<p>&nbsp;<\/p>\n<p>&nbsp;<\/p>\n<p>En la reuni\u00f3n con los titulares de las representaciones diplom\u00e1ticas, De la Fuente recibi\u00f3 un informe actualizado sobre las condiciones de los mexicanos que residen o se encuentran en tr\u00e1nsito en los pa\u00edses del Medio Oriente. El canciller subray\u00f3 que \u201c<em><strong>el fortalecimiento de las medidas de seguridad es prioridad para salvaguardar la integridad f\u00edsica, tanto de nuestros funcionarios diplom\u00e1ticos como la de nuestras y nuestros connacionales\u201d.<\/strong><\/em><\/p>\n<p>&nbsp;<\/p>\n<p>&nbsp;<\/p>\n<p>El titular de la SRE agradeci\u00f3 adem\u00e1s el trabajo del personal diplom\u00e1tico mexicano desplegado en la regi\u00f3n. \u201cReconozco el buen trabajo que nuestro personal diplom\u00e1tico ha realizado con un gran compromiso ante la situaci\u00f3n que se desarrolla en el Medio Oriente\u201d, expres\u00f3.<\/p>\n<p>&nbsp;<\/p>\n<p>&nbsp;<\/p>\n<p>&nbsp;<\/p>\n<p>Asimismo, instruy\u00f3 a los embajadores y encargados de negocios a fortalecer la coordinaci\u00f3n con las autoridades locales para facilitar las gestiones de evacuaci\u00f3n. En particular, pidi\u00f3 impulsar salidas por v\u00eda a\u00e9rea, mar\u00edtima o terrestre en aquellos pa\u00edses donde existan condiciones de seguridad para hacerlo.<\/p>\n<p>&nbsp;<\/p>\n<p>&nbsp;<\/p>\n<p>La Canciller\u00eda se\u00f1al\u00f3 que tambi\u00e9n se reforzar\u00e1 el flujo de informaci\u00f3n hacia los connacionales que permanecen en la regi\u00f3n, tanto mediante contacto directo como a trav\u00e9s de redes locales y medios de comunicaci\u00f3n ya establecidos.<\/p>\n<p>&nbsp;<\/p>\n<p>&nbsp;<\/p>\n<p><em><strong>\u201cReiteramos a las y los connacionales que permanecen en los pa\u00edses de la regi\u00f3n seguir tomando las debidas precauciones y las recomendaciones de las autoridades locales para evitar cualquier afectaci\u00f3n a su integridad f\u00edsica\u201d,<\/strong><\/em> indic\u00f3 la dependencia.<\/p>\n<p>&nbsp;<\/p>\n<p>&nbsp;<\/p>\n<p>En el encuentro participaron la subsecretaria de Relaciones Exteriores, Mar\u00eda Teresa Mercado; el jefe de Oficina, Roberto de Le\u00f3n; el director general para \u00c1frica, Asia Central y Medio Oriente, An\u00edbal G\u00f3mez, y la directora general de Protecci\u00f3n Consular, Vanessa Calva, as\u00ed como los embajadores y representantes de M\u00e9xico en la regi\u00f3n.<\/p>\n<p>&nbsp;<\/p>\n<p>&nbsp;<\/p>\n<p>PUBLICADO EL 05 DE MARZO 2026 Con informaci\u00f3n de Arturo S\u00e1nchez Jim\u00e9nez y Emir Olivares)<\/p>\n<p>&nbsp;<\/p>\n","protected":false},"excerpt":{"rendered":"<p>CIUDAD DE M\u00c9XICO.MX. \u2014 La Secretar\u00eda de Relaciones Exteriores (SRE) inform\u00f3 que hasta ayer hab\u00edan&#8230;<\/p>\n","protected":false},"author":1,"featured_media":236689,"comment_status":"open","ping_status":"open","sticky":false,"template":"","format":"standard","meta":{"_monsterinsights_skip_tracking":false,"_monsterinsights_sitenote_active":false,"_monsterinsights_sitenote_note":"","_monsterinsights_sitenote_category":0,"footnotes":""},"categories":[5],"tags":[],"class_list":["post"],"yoast_head":" \n<title>Sonora en Equipo. Evac\u00faa M\u00e9xico a 321 connacionales del Medio Oriente ante escalada del conflicto Rep\u00fablica<\/title>\n<meta name=\"description\" content=\"CIUDAD DE M\u00c9XICO.MX. \u2014 La Secretar\u00eda de Relaciones Exteriores (SRE) inform\u00f3 que hasta ayer hab\u00edan sido evacuados 321 connacionales de pa\u00edses del Medio En Sonora en Equipo publicamos toda la informaci\u00f3n de Sonora, M\u00e9xico y el Mundo de manera oportuna y busca que la libertad de expresi\u00f3n sea real. Visita nuestro medio informativo publicado desde Hermosillo, Sonora. %\" \/>\n<meta name=\"robots\" content=\"index, follow, max-snippet:-1, max-image-preview:large, max-video-preview:-1\" \/>\n<link rel=\"canonical\" href=\"https:\/\/www.sonoraenequipo.com.mx\/evacua-mexico-a-321-connacionales-del-medio-oriente-ante-escalada-del-conflicto\/\" \/>\n<meta property=\"og:locale\" content=\"es_ES\" \/>\n<meta property=\"og:type\" content=\"article\" \/>\n<meta property=\"og:title\" content=\"Sonora en Equipo. Evac\u00faa M\u00e9xico a 321 connacionales del Medio Oriente ante escalada del conflicto Rep\u00fablica\" \/>\n<meta property=\"og:description\" content=\"CIUDAD DE M\u00c9XICO.MX. \u2014 La Secretar\u00eda de Relaciones Exteriores (SRE) inform\u00f3 que hasta ayer hab\u00edan sido evacuados 321 connacionales de pa\u00edses del Medio En Sonora en Equipo publicamos toda la informaci\u00f3n de Sonora, M\u00e9xico y el Mundo de manera oportuna y busca que la libertad de expresi\u00f3n sea real. Visita nuestro medio informativo publicado desde Hermosillo, Sonora. %\" \/>\n<meta property=\"og:url\" content=\"https:\/\/www.sonoraenequipo.com.mx\/evacua-mexico-a-321-connacionales-del-medio-oriente-ante-escalada-del-conflicto\/\" \/>\n<meta property=\"og:site_name\" content=\"Sonora en Equipo.\" \/>\n<meta property=\"article:publisher\" content=\"https:\/\/www.facebook.com\/SonoraEE\/\" \/>\n<meta property=\"article:author\" content=\"https:\/\/www.facebook.com\/SonoraEE\" \/>\n<meta property=\"article:published_time\" content=\"2026-03-06T04:00:33+00:00\" \/>\n<meta property=\"og:image\" content=\"https:\/\/www.sonoraenequipo.com.mx\/storage\/2026\/03\/Evacua-Mexico-a-321-connacionales-del-Medio-Oriente-ante-escalada-del-conflicto-1.jpg\" \/>\n\t<meta property=\"og:image:width\" content=\"1024\" \/>\n\t<meta property=\"og:image:height\" content=\"512\" \/>\n\t<meta property=\"og:image:type\" content=\"image\/jpeg\" \/>\n<meta name=\"author\" content=\"enequipo\" \/>\n<meta name=\"twitter:card\" content=\"summary_large_image\" \/>\n<meta name=\"twitter:creator\" content=\"@sonoraenequipo\" \/>\n<meta name=\"twitter:site\" content=\"@sonoraenequipo\" \/>\n<meta name=\"twitter:label1\" content=\"Escrito por\" \/>\n\t<meta name=\"twitter:data1\" content=\"enequipo\" \/>\n\t<meta name=\"twitter:label2\" content=\"Tiempo de lectura\" \/>\n\t<meta name=\"twitter:data2\" content=\"3 minutos\" \/>\n<script type=\"application\/ld+json\" class=\"yoast-schema-graph\">{\"@context\":\"https:\/\/schema.org\",\"@graph\":[{\"@type\":\"Article\",\"@id\":\"https:\/\/www.sonoraenequipo.com.mx\/evacua-mexico-a-321-connacionales-del-medio-oriente-ante-escalada-del-conflicto\/#article\",\"isPartOf\":{\"@id\":\"https:\/\/www.sonoraenequipo.com.mx\/evacua-mexico-a-321-connacionales-del-medio-oriente-ante-escalada-del-conflicto\/\"},\"author\":{\"name\":\"enequipo\",\"@id\":\"https:\/\/www.sonoraenequipo.com.mx\/#\/schema\/person\/50102df0fb23a8fa9e8effad8fa81386\"},\"headline\":\"Evac\u00faa M\u00e9xico a 321 connacionales del Medio Oriente ante escalada del conflicto\",\"datePublished\":\"2026-03-06T04:00:33+00:00\",\"mainEntityOfPage\":{\"@id\":\"https:\/\/www.sonoraenequipo.com.mx\/evacua-mexico-a-321-connacionales-del-medio-oriente-ante-escalada-del-conflicto\/\"},\"wordCount\":522,\"commentCount\":0,\"publisher\":{\"@id\":\"https:\/\/www.sonoraenequipo.com.mx\/#organization\"},\"image\":{\"@id\":\"https:\/\/www.sonoraenequipo.com.mx\/evacua-mexico-a-321-connacionales-del-medio-oriente-ante-escalada-del-conflicto\/#primaryimage\"},\"thumbnailUrl\":\"https:\/\/www.sonoraenequipo.com.mx\/storage\/2026\/03\/Evacua-Mexico-a-321-connacionales-del-Medio-Oriente-ante-escalada-del-conflicto-1.jpg\",\"articleSection\":[\"Rep\u00fablica\"],\"inLanguage\":\"es\",\"potentialAction\":[{\"@type\":\"CommentAction\",\"name\":\"Comment\",\"target\":[\"https:\/\/www.sonoraenequipo.com.mx\/evacua-mexico-a-321-connacionales-del-medio-oriente-ante-escalada-del-conflicto\/#respond\"]}]},{\"@type\":\"WebPage\",\"@id\":\"https:\/\/www.sonoraenequipo.com.mx\/evacua-mexico-a-321-connacionales-del-medio-oriente-ante-escalada-del-conflicto\/\",\"url\":\"https:\/\/www.sonoraenequipo.com.mx\/evacua-mexico-a-321-connacionales-del-medio-oriente-ante-escalada-del-conflicto\/\",\"name\":\"Sonora en Equipo. Evac\u00faa M\u00e9xico a 321 connacionales del Medio Oriente ante escalada del conflicto Rep\u00fablica\",\"isPartOf\":{\"@id\":\"https:\/\/www.sonoraenequipo.com.mx\/#website\"},\"primaryImageOfPage\":{\"@id\":\"https:\/\/www.sonoraenequipo.com.mx\/evacua-mexico-a-321-connacionales-del-medio-oriente-ante-escalada-del-conflicto\/#primaryimage\"},\"image\":{\"@id\":\"https:\/\/www.sonoraenequipo.com.mx\/evacua-mexico-a-321-connacionales-del-medio-oriente-ante-escalada-del-conflicto\/#primaryimage\"},\"thumbnailUrl\":\"https:\/\/www.sonoraenequipo.com.mx\/storage\/2026\/03\/Evacua-Mexico-a-321-connacionales-del-Medio-Oriente-ante-escalada-del-conflicto-1.jpg\",\"datePublished\":\"2026-03-06T04:00:33+00:00\",\"description\":\"CIUDAD DE M\u00c9XICO.MX. \u2014 La Secretar\u00eda de Relaciones Exteriores (SRE) inform\u00f3 que hasta ayer hab\u00edan sido evacuados 321 connacionales de pa\u00edses del Medio En Sonora en Equipo publicamos toda la informaci\u00f3n de Sonora, M\u00e9xico y el Mundo de manera oportuna y busca que la libertad de expresi\u00f3n sea real. Visita nuestro medio informativo publicado desde Hermosillo, Sonora. %\",\"breadcrumb\":{\"@id\":\"https:\/\/www.sonoraenequipo.com.mx\/evacua-mexico-a-321-connacionales-del-medio-oriente-ante-escalada-del-conflicto\/#breadcrumb\"},\"inLanguage\":\"es\",\"potentialAction\":[{\"@type\":\"ReadAction\",\"target\":[\"https:\/\/www.sonoraenequipo.com.mx\/evacua-mexico-a-321-connacionales-del-medio-oriente-ante-escalada-del-conflicto\/\"]}]},{\"@type\":\"ImageObject\",\"inLanguage\":\"es\",\"@id\":\"https:\/\/www.sonoraenequipo.com.mx\/evacua-mexico-a-321-connacionales-del-medio-oriente-ante-escalada-del-conflicto\/#primaryimage\",\"url\":\"https:\/\/www.sonoraenequipo.com.mx\/storage\/2026\/03\/Evacua-Mexico-a-321-connacionales-del-Medio-Oriente-ante-escalada-del-conflicto-1.jpg\",\"contentUrl\":\"https:\/\/www.sonoraenequipo.com.mx\/storage\/2026\/03\/Evacua-Mexico-a-321-connacionales-del-Medio-Oriente-ante-escalada-del-conflicto-1.jpg\",\"width\":1024,\"height\":512},{\"@type\":\"BreadcrumbList\",\"@id\":\"https:\/\/www.sonoraenequipo.com.mx\/evacua-mexico-a-321-connacionales-del-medio-oriente-ante-escalada-del-conflicto\/#breadcrumb\",\"itemListElement\":[{\"@type\":\"ListItem\",\"position\":1,\"name\":\"Portada\",\"item\":\"https:\/\/www.sonoraenequipo.com.mx\/\"},{\"@type\":\"ListItem\",\"position\":2,\"name\":\"Evac\u00faa M\u00e9xico a 321 connacionales del Medio Oriente ante escalada del conflicto\"}]},{\"@type\":\"WebSite\",\"@id\":\"https:\/\/www.sonoraenequipo.com.mx\/#website\",\"url\":\"https:\/\/www.sonoraenequipo.com.mx\/\",\"name\":\"Sonora en Equipo.\",\"description\":\"Diario en l\u00ednea con Noticias desde Hermosillo, Sonora\",\"publisher\":{\"@id\":\"https:\/\/www.sonoraenequipo.com.mx\/#organization\"},\"potentialAction\":[{\"@type\":\"SearchAction\",\"target\":{\"@type\":\"EntryPoint\",\"urlTemplate\":\"https:\/\/www.sonoraenequipo.com.mx\/?s={search_term_string}\"},\"query-input\":{\"@type\":\"PropertyValueSpecification\",\"valueRequired\":true,\"valueName\":\"search_term_string\"}}],\"inLanguage\":\"es\"},{\"@type\":\"Organization\",\"@id\":\"https:\/\/www.sonoraenequipo.com.mx\/#organization\",\"name\":\"Sonoraenequipo.com.mx\",\"url\":\"https:\/\/www.sonoraenequipo.com.mx\/\",\"logo\":{\"@type\":\"ImageObject\",\"inLanguage\":\"es\",\"@id\":\"https:\/\/www.sonoraenequipo.com.mx\/#\/schema\/logo\/image\/\",\"url\":\"https:\/\/www.sonoraenequipo.com.mx\/storage\/2019\/01\/sonoraenequipo_opt.png\",\"contentUrl\":\"https:\/\/www.sonoraenequipo.com.mx\/storage\/2019\/01\/sonoraenequipo_opt.png\",\"width\":375,\"height\":125,\"caption\":\"Sonoraenequipo.com.mx\"},\"image\":{\"@id\":\"https:\/\/www.sonoraenequipo.com.mx\/#\/schema\/logo\/image\/\"},\"sameAs\":[\"https:\/\/www.facebook.com\/SonoraEE\/\",\"https:\/\/x.com\/sonoraenequipo\",\"https:\/\/www.youtube.com\/channel\/UC338nW-lPEYmJQs4ZABQ1SQ\"]},{\"@type\":\"Person\",\"@id\":\"https:\/\/www.sonoraenequipo.com.mx\/#\/schema\/person\/50102df0fb23a8fa9e8effad8fa81386\",\"name\":\"enequipo\",\"image\":{\"@type\":\"ImageObject\",\"inLanguage\":\"es\",\"@id\":\"https:\/\/www.sonoraenequipo.com.mx\/#\/schema\/person\/image\/\",\"url\":\"https:\/\/secure.gravatar.com\/avatar\/049821681b589dabc0bc20695993ccebb09f5b5d4d790cd9251b97faac7c652b?s=96&d=blank&r=g\",\"contentUrl\":\"https:\/\/secure.gravatar.com\/avatar\/049821681b589dabc0bc20695993ccebb09f5b5d4d790cd9251b97faac7c652b?s=96&d=blank&r=g\",\"caption\":\"enequipo\"},\"sameAs\":[\"https:\/\/www.facebook.com\/SonoraEE\"]}]}<\/script>\n ","yoast_head_json":{"title":"Sonora en Equipo. Evac\u00faa M\u00e9xico a 321 connacionales del Medio Oriente ante escalada del conflicto Rep\u00fablica","description":"CIUDAD DE M\u00c9XICO.MX. \u2014 La Secretar\u00eda de Relaciones Exteriores (SRE) inform\u00f3 que hasta ayer hab\u00edan sido evacuados 321 connacionales de pa\u00edses del Medio En Sonora en Equipo publicamos toda la informaci\u00f3n de Sonora, M\u00e9xico y el Mundo de manera oportuna y busca que la libertad de expresi\u00f3n sea real. Visita nuestro medio informativo publicado desde Hermosillo, Sonora. %","robots":{"index":"index","follow":"follow","max-snippet":"max-snippet:-1","max-image-preview":"max-image-preview:large","max-video-preview":"max-video-preview:-1"},"canonical":"https:\/\/www.sonoraenequipo.com.mx\/evacua-mexico-a-321-connacionales-del-medio-oriente-ante-escalada-del-conflicto\/","og_locale":"es_ES","og_type":"article","og_title":"Sonora en Equipo. Evac\u00faa M\u00e9xico a 321 connacionales del Medio Oriente ante escalada del conflicto Rep\u00fablica","og_description":"CIUDAD DE M\u00c9XICO.MX. \u2014 La Secretar\u00eda de Relaciones Exteriores (SRE) inform\u00f3 que hasta ayer hab\u00edan sido evacuados 321 connacionales de pa\u00edses del Medio En Sonora en Equipo publicamos toda la informaci\u00f3n de Sonora, M\u00e9xico y el Mundo de manera oportuna y busca que la libertad de expresi\u00f3n sea real. Visita nuestro medio informativo publicado desde Hermosillo, Sonora. %","og_url":"https:\/\/www.sonoraenequipo.com.mx\/evacua-mexico-a-321-connacionales-del-medio-oriente-ante-escalada-del-conflicto\/","og_site_name":"Sonora en Equipo.","article_publisher":"https:\/\/www.facebook.com\/SonoraEE\/","article_author":"https:\/\/www.facebook.com\/SonoraEE","article_published_time":"2026-03-06T04:00:33+00:00","og_image":[{"width":1024,"height":512,"url":"https:\/\/www.sonoraenequipo.com.mx\/storage\/2026\/03\/Evacua-Mexico-a-321-connacionales-del-Medio-Oriente-ante-escalada-del-conflicto-1.jpg","type":"image\/jpeg"}],"author":"enequipo","twitter_card":"summary_large_image","twitter_creator":"@sonoraenequipo","twitter_site":"@sonoraenequipo","twitter_misc":{"Escrito por":"enequipo","Tiempo de lectura":"3 minutos"},"schema":{"@context":"https:\/\/schema.org","@graph":[{"@type":"Article","@id":"https:\/\/www.sonoraenequipo.com.mx\/evacua-mexico-a-321-connacionales-del-medio-oriente-ante-escalada-del-conflicto\/#article","isPartOf":{"@id":"https:\/\/www.sonoraenequipo.com.mx\/evacua-mexico-a-321-connacionales-del-medio-oriente-ante-escalada-del-conflicto\/"},"author":{"name":"enequipo","@id":"https:\/\/www.sonoraenequipo.com.mx\/#\/schema\/person\/50102df0fb23a8fa9e8effad8fa81386"},"headline":"Evac\u00faa M\u00e9xico a 321 connacionales del Medio Oriente ante escalada del conflicto","datePublished":"2026-03-06T04:00:33+00:00","mainEntityOfPage":{"@id":"https:\/\/www.sonoraenequipo.com.mx\/evacua-mexico-a-321-connacionales-del-medio-oriente-ante-escalada-del-conflicto\/"},"wordCount":522,"commentCount":0,"publisher":{"@id":"https:\/\/www.sonoraenequipo.com.mx\/#organization"},"image":{"@id":"https:\/\/www.sonoraenequipo.com.mx\/evacua-mexico-a-321-connacionales-del-medio-oriente-ante-escalada-del-conflicto\/#primaryimage"},"thumbnailUrl":"https:\/\/www.sonoraenequipo.com.mx\/storage\/2026\/03\/Evacua-Mexico-a-321-connacionales-del-Medio-Oriente-ante-escalada-del-conflicto-1.jpg","articleSection":["Rep\u00fablica"],"inLanguage":"es","potentialAction":[{"@type":"CommentAction","name":"Comment","target":["https:\/\/www.sonoraenequipo.com.mx\/evacua-mexico-a-321-connacionales-del-medio-oriente-ante-escalada-del-conflicto\/#respond"]}]},{"@type":"WebPage","@id":"https:\/\/www.sonoraenequipo.com.mx\/evacua-mexico-a-321-connacionales-del-medio-oriente-ante-escalada-del-conflicto\/","url":"https:\/\/www.sonoraenequipo.com.mx\/evacua-mexico-a-321-connacionales-del-medio-oriente-ante-escalada-del-conflicto\/","name":"Sonora en Equipo. Evac\u00faa M\u00e9xico a 321 connacionales del Medio Oriente ante escalada del conflicto Rep\u00fablica","isPartOf":{"@id":"https:\/\/www.sonoraenequipo.com.mx\/#website"},"primaryImageOfPage":{"@id":"https:\/\/www.sonoraenequipo.com.mx\/evacua-mexico-a-321-connacionales-del-medio-oriente-ante-escalada-del-conflicto\/#primaryimage"},"image":{"@id":"https:\/\/www.sonoraenequipo.com.mx\/evacua-mexico-a-321-connacionales-del-medio-oriente-ante-escalada-del-conflicto\/#primaryimage"},"thumbnailUrl":"https:\/\/www.sonoraenequipo.com.mx\/storage\/2026\/03\/Evacua-Mexico-a-321-connacionales-del-Medio-Oriente-ante-escalada-del-conflicto-1.jpg","datePublished":"2026-03-06T04:00:33+00:00","description":"CIUDAD DE M\u00c9XICO.MX. \u2014 La Secretar\u00eda de Relaciones Exteriores (SRE) inform\u00f3 que hasta ayer hab\u00edan sido evacuados 321 connacionales de pa\u00edses del Medio En Sonora en Equipo publicamos toda la informaci\u00f3n de Sonora, M\u00e9xico y el Mundo de manera oportuna y busca que la libertad de expresi\u00f3n sea real. Visita nuestro medio informativo publicado desde Hermosillo, Sonora. %","breadcrumb":{"@id":"https:\/\/www.sonoraenequipo.com.mx\/evacua-mexico-a-321-connacionales-del-medio-oriente-ante-escalada-del-conflicto\/#breadcrumb"},"inLanguage":"es","potentialAction":[{"@type":"ReadAction","target":["https:\/\/www.sonoraenequipo.com.mx\/evacua-mexico-a-321-connacionales-del-medio-oriente-ante-escalada-del-conflicto\/"]}]},{"@type":"ImageObject","inLanguage":"es","@id":"https:\/\/www.sonoraenequipo.com.mx\/evacua-mexico-a-321-connacionales-del-medio-oriente-ante-escalada-del-conflicto\/#primaryimage","url":"https:\/\/www.sonoraenequipo.com.mx\/storage\/2026\/03\/Evacua-Mexico-a-321-connacionales-del-Medio-Oriente-ante-escalada-del-conflicto-1.jpg","contentUrl":"https:\/\/www.sonoraenequipo.com.mx\/storage\/2026\/03\/Evacua-Mexico-a-321-connacionales-del-Medio-Oriente-ante-escalada-del-conflicto-1.jpg","width":1024,"height":512},{"@type":"BreadcrumbList","@id":"https:\/\/www.sonoraenequipo.com.mx\/evacua-mexico-a-321-connacionales-del-medio-oriente-ante-escalada-del-conflicto\/#breadcrumb","itemListElement":[{"@type":"ListItem","position":1,"name":"Portada","item":"https:\/\/www.sonoraenequipo.com.mx\/"},{"@type":"ListItem","position":2,"name":"Evac\u00faa M\u00e9xico a 321 connacionales del Medio Oriente ante escalada del conflicto"}]},{"@type":"WebSite","@id":"https:\/\/www.sonoraenequipo.com.mx\/#website","url":"https:\/\/www.sonoraenequipo.com.mx\/","name":"Sonora en Equipo.","description":"Diario en l\u00ednea con Noticias desde Hermosillo, Sonora","publisher":{"@id":"https:\/\/www.sonoraenequipo.com.mx\/#organization"},"potentialAction":[{"@type":"SearchAction","target":{"@type":"EntryPoint","urlTemplate":"https:\/\/www.sonoraenequipo.com.mx\/?s={search_term_string}"},"query-input":{"@type":"PropertyValueSpecification","valueRequired":true,"valueName":"search_term_string"}}],"inLanguage":"es"},{"@type":"Organization","@id":"https:\/\/www.sonoraenequipo.com.mx\/#organization","name":"Sonoraenequipo.com.mx","url":"https:\/\/www.sonoraenequipo.com.mx\/","logo":{"@type":"ImageObject","inLanguage":"es","@id":"https:\/\/www.sonoraenequipo.com.mx\/#\/schema\/logo\/image\/","url":"https:\/\/www.sonoraenequipo.com.mx\/storage\/2019\/01\/sonoraenequipo_opt.png","contentUrl":"https:\/\/www.sonoraenequipo.com.mx\/storage\/2019\/01\/sonoraenequipo_opt.png","width":375,"height":125,"caption":"Sonoraenequipo.com.mx"},"image":{"@id":"https:\/\/www.sonoraenequipo.com.mx\/#\/schema\/logo\/image\/"},"sameAs":["https:\/\/www.facebook.com\/SonoraEE\/","https:\/\/x.com\/sonoraenequipo","https:\/\/www.youtube.com\/channel\/UC338nW-lPEYmJQs4ZABQ1SQ"]},{"@type":"Person","@id":"https:\/\/www.sonoraenequipo.com.mx\/#\/schema\/person\/50102df0fb23a8fa9e8effad8fa81386","name":"enequipo","image":{"@type":"ImageObject","inLanguage":"es","@id":"https:\/\/www.sonoraenequipo.com.mx\/#\/schema\/person\/image\/","url":"https:\/\/secure.gravatar.com\/avatar\/049821681b589dabc0bc20695993ccebb09f5b5d4d790cd9251b97faac7c652b?s=96&d=blank&r=g","contentUrl":"https:\/\/secure.gravatar.com\/avatar\/049821681b589dabc0bc20695993ccebb09f5b5d4d790cd9251b97faac7c652b?s=96&d=blank&r=g","caption":"enequipo"},"sameAs":["https:\/\/www.facebook.com\/SonoraEE"]}]}},"jetpack_featured_media_url":"https:\/\/www.sonoraenequipo.com.mx\/storage\/2026\/03\/Evacua-Mexico-a-321-connacionales-del-Medio-Oriente-ante-escalada-del-conflicto-1.jpg","_links":{"self":[{"href":"https:\/\/www.sonoraenequipo.com.mx\/api\/wp\/v2\/posts\/236688","targetHints":{"allow":["GET"]}}],"collection":[{"href":"https:\/\/www.sonoraenequipo.com.mx\/api\/wp\/v2\/posts"}],"about":[{"href":"https:\/\/www.sonoraenequipo.com.mx\/api\/wp\/v2\/types\/post"}],"author":[{"embeddable":true,"href":"https:\/\/www.sonoraenequipo.com.mx\/api\/wp\/v2\/users\/1"}],"replies":[{"embeddable":true,"href":"https:\/\/www.sonoraenequipo.com.mx\/api\/wp\/v2\/comments?post=236688"}],"version-history":[{"count":1,"href":"https:\/\/www.sonoraenequipo.com.mx\/api\/wp\/v2\/posts\/236688\/revisions"}],"predecessor-version":[{"id":236690,"href":"https:\/\/www.sonoraenequipo.com.mx\/api\/wp\/v2\/posts\/236688\/revisions\/236690"}],"wp:featuredmedia":[{"embeddable":true,"href":"https:\/\/www.sonoraenequipo.com.mx\/api\/wp\/v2\/media\/236689"}],"wp:attachment":[{"href":"https:\/\/www.sonoraenequipo.com.mx\/api\/wp\/v2\/media?parent=236688"}],"wp:term":[{"taxonomy":"category","embeddable":true,"href":"https:\/\/www.sonoraenequipo.com.mx\/api\/wp\/v2\/categories?post=236688"},{"taxonomy":"post_tag","embeddable":true,"href":"https:\/\/www.sonoraenequipo.com.mx\/api\/wp\/v2\/tags?post=236688"}],"curies":[{"name":"wp","href":"https:\/\/api.w.org\/{rel}","templated":true}]}}