{"id":236691,"date":"2026-03-05T20:04:39","date_gmt":"2026-03-06T03:04:39","guid":{"rendered":"https:\/\/www.sonoraenequipo.com.mx\/?p=236691"},"modified":"2026-03-05T20:04:51","modified_gmt":"2026-03-06T03:04:51","slug":"rusia-nada-puede-hacer-para-detener-la-guerra-en-medio-oriente-kremlin","status":"publish","type":"post","link":"https:\/\/www.sonoraenequipo.com.mx\/rusia-nada-puede-hacer-para-detener-la-guerra-en-medio-oriente-kremlin\/","title":{"rendered":"\u201cRusia nada puede hacer para detener la guerra en Medio Oriente\u201d: Kremlin"},"content":{"rendered":"<p><strong>MOSC\u00da, RUSIA. \u2014<\/strong> El Kremlin considera que la guerra que desataron los ataques de Estados Unidos e Israel contra Ir\u00e1n \u201c<em><strong>no es su guerra\u201d<\/strong><\/em> y cree que <em><strong>\u201cpor muy c\u00ednico que pudiera parecer\u201d<\/strong> <\/em>debe asegurar <em><strong>\u201csu propio beneficio en la medida de lo posible\u201d.<\/strong><\/em><\/p>\n<p>&nbsp;<\/p>\n<p>&nbsp;<\/p>\n<p>&nbsp;<\/p>\n<p> <\/p>\n<p>Lo dijo este jueves su vocero, Dimitri Peskov, en su rueda de prensa diaria, y agreg\u00f3 tambi\u00e9n que Rusia nada puede hacer para detener la guerra en Medio Oriente.<\/p>\n<p>&nbsp;<\/p>\n<p>&nbsp;<\/p>\n<p>&nbsp;<\/p>\n<p><em><strong>\u201cLa guerra en curso no es nuestra guerra. Y desde el principio apuntamos que cualquier guerra puede conducir a desestabilizar la regi\u00f3n\u201d,<\/strong><\/em> se\u00f1al\u00f3 Peskov.<\/p>\n<p>&nbsp;<\/p>\n<p>&nbsp;<\/p>\n<p>&nbsp;<\/p>\n<p>Rusia, a juicio del portavoz, <em><strong>\u201cdebe ahora minimizar el impacto en nuestra econom\u00eda de las convulsiones globales, que ya estamos viendo genera esa guerra\u201d.<\/strong><\/em><\/p>\n<p>&nbsp;<\/p>\n<p>&nbsp;<\/p>\n<p>&nbsp;<\/p>\n<p>Precis\u00f3: <strong><em>\u201cdebemos hacer lo que conviene m\u00e1s a nuestros intereses\u201d<\/em> <\/strong>y, en ese sentido, <strong><em>\u201cpor muy c\u00ednico que pudiera parecer, la Federaci\u00f3n Rusa debe asegurar su propio beneficio en la medida de lo posible\u201d.<\/em><\/strong><\/p>\n<p>&nbsp;<\/p>\n<p>&nbsp;<\/p>\n<p>&nbsp;<\/p>\n<p>Tambi\u00e9n se pregunt\u00f3:<em><strong> \u201c\u00bfSomos capaces de detener esta guerra?\u201d<\/strong> <\/em>y, sin pensarlo demasiado, respondi\u00f3:<em><strong> \u201cNo, no lo somos. S\u00f3lo quienes la iniciaron (en referencia a Washington y Tel Aviv) pueden hacerlo y, en nuestra opini\u00f3n, es lo que deber\u00edan hacer\u201d.<\/strong><\/em><\/p>\n<p>&nbsp;<\/p>\n<p>&nbsp;<\/p>\n<p>&nbsp;<\/p>\n<p>Seg\u00fan Peskov, aunque el tratado de asociaci\u00f3n estrat\u00e9gica en Mosc\u00fa y Teher\u00e1n incluye una cl\u00e1usula de asistencia rec\u00edproca, desde que comenzaron los ataques de Estados Unidos e Israel, Ir\u00e1n no ha pedido a Rusia ayuda militar ni armamento. <em><strong>\u201cEn este sentido, no ha habido solicitud alguna por parte de Ir\u00e1n\u201d<\/strong><\/em>, subray\u00f3.<\/p>\n<p>&nbsp;<\/p>\n<p>&nbsp;<\/p>\n<p>&nbsp;<\/p>\n<p>Respecto a la negativa del gobierno espa\u00f1ol de autorizar que Estados Unidos use las bases de Rota y Mor\u00f3n en territorio espa\u00f1ol en sus ataques contra Ir\u00e1n, el secretario de prensa de la presidencia rusa indic\u00f3 que es un problema que incumbe s\u00f3lo a Washington y Madrid.<\/p>\n<p>&nbsp;<\/p>\n<p>&nbsp;<\/p>\n<p>&nbsp;<\/p>\n<p><em><strong>\u201cQue lo arregle Estados Unidos con Espa\u00f1a. Nosotros pr\u00e1cticamente no tenemos relaciones con Madrid, lamentablemente. Y no por nuestra culpa\u201d<\/strong><\/em>, indic\u00f3 Peskov.<\/p>\n<p>&nbsp;<\/p>\n<p>&nbsp;<\/p>\n<p>PUBLICADO EL 05 DE MARZO 2026 Con informaci\u00f3n Juan Pablo Duch,\/LA JORNADA)<\/p>\n","protected":false},"excerpt":{"rendered":"<p>MOSC\u00da, RUSIA. \u2014 El Kremlin considera que la guerra que desataron los ataques de Estados&#8230;<\/p>\n","protected":false},"author":1,"featured_media":236676,"comment_status":"open","ping_status":"open","sticky":false,"template":"","format":"standard","meta":{"_monsterinsights_skip_tracking":false,"_monsterinsights_sitenote_active":false,"_monsterinsights_sitenote_note":"","_monsterinsights_sitenote_category":0,"footnotes":""},"categories":[1],"tags":[],"class_list":["post"],"yoast_head":" \n<title>Sonora en Equipo. \u201cRusia nada puede hacer para detener la guerra en Medio Oriente\u201d: Kremlin<\/title>\n<meta name=\"description\" content=\"MOSC\u00da, RUSIA. \u2014 El Kremlin considera que la guerra que desataron los ataques de Estados Unidos e Israel contra Ir\u00e1n \u201cno es su guerra\u201d y cree que \u201cpor muy En Sonora en Equipo publicamos toda la informaci\u00f3n de Sonora, M\u00e9xico y el Mundo de manera oportuna y busca que la libertad de expresi\u00f3n sea real. Visita nuestro medio informativo publicado desde Hermosillo, Sonora. %\" \/>\n<meta name=\"robots\" content=\"index, follow, max-snippet:-1, max-image-preview:large, max-video-preview:-1\" \/>\n<link rel=\"canonical\" href=\"https:\/\/www.sonoraenequipo.com.mx\/rusia-nada-puede-hacer-para-detener-la-guerra-en-medio-oriente-kremlin\/\" \/>\n<meta property=\"og:locale\" content=\"es_ES\" \/>\n<meta property=\"og:type\" content=\"article\" \/>\n<meta property=\"og:title\" content=\"Sonora en Equipo. \u201cRusia nada puede hacer para detener la guerra en Medio Oriente\u201d: Kremlin\" \/>\n<meta property=\"og:description\" content=\"MOSC\u00da, RUSIA. \u2014 El Kremlin considera que la guerra que desataron los ataques de Estados Unidos e Israel contra Ir\u00e1n \u201cno es su guerra\u201d y cree que \u201cpor muy En Sonora en Equipo publicamos toda la informaci\u00f3n de Sonora, M\u00e9xico y el Mundo de manera oportuna y busca que la libertad de expresi\u00f3n sea real. Visita nuestro medio informativo publicado desde Hermosillo, Sonora. %\" \/>\n<meta property=\"og:url\" content=\"https:\/\/www.sonoraenequipo.com.mx\/rusia-nada-puede-hacer-para-detener-la-guerra-en-medio-oriente-kremlin\/\" \/>\n<meta property=\"og:site_name\" content=\"Sonora en Equipo.\" \/>\n<meta property=\"article:publisher\" content=\"https:\/\/www.facebook.com\/SonoraEE\/\" \/>\n<meta property=\"article:author\" content=\"https:\/\/www.facebook.com\/SonoraEE\" \/>\n<meta property=\"article:published_time\" content=\"2026-03-06T03:04:39+00:00\" \/>\n<meta property=\"article:modified_time\" content=\"2026-03-06T03:04:51+00:00\" \/>\n<meta property=\"og:image\" content=\"https:\/\/www.sonoraenequipo.com.mx\/storage\/2026\/03\/un-ataque-aereo-israeli-contra-la-aldea-de-Kfar-Tibnit-en-el-sur-del-Libano-el-5-de-marzo-de-2026.jpg\" \/>\n\t<meta property=\"og:image:width\" content=\"960\" \/>\n\t<meta property=\"og:image:height\" content=\"599\" \/>\n\t<meta property=\"og:image:type\" content=\"image\/jpeg\" \/>\n<meta name=\"author\" content=\"enequipo\" \/>\n<meta name=\"twitter:card\" content=\"summary_large_image\" \/>\n<meta name=\"twitter:creator\" content=\"@sonoraenequipo\" \/>\n<meta name=\"twitter:site\" content=\"@sonoraenequipo\" \/>\n<meta name=\"twitter:label1\" content=\"Escrito por\" \/>\n\t<meta name=\"twitter:data1\" content=\"enequipo\" \/>\n\t<meta name=\"twitter:label2\" content=\"Tiempo de lectura\" \/>\n\t<meta name=\"twitter:data2\" content=\"2 minutos\" \/>\n<script type=\"application\/ld+json\" class=\"yoast-schema-graph\">{\"@context\":\"https:\/\/schema.org\",\"@graph\":[{\"@type\":\"Article\",\"@id\":\"https:\/\/www.sonoraenequipo.com.mx\/rusia-nada-puede-hacer-para-detener-la-guerra-en-medio-oriente-kremlin\/#article\",\"isPartOf\":{\"@id\":\"https:\/\/www.sonoraenequipo.com.mx\/rusia-nada-puede-hacer-para-detener-la-guerra-en-medio-oriente-kremlin\/\"},\"author\":{\"name\":\"enequipo\",\"@id\":\"https:\/\/www.sonoraenequipo.com.mx\/#\/schema\/person\/50102df0fb23a8fa9e8effad8fa81386\"},\"headline\":\"\u201cRusia nada puede hacer para detener la guerra en Medio Oriente\u201d: Kremlin\",\"datePublished\":\"2026-03-06T03:04:39+00:00\",\"dateModified\":\"2026-03-06T03:04:51+00:00\",\"mainEntityOfPage\":{\"@id\":\"https:\/\/www.sonoraenequipo.com.mx\/rusia-nada-puede-hacer-para-detener-la-guerra-en-medio-oriente-kremlin\/\"},\"wordCount\":392,\"commentCount\":0,\"publisher\":{\"@id\":\"https:\/\/www.sonoraenequipo.com.mx\/#organization\"},\"image\":{\"@id\":\"https:\/\/www.sonoraenequipo.com.mx\/rusia-nada-puede-hacer-para-detener-la-guerra-en-medio-oriente-kremlin\/#primaryimage\"},\"thumbnailUrl\":\"https:\/\/www.sonoraenequipo.com.mx\/storage\/2026\/03\/un-ataque-aereo-israeli-contra-la-aldea-de-Kfar-Tibnit-en-el-sur-del-Libano-el-5-de-marzo-de-2026.jpg\",\"articleSection\":[\"Sin categorizar\"],\"inLanguage\":\"es\",\"potentialAction\":[{\"@type\":\"CommentAction\",\"name\":\"Comment\",\"target\":[\"https:\/\/www.sonoraenequipo.com.mx\/rusia-nada-puede-hacer-para-detener-la-guerra-en-medio-oriente-kremlin\/#respond\"]}]},{\"@type\":\"WebPage\",\"@id\":\"https:\/\/www.sonoraenequipo.com.mx\/rusia-nada-puede-hacer-para-detener-la-guerra-en-medio-oriente-kremlin\/\",\"url\":\"https:\/\/www.sonoraenequipo.com.mx\/rusia-nada-puede-hacer-para-detener-la-guerra-en-medio-oriente-kremlin\/\",\"name\":\"Sonora en Equipo. \u201cRusia nada puede hacer para detener la guerra en Medio Oriente\u201d: Kremlin\",\"isPartOf\":{\"@id\":\"https:\/\/www.sonoraenequipo.com.mx\/#website\"},\"primaryImageOfPage\":{\"@id\":\"https:\/\/www.sonoraenequipo.com.mx\/rusia-nada-puede-hacer-para-detener-la-guerra-en-medio-oriente-kremlin\/#primaryimage\"},\"image\":{\"@id\":\"https:\/\/www.sonoraenequipo.com.mx\/rusia-nada-puede-hacer-para-detener-la-guerra-en-medio-oriente-kremlin\/#primaryimage\"},\"thumbnailUrl\":\"https:\/\/www.sonoraenequipo.com.mx\/storage\/2026\/03\/un-ataque-aereo-israeli-contra-la-aldea-de-Kfar-Tibnit-en-el-sur-del-Libano-el-5-de-marzo-de-2026.jpg\",\"datePublished\":\"2026-03-06T03:04:39+00:00\",\"dateModified\":\"2026-03-06T03:04:51+00:00\",\"description\":\"MOSC\u00da, RUSIA. \u2014 El Kremlin considera que la guerra que desataron los ataques de Estados Unidos e Israel contra Ir\u00e1n \u201cno es su guerra\u201d y cree que \u201cpor muy En Sonora en Equipo publicamos toda la informaci\u00f3n de Sonora, M\u00e9xico y el Mundo de manera oportuna y busca que la libertad de expresi\u00f3n sea real. Visita nuestro medio informativo publicado desde Hermosillo, Sonora. %\",\"breadcrumb\":{\"@id\":\"https:\/\/www.sonoraenequipo.com.mx\/rusia-nada-puede-hacer-para-detener-la-guerra-en-medio-oriente-kremlin\/#breadcrumb\"},\"inLanguage\":\"es\",\"potentialAction\":[{\"@type\":\"ReadAction\",\"target\":[\"https:\/\/www.sonoraenequipo.com.mx\/rusia-nada-puede-hacer-para-detener-la-guerra-en-medio-oriente-kremlin\/\"]}]},{\"@type\":\"ImageObject\",\"inLanguage\":\"es\",\"@id\":\"https:\/\/www.sonoraenequipo.com.mx\/rusia-nada-puede-hacer-para-detener-la-guerra-en-medio-oriente-kremlin\/#primaryimage\",\"url\":\"https:\/\/www.sonoraenequipo.com.mx\/storage\/2026\/03\/un-ataque-aereo-israeli-contra-la-aldea-de-Kfar-Tibnit-en-el-sur-del-Libano-el-5-de-marzo-de-2026.jpg\",\"contentUrl\":\"https:\/\/www.sonoraenequipo.com.mx\/storage\/2026\/03\/un-ataque-aereo-israeli-contra-la-aldea-de-Kfar-Tibnit-en-el-sur-del-Libano-el-5-de-marzo-de-2026.jpg\",\"width\":960,\"height\":599},{\"@type\":\"BreadcrumbList\",\"@id\":\"https:\/\/www.sonoraenequipo.com.mx\/rusia-nada-puede-hacer-para-detener-la-guerra-en-medio-oriente-kremlin\/#breadcrumb\",\"itemListElement\":[{\"@type\":\"ListItem\",\"position\":1,\"name\":\"Portada\",\"item\":\"https:\/\/www.sonoraenequipo.com.mx\/\"},{\"@type\":\"ListItem\",\"position\":2,\"name\":\"\u201cRusia nada puede hacer para detener la guerra en Medio Oriente\u201d: Kremlin\"}]},{\"@type\":\"WebSite\",\"@id\":\"https:\/\/www.sonoraenequipo.com.mx\/#website\",\"url\":\"https:\/\/www.sonoraenequipo.com.mx\/\",\"name\":\"Sonora en Equipo.\",\"description\":\"Diario en l\u00ednea con Noticias desde Hermosillo, Sonora\",\"publisher\":{\"@id\":\"https:\/\/www.sonoraenequipo.com.mx\/#organization\"},\"potentialAction\":[{\"@type\":\"SearchAction\",\"target\":{\"@type\":\"EntryPoint\",\"urlTemplate\":\"https:\/\/www.sonoraenequipo.com.mx\/?s={search_term_string}\"},\"query-input\":{\"@type\":\"PropertyValueSpecification\",\"valueRequired\":true,\"valueName\":\"search_term_string\"}}],\"inLanguage\":\"es\"},{\"@type\":\"Organization\",\"@id\":\"https:\/\/www.sonoraenequipo.com.mx\/#organization\",\"name\":\"Sonoraenequipo.com.mx\",\"url\":\"https:\/\/www.sonoraenequipo.com.mx\/\",\"logo\":{\"@type\":\"ImageObject\",\"inLanguage\":\"es\",\"@id\":\"https:\/\/www.sonoraenequipo.com.mx\/#\/schema\/logo\/image\/\",\"url\":\"https:\/\/www.sonoraenequipo.com.mx\/storage\/2019\/01\/sonoraenequipo_opt.png\",\"contentUrl\":\"https:\/\/www.sonoraenequipo.com.mx\/storage\/2019\/01\/sonoraenequipo_opt.png\",\"width\":375,\"height\":125,\"caption\":\"Sonoraenequipo.com.mx\"},\"image\":{\"@id\":\"https:\/\/www.sonoraenequipo.com.mx\/#\/schema\/logo\/image\/\"},\"sameAs\":[\"https:\/\/www.facebook.com\/SonoraEE\/\",\"https:\/\/x.com\/sonoraenequipo\",\"https:\/\/www.youtube.com\/channel\/UC338nW-lPEYmJQs4ZABQ1SQ\"]},{\"@type\":\"Person\",\"@id\":\"https:\/\/www.sonoraenequipo.com.mx\/#\/schema\/person\/50102df0fb23a8fa9e8effad8fa81386\",\"name\":\"enequipo\",\"image\":{\"@type\":\"ImageObject\",\"inLanguage\":\"es\",\"@id\":\"https:\/\/www.sonoraenequipo.com.mx\/#\/schema\/person\/image\/\",\"url\":\"https:\/\/secure.gravatar.com\/avatar\/049821681b589dabc0bc20695993ccebb09f5b5d4d790cd9251b97faac7c652b?s=96&d=blank&r=g\",\"contentUrl\":\"https:\/\/secure.gravatar.com\/avatar\/049821681b589dabc0bc20695993ccebb09f5b5d4d790cd9251b97faac7c652b?s=96&d=blank&r=g\",\"caption\":\"enequipo\"},\"sameAs\":[\"https:\/\/www.facebook.com\/SonoraEE\"]}]}<\/script>\n ","yoast_head_json":{"title":"Sonora en Equipo. \u201cRusia nada puede hacer para detener la guerra en Medio Oriente\u201d: Kremlin","description":"MOSC\u00da, RUSIA. \u2014 El Kremlin considera que la guerra que desataron los ataques de Estados Unidos e Israel contra Ir\u00e1n \u201cno es su guerra\u201d y cree que \u201cpor muy En Sonora en Equipo publicamos toda la informaci\u00f3n de Sonora, M\u00e9xico y el Mundo de manera oportuna y busca que la libertad de expresi\u00f3n sea real. Visita nuestro medio informativo publicado desde Hermosillo, Sonora. %","robots":{"index":"index","follow":"follow","max-snippet":"max-snippet:-1","max-image-preview":"max-image-preview:large","max-video-preview":"max-video-preview:-1"},"canonical":"https:\/\/www.sonoraenequipo.com.mx\/rusia-nada-puede-hacer-para-detener-la-guerra-en-medio-oriente-kremlin\/","og_locale":"es_ES","og_type":"article","og_title":"Sonora en Equipo. \u201cRusia nada puede hacer para detener la guerra en Medio Oriente\u201d: Kremlin","og_description":"MOSC\u00da, RUSIA. \u2014 El Kremlin considera que la guerra que desataron los ataques de Estados Unidos e Israel contra Ir\u00e1n \u201cno es su guerra\u201d y cree que \u201cpor muy En Sonora en Equipo publicamos toda la informaci\u00f3n de Sonora, M\u00e9xico y el Mundo de manera oportuna y busca que la libertad de expresi\u00f3n sea real. Visita nuestro medio informativo publicado desde Hermosillo, Sonora. %","og_url":"https:\/\/www.sonoraenequipo.com.mx\/rusia-nada-puede-hacer-para-detener-la-guerra-en-medio-oriente-kremlin\/","og_site_name":"Sonora en Equipo.","article_publisher":"https:\/\/www.facebook.com\/SonoraEE\/","article_author":"https:\/\/www.facebook.com\/SonoraEE","article_published_time":"2026-03-06T03:04:39+00:00","article_modified_time":"2026-03-06T03:04:51+00:00","og_image":[{"width":960,"height":599,"url":"https:\/\/www.sonoraenequipo.com.mx\/storage\/2026\/03\/un-ataque-aereo-israeli-contra-la-aldea-de-Kfar-Tibnit-en-el-sur-del-Libano-el-5-de-marzo-de-2026.jpg","type":"image\/jpeg"}],"author":"enequipo","twitter_card":"summary_large_image","twitter_creator":"@sonoraenequipo","twitter_site":"@sonoraenequipo","twitter_misc":{"Escrito por":"enequipo","Tiempo de lectura":"2 minutos"},"schema":{"@context":"https:\/\/schema.org","@graph":[{"@type":"Article","@id":"https:\/\/www.sonoraenequipo.com.mx\/rusia-nada-puede-hacer-para-detener-la-guerra-en-medio-oriente-kremlin\/#article","isPartOf":{"@id":"https:\/\/www.sonoraenequipo.com.mx\/rusia-nada-puede-hacer-para-detener-la-guerra-en-medio-oriente-kremlin\/"},"author":{"name":"enequipo","@id":"https:\/\/www.sonoraenequipo.com.mx\/#\/schema\/person\/50102df0fb23a8fa9e8effad8fa81386"},"headline":"\u201cRusia nada puede hacer para detener la guerra en Medio Oriente\u201d: Kremlin","datePublished":"2026-03-06T03:04:39+00:00","dateModified":"2026-03-06T03:04:51+00:00","mainEntityOfPage":{"@id":"https:\/\/www.sonoraenequipo.com.mx\/rusia-nada-puede-hacer-para-detener-la-guerra-en-medio-oriente-kremlin\/"},"wordCount":392,"commentCount":0,"publisher":{"@id":"https:\/\/www.sonoraenequipo.com.mx\/#organization"},"image":{"@id":"https:\/\/www.sonoraenequipo.com.mx\/rusia-nada-puede-hacer-para-detener-la-guerra-en-medio-oriente-kremlin\/#primaryimage"},"thumbnailUrl":"https:\/\/www.sonoraenequipo.com.mx\/storage\/2026\/03\/un-ataque-aereo-israeli-contra-la-aldea-de-Kfar-Tibnit-en-el-sur-del-Libano-el-5-de-marzo-de-2026.jpg","articleSection":["Sin categorizar"],"inLanguage":"es","potentialAction":[{"@type":"CommentAction","name":"Comment","target":["https:\/\/www.sonoraenequipo.com.mx\/rusia-nada-puede-hacer-para-detener-la-guerra-en-medio-oriente-kremlin\/#respond"]}]},{"@type":"WebPage","@id":"https:\/\/www.sonoraenequipo.com.mx\/rusia-nada-puede-hacer-para-detener-la-guerra-en-medio-oriente-kremlin\/","url":"https:\/\/www.sonoraenequipo.com.mx\/rusia-nada-puede-hacer-para-detener-la-guerra-en-medio-oriente-kremlin\/","name":"Sonora en Equipo. \u201cRusia nada puede hacer para detener la guerra en Medio Oriente\u201d: Kremlin","isPartOf":{"@id":"https:\/\/www.sonoraenequipo.com.mx\/#website"},"primaryImageOfPage":{"@id":"https:\/\/www.sonoraenequipo.com.mx\/rusia-nada-puede-hacer-para-detener-la-guerra-en-medio-oriente-kremlin\/#primaryimage"},"image":{"@id":"https:\/\/www.sonoraenequipo.com.mx\/rusia-nada-puede-hacer-para-detener-la-guerra-en-medio-oriente-kremlin\/#primaryimage"},"thumbnailUrl":"https:\/\/www.sonoraenequipo.com.mx\/storage\/2026\/03\/un-ataque-aereo-israeli-contra-la-aldea-de-Kfar-Tibnit-en-el-sur-del-Libano-el-5-de-marzo-de-2026.jpg","datePublished":"2026-03-06T03:04:39+00:00","dateModified":"2026-03-06T03:04:51+00:00","description":"MOSC\u00da, RUSIA. \u2014 El Kremlin considera que la guerra que desataron los ataques de Estados Unidos e Israel contra Ir\u00e1n \u201cno es su guerra\u201d y cree que \u201cpor muy En Sonora en Equipo publicamos toda la informaci\u00f3n de Sonora, M\u00e9xico y el Mundo de manera oportuna y busca que la libertad de expresi\u00f3n sea real. Visita nuestro medio informativo publicado desde Hermosillo, Sonora. %","breadcrumb":{"@id":"https:\/\/www.sonoraenequipo.com.mx\/rusia-nada-puede-hacer-para-detener-la-guerra-en-medio-oriente-kremlin\/#breadcrumb"},"inLanguage":"es","potentialAction":[{"@type":"ReadAction","target":["https:\/\/www.sonoraenequipo.com.mx\/rusia-nada-puede-hacer-para-detener-la-guerra-en-medio-oriente-kremlin\/"]}]},{"@type":"ImageObject","inLanguage":"es","@id":"https:\/\/www.sonoraenequipo.com.mx\/rusia-nada-puede-hacer-para-detener-la-guerra-en-medio-oriente-kremlin\/#primaryimage","url":"https:\/\/www.sonoraenequipo.com.mx\/storage\/2026\/03\/un-ataque-aereo-israeli-contra-la-aldea-de-Kfar-Tibnit-en-el-sur-del-Libano-el-5-de-marzo-de-2026.jpg","contentUrl":"https:\/\/www.sonoraenequipo.com.mx\/storage\/2026\/03\/un-ataque-aereo-israeli-contra-la-aldea-de-Kfar-Tibnit-en-el-sur-del-Libano-el-5-de-marzo-de-2026.jpg","width":960,"height":599},{"@type":"BreadcrumbList","@id":"https:\/\/www.sonoraenequipo.com.mx\/rusia-nada-puede-hacer-para-detener-la-guerra-en-medio-oriente-kremlin\/#breadcrumb","itemListElement":[{"@type":"ListItem","position":1,"name":"Portada","item":"https:\/\/www.sonoraenequipo.com.mx\/"},{"@type":"ListItem","position":2,"name":"\u201cRusia nada puede hacer para detener la guerra en Medio Oriente\u201d: Kremlin"}]},{"@type":"WebSite","@id":"https:\/\/www.sonoraenequipo.com.mx\/#website","url":"https:\/\/www.sonoraenequipo.com.mx\/","name":"Sonora en Equipo.","description":"Diario en l\u00ednea con Noticias desde Hermosillo, Sonora","publisher":{"@id":"https:\/\/www.sonoraenequipo.com.mx\/#organization"},"potentialAction":[{"@type":"SearchAction","target":{"@type":"EntryPoint","urlTemplate":"https:\/\/www.sonoraenequipo.com.mx\/?s={search_term_string}"},"query-input":{"@type":"PropertyValueSpecification","valueRequired":true,"valueName":"search_term_string"}}],"inLanguage":"es"},{"@type":"Organization","@id":"https:\/\/www.sonoraenequipo.com.mx\/#organization","name":"Sonoraenequipo.com.mx","url":"https:\/\/www.sonoraenequipo.com.mx\/","logo":{"@type":"ImageObject","inLanguage":"es","@id":"https:\/\/www.sonoraenequipo.com.mx\/#\/schema\/logo\/image\/","url":"https:\/\/www.sonoraenequipo.com.mx\/storage\/2019\/01\/sonoraenequipo_opt.png","contentUrl":"https:\/\/www.sonoraenequipo.com.mx\/storage\/2019\/01\/sonoraenequipo_opt.png","width":375,"height":125,"caption":"Sonoraenequipo.com.mx"},"image":{"@id":"https:\/\/www.sonoraenequipo.com.mx\/#\/schema\/logo\/image\/"},"sameAs":["https:\/\/www.facebook.com\/SonoraEE\/","https:\/\/x.com\/sonoraenequipo","https:\/\/www.youtube.com\/channel\/UC338nW-lPEYmJQs4ZABQ1SQ"]},{"@type":"Person","@id":"https:\/\/www.sonoraenequipo.com.mx\/#\/schema\/person\/50102df0fb23a8fa9e8effad8fa81386","name":"enequipo","image":{"@type":"ImageObject","inLanguage":"es","@id":"https:\/\/www.sonoraenequipo.com.mx\/#\/schema\/person\/image\/","url":"https:\/\/secure.gravatar.com\/avatar\/049821681b589dabc0bc20695993ccebb09f5b5d4d790cd9251b97faac7c652b?s=96&d=blank&r=g","contentUrl":"https:\/\/secure.gravatar.com\/avatar\/049821681b589dabc0bc20695993ccebb09f5b5d4d790cd9251b97faac7c652b?s=96&d=blank&r=g","caption":"enequipo"},"sameAs":["https:\/\/www.facebook.com\/SonoraEE"]}]}},"jetpack_featured_media_url":"https:\/\/www.sonoraenequipo.com.mx\/storage\/2026\/03\/un-ataque-aereo-israeli-contra-la-aldea-de-Kfar-Tibnit-en-el-sur-del-Libano-el-5-de-marzo-de-2026.jpg","_links":{"self":[{"href":"https:\/\/www.sonoraenequipo.com.mx\/api\/wp\/v2\/posts\/236691","targetHints":{"allow":["GET"]}}],"collection":[{"href":"https:\/\/www.sonoraenequipo.com.mx\/api\/wp\/v2\/posts"}],"about":[{"href":"https:\/\/www.sonoraenequipo.com.mx\/api\/wp\/v2\/types\/post"}],"author":[{"embeddable":true,"href":"https:\/\/www.sonoraenequipo.com.mx\/api\/wp\/v2\/users\/1"}],"replies":[{"embeddable":true,"href":"https:\/\/www.sonoraenequipo.com.mx\/api\/wp\/v2\/comments?post=236691"}],"version-history":[{"count":1,"href":"https:\/\/www.sonoraenequipo.com.mx\/api\/wp\/v2\/posts\/236691\/revisions"}],"predecessor-version":[{"id":236692,"href":"https:\/\/www.sonoraenequipo.com.mx\/api\/wp\/v2\/posts\/236691\/revisions\/236692"}],"wp:featuredmedia":[{"embeddable":true,"href":"https:\/\/www.sonoraenequipo.com.mx\/api\/wp\/v2\/media\/236676"}],"wp:attachment":[{"href":"https:\/\/www.sonoraenequipo.com.mx\/api\/wp\/v2\/media?parent=236691"}],"wp:term":[{"taxonomy":"category","embeddable":true,"href":"https:\/\/www.sonoraenequipo.com.mx\/api\/wp\/v2\/categories?post=236691"},{"taxonomy":"post_tag","embeddable":true,"href":"https:\/\/www.sonoraenequipo.com.mx\/api\/wp\/v2\/tags?post=236691"}],"curies":[{"name":"wp","href":"https:\/\/api.w.org\/{rel}","templated":true}]}}