{"id":236695,"date":"2026-03-05T22:38:02","date_gmt":"2026-03-06T05:38:02","guid":{"rendered":"https:\/\/www.sonoraenequipo.com.mx\/?p=236695"},"modified":"2026-03-06T10:19:09","modified_gmt":"2026-03-06T17:19:09","slug":"lidera-sonorense-alejandra-valencia-selectivo-nacional-mayor-de-arqueria","status":"publish","type":"post","link":"https:\/\/www.sonoraenequipo.com.mx\/lidera-sonorense-alejandra-valencia-selectivo-nacional-mayor-de-arqueria\/","title":{"rendered":"Lidera sonorense Alejandra Valencia Selectivo Nacional Mayor de Arquer\u00eda"},"content":{"rendered":"<p><b>HERMOSILLO, SONORA.MX. \u2014 <\/b>Alejandra Valencia conquist\u00f3 la medalla de oro en la modalidad de recurvo femenil, en la tercera etapa del Proceso Selectivo Nacional de Tiro con Arco, para ubicarse en el liderato de la eliminatoria que definir\u00e1 al equipo mexicano mayor de la disciplina.<\/p>\n<p>&nbsp;<\/p>\n<p>&nbsp;<\/p>\n<p>&nbsp;<\/p>\n<p> <br \/>\nEn el evento, que tuvo lugar del 2 al 4 de marzo en el CNAR de la Ciudad de M\u00e9xico, la doble medallista sonorense de Juegos Ol\u00edmpicos lider\u00f3 la Ronda Ol\u00edmpica Individual, tras vencer en la final (6-5) a \u00c1ngela Ruiz, de Coahuila, mediante flecha de desempate (10-8).<\/p>\n<p>&nbsp;<\/p>\n<p>&nbsp;<\/p>\n<p>Ese resultado dej\u00f3 a Valencia Trujillo al frente de la tabla de bonificaciones del Proceso Selectivo Nacional -sistema que determinar\u00e1 al equipo azteca- con un total de 300 puntos, seguida de las ol\u00edmpicas coahuilenses \u00c1ngela Ruiz (276) y Ana Paula V\u00e1zquez (239), quienes ocupan la segunda y tercera posici\u00f3n.<\/p>\n<p>&nbsp;<\/p>\n<p>&nbsp;<\/p>\n<p>En las acciones de la tercera etapa, la ol\u00edmpica sonorense, que lleg\u00f3 a la disputa de las preseas como la segunda mejor ubicada en la Ronda de Clasificaci\u00f3n, al finalizar solamente un punto detr\u00e1s de \u00c1ngela Ruiz (657 por 658), concluy\u00f3 invicta en los enfrentamientos directos.<\/p>\n<p>&nbsp;<\/p>\n<p>&nbsp;<\/p>\n<p>Primeramente, en octavos de final, derrot\u00f3 a la queretana Celeste Celis (6-0) y enseguida, en la etapa de cuartos, dio cuenta de la quintanarroense Yareni Chab (7-0), para avanzar a las semifinales, en donde dobleg\u00f3 a Ana Paula V\u00e1zquez (10-8), para amarrar el boleto a la disputa del primer sitio.<\/p>\n<p>&nbsp;<\/p>\n<p>&nbsp;<\/p>\n<p>De tal forma, \u00fanicamente queda pendiente la cuarta y \u00faltima fase del Proceso Selectivo Nacional \u2013con las ocho mejores arqueras seg\u00fan la tabla de bonificaciones- la cual est\u00e1 programada a efectuarse en Tlaxcala, Tlaxcala, entre el 16 y 18 de marzo. Luego de que finalicen las acciones, se anunciar\u00e1n las selecciones mexicanas \u201cA\u201d y \u201cB\u201d de arco recurvo y compuesto, tanto varonil como femenil, para el ciclo deportivo internacional 2026.<\/p>\n<p>&nbsp;<\/p>\n<p>&nbsp;<\/p>\n<p>&nbsp;<\/p>\n<p>PUBLICADO EL 05 DE MARZO 2026 Con informaci\u00f3n de GOBSON 0326\/060)<\/p>\n","protected":false},"excerpt":{"rendered":"<p>HERMOSILLO, SONORA.MX. \u2014 Alejandra Valencia conquist\u00f3 la medalla de oro en la modalidad de recurvo&#8230;<\/p>\n","protected":false},"author":1,"featured_media":236696,"comment_status":"open","ping_status":"open","sticky":false,"template":"","format":"standard","meta":{"_monsterinsights_skip_tracking":false,"_monsterinsights_sitenote_active":false,"_monsterinsights_sitenote_note":"","_monsterinsights_sitenote_category":0,"footnotes":""},"categories":[10],"tags":[],"class_list":["post"],"yoast_head":" \n<title>Sonora en Equipo. Lidera sonorense Alejandra Valencia Selectivo Nacional Mayor de Arquer\u00eda Deportes<\/title>\n<meta name=\"description\" content=\"HERMOSILLO, SONORA.MX. \u2014 Alejandra Valencia conquist\u00f3 la medalla de oro en la modalidad de recurvo femenil, en la tercera etapa del Proceso Selectivo En Sonora en Equipo publicamos toda la informaci\u00f3n de Sonora, M\u00e9xico y el Mundo de manera oportuna y busca que la libertad de expresi\u00f3n sea real. Visita nuestro medio informativo publicado desde Hermosillo, Sonora. %\" \/>\n<meta name=\"robots\" content=\"index, follow, max-snippet:-1, max-image-preview:large, max-video-preview:-1\" \/>\n<link rel=\"canonical\" href=\"https:\/\/www.sonoraenequipo.com.mx\/lidera-sonorense-alejandra-valencia-selectivo-nacional-mayor-de-arqueria\/\" \/>\n<meta property=\"og:locale\" content=\"es_ES\" \/>\n<meta property=\"og:type\" content=\"article\" \/>\n<meta property=\"og:title\" content=\"Sonora en Equipo. Lidera sonorense Alejandra Valencia Selectivo Nacional Mayor de Arquer\u00eda Deportes\" \/>\n<meta property=\"og:description\" content=\"HERMOSILLO, SONORA.MX. \u2014 Alejandra Valencia conquist\u00f3 la medalla de oro en la modalidad de recurvo femenil, en la tercera etapa del Proceso Selectivo En Sonora en Equipo publicamos toda la informaci\u00f3n de Sonora, M\u00e9xico y el Mundo de manera oportuna y busca que la libertad de expresi\u00f3n sea real. Visita nuestro medio informativo publicado desde Hermosillo, Sonora. %\" \/>\n<meta property=\"og:url\" content=\"https:\/\/www.sonoraenequipo.com.mx\/lidera-sonorense-alejandra-valencia-selectivo-nacional-mayor-de-arqueria\/\" \/>\n<meta property=\"og:site_name\" content=\"Sonora en Equipo.\" \/>\n<meta property=\"article:publisher\" content=\"https:\/\/www.facebook.com\/SonoraEE\/\" \/>\n<meta property=\"article:author\" content=\"https:\/\/www.facebook.com\/SonoraEE\" \/>\n<meta property=\"article:published_time\" content=\"2026-03-06T05:38:02+00:00\" \/>\n<meta property=\"article:modified_time\" content=\"2026-03-06T17:19:09+00:00\" \/>\n<meta property=\"og:image\" content=\"https:\/\/www.sonoraenequipo.com.mx\/storage\/2026\/03\/alejandra-valencia.jpg\" \/>\n\t<meta property=\"og:image:width\" content=\"854\" \/>\n\t<meta property=\"og:image:height\" content=\"1280\" \/>\n\t<meta property=\"og:image:type\" content=\"image\/jpeg\" \/>\n<meta name=\"author\" content=\"enequipo\" \/>\n<meta name=\"twitter:card\" content=\"summary_large_image\" \/>\n<meta name=\"twitter:creator\" content=\"@sonoraenequipo\" \/>\n<meta name=\"twitter:site\" content=\"@sonoraenequipo\" \/>\n<meta name=\"twitter:label1\" content=\"Escrito por\" \/>\n\t<meta name=\"twitter:data1\" content=\"enequipo\" \/>\n\t<meta name=\"twitter:label2\" content=\"Tiempo de lectura\" \/>\n\t<meta name=\"twitter:data2\" content=\"2 minutos\" \/>\n<script type=\"application\/ld+json\" class=\"yoast-schema-graph\">{\"@context\":\"https:\/\/schema.org\",\"@graph\":[{\"@type\":\"Article\",\"@id\":\"https:\/\/www.sonoraenequipo.com.mx\/lidera-sonorense-alejandra-valencia-selectivo-nacional-mayor-de-arqueria\/#article\",\"isPartOf\":{\"@id\":\"https:\/\/www.sonoraenequipo.com.mx\/lidera-sonorense-alejandra-valencia-selectivo-nacional-mayor-de-arqueria\/\"},\"author\":{\"name\":\"enequipo\",\"@id\":\"https:\/\/www.sonoraenequipo.com.mx\/#\/schema\/person\/50102df0fb23a8fa9e8effad8fa81386\"},\"headline\":\"Lidera sonorense Alejandra Valencia Selectivo Nacional Mayor de Arquer\u00eda\",\"datePublished\":\"2026-03-06T05:38:02+00:00\",\"dateModified\":\"2026-03-06T17:19:09+00:00\",\"mainEntityOfPage\":{\"@id\":\"https:\/\/www.sonoraenequipo.com.mx\/lidera-sonorense-alejandra-valencia-selectivo-nacional-mayor-de-arqueria\/\"},\"wordCount\":343,\"commentCount\":0,\"publisher\":{\"@id\":\"https:\/\/www.sonoraenequipo.com.mx\/#organization\"},\"image\":{\"@id\":\"https:\/\/www.sonoraenequipo.com.mx\/lidera-sonorense-alejandra-valencia-selectivo-nacional-mayor-de-arqueria\/#primaryimage\"},\"thumbnailUrl\":\"https:\/\/www.sonoraenequipo.com.mx\/storage\/2026\/03\/alejandra-valencia.jpg\",\"articleSection\":[\"Deportes\"],\"inLanguage\":\"es\",\"potentialAction\":[{\"@type\":\"CommentAction\",\"name\":\"Comment\",\"target\":[\"https:\/\/www.sonoraenequipo.com.mx\/lidera-sonorense-alejandra-valencia-selectivo-nacional-mayor-de-arqueria\/#respond\"]}]},{\"@type\":\"WebPage\",\"@id\":\"https:\/\/www.sonoraenequipo.com.mx\/lidera-sonorense-alejandra-valencia-selectivo-nacional-mayor-de-arqueria\/\",\"url\":\"https:\/\/www.sonoraenequipo.com.mx\/lidera-sonorense-alejandra-valencia-selectivo-nacional-mayor-de-arqueria\/\",\"name\":\"Sonora en Equipo. Lidera sonorense Alejandra Valencia Selectivo Nacional Mayor de Arquer\u00eda Deportes\",\"isPartOf\":{\"@id\":\"https:\/\/www.sonoraenequipo.com.mx\/#website\"},\"primaryImageOfPage\":{\"@id\":\"https:\/\/www.sonoraenequipo.com.mx\/lidera-sonorense-alejandra-valencia-selectivo-nacional-mayor-de-arqueria\/#primaryimage\"},\"image\":{\"@id\":\"https:\/\/www.sonoraenequipo.com.mx\/lidera-sonorense-alejandra-valencia-selectivo-nacional-mayor-de-arqueria\/#primaryimage\"},\"thumbnailUrl\":\"https:\/\/www.sonoraenequipo.com.mx\/storage\/2026\/03\/alejandra-valencia.jpg\",\"datePublished\":\"2026-03-06T05:38:02+00:00\",\"dateModified\":\"2026-03-06T17:19:09+00:00\",\"description\":\"HERMOSILLO, SONORA.MX. \u2014 Alejandra Valencia conquist\u00f3 la medalla de oro en la modalidad de recurvo femenil, en la tercera etapa del Proceso Selectivo En Sonora en Equipo publicamos toda la informaci\u00f3n de Sonora, M\u00e9xico y el Mundo de manera oportuna y busca que la libertad de expresi\u00f3n sea real. Visita nuestro medio informativo publicado desde Hermosillo, Sonora. %\",\"breadcrumb\":{\"@id\":\"https:\/\/www.sonoraenequipo.com.mx\/lidera-sonorense-alejandra-valencia-selectivo-nacional-mayor-de-arqueria\/#breadcrumb\"},\"inLanguage\":\"es\",\"potentialAction\":[{\"@type\":\"ReadAction\",\"target\":[\"https:\/\/www.sonoraenequipo.com.mx\/lidera-sonorense-alejandra-valencia-selectivo-nacional-mayor-de-arqueria\/\"]}]},{\"@type\":\"ImageObject\",\"inLanguage\":\"es\",\"@id\":\"https:\/\/www.sonoraenequipo.com.mx\/lidera-sonorense-alejandra-valencia-selectivo-nacional-mayor-de-arqueria\/#primaryimage\",\"url\":\"https:\/\/www.sonoraenequipo.com.mx\/storage\/2026\/03\/alejandra-valencia.jpg\",\"contentUrl\":\"https:\/\/www.sonoraenequipo.com.mx\/storage\/2026\/03\/alejandra-valencia.jpg\",\"width\":854,\"height\":1280},{\"@type\":\"BreadcrumbList\",\"@id\":\"https:\/\/www.sonoraenequipo.com.mx\/lidera-sonorense-alejandra-valencia-selectivo-nacional-mayor-de-arqueria\/#breadcrumb\",\"itemListElement\":[{\"@type\":\"ListItem\",\"position\":1,\"name\":\"Portada\",\"item\":\"https:\/\/www.sonoraenequipo.com.mx\/\"},{\"@type\":\"ListItem\",\"position\":2,\"name\":\"Lidera sonorense Alejandra Valencia Selectivo Nacional Mayor de Arquer\u00eda\"}]},{\"@type\":\"WebSite\",\"@id\":\"https:\/\/www.sonoraenequipo.com.mx\/#website\",\"url\":\"https:\/\/www.sonoraenequipo.com.mx\/\",\"name\":\"Sonora en Equipo.\",\"description\":\"Diario en l\u00ednea con Noticias desde Hermosillo, Sonora\",\"publisher\":{\"@id\":\"https:\/\/www.sonoraenequipo.com.mx\/#organization\"},\"potentialAction\":[{\"@type\":\"SearchAction\",\"target\":{\"@type\":\"EntryPoint\",\"urlTemplate\":\"https:\/\/www.sonoraenequipo.com.mx\/?s={search_term_string}\"},\"query-input\":{\"@type\":\"PropertyValueSpecification\",\"valueRequired\":true,\"valueName\":\"search_term_string\"}}],\"inLanguage\":\"es\"},{\"@type\":\"Organization\",\"@id\":\"https:\/\/www.sonoraenequipo.com.mx\/#organization\",\"name\":\"Sonoraenequipo.com.mx\",\"url\":\"https:\/\/www.sonoraenequipo.com.mx\/\",\"logo\":{\"@type\":\"ImageObject\",\"inLanguage\":\"es\",\"@id\":\"https:\/\/www.sonoraenequipo.com.mx\/#\/schema\/logo\/image\/\",\"url\":\"https:\/\/www.sonoraenequipo.com.mx\/storage\/2019\/01\/sonoraenequipo_opt.png\",\"contentUrl\":\"https:\/\/www.sonoraenequipo.com.mx\/storage\/2019\/01\/sonoraenequipo_opt.png\",\"width\":375,\"height\":125,\"caption\":\"Sonoraenequipo.com.mx\"},\"image\":{\"@id\":\"https:\/\/www.sonoraenequipo.com.mx\/#\/schema\/logo\/image\/\"},\"sameAs\":[\"https:\/\/www.facebook.com\/SonoraEE\/\",\"https:\/\/x.com\/sonoraenequipo\",\"https:\/\/www.youtube.com\/channel\/UC338nW-lPEYmJQs4ZABQ1SQ\"]},{\"@type\":\"Person\",\"@id\":\"https:\/\/www.sonoraenequipo.com.mx\/#\/schema\/person\/50102df0fb23a8fa9e8effad8fa81386\",\"name\":\"enequipo\",\"image\":{\"@type\":\"ImageObject\",\"inLanguage\":\"es\",\"@id\":\"https:\/\/www.sonoraenequipo.com.mx\/#\/schema\/person\/image\/\",\"url\":\"https:\/\/secure.gravatar.com\/avatar\/049821681b589dabc0bc20695993ccebb09f5b5d4d790cd9251b97faac7c652b?s=96&d=blank&r=g\",\"contentUrl\":\"https:\/\/secure.gravatar.com\/avatar\/049821681b589dabc0bc20695993ccebb09f5b5d4d790cd9251b97faac7c652b?s=96&d=blank&r=g\",\"caption\":\"enequipo\"},\"sameAs\":[\"https:\/\/www.facebook.com\/SonoraEE\"]}]}<\/script>\n ","yoast_head_json":{"title":"Sonora en Equipo. Lidera sonorense Alejandra Valencia Selectivo Nacional Mayor de Arquer\u00eda Deportes","description":"HERMOSILLO, SONORA.MX. \u2014 Alejandra Valencia conquist\u00f3 la medalla de oro en la modalidad de recurvo femenil, en la tercera etapa del Proceso Selectivo En Sonora en Equipo publicamos toda la informaci\u00f3n de Sonora, M\u00e9xico y el Mundo de manera oportuna y busca que la libertad de expresi\u00f3n sea real. Visita nuestro medio informativo publicado desde Hermosillo, Sonora. %","robots":{"index":"index","follow":"follow","max-snippet":"max-snippet:-1","max-image-preview":"max-image-preview:large","max-video-preview":"max-video-preview:-1"},"canonical":"https:\/\/www.sonoraenequipo.com.mx\/lidera-sonorense-alejandra-valencia-selectivo-nacional-mayor-de-arqueria\/","og_locale":"es_ES","og_type":"article","og_title":"Sonora en Equipo. Lidera sonorense Alejandra Valencia Selectivo Nacional Mayor de Arquer\u00eda Deportes","og_description":"HERMOSILLO, SONORA.MX. \u2014 Alejandra Valencia conquist\u00f3 la medalla de oro en la modalidad de recurvo femenil, en la tercera etapa del Proceso Selectivo En Sonora en Equipo publicamos toda la informaci\u00f3n de Sonora, M\u00e9xico y el Mundo de manera oportuna y busca que la libertad de expresi\u00f3n sea real. Visita nuestro medio informativo publicado desde Hermosillo, Sonora. %","og_url":"https:\/\/www.sonoraenequipo.com.mx\/lidera-sonorense-alejandra-valencia-selectivo-nacional-mayor-de-arqueria\/","og_site_name":"Sonora en Equipo.","article_publisher":"https:\/\/www.facebook.com\/SonoraEE\/","article_author":"https:\/\/www.facebook.com\/SonoraEE","article_published_time":"2026-03-06T05:38:02+00:00","article_modified_time":"2026-03-06T17:19:09+00:00","og_image":[{"width":854,"height":1280,"url":"https:\/\/www.sonoraenequipo.com.mx\/storage\/2026\/03\/alejandra-valencia.jpg","type":"image\/jpeg"}],"author":"enequipo","twitter_card":"summary_large_image","twitter_creator":"@sonoraenequipo","twitter_site":"@sonoraenequipo","twitter_misc":{"Escrito por":"enequipo","Tiempo de lectura":"2 minutos"},"schema":{"@context":"https:\/\/schema.org","@graph":[{"@type":"Article","@id":"https:\/\/www.sonoraenequipo.com.mx\/lidera-sonorense-alejandra-valencia-selectivo-nacional-mayor-de-arqueria\/#article","isPartOf":{"@id":"https:\/\/www.sonoraenequipo.com.mx\/lidera-sonorense-alejandra-valencia-selectivo-nacional-mayor-de-arqueria\/"},"author":{"name":"enequipo","@id":"https:\/\/www.sonoraenequipo.com.mx\/#\/schema\/person\/50102df0fb23a8fa9e8effad8fa81386"},"headline":"Lidera sonorense Alejandra Valencia Selectivo Nacional Mayor de Arquer\u00eda","datePublished":"2026-03-06T05:38:02+00:00","dateModified":"2026-03-06T17:19:09+00:00","mainEntityOfPage":{"@id":"https:\/\/www.sonoraenequipo.com.mx\/lidera-sonorense-alejandra-valencia-selectivo-nacional-mayor-de-arqueria\/"},"wordCount":343,"commentCount":0,"publisher":{"@id":"https:\/\/www.sonoraenequipo.com.mx\/#organization"},"image":{"@id":"https:\/\/www.sonoraenequipo.com.mx\/lidera-sonorense-alejandra-valencia-selectivo-nacional-mayor-de-arqueria\/#primaryimage"},"thumbnailUrl":"https:\/\/www.sonoraenequipo.com.mx\/storage\/2026\/03\/alejandra-valencia.jpg","articleSection":["Deportes"],"inLanguage":"es","potentialAction":[{"@type":"CommentAction","name":"Comment","target":["https:\/\/www.sonoraenequipo.com.mx\/lidera-sonorense-alejandra-valencia-selectivo-nacional-mayor-de-arqueria\/#respond"]}]},{"@type":"WebPage","@id":"https:\/\/www.sonoraenequipo.com.mx\/lidera-sonorense-alejandra-valencia-selectivo-nacional-mayor-de-arqueria\/","url":"https:\/\/www.sonoraenequipo.com.mx\/lidera-sonorense-alejandra-valencia-selectivo-nacional-mayor-de-arqueria\/","name":"Sonora en Equipo. Lidera sonorense Alejandra Valencia Selectivo Nacional Mayor de Arquer\u00eda Deportes","isPartOf":{"@id":"https:\/\/www.sonoraenequipo.com.mx\/#website"},"primaryImageOfPage":{"@id":"https:\/\/www.sonoraenequipo.com.mx\/lidera-sonorense-alejandra-valencia-selectivo-nacional-mayor-de-arqueria\/#primaryimage"},"image":{"@id":"https:\/\/www.sonoraenequipo.com.mx\/lidera-sonorense-alejandra-valencia-selectivo-nacional-mayor-de-arqueria\/#primaryimage"},"thumbnailUrl":"https:\/\/www.sonoraenequipo.com.mx\/storage\/2026\/03\/alejandra-valencia.jpg","datePublished":"2026-03-06T05:38:02+00:00","dateModified":"2026-03-06T17:19:09+00:00","description":"HERMOSILLO, SONORA.MX. \u2014 Alejandra Valencia conquist\u00f3 la medalla de oro en la modalidad de recurvo femenil, en la tercera etapa del Proceso Selectivo En Sonora en Equipo publicamos toda la informaci\u00f3n de Sonora, M\u00e9xico y el Mundo de manera oportuna y busca que la libertad de expresi\u00f3n sea real. Visita nuestro medio informativo publicado desde Hermosillo, Sonora. %","breadcrumb":{"@id":"https:\/\/www.sonoraenequipo.com.mx\/lidera-sonorense-alejandra-valencia-selectivo-nacional-mayor-de-arqueria\/#breadcrumb"},"inLanguage":"es","potentialAction":[{"@type":"ReadAction","target":["https:\/\/www.sonoraenequipo.com.mx\/lidera-sonorense-alejandra-valencia-selectivo-nacional-mayor-de-arqueria\/"]}]},{"@type":"ImageObject","inLanguage":"es","@id":"https:\/\/www.sonoraenequipo.com.mx\/lidera-sonorense-alejandra-valencia-selectivo-nacional-mayor-de-arqueria\/#primaryimage","url":"https:\/\/www.sonoraenequipo.com.mx\/storage\/2026\/03\/alejandra-valencia.jpg","contentUrl":"https:\/\/www.sonoraenequipo.com.mx\/storage\/2026\/03\/alejandra-valencia.jpg","width":854,"height":1280},{"@type":"BreadcrumbList","@id":"https:\/\/www.sonoraenequipo.com.mx\/lidera-sonorense-alejandra-valencia-selectivo-nacional-mayor-de-arqueria\/#breadcrumb","itemListElement":[{"@type":"ListItem","position":1,"name":"Portada","item":"https:\/\/www.sonoraenequipo.com.mx\/"},{"@type":"ListItem","position":2,"name":"Lidera sonorense Alejandra Valencia Selectivo Nacional Mayor de Arquer\u00eda"}]},{"@type":"WebSite","@id":"https:\/\/www.sonoraenequipo.com.mx\/#website","url":"https:\/\/www.sonoraenequipo.com.mx\/","name":"Sonora en Equipo.","description":"Diario en l\u00ednea con Noticias desde Hermosillo, Sonora","publisher":{"@id":"https:\/\/www.sonoraenequipo.com.mx\/#organization"},"potentialAction":[{"@type":"SearchAction","target":{"@type":"EntryPoint","urlTemplate":"https:\/\/www.sonoraenequipo.com.mx\/?s={search_term_string}"},"query-input":{"@type":"PropertyValueSpecification","valueRequired":true,"valueName":"search_term_string"}}],"inLanguage":"es"},{"@type":"Organization","@id":"https:\/\/www.sonoraenequipo.com.mx\/#organization","name":"Sonoraenequipo.com.mx","url":"https:\/\/www.sonoraenequipo.com.mx\/","logo":{"@type":"ImageObject","inLanguage":"es","@id":"https:\/\/www.sonoraenequipo.com.mx\/#\/schema\/logo\/image\/","url":"https:\/\/www.sonoraenequipo.com.mx\/storage\/2019\/01\/sonoraenequipo_opt.png","contentUrl":"https:\/\/www.sonoraenequipo.com.mx\/storage\/2019\/01\/sonoraenequipo_opt.png","width":375,"height":125,"caption":"Sonoraenequipo.com.mx"},"image":{"@id":"https:\/\/www.sonoraenequipo.com.mx\/#\/schema\/logo\/image\/"},"sameAs":["https:\/\/www.facebook.com\/SonoraEE\/","https:\/\/x.com\/sonoraenequipo","https:\/\/www.youtube.com\/channel\/UC338nW-lPEYmJQs4ZABQ1SQ"]},{"@type":"Person","@id":"https:\/\/www.sonoraenequipo.com.mx\/#\/schema\/person\/50102df0fb23a8fa9e8effad8fa81386","name":"enequipo","image":{"@type":"ImageObject","inLanguage":"es","@id":"https:\/\/www.sonoraenequipo.com.mx\/#\/schema\/person\/image\/","url":"https:\/\/secure.gravatar.com\/avatar\/049821681b589dabc0bc20695993ccebb09f5b5d4d790cd9251b97faac7c652b?s=96&d=blank&r=g","contentUrl":"https:\/\/secure.gravatar.com\/avatar\/049821681b589dabc0bc20695993ccebb09f5b5d4d790cd9251b97faac7c652b?s=96&d=blank&r=g","caption":"enequipo"},"sameAs":["https:\/\/www.facebook.com\/SonoraEE"]}]}},"jetpack_featured_media_url":"https:\/\/www.sonoraenequipo.com.mx\/storage\/2026\/03\/alejandra-valencia.jpg","_links":{"self":[{"href":"https:\/\/www.sonoraenequipo.com.mx\/api\/wp\/v2\/posts\/236695","targetHints":{"allow":["GET"]}}],"collection":[{"href":"https:\/\/www.sonoraenequipo.com.mx\/api\/wp\/v2\/posts"}],"about":[{"href":"https:\/\/www.sonoraenequipo.com.mx\/api\/wp\/v2\/types\/post"}],"author":[{"embeddable":true,"href":"https:\/\/www.sonoraenequipo.com.mx\/api\/wp\/v2\/users\/1"}],"replies":[{"embeddable":true,"href":"https:\/\/www.sonoraenequipo.com.mx\/api\/wp\/v2\/comments?post=236695"}],"version-history":[{"count":1,"href":"https:\/\/www.sonoraenequipo.com.mx\/api\/wp\/v2\/posts\/236695\/revisions"}],"predecessor-version":[{"id":236697,"href":"https:\/\/www.sonoraenequipo.com.mx\/api\/wp\/v2\/posts\/236695\/revisions\/236697"}],"wp:featuredmedia":[{"embeddable":true,"href":"https:\/\/www.sonoraenequipo.com.mx\/api\/wp\/v2\/media\/236696"}],"wp:attachment":[{"href":"https:\/\/www.sonoraenequipo.com.mx\/api\/wp\/v2\/media?parent=236695"}],"wp:term":[{"taxonomy":"category","embeddable":true,"href":"https:\/\/www.sonoraenequipo.com.mx\/api\/wp\/v2\/categories?post=236695"},{"taxonomy":"post_tag","embeddable":true,"href":"https:\/\/www.sonoraenequipo.com.mx\/api\/wp\/v2\/tags?post=236695"}],"curies":[{"name":"wp","href":"https:\/\/api.w.org\/{rel}","templated":true}]}}