{"id":236712,"date":"2026-03-06T14:50:44","date_gmt":"2026-03-06T21:50:44","guid":{"rendered":"https:\/\/www.sonoraenequipo.com.mx\/?p=236712"},"modified":"2026-03-06T14:50:44","modified_gmt":"2026-03-06T21:50:44","slug":"en-mexico-la-democracia-esta-fragil-se-estan-perdiendo-derechos-que-costaron-decadas-de-lucha-olga-wornat","status":"publish","type":"post","link":"https:\/\/www.sonoraenequipo.com.mx\/en-mexico-la-democracia-esta-fragil-se-estan-perdiendo-derechos-que-costaron-decadas-de-lucha-olga-wornat\/","title":{"rendered":"En M\u00e9xico la democracia est\u00e1 fr\u00e1gil; se est\u00e1n perdiendo derechos que costaron d\u00e9cadas de lucha.\u201d Olga Wornat"},"content":{"rendered":"<p><strong>CIUDAD DE M\u00c9XICO. \u2014<\/strong> En un momento de intensas redefiniciones pol\u00edticas en la regi\u00f3n, el Programa Universitario de Estudios sobre Democracia, Justicia y Sociedad (PUEDJS-UNAM) present\u00f3 el libro Am\u00e9rica Latina contra el neoliberalismo. Repensando la democracia en un mundo multipolar Vol. III en la Feria Internacional del Libro del Palacio de Miner\u00eda 2026, consolidando este espacio editorial como una plataforma de reflexi\u00f3n cr\u00edtica sobre los desaf\u00edos democr\u00e1ticos contempor\u00e1neos.<\/p>\n<p>&nbsp;<\/p>\n<p>La mesa reuni\u00f3 a la periodista argentina Olga Wornat, a la periodista mexicana Luisa Cant\u00fa y al director del programa, John M. Ackerman, en un di\u00e1logo que combin\u00f3 an\u00e1lisis estructural, testimonio urgente y debate estrat\u00e9gico sobre el rumbo de Am\u00e9rica Latina ante el avance de proyectos autoritarios y la reconfiguraci\u00f3n del orden global.<\/p>\n<p>&nbsp;<\/p>\n<p>Durante su intervenci\u00f3n, John M. Ackerman subray\u00f3 que el libro documenta procesos vivos, no abstracciones acad\u00e9micas. \u201cLas luchas no son meramente simb\u00f3licas: son luchas reales, de personas de carne y hueso, de pueblos con largas historias que siempre salen a responder a los ataques autoritarios.\u201d El volumen \u2014tercero de una serie de entrevistas a pensadores, l\u00edderes y activistas de Am\u00e9rica Latina y Europa\u2014 parte de una premisa clara: la historia regional es c\u00edclica, pero nunca est\u00e1 clausurada. \u201cLa historia no se acaba nunca\u201d, se\u00f1al\u00f3, enfatizando que los retrocesos no significan derrotas definitivas, sino momentos de reconfiguraci\u00f3n pol\u00edtica.<\/p>\n<p>&nbsp;<\/p>\n<p>Ackerman defendi\u00f3 tambi\u00e9n el car\u00e1cter accesible de la obra: \u201cNo es un libro para especialistas: es un libro para la ciudadan\u00eda.\u201d En ese sentido, insisti\u00f3 en que el pensamiento cr\u00edtico debe salir de los c\u00edrculos acad\u00e9micos y dialogar con la sociedad en su conjunto. \u201cLeer este libro es saber que la esperanza democr\u00e1tica no es ingenuidad, es memoria hist\u00f3rica y organizaci\u00f3n\u201d, afirm\u00f3, destacando que la soberan\u00eda popular no es una consigna ret\u00f3rica, sino una construcci\u00f3n colectiva que exige participaci\u00f3n activa y conciencia hist\u00f3rica.<\/p>\n<p>&nbsp;<\/p>\n<p>La intervenci\u00f3n de Olga Wornat aport\u00f3 un testimonio directo y contundente sobre la situaci\u00f3n actual en Argentina. Con tono firme, advirti\u00f3: \u201cNo tienen la m\u00e1s m\u00ednima idea de la profunda degradaci\u00f3n que sufre mi pa\u00eds en este momento.\u201d A partir de esa afirmaci\u00f3n, describi\u00f3 un escenario marcado por el deterioro de las condiciones de vida, el debilitamiento institucional y el retroceso de derechos sociales que durante a\u00f1os parec\u00edan consolidados.<\/p>\n<p>&nbsp;<\/p>\n<p>En una frase que sintetiz\u00f3 el impacto social del modelo econ\u00f3mico vigente, afirm\u00f3: \u201cSe acab\u00f3 la clase media. Se acab\u00f3.\u201d Para Wornat, el desmantelamiento del tejido social no es un fen\u00f3meno abstracto, sino una realidad palpable en la vida cotidiana de millones de personas que enfrentan precarizaci\u00f3n laboral, incertidumbre y p\u00e9rdida de horizontes.<\/p>\n<p>&nbsp;<\/p>\n<p>La periodista alert\u00f3 tambi\u00e9n sobre la fragilidad democr\u00e1tica: \u201cLa democracia en mi pa\u00eds est\u00e1 desapareciendo. Es una democracia endeble, muy fr\u00e1gil.\u201d Seg\u00fan explic\u00f3, el vaciamiento democr\u00e1tico no necesariamente se manifiesta como una ruptura abrupta, sino como una erosi\u00f3n progresiva de derechos, contrapesos institucionales y garant\u00edas sociales, acompa\u00f1ada de discursos que normalizan el ajuste y la exclusi\u00f3n. En ese contexto, advirti\u00f3: \u201cSe est\u00e1n perdiendo derechos que costaron d\u00e9cadas de lucha.\u201d<\/p>\n<p>&nbsp;<\/p>\n<p>Sin embargo, su intervenci\u00f3n no se limit\u00f3 a la denuncia. Wornat hizo un llamado a la autocr\u00edtica de las fuerzas progresistas: \u201cTenemos que ser humildes y hacernos una autocr\u00edtica de verdad.\u201d Plante\u00f3 que el avance de proyectos autoritarios tambi\u00e9n responde a errores estrat\u00e9gicos, desconexiones con amplios sectores sociales y fallas en la construcci\u00f3n de mayor\u00edas sostenibles. La autocr\u00edtica, subray\u00f3, no es un signo de debilidad, sino una condici\u00f3n indispensable para la reconstrucci\u00f3n democr\u00e1tica.<\/p>\n<p>&nbsp;<\/p>\n<p>Finalmente, dirigi\u00f3 un mensaje al p\u00fablico mexicano que reson\u00f3 con fuerza en el recinto: \u201cCuiden mucho esta democracia.\u201d La frase condens\u00f3 una advertencia regional clara: ning\u00fan proceso democr\u00e1tico est\u00e1 garantizado de manera permanente, y la defensa de derechos y libertades exige vigilancia, organizaci\u00f3n y participaci\u00f3n ciudadana constante.<\/p>\n<p>&nbsp;<\/p>\n<p>Por su parte, Luisa Cant\u00fa ampli\u00f3 el horizonte del debate al se\u00f1alar que la discusi\u00f3n democr\u00e1tica no puede reducirse a lo electoral ni a reformas institucionales aisladas. Subray\u00f3 que elegir representantes no basta si las opciones disponibles han sido previamente delimitadas por estructuras de poder econ\u00f3mico y medi\u00e1tico. Retomando una de las provocaciones centrales del libro, record\u00f3 que la democracia implica tambi\u00e9n disputar el sentido com\u00fan y los marcos culturales desde los que se construyen las decisiones colectivas.<\/p>\n<p>&nbsp;<\/p>\n<p>Cant\u00fa insisti\u00f3 en que la agenda democr\u00e1tica debe incluir debates sobre sistema de cuidados, igualdad de g\u00e9nero, pol\u00edtica fiscal, regulaci\u00f3n de plataformas digitales, ciencia, pol\u00edtica de drogas y control de la informaci\u00f3n. En su an\u00e1lisis, la derecha ha entendido que la disputa es cultural e ideol\u00f3gica, y ha avanzado en la construcci\u00f3n de narrativas que simplifican problemas complejos y capitalizan el malestar social.<\/p>\n<p>&nbsp;<\/p>\n<p>En ese contexto, sostuvo que el campo democr\u00e1tico no puede eludir la confrontaci\u00f3n de ideas: \u201cNo se gana cada batalla, pero se pierden todas si no se pelean.\u201d La frase sintetiz\u00f3 el esp\u00edritu del encuentro: la democracia no es un estado alcanzado de manera definitiva, sino una tensi\u00f3n permanente que exige organizaci\u00f3n, pedagog\u00eda pol\u00edtica y participaci\u00f3n activa.<\/p>\n<p>&nbsp;<\/p>\n<p>La conversaci\u00f3n dej\u00f3 claro que Am\u00e9rica Latina atraviesa un momento de contrastes. Mientras avanzan proyectos conservadores y discursos de exclusi\u00f3n, tambi\u00e9n crece la capacidad de los pueblos para organizarse, resistir y reinventar horizontes de futuro. La regi\u00f3n, pese a las tormentas, no ha dejado de luchar por su dignidad.<\/p>\n<p>&nbsp;<\/p>\n<p>Con esta presentaci\u00f3n en la FIL Miner\u00eda 2026, el PUEDJS-UNAM reafirma su compromiso con la difusi\u00f3n del pensamiento cr\u00edtico, la pluralidad de voces y la construcci\u00f3n de espacios de di\u00e1logo que permitan comprender \u2014y transformar\u2014 los desaf\u00edos democr\u00e1ticos de nuestro tiempo.<\/p>\n<p>&nbsp;<\/p>\n<p>&nbsp;<\/p>\n<p>Lee el libro aqu\u00ed: Am\u00e9rica Latina contra el neoliberalismo. Repensando la democracia en un mundo multipolar<\/p>\n<p><strong>Fecha de publicaci\u00f3n viernes 7 de marzo de 2026<\/strong><\/p>\n","protected":false},"excerpt":{"rendered":"<p>CIUDAD DE M\u00c9XICO. \u2014 En un momento de intensas redefiniciones pol\u00edticas en la regi\u00f3n, el&#8230;<\/p>\n","protected":false},"author":1,"featured_media":236713,"comment_status":"open","ping_status":"open","sticky":false,"template":"","format":"standard","meta":{"_monsterinsights_skip_tracking":false,"_monsterinsights_sitenote_active":false,"_monsterinsights_sitenote_note":"","_monsterinsights_sitenote_category":0,"footnotes":""},"categories":[5],"tags":[2032,53,12438],"class_list":["post"],"yoast_head":" \n<title>Sonora en Equipo. En M\u00e9xico la democracia est\u00e1 fr\u00e1gil; se est\u00e1n perdiendo derechos que costaron d\u00e9cadas de lucha.\u201d Olga Wornat Rep\u00fablica<\/title>\n<meta name=\"description\" content=\"CIUDAD DE M\u00c9XICO. \u2014 En un momento de intensas redefiniciones pol\u00edticas en la regi\u00f3n, el Programa Universitario de Estudios sobre Democracia, Justicia y En Sonora en Equipo publicamos toda la informaci\u00f3n de Sonora, M\u00e9xico y el Mundo de manera oportuna y busca que la libertad de expresi\u00f3n sea real. Visita nuestro medio informativo publicado desde Hermosillo, Sonora. %\" \/>\n<meta name=\"robots\" content=\"index, follow, max-snippet:-1, max-image-preview:large, max-video-preview:-1\" \/>\n<link rel=\"canonical\" href=\"https:\/\/www.sonoraenequipo.com.mx\/en-mexico-la-democracia-esta-fragil-se-estan-perdiendo-derechos-que-costaron-decadas-de-lucha-olga-wornat\/\" \/>\n<meta property=\"og:locale\" content=\"es_ES\" \/>\n<meta property=\"og:type\" content=\"article\" \/>\n<meta property=\"og:title\" content=\"Sonora en Equipo. En M\u00e9xico la democracia est\u00e1 fr\u00e1gil; se est\u00e1n perdiendo derechos que costaron d\u00e9cadas de lucha.\u201d Olga Wornat Rep\u00fablica\" \/>\n<meta property=\"og:description\" content=\"CIUDAD DE M\u00c9XICO. \u2014 En un momento de intensas redefiniciones pol\u00edticas en la regi\u00f3n, el Programa Universitario de Estudios sobre Democracia, Justicia y En Sonora en Equipo publicamos toda la informaci\u00f3n de Sonora, M\u00e9xico y el Mundo de manera oportuna y busca que la libertad de expresi\u00f3n sea real. Visita nuestro medio informativo publicado desde Hermosillo, Sonora. %\" \/>\n<meta property=\"og:url\" content=\"https:\/\/www.sonoraenequipo.com.mx\/en-mexico-la-democracia-esta-fragil-se-estan-perdiendo-derechos-que-costaron-decadas-de-lucha-olga-wornat\/\" \/>\n<meta property=\"og:site_name\" content=\"Sonora en Equipo.\" \/>\n<meta property=\"article:publisher\" content=\"https:\/\/www.facebook.com\/SonoraEE\/\" \/>\n<meta property=\"article:author\" content=\"https:\/\/www.facebook.com\/SonoraEE\" \/>\n<meta property=\"article:published_time\" content=\"2026-03-06T21:50:44+00:00\" \/>\n<meta property=\"og:image\" content=\"https:\/\/www.sonoraenequipo.com.mx\/storage\/2026\/03\/wornat.jpg\" \/>\n\t<meta property=\"og:image:width\" content=\"600\" \/>\n\t<meta property=\"og:image:height\" content=\"400\" \/>\n\t<meta property=\"og:image:type\" content=\"image\/jpeg\" \/>\n<meta name=\"author\" content=\"enequipo\" \/>\n<meta name=\"twitter:card\" content=\"summary_large_image\" \/>\n<meta name=\"twitter:creator\" content=\"@sonoraenequipo\" \/>\n<meta name=\"twitter:site\" content=\"@sonoraenequipo\" \/>\n<meta name=\"twitter:label1\" content=\"Escrito por\" \/>\n\t<meta name=\"twitter:data1\" content=\"enequipo\" \/>\n\t<meta name=\"twitter:label2\" content=\"Tiempo de lectura\" \/>\n\t<meta name=\"twitter:data2\" content=\"5 minutos\" \/>\n<script type=\"application\/ld+json\" class=\"yoast-schema-graph\">{\"@context\":\"https:\/\/schema.org\",\"@graph\":[{\"@type\":\"Article\",\"@id\":\"https:\/\/www.sonoraenequipo.com.mx\/en-mexico-la-democracia-esta-fragil-se-estan-perdiendo-derechos-que-costaron-decadas-de-lucha-olga-wornat\/#article\",\"isPartOf\":{\"@id\":\"https:\/\/www.sonoraenequipo.com.mx\/en-mexico-la-democracia-esta-fragil-se-estan-perdiendo-derechos-que-costaron-decadas-de-lucha-olga-wornat\/\"},\"author\":{\"name\":\"enequipo\",\"@id\":\"https:\/\/www.sonoraenequipo.com.mx\/#\/schema\/person\/50102df0fb23a8fa9e8effad8fa81386\"},\"headline\":\"En M\u00e9xico la democracia est\u00e1 fr\u00e1gil; se est\u00e1n perdiendo derechos que costaron d\u00e9cadas de lucha.\u201d Olga Wornat\",\"datePublished\":\"2026-03-06T21:50:44+00:00\",\"mainEntityOfPage\":{\"@id\":\"https:\/\/www.sonoraenequipo.com.mx\/en-mexico-la-democracia-esta-fragil-se-estan-perdiendo-derechos-que-costaron-decadas-de-lucha-olga-wornat\/\"},\"wordCount\":1074,\"commentCount\":0,\"publisher\":{\"@id\":\"https:\/\/www.sonoraenequipo.com.mx\/#organization\"},\"image\":{\"@id\":\"https:\/\/www.sonoraenequipo.com.mx\/en-mexico-la-democracia-esta-fragil-se-estan-perdiendo-derechos-que-costaron-decadas-de-lucha-olga-wornat\/#primaryimage\"},\"thumbnailUrl\":\"https:\/\/www.sonoraenequipo.com.mx\/storage\/2026\/03\/wornat.jpg\",\"keywords\":[\"Democracia\",\"mexico\",\"wornat\"],\"articleSection\":[\"Rep\u00fablica\"],\"inLanguage\":\"es\",\"potentialAction\":[{\"@type\":\"CommentAction\",\"name\":\"Comment\",\"target\":[\"https:\/\/www.sonoraenequipo.com.mx\/en-mexico-la-democracia-esta-fragil-se-estan-perdiendo-derechos-que-costaron-decadas-de-lucha-olga-wornat\/#respond\"]}]},{\"@type\":\"WebPage\",\"@id\":\"https:\/\/www.sonoraenequipo.com.mx\/en-mexico-la-democracia-esta-fragil-se-estan-perdiendo-derechos-que-costaron-decadas-de-lucha-olga-wornat\/\",\"url\":\"https:\/\/www.sonoraenequipo.com.mx\/en-mexico-la-democracia-esta-fragil-se-estan-perdiendo-derechos-que-costaron-decadas-de-lucha-olga-wornat\/\",\"name\":\"Sonora en Equipo. En M\u00e9xico la democracia est\u00e1 fr\u00e1gil; se est\u00e1n perdiendo derechos que costaron d\u00e9cadas de lucha.\u201d Olga Wornat Rep\u00fablica\",\"isPartOf\":{\"@id\":\"https:\/\/www.sonoraenequipo.com.mx\/#website\"},\"primaryImageOfPage\":{\"@id\":\"https:\/\/www.sonoraenequipo.com.mx\/en-mexico-la-democracia-esta-fragil-se-estan-perdiendo-derechos-que-costaron-decadas-de-lucha-olga-wornat\/#primaryimage\"},\"image\":{\"@id\":\"https:\/\/www.sonoraenequipo.com.mx\/en-mexico-la-democracia-esta-fragil-se-estan-perdiendo-derechos-que-costaron-decadas-de-lucha-olga-wornat\/#primaryimage\"},\"thumbnailUrl\":\"https:\/\/www.sonoraenequipo.com.mx\/storage\/2026\/03\/wornat.jpg\",\"datePublished\":\"2026-03-06T21:50:44+00:00\",\"description\":\"CIUDAD DE M\u00c9XICO. \u2014 En un momento de intensas redefiniciones pol\u00edticas en la regi\u00f3n, el Programa Universitario de Estudios sobre Democracia, Justicia y En Sonora en Equipo publicamos toda la informaci\u00f3n de Sonora, M\u00e9xico y el Mundo de manera oportuna y busca que la libertad de expresi\u00f3n sea real. Visita nuestro medio informativo publicado desde Hermosillo, Sonora. %\",\"breadcrumb\":{\"@id\":\"https:\/\/www.sonoraenequipo.com.mx\/en-mexico-la-democracia-esta-fragil-se-estan-perdiendo-derechos-que-costaron-decadas-de-lucha-olga-wornat\/#breadcrumb\"},\"inLanguage\":\"es\",\"potentialAction\":[{\"@type\":\"ReadAction\",\"target\":[\"https:\/\/www.sonoraenequipo.com.mx\/en-mexico-la-democracia-esta-fragil-se-estan-perdiendo-derechos-que-costaron-decadas-de-lucha-olga-wornat\/\"]}]},{\"@type\":\"ImageObject\",\"inLanguage\":\"es\",\"@id\":\"https:\/\/www.sonoraenequipo.com.mx\/en-mexico-la-democracia-esta-fragil-se-estan-perdiendo-derechos-que-costaron-decadas-de-lucha-olga-wornat\/#primaryimage\",\"url\":\"https:\/\/www.sonoraenequipo.com.mx\/storage\/2026\/03\/wornat.jpg\",\"contentUrl\":\"https:\/\/www.sonoraenequipo.com.mx\/storage\/2026\/03\/wornat.jpg\",\"width\":600,\"height\":400},{\"@type\":\"BreadcrumbList\",\"@id\":\"https:\/\/www.sonoraenequipo.com.mx\/en-mexico-la-democracia-esta-fragil-se-estan-perdiendo-derechos-que-costaron-decadas-de-lucha-olga-wornat\/#breadcrumb\",\"itemListElement\":[{\"@type\":\"ListItem\",\"position\":1,\"name\":\"Portada\",\"item\":\"https:\/\/www.sonoraenequipo.com.mx\/\"},{\"@type\":\"ListItem\",\"position\":2,\"name\":\"En M\u00e9xico la democracia est\u00e1 fr\u00e1gil; se est\u00e1n perdiendo derechos que costaron d\u00e9cadas de lucha.\u201d Olga Wornat\"}]},{\"@type\":\"WebSite\",\"@id\":\"https:\/\/www.sonoraenequipo.com.mx\/#website\",\"url\":\"https:\/\/www.sonoraenequipo.com.mx\/\",\"name\":\"Sonora en Equipo.\",\"description\":\"Diario en l\u00ednea con Noticias desde Hermosillo, Sonora\",\"publisher\":{\"@id\":\"https:\/\/www.sonoraenequipo.com.mx\/#organization\"},\"potentialAction\":[{\"@type\":\"SearchAction\",\"target\":{\"@type\":\"EntryPoint\",\"urlTemplate\":\"https:\/\/www.sonoraenequipo.com.mx\/?s={search_term_string}\"},\"query-input\":{\"@type\":\"PropertyValueSpecification\",\"valueRequired\":true,\"valueName\":\"search_term_string\"}}],\"inLanguage\":\"es\"},{\"@type\":\"Organization\",\"@id\":\"https:\/\/www.sonoraenequipo.com.mx\/#organization\",\"name\":\"Sonoraenequipo.com.mx\",\"url\":\"https:\/\/www.sonoraenequipo.com.mx\/\",\"logo\":{\"@type\":\"ImageObject\",\"inLanguage\":\"es\",\"@id\":\"https:\/\/www.sonoraenequipo.com.mx\/#\/schema\/logo\/image\/\",\"url\":\"https:\/\/www.sonoraenequipo.com.mx\/storage\/2019\/01\/sonoraenequipo_opt.png\",\"contentUrl\":\"https:\/\/www.sonoraenequipo.com.mx\/storage\/2019\/01\/sonoraenequipo_opt.png\",\"width\":375,\"height\":125,\"caption\":\"Sonoraenequipo.com.mx\"},\"image\":{\"@id\":\"https:\/\/www.sonoraenequipo.com.mx\/#\/schema\/logo\/image\/\"},\"sameAs\":[\"https:\/\/www.facebook.com\/SonoraEE\/\",\"https:\/\/x.com\/sonoraenequipo\",\"https:\/\/www.youtube.com\/channel\/UC338nW-lPEYmJQs4ZABQ1SQ\"]},{\"@type\":\"Person\",\"@id\":\"https:\/\/www.sonoraenequipo.com.mx\/#\/schema\/person\/50102df0fb23a8fa9e8effad8fa81386\",\"name\":\"enequipo\",\"image\":{\"@type\":\"ImageObject\",\"inLanguage\":\"es\",\"@id\":\"https:\/\/www.sonoraenequipo.com.mx\/#\/schema\/person\/image\/\",\"url\":\"https:\/\/secure.gravatar.com\/avatar\/049821681b589dabc0bc20695993ccebb09f5b5d4d790cd9251b97faac7c652b?s=96&d=blank&r=g\",\"contentUrl\":\"https:\/\/secure.gravatar.com\/avatar\/049821681b589dabc0bc20695993ccebb09f5b5d4d790cd9251b97faac7c652b?s=96&d=blank&r=g\",\"caption\":\"enequipo\"},\"sameAs\":[\"https:\/\/www.facebook.com\/SonoraEE\"]}]}<\/script>\n ","yoast_head_json":{"title":"Sonora en Equipo. En M\u00e9xico la democracia est\u00e1 fr\u00e1gil; se est\u00e1n perdiendo derechos que costaron d\u00e9cadas de lucha.\u201d Olga Wornat Rep\u00fablica","description":"CIUDAD DE M\u00c9XICO. \u2014 En un momento de intensas redefiniciones pol\u00edticas en la regi\u00f3n, el Programa Universitario de Estudios sobre Democracia, Justicia y En Sonora en Equipo publicamos toda la informaci\u00f3n de Sonora, M\u00e9xico y el Mundo de manera oportuna y busca que la libertad de expresi\u00f3n sea real. Visita nuestro medio informativo publicado desde Hermosillo, Sonora. %","robots":{"index":"index","follow":"follow","max-snippet":"max-snippet:-1","max-image-preview":"max-image-preview:large","max-video-preview":"max-video-preview:-1"},"canonical":"https:\/\/www.sonoraenequipo.com.mx\/en-mexico-la-democracia-esta-fragil-se-estan-perdiendo-derechos-que-costaron-decadas-de-lucha-olga-wornat\/","og_locale":"es_ES","og_type":"article","og_title":"Sonora en Equipo. En M\u00e9xico la democracia est\u00e1 fr\u00e1gil; se est\u00e1n perdiendo derechos que costaron d\u00e9cadas de lucha.\u201d Olga Wornat Rep\u00fablica","og_description":"CIUDAD DE M\u00c9XICO. \u2014 En un momento de intensas redefiniciones pol\u00edticas en la regi\u00f3n, el Programa Universitario de Estudios sobre Democracia, Justicia y En Sonora en Equipo publicamos toda la informaci\u00f3n de Sonora, M\u00e9xico y el Mundo de manera oportuna y busca que la libertad de expresi\u00f3n sea real. Visita nuestro medio informativo publicado desde Hermosillo, Sonora. %","og_url":"https:\/\/www.sonoraenequipo.com.mx\/en-mexico-la-democracia-esta-fragil-se-estan-perdiendo-derechos-que-costaron-decadas-de-lucha-olga-wornat\/","og_site_name":"Sonora en Equipo.","article_publisher":"https:\/\/www.facebook.com\/SonoraEE\/","article_author":"https:\/\/www.facebook.com\/SonoraEE","article_published_time":"2026-03-06T21:50:44+00:00","og_image":[{"width":600,"height":400,"url":"https:\/\/www.sonoraenequipo.com.mx\/storage\/2026\/03\/wornat.jpg","type":"image\/jpeg"}],"author":"enequipo","twitter_card":"summary_large_image","twitter_creator":"@sonoraenequipo","twitter_site":"@sonoraenequipo","twitter_misc":{"Escrito por":"enequipo","Tiempo de lectura":"5 minutos"},"schema":{"@context":"https:\/\/schema.org","@graph":[{"@type":"Article","@id":"https:\/\/www.sonoraenequipo.com.mx\/en-mexico-la-democracia-esta-fragil-se-estan-perdiendo-derechos-que-costaron-decadas-de-lucha-olga-wornat\/#article","isPartOf":{"@id":"https:\/\/www.sonoraenequipo.com.mx\/en-mexico-la-democracia-esta-fragil-se-estan-perdiendo-derechos-que-costaron-decadas-de-lucha-olga-wornat\/"},"author":{"name":"enequipo","@id":"https:\/\/www.sonoraenequipo.com.mx\/#\/schema\/person\/50102df0fb23a8fa9e8effad8fa81386"},"headline":"En M\u00e9xico la democracia est\u00e1 fr\u00e1gil; se est\u00e1n perdiendo derechos que costaron d\u00e9cadas de lucha.\u201d Olga Wornat","datePublished":"2026-03-06T21:50:44+00:00","mainEntityOfPage":{"@id":"https:\/\/www.sonoraenequipo.com.mx\/en-mexico-la-democracia-esta-fragil-se-estan-perdiendo-derechos-que-costaron-decadas-de-lucha-olga-wornat\/"},"wordCount":1074,"commentCount":0,"publisher":{"@id":"https:\/\/www.sonoraenequipo.com.mx\/#organization"},"image":{"@id":"https:\/\/www.sonoraenequipo.com.mx\/en-mexico-la-democracia-esta-fragil-se-estan-perdiendo-derechos-que-costaron-decadas-de-lucha-olga-wornat\/#primaryimage"},"thumbnailUrl":"https:\/\/www.sonoraenequipo.com.mx\/storage\/2026\/03\/wornat.jpg","keywords":["Democracia","mexico","wornat"],"articleSection":["Rep\u00fablica"],"inLanguage":"es","potentialAction":[{"@type":"CommentAction","name":"Comment","target":["https:\/\/www.sonoraenequipo.com.mx\/en-mexico-la-democracia-esta-fragil-se-estan-perdiendo-derechos-que-costaron-decadas-de-lucha-olga-wornat\/#respond"]}]},{"@type":"WebPage","@id":"https:\/\/www.sonoraenequipo.com.mx\/en-mexico-la-democracia-esta-fragil-se-estan-perdiendo-derechos-que-costaron-decadas-de-lucha-olga-wornat\/","url":"https:\/\/www.sonoraenequipo.com.mx\/en-mexico-la-democracia-esta-fragil-se-estan-perdiendo-derechos-que-costaron-decadas-de-lucha-olga-wornat\/","name":"Sonora en Equipo. En M\u00e9xico la democracia est\u00e1 fr\u00e1gil; se est\u00e1n perdiendo derechos que costaron d\u00e9cadas de lucha.\u201d Olga Wornat Rep\u00fablica","isPartOf":{"@id":"https:\/\/www.sonoraenequipo.com.mx\/#website"},"primaryImageOfPage":{"@id":"https:\/\/www.sonoraenequipo.com.mx\/en-mexico-la-democracia-esta-fragil-se-estan-perdiendo-derechos-que-costaron-decadas-de-lucha-olga-wornat\/#primaryimage"},"image":{"@id":"https:\/\/www.sonoraenequipo.com.mx\/en-mexico-la-democracia-esta-fragil-se-estan-perdiendo-derechos-que-costaron-decadas-de-lucha-olga-wornat\/#primaryimage"},"thumbnailUrl":"https:\/\/www.sonoraenequipo.com.mx\/storage\/2026\/03\/wornat.jpg","datePublished":"2026-03-06T21:50:44+00:00","description":"CIUDAD DE M\u00c9XICO. \u2014 En un momento de intensas redefiniciones pol\u00edticas en la regi\u00f3n, el Programa Universitario de Estudios sobre Democracia, Justicia y En Sonora en Equipo publicamos toda la informaci\u00f3n de Sonora, M\u00e9xico y el Mundo de manera oportuna y busca que la libertad de expresi\u00f3n sea real. Visita nuestro medio informativo publicado desde Hermosillo, Sonora. %","breadcrumb":{"@id":"https:\/\/www.sonoraenequipo.com.mx\/en-mexico-la-democracia-esta-fragil-se-estan-perdiendo-derechos-que-costaron-decadas-de-lucha-olga-wornat\/#breadcrumb"},"inLanguage":"es","potentialAction":[{"@type":"ReadAction","target":["https:\/\/www.sonoraenequipo.com.mx\/en-mexico-la-democracia-esta-fragil-se-estan-perdiendo-derechos-que-costaron-decadas-de-lucha-olga-wornat\/"]}]},{"@type":"ImageObject","inLanguage":"es","@id":"https:\/\/www.sonoraenequipo.com.mx\/en-mexico-la-democracia-esta-fragil-se-estan-perdiendo-derechos-que-costaron-decadas-de-lucha-olga-wornat\/#primaryimage","url":"https:\/\/www.sonoraenequipo.com.mx\/storage\/2026\/03\/wornat.jpg","contentUrl":"https:\/\/www.sonoraenequipo.com.mx\/storage\/2026\/03\/wornat.jpg","width":600,"height":400},{"@type":"BreadcrumbList","@id":"https:\/\/www.sonoraenequipo.com.mx\/en-mexico-la-democracia-esta-fragil-se-estan-perdiendo-derechos-que-costaron-decadas-de-lucha-olga-wornat\/#breadcrumb","itemListElement":[{"@type":"ListItem","position":1,"name":"Portada","item":"https:\/\/www.sonoraenequipo.com.mx\/"},{"@type":"ListItem","position":2,"name":"En M\u00e9xico la democracia est\u00e1 fr\u00e1gil; se est\u00e1n perdiendo derechos que costaron d\u00e9cadas de lucha.\u201d Olga Wornat"}]},{"@type":"WebSite","@id":"https:\/\/www.sonoraenequipo.com.mx\/#website","url":"https:\/\/www.sonoraenequipo.com.mx\/","name":"Sonora en Equipo.","description":"Diario en l\u00ednea con Noticias desde Hermosillo, Sonora","publisher":{"@id":"https:\/\/www.sonoraenequipo.com.mx\/#organization"},"potentialAction":[{"@type":"SearchAction","target":{"@type":"EntryPoint","urlTemplate":"https:\/\/www.sonoraenequipo.com.mx\/?s={search_term_string}"},"query-input":{"@type":"PropertyValueSpecification","valueRequired":true,"valueName":"search_term_string"}}],"inLanguage":"es"},{"@type":"Organization","@id":"https:\/\/www.sonoraenequipo.com.mx\/#organization","name":"Sonoraenequipo.com.mx","url":"https:\/\/www.sonoraenequipo.com.mx\/","logo":{"@type":"ImageObject","inLanguage":"es","@id":"https:\/\/www.sonoraenequipo.com.mx\/#\/schema\/logo\/image\/","url":"https:\/\/www.sonoraenequipo.com.mx\/storage\/2019\/01\/sonoraenequipo_opt.png","contentUrl":"https:\/\/www.sonoraenequipo.com.mx\/storage\/2019\/01\/sonoraenequipo_opt.png","width":375,"height":125,"caption":"Sonoraenequipo.com.mx"},"image":{"@id":"https:\/\/www.sonoraenequipo.com.mx\/#\/schema\/logo\/image\/"},"sameAs":["https:\/\/www.facebook.com\/SonoraEE\/","https:\/\/x.com\/sonoraenequipo","https:\/\/www.youtube.com\/channel\/UC338nW-lPEYmJQs4ZABQ1SQ"]},{"@type":"Person","@id":"https:\/\/www.sonoraenequipo.com.mx\/#\/schema\/person\/50102df0fb23a8fa9e8effad8fa81386","name":"enequipo","image":{"@type":"ImageObject","inLanguage":"es","@id":"https:\/\/www.sonoraenequipo.com.mx\/#\/schema\/person\/image\/","url":"https:\/\/secure.gravatar.com\/avatar\/049821681b589dabc0bc20695993ccebb09f5b5d4d790cd9251b97faac7c652b?s=96&d=blank&r=g","contentUrl":"https:\/\/secure.gravatar.com\/avatar\/049821681b589dabc0bc20695993ccebb09f5b5d4d790cd9251b97faac7c652b?s=96&d=blank&r=g","caption":"enequipo"},"sameAs":["https:\/\/www.facebook.com\/SonoraEE"]}]}},"jetpack_featured_media_url":"https:\/\/www.sonoraenequipo.com.mx\/storage\/2026\/03\/wornat.jpg","_links":{"self":[{"href":"https:\/\/www.sonoraenequipo.com.mx\/api\/wp\/v2\/posts\/236712","targetHints":{"allow":["GET"]}}],"collection":[{"href":"https:\/\/www.sonoraenequipo.com.mx\/api\/wp\/v2\/posts"}],"about":[{"href":"https:\/\/www.sonoraenequipo.com.mx\/api\/wp\/v2\/types\/post"}],"author":[{"embeddable":true,"href":"https:\/\/www.sonoraenequipo.com.mx\/api\/wp\/v2\/users\/1"}],"replies":[{"embeddable":true,"href":"https:\/\/www.sonoraenequipo.com.mx\/api\/wp\/v2\/comments?post=236712"}],"version-history":[{"count":1,"href":"https:\/\/www.sonoraenequipo.com.mx\/api\/wp\/v2\/posts\/236712\/revisions"}],"predecessor-version":[{"id":236714,"href":"https:\/\/www.sonoraenequipo.com.mx\/api\/wp\/v2\/posts\/236712\/revisions\/236714"}],"wp:featuredmedia":[{"embeddable":true,"href":"https:\/\/www.sonoraenequipo.com.mx\/api\/wp\/v2\/media\/236713"}],"wp:attachment":[{"href":"https:\/\/www.sonoraenequipo.com.mx\/api\/wp\/v2\/media?parent=236712"}],"wp:term":[{"taxonomy":"category","embeddable":true,"href":"https:\/\/www.sonoraenequipo.com.mx\/api\/wp\/v2\/categories?post=236712"},{"taxonomy":"post_tag","embeddable":true,"href":"https:\/\/www.sonoraenequipo.com.mx\/api\/wp\/v2\/tags?post=236712"}],"curies":[{"name":"wp","href":"https:\/\/api.w.org\/{rel}","templated":true}]}}