{"id":236718,"date":"2026-03-06T16:14:37","date_gmt":"2026-03-06T23:14:37","guid":{"rendered":"https:\/\/www.sonoraenequipo.com.mx\/?p=236718"},"modified":"2026-03-06T16:14:37","modified_gmt":"2026-03-06T23:14:37","slug":"hermosillo-emite-salud-municipal-recomendaciones-ante-llegada-de-frente-frio-39","status":"publish","type":"post","link":"https:\/\/www.sonoraenequipo.com.mx\/hermosillo-emite-salud-municipal-recomendaciones-ante-llegada-de-frente-frio-39\/","title":{"rendered":"Hermosillo. Emite Salud \u00a0Municipal recomendaciones ante llegada de frente fr\u00edo 39"},"content":{"rendered":"<p><strong>HERMOSILLO, SONORA, MX. \u2014<\/strong> Ante el pron\u00f3stico del ingreso del frente fr\u00edo n\u00famero 39, en interacci\u00f3n con una vaguada polar, la Direcci\u00f3n General de Salud P\u00fablica del Ayuntamiento de Hermosillo exhorta a la poblaci\u00f3n a tomar medidas preventivas para proteger su salud ante los cambios bruscos de temperatura que se registrar\u00e1n en los pr\u00f3ximos d\u00edas.<\/p>\n<p>&nbsp;<\/p>\n<p>&nbsp;<\/p>\n<p>&nbsp;<\/p>\n<p>El Director General de Salud P\u00fablica Municipal, Luis Becerra Hurtado, explic\u00f3 que este tipo de fen\u00f3menos meteorol\u00f3gicos pueden favorecer la aparici\u00f3n o agravamiento de enfermedades respiratorias, como resfriado com\u00fan, gripe, bronquitis o crisis asm\u00e1ticas, especialmente en ni\u00f1as, ni\u00f1os, personas adultas mayores y personas con enfermedades cr\u00f3nicas.<\/p>\n<p>&nbsp;<\/p>\n<p>&nbsp;<\/p>\n<p>&nbsp;<\/p>\n<p>De acuerdo con reportes del Servicio Meteorol\u00f3gico Nacional y autoridades de Protecci\u00f3n Civil, este sistema frontal podr\u00eda generar en la regi\u00f3n descenso considerable en las temperaturas, rachas de viento, probabilidad de lluvias e incluso ca\u00edda de granizo, condiciones que podr\u00edan sentirse tambi\u00e9n en distintos puntos del municipio de Hermosillo.<\/p>\n<p>&nbsp;<\/p>\n<p>&nbsp;<\/p>\n<p>&nbsp;<\/p>\n<p>\u201cLos cambios bruscos de temperatura pueden debilitar las defensas del organismo y aumentar el riesgo de infecciones respiratorias. Por ello es importante que la poblaci\u00f3n tome medidas preventivas y est\u00e9 atenta a las recomendaciones de las autoridades\u201d, se\u00f1al\u00f3.<\/p>\n<p><strong>Fecha de publicaci\u00f3n viernes 6 de marzo de 2026<\/strong><\/p>\n<p>&nbsp;<\/p>\n<p>&nbsp;<\/p>\n<p>&nbsp;<\/p>\n<p>&nbsp;<\/p>\n<p>Tras el paso del sistema frontal, se prev\u00e9 un nuevo incremento en las temperaturas, situaci\u00f3n que tambi\u00e9n puede impactar en la salud de las personas debido a la variabilidad clim\u00e1tica, por lo que es importante mantener h\u00e1bitos de autocuidado, dijo.<\/p>\n<p>&nbsp;<\/p>\n<p>La Direcci\u00f3n General de Salud P\u00fablica reiter\u00f3 el llamado a la ciudadan\u00eda a mantenerse informada a trav\u00e9s de fuentes oficiales y seguir las recomendaciones de las autoridades de salud y protecci\u00f3n civil para prevenir afectaciones durante esta temporalidad clim\u00e1tica.<\/p>\n<p>&nbsp;<\/p>\n<p>&nbsp;<\/p>\n<p>&nbsp;<\/p>\n<p>Recomendaciones:<\/p>\n<p>&nbsp;<\/p>\n<p>-Abrigarse adecuadamente, especialmente durante las ma\u00f1anas y noches.<\/p>\n<p>&nbsp;<\/p>\n<p>-Evitar cambios bruscos de temperatura.<\/p>\n<p>&nbsp;<\/p>\n<p>-Consumir alimentos ricos en vitamina C y mantenerse bien hidratados.<\/p>\n<p>&nbsp;<\/p>\n<p>-Lavarse las manos con frecuencia para prevenir contagios de enfermedades respiratorias.<\/p>\n<p>&nbsp;<\/p>\n<p>-Cubrirse boca y nariz con el antebrazo al toser o estornudar.<\/p>\n<p>&nbsp;<\/p>\n<p>-Evitar la exposici\u00f3n prolongada a corrientes de aire fr\u00edo.<\/p>\n<p>&nbsp;<\/p>\n<p>-Proteger especialmente a ni\u00f1as, ni\u00f1os, adultos mayores y personas con enfermedades respiratorias cr\u00f3nicas.<\/p>\n<p>&nbsp;<\/p>\n<p>-En caso de presentar s\u00edntomas como fiebre, tos persistente, dolor de garganta o dificultad para respirar, acudir oportunamente a valoraci\u00f3n m\u00e9dica.<\/p>\n<p><strong>Fecha de publicaci\u00f3n viernes 6 de marzo de 2026<\/strong><\/p>\n<p>&nbsp;<\/p>\n<p>&nbsp;<\/p>\n<p>&nbsp;<\/p>\n<p>&nbsp;<\/p>\n<p>&nbsp;<\/p>\n<p>&nbsp;<\/p>\n","protected":false},"excerpt":{"rendered":"<p>HERMOSILLO, SONORA, MX. \u2014 Ante el pron\u00f3stico del ingreso del frente fr\u00edo n\u00famero 39, en&#8230;<\/p>\n","protected":false},"author":1,"featured_media":229228,"comment_status":"open","ping_status":"open","sticky":false,"template":"","format":"standard","meta":{"_monsterinsights_skip_tracking":false,"_monsterinsights_sitenote_active":false,"_monsterinsights_sitenote_note":"","_monsterinsights_sitenote_category":0,"footnotes":""},"categories":[1],"tags":[],"class_list":["post"],"yoast_head":" \n<title>Sonora en Equipo. Hermosillo. Emite Salud \u00a0Municipal recomendaciones ante llegada de frente fr\u00edo 39<\/title>\n<meta name=\"description\" content=\"HERMOSILLO, SONORA, MX. \u2014 Ante el pron\u00f3stico del ingreso del frente fr\u00edo n\u00famero 39, en interacci\u00f3n con una vaguada polar, la Direcci\u00f3n General de Salud En Sonora en Equipo publicamos toda la informaci\u00f3n de Sonora, M\u00e9xico y el Mundo de manera oportuna y busca que la libertad de expresi\u00f3n sea real. Visita nuestro medio informativo publicado desde Hermosillo, Sonora. %\" \/>\n<meta name=\"robots\" content=\"index, follow, max-snippet:-1, max-image-preview:large, max-video-preview:-1\" \/>\n<link rel=\"canonical\" href=\"https:\/\/www.sonoraenequipo.com.mx\/hermosillo-emite-salud-municipal-recomendaciones-ante-llegada-de-frente-frio-39\/\" \/>\n<meta property=\"og:locale\" content=\"es_ES\" \/>\n<meta property=\"og:type\" content=\"article\" \/>\n<meta property=\"og:title\" content=\"Sonora en Equipo. Hermosillo. Emite Salud \u00a0Municipal recomendaciones ante llegada de frente fr\u00edo 39\" \/>\n<meta property=\"og:description\" content=\"HERMOSILLO, SONORA, MX. \u2014 Ante el pron\u00f3stico del ingreso del frente fr\u00edo n\u00famero 39, en interacci\u00f3n con una vaguada polar, la Direcci\u00f3n General de Salud En Sonora en Equipo publicamos toda la informaci\u00f3n de Sonora, M\u00e9xico y el Mundo de manera oportuna y busca que la libertad de expresi\u00f3n sea real. Visita nuestro medio informativo publicado desde Hermosillo, Sonora. %\" \/>\n<meta property=\"og:url\" content=\"https:\/\/www.sonoraenequipo.com.mx\/hermosillo-emite-salud-municipal-recomendaciones-ante-llegada-de-frente-frio-39\/\" \/>\n<meta property=\"og:site_name\" content=\"Sonora en Equipo.\" \/>\n<meta property=\"article:publisher\" content=\"https:\/\/www.facebook.com\/SonoraEE\/\" \/>\n<meta property=\"article:author\" content=\"https:\/\/www.facebook.com\/SonoraEE\" \/>\n<meta property=\"article:published_time\" content=\"2026-03-06T23:14:37+00:00\" \/>\n<meta property=\"og:image\" content=\"https:\/\/www.sonoraenequipo.com.mx\/storage\/2025\/11\/frio-sonora2.jpg\" \/>\n\t<meta property=\"og:image:width\" content=\"600\" \/>\n\t<meta property=\"og:image:height\" content=\"400\" \/>\n\t<meta property=\"og:image:type\" content=\"image\/jpeg\" \/>\n<meta name=\"author\" content=\"enequipo\" \/>\n<meta name=\"twitter:card\" content=\"summary_large_image\" \/>\n<meta name=\"twitter:creator\" content=\"@sonoraenequipo\" \/>\n<meta name=\"twitter:site\" content=\"@sonoraenequipo\" \/>\n<meta name=\"twitter:label1\" content=\"Escrito por\" \/>\n\t<meta name=\"twitter:data1\" content=\"enequipo\" \/>\n\t<meta name=\"twitter:label2\" content=\"Tiempo de lectura\" \/>\n\t<meta name=\"twitter:data2\" content=\"2 minutos\" \/>\n<script type=\"application\/ld+json\" class=\"yoast-schema-graph\">{\"@context\":\"https:\/\/schema.org\",\"@graph\":[{\"@type\":\"Article\",\"@id\":\"https:\/\/www.sonoraenequipo.com.mx\/hermosillo-emite-salud-municipal-recomendaciones-ante-llegada-de-frente-frio-39\/#article\",\"isPartOf\":{\"@id\":\"https:\/\/www.sonoraenequipo.com.mx\/hermosillo-emite-salud-municipal-recomendaciones-ante-llegada-de-frente-frio-39\/\"},\"author\":{\"name\":\"enequipo\",\"@id\":\"https:\/\/www.sonoraenequipo.com.mx\/#\/schema\/person\/50102df0fb23a8fa9e8effad8fa81386\"},\"headline\":\"Hermosillo. Emite Salud \u00a0Municipal recomendaciones ante llegada de frente fr\u00edo 39\",\"datePublished\":\"2026-03-06T23:14:37+00:00\",\"mainEntityOfPage\":{\"@id\":\"https:\/\/www.sonoraenequipo.com.mx\/hermosillo-emite-salud-municipal-recomendaciones-ante-llegada-de-frente-frio-39\/\"},\"wordCount\":459,\"commentCount\":0,\"publisher\":{\"@id\":\"https:\/\/www.sonoraenequipo.com.mx\/#organization\"},\"image\":{\"@id\":\"https:\/\/www.sonoraenequipo.com.mx\/hermosillo-emite-salud-municipal-recomendaciones-ante-llegada-de-frente-frio-39\/#primaryimage\"},\"thumbnailUrl\":\"https:\/\/www.sonoraenequipo.com.mx\/storage\/2025\/11\/frio-sonora2.jpg\",\"articleSection\":[\"Sin categorizar\"],\"inLanguage\":\"es\",\"potentialAction\":[{\"@type\":\"CommentAction\",\"name\":\"Comment\",\"target\":[\"https:\/\/www.sonoraenequipo.com.mx\/hermosillo-emite-salud-municipal-recomendaciones-ante-llegada-de-frente-frio-39\/#respond\"]}]},{\"@type\":\"WebPage\",\"@id\":\"https:\/\/www.sonoraenequipo.com.mx\/hermosillo-emite-salud-municipal-recomendaciones-ante-llegada-de-frente-frio-39\/\",\"url\":\"https:\/\/www.sonoraenequipo.com.mx\/hermosillo-emite-salud-municipal-recomendaciones-ante-llegada-de-frente-frio-39\/\",\"name\":\"Sonora en Equipo. Hermosillo. Emite Salud \u00a0Municipal recomendaciones ante llegada de frente fr\u00edo 39\",\"isPartOf\":{\"@id\":\"https:\/\/www.sonoraenequipo.com.mx\/#website\"},\"primaryImageOfPage\":{\"@id\":\"https:\/\/www.sonoraenequipo.com.mx\/hermosillo-emite-salud-municipal-recomendaciones-ante-llegada-de-frente-frio-39\/#primaryimage\"},\"image\":{\"@id\":\"https:\/\/www.sonoraenequipo.com.mx\/hermosillo-emite-salud-municipal-recomendaciones-ante-llegada-de-frente-frio-39\/#primaryimage\"},\"thumbnailUrl\":\"https:\/\/www.sonoraenequipo.com.mx\/storage\/2025\/11\/frio-sonora2.jpg\",\"datePublished\":\"2026-03-06T23:14:37+00:00\",\"description\":\"HERMOSILLO, SONORA, MX. \u2014 Ante el pron\u00f3stico del ingreso del frente fr\u00edo n\u00famero 39, en interacci\u00f3n con una vaguada polar, la Direcci\u00f3n General de Salud En Sonora en Equipo publicamos toda la informaci\u00f3n de Sonora, M\u00e9xico y el Mundo de manera oportuna y busca que la libertad de expresi\u00f3n sea real. Visita nuestro medio informativo publicado desde Hermosillo, Sonora. %\",\"breadcrumb\":{\"@id\":\"https:\/\/www.sonoraenequipo.com.mx\/hermosillo-emite-salud-municipal-recomendaciones-ante-llegada-de-frente-frio-39\/#breadcrumb\"},\"inLanguage\":\"es\",\"potentialAction\":[{\"@type\":\"ReadAction\",\"target\":[\"https:\/\/www.sonoraenequipo.com.mx\/hermosillo-emite-salud-municipal-recomendaciones-ante-llegada-de-frente-frio-39\/\"]}]},{\"@type\":\"ImageObject\",\"inLanguage\":\"es\",\"@id\":\"https:\/\/www.sonoraenequipo.com.mx\/hermosillo-emite-salud-municipal-recomendaciones-ante-llegada-de-frente-frio-39\/#primaryimage\",\"url\":\"https:\/\/www.sonoraenequipo.com.mx\/storage\/2025\/11\/frio-sonora2.jpg\",\"contentUrl\":\"https:\/\/www.sonoraenequipo.com.mx\/storage\/2025\/11\/frio-sonora2.jpg\",\"width\":600,\"height\":400},{\"@type\":\"BreadcrumbList\",\"@id\":\"https:\/\/www.sonoraenequipo.com.mx\/hermosillo-emite-salud-municipal-recomendaciones-ante-llegada-de-frente-frio-39\/#breadcrumb\",\"itemListElement\":[{\"@type\":\"ListItem\",\"position\":1,\"name\":\"Portada\",\"item\":\"https:\/\/www.sonoraenequipo.com.mx\/\"},{\"@type\":\"ListItem\",\"position\":2,\"name\":\"Hermosillo. Emite Salud \u00a0Municipal recomendaciones ante llegada de frente fr\u00edo 39\"}]},{\"@type\":\"WebSite\",\"@id\":\"https:\/\/www.sonoraenequipo.com.mx\/#website\",\"url\":\"https:\/\/www.sonoraenequipo.com.mx\/\",\"name\":\"Sonora en Equipo.\",\"description\":\"Diario en l\u00ednea con Noticias desde Hermosillo, Sonora\",\"publisher\":{\"@id\":\"https:\/\/www.sonoraenequipo.com.mx\/#organization\"},\"potentialAction\":[{\"@type\":\"SearchAction\",\"target\":{\"@type\":\"EntryPoint\",\"urlTemplate\":\"https:\/\/www.sonoraenequipo.com.mx\/?s={search_term_string}\"},\"query-input\":{\"@type\":\"PropertyValueSpecification\",\"valueRequired\":true,\"valueName\":\"search_term_string\"}}],\"inLanguage\":\"es\"},{\"@type\":\"Organization\",\"@id\":\"https:\/\/www.sonoraenequipo.com.mx\/#organization\",\"name\":\"Sonoraenequipo.com.mx\",\"url\":\"https:\/\/www.sonoraenequipo.com.mx\/\",\"logo\":{\"@type\":\"ImageObject\",\"inLanguage\":\"es\",\"@id\":\"https:\/\/www.sonoraenequipo.com.mx\/#\/schema\/logo\/image\/\",\"url\":\"https:\/\/www.sonoraenequipo.com.mx\/storage\/2019\/01\/sonoraenequipo_opt.png\",\"contentUrl\":\"https:\/\/www.sonoraenequipo.com.mx\/storage\/2019\/01\/sonoraenequipo_opt.png\",\"width\":375,\"height\":125,\"caption\":\"Sonoraenequipo.com.mx\"},\"image\":{\"@id\":\"https:\/\/www.sonoraenequipo.com.mx\/#\/schema\/logo\/image\/\"},\"sameAs\":[\"https:\/\/www.facebook.com\/SonoraEE\/\",\"https:\/\/x.com\/sonoraenequipo\",\"https:\/\/www.youtube.com\/channel\/UC338nW-lPEYmJQs4ZABQ1SQ\"]},{\"@type\":\"Person\",\"@id\":\"https:\/\/www.sonoraenequipo.com.mx\/#\/schema\/person\/50102df0fb23a8fa9e8effad8fa81386\",\"name\":\"enequipo\",\"image\":{\"@type\":\"ImageObject\",\"inLanguage\":\"es\",\"@id\":\"https:\/\/www.sonoraenequipo.com.mx\/#\/schema\/person\/image\/\",\"url\":\"https:\/\/secure.gravatar.com\/avatar\/049821681b589dabc0bc20695993ccebb09f5b5d4d790cd9251b97faac7c652b?s=96&d=blank&r=g\",\"contentUrl\":\"https:\/\/secure.gravatar.com\/avatar\/049821681b589dabc0bc20695993ccebb09f5b5d4d790cd9251b97faac7c652b?s=96&d=blank&r=g\",\"caption\":\"enequipo\"},\"sameAs\":[\"https:\/\/www.facebook.com\/SonoraEE\"]}]}<\/script>\n ","yoast_head_json":{"title":"Sonora en Equipo. Hermosillo. Emite Salud \u00a0Municipal recomendaciones ante llegada de frente fr\u00edo 39","description":"HERMOSILLO, SONORA, MX. \u2014 Ante el pron\u00f3stico del ingreso del frente fr\u00edo n\u00famero 39, en interacci\u00f3n con una vaguada polar, la Direcci\u00f3n General de Salud En Sonora en Equipo publicamos toda la informaci\u00f3n de Sonora, M\u00e9xico y el Mundo de manera oportuna y busca que la libertad de expresi\u00f3n sea real. Visita nuestro medio informativo publicado desde Hermosillo, Sonora. %","robots":{"index":"index","follow":"follow","max-snippet":"max-snippet:-1","max-image-preview":"max-image-preview:large","max-video-preview":"max-video-preview:-1"},"canonical":"https:\/\/www.sonoraenequipo.com.mx\/hermosillo-emite-salud-municipal-recomendaciones-ante-llegada-de-frente-frio-39\/","og_locale":"es_ES","og_type":"article","og_title":"Sonora en Equipo. Hermosillo. Emite Salud \u00a0Municipal recomendaciones ante llegada de frente fr\u00edo 39","og_description":"HERMOSILLO, SONORA, MX. \u2014 Ante el pron\u00f3stico del ingreso del frente fr\u00edo n\u00famero 39, en interacci\u00f3n con una vaguada polar, la Direcci\u00f3n General de Salud En Sonora en Equipo publicamos toda la informaci\u00f3n de Sonora, M\u00e9xico y el Mundo de manera oportuna y busca que la libertad de expresi\u00f3n sea real. Visita nuestro medio informativo publicado desde Hermosillo, Sonora. %","og_url":"https:\/\/www.sonoraenequipo.com.mx\/hermosillo-emite-salud-municipal-recomendaciones-ante-llegada-de-frente-frio-39\/","og_site_name":"Sonora en Equipo.","article_publisher":"https:\/\/www.facebook.com\/SonoraEE\/","article_author":"https:\/\/www.facebook.com\/SonoraEE","article_published_time":"2026-03-06T23:14:37+00:00","og_image":[{"width":600,"height":400,"url":"https:\/\/www.sonoraenequipo.com.mx\/storage\/2025\/11\/frio-sonora2.jpg","type":"image\/jpeg"}],"author":"enequipo","twitter_card":"summary_large_image","twitter_creator":"@sonoraenequipo","twitter_site":"@sonoraenequipo","twitter_misc":{"Escrito por":"enequipo","Tiempo de lectura":"2 minutos"},"schema":{"@context":"https:\/\/schema.org","@graph":[{"@type":"Article","@id":"https:\/\/www.sonoraenequipo.com.mx\/hermosillo-emite-salud-municipal-recomendaciones-ante-llegada-de-frente-frio-39\/#article","isPartOf":{"@id":"https:\/\/www.sonoraenequipo.com.mx\/hermosillo-emite-salud-municipal-recomendaciones-ante-llegada-de-frente-frio-39\/"},"author":{"name":"enequipo","@id":"https:\/\/www.sonoraenequipo.com.mx\/#\/schema\/person\/50102df0fb23a8fa9e8effad8fa81386"},"headline":"Hermosillo. Emite Salud \u00a0Municipal recomendaciones ante llegada de frente fr\u00edo 39","datePublished":"2026-03-06T23:14:37+00:00","mainEntityOfPage":{"@id":"https:\/\/www.sonoraenequipo.com.mx\/hermosillo-emite-salud-municipal-recomendaciones-ante-llegada-de-frente-frio-39\/"},"wordCount":459,"commentCount":0,"publisher":{"@id":"https:\/\/www.sonoraenequipo.com.mx\/#organization"},"image":{"@id":"https:\/\/www.sonoraenequipo.com.mx\/hermosillo-emite-salud-municipal-recomendaciones-ante-llegada-de-frente-frio-39\/#primaryimage"},"thumbnailUrl":"https:\/\/www.sonoraenequipo.com.mx\/storage\/2025\/11\/frio-sonora2.jpg","articleSection":["Sin categorizar"],"inLanguage":"es","potentialAction":[{"@type":"CommentAction","name":"Comment","target":["https:\/\/www.sonoraenequipo.com.mx\/hermosillo-emite-salud-municipal-recomendaciones-ante-llegada-de-frente-frio-39\/#respond"]}]},{"@type":"WebPage","@id":"https:\/\/www.sonoraenequipo.com.mx\/hermosillo-emite-salud-municipal-recomendaciones-ante-llegada-de-frente-frio-39\/","url":"https:\/\/www.sonoraenequipo.com.mx\/hermosillo-emite-salud-municipal-recomendaciones-ante-llegada-de-frente-frio-39\/","name":"Sonora en Equipo. Hermosillo. Emite Salud \u00a0Municipal recomendaciones ante llegada de frente fr\u00edo 39","isPartOf":{"@id":"https:\/\/www.sonoraenequipo.com.mx\/#website"},"primaryImageOfPage":{"@id":"https:\/\/www.sonoraenequipo.com.mx\/hermosillo-emite-salud-municipal-recomendaciones-ante-llegada-de-frente-frio-39\/#primaryimage"},"image":{"@id":"https:\/\/www.sonoraenequipo.com.mx\/hermosillo-emite-salud-municipal-recomendaciones-ante-llegada-de-frente-frio-39\/#primaryimage"},"thumbnailUrl":"https:\/\/www.sonoraenequipo.com.mx\/storage\/2025\/11\/frio-sonora2.jpg","datePublished":"2026-03-06T23:14:37+00:00","description":"HERMOSILLO, SONORA, MX. \u2014 Ante el pron\u00f3stico del ingreso del frente fr\u00edo n\u00famero 39, en interacci\u00f3n con una vaguada polar, la Direcci\u00f3n General de Salud En Sonora en Equipo publicamos toda la informaci\u00f3n de Sonora, M\u00e9xico y el Mundo de manera oportuna y busca que la libertad de expresi\u00f3n sea real. Visita nuestro medio informativo publicado desde Hermosillo, Sonora. %","breadcrumb":{"@id":"https:\/\/www.sonoraenequipo.com.mx\/hermosillo-emite-salud-municipal-recomendaciones-ante-llegada-de-frente-frio-39\/#breadcrumb"},"inLanguage":"es","potentialAction":[{"@type":"ReadAction","target":["https:\/\/www.sonoraenequipo.com.mx\/hermosillo-emite-salud-municipal-recomendaciones-ante-llegada-de-frente-frio-39\/"]}]},{"@type":"ImageObject","inLanguage":"es","@id":"https:\/\/www.sonoraenequipo.com.mx\/hermosillo-emite-salud-municipal-recomendaciones-ante-llegada-de-frente-frio-39\/#primaryimage","url":"https:\/\/www.sonoraenequipo.com.mx\/storage\/2025\/11\/frio-sonora2.jpg","contentUrl":"https:\/\/www.sonoraenequipo.com.mx\/storage\/2025\/11\/frio-sonora2.jpg","width":600,"height":400},{"@type":"BreadcrumbList","@id":"https:\/\/www.sonoraenequipo.com.mx\/hermosillo-emite-salud-municipal-recomendaciones-ante-llegada-de-frente-frio-39\/#breadcrumb","itemListElement":[{"@type":"ListItem","position":1,"name":"Portada","item":"https:\/\/www.sonoraenequipo.com.mx\/"},{"@type":"ListItem","position":2,"name":"Hermosillo. Emite Salud \u00a0Municipal recomendaciones ante llegada de frente fr\u00edo 39"}]},{"@type":"WebSite","@id":"https:\/\/www.sonoraenequipo.com.mx\/#website","url":"https:\/\/www.sonoraenequipo.com.mx\/","name":"Sonora en Equipo.","description":"Diario en l\u00ednea con Noticias desde Hermosillo, Sonora","publisher":{"@id":"https:\/\/www.sonoraenequipo.com.mx\/#organization"},"potentialAction":[{"@type":"SearchAction","target":{"@type":"EntryPoint","urlTemplate":"https:\/\/www.sonoraenequipo.com.mx\/?s={search_term_string}"},"query-input":{"@type":"PropertyValueSpecification","valueRequired":true,"valueName":"search_term_string"}}],"inLanguage":"es"},{"@type":"Organization","@id":"https:\/\/www.sonoraenequipo.com.mx\/#organization","name":"Sonoraenequipo.com.mx","url":"https:\/\/www.sonoraenequipo.com.mx\/","logo":{"@type":"ImageObject","inLanguage":"es","@id":"https:\/\/www.sonoraenequipo.com.mx\/#\/schema\/logo\/image\/","url":"https:\/\/www.sonoraenequipo.com.mx\/storage\/2019\/01\/sonoraenequipo_opt.png","contentUrl":"https:\/\/www.sonoraenequipo.com.mx\/storage\/2019\/01\/sonoraenequipo_opt.png","width":375,"height":125,"caption":"Sonoraenequipo.com.mx"},"image":{"@id":"https:\/\/www.sonoraenequipo.com.mx\/#\/schema\/logo\/image\/"},"sameAs":["https:\/\/www.facebook.com\/SonoraEE\/","https:\/\/x.com\/sonoraenequipo","https:\/\/www.youtube.com\/channel\/UC338nW-lPEYmJQs4ZABQ1SQ"]},{"@type":"Person","@id":"https:\/\/www.sonoraenequipo.com.mx\/#\/schema\/person\/50102df0fb23a8fa9e8effad8fa81386","name":"enequipo","image":{"@type":"ImageObject","inLanguage":"es","@id":"https:\/\/www.sonoraenequipo.com.mx\/#\/schema\/person\/image\/","url":"https:\/\/secure.gravatar.com\/avatar\/049821681b589dabc0bc20695993ccebb09f5b5d4d790cd9251b97faac7c652b?s=96&d=blank&r=g","contentUrl":"https:\/\/secure.gravatar.com\/avatar\/049821681b589dabc0bc20695993ccebb09f5b5d4d790cd9251b97faac7c652b?s=96&d=blank&r=g","caption":"enequipo"},"sameAs":["https:\/\/www.facebook.com\/SonoraEE"]}]}},"jetpack_featured_media_url":"https:\/\/www.sonoraenequipo.com.mx\/storage\/2025\/11\/frio-sonora2.jpg","_links":{"self":[{"href":"https:\/\/www.sonoraenequipo.com.mx\/api\/wp\/v2\/posts\/236718","targetHints":{"allow":["GET"]}}],"collection":[{"href":"https:\/\/www.sonoraenequipo.com.mx\/api\/wp\/v2\/posts"}],"about":[{"href":"https:\/\/www.sonoraenequipo.com.mx\/api\/wp\/v2\/types\/post"}],"author":[{"embeddable":true,"href":"https:\/\/www.sonoraenequipo.com.mx\/api\/wp\/v2\/users\/1"}],"replies":[{"embeddable":true,"href":"https:\/\/www.sonoraenequipo.com.mx\/api\/wp\/v2\/comments?post=236718"}],"version-history":[{"count":1,"href":"https:\/\/www.sonoraenequipo.com.mx\/api\/wp\/v2\/posts\/236718\/revisions"}],"predecessor-version":[{"id":236719,"href":"https:\/\/www.sonoraenequipo.com.mx\/api\/wp\/v2\/posts\/236718\/revisions\/236719"}],"wp:featuredmedia":[{"embeddable":true,"href":"https:\/\/www.sonoraenequipo.com.mx\/api\/wp\/v2\/media\/229228"}],"wp:attachment":[{"href":"https:\/\/www.sonoraenequipo.com.mx\/api\/wp\/v2\/media?parent=236718"}],"wp:term":[{"taxonomy":"category","embeddable":true,"href":"https:\/\/www.sonoraenequipo.com.mx\/api\/wp\/v2\/categories?post=236718"},{"taxonomy":"post_tag","embeddable":true,"href":"https:\/\/www.sonoraenequipo.com.mx\/api\/wp\/v2\/tags?post=236718"}],"curies":[{"name":"wp","href":"https:\/\/api.w.org\/{rel}","templated":true}]}}