{"id":236720,"date":"2026-03-06T17:24:44","date_gmt":"2026-03-07T00:24:44","guid":{"rendered":"https:\/\/www.sonoraenequipo.com.mx\/?p=236720"},"modified":"2026-03-06T17:24:44","modified_gmt":"2026-03-07T00:24:44","slug":"trump-advierte-que-el-regimen-comunista-cubano-tiene-sus-dias-contados","status":"publish","type":"post","link":"https:\/\/www.sonoraenequipo.com.mx\/trump-advierte-que-el-regimen-comunista-cubano-tiene-sus-dias-contados\/","title":{"rendered":"Trump advierte que el r\u00e9gimen comunista cubano tiene sus d\u00edas contados"},"content":{"rendered":"<p>El mandatario estadounidense Donald Trump declar\u00f3 este viernes (06.03.2026) que los d\u00edas del r\u00e9gimen comunista cubano est\u00e1n contados, en una entrevista por tel\u00e9fono con el canal de noticias CNN, en la que destac\u00f3 los \u00e9xitos militares de su segundo mandato.<\/p>\n<p>&nbsp;<\/p>\n<p>\u00abCuba tambi\u00e9n va a caer. Tienen much\u00edsimas ganas de alcanzar un acuerdo\u00bb, dijo sobre el gobierno comunista de La Habana. \u00abQuieren hacer un trato, as\u00ed que voy a poner a (el secretario de Estado) Marco (Rubio) all\u00ed y veremos c\u00f3mo resulta\u00bb, especific\u00f3.<\/p>\n<p>&nbsp;<\/p>\n<p>Las relaciones entre Washington y el r\u00e9gimen comunista de la isla atraviesan un nuevo periodo de turbulencias en las \u00faltimas semanas. Tras la captura de Nicol\u00e1s Maduro en enero, Estados Unidos exigi\u00f3 al poder interino chavista que suspendiera los suministros de petr\u00f3leo a su aliada Cuba.<\/p>\n<p>&nbsp;<\/p>\n<p>\u00abTenemos mucho tiempo, pero Cuba est\u00e1 lista, despu\u00e9s de 50 a\u00f1os\u00bb, dijo Trump a CNN, en referencia a las d\u00e9cadas de gobierno comunista en la isla tras la revoluci\u00f3n liderada por Fidel Castro en 1959. \u00abVa a caer muy pronto\u00bb, sostuvo.<\/p>\n<p>&nbsp;<\/p>\n<p>El l\u00edder de la Casa Blanca hab\u00eda afirmado hace poco que estaba centrado en la ofensiva lanzada contra Ir\u00e1n la semana pasada, pero que era solo una \u00abcuesti\u00f3n de tiempo\u00bb antes de que los cubanos que abandonaron la isla puedan regresar.<\/p>\n<p><strong>Fecha de publicaci\u00f3n viernes 6 de marzo de 2026\/DW<\/strong><\/p>\n<p>&nbsp;<\/p>\n","protected":false},"excerpt":{"rendered":"<p>El mandatario estadounidense Donald Trump declar\u00f3 este viernes (06.03.2026) que los d\u00edas del r\u00e9gimen comunista&#8230;<\/p>\n","protected":false},"author":1,"featured_media":235748,"comment_status":"open","ping_status":"open","sticky":false,"template":"","format":"standard","meta":{"_monsterinsights_skip_tracking":false,"_monsterinsights_sitenote_active":false,"_monsterinsights_sitenote_note":"","_monsterinsights_sitenote_category":0,"footnotes":""},"categories":[3],"tags":[2018,1898],"class_list":["post"],"yoast_head":" \n<title>Sonora en Equipo. Trump advierte que el r\u00e9gimen comunista cubano tiene sus d\u00edas contados MUNDO<\/title>\n<meta name=\"description\" content=\"El mandatario estadounidense Donald Trump declar\u00f3 este viernes (06.03.2026) que los d\u00edas del r\u00e9gimen comunista cubano est\u00e1n contados, en una entrevista En Sonora en Equipo publicamos toda la informaci\u00f3n de Sonora, M\u00e9xico y el Mundo de manera oportuna y busca que la libertad de expresi\u00f3n sea real. Visita nuestro medio informativo publicado desde Hermosillo, Sonora. %\" \/>\n<meta name=\"robots\" content=\"index, follow, max-snippet:-1, max-image-preview:large, max-video-preview:-1\" \/>\n<link rel=\"canonical\" href=\"https:\/\/www.sonoraenequipo.com.mx\/trump-advierte-que-el-regimen-comunista-cubano-tiene-sus-dias-contados\/\" \/>\n<meta property=\"og:locale\" content=\"es_ES\" \/>\n<meta property=\"og:type\" content=\"article\" \/>\n<meta property=\"og:title\" content=\"Sonora en Equipo. Trump advierte que el r\u00e9gimen comunista cubano tiene sus d\u00edas contados MUNDO\" \/>\n<meta property=\"og:description\" content=\"El mandatario estadounidense Donald Trump declar\u00f3 este viernes (06.03.2026) que los d\u00edas del r\u00e9gimen comunista cubano est\u00e1n contados, en una entrevista En Sonora en Equipo publicamos toda la informaci\u00f3n de Sonora, M\u00e9xico y el Mundo de manera oportuna y busca que la libertad de expresi\u00f3n sea real. Visita nuestro medio informativo publicado desde Hermosillo, Sonora. %\" \/>\n<meta property=\"og:url\" content=\"https:\/\/www.sonoraenequipo.com.mx\/trump-advierte-que-el-regimen-comunista-cubano-tiene-sus-dias-contados\/\" \/>\n<meta property=\"og:site_name\" content=\"Sonora en Equipo.\" \/>\n<meta property=\"article:publisher\" content=\"https:\/\/www.facebook.com\/SonoraEE\/\" \/>\n<meta property=\"article:author\" content=\"https:\/\/www.facebook.com\/SonoraEE\" \/>\n<meta property=\"article:published_time\" content=\"2026-03-07T00:24:44+00:00\" \/>\n<meta property=\"og:image\" content=\"https:\/\/www.sonoraenequipo.com.mx\/storage\/2026\/02\/Donaldo-Trump.-nuevos-aranceles-1.jpg\" \/>\n\t<meta property=\"og:image:width\" content=\"1200\" \/>\n\t<meta property=\"og:image:height\" content=\"675\" \/>\n\t<meta property=\"og:image:type\" content=\"image\/jpeg\" \/>\n<meta name=\"author\" content=\"enequipo\" \/>\n<meta name=\"twitter:card\" content=\"summary_large_image\" \/>\n<meta name=\"twitter:creator\" content=\"@sonoraenequipo\" \/>\n<meta name=\"twitter:site\" content=\"@sonoraenequipo\" \/>\n<meta name=\"twitter:label1\" content=\"Escrito por\" \/>\n\t<meta name=\"twitter:data1\" content=\"enequipo\" \/>\n\t<meta name=\"twitter:label2\" content=\"Tiempo de lectura\" \/>\n\t<meta name=\"twitter:data2\" content=\"1 minuto\" \/>\n<script type=\"application\/ld+json\" class=\"yoast-schema-graph\">{\"@context\":\"https:\/\/schema.org\",\"@graph\":[{\"@type\":\"Article\",\"@id\":\"https:\/\/www.sonoraenequipo.com.mx\/trump-advierte-que-el-regimen-comunista-cubano-tiene-sus-dias-contados\/#article\",\"isPartOf\":{\"@id\":\"https:\/\/www.sonoraenequipo.com.mx\/trump-advierte-que-el-regimen-comunista-cubano-tiene-sus-dias-contados\/\"},\"author\":{\"name\":\"enequipo\",\"@id\":\"https:\/\/www.sonoraenequipo.com.mx\/#\/schema\/person\/50102df0fb23a8fa9e8effad8fa81386\"},\"headline\":\"Trump advierte que el r\u00e9gimen comunista cubano tiene sus d\u00edas contados\",\"datePublished\":\"2026-03-07T00:24:44+00:00\",\"mainEntityOfPage\":{\"@id\":\"https:\/\/www.sonoraenequipo.com.mx\/trump-advierte-que-el-regimen-comunista-cubano-tiene-sus-dias-contados\/\"},\"wordCount\":252,\"commentCount\":0,\"publisher\":{\"@id\":\"https:\/\/www.sonoraenequipo.com.mx\/#organization\"},\"image\":{\"@id\":\"https:\/\/www.sonoraenequipo.com.mx\/trump-advierte-que-el-regimen-comunista-cubano-tiene-sus-dias-contados\/#primaryimage\"},\"thumbnailUrl\":\"https:\/\/www.sonoraenequipo.com.mx\/storage\/2026\/02\/Donaldo-Trump.-nuevos-aranceles-1.jpg\",\"keywords\":[\"Cuba\",\"Trump\"],\"articleSection\":[\"MUNDO\"],\"inLanguage\":\"es\",\"potentialAction\":[{\"@type\":\"CommentAction\",\"name\":\"Comment\",\"target\":[\"https:\/\/www.sonoraenequipo.com.mx\/trump-advierte-que-el-regimen-comunista-cubano-tiene-sus-dias-contados\/#respond\"]}]},{\"@type\":\"WebPage\",\"@id\":\"https:\/\/www.sonoraenequipo.com.mx\/trump-advierte-que-el-regimen-comunista-cubano-tiene-sus-dias-contados\/\",\"url\":\"https:\/\/www.sonoraenequipo.com.mx\/trump-advierte-que-el-regimen-comunista-cubano-tiene-sus-dias-contados\/\",\"name\":\"Sonora en Equipo. Trump advierte que el r\u00e9gimen comunista cubano tiene sus d\u00edas contados MUNDO\",\"isPartOf\":{\"@id\":\"https:\/\/www.sonoraenequipo.com.mx\/#website\"},\"primaryImageOfPage\":{\"@id\":\"https:\/\/www.sonoraenequipo.com.mx\/trump-advierte-que-el-regimen-comunista-cubano-tiene-sus-dias-contados\/#primaryimage\"},\"image\":{\"@id\":\"https:\/\/www.sonoraenequipo.com.mx\/trump-advierte-que-el-regimen-comunista-cubano-tiene-sus-dias-contados\/#primaryimage\"},\"thumbnailUrl\":\"https:\/\/www.sonoraenequipo.com.mx\/storage\/2026\/02\/Donaldo-Trump.-nuevos-aranceles-1.jpg\",\"datePublished\":\"2026-03-07T00:24:44+00:00\",\"description\":\"El mandatario estadounidense Donald Trump declar\u00f3 este viernes (06.03.2026) que los d\u00edas del r\u00e9gimen comunista cubano est\u00e1n contados, en una entrevista En Sonora en Equipo publicamos toda la informaci\u00f3n de Sonora, M\u00e9xico y el Mundo de manera oportuna y busca que la libertad de expresi\u00f3n sea real. Visita nuestro medio informativo publicado desde Hermosillo, Sonora. %\",\"breadcrumb\":{\"@id\":\"https:\/\/www.sonoraenequipo.com.mx\/trump-advierte-que-el-regimen-comunista-cubano-tiene-sus-dias-contados\/#breadcrumb\"},\"inLanguage\":\"es\",\"potentialAction\":[{\"@type\":\"ReadAction\",\"target\":[\"https:\/\/www.sonoraenequipo.com.mx\/trump-advierte-que-el-regimen-comunista-cubano-tiene-sus-dias-contados\/\"]}]},{\"@type\":\"ImageObject\",\"inLanguage\":\"es\",\"@id\":\"https:\/\/www.sonoraenequipo.com.mx\/trump-advierte-que-el-regimen-comunista-cubano-tiene-sus-dias-contados\/#primaryimage\",\"url\":\"https:\/\/www.sonoraenequipo.com.mx\/storage\/2026\/02\/Donaldo-Trump.-nuevos-aranceles-1.jpg\",\"contentUrl\":\"https:\/\/www.sonoraenequipo.com.mx\/storage\/2026\/02\/Donaldo-Trump.-nuevos-aranceles-1.jpg\",\"width\":1200,\"height\":675},{\"@type\":\"BreadcrumbList\",\"@id\":\"https:\/\/www.sonoraenequipo.com.mx\/trump-advierte-que-el-regimen-comunista-cubano-tiene-sus-dias-contados\/#breadcrumb\",\"itemListElement\":[{\"@type\":\"ListItem\",\"position\":1,\"name\":\"Portada\",\"item\":\"https:\/\/www.sonoraenequipo.com.mx\/\"},{\"@type\":\"ListItem\",\"position\":2,\"name\":\"Trump advierte que el r\u00e9gimen comunista cubano tiene sus d\u00edas contados\"}]},{\"@type\":\"WebSite\",\"@id\":\"https:\/\/www.sonoraenequipo.com.mx\/#website\",\"url\":\"https:\/\/www.sonoraenequipo.com.mx\/\",\"name\":\"Sonora en Equipo.\",\"description\":\"Diario en l\u00ednea con Noticias desde Hermosillo, Sonora\",\"publisher\":{\"@id\":\"https:\/\/www.sonoraenequipo.com.mx\/#organization\"},\"potentialAction\":[{\"@type\":\"SearchAction\",\"target\":{\"@type\":\"EntryPoint\",\"urlTemplate\":\"https:\/\/www.sonoraenequipo.com.mx\/?s={search_term_string}\"},\"query-input\":{\"@type\":\"PropertyValueSpecification\",\"valueRequired\":true,\"valueName\":\"search_term_string\"}}],\"inLanguage\":\"es\"},{\"@type\":\"Organization\",\"@id\":\"https:\/\/www.sonoraenequipo.com.mx\/#organization\",\"name\":\"Sonoraenequipo.com.mx\",\"url\":\"https:\/\/www.sonoraenequipo.com.mx\/\",\"logo\":{\"@type\":\"ImageObject\",\"inLanguage\":\"es\",\"@id\":\"https:\/\/www.sonoraenequipo.com.mx\/#\/schema\/logo\/image\/\",\"url\":\"https:\/\/www.sonoraenequipo.com.mx\/storage\/2019\/01\/sonoraenequipo_opt.png\",\"contentUrl\":\"https:\/\/www.sonoraenequipo.com.mx\/storage\/2019\/01\/sonoraenequipo_opt.png\",\"width\":375,\"height\":125,\"caption\":\"Sonoraenequipo.com.mx\"},\"image\":{\"@id\":\"https:\/\/www.sonoraenequipo.com.mx\/#\/schema\/logo\/image\/\"},\"sameAs\":[\"https:\/\/www.facebook.com\/SonoraEE\/\",\"https:\/\/x.com\/sonoraenequipo\",\"https:\/\/www.youtube.com\/channel\/UC338nW-lPEYmJQs4ZABQ1SQ\"]},{\"@type\":\"Person\",\"@id\":\"https:\/\/www.sonoraenequipo.com.mx\/#\/schema\/person\/50102df0fb23a8fa9e8effad8fa81386\",\"name\":\"enequipo\",\"image\":{\"@type\":\"ImageObject\",\"inLanguage\":\"es\",\"@id\":\"https:\/\/www.sonoraenequipo.com.mx\/#\/schema\/person\/image\/\",\"url\":\"https:\/\/secure.gravatar.com\/avatar\/049821681b589dabc0bc20695993ccebb09f5b5d4d790cd9251b97faac7c652b?s=96&d=blank&r=g\",\"contentUrl\":\"https:\/\/secure.gravatar.com\/avatar\/049821681b589dabc0bc20695993ccebb09f5b5d4d790cd9251b97faac7c652b?s=96&d=blank&r=g\",\"caption\":\"enequipo\"},\"sameAs\":[\"https:\/\/www.facebook.com\/SonoraEE\"]}]}<\/script>\n ","yoast_head_json":{"title":"Sonora en Equipo. Trump advierte que el r\u00e9gimen comunista cubano tiene sus d\u00edas contados MUNDO","description":"El mandatario estadounidense Donald Trump declar\u00f3 este viernes (06.03.2026) que los d\u00edas del r\u00e9gimen comunista cubano est\u00e1n contados, en una entrevista En Sonora en Equipo publicamos toda la informaci\u00f3n de Sonora, M\u00e9xico y el Mundo de manera oportuna y busca que la libertad de expresi\u00f3n sea real. Visita nuestro medio informativo publicado desde Hermosillo, Sonora. %","robots":{"index":"index","follow":"follow","max-snippet":"max-snippet:-1","max-image-preview":"max-image-preview:large","max-video-preview":"max-video-preview:-1"},"canonical":"https:\/\/www.sonoraenequipo.com.mx\/trump-advierte-que-el-regimen-comunista-cubano-tiene-sus-dias-contados\/","og_locale":"es_ES","og_type":"article","og_title":"Sonora en Equipo. Trump advierte que el r\u00e9gimen comunista cubano tiene sus d\u00edas contados MUNDO","og_description":"El mandatario estadounidense Donald Trump declar\u00f3 este viernes (06.03.2026) que los d\u00edas del r\u00e9gimen comunista cubano est\u00e1n contados, en una entrevista En Sonora en Equipo publicamos toda la informaci\u00f3n de Sonora, M\u00e9xico y el Mundo de manera oportuna y busca que la libertad de expresi\u00f3n sea real. Visita nuestro medio informativo publicado desde Hermosillo, Sonora. %","og_url":"https:\/\/www.sonoraenequipo.com.mx\/trump-advierte-que-el-regimen-comunista-cubano-tiene-sus-dias-contados\/","og_site_name":"Sonora en Equipo.","article_publisher":"https:\/\/www.facebook.com\/SonoraEE\/","article_author":"https:\/\/www.facebook.com\/SonoraEE","article_published_time":"2026-03-07T00:24:44+00:00","og_image":[{"width":1200,"height":675,"url":"https:\/\/www.sonoraenequipo.com.mx\/storage\/2026\/02\/Donaldo-Trump.-nuevos-aranceles-1.jpg","type":"image\/jpeg"}],"author":"enequipo","twitter_card":"summary_large_image","twitter_creator":"@sonoraenequipo","twitter_site":"@sonoraenequipo","twitter_misc":{"Escrito por":"enequipo","Tiempo de lectura":"1 minuto"},"schema":{"@context":"https:\/\/schema.org","@graph":[{"@type":"Article","@id":"https:\/\/www.sonoraenequipo.com.mx\/trump-advierte-que-el-regimen-comunista-cubano-tiene-sus-dias-contados\/#article","isPartOf":{"@id":"https:\/\/www.sonoraenequipo.com.mx\/trump-advierte-que-el-regimen-comunista-cubano-tiene-sus-dias-contados\/"},"author":{"name":"enequipo","@id":"https:\/\/www.sonoraenequipo.com.mx\/#\/schema\/person\/50102df0fb23a8fa9e8effad8fa81386"},"headline":"Trump advierte que el r\u00e9gimen comunista cubano tiene sus d\u00edas contados","datePublished":"2026-03-07T00:24:44+00:00","mainEntityOfPage":{"@id":"https:\/\/www.sonoraenequipo.com.mx\/trump-advierte-que-el-regimen-comunista-cubano-tiene-sus-dias-contados\/"},"wordCount":252,"commentCount":0,"publisher":{"@id":"https:\/\/www.sonoraenequipo.com.mx\/#organization"},"image":{"@id":"https:\/\/www.sonoraenequipo.com.mx\/trump-advierte-que-el-regimen-comunista-cubano-tiene-sus-dias-contados\/#primaryimage"},"thumbnailUrl":"https:\/\/www.sonoraenequipo.com.mx\/storage\/2026\/02\/Donaldo-Trump.-nuevos-aranceles-1.jpg","keywords":["Cuba","Trump"],"articleSection":["MUNDO"],"inLanguage":"es","potentialAction":[{"@type":"CommentAction","name":"Comment","target":["https:\/\/www.sonoraenequipo.com.mx\/trump-advierte-que-el-regimen-comunista-cubano-tiene-sus-dias-contados\/#respond"]}]},{"@type":"WebPage","@id":"https:\/\/www.sonoraenequipo.com.mx\/trump-advierte-que-el-regimen-comunista-cubano-tiene-sus-dias-contados\/","url":"https:\/\/www.sonoraenequipo.com.mx\/trump-advierte-que-el-regimen-comunista-cubano-tiene-sus-dias-contados\/","name":"Sonora en Equipo. Trump advierte que el r\u00e9gimen comunista cubano tiene sus d\u00edas contados MUNDO","isPartOf":{"@id":"https:\/\/www.sonoraenequipo.com.mx\/#website"},"primaryImageOfPage":{"@id":"https:\/\/www.sonoraenequipo.com.mx\/trump-advierte-que-el-regimen-comunista-cubano-tiene-sus-dias-contados\/#primaryimage"},"image":{"@id":"https:\/\/www.sonoraenequipo.com.mx\/trump-advierte-que-el-regimen-comunista-cubano-tiene-sus-dias-contados\/#primaryimage"},"thumbnailUrl":"https:\/\/www.sonoraenequipo.com.mx\/storage\/2026\/02\/Donaldo-Trump.-nuevos-aranceles-1.jpg","datePublished":"2026-03-07T00:24:44+00:00","description":"El mandatario estadounidense Donald Trump declar\u00f3 este viernes (06.03.2026) que los d\u00edas del r\u00e9gimen comunista cubano est\u00e1n contados, en una entrevista En Sonora en Equipo publicamos toda la informaci\u00f3n de Sonora, M\u00e9xico y el Mundo de manera oportuna y busca que la libertad de expresi\u00f3n sea real. Visita nuestro medio informativo publicado desde Hermosillo, Sonora. %","breadcrumb":{"@id":"https:\/\/www.sonoraenequipo.com.mx\/trump-advierte-que-el-regimen-comunista-cubano-tiene-sus-dias-contados\/#breadcrumb"},"inLanguage":"es","potentialAction":[{"@type":"ReadAction","target":["https:\/\/www.sonoraenequipo.com.mx\/trump-advierte-que-el-regimen-comunista-cubano-tiene-sus-dias-contados\/"]}]},{"@type":"ImageObject","inLanguage":"es","@id":"https:\/\/www.sonoraenequipo.com.mx\/trump-advierte-que-el-regimen-comunista-cubano-tiene-sus-dias-contados\/#primaryimage","url":"https:\/\/www.sonoraenequipo.com.mx\/storage\/2026\/02\/Donaldo-Trump.-nuevos-aranceles-1.jpg","contentUrl":"https:\/\/www.sonoraenequipo.com.mx\/storage\/2026\/02\/Donaldo-Trump.-nuevos-aranceles-1.jpg","width":1200,"height":675},{"@type":"BreadcrumbList","@id":"https:\/\/www.sonoraenequipo.com.mx\/trump-advierte-que-el-regimen-comunista-cubano-tiene-sus-dias-contados\/#breadcrumb","itemListElement":[{"@type":"ListItem","position":1,"name":"Portada","item":"https:\/\/www.sonoraenequipo.com.mx\/"},{"@type":"ListItem","position":2,"name":"Trump advierte que el r\u00e9gimen comunista cubano tiene sus d\u00edas contados"}]},{"@type":"WebSite","@id":"https:\/\/www.sonoraenequipo.com.mx\/#website","url":"https:\/\/www.sonoraenequipo.com.mx\/","name":"Sonora en Equipo.","description":"Diario en l\u00ednea con Noticias desde Hermosillo, Sonora","publisher":{"@id":"https:\/\/www.sonoraenequipo.com.mx\/#organization"},"potentialAction":[{"@type":"SearchAction","target":{"@type":"EntryPoint","urlTemplate":"https:\/\/www.sonoraenequipo.com.mx\/?s={search_term_string}"},"query-input":{"@type":"PropertyValueSpecification","valueRequired":true,"valueName":"search_term_string"}}],"inLanguage":"es"},{"@type":"Organization","@id":"https:\/\/www.sonoraenequipo.com.mx\/#organization","name":"Sonoraenequipo.com.mx","url":"https:\/\/www.sonoraenequipo.com.mx\/","logo":{"@type":"ImageObject","inLanguage":"es","@id":"https:\/\/www.sonoraenequipo.com.mx\/#\/schema\/logo\/image\/","url":"https:\/\/www.sonoraenequipo.com.mx\/storage\/2019\/01\/sonoraenequipo_opt.png","contentUrl":"https:\/\/www.sonoraenequipo.com.mx\/storage\/2019\/01\/sonoraenequipo_opt.png","width":375,"height":125,"caption":"Sonoraenequipo.com.mx"},"image":{"@id":"https:\/\/www.sonoraenequipo.com.mx\/#\/schema\/logo\/image\/"},"sameAs":["https:\/\/www.facebook.com\/SonoraEE\/","https:\/\/x.com\/sonoraenequipo","https:\/\/www.youtube.com\/channel\/UC338nW-lPEYmJQs4ZABQ1SQ"]},{"@type":"Person","@id":"https:\/\/www.sonoraenequipo.com.mx\/#\/schema\/person\/50102df0fb23a8fa9e8effad8fa81386","name":"enequipo","image":{"@type":"ImageObject","inLanguage":"es","@id":"https:\/\/www.sonoraenequipo.com.mx\/#\/schema\/person\/image\/","url":"https:\/\/secure.gravatar.com\/avatar\/049821681b589dabc0bc20695993ccebb09f5b5d4d790cd9251b97faac7c652b?s=96&d=blank&r=g","contentUrl":"https:\/\/secure.gravatar.com\/avatar\/049821681b589dabc0bc20695993ccebb09f5b5d4d790cd9251b97faac7c652b?s=96&d=blank&r=g","caption":"enequipo"},"sameAs":["https:\/\/www.facebook.com\/SonoraEE"]}]}},"jetpack_featured_media_url":"https:\/\/www.sonoraenequipo.com.mx\/storage\/2026\/02\/Donaldo-Trump.-nuevos-aranceles-1.jpg","_links":{"self":[{"href":"https:\/\/www.sonoraenequipo.com.mx\/api\/wp\/v2\/posts\/236720","targetHints":{"allow":["GET"]}}],"collection":[{"href":"https:\/\/www.sonoraenequipo.com.mx\/api\/wp\/v2\/posts"}],"about":[{"href":"https:\/\/www.sonoraenequipo.com.mx\/api\/wp\/v2\/types\/post"}],"author":[{"embeddable":true,"href":"https:\/\/www.sonoraenequipo.com.mx\/api\/wp\/v2\/users\/1"}],"replies":[{"embeddable":true,"href":"https:\/\/www.sonoraenequipo.com.mx\/api\/wp\/v2\/comments?post=236720"}],"version-history":[{"count":1,"href":"https:\/\/www.sonoraenequipo.com.mx\/api\/wp\/v2\/posts\/236720\/revisions"}],"predecessor-version":[{"id":236721,"href":"https:\/\/www.sonoraenequipo.com.mx\/api\/wp\/v2\/posts\/236720\/revisions\/236721"}],"wp:featuredmedia":[{"embeddable":true,"href":"https:\/\/www.sonoraenequipo.com.mx\/api\/wp\/v2\/media\/235748"}],"wp:attachment":[{"href":"https:\/\/www.sonoraenequipo.com.mx\/api\/wp\/v2\/media?parent=236720"}],"wp:term":[{"taxonomy":"category","embeddable":true,"href":"https:\/\/www.sonoraenequipo.com.mx\/api\/wp\/v2\/categories?post=236720"},{"taxonomy":"post_tag","embeddable":true,"href":"https:\/\/www.sonoraenequipo.com.mx\/api\/wp\/v2\/tags?post=236720"}],"curies":[{"name":"wp","href":"https:\/\/api.w.org\/{rel}","templated":true}]}}