{"id":236722,"date":"2026-03-06T17:32:02","date_gmt":"2026-03-07T00:32:02","guid":{"rendered":"https:\/\/www.sonoraenequipo.com.mx\/?p=236722"},"modified":"2026-03-06T17:32:02","modified_gmt":"2026-03-07T00:32:02","slug":"unos-100-mil-efectivos-vigilaran-mundial-en-mexico","status":"publish","type":"post","link":"https:\/\/www.sonoraenequipo.com.mx\/unos-100-mil-efectivos-vigilaran-mundial-en-mexico\/","title":{"rendered":"Unos 100 mil efectivos vigilar\u00e1n Mundial en M\u00e9xico"},"content":{"rendered":"<p>M\u00e9xico desplegar\u00e1 cerca de 100.000 efectivos entre militares, polic\u00edas y guardias privados para garantizar la seguridad durante la Copa Mundial de f\u00fatbol 2026, indic\u00f3 el gobierno este viernes (06.03.2026).<\/p>\n<p>&nbsp;<\/p>\n<p>El anuncio se produce casi dos semanas despu\u00e9s de un operativo en el que muri\u00f3 el capo narco Nemesio Oseguera \u00abEl Mencho\u00bb, l\u00edder del poderoso Cartel Jalisco Nueva Generaci\u00f3n (CJNG), con la ayuda de Estados Unidos, lo que provoc\u00f3 bloqueos en carreteras y escenas de violencia en varias partes del pa\u00eds.<\/p>\n<p>&nbsp;<\/p>\n<p>El general Rom\u00e1n Villalvazo Barrios, jefe de centro de coordinaci\u00f3n del gobierno mexicano para el Mundial, detall\u00f3 que en el despliegue participar\u00e1n 20.000 militares, incluidos guardias nacionales, y 55.000 elementos de las polic\u00edas, adem\u00e1s de miembros de cuerpos privados de seguridad.<\/p>\n<p>&nbsp;<\/p>\n<p>En el operativo se emplear\u00e1n adem\u00e1s cerca de 2.500 veh\u00edculos militares y civiles, 24 aeronaves, sistemas de antidrones y perros para detectar explosivos y sustancias.<\/p>\n<p>&nbsp;<\/p>\n<p>Con el plan, el gobierno busca prevenir y ocuparse de posibles amenazas durante el e principal evento futbol\u00edstico del planeta y garantizar la seguridad de los millones de visitantes que se esperan en las ciudades sede.<\/p>\n<p>&nbsp;<\/p>\n<p>M\u00e9xico albergar\u00e1 13 partidos, incluido el juego inaugural el 11 junio en el estadio Azteca, en la capital.<\/p>\n<p><strong>Fecha de publicaci\u00f3n viernes 6 de marzo de 2026\/DW<\/strong><\/p>\n","protected":false},"excerpt":{"rendered":"<p>M\u00e9xico desplegar\u00e1 cerca de 100.000 efectivos entre militares, polic\u00edas y guardias privados para garantizar la&#8230;<\/p>\n","protected":false},"author":1,"featured_media":235564,"comment_status":"open","ping_status":"open","sticky":false,"template":"","format":"standard","meta":{"_monsterinsights_skip_tracking":false,"_monsterinsights_sitenote_active":false,"_monsterinsights_sitenote_note":"","_monsterinsights_sitenote_category":0,"footnotes":""},"categories":[5],"tags":[10966,53,12439,170],"class_list":["post"],"yoast_head":" \n<title>Sonora en Equipo. Unos 100 mil efectivos vigilar\u00e1n Mundial en M\u00e9xico Rep\u00fablica<\/title>\n<meta name=\"description\" content=\"M\u00e9xico desplegar\u00e1 cerca de 100.000 efectivos entre militares, polic\u00edas y guardias privados para garantizar la seguridad durante la Copa Mundial de f\u00fatbol En Sonora en Equipo publicamos toda la informaci\u00f3n de Sonora, M\u00e9xico y el Mundo de manera oportuna y busca que la libertad de expresi\u00f3n sea real. Visita nuestro medio informativo publicado desde Hermosillo, Sonora. %\" \/>\n<meta name=\"robots\" content=\"index, follow, max-snippet:-1, max-image-preview:large, max-video-preview:-1\" \/>\n<link rel=\"canonical\" href=\"https:\/\/www.sonoraenequipo.com.mx\/unos-100-mil-efectivos-vigilaran-mundial-en-mexico\/\" \/>\n<meta property=\"og:locale\" content=\"es_ES\" \/>\n<meta property=\"og:type\" content=\"article\" \/>\n<meta property=\"og:title\" content=\"Sonora en Equipo. Unos 100 mil efectivos vigilar\u00e1n Mundial en M\u00e9xico Rep\u00fablica\" \/>\n<meta property=\"og:description\" content=\"M\u00e9xico desplegar\u00e1 cerca de 100.000 efectivos entre militares, polic\u00edas y guardias privados para garantizar la seguridad durante la Copa Mundial de f\u00fatbol En Sonora en Equipo publicamos toda la informaci\u00f3n de Sonora, M\u00e9xico y el Mundo de manera oportuna y busca que la libertad de expresi\u00f3n sea real. Visita nuestro medio informativo publicado desde Hermosillo, Sonora. %\" \/>\n<meta property=\"og:url\" content=\"https:\/\/www.sonoraenequipo.com.mx\/unos-100-mil-efectivos-vigilaran-mundial-en-mexico\/\" \/>\n<meta property=\"og:site_name\" content=\"Sonora en Equipo.\" \/>\n<meta property=\"article:publisher\" content=\"https:\/\/www.facebook.com\/SonoraEE\/\" \/>\n<meta property=\"article:author\" content=\"https:\/\/www.facebook.com\/SonoraEE\" \/>\n<meta property=\"article:published_time\" content=\"2026-03-07T00:32:02+00:00\" \/>\n<meta property=\"og:image\" content=\"https:\/\/www.sonoraenequipo.com.mx\/storage\/2026\/02\/csp-pensiones.jpg\" \/>\n\t<meta property=\"og:image:width\" content=\"600\" \/>\n\t<meta property=\"og:image:height\" content=\"400\" \/>\n\t<meta property=\"og:image:type\" content=\"image\/jpeg\" \/>\n<meta name=\"author\" content=\"enequipo\" \/>\n<meta name=\"twitter:card\" content=\"summary_large_image\" \/>\n<meta name=\"twitter:creator\" content=\"@sonoraenequipo\" \/>\n<meta name=\"twitter:site\" content=\"@sonoraenequipo\" \/>\n<meta name=\"twitter:label1\" content=\"Escrito por\" \/>\n\t<meta name=\"twitter:data1\" content=\"enequipo\" \/>\n\t<meta name=\"twitter:label2\" content=\"Tiempo de lectura\" \/>\n\t<meta name=\"twitter:data2\" content=\"1 minuto\" \/>\n<script type=\"application\/ld+json\" class=\"yoast-schema-graph\">{\"@context\":\"https:\/\/schema.org\",\"@graph\":[{\"@type\":\"Article\",\"@id\":\"https:\/\/www.sonoraenequipo.com.mx\/unos-100-mil-efectivos-vigilaran-mundial-en-mexico\/#article\",\"isPartOf\":{\"@id\":\"https:\/\/www.sonoraenequipo.com.mx\/unos-100-mil-efectivos-vigilaran-mundial-en-mexico\/\"},\"author\":{\"name\":\"enequipo\",\"@id\":\"https:\/\/www.sonoraenequipo.com.mx\/#\/schema\/person\/50102df0fb23a8fa9e8effad8fa81386\"},\"headline\":\"Unos 100 mil efectivos vigilar\u00e1n Mundial en M\u00e9xico\",\"datePublished\":\"2026-03-07T00:32:02+00:00\",\"mainEntityOfPage\":{\"@id\":\"https:\/\/www.sonoraenequipo.com.mx\/unos-100-mil-efectivos-vigilaran-mundial-en-mexico\/\"},\"wordCount\":231,\"commentCount\":0,\"publisher\":{\"@id\":\"https:\/\/www.sonoraenequipo.com.mx\/#organization\"},\"image\":{\"@id\":\"https:\/\/www.sonoraenequipo.com.mx\/unos-100-mil-efectivos-vigilaran-mundial-en-mexico\/#primaryimage\"},\"thumbnailUrl\":\"https:\/\/www.sonoraenequipo.com.mx\/storage\/2026\/02\/csp-pensiones.jpg\",\"keywords\":[\"2026\",\"mexico\",\"mundia\",\"Seguridad\"],\"articleSection\":[\"Rep\u00fablica\"],\"inLanguage\":\"es\",\"potentialAction\":[{\"@type\":\"CommentAction\",\"name\":\"Comment\",\"target\":[\"https:\/\/www.sonoraenequipo.com.mx\/unos-100-mil-efectivos-vigilaran-mundial-en-mexico\/#respond\"]}]},{\"@type\":\"WebPage\",\"@id\":\"https:\/\/www.sonoraenequipo.com.mx\/unos-100-mil-efectivos-vigilaran-mundial-en-mexico\/\",\"url\":\"https:\/\/www.sonoraenequipo.com.mx\/unos-100-mil-efectivos-vigilaran-mundial-en-mexico\/\",\"name\":\"Sonora en Equipo. Unos 100 mil efectivos vigilar\u00e1n Mundial en M\u00e9xico Rep\u00fablica\",\"isPartOf\":{\"@id\":\"https:\/\/www.sonoraenequipo.com.mx\/#website\"},\"primaryImageOfPage\":{\"@id\":\"https:\/\/www.sonoraenequipo.com.mx\/unos-100-mil-efectivos-vigilaran-mundial-en-mexico\/#primaryimage\"},\"image\":{\"@id\":\"https:\/\/www.sonoraenequipo.com.mx\/unos-100-mil-efectivos-vigilaran-mundial-en-mexico\/#primaryimage\"},\"thumbnailUrl\":\"https:\/\/www.sonoraenequipo.com.mx\/storage\/2026\/02\/csp-pensiones.jpg\",\"datePublished\":\"2026-03-07T00:32:02+00:00\",\"description\":\"M\u00e9xico desplegar\u00e1 cerca de 100.000 efectivos entre militares, polic\u00edas y guardias privados para garantizar la seguridad durante la Copa Mundial de f\u00fatbol En Sonora en Equipo publicamos toda la informaci\u00f3n de Sonora, M\u00e9xico y el Mundo de manera oportuna y busca que la libertad de expresi\u00f3n sea real. Visita nuestro medio informativo publicado desde Hermosillo, Sonora. %\",\"breadcrumb\":{\"@id\":\"https:\/\/www.sonoraenequipo.com.mx\/unos-100-mil-efectivos-vigilaran-mundial-en-mexico\/#breadcrumb\"},\"inLanguage\":\"es\",\"potentialAction\":[{\"@type\":\"ReadAction\",\"target\":[\"https:\/\/www.sonoraenequipo.com.mx\/unos-100-mil-efectivos-vigilaran-mundial-en-mexico\/\"]}]},{\"@type\":\"ImageObject\",\"inLanguage\":\"es\",\"@id\":\"https:\/\/www.sonoraenequipo.com.mx\/unos-100-mil-efectivos-vigilaran-mundial-en-mexico\/#primaryimage\",\"url\":\"https:\/\/www.sonoraenequipo.com.mx\/storage\/2026\/02\/csp-pensiones.jpg\",\"contentUrl\":\"https:\/\/www.sonoraenequipo.com.mx\/storage\/2026\/02\/csp-pensiones.jpg\",\"width\":600,\"height\":400},{\"@type\":\"BreadcrumbList\",\"@id\":\"https:\/\/www.sonoraenequipo.com.mx\/unos-100-mil-efectivos-vigilaran-mundial-en-mexico\/#breadcrumb\",\"itemListElement\":[{\"@type\":\"ListItem\",\"position\":1,\"name\":\"Portada\",\"item\":\"https:\/\/www.sonoraenequipo.com.mx\/\"},{\"@type\":\"ListItem\",\"position\":2,\"name\":\"Unos 100 mil efectivos vigilar\u00e1n Mundial en M\u00e9xico\"}]},{\"@type\":\"WebSite\",\"@id\":\"https:\/\/www.sonoraenequipo.com.mx\/#website\",\"url\":\"https:\/\/www.sonoraenequipo.com.mx\/\",\"name\":\"Sonora en Equipo.\",\"description\":\"Diario en l\u00ednea con Noticias desde Hermosillo, Sonora\",\"publisher\":{\"@id\":\"https:\/\/www.sonoraenequipo.com.mx\/#organization\"},\"potentialAction\":[{\"@type\":\"SearchAction\",\"target\":{\"@type\":\"EntryPoint\",\"urlTemplate\":\"https:\/\/www.sonoraenequipo.com.mx\/?s={search_term_string}\"},\"query-input\":{\"@type\":\"PropertyValueSpecification\",\"valueRequired\":true,\"valueName\":\"search_term_string\"}}],\"inLanguage\":\"es\"},{\"@type\":\"Organization\",\"@id\":\"https:\/\/www.sonoraenequipo.com.mx\/#organization\",\"name\":\"Sonoraenequipo.com.mx\",\"url\":\"https:\/\/www.sonoraenequipo.com.mx\/\",\"logo\":{\"@type\":\"ImageObject\",\"inLanguage\":\"es\",\"@id\":\"https:\/\/www.sonoraenequipo.com.mx\/#\/schema\/logo\/image\/\",\"url\":\"https:\/\/www.sonoraenequipo.com.mx\/storage\/2019\/01\/sonoraenequipo_opt.png\",\"contentUrl\":\"https:\/\/www.sonoraenequipo.com.mx\/storage\/2019\/01\/sonoraenequipo_opt.png\",\"width\":375,\"height\":125,\"caption\":\"Sonoraenequipo.com.mx\"},\"image\":{\"@id\":\"https:\/\/www.sonoraenequipo.com.mx\/#\/schema\/logo\/image\/\"},\"sameAs\":[\"https:\/\/www.facebook.com\/SonoraEE\/\",\"https:\/\/x.com\/sonoraenequipo\",\"https:\/\/www.youtube.com\/channel\/UC338nW-lPEYmJQs4ZABQ1SQ\"]},{\"@type\":\"Person\",\"@id\":\"https:\/\/www.sonoraenequipo.com.mx\/#\/schema\/person\/50102df0fb23a8fa9e8effad8fa81386\",\"name\":\"enequipo\",\"image\":{\"@type\":\"ImageObject\",\"inLanguage\":\"es\",\"@id\":\"https:\/\/www.sonoraenequipo.com.mx\/#\/schema\/person\/image\/\",\"url\":\"https:\/\/secure.gravatar.com\/avatar\/049821681b589dabc0bc20695993ccebb09f5b5d4d790cd9251b97faac7c652b?s=96&d=blank&r=g\",\"contentUrl\":\"https:\/\/secure.gravatar.com\/avatar\/049821681b589dabc0bc20695993ccebb09f5b5d4d790cd9251b97faac7c652b?s=96&d=blank&r=g\",\"caption\":\"enequipo\"},\"sameAs\":[\"https:\/\/www.facebook.com\/SonoraEE\"]}]}<\/script>\n ","yoast_head_json":{"title":"Sonora en Equipo. Unos 100 mil efectivos vigilar\u00e1n Mundial en M\u00e9xico Rep\u00fablica","description":"M\u00e9xico desplegar\u00e1 cerca de 100.000 efectivos entre militares, polic\u00edas y guardias privados para garantizar la seguridad durante la Copa Mundial de f\u00fatbol En Sonora en Equipo publicamos toda la informaci\u00f3n de Sonora, M\u00e9xico y el Mundo de manera oportuna y busca que la libertad de expresi\u00f3n sea real. Visita nuestro medio informativo publicado desde Hermosillo, Sonora. %","robots":{"index":"index","follow":"follow","max-snippet":"max-snippet:-1","max-image-preview":"max-image-preview:large","max-video-preview":"max-video-preview:-1"},"canonical":"https:\/\/www.sonoraenequipo.com.mx\/unos-100-mil-efectivos-vigilaran-mundial-en-mexico\/","og_locale":"es_ES","og_type":"article","og_title":"Sonora en Equipo. Unos 100 mil efectivos vigilar\u00e1n Mundial en M\u00e9xico Rep\u00fablica","og_description":"M\u00e9xico desplegar\u00e1 cerca de 100.000 efectivos entre militares, polic\u00edas y guardias privados para garantizar la seguridad durante la Copa Mundial de f\u00fatbol En Sonora en Equipo publicamos toda la informaci\u00f3n de Sonora, M\u00e9xico y el Mundo de manera oportuna y busca que la libertad de expresi\u00f3n sea real. Visita nuestro medio informativo publicado desde Hermosillo, Sonora. %","og_url":"https:\/\/www.sonoraenequipo.com.mx\/unos-100-mil-efectivos-vigilaran-mundial-en-mexico\/","og_site_name":"Sonora en Equipo.","article_publisher":"https:\/\/www.facebook.com\/SonoraEE\/","article_author":"https:\/\/www.facebook.com\/SonoraEE","article_published_time":"2026-03-07T00:32:02+00:00","og_image":[{"width":600,"height":400,"url":"https:\/\/www.sonoraenequipo.com.mx\/storage\/2026\/02\/csp-pensiones.jpg","type":"image\/jpeg"}],"author":"enequipo","twitter_card":"summary_large_image","twitter_creator":"@sonoraenequipo","twitter_site":"@sonoraenequipo","twitter_misc":{"Escrito por":"enequipo","Tiempo de lectura":"1 minuto"},"schema":{"@context":"https:\/\/schema.org","@graph":[{"@type":"Article","@id":"https:\/\/www.sonoraenequipo.com.mx\/unos-100-mil-efectivos-vigilaran-mundial-en-mexico\/#article","isPartOf":{"@id":"https:\/\/www.sonoraenequipo.com.mx\/unos-100-mil-efectivos-vigilaran-mundial-en-mexico\/"},"author":{"name":"enequipo","@id":"https:\/\/www.sonoraenequipo.com.mx\/#\/schema\/person\/50102df0fb23a8fa9e8effad8fa81386"},"headline":"Unos 100 mil efectivos vigilar\u00e1n Mundial en M\u00e9xico","datePublished":"2026-03-07T00:32:02+00:00","mainEntityOfPage":{"@id":"https:\/\/www.sonoraenequipo.com.mx\/unos-100-mil-efectivos-vigilaran-mundial-en-mexico\/"},"wordCount":231,"commentCount":0,"publisher":{"@id":"https:\/\/www.sonoraenequipo.com.mx\/#organization"},"image":{"@id":"https:\/\/www.sonoraenequipo.com.mx\/unos-100-mil-efectivos-vigilaran-mundial-en-mexico\/#primaryimage"},"thumbnailUrl":"https:\/\/www.sonoraenequipo.com.mx\/storage\/2026\/02\/csp-pensiones.jpg","keywords":["2026","mexico","mundia","Seguridad"],"articleSection":["Rep\u00fablica"],"inLanguage":"es","potentialAction":[{"@type":"CommentAction","name":"Comment","target":["https:\/\/www.sonoraenequipo.com.mx\/unos-100-mil-efectivos-vigilaran-mundial-en-mexico\/#respond"]}]},{"@type":"WebPage","@id":"https:\/\/www.sonoraenequipo.com.mx\/unos-100-mil-efectivos-vigilaran-mundial-en-mexico\/","url":"https:\/\/www.sonoraenequipo.com.mx\/unos-100-mil-efectivos-vigilaran-mundial-en-mexico\/","name":"Sonora en Equipo. Unos 100 mil efectivos vigilar\u00e1n Mundial en M\u00e9xico Rep\u00fablica","isPartOf":{"@id":"https:\/\/www.sonoraenequipo.com.mx\/#website"},"primaryImageOfPage":{"@id":"https:\/\/www.sonoraenequipo.com.mx\/unos-100-mil-efectivos-vigilaran-mundial-en-mexico\/#primaryimage"},"image":{"@id":"https:\/\/www.sonoraenequipo.com.mx\/unos-100-mil-efectivos-vigilaran-mundial-en-mexico\/#primaryimage"},"thumbnailUrl":"https:\/\/www.sonoraenequipo.com.mx\/storage\/2026\/02\/csp-pensiones.jpg","datePublished":"2026-03-07T00:32:02+00:00","description":"M\u00e9xico desplegar\u00e1 cerca de 100.000 efectivos entre militares, polic\u00edas y guardias privados para garantizar la seguridad durante la Copa Mundial de f\u00fatbol En Sonora en Equipo publicamos toda la informaci\u00f3n de Sonora, M\u00e9xico y el Mundo de manera oportuna y busca que la libertad de expresi\u00f3n sea real. Visita nuestro medio informativo publicado desde Hermosillo, Sonora. %","breadcrumb":{"@id":"https:\/\/www.sonoraenequipo.com.mx\/unos-100-mil-efectivos-vigilaran-mundial-en-mexico\/#breadcrumb"},"inLanguage":"es","potentialAction":[{"@type":"ReadAction","target":["https:\/\/www.sonoraenequipo.com.mx\/unos-100-mil-efectivos-vigilaran-mundial-en-mexico\/"]}]},{"@type":"ImageObject","inLanguage":"es","@id":"https:\/\/www.sonoraenequipo.com.mx\/unos-100-mil-efectivos-vigilaran-mundial-en-mexico\/#primaryimage","url":"https:\/\/www.sonoraenequipo.com.mx\/storage\/2026\/02\/csp-pensiones.jpg","contentUrl":"https:\/\/www.sonoraenequipo.com.mx\/storage\/2026\/02\/csp-pensiones.jpg","width":600,"height":400},{"@type":"BreadcrumbList","@id":"https:\/\/www.sonoraenequipo.com.mx\/unos-100-mil-efectivos-vigilaran-mundial-en-mexico\/#breadcrumb","itemListElement":[{"@type":"ListItem","position":1,"name":"Portada","item":"https:\/\/www.sonoraenequipo.com.mx\/"},{"@type":"ListItem","position":2,"name":"Unos 100 mil efectivos vigilar\u00e1n Mundial en M\u00e9xico"}]},{"@type":"WebSite","@id":"https:\/\/www.sonoraenequipo.com.mx\/#website","url":"https:\/\/www.sonoraenequipo.com.mx\/","name":"Sonora en Equipo.","description":"Diario en l\u00ednea con Noticias desde Hermosillo, Sonora","publisher":{"@id":"https:\/\/www.sonoraenequipo.com.mx\/#organization"},"potentialAction":[{"@type":"SearchAction","target":{"@type":"EntryPoint","urlTemplate":"https:\/\/www.sonoraenequipo.com.mx\/?s={search_term_string}"},"query-input":{"@type":"PropertyValueSpecification","valueRequired":true,"valueName":"search_term_string"}}],"inLanguage":"es"},{"@type":"Organization","@id":"https:\/\/www.sonoraenequipo.com.mx\/#organization","name":"Sonoraenequipo.com.mx","url":"https:\/\/www.sonoraenequipo.com.mx\/","logo":{"@type":"ImageObject","inLanguage":"es","@id":"https:\/\/www.sonoraenequipo.com.mx\/#\/schema\/logo\/image\/","url":"https:\/\/www.sonoraenequipo.com.mx\/storage\/2019\/01\/sonoraenequipo_opt.png","contentUrl":"https:\/\/www.sonoraenequipo.com.mx\/storage\/2019\/01\/sonoraenequipo_opt.png","width":375,"height":125,"caption":"Sonoraenequipo.com.mx"},"image":{"@id":"https:\/\/www.sonoraenequipo.com.mx\/#\/schema\/logo\/image\/"},"sameAs":["https:\/\/www.facebook.com\/SonoraEE\/","https:\/\/x.com\/sonoraenequipo","https:\/\/www.youtube.com\/channel\/UC338nW-lPEYmJQs4ZABQ1SQ"]},{"@type":"Person","@id":"https:\/\/www.sonoraenequipo.com.mx\/#\/schema\/person\/50102df0fb23a8fa9e8effad8fa81386","name":"enequipo","image":{"@type":"ImageObject","inLanguage":"es","@id":"https:\/\/www.sonoraenequipo.com.mx\/#\/schema\/person\/image\/","url":"https:\/\/secure.gravatar.com\/avatar\/049821681b589dabc0bc20695993ccebb09f5b5d4d790cd9251b97faac7c652b?s=96&d=blank&r=g","contentUrl":"https:\/\/secure.gravatar.com\/avatar\/049821681b589dabc0bc20695993ccebb09f5b5d4d790cd9251b97faac7c652b?s=96&d=blank&r=g","caption":"enequipo"},"sameAs":["https:\/\/www.facebook.com\/SonoraEE"]}]}},"jetpack_featured_media_url":"https:\/\/www.sonoraenequipo.com.mx\/storage\/2026\/02\/csp-pensiones.jpg","_links":{"self":[{"href":"https:\/\/www.sonoraenequipo.com.mx\/api\/wp\/v2\/posts\/236722","targetHints":{"allow":["GET"]}}],"collection":[{"href":"https:\/\/www.sonoraenequipo.com.mx\/api\/wp\/v2\/posts"}],"about":[{"href":"https:\/\/www.sonoraenequipo.com.mx\/api\/wp\/v2\/types\/post"}],"author":[{"embeddable":true,"href":"https:\/\/www.sonoraenequipo.com.mx\/api\/wp\/v2\/users\/1"}],"replies":[{"embeddable":true,"href":"https:\/\/www.sonoraenequipo.com.mx\/api\/wp\/v2\/comments?post=236722"}],"version-history":[{"count":1,"href":"https:\/\/www.sonoraenequipo.com.mx\/api\/wp\/v2\/posts\/236722\/revisions"}],"predecessor-version":[{"id":236723,"href":"https:\/\/www.sonoraenequipo.com.mx\/api\/wp\/v2\/posts\/236722\/revisions\/236723"}],"wp:featuredmedia":[{"embeddable":true,"href":"https:\/\/www.sonoraenequipo.com.mx\/api\/wp\/v2\/media\/235564"}],"wp:attachment":[{"href":"https:\/\/www.sonoraenequipo.com.mx\/api\/wp\/v2\/media?parent=236722"}],"wp:term":[{"taxonomy":"category","embeddable":true,"href":"https:\/\/www.sonoraenequipo.com.mx\/api\/wp\/v2\/categories?post=236722"},{"taxonomy":"post_tag","embeddable":true,"href":"https:\/\/www.sonoraenequipo.com.mx\/api\/wp\/v2\/tags?post=236722"}],"curies":[{"name":"wp","href":"https:\/\/api.w.org\/{rel}","templated":true}]}}