{"id":236738,"date":"2026-03-06T19:01:06","date_gmt":"2026-03-07T02:01:06","guid":{"rendered":"https:\/\/www.sonoraenequipo.com.mx\/?p=236738"},"modified":"2026-03-06T19:01:06","modified_gmt":"2026-03-07T02:01:06","slug":"durazo-promueve-promesas-deportivas-con-mundialito-escolar-rumbo-al-mundial-2026","status":"publish","type":"post","link":"https:\/\/www.sonoraenequipo.com.mx\/durazo-promueve-promesas-deportivas-con-mundialito-escolar-rumbo-al-mundial-2026\/","title":{"rendered":"Durazo promueve promesas deportivas con \u201cMundialito Escolar\u201d rumbo al mundial 2026"},"content":{"rendered":"<p><strong>HERMOSILLO, SONORA, MX. \u2014<\/strong> Para fortalecer la formaci\u00f3n integral de la ni\u00f1ez y juventud sonorense, el gobernador Alfonso Durazo Monta\u00f1o confirm\u00f3 la participaci\u00f3n de Sonora en la Copa Escolar Nacional \u201cMundialito Escolar\u201d, iniciativa impulsada por la presidenta Claudia Sheinbaum Pardo en el marco del Copa Mundial de la FIFA 2026.<\/p>\n<p>&nbsp;<\/p>\n<p>El mandatario estatal subray\u00f3 que en Sonora se respalda con total compromiso este programa, el cual promueve h\u00e1bitos saludables y valores fundamentales como la disciplina, el respeto y el trabajo en equipo, como parte de la estrategia nacional \u201cVive saludable, juega feliz\u201d.<\/p>\n<p>&nbsp;<\/p>\n<p>\u201cEstoy seguro de que de este esfuerzo surgir\u00e1n nuevas promesas del futbol nacional y, por qu\u00e9 no, tambi\u00e9n internacional. Invitamos a docentes, directivos y familias a fortalecer la formaci\u00f3n integral de nuestra juventud. Porque el deporte une, forma, pero sobre todo transforma vidas\u201d, destac\u00f3 el gobernador Durazo.<\/p>\n<p>&nbsp;<\/p>\n<p>Desde el mes de febrero, coment\u00f3, dieron inicio las etapas regionales en nivel primaria y secundaria; mientras que en abril se llevar\u00e1 a cabo la etapa nacional. Los equipos finalistas tendr\u00e1n la oportunidad de disputar la gran final en junio en el Estadio Ol\u00edmpico Universitario, escenario emblem\u00e1tico del deporte nacional.<\/p>\n<p>&nbsp;<\/p>\n<p>Asimismo, explic\u00f3, m\u00e1s de 130 mil estudiantes de bachillerato en Sonora participar\u00e1n en \u201cInterprepas en Movimiento\u201d y en el Mundialito Escolar de Futbol en Media Superior, ampliando el alcance de esta estrategia que fomenta la activaci\u00f3n f\u00edsica y el desarrollo integral.<\/p>\n<p>&nbsp;<\/p>\n<p>El titular del Ejecutivo estatal, expres\u00f3 su confianza en que de este esfuerzo surgir\u00e1n nuevas promesas del futbol nacional e incluso internacional, al tiempo que reiter\u00f3 la invitaci\u00f3n a docentes, directivos y familias a sumarse activamente para fortalecer la formaci\u00f3n de las nuevas generaciones.<\/p>\n<p><strong>Fecha de publicaci\u00f3n viernes 6 de marzo de 2026<\/strong><\/p>\n","protected":false},"excerpt":{"rendered":"<p>HERMOSILLO, SONORA, MX. \u2014 Para fortalecer la formaci\u00f3n integral de la ni\u00f1ez y juventud sonorense,&#8230;<\/p>\n","protected":false},"author":1,"featured_media":236739,"comment_status":"open","ping_status":"open","sticky":false,"template":"","format":"standard","meta":{"_monsterinsights_skip_tracking":false,"_monsterinsights_sitenote_active":false,"_monsterinsights_sitenote_note":"","_monsterinsights_sitenote_category":0,"footnotes":""},"categories":[22],"tags":[10966,3471,5408,12441],"class_list":["post"],"yoast_head":" \n<title>Sonora en Equipo. Durazo promueve promesas deportivas con \u201cMundialito Escolar\u201d rumbo al mundial 2026 Sonora<\/title>\n<meta name=\"description\" content=\"HERMOSILLO, SONORA, MX. \u2014 Para fortalecer la formaci\u00f3n integral de la ni\u00f1ez y juventud sonorense, el gobernador Alfonso Durazo Monta\u00f1o confirm\u00f3 la En Sonora en Equipo publicamos toda la informaci\u00f3n de Sonora, M\u00e9xico y el Mundo de manera oportuna y busca que la libertad de expresi\u00f3n sea real. Visita nuestro medio informativo publicado desde Hermosillo, Sonora. %\" \/>\n<meta name=\"robots\" content=\"index, follow, max-snippet:-1, max-image-preview:large, max-video-preview:-1\" \/>\n<link rel=\"canonical\" href=\"https:\/\/www.sonoraenequipo.com.mx\/durazo-promueve-promesas-deportivas-con-mundialito-escolar-rumbo-al-mundial-2026\/\" \/>\n<meta property=\"og:locale\" content=\"es_ES\" \/>\n<meta property=\"og:type\" content=\"article\" \/>\n<meta property=\"og:title\" content=\"Sonora en Equipo. Durazo promueve promesas deportivas con \u201cMundialito Escolar\u201d rumbo al mundial 2026 Sonora\" \/>\n<meta property=\"og:description\" content=\"HERMOSILLO, SONORA, MX. \u2014 Para fortalecer la formaci\u00f3n integral de la ni\u00f1ez y juventud sonorense, el gobernador Alfonso Durazo Monta\u00f1o confirm\u00f3 la En Sonora en Equipo publicamos toda la informaci\u00f3n de Sonora, M\u00e9xico y el Mundo de manera oportuna y busca que la libertad de expresi\u00f3n sea real. Visita nuestro medio informativo publicado desde Hermosillo, Sonora. %\" \/>\n<meta property=\"og:url\" content=\"https:\/\/www.sonoraenequipo.com.mx\/durazo-promueve-promesas-deportivas-con-mundialito-escolar-rumbo-al-mundial-2026\/\" \/>\n<meta property=\"og:site_name\" content=\"Sonora en Equipo.\" \/>\n<meta property=\"article:publisher\" content=\"https:\/\/www.facebook.com\/SonoraEE\/\" \/>\n<meta property=\"article:author\" content=\"https:\/\/www.facebook.com\/SonoraEE\" \/>\n<meta property=\"article:published_time\" content=\"2026-03-07T02:01:06+00:00\" \/>\n<meta property=\"og:image\" content=\"https:\/\/www.sonoraenequipo.com.mx\/storage\/2026\/03\/adm-futbolito.jpg\" \/>\n\t<meta property=\"og:image:width\" content=\"600\" \/>\n\t<meta property=\"og:image:height\" content=\"400\" \/>\n\t<meta property=\"og:image:type\" content=\"image\/jpeg\" \/>\n<meta name=\"author\" content=\"enequipo\" \/>\n<meta name=\"twitter:card\" content=\"summary_large_image\" \/>\n<meta name=\"twitter:creator\" content=\"@sonoraenequipo\" \/>\n<meta name=\"twitter:site\" content=\"@sonoraenequipo\" \/>\n<meta name=\"twitter:label1\" content=\"Escrito por\" \/>\n\t<meta name=\"twitter:data1\" content=\"enequipo\" \/>\n\t<meta name=\"twitter:label2\" content=\"Tiempo de lectura\" \/>\n\t<meta name=\"twitter:data2\" content=\"2 minutos\" \/>\n<script type=\"application\/ld+json\" class=\"yoast-schema-graph\">{\"@context\":\"https:\/\/schema.org\",\"@graph\":[{\"@type\":\"Article\",\"@id\":\"https:\/\/www.sonoraenequipo.com.mx\/durazo-promueve-promesas-deportivas-con-mundialito-escolar-rumbo-al-mundial-2026\/#article\",\"isPartOf\":{\"@id\":\"https:\/\/www.sonoraenequipo.com.mx\/durazo-promueve-promesas-deportivas-con-mundialito-escolar-rumbo-al-mundial-2026\/\"},\"author\":{\"name\":\"enequipo\",\"@id\":\"https:\/\/www.sonoraenequipo.com.mx\/#\/schema\/person\/50102df0fb23a8fa9e8effad8fa81386\"},\"headline\":\"Durazo promueve promesas deportivas con \u201cMundialito Escolar\u201d rumbo al mundial 2026\",\"datePublished\":\"2026-03-07T02:01:06+00:00\",\"mainEntityOfPage\":{\"@id\":\"https:\/\/www.sonoraenequipo.com.mx\/durazo-promueve-promesas-deportivas-con-mundialito-escolar-rumbo-al-mundial-2026\/\"},\"wordCount\":312,\"commentCount\":0,\"publisher\":{\"@id\":\"https:\/\/www.sonoraenequipo.com.mx\/#organization\"},\"image\":{\"@id\":\"https:\/\/www.sonoraenequipo.com.mx\/durazo-promueve-promesas-deportivas-con-mundialito-escolar-rumbo-al-mundial-2026\/#primaryimage\"},\"thumbnailUrl\":\"https:\/\/www.sonoraenequipo.com.mx\/storage\/2026\/03\/adm-futbolito.jpg\",\"keywords\":[\"2026\",\"escolar\",\"mundial\",\"mundialito\"],\"articleSection\":[\"Sonora\"],\"inLanguage\":\"es\",\"potentialAction\":[{\"@type\":\"CommentAction\",\"name\":\"Comment\",\"target\":[\"https:\/\/www.sonoraenequipo.com.mx\/durazo-promueve-promesas-deportivas-con-mundialito-escolar-rumbo-al-mundial-2026\/#respond\"]}]},{\"@type\":\"WebPage\",\"@id\":\"https:\/\/www.sonoraenequipo.com.mx\/durazo-promueve-promesas-deportivas-con-mundialito-escolar-rumbo-al-mundial-2026\/\",\"url\":\"https:\/\/www.sonoraenequipo.com.mx\/durazo-promueve-promesas-deportivas-con-mundialito-escolar-rumbo-al-mundial-2026\/\",\"name\":\"Sonora en Equipo. Durazo promueve promesas deportivas con \u201cMundialito Escolar\u201d rumbo al mundial 2026 Sonora\",\"isPartOf\":{\"@id\":\"https:\/\/www.sonoraenequipo.com.mx\/#website\"},\"primaryImageOfPage\":{\"@id\":\"https:\/\/www.sonoraenequipo.com.mx\/durazo-promueve-promesas-deportivas-con-mundialito-escolar-rumbo-al-mundial-2026\/#primaryimage\"},\"image\":{\"@id\":\"https:\/\/www.sonoraenequipo.com.mx\/durazo-promueve-promesas-deportivas-con-mundialito-escolar-rumbo-al-mundial-2026\/#primaryimage\"},\"thumbnailUrl\":\"https:\/\/www.sonoraenequipo.com.mx\/storage\/2026\/03\/adm-futbolito.jpg\",\"datePublished\":\"2026-03-07T02:01:06+00:00\",\"description\":\"HERMOSILLO, SONORA, MX. \u2014 Para fortalecer la formaci\u00f3n integral de la ni\u00f1ez y juventud sonorense, el gobernador Alfonso Durazo Monta\u00f1o confirm\u00f3 la En Sonora en Equipo publicamos toda la informaci\u00f3n de Sonora, M\u00e9xico y el Mundo de manera oportuna y busca que la libertad de expresi\u00f3n sea real. Visita nuestro medio informativo publicado desde Hermosillo, Sonora. %\",\"breadcrumb\":{\"@id\":\"https:\/\/www.sonoraenequipo.com.mx\/durazo-promueve-promesas-deportivas-con-mundialito-escolar-rumbo-al-mundial-2026\/#breadcrumb\"},\"inLanguage\":\"es\",\"potentialAction\":[{\"@type\":\"ReadAction\",\"target\":[\"https:\/\/www.sonoraenequipo.com.mx\/durazo-promueve-promesas-deportivas-con-mundialito-escolar-rumbo-al-mundial-2026\/\"]}]},{\"@type\":\"ImageObject\",\"inLanguage\":\"es\",\"@id\":\"https:\/\/www.sonoraenequipo.com.mx\/durazo-promueve-promesas-deportivas-con-mundialito-escolar-rumbo-al-mundial-2026\/#primaryimage\",\"url\":\"https:\/\/www.sonoraenequipo.com.mx\/storage\/2026\/03\/adm-futbolito.jpg\",\"contentUrl\":\"https:\/\/www.sonoraenequipo.com.mx\/storage\/2026\/03\/adm-futbolito.jpg\",\"width\":600,\"height\":400},{\"@type\":\"BreadcrumbList\",\"@id\":\"https:\/\/www.sonoraenequipo.com.mx\/durazo-promueve-promesas-deportivas-con-mundialito-escolar-rumbo-al-mundial-2026\/#breadcrumb\",\"itemListElement\":[{\"@type\":\"ListItem\",\"position\":1,\"name\":\"Portada\",\"item\":\"https:\/\/www.sonoraenequipo.com.mx\/\"},{\"@type\":\"ListItem\",\"position\":2,\"name\":\"Durazo promueve promesas deportivas con \u201cMundialito Escolar\u201d rumbo al mundial 2026\"}]},{\"@type\":\"WebSite\",\"@id\":\"https:\/\/www.sonoraenequipo.com.mx\/#website\",\"url\":\"https:\/\/www.sonoraenequipo.com.mx\/\",\"name\":\"Sonora en Equipo.\",\"description\":\"Diario en l\u00ednea con Noticias desde Hermosillo, Sonora\",\"publisher\":{\"@id\":\"https:\/\/www.sonoraenequipo.com.mx\/#organization\"},\"potentialAction\":[{\"@type\":\"SearchAction\",\"target\":{\"@type\":\"EntryPoint\",\"urlTemplate\":\"https:\/\/www.sonoraenequipo.com.mx\/?s={search_term_string}\"},\"query-input\":{\"@type\":\"PropertyValueSpecification\",\"valueRequired\":true,\"valueName\":\"search_term_string\"}}],\"inLanguage\":\"es\"},{\"@type\":\"Organization\",\"@id\":\"https:\/\/www.sonoraenequipo.com.mx\/#organization\",\"name\":\"Sonoraenequipo.com.mx\",\"url\":\"https:\/\/www.sonoraenequipo.com.mx\/\",\"logo\":{\"@type\":\"ImageObject\",\"inLanguage\":\"es\",\"@id\":\"https:\/\/www.sonoraenequipo.com.mx\/#\/schema\/logo\/image\/\",\"url\":\"https:\/\/www.sonoraenequipo.com.mx\/storage\/2019\/01\/sonoraenequipo_opt.png\",\"contentUrl\":\"https:\/\/www.sonoraenequipo.com.mx\/storage\/2019\/01\/sonoraenequipo_opt.png\",\"width\":375,\"height\":125,\"caption\":\"Sonoraenequipo.com.mx\"},\"image\":{\"@id\":\"https:\/\/www.sonoraenequipo.com.mx\/#\/schema\/logo\/image\/\"},\"sameAs\":[\"https:\/\/www.facebook.com\/SonoraEE\/\",\"https:\/\/x.com\/sonoraenequipo\",\"https:\/\/www.youtube.com\/channel\/UC338nW-lPEYmJQs4ZABQ1SQ\"]},{\"@type\":\"Person\",\"@id\":\"https:\/\/www.sonoraenequipo.com.mx\/#\/schema\/person\/50102df0fb23a8fa9e8effad8fa81386\",\"name\":\"enequipo\",\"image\":{\"@type\":\"ImageObject\",\"inLanguage\":\"es\",\"@id\":\"https:\/\/www.sonoraenequipo.com.mx\/#\/schema\/person\/image\/\",\"url\":\"https:\/\/secure.gravatar.com\/avatar\/049821681b589dabc0bc20695993ccebb09f5b5d4d790cd9251b97faac7c652b?s=96&d=blank&r=g\",\"contentUrl\":\"https:\/\/secure.gravatar.com\/avatar\/049821681b589dabc0bc20695993ccebb09f5b5d4d790cd9251b97faac7c652b?s=96&d=blank&r=g\",\"caption\":\"enequipo\"},\"sameAs\":[\"https:\/\/www.facebook.com\/SonoraEE\"]}]}<\/script>\n ","yoast_head_json":{"title":"Sonora en Equipo. Durazo promueve promesas deportivas con \u201cMundialito Escolar\u201d rumbo al mundial 2026 Sonora","description":"HERMOSILLO, SONORA, MX. \u2014 Para fortalecer la formaci\u00f3n integral de la ni\u00f1ez y juventud sonorense, el gobernador Alfonso Durazo Monta\u00f1o confirm\u00f3 la En Sonora en Equipo publicamos toda la informaci\u00f3n de Sonora, M\u00e9xico y el Mundo de manera oportuna y busca que la libertad de expresi\u00f3n sea real. Visita nuestro medio informativo publicado desde Hermosillo, Sonora. %","robots":{"index":"index","follow":"follow","max-snippet":"max-snippet:-1","max-image-preview":"max-image-preview:large","max-video-preview":"max-video-preview:-1"},"canonical":"https:\/\/www.sonoraenequipo.com.mx\/durazo-promueve-promesas-deportivas-con-mundialito-escolar-rumbo-al-mundial-2026\/","og_locale":"es_ES","og_type":"article","og_title":"Sonora en Equipo. Durazo promueve promesas deportivas con \u201cMundialito Escolar\u201d rumbo al mundial 2026 Sonora","og_description":"HERMOSILLO, SONORA, MX. \u2014 Para fortalecer la formaci\u00f3n integral de la ni\u00f1ez y juventud sonorense, el gobernador Alfonso Durazo Monta\u00f1o confirm\u00f3 la En Sonora en Equipo publicamos toda la informaci\u00f3n de Sonora, M\u00e9xico y el Mundo de manera oportuna y busca que la libertad de expresi\u00f3n sea real. Visita nuestro medio informativo publicado desde Hermosillo, Sonora. %","og_url":"https:\/\/www.sonoraenequipo.com.mx\/durazo-promueve-promesas-deportivas-con-mundialito-escolar-rumbo-al-mundial-2026\/","og_site_name":"Sonora en Equipo.","article_publisher":"https:\/\/www.facebook.com\/SonoraEE\/","article_author":"https:\/\/www.facebook.com\/SonoraEE","article_published_time":"2026-03-07T02:01:06+00:00","og_image":[{"width":600,"height":400,"url":"https:\/\/www.sonoraenequipo.com.mx\/storage\/2026\/03\/adm-futbolito.jpg","type":"image\/jpeg"}],"author":"enequipo","twitter_card":"summary_large_image","twitter_creator":"@sonoraenequipo","twitter_site":"@sonoraenequipo","twitter_misc":{"Escrito por":"enequipo","Tiempo de lectura":"2 minutos"},"schema":{"@context":"https:\/\/schema.org","@graph":[{"@type":"Article","@id":"https:\/\/www.sonoraenequipo.com.mx\/durazo-promueve-promesas-deportivas-con-mundialito-escolar-rumbo-al-mundial-2026\/#article","isPartOf":{"@id":"https:\/\/www.sonoraenequipo.com.mx\/durazo-promueve-promesas-deportivas-con-mundialito-escolar-rumbo-al-mundial-2026\/"},"author":{"name":"enequipo","@id":"https:\/\/www.sonoraenequipo.com.mx\/#\/schema\/person\/50102df0fb23a8fa9e8effad8fa81386"},"headline":"Durazo promueve promesas deportivas con \u201cMundialito Escolar\u201d rumbo al mundial 2026","datePublished":"2026-03-07T02:01:06+00:00","mainEntityOfPage":{"@id":"https:\/\/www.sonoraenequipo.com.mx\/durazo-promueve-promesas-deportivas-con-mundialito-escolar-rumbo-al-mundial-2026\/"},"wordCount":312,"commentCount":0,"publisher":{"@id":"https:\/\/www.sonoraenequipo.com.mx\/#organization"},"image":{"@id":"https:\/\/www.sonoraenequipo.com.mx\/durazo-promueve-promesas-deportivas-con-mundialito-escolar-rumbo-al-mundial-2026\/#primaryimage"},"thumbnailUrl":"https:\/\/www.sonoraenequipo.com.mx\/storage\/2026\/03\/adm-futbolito.jpg","keywords":["2026","escolar","mundial","mundialito"],"articleSection":["Sonora"],"inLanguage":"es","potentialAction":[{"@type":"CommentAction","name":"Comment","target":["https:\/\/www.sonoraenequipo.com.mx\/durazo-promueve-promesas-deportivas-con-mundialito-escolar-rumbo-al-mundial-2026\/#respond"]}]},{"@type":"WebPage","@id":"https:\/\/www.sonoraenequipo.com.mx\/durazo-promueve-promesas-deportivas-con-mundialito-escolar-rumbo-al-mundial-2026\/","url":"https:\/\/www.sonoraenequipo.com.mx\/durazo-promueve-promesas-deportivas-con-mundialito-escolar-rumbo-al-mundial-2026\/","name":"Sonora en Equipo. Durazo promueve promesas deportivas con \u201cMundialito Escolar\u201d rumbo al mundial 2026 Sonora","isPartOf":{"@id":"https:\/\/www.sonoraenequipo.com.mx\/#website"},"primaryImageOfPage":{"@id":"https:\/\/www.sonoraenequipo.com.mx\/durazo-promueve-promesas-deportivas-con-mundialito-escolar-rumbo-al-mundial-2026\/#primaryimage"},"image":{"@id":"https:\/\/www.sonoraenequipo.com.mx\/durazo-promueve-promesas-deportivas-con-mundialito-escolar-rumbo-al-mundial-2026\/#primaryimage"},"thumbnailUrl":"https:\/\/www.sonoraenequipo.com.mx\/storage\/2026\/03\/adm-futbolito.jpg","datePublished":"2026-03-07T02:01:06+00:00","description":"HERMOSILLO, SONORA, MX. \u2014 Para fortalecer la formaci\u00f3n integral de la ni\u00f1ez y juventud sonorense, el gobernador Alfonso Durazo Monta\u00f1o confirm\u00f3 la En Sonora en Equipo publicamos toda la informaci\u00f3n de Sonora, M\u00e9xico y el Mundo de manera oportuna y busca que la libertad de expresi\u00f3n sea real. Visita nuestro medio informativo publicado desde Hermosillo, Sonora. %","breadcrumb":{"@id":"https:\/\/www.sonoraenequipo.com.mx\/durazo-promueve-promesas-deportivas-con-mundialito-escolar-rumbo-al-mundial-2026\/#breadcrumb"},"inLanguage":"es","potentialAction":[{"@type":"ReadAction","target":["https:\/\/www.sonoraenequipo.com.mx\/durazo-promueve-promesas-deportivas-con-mundialito-escolar-rumbo-al-mundial-2026\/"]}]},{"@type":"ImageObject","inLanguage":"es","@id":"https:\/\/www.sonoraenequipo.com.mx\/durazo-promueve-promesas-deportivas-con-mundialito-escolar-rumbo-al-mundial-2026\/#primaryimage","url":"https:\/\/www.sonoraenequipo.com.mx\/storage\/2026\/03\/adm-futbolito.jpg","contentUrl":"https:\/\/www.sonoraenequipo.com.mx\/storage\/2026\/03\/adm-futbolito.jpg","width":600,"height":400},{"@type":"BreadcrumbList","@id":"https:\/\/www.sonoraenequipo.com.mx\/durazo-promueve-promesas-deportivas-con-mundialito-escolar-rumbo-al-mundial-2026\/#breadcrumb","itemListElement":[{"@type":"ListItem","position":1,"name":"Portada","item":"https:\/\/www.sonoraenequipo.com.mx\/"},{"@type":"ListItem","position":2,"name":"Durazo promueve promesas deportivas con \u201cMundialito Escolar\u201d rumbo al mundial 2026"}]},{"@type":"WebSite","@id":"https:\/\/www.sonoraenequipo.com.mx\/#website","url":"https:\/\/www.sonoraenequipo.com.mx\/","name":"Sonora en Equipo.","description":"Diario en l\u00ednea con Noticias desde Hermosillo, Sonora","publisher":{"@id":"https:\/\/www.sonoraenequipo.com.mx\/#organization"},"potentialAction":[{"@type":"SearchAction","target":{"@type":"EntryPoint","urlTemplate":"https:\/\/www.sonoraenequipo.com.mx\/?s={search_term_string}"},"query-input":{"@type":"PropertyValueSpecification","valueRequired":true,"valueName":"search_term_string"}}],"inLanguage":"es"},{"@type":"Organization","@id":"https:\/\/www.sonoraenequipo.com.mx\/#organization","name":"Sonoraenequipo.com.mx","url":"https:\/\/www.sonoraenequipo.com.mx\/","logo":{"@type":"ImageObject","inLanguage":"es","@id":"https:\/\/www.sonoraenequipo.com.mx\/#\/schema\/logo\/image\/","url":"https:\/\/www.sonoraenequipo.com.mx\/storage\/2019\/01\/sonoraenequipo_opt.png","contentUrl":"https:\/\/www.sonoraenequipo.com.mx\/storage\/2019\/01\/sonoraenequipo_opt.png","width":375,"height":125,"caption":"Sonoraenequipo.com.mx"},"image":{"@id":"https:\/\/www.sonoraenequipo.com.mx\/#\/schema\/logo\/image\/"},"sameAs":["https:\/\/www.facebook.com\/SonoraEE\/","https:\/\/x.com\/sonoraenequipo","https:\/\/www.youtube.com\/channel\/UC338nW-lPEYmJQs4ZABQ1SQ"]},{"@type":"Person","@id":"https:\/\/www.sonoraenequipo.com.mx\/#\/schema\/person\/50102df0fb23a8fa9e8effad8fa81386","name":"enequipo","image":{"@type":"ImageObject","inLanguage":"es","@id":"https:\/\/www.sonoraenequipo.com.mx\/#\/schema\/person\/image\/","url":"https:\/\/secure.gravatar.com\/avatar\/049821681b589dabc0bc20695993ccebb09f5b5d4d790cd9251b97faac7c652b?s=96&d=blank&r=g","contentUrl":"https:\/\/secure.gravatar.com\/avatar\/049821681b589dabc0bc20695993ccebb09f5b5d4d790cd9251b97faac7c652b?s=96&d=blank&r=g","caption":"enequipo"},"sameAs":["https:\/\/www.facebook.com\/SonoraEE"]}]}},"jetpack_featured_media_url":"https:\/\/www.sonoraenequipo.com.mx\/storage\/2026\/03\/adm-futbolito.jpg","_links":{"self":[{"href":"https:\/\/www.sonoraenequipo.com.mx\/api\/wp\/v2\/posts\/236738","targetHints":{"allow":["GET"]}}],"collection":[{"href":"https:\/\/www.sonoraenequipo.com.mx\/api\/wp\/v2\/posts"}],"about":[{"href":"https:\/\/www.sonoraenequipo.com.mx\/api\/wp\/v2\/types\/post"}],"author":[{"embeddable":true,"href":"https:\/\/www.sonoraenequipo.com.mx\/api\/wp\/v2\/users\/1"}],"replies":[{"embeddable":true,"href":"https:\/\/www.sonoraenequipo.com.mx\/api\/wp\/v2\/comments?post=236738"}],"version-history":[{"count":1,"href":"https:\/\/www.sonoraenequipo.com.mx\/api\/wp\/v2\/posts\/236738\/revisions"}],"predecessor-version":[{"id":236740,"href":"https:\/\/www.sonoraenequipo.com.mx\/api\/wp\/v2\/posts\/236738\/revisions\/236740"}],"wp:featuredmedia":[{"embeddable":true,"href":"https:\/\/www.sonoraenequipo.com.mx\/api\/wp\/v2\/media\/236739"}],"wp:attachment":[{"href":"https:\/\/www.sonoraenequipo.com.mx\/api\/wp\/v2\/media?parent=236738"}],"wp:term":[{"taxonomy":"category","embeddable":true,"href":"https:\/\/www.sonoraenequipo.com.mx\/api\/wp\/v2\/categories?post=236738"},{"taxonomy":"post_tag","embeddable":true,"href":"https:\/\/www.sonoraenequipo.com.mx\/api\/wp\/v2\/tags?post=236738"}],"curies":[{"name":"wp","href":"https:\/\/api.w.org\/{rel}","templated":true}]}}