{"id":236746,"date":"2026-03-06T19:37:44","date_gmt":"2026-03-07T02:37:44","guid":{"rendered":"https:\/\/www.sonoraenequipo.com.mx\/?p=236746"},"modified":"2026-03-06T19:46:41","modified_gmt":"2026-03-07T02:46:41","slug":"fgjes-investiga-difusion-de-video-que-vulnera-la-dignidad-de-personas-con-condicion-del-espectro-autista","status":"publish","type":"post","link":"https:\/\/www.sonoraenequipo.com.mx\/fgjes-investiga-difusion-de-video-que-vulnera-la-dignidad-de-personas-con-condicion-del-espectro-autista\/","title":{"rendered":"FGJES investiga difusi\u00f3n de video que vulnera la dignidad de personas con condici\u00f3n del espectro autista"},"content":{"rendered":"<p><strong>HERMOSILLO, SONORA, MX. \u2014<\/strong> La Fiscal\u00eda General de Justicia del Estado de Sonora (FGJES) informa que recibi\u00f3 una denuncia formal por hechos que podr\u00edan constituir conductas delictivas derivado de la difusi\u00f3n en redes sociales de un video que vulnera la dignidad de personas con condici\u00f3n del espectro autista.<\/p>\n<p>&nbsp;<\/p>\n<p>De acuerdo a la denuncia presentada, se tuvo conocimiento que a trav\u00e9s de plataformas de redes sociales fue difundido un video publicado por un creador de contenidos, mismo sujeto que los monetiza con base en el volumen de audiencias, en el cual se simula de manera ignominiosa y estigmatizante una condici\u00f3n del espectro autista.<\/p>\n<p>&nbsp;<\/p>\n<p>La denunciante, as\u00ed como integrantes de un colectivo de madres consideran que dicho contenido resulta ofensivo y atenta contra la dignidad de las personas con esta condici\u00f3n, en ese mismo sentido, se present\u00f3 para formalizar denuncia el titular de la Procuradur\u00eda para la Defensa de los Derechos de las Personas con Discapacidad en Sonora, Teodoro Cervando Flores Castelo.<\/p>\n<p>&nbsp;<\/p>\n<p>Ante estos hechos, esta representaci\u00f3n social inici\u00f3 la carpeta de investigaci\u00f3n correspondiente para determinar la posible configuraci\u00f3n de conductas constitutivas de hechos que la ley se\u00f1ala como delito y, en su caso, proceder conforme a Derecho contra quien resulte responsable.<\/p>\n<p>&nbsp;<\/p>\n<p>La Fiscal\u00eda General de Justicia del Estado de Sonora reitera que cualquier conducta que promueva la violencia, la discriminaci\u00f3n o la vulneraci\u00f3n de la dignidad de las personas ser\u00e1 investigada y sancionada conforme a la ley, especialmente cuando pueda afectar a grupos en situaci\u00f3n de vulnerabilidad.<\/p>\n<p><strong>Fecha de publicaci\u00f3n viernes 6 de marzo de 2026<\/strong><\/p>\n","protected":false},"excerpt":{"rendered":"<p>HERMOSILLO, SONORA, MX. \u2014 La Fiscal\u00eda General de Justicia del Estado de Sonora (FGJES) informa&#8230;<\/p>\n","protected":false},"author":1,"featured_media":178327,"comment_status":"open","ping_status":"open","sticky":false,"template":"","format":"standard","meta":{"_monsterinsights_skip_tracking":false,"_monsterinsights_sitenote_active":false,"_monsterinsights_sitenote_note":"","_monsterinsights_sitenote_category":0,"footnotes":""},"categories":[3144],"tags":[9501],"class_list":["post"],"yoast_head":" \n<title>Sonora en Equipo. FGJES investiga difusi\u00f3n de video que vulnera la dignidad de personas con condici\u00f3n del espectro autista Polic\u00edaca<\/title>\n<meta name=\"description\" content=\"HERMOSILLO, SONORA, MX. \u2014 La Fiscal\u00eda General de Justicia del Estado de Sonora (FGJES) informa que recibi\u00f3 una denuncia formal por hechos que podr\u00edan En Sonora en Equipo publicamos toda la informaci\u00f3n de Sonora, M\u00e9xico y el Mundo de manera oportuna y busca que la libertad de expresi\u00f3n sea real. Visita nuestro medio informativo publicado desde Hermosillo, Sonora. %\" \/>\n<meta name=\"robots\" content=\"index, follow, max-snippet:-1, max-image-preview:large, max-video-preview:-1\" \/>\n<link rel=\"canonical\" href=\"https:\/\/www.sonoraenequipo.com.mx\/fgjes-investiga-difusion-de-video-que-vulnera-la-dignidad-de-personas-con-condicion-del-espectro-autista\/\" \/>\n<meta property=\"og:locale\" content=\"es_ES\" \/>\n<meta property=\"og:type\" content=\"article\" \/>\n<meta property=\"og:title\" content=\"Sonora en Equipo. FGJES investiga difusi\u00f3n de video que vulnera la dignidad de personas con condici\u00f3n del espectro autista Polic\u00edaca\" \/>\n<meta property=\"og:description\" content=\"HERMOSILLO, SONORA, MX. \u2014 La Fiscal\u00eda General de Justicia del Estado de Sonora (FGJES) informa que recibi\u00f3 una denuncia formal por hechos que podr\u00edan En Sonora en Equipo publicamos toda la informaci\u00f3n de Sonora, M\u00e9xico y el Mundo de manera oportuna y busca que la libertad de expresi\u00f3n sea real. Visita nuestro medio informativo publicado desde Hermosillo, Sonora. %\" \/>\n<meta property=\"og:url\" content=\"https:\/\/www.sonoraenequipo.com.mx\/fgjes-investiga-difusion-de-video-que-vulnera-la-dignidad-de-personas-con-condicion-del-espectro-autista\/\" \/>\n<meta property=\"og:site_name\" content=\"Sonora en Equipo.\" \/>\n<meta property=\"article:publisher\" content=\"https:\/\/www.facebook.com\/SonoraEE\/\" \/>\n<meta property=\"article:author\" content=\"https:\/\/www.facebook.com\/SonoraEE\" \/>\n<meta property=\"article:published_time\" content=\"2026-03-07T02:37:44+00:00\" \/>\n<meta property=\"article:modified_time\" content=\"2026-03-07T02:46:41+00:00\" \/>\n<meta property=\"og:image\" content=\"https:\/\/www.sonoraenequipo.com.mx\/storage\/2023\/11\/logo-fgjes.jpg\" \/>\n\t<meta property=\"og:image:width\" content=\"900\" \/>\n\t<meta property=\"og:image:height\" content=\"600\" \/>\n\t<meta property=\"og:image:type\" content=\"image\/jpeg\" \/>\n<meta name=\"author\" content=\"enequipo\" \/>\n<meta name=\"twitter:card\" content=\"summary_large_image\" \/>\n<meta name=\"twitter:creator\" content=\"@sonoraenequipo\" \/>\n<meta name=\"twitter:site\" content=\"@sonoraenequipo\" \/>\n<meta name=\"twitter:label1\" content=\"Escrito por\" \/>\n\t<meta name=\"twitter:data1\" content=\"enequipo\" \/>\n\t<meta name=\"twitter:label2\" content=\"Tiempo de lectura\" \/>\n\t<meta name=\"twitter:data2\" content=\"1 minuto\" \/>\n<script type=\"application\/ld+json\" class=\"yoast-schema-graph\">{\"@context\":\"https:\/\/schema.org\",\"@graph\":[{\"@type\":\"Article\",\"@id\":\"https:\/\/www.sonoraenequipo.com.mx\/fgjes-investiga-difusion-de-video-que-vulnera-la-dignidad-de-personas-con-condicion-del-espectro-autista\/#article\",\"isPartOf\":{\"@id\":\"https:\/\/www.sonoraenequipo.com.mx\/fgjes-investiga-difusion-de-video-que-vulnera-la-dignidad-de-personas-con-condicion-del-espectro-autista\/\"},\"author\":{\"name\":\"enequipo\",\"@id\":\"https:\/\/www.sonoraenequipo.com.mx\/#\/schema\/person\/50102df0fb23a8fa9e8effad8fa81386\"},\"headline\":\"FGJES investiga difusi\u00f3n de video que vulnera la dignidad de personas con condici\u00f3n del espectro autista\",\"datePublished\":\"2026-03-07T02:37:44+00:00\",\"dateModified\":\"2026-03-07T02:46:41+00:00\",\"mainEntityOfPage\":{\"@id\":\"https:\/\/www.sonoraenequipo.com.mx\/fgjes-investiga-difusion-de-video-que-vulnera-la-dignidad-de-personas-con-condicion-del-espectro-autista\/\"},\"wordCount\":291,\"commentCount\":0,\"publisher\":{\"@id\":\"https:\/\/www.sonoraenequipo.com.mx\/#organization\"},\"image\":{\"@id\":\"https:\/\/www.sonoraenequipo.com.mx\/fgjes-investiga-difusion-de-video-que-vulnera-la-dignidad-de-personas-con-condicion-del-espectro-autista\/#primaryimage\"},\"thumbnailUrl\":\"https:\/\/www.sonoraenequipo.com.mx\/storage\/2023\/11\/logo-fgjes.jpg\",\"keywords\":[\"influencer\"],\"articleSection\":[\"Polic\u00edaca\"],\"inLanguage\":\"es\",\"potentialAction\":[{\"@type\":\"CommentAction\",\"name\":\"Comment\",\"target\":[\"https:\/\/www.sonoraenequipo.com.mx\/fgjes-investiga-difusion-de-video-que-vulnera-la-dignidad-de-personas-con-condicion-del-espectro-autista\/#respond\"]}]},{\"@type\":\"WebPage\",\"@id\":\"https:\/\/www.sonoraenequipo.com.mx\/fgjes-investiga-difusion-de-video-que-vulnera-la-dignidad-de-personas-con-condicion-del-espectro-autista\/\",\"url\":\"https:\/\/www.sonoraenequipo.com.mx\/fgjes-investiga-difusion-de-video-que-vulnera-la-dignidad-de-personas-con-condicion-del-espectro-autista\/\",\"name\":\"Sonora en Equipo. FGJES investiga difusi\u00f3n de video que vulnera la dignidad de personas con condici\u00f3n del espectro autista Polic\u00edaca\",\"isPartOf\":{\"@id\":\"https:\/\/www.sonoraenequipo.com.mx\/#website\"},\"primaryImageOfPage\":{\"@id\":\"https:\/\/www.sonoraenequipo.com.mx\/fgjes-investiga-difusion-de-video-que-vulnera-la-dignidad-de-personas-con-condicion-del-espectro-autista\/#primaryimage\"},\"image\":{\"@id\":\"https:\/\/www.sonoraenequipo.com.mx\/fgjes-investiga-difusion-de-video-que-vulnera-la-dignidad-de-personas-con-condicion-del-espectro-autista\/#primaryimage\"},\"thumbnailUrl\":\"https:\/\/www.sonoraenequipo.com.mx\/storage\/2023\/11\/logo-fgjes.jpg\",\"datePublished\":\"2026-03-07T02:37:44+00:00\",\"dateModified\":\"2026-03-07T02:46:41+00:00\",\"description\":\"HERMOSILLO, SONORA, MX. \u2014 La Fiscal\u00eda General de Justicia del Estado de Sonora (FGJES) informa que recibi\u00f3 una denuncia formal por hechos que podr\u00edan En Sonora en Equipo publicamos toda la informaci\u00f3n de Sonora, M\u00e9xico y el Mundo de manera oportuna y busca que la libertad de expresi\u00f3n sea real. Visita nuestro medio informativo publicado desde Hermosillo, Sonora. %\",\"breadcrumb\":{\"@id\":\"https:\/\/www.sonoraenequipo.com.mx\/fgjes-investiga-difusion-de-video-que-vulnera-la-dignidad-de-personas-con-condicion-del-espectro-autista\/#breadcrumb\"},\"inLanguage\":\"es\",\"potentialAction\":[{\"@type\":\"ReadAction\",\"target\":[\"https:\/\/www.sonoraenequipo.com.mx\/fgjes-investiga-difusion-de-video-que-vulnera-la-dignidad-de-personas-con-condicion-del-espectro-autista\/\"]}]},{\"@type\":\"ImageObject\",\"inLanguage\":\"es\",\"@id\":\"https:\/\/www.sonoraenequipo.com.mx\/fgjes-investiga-difusion-de-video-que-vulnera-la-dignidad-de-personas-con-condicion-del-espectro-autista\/#primaryimage\",\"url\":\"https:\/\/www.sonoraenequipo.com.mx\/storage\/2023\/11\/logo-fgjes.jpg\",\"contentUrl\":\"https:\/\/www.sonoraenequipo.com.mx\/storage\/2023\/11\/logo-fgjes.jpg\",\"width\":900,\"height\":600},{\"@type\":\"BreadcrumbList\",\"@id\":\"https:\/\/www.sonoraenequipo.com.mx\/fgjes-investiga-difusion-de-video-que-vulnera-la-dignidad-de-personas-con-condicion-del-espectro-autista\/#breadcrumb\",\"itemListElement\":[{\"@type\":\"ListItem\",\"position\":1,\"name\":\"Portada\",\"item\":\"https:\/\/www.sonoraenequipo.com.mx\/\"},{\"@type\":\"ListItem\",\"position\":2,\"name\":\"FGJES investiga difusi\u00f3n de video que vulnera la dignidad de personas con condici\u00f3n del espectro autista\"}]},{\"@type\":\"WebSite\",\"@id\":\"https:\/\/www.sonoraenequipo.com.mx\/#website\",\"url\":\"https:\/\/www.sonoraenequipo.com.mx\/\",\"name\":\"Sonora en Equipo.\",\"description\":\"Diario en l\u00ednea con Noticias desde Hermosillo, Sonora\",\"publisher\":{\"@id\":\"https:\/\/www.sonoraenequipo.com.mx\/#organization\"},\"potentialAction\":[{\"@type\":\"SearchAction\",\"target\":{\"@type\":\"EntryPoint\",\"urlTemplate\":\"https:\/\/www.sonoraenequipo.com.mx\/?s={search_term_string}\"},\"query-input\":{\"@type\":\"PropertyValueSpecification\",\"valueRequired\":true,\"valueName\":\"search_term_string\"}}],\"inLanguage\":\"es\"},{\"@type\":\"Organization\",\"@id\":\"https:\/\/www.sonoraenequipo.com.mx\/#organization\",\"name\":\"Sonoraenequipo.com.mx\",\"url\":\"https:\/\/www.sonoraenequipo.com.mx\/\",\"logo\":{\"@type\":\"ImageObject\",\"inLanguage\":\"es\",\"@id\":\"https:\/\/www.sonoraenequipo.com.mx\/#\/schema\/logo\/image\/\",\"url\":\"https:\/\/www.sonoraenequipo.com.mx\/storage\/2019\/01\/sonoraenequipo_opt.png\",\"contentUrl\":\"https:\/\/www.sonoraenequipo.com.mx\/storage\/2019\/01\/sonoraenequipo_opt.png\",\"width\":375,\"height\":125,\"caption\":\"Sonoraenequipo.com.mx\"},\"image\":{\"@id\":\"https:\/\/www.sonoraenequipo.com.mx\/#\/schema\/logo\/image\/\"},\"sameAs\":[\"https:\/\/www.facebook.com\/SonoraEE\/\",\"https:\/\/x.com\/sonoraenequipo\",\"https:\/\/www.youtube.com\/channel\/UC338nW-lPEYmJQs4ZABQ1SQ\"]},{\"@type\":\"Person\",\"@id\":\"https:\/\/www.sonoraenequipo.com.mx\/#\/schema\/person\/50102df0fb23a8fa9e8effad8fa81386\",\"name\":\"enequipo\",\"image\":{\"@type\":\"ImageObject\",\"inLanguage\":\"es\",\"@id\":\"https:\/\/www.sonoraenequipo.com.mx\/#\/schema\/person\/image\/\",\"url\":\"https:\/\/secure.gravatar.com\/avatar\/049821681b589dabc0bc20695993ccebb09f5b5d4d790cd9251b97faac7c652b?s=96&d=blank&r=g\",\"contentUrl\":\"https:\/\/secure.gravatar.com\/avatar\/049821681b589dabc0bc20695993ccebb09f5b5d4d790cd9251b97faac7c652b?s=96&d=blank&r=g\",\"caption\":\"enequipo\"},\"sameAs\":[\"https:\/\/www.facebook.com\/SonoraEE\"]}]}<\/script>\n ","yoast_head_json":{"title":"Sonora en Equipo. FGJES investiga difusi\u00f3n de video que vulnera la dignidad de personas con condici\u00f3n del espectro autista Polic\u00edaca","description":"HERMOSILLO, SONORA, MX. \u2014 La Fiscal\u00eda General de Justicia del Estado de Sonora (FGJES) informa que recibi\u00f3 una denuncia formal por hechos que podr\u00edan En Sonora en Equipo publicamos toda la informaci\u00f3n de Sonora, M\u00e9xico y el Mundo de manera oportuna y busca que la libertad de expresi\u00f3n sea real. Visita nuestro medio informativo publicado desde Hermosillo, Sonora. %","robots":{"index":"index","follow":"follow","max-snippet":"max-snippet:-1","max-image-preview":"max-image-preview:large","max-video-preview":"max-video-preview:-1"},"canonical":"https:\/\/www.sonoraenequipo.com.mx\/fgjes-investiga-difusion-de-video-que-vulnera-la-dignidad-de-personas-con-condicion-del-espectro-autista\/","og_locale":"es_ES","og_type":"article","og_title":"Sonora en Equipo. FGJES investiga difusi\u00f3n de video que vulnera la dignidad de personas con condici\u00f3n del espectro autista Polic\u00edaca","og_description":"HERMOSILLO, SONORA, MX. \u2014 La Fiscal\u00eda General de Justicia del Estado de Sonora (FGJES) informa que recibi\u00f3 una denuncia formal por hechos que podr\u00edan En Sonora en Equipo publicamos toda la informaci\u00f3n de Sonora, M\u00e9xico y el Mundo de manera oportuna y busca que la libertad de expresi\u00f3n sea real. Visita nuestro medio informativo publicado desde Hermosillo, Sonora. %","og_url":"https:\/\/www.sonoraenequipo.com.mx\/fgjes-investiga-difusion-de-video-que-vulnera-la-dignidad-de-personas-con-condicion-del-espectro-autista\/","og_site_name":"Sonora en Equipo.","article_publisher":"https:\/\/www.facebook.com\/SonoraEE\/","article_author":"https:\/\/www.facebook.com\/SonoraEE","article_published_time":"2026-03-07T02:37:44+00:00","article_modified_time":"2026-03-07T02:46:41+00:00","og_image":[{"width":900,"height":600,"url":"https:\/\/www.sonoraenequipo.com.mx\/storage\/2023\/11\/logo-fgjes.jpg","type":"image\/jpeg"}],"author":"enequipo","twitter_card":"summary_large_image","twitter_creator":"@sonoraenequipo","twitter_site":"@sonoraenequipo","twitter_misc":{"Escrito por":"enequipo","Tiempo de lectura":"1 minuto"},"schema":{"@context":"https:\/\/schema.org","@graph":[{"@type":"Article","@id":"https:\/\/www.sonoraenequipo.com.mx\/fgjes-investiga-difusion-de-video-que-vulnera-la-dignidad-de-personas-con-condicion-del-espectro-autista\/#article","isPartOf":{"@id":"https:\/\/www.sonoraenequipo.com.mx\/fgjes-investiga-difusion-de-video-que-vulnera-la-dignidad-de-personas-con-condicion-del-espectro-autista\/"},"author":{"name":"enequipo","@id":"https:\/\/www.sonoraenequipo.com.mx\/#\/schema\/person\/50102df0fb23a8fa9e8effad8fa81386"},"headline":"FGJES investiga difusi\u00f3n de video que vulnera la dignidad de personas con condici\u00f3n del espectro autista","datePublished":"2026-03-07T02:37:44+00:00","dateModified":"2026-03-07T02:46:41+00:00","mainEntityOfPage":{"@id":"https:\/\/www.sonoraenequipo.com.mx\/fgjes-investiga-difusion-de-video-que-vulnera-la-dignidad-de-personas-con-condicion-del-espectro-autista\/"},"wordCount":291,"commentCount":0,"publisher":{"@id":"https:\/\/www.sonoraenequipo.com.mx\/#organization"},"image":{"@id":"https:\/\/www.sonoraenequipo.com.mx\/fgjes-investiga-difusion-de-video-que-vulnera-la-dignidad-de-personas-con-condicion-del-espectro-autista\/#primaryimage"},"thumbnailUrl":"https:\/\/www.sonoraenequipo.com.mx\/storage\/2023\/11\/logo-fgjes.jpg","keywords":["influencer"],"articleSection":["Polic\u00edaca"],"inLanguage":"es","potentialAction":[{"@type":"CommentAction","name":"Comment","target":["https:\/\/www.sonoraenequipo.com.mx\/fgjes-investiga-difusion-de-video-que-vulnera-la-dignidad-de-personas-con-condicion-del-espectro-autista\/#respond"]}]},{"@type":"WebPage","@id":"https:\/\/www.sonoraenequipo.com.mx\/fgjes-investiga-difusion-de-video-que-vulnera-la-dignidad-de-personas-con-condicion-del-espectro-autista\/","url":"https:\/\/www.sonoraenequipo.com.mx\/fgjes-investiga-difusion-de-video-que-vulnera-la-dignidad-de-personas-con-condicion-del-espectro-autista\/","name":"Sonora en Equipo. FGJES investiga difusi\u00f3n de video que vulnera la dignidad de personas con condici\u00f3n del espectro autista Polic\u00edaca","isPartOf":{"@id":"https:\/\/www.sonoraenequipo.com.mx\/#website"},"primaryImageOfPage":{"@id":"https:\/\/www.sonoraenequipo.com.mx\/fgjes-investiga-difusion-de-video-que-vulnera-la-dignidad-de-personas-con-condicion-del-espectro-autista\/#primaryimage"},"image":{"@id":"https:\/\/www.sonoraenequipo.com.mx\/fgjes-investiga-difusion-de-video-que-vulnera-la-dignidad-de-personas-con-condicion-del-espectro-autista\/#primaryimage"},"thumbnailUrl":"https:\/\/www.sonoraenequipo.com.mx\/storage\/2023\/11\/logo-fgjes.jpg","datePublished":"2026-03-07T02:37:44+00:00","dateModified":"2026-03-07T02:46:41+00:00","description":"HERMOSILLO, SONORA, MX. \u2014 La Fiscal\u00eda General de Justicia del Estado de Sonora (FGJES) informa que recibi\u00f3 una denuncia formal por hechos que podr\u00edan En Sonora en Equipo publicamos toda la informaci\u00f3n de Sonora, M\u00e9xico y el Mundo de manera oportuna y busca que la libertad de expresi\u00f3n sea real. Visita nuestro medio informativo publicado desde Hermosillo, Sonora. %","breadcrumb":{"@id":"https:\/\/www.sonoraenequipo.com.mx\/fgjes-investiga-difusion-de-video-que-vulnera-la-dignidad-de-personas-con-condicion-del-espectro-autista\/#breadcrumb"},"inLanguage":"es","potentialAction":[{"@type":"ReadAction","target":["https:\/\/www.sonoraenequipo.com.mx\/fgjes-investiga-difusion-de-video-que-vulnera-la-dignidad-de-personas-con-condicion-del-espectro-autista\/"]}]},{"@type":"ImageObject","inLanguage":"es","@id":"https:\/\/www.sonoraenequipo.com.mx\/fgjes-investiga-difusion-de-video-que-vulnera-la-dignidad-de-personas-con-condicion-del-espectro-autista\/#primaryimage","url":"https:\/\/www.sonoraenequipo.com.mx\/storage\/2023\/11\/logo-fgjes.jpg","contentUrl":"https:\/\/www.sonoraenequipo.com.mx\/storage\/2023\/11\/logo-fgjes.jpg","width":900,"height":600},{"@type":"BreadcrumbList","@id":"https:\/\/www.sonoraenequipo.com.mx\/fgjes-investiga-difusion-de-video-que-vulnera-la-dignidad-de-personas-con-condicion-del-espectro-autista\/#breadcrumb","itemListElement":[{"@type":"ListItem","position":1,"name":"Portada","item":"https:\/\/www.sonoraenequipo.com.mx\/"},{"@type":"ListItem","position":2,"name":"FGJES investiga difusi\u00f3n de video que vulnera la dignidad de personas con condici\u00f3n del espectro autista"}]},{"@type":"WebSite","@id":"https:\/\/www.sonoraenequipo.com.mx\/#website","url":"https:\/\/www.sonoraenequipo.com.mx\/","name":"Sonora en Equipo.","description":"Diario en l\u00ednea con Noticias desde Hermosillo, Sonora","publisher":{"@id":"https:\/\/www.sonoraenequipo.com.mx\/#organization"},"potentialAction":[{"@type":"SearchAction","target":{"@type":"EntryPoint","urlTemplate":"https:\/\/www.sonoraenequipo.com.mx\/?s={search_term_string}"},"query-input":{"@type":"PropertyValueSpecification","valueRequired":true,"valueName":"search_term_string"}}],"inLanguage":"es"},{"@type":"Organization","@id":"https:\/\/www.sonoraenequipo.com.mx\/#organization","name":"Sonoraenequipo.com.mx","url":"https:\/\/www.sonoraenequipo.com.mx\/","logo":{"@type":"ImageObject","inLanguage":"es","@id":"https:\/\/www.sonoraenequipo.com.mx\/#\/schema\/logo\/image\/","url":"https:\/\/www.sonoraenequipo.com.mx\/storage\/2019\/01\/sonoraenequipo_opt.png","contentUrl":"https:\/\/www.sonoraenequipo.com.mx\/storage\/2019\/01\/sonoraenequipo_opt.png","width":375,"height":125,"caption":"Sonoraenequipo.com.mx"},"image":{"@id":"https:\/\/www.sonoraenequipo.com.mx\/#\/schema\/logo\/image\/"},"sameAs":["https:\/\/www.facebook.com\/SonoraEE\/","https:\/\/x.com\/sonoraenequipo","https:\/\/www.youtube.com\/channel\/UC338nW-lPEYmJQs4ZABQ1SQ"]},{"@type":"Person","@id":"https:\/\/www.sonoraenequipo.com.mx\/#\/schema\/person\/50102df0fb23a8fa9e8effad8fa81386","name":"enequipo","image":{"@type":"ImageObject","inLanguage":"es","@id":"https:\/\/www.sonoraenequipo.com.mx\/#\/schema\/person\/image\/","url":"https:\/\/secure.gravatar.com\/avatar\/049821681b589dabc0bc20695993ccebb09f5b5d4d790cd9251b97faac7c652b?s=96&d=blank&r=g","contentUrl":"https:\/\/secure.gravatar.com\/avatar\/049821681b589dabc0bc20695993ccebb09f5b5d4d790cd9251b97faac7c652b?s=96&d=blank&r=g","caption":"enequipo"},"sameAs":["https:\/\/www.facebook.com\/SonoraEE"]}]}},"jetpack_featured_media_url":"https:\/\/www.sonoraenequipo.com.mx\/storage\/2023\/11\/logo-fgjes.jpg","_links":{"self":[{"href":"https:\/\/www.sonoraenequipo.com.mx\/api\/wp\/v2\/posts\/236746","targetHints":{"allow":["GET"]}}],"collection":[{"href":"https:\/\/www.sonoraenequipo.com.mx\/api\/wp\/v2\/posts"}],"about":[{"href":"https:\/\/www.sonoraenequipo.com.mx\/api\/wp\/v2\/types\/post"}],"author":[{"embeddable":true,"href":"https:\/\/www.sonoraenequipo.com.mx\/api\/wp\/v2\/users\/1"}],"replies":[{"embeddable":true,"href":"https:\/\/www.sonoraenequipo.com.mx\/api\/wp\/v2\/comments?post=236746"}],"version-history":[{"count":1,"href":"https:\/\/www.sonoraenequipo.com.mx\/api\/wp\/v2\/posts\/236746\/revisions"}],"predecessor-version":[{"id":236748,"href":"https:\/\/www.sonoraenequipo.com.mx\/api\/wp\/v2\/posts\/236746\/revisions\/236748"}],"wp:featuredmedia":[{"embeddable":true,"href":"https:\/\/www.sonoraenequipo.com.mx\/api\/wp\/v2\/media\/178327"}],"wp:attachment":[{"href":"https:\/\/www.sonoraenequipo.com.mx\/api\/wp\/v2\/media?parent=236746"}],"wp:term":[{"taxonomy":"category","embeddable":true,"href":"https:\/\/www.sonoraenequipo.com.mx\/api\/wp\/v2\/categories?post=236746"},{"taxonomy":"post_tag","embeddable":true,"href":"https:\/\/www.sonoraenequipo.com.mx\/api\/wp\/v2\/tags?post=236746"}],"curies":[{"name":"wp","href":"https:\/\/api.w.org\/{rel}","templated":true}]}}