{"id":236753,"date":"2026-03-06T21:26:56","date_gmt":"2026-03-07T04:26:56","guid":{"rendered":"https:\/\/www.sonoraenequipo.com.mx\/?p=236753"},"modified":"2026-03-07T09:50:30","modified_gmt":"2026-03-07T16:50:30","slug":"javier-lamarque-reconoce-la-labor-de-los-defensores-publicos","status":"publish","type":"post","link":"https:\/\/www.sonoraenequipo.com.mx\/javier-lamarque-reconoce-la-labor-de-los-defensores-publicos\/","title":{"rendered":"Javier Lamarque reconoce la labor de los defensores p\u00fablicos"},"content":{"rendered":"<p><strong>HERMOSILLO, SONORA.MX.\u2014 <\/strong>\u00a0En el marco de la conmemoraci\u00f3n del D\u00eda Nacional de las Personas Defensoras P\u00fablicas, el alcalde de Cajeme, Javier Lamarque Cano, asisti\u00f3 a una ceremonia de conmemoraci\u00f3n en Hermosillo para reconocer el trabajo de quienes brindan asesor\u00eda y defensa legal a personas que no cuentan con los recursos para pagar un abogado.<\/p>\n<p>&nbsp;<\/p>\n<p>&nbsp;<\/p>\n<p> <\/p>\n<p>El presidente municipal destac\u00f3 la importancia de la labor que realizan los defensores p\u00fablicos, quienes atienden y representan a ciudadanas y ciudadanos de escasos recursos en distintos procesos judiciales, garantizando que tengan acceso a una defensa justa.<\/p>\n<p>&nbsp;<\/p>\n<p>&nbsp;<\/p>\n<p><em><strong>\u201cAsist\u00ed a la Conmemoraci\u00f3n del D\u00eda Nacional de las Personas Defensoras P\u00fablicas, fue un acto muy importante en donde se reconoci\u00f3 la labor de quienes atienden y defienden en distintos procesos judiciales a personas de escasos recursos que no pueden pagarse un defensor, esto permite en muchos casos que se sometan a castigos injustos a personas por delitos que no cometieron o en su defecto aminorar las penas dado que hay atenuantes demostrables para ese prop\u00f3sito\u201d,<\/strong> <\/em>mencion\u00f3 el alcalde Cajeme.<\/p>\n<p>&nbsp;<\/p>\n<p>&nbsp;<\/p>\n<p>&nbsp;<\/p>\n<p>La ceremonia fue presidida por la subsecretaria de Asuntos de Gobierno, Ana Luisa Ch\u00e1vez, en representaci\u00f3n del gobernador del Estado, Alonso Durazo, quien en su mensaje subray\u00f3 que la defensor\u00eda p\u00fablica tiene como objetivo coordinar y dirigir los servicios de representaci\u00f3n, patrocinio y defensa t\u00e9cnica en diversas materias, entre ellas penal, justicia para adolescentes, civil y administrativa.<\/p>\n<p>&nbsp;<\/p>\n<p>&nbsp;<\/p>\n<p>Ch\u00e1vez resalt\u00f3 que los abogados de la defensor\u00eda ofrecen un servicio especializado, de alta calidad y completamente gratuito para quienes lo necesitan, adem\u00e1s que esta instituci\u00f3n atienden alrededor de ocho de cada diez expedientes penales, brindando miles de asesor\u00edas en temas civiles y familiares.<\/p>\n<p>&nbsp;<\/p>\n<p>&nbsp;<\/p>\n<p>Durante el evento tambi\u00e9n se entregaron reconocimientos a defensoras y defensores p\u00fablicos que se han distinguido por su compromiso y desempe\u00f1o en el cumplimiento de su responsabilidad, destacando su labor en favor del acceso a la justicia para los sectores m\u00e1s vulnerables de la poblaci\u00f3n.<\/p>\n<p>&nbsp;<\/p>\n<p>&nbsp;<\/p>\n<p>PUBLICADO EL 06 DE MARZO DE 2026 Con informaci\u00f3n de CAJEME)<\/p>\n","protected":false},"excerpt":{"rendered":"<p>HERMOSILLO, SONORA.MX.\u2014 \u00a0En el marco de la conmemoraci\u00f3n del D\u00eda Nacional de las Personas Defensoras&#8230;<\/p>\n","protected":false},"author":1,"featured_media":236754,"comment_status":"open","ping_status":"open","sticky":false,"template":"","format":"standard","meta":{"_monsterinsights_skip_tracking":false,"_monsterinsights_sitenote_active":false,"_monsterinsights_sitenote_note":"","_monsterinsights_sitenote_category":0,"footnotes":""},"categories":[4],"tags":[],"class_list":["post"],"yoast_head":" \n<title>Sonora en Equipo. Javier Lamarque reconoce la labor de los defensores p\u00fablicos Municipios<\/title>\n<meta name=\"description\" content=\"HERMOSILLO, SONORA.MX.\u2014 \u00a0En el marco de la conmemoraci\u00f3n del D\u00eda Nacional de las Personas Defensoras P\u00fablicas, el alcalde de Cajeme, Javier Lamarque Cano, En Sonora en Equipo publicamos toda la informaci\u00f3n de Sonora, M\u00e9xico y el Mundo de manera oportuna y busca que la libertad de expresi\u00f3n sea real. Visita nuestro medio informativo publicado desde Hermosillo, Sonora. %\" \/>\n<meta name=\"robots\" content=\"index, follow, max-snippet:-1, max-image-preview:large, max-video-preview:-1\" \/>\n<link rel=\"canonical\" href=\"https:\/\/www.sonoraenequipo.com.mx\/javier-lamarque-reconoce-la-labor-de-los-defensores-publicos\/\" \/>\n<meta property=\"og:locale\" content=\"es_ES\" \/>\n<meta property=\"og:type\" content=\"article\" \/>\n<meta property=\"og:title\" content=\"Sonora en Equipo. Javier Lamarque reconoce la labor de los defensores p\u00fablicos Municipios\" \/>\n<meta property=\"og:description\" content=\"HERMOSILLO, SONORA.MX.\u2014 \u00a0En el marco de la conmemoraci\u00f3n del D\u00eda Nacional de las Personas Defensoras P\u00fablicas, el alcalde de Cajeme, Javier Lamarque Cano, En Sonora en Equipo publicamos toda la informaci\u00f3n de Sonora, M\u00e9xico y el Mundo de manera oportuna y busca que la libertad de expresi\u00f3n sea real. Visita nuestro medio informativo publicado desde Hermosillo, Sonora. %\" \/>\n<meta property=\"og:url\" content=\"https:\/\/www.sonoraenequipo.com.mx\/javier-lamarque-reconoce-la-labor-de-los-defensores-publicos\/\" \/>\n<meta property=\"og:site_name\" content=\"Sonora en Equipo.\" \/>\n<meta property=\"article:publisher\" content=\"https:\/\/www.facebook.com\/SonoraEE\/\" \/>\n<meta property=\"article:author\" content=\"https:\/\/www.facebook.com\/SonoraEE\" \/>\n<meta property=\"article:published_time\" content=\"2026-03-07T04:26:56+00:00\" \/>\n<meta property=\"article:modified_time\" content=\"2026-03-07T16:50:30+00:00\" \/>\n<meta property=\"og:image\" content=\"https:\/\/www.sonoraenequipo.com.mx\/storage\/2026\/03\/javier-lamarque-y-los-defensores-publicos.jpg\" \/>\n\t<meta property=\"og:image:width\" content=\"1133\" \/>\n\t<meta property=\"og:image:height\" content=\"707\" \/>\n\t<meta property=\"og:image:type\" content=\"image\/jpeg\" \/>\n<meta name=\"author\" content=\"enequipo\" \/>\n<meta name=\"twitter:card\" content=\"summary_large_image\" \/>\n<meta name=\"twitter:creator\" content=\"@sonoraenequipo\" \/>\n<meta name=\"twitter:site\" content=\"@sonoraenequipo\" \/>\n<meta name=\"twitter:label1\" content=\"Escrito por\" \/>\n\t<meta name=\"twitter:data1\" content=\"enequipo\" \/>\n\t<meta name=\"twitter:label2\" content=\"Tiempo de lectura\" \/>\n\t<meta name=\"twitter:data2\" content=\"2 minutos\" \/>\n<script type=\"application\/ld+json\" class=\"yoast-schema-graph\">{\"@context\":\"https:\/\/schema.org\",\"@graph\":[{\"@type\":\"Article\",\"@id\":\"https:\/\/www.sonoraenequipo.com.mx\/javier-lamarque-reconoce-la-labor-de-los-defensores-publicos\/#article\",\"isPartOf\":{\"@id\":\"https:\/\/www.sonoraenequipo.com.mx\/javier-lamarque-reconoce-la-labor-de-los-defensores-publicos\/\"},\"author\":{\"name\":\"enequipo\",\"@id\":\"https:\/\/www.sonoraenequipo.com.mx\/#\/schema\/person\/50102df0fb23a8fa9e8effad8fa81386\"},\"headline\":\"Javier Lamarque reconoce la labor de los defensores p\u00fablicos\",\"datePublished\":\"2026-03-07T04:26:56+00:00\",\"dateModified\":\"2026-03-07T16:50:30+00:00\",\"mainEntityOfPage\":{\"@id\":\"https:\/\/www.sonoraenequipo.com.mx\/javier-lamarque-reconoce-la-labor-de-los-defensores-publicos\/\"},\"wordCount\":377,\"commentCount\":0,\"publisher\":{\"@id\":\"https:\/\/www.sonoraenequipo.com.mx\/#organization\"},\"image\":{\"@id\":\"https:\/\/www.sonoraenequipo.com.mx\/javier-lamarque-reconoce-la-labor-de-los-defensores-publicos\/#primaryimage\"},\"thumbnailUrl\":\"https:\/\/www.sonoraenequipo.com.mx\/storage\/2026\/03\/javier-lamarque-y-los-defensores-publicos.jpg\",\"articleSection\":[\"Municipios\"],\"inLanguage\":\"es\",\"potentialAction\":[{\"@type\":\"CommentAction\",\"name\":\"Comment\",\"target\":[\"https:\/\/www.sonoraenequipo.com.mx\/javier-lamarque-reconoce-la-labor-de-los-defensores-publicos\/#respond\"]}]},{\"@type\":\"WebPage\",\"@id\":\"https:\/\/www.sonoraenequipo.com.mx\/javier-lamarque-reconoce-la-labor-de-los-defensores-publicos\/\",\"url\":\"https:\/\/www.sonoraenequipo.com.mx\/javier-lamarque-reconoce-la-labor-de-los-defensores-publicos\/\",\"name\":\"Sonora en Equipo. Javier Lamarque reconoce la labor de los defensores p\u00fablicos Municipios\",\"isPartOf\":{\"@id\":\"https:\/\/www.sonoraenequipo.com.mx\/#website\"},\"primaryImageOfPage\":{\"@id\":\"https:\/\/www.sonoraenequipo.com.mx\/javier-lamarque-reconoce-la-labor-de-los-defensores-publicos\/#primaryimage\"},\"image\":{\"@id\":\"https:\/\/www.sonoraenequipo.com.mx\/javier-lamarque-reconoce-la-labor-de-los-defensores-publicos\/#primaryimage\"},\"thumbnailUrl\":\"https:\/\/www.sonoraenequipo.com.mx\/storage\/2026\/03\/javier-lamarque-y-los-defensores-publicos.jpg\",\"datePublished\":\"2026-03-07T04:26:56+00:00\",\"dateModified\":\"2026-03-07T16:50:30+00:00\",\"description\":\"HERMOSILLO, SONORA.MX.\u2014 \u00a0En el marco de la conmemoraci\u00f3n del D\u00eda Nacional de las Personas Defensoras P\u00fablicas, el alcalde de Cajeme, Javier Lamarque Cano, En Sonora en Equipo publicamos toda la informaci\u00f3n de Sonora, M\u00e9xico y el Mundo de manera oportuna y busca que la libertad de expresi\u00f3n sea real. Visita nuestro medio informativo publicado desde Hermosillo, Sonora. %\",\"breadcrumb\":{\"@id\":\"https:\/\/www.sonoraenequipo.com.mx\/javier-lamarque-reconoce-la-labor-de-los-defensores-publicos\/#breadcrumb\"},\"inLanguage\":\"es\",\"potentialAction\":[{\"@type\":\"ReadAction\",\"target\":[\"https:\/\/www.sonoraenequipo.com.mx\/javier-lamarque-reconoce-la-labor-de-los-defensores-publicos\/\"]}]},{\"@type\":\"ImageObject\",\"inLanguage\":\"es\",\"@id\":\"https:\/\/www.sonoraenequipo.com.mx\/javier-lamarque-reconoce-la-labor-de-los-defensores-publicos\/#primaryimage\",\"url\":\"https:\/\/www.sonoraenequipo.com.mx\/storage\/2026\/03\/javier-lamarque-y-los-defensores-publicos.jpg\",\"contentUrl\":\"https:\/\/www.sonoraenequipo.com.mx\/storage\/2026\/03\/javier-lamarque-y-los-defensores-publicos.jpg\",\"width\":1133,\"height\":707},{\"@type\":\"BreadcrumbList\",\"@id\":\"https:\/\/www.sonoraenequipo.com.mx\/javier-lamarque-reconoce-la-labor-de-los-defensores-publicos\/#breadcrumb\",\"itemListElement\":[{\"@type\":\"ListItem\",\"position\":1,\"name\":\"Portada\",\"item\":\"https:\/\/www.sonoraenequipo.com.mx\/\"},{\"@type\":\"ListItem\",\"position\":2,\"name\":\"Javier Lamarque reconoce la labor de los defensores p\u00fablicos\"}]},{\"@type\":\"WebSite\",\"@id\":\"https:\/\/www.sonoraenequipo.com.mx\/#website\",\"url\":\"https:\/\/www.sonoraenequipo.com.mx\/\",\"name\":\"Sonora en Equipo.\",\"description\":\"Diario en l\u00ednea con Noticias desde Hermosillo, Sonora\",\"publisher\":{\"@id\":\"https:\/\/www.sonoraenequipo.com.mx\/#organization\"},\"potentialAction\":[{\"@type\":\"SearchAction\",\"target\":{\"@type\":\"EntryPoint\",\"urlTemplate\":\"https:\/\/www.sonoraenequipo.com.mx\/?s={search_term_string}\"},\"query-input\":{\"@type\":\"PropertyValueSpecification\",\"valueRequired\":true,\"valueName\":\"search_term_string\"}}],\"inLanguage\":\"es\"},{\"@type\":\"Organization\",\"@id\":\"https:\/\/www.sonoraenequipo.com.mx\/#organization\",\"name\":\"Sonoraenequipo.com.mx\",\"url\":\"https:\/\/www.sonoraenequipo.com.mx\/\",\"logo\":{\"@type\":\"ImageObject\",\"inLanguage\":\"es\",\"@id\":\"https:\/\/www.sonoraenequipo.com.mx\/#\/schema\/logo\/image\/\",\"url\":\"https:\/\/www.sonoraenequipo.com.mx\/storage\/2019\/01\/sonoraenequipo_opt.png\",\"contentUrl\":\"https:\/\/www.sonoraenequipo.com.mx\/storage\/2019\/01\/sonoraenequipo_opt.png\",\"width\":375,\"height\":125,\"caption\":\"Sonoraenequipo.com.mx\"},\"image\":{\"@id\":\"https:\/\/www.sonoraenequipo.com.mx\/#\/schema\/logo\/image\/\"},\"sameAs\":[\"https:\/\/www.facebook.com\/SonoraEE\/\",\"https:\/\/x.com\/sonoraenequipo\",\"https:\/\/www.youtube.com\/channel\/UC338nW-lPEYmJQs4ZABQ1SQ\"]},{\"@type\":\"Person\",\"@id\":\"https:\/\/www.sonoraenequipo.com.mx\/#\/schema\/person\/50102df0fb23a8fa9e8effad8fa81386\",\"name\":\"enequipo\",\"image\":{\"@type\":\"ImageObject\",\"inLanguage\":\"es\",\"@id\":\"https:\/\/www.sonoraenequipo.com.mx\/#\/schema\/person\/image\/\",\"url\":\"https:\/\/secure.gravatar.com\/avatar\/049821681b589dabc0bc20695993ccebb09f5b5d4d790cd9251b97faac7c652b?s=96&d=blank&r=g\",\"contentUrl\":\"https:\/\/secure.gravatar.com\/avatar\/049821681b589dabc0bc20695993ccebb09f5b5d4d790cd9251b97faac7c652b?s=96&d=blank&r=g\",\"caption\":\"enequipo\"},\"sameAs\":[\"https:\/\/www.facebook.com\/SonoraEE\"]}]}<\/script>\n ","yoast_head_json":{"title":"Sonora en Equipo. Javier Lamarque reconoce la labor de los defensores p\u00fablicos Municipios","description":"HERMOSILLO, SONORA.MX.\u2014 \u00a0En el marco de la conmemoraci\u00f3n del D\u00eda Nacional de las Personas Defensoras P\u00fablicas, el alcalde de Cajeme, Javier Lamarque Cano, En Sonora en Equipo publicamos toda la informaci\u00f3n de Sonora, M\u00e9xico y el Mundo de manera oportuna y busca que la libertad de expresi\u00f3n sea real. Visita nuestro medio informativo publicado desde Hermosillo, Sonora. %","robots":{"index":"index","follow":"follow","max-snippet":"max-snippet:-1","max-image-preview":"max-image-preview:large","max-video-preview":"max-video-preview:-1"},"canonical":"https:\/\/www.sonoraenequipo.com.mx\/javier-lamarque-reconoce-la-labor-de-los-defensores-publicos\/","og_locale":"es_ES","og_type":"article","og_title":"Sonora en Equipo. Javier Lamarque reconoce la labor de los defensores p\u00fablicos Municipios","og_description":"HERMOSILLO, SONORA.MX.\u2014 \u00a0En el marco de la conmemoraci\u00f3n del D\u00eda Nacional de las Personas Defensoras P\u00fablicas, el alcalde de Cajeme, Javier Lamarque Cano, En Sonora en Equipo publicamos toda la informaci\u00f3n de Sonora, M\u00e9xico y el Mundo de manera oportuna y busca que la libertad de expresi\u00f3n sea real. Visita nuestro medio informativo publicado desde Hermosillo, Sonora. %","og_url":"https:\/\/www.sonoraenequipo.com.mx\/javier-lamarque-reconoce-la-labor-de-los-defensores-publicos\/","og_site_name":"Sonora en Equipo.","article_publisher":"https:\/\/www.facebook.com\/SonoraEE\/","article_author":"https:\/\/www.facebook.com\/SonoraEE","article_published_time":"2026-03-07T04:26:56+00:00","article_modified_time":"2026-03-07T16:50:30+00:00","og_image":[{"width":1133,"height":707,"url":"https:\/\/www.sonoraenequipo.com.mx\/storage\/2026\/03\/javier-lamarque-y-los-defensores-publicos.jpg","type":"image\/jpeg"}],"author":"enequipo","twitter_card":"summary_large_image","twitter_creator":"@sonoraenequipo","twitter_site":"@sonoraenequipo","twitter_misc":{"Escrito por":"enequipo","Tiempo de lectura":"2 minutos"},"schema":{"@context":"https:\/\/schema.org","@graph":[{"@type":"Article","@id":"https:\/\/www.sonoraenequipo.com.mx\/javier-lamarque-reconoce-la-labor-de-los-defensores-publicos\/#article","isPartOf":{"@id":"https:\/\/www.sonoraenequipo.com.mx\/javier-lamarque-reconoce-la-labor-de-los-defensores-publicos\/"},"author":{"name":"enequipo","@id":"https:\/\/www.sonoraenequipo.com.mx\/#\/schema\/person\/50102df0fb23a8fa9e8effad8fa81386"},"headline":"Javier Lamarque reconoce la labor de los defensores p\u00fablicos","datePublished":"2026-03-07T04:26:56+00:00","dateModified":"2026-03-07T16:50:30+00:00","mainEntityOfPage":{"@id":"https:\/\/www.sonoraenequipo.com.mx\/javier-lamarque-reconoce-la-labor-de-los-defensores-publicos\/"},"wordCount":377,"commentCount":0,"publisher":{"@id":"https:\/\/www.sonoraenequipo.com.mx\/#organization"},"image":{"@id":"https:\/\/www.sonoraenequipo.com.mx\/javier-lamarque-reconoce-la-labor-de-los-defensores-publicos\/#primaryimage"},"thumbnailUrl":"https:\/\/www.sonoraenequipo.com.mx\/storage\/2026\/03\/javier-lamarque-y-los-defensores-publicos.jpg","articleSection":["Municipios"],"inLanguage":"es","potentialAction":[{"@type":"CommentAction","name":"Comment","target":["https:\/\/www.sonoraenequipo.com.mx\/javier-lamarque-reconoce-la-labor-de-los-defensores-publicos\/#respond"]}]},{"@type":"WebPage","@id":"https:\/\/www.sonoraenequipo.com.mx\/javier-lamarque-reconoce-la-labor-de-los-defensores-publicos\/","url":"https:\/\/www.sonoraenequipo.com.mx\/javier-lamarque-reconoce-la-labor-de-los-defensores-publicos\/","name":"Sonora en Equipo. Javier Lamarque reconoce la labor de los defensores p\u00fablicos Municipios","isPartOf":{"@id":"https:\/\/www.sonoraenequipo.com.mx\/#website"},"primaryImageOfPage":{"@id":"https:\/\/www.sonoraenequipo.com.mx\/javier-lamarque-reconoce-la-labor-de-los-defensores-publicos\/#primaryimage"},"image":{"@id":"https:\/\/www.sonoraenequipo.com.mx\/javier-lamarque-reconoce-la-labor-de-los-defensores-publicos\/#primaryimage"},"thumbnailUrl":"https:\/\/www.sonoraenequipo.com.mx\/storage\/2026\/03\/javier-lamarque-y-los-defensores-publicos.jpg","datePublished":"2026-03-07T04:26:56+00:00","dateModified":"2026-03-07T16:50:30+00:00","description":"HERMOSILLO, SONORA.MX.\u2014 \u00a0En el marco de la conmemoraci\u00f3n del D\u00eda Nacional de las Personas Defensoras P\u00fablicas, el alcalde de Cajeme, Javier Lamarque Cano, En Sonora en Equipo publicamos toda la informaci\u00f3n de Sonora, M\u00e9xico y el Mundo de manera oportuna y busca que la libertad de expresi\u00f3n sea real. Visita nuestro medio informativo publicado desde Hermosillo, Sonora. %","breadcrumb":{"@id":"https:\/\/www.sonoraenequipo.com.mx\/javier-lamarque-reconoce-la-labor-de-los-defensores-publicos\/#breadcrumb"},"inLanguage":"es","potentialAction":[{"@type":"ReadAction","target":["https:\/\/www.sonoraenequipo.com.mx\/javier-lamarque-reconoce-la-labor-de-los-defensores-publicos\/"]}]},{"@type":"ImageObject","inLanguage":"es","@id":"https:\/\/www.sonoraenequipo.com.mx\/javier-lamarque-reconoce-la-labor-de-los-defensores-publicos\/#primaryimage","url":"https:\/\/www.sonoraenequipo.com.mx\/storage\/2026\/03\/javier-lamarque-y-los-defensores-publicos.jpg","contentUrl":"https:\/\/www.sonoraenequipo.com.mx\/storage\/2026\/03\/javier-lamarque-y-los-defensores-publicos.jpg","width":1133,"height":707},{"@type":"BreadcrumbList","@id":"https:\/\/www.sonoraenequipo.com.mx\/javier-lamarque-reconoce-la-labor-de-los-defensores-publicos\/#breadcrumb","itemListElement":[{"@type":"ListItem","position":1,"name":"Portada","item":"https:\/\/www.sonoraenequipo.com.mx\/"},{"@type":"ListItem","position":2,"name":"Javier Lamarque reconoce la labor de los defensores p\u00fablicos"}]},{"@type":"WebSite","@id":"https:\/\/www.sonoraenequipo.com.mx\/#website","url":"https:\/\/www.sonoraenequipo.com.mx\/","name":"Sonora en Equipo.","description":"Diario en l\u00ednea con Noticias desde Hermosillo, Sonora","publisher":{"@id":"https:\/\/www.sonoraenequipo.com.mx\/#organization"},"potentialAction":[{"@type":"SearchAction","target":{"@type":"EntryPoint","urlTemplate":"https:\/\/www.sonoraenequipo.com.mx\/?s={search_term_string}"},"query-input":{"@type":"PropertyValueSpecification","valueRequired":true,"valueName":"search_term_string"}}],"inLanguage":"es"},{"@type":"Organization","@id":"https:\/\/www.sonoraenequipo.com.mx\/#organization","name":"Sonoraenequipo.com.mx","url":"https:\/\/www.sonoraenequipo.com.mx\/","logo":{"@type":"ImageObject","inLanguage":"es","@id":"https:\/\/www.sonoraenequipo.com.mx\/#\/schema\/logo\/image\/","url":"https:\/\/www.sonoraenequipo.com.mx\/storage\/2019\/01\/sonoraenequipo_opt.png","contentUrl":"https:\/\/www.sonoraenequipo.com.mx\/storage\/2019\/01\/sonoraenequipo_opt.png","width":375,"height":125,"caption":"Sonoraenequipo.com.mx"},"image":{"@id":"https:\/\/www.sonoraenequipo.com.mx\/#\/schema\/logo\/image\/"},"sameAs":["https:\/\/www.facebook.com\/SonoraEE\/","https:\/\/x.com\/sonoraenequipo","https:\/\/www.youtube.com\/channel\/UC338nW-lPEYmJQs4ZABQ1SQ"]},{"@type":"Person","@id":"https:\/\/www.sonoraenequipo.com.mx\/#\/schema\/person\/50102df0fb23a8fa9e8effad8fa81386","name":"enequipo","image":{"@type":"ImageObject","inLanguage":"es","@id":"https:\/\/www.sonoraenequipo.com.mx\/#\/schema\/person\/image\/","url":"https:\/\/secure.gravatar.com\/avatar\/049821681b589dabc0bc20695993ccebb09f5b5d4d790cd9251b97faac7c652b?s=96&d=blank&r=g","contentUrl":"https:\/\/secure.gravatar.com\/avatar\/049821681b589dabc0bc20695993ccebb09f5b5d4d790cd9251b97faac7c652b?s=96&d=blank&r=g","caption":"enequipo"},"sameAs":["https:\/\/www.facebook.com\/SonoraEE"]}]}},"jetpack_featured_media_url":"https:\/\/www.sonoraenequipo.com.mx\/storage\/2026\/03\/javier-lamarque-y-los-defensores-publicos.jpg","_links":{"self":[{"href":"https:\/\/www.sonoraenequipo.com.mx\/api\/wp\/v2\/posts\/236753","targetHints":{"allow":["GET"]}}],"collection":[{"href":"https:\/\/www.sonoraenequipo.com.mx\/api\/wp\/v2\/posts"}],"about":[{"href":"https:\/\/www.sonoraenequipo.com.mx\/api\/wp\/v2\/types\/post"}],"author":[{"embeddable":true,"href":"https:\/\/www.sonoraenequipo.com.mx\/api\/wp\/v2\/users\/1"}],"replies":[{"embeddable":true,"href":"https:\/\/www.sonoraenequipo.com.mx\/api\/wp\/v2\/comments?post=236753"}],"version-history":[{"count":1,"href":"https:\/\/www.sonoraenequipo.com.mx\/api\/wp\/v2\/posts\/236753\/revisions"}],"predecessor-version":[{"id":236755,"href":"https:\/\/www.sonoraenequipo.com.mx\/api\/wp\/v2\/posts\/236753\/revisions\/236755"}],"wp:featuredmedia":[{"embeddable":true,"href":"https:\/\/www.sonoraenequipo.com.mx\/api\/wp\/v2\/media\/236754"}],"wp:attachment":[{"href":"https:\/\/www.sonoraenequipo.com.mx\/api\/wp\/v2\/media?parent=236753"}],"wp:term":[{"taxonomy":"category","embeddable":true,"href":"https:\/\/www.sonoraenequipo.com.mx\/api\/wp\/v2\/categories?post=236753"},{"taxonomy":"post_tag","embeddable":true,"href":"https:\/\/www.sonoraenequipo.com.mx\/api\/wp\/v2\/tags?post=236753"}],"curies":[{"name":"wp","href":"https:\/\/api.w.org\/{rel}","templated":true}]}}