{"id":236777,"date":"2026-03-07T10:16:41","date_gmt":"2026-03-07T17:16:41","guid":{"rendered":"https:\/\/www.sonoraenequipo.com.mx\/?p=236777"},"modified":"2026-03-07T15:00:38","modified_gmt":"2026-03-07T22:00:38","slug":"mexico-es-el-epicentro-de-la-violencia-de-los-carteles-de-la-droga-trump","status":"publish","type":"post","link":"https:\/\/www.sonoraenequipo.com.mx\/mexico-es-el-epicentro-de-la-violencia-de-los-carteles-de-la-droga-trump\/","title":{"rendered":"\u00abM\u00e9xico es el epicentro de la violencia de los c\u00e1rteles de la droga\u00bb: Trump"},"content":{"rendered":"<p><strong>CIUDAD DE M\u00c9XICO. MX. \u2014<\/strong> El presidente de Estados Unidos, Donald Trump, asegur\u00f3 este s\u00e1bado que M\u00e9xico es \u201cel epicentro de la violencia\u201d de los c\u00e1rteles y declar\u00f3 que \u201cno voy a aprender su maldito idioma\u201d, al referirse al espa\u00f1ol, ante una docena de mandatarios latinoamericanos de derecha que asisten a la cumbre de Escudos de las Am\u00e9ricas, que se realiza en Miami.<\/p>\n<p>&nbsp;<\/p>\n<p>&nbsp;<\/p>\n<p> <\/p>\n<p>Aunque M\u00e9xico es <strong><em>\u201cel epicentro de la violencia\u201d<\/em><\/strong> de los carteles Trump afirm\u00f3 que la mandataria mexicana, Claudia Sheinbaum, es una \u201cmuy buena persona\u201d con una <em><strong>\u201cvoz hermosa\u201d.<\/strong><\/em><\/p>\n<p>&nbsp;<\/p>\n<p>&nbsp;<\/p>\n<p>A la cumbre no fueron invitados los l\u00edderes progresistas de las mayores econom\u00edas latinoamericanas, Brasil y M\u00e9xico, ni tampoco Colombia.<\/p>\n<p>&nbsp;<\/p>\n<p>&nbsp;<\/p>\n<p><em><strong>\u201cEra bueno con idiomas, pero no voy a gastar tiempo aprendiendo un idioma\u201d,<\/strong><\/em> a\u00f1adi\u00f3 y reconoci\u00f3 que el secretario de Estado, Marco Rubio, tiene una ventaja sobre \u00e9l al ser biling\u00fce, puesto que adem\u00e1s de ingl\u00e9s, tambi\u00e9n habla espa\u00f1ol.<\/p>\n<p>&nbsp;<\/p>\n<p>&nbsp;<\/p>\n<p>El mandatario anunci\u00f3 en el encuentro la creaci\u00f3n de una<strong> \u00abcoalici\u00f3n militar\u00bb<\/strong> dirigida a combatir a los carteles del narcotr\u00e1fico en la regi\u00f3n. <strong><em>\u00abNos reunimos para anunciar una coalici\u00f3n militar para eliminar los carteles de la regi\u00f3n\u00bb,<\/em> <\/strong>declar\u00f3 en el evento.<\/p>\n<p>&nbsp;<\/p>\n<p>&nbsp;<\/p>\n<p>&nbsp;<\/p>\n<p>PUBLICADO EL 07 DE MARZO DE 2026 Con informaci\u00f3n de AFP)<\/p>\n","protected":false},"excerpt":{"rendered":"<p>CIUDAD DE M\u00c9XICO. MX. \u2014 El presidente de Estados Unidos, Donald Trump, asegur\u00f3 este s\u00e1bado&#8230;<\/p>\n","protected":false},"author":1,"featured_media":236779,"comment_status":"open","ping_status":"open","sticky":false,"template":"","format":"standard","meta":{"_monsterinsights_skip_tracking":false,"_monsterinsights_sitenote_active":false,"_monsterinsights_sitenote_note":"","_monsterinsights_sitenote_category":0,"footnotes":""},"categories":[3],"tags":[],"class_list":["post"],"yoast_head":" \n<title>Sonora en Equipo. &quot;M\u00e9xico es el epicentro de la violencia de los c\u00e1rteles de la droga&quot;: Trump MUNDO<\/title>\n<meta name=\"description\" content=\"CIUDAD DE M\u00c9XICO. MX. \u2014 El presidente de Estados Unidos, Donald Trump, asegur\u00f3 este s\u00e1bado que M\u00e9xico es \u201cel epicentro de la violencia\u201d de los c\u00e1rteles y En Sonora en Equipo publicamos toda la informaci\u00f3n de Sonora, M\u00e9xico y el Mundo de manera oportuna y busca que la libertad de expresi\u00f3n sea real. Visita nuestro medio informativo publicado desde Hermosillo, Sonora. %\" \/>\n<meta name=\"robots\" content=\"index, follow, max-snippet:-1, max-image-preview:large, max-video-preview:-1\" \/>\n<link rel=\"canonical\" href=\"https:\/\/www.sonoraenequipo.com.mx\/mexico-es-el-epicentro-de-la-violencia-de-los-carteles-de-la-droga-trump\/\" \/>\n<meta property=\"og:locale\" content=\"es_ES\" \/>\n<meta property=\"og:type\" content=\"article\" \/>\n<meta property=\"og:title\" content=\"Sonora en Equipo. &quot;M\u00e9xico es el epicentro de la violencia de los c\u00e1rteles de la droga&quot;: Trump MUNDO\" \/>\n<meta property=\"og:description\" content=\"CIUDAD DE M\u00c9XICO. MX. \u2014 El presidente de Estados Unidos, Donald Trump, asegur\u00f3 este s\u00e1bado que M\u00e9xico es \u201cel epicentro de la violencia\u201d de los c\u00e1rteles y En Sonora en Equipo publicamos toda la informaci\u00f3n de Sonora, M\u00e9xico y el Mundo de manera oportuna y busca que la libertad de expresi\u00f3n sea real. Visita nuestro medio informativo publicado desde Hermosillo, Sonora. %\" \/>\n<meta property=\"og:url\" content=\"https:\/\/www.sonoraenequipo.com.mx\/mexico-es-el-epicentro-de-la-violencia-de-los-carteles-de-la-droga-trump\/\" \/>\n<meta property=\"og:site_name\" content=\"Sonora en Equipo.\" \/>\n<meta property=\"article:publisher\" content=\"https:\/\/www.facebook.com\/SonoraEE\/\" \/>\n<meta property=\"article:author\" content=\"https:\/\/www.facebook.com\/SonoraEE\" \/>\n<meta property=\"article:published_time\" content=\"2026-03-07T17:16:41+00:00\" \/>\n<meta property=\"article:modified_time\" content=\"2026-03-07T22:00:38+00:00\" \/>\n<meta property=\"og:image\" content=\"https:\/\/www.sonoraenequipo.com.mx\/storage\/2026\/03\/trump-asegura-que-no-aprendera-su-maldito-idioma-al-referirse-al-espanol.jpg\" \/>\n\t<meta property=\"og:image:width\" content=\"1200\" \/>\n\t<meta property=\"og:image:height\" content=\"800\" \/>\n\t<meta property=\"og:image:type\" content=\"image\/jpeg\" \/>\n<meta name=\"author\" content=\"enequipo\" \/>\n<meta name=\"twitter:card\" content=\"summary_large_image\" \/>\n<meta name=\"twitter:creator\" content=\"@sonoraenequipo\" \/>\n<meta name=\"twitter:site\" content=\"@sonoraenequipo\" \/>\n<meta name=\"twitter:label1\" content=\"Escrito por\" \/>\n\t<meta name=\"twitter:data1\" content=\"enequipo\" \/>\n\t<meta name=\"twitter:label2\" content=\"Tiempo de lectura\" \/>\n\t<meta name=\"twitter:data2\" content=\"1 minuto\" \/>\n<script type=\"application\/ld+json\" class=\"yoast-schema-graph\">{\"@context\":\"https:\/\/schema.org\",\"@graph\":[{\"@type\":\"Article\",\"@id\":\"https:\/\/www.sonoraenequipo.com.mx\/mexico-es-el-epicentro-de-la-violencia-de-los-carteles-de-la-droga-trump\/#article\",\"isPartOf\":{\"@id\":\"https:\/\/www.sonoraenequipo.com.mx\/mexico-es-el-epicentro-de-la-violencia-de-los-carteles-de-la-droga-trump\/\"},\"author\":{\"name\":\"enequipo\",\"@id\":\"https:\/\/www.sonoraenequipo.com.mx\/#\/schema\/person\/50102df0fb23a8fa9e8effad8fa81386\"},\"headline\":\"\u00abM\u00e9xico es el epicentro de la violencia de los c\u00e1rteles de la droga\u00bb: Trump\",\"datePublished\":\"2026-03-07T17:16:41+00:00\",\"dateModified\":\"2026-03-07T22:00:38+00:00\",\"mainEntityOfPage\":{\"@id\":\"https:\/\/www.sonoraenequipo.com.mx\/mexico-es-el-epicentro-de-la-violencia-de-los-carteles-de-la-droga-trump\/\"},\"wordCount\":249,\"commentCount\":0,\"publisher\":{\"@id\":\"https:\/\/www.sonoraenequipo.com.mx\/#organization\"},\"image\":{\"@id\":\"https:\/\/www.sonoraenequipo.com.mx\/mexico-es-el-epicentro-de-la-violencia-de-los-carteles-de-la-droga-trump\/#primaryimage\"},\"thumbnailUrl\":\"https:\/\/www.sonoraenequipo.com.mx\/storage\/2026\/03\/trump-asegura-que-no-aprendera-su-maldito-idioma-al-referirse-al-espanol.jpg\",\"articleSection\":[\"MUNDO\"],\"inLanguage\":\"es\",\"potentialAction\":[{\"@type\":\"CommentAction\",\"name\":\"Comment\",\"target\":[\"https:\/\/www.sonoraenequipo.com.mx\/mexico-es-el-epicentro-de-la-violencia-de-los-carteles-de-la-droga-trump\/#respond\"]}]},{\"@type\":\"WebPage\",\"@id\":\"https:\/\/www.sonoraenequipo.com.mx\/mexico-es-el-epicentro-de-la-violencia-de-los-carteles-de-la-droga-trump\/\",\"url\":\"https:\/\/www.sonoraenequipo.com.mx\/mexico-es-el-epicentro-de-la-violencia-de-los-carteles-de-la-droga-trump\/\",\"name\":\"Sonora en Equipo. \\\"M\u00e9xico es el epicentro de la violencia de los c\u00e1rteles de la droga\\\": Trump MUNDO\",\"isPartOf\":{\"@id\":\"https:\/\/www.sonoraenequipo.com.mx\/#website\"},\"primaryImageOfPage\":{\"@id\":\"https:\/\/www.sonoraenequipo.com.mx\/mexico-es-el-epicentro-de-la-violencia-de-los-carteles-de-la-droga-trump\/#primaryimage\"},\"image\":{\"@id\":\"https:\/\/www.sonoraenequipo.com.mx\/mexico-es-el-epicentro-de-la-violencia-de-los-carteles-de-la-droga-trump\/#primaryimage\"},\"thumbnailUrl\":\"https:\/\/www.sonoraenequipo.com.mx\/storage\/2026\/03\/trump-asegura-que-no-aprendera-su-maldito-idioma-al-referirse-al-espanol.jpg\",\"datePublished\":\"2026-03-07T17:16:41+00:00\",\"dateModified\":\"2026-03-07T22:00:38+00:00\",\"description\":\"CIUDAD DE M\u00c9XICO. MX. \u2014 El presidente de Estados Unidos, Donald Trump, asegur\u00f3 este s\u00e1bado que M\u00e9xico es \u201cel epicentro de la violencia\u201d de los c\u00e1rteles y En Sonora en Equipo publicamos toda la informaci\u00f3n de Sonora, M\u00e9xico y el Mundo de manera oportuna y busca que la libertad de expresi\u00f3n sea real. Visita nuestro medio informativo publicado desde Hermosillo, Sonora. %\",\"breadcrumb\":{\"@id\":\"https:\/\/www.sonoraenequipo.com.mx\/mexico-es-el-epicentro-de-la-violencia-de-los-carteles-de-la-droga-trump\/#breadcrumb\"},\"inLanguage\":\"es\",\"potentialAction\":[{\"@type\":\"ReadAction\",\"target\":[\"https:\/\/www.sonoraenequipo.com.mx\/mexico-es-el-epicentro-de-la-violencia-de-los-carteles-de-la-droga-trump\/\"]}]},{\"@type\":\"ImageObject\",\"inLanguage\":\"es\",\"@id\":\"https:\/\/www.sonoraenequipo.com.mx\/mexico-es-el-epicentro-de-la-violencia-de-los-carteles-de-la-droga-trump\/#primaryimage\",\"url\":\"https:\/\/www.sonoraenequipo.com.mx\/storage\/2026\/03\/trump-asegura-que-no-aprendera-su-maldito-idioma-al-referirse-al-espanol.jpg\",\"contentUrl\":\"https:\/\/www.sonoraenequipo.com.mx\/storage\/2026\/03\/trump-asegura-que-no-aprendera-su-maldito-idioma-al-referirse-al-espanol.jpg\",\"width\":1200,\"height\":800},{\"@type\":\"BreadcrumbList\",\"@id\":\"https:\/\/www.sonoraenequipo.com.mx\/mexico-es-el-epicentro-de-la-violencia-de-los-carteles-de-la-droga-trump\/#breadcrumb\",\"itemListElement\":[{\"@type\":\"ListItem\",\"position\":1,\"name\":\"Portada\",\"item\":\"https:\/\/www.sonoraenequipo.com.mx\/\"},{\"@type\":\"ListItem\",\"position\":2,\"name\":\"\u00abM\u00e9xico es el epicentro de la violencia de los c\u00e1rteles de la droga\u00bb: Trump\"}]},{\"@type\":\"WebSite\",\"@id\":\"https:\/\/www.sonoraenequipo.com.mx\/#website\",\"url\":\"https:\/\/www.sonoraenequipo.com.mx\/\",\"name\":\"Sonora en Equipo.\",\"description\":\"Diario en l\u00ednea con Noticias desde Hermosillo, Sonora\",\"publisher\":{\"@id\":\"https:\/\/www.sonoraenequipo.com.mx\/#organization\"},\"potentialAction\":[{\"@type\":\"SearchAction\",\"target\":{\"@type\":\"EntryPoint\",\"urlTemplate\":\"https:\/\/www.sonoraenequipo.com.mx\/?s={search_term_string}\"},\"query-input\":{\"@type\":\"PropertyValueSpecification\",\"valueRequired\":true,\"valueName\":\"search_term_string\"}}],\"inLanguage\":\"es\"},{\"@type\":\"Organization\",\"@id\":\"https:\/\/www.sonoraenequipo.com.mx\/#organization\",\"name\":\"Sonoraenequipo.com.mx\",\"url\":\"https:\/\/www.sonoraenequipo.com.mx\/\",\"logo\":{\"@type\":\"ImageObject\",\"inLanguage\":\"es\",\"@id\":\"https:\/\/www.sonoraenequipo.com.mx\/#\/schema\/logo\/image\/\",\"url\":\"https:\/\/www.sonoraenequipo.com.mx\/storage\/2019\/01\/sonoraenequipo_opt.png\",\"contentUrl\":\"https:\/\/www.sonoraenequipo.com.mx\/storage\/2019\/01\/sonoraenequipo_opt.png\",\"width\":375,\"height\":125,\"caption\":\"Sonoraenequipo.com.mx\"},\"image\":{\"@id\":\"https:\/\/www.sonoraenequipo.com.mx\/#\/schema\/logo\/image\/\"},\"sameAs\":[\"https:\/\/www.facebook.com\/SonoraEE\/\",\"https:\/\/x.com\/sonoraenequipo\",\"https:\/\/www.youtube.com\/channel\/UC338nW-lPEYmJQs4ZABQ1SQ\"]},{\"@type\":\"Person\",\"@id\":\"https:\/\/www.sonoraenequipo.com.mx\/#\/schema\/person\/50102df0fb23a8fa9e8effad8fa81386\",\"name\":\"enequipo\",\"image\":{\"@type\":\"ImageObject\",\"inLanguage\":\"es\",\"@id\":\"https:\/\/www.sonoraenequipo.com.mx\/#\/schema\/person\/image\/\",\"url\":\"https:\/\/secure.gravatar.com\/avatar\/049821681b589dabc0bc20695993ccebb09f5b5d4d790cd9251b97faac7c652b?s=96&d=blank&r=g\",\"contentUrl\":\"https:\/\/secure.gravatar.com\/avatar\/049821681b589dabc0bc20695993ccebb09f5b5d4d790cd9251b97faac7c652b?s=96&d=blank&r=g\",\"caption\":\"enequipo\"},\"sameAs\":[\"https:\/\/www.facebook.com\/SonoraEE\"]}]}<\/script>\n ","yoast_head_json":{"title":"Sonora en Equipo. \"M\u00e9xico es el epicentro de la violencia de los c\u00e1rteles de la droga\": Trump MUNDO","description":"CIUDAD DE M\u00c9XICO. MX. \u2014 El presidente de Estados Unidos, Donald Trump, asegur\u00f3 este s\u00e1bado que M\u00e9xico es \u201cel epicentro de la violencia\u201d de los c\u00e1rteles y En Sonora en Equipo publicamos toda la informaci\u00f3n de Sonora, M\u00e9xico y el Mundo de manera oportuna y busca que la libertad de expresi\u00f3n sea real. Visita nuestro medio informativo publicado desde Hermosillo, Sonora. %","robots":{"index":"index","follow":"follow","max-snippet":"max-snippet:-1","max-image-preview":"max-image-preview:large","max-video-preview":"max-video-preview:-1"},"canonical":"https:\/\/www.sonoraenequipo.com.mx\/mexico-es-el-epicentro-de-la-violencia-de-los-carteles-de-la-droga-trump\/","og_locale":"es_ES","og_type":"article","og_title":"Sonora en Equipo. \"M\u00e9xico es el epicentro de la violencia de los c\u00e1rteles de la droga\": Trump MUNDO","og_description":"CIUDAD DE M\u00c9XICO. MX. \u2014 El presidente de Estados Unidos, Donald Trump, asegur\u00f3 este s\u00e1bado que M\u00e9xico es \u201cel epicentro de la violencia\u201d de los c\u00e1rteles y En Sonora en Equipo publicamos toda la informaci\u00f3n de Sonora, M\u00e9xico y el Mundo de manera oportuna y busca que la libertad de expresi\u00f3n sea real. Visita nuestro medio informativo publicado desde Hermosillo, Sonora. %","og_url":"https:\/\/www.sonoraenequipo.com.mx\/mexico-es-el-epicentro-de-la-violencia-de-los-carteles-de-la-droga-trump\/","og_site_name":"Sonora en Equipo.","article_publisher":"https:\/\/www.facebook.com\/SonoraEE\/","article_author":"https:\/\/www.facebook.com\/SonoraEE","article_published_time":"2026-03-07T17:16:41+00:00","article_modified_time":"2026-03-07T22:00:38+00:00","og_image":[{"width":1200,"height":800,"url":"https:\/\/www.sonoraenequipo.com.mx\/storage\/2026\/03\/trump-asegura-que-no-aprendera-su-maldito-idioma-al-referirse-al-espanol.jpg","type":"image\/jpeg"}],"author":"enequipo","twitter_card":"summary_large_image","twitter_creator":"@sonoraenequipo","twitter_site":"@sonoraenequipo","twitter_misc":{"Escrito por":"enequipo","Tiempo de lectura":"1 minuto"},"schema":{"@context":"https:\/\/schema.org","@graph":[{"@type":"Article","@id":"https:\/\/www.sonoraenequipo.com.mx\/mexico-es-el-epicentro-de-la-violencia-de-los-carteles-de-la-droga-trump\/#article","isPartOf":{"@id":"https:\/\/www.sonoraenequipo.com.mx\/mexico-es-el-epicentro-de-la-violencia-de-los-carteles-de-la-droga-trump\/"},"author":{"name":"enequipo","@id":"https:\/\/www.sonoraenequipo.com.mx\/#\/schema\/person\/50102df0fb23a8fa9e8effad8fa81386"},"headline":"\u00abM\u00e9xico es el epicentro de la violencia de los c\u00e1rteles de la droga\u00bb: Trump","datePublished":"2026-03-07T17:16:41+00:00","dateModified":"2026-03-07T22:00:38+00:00","mainEntityOfPage":{"@id":"https:\/\/www.sonoraenequipo.com.mx\/mexico-es-el-epicentro-de-la-violencia-de-los-carteles-de-la-droga-trump\/"},"wordCount":249,"commentCount":0,"publisher":{"@id":"https:\/\/www.sonoraenequipo.com.mx\/#organization"},"image":{"@id":"https:\/\/www.sonoraenequipo.com.mx\/mexico-es-el-epicentro-de-la-violencia-de-los-carteles-de-la-droga-trump\/#primaryimage"},"thumbnailUrl":"https:\/\/www.sonoraenequipo.com.mx\/storage\/2026\/03\/trump-asegura-que-no-aprendera-su-maldito-idioma-al-referirse-al-espanol.jpg","articleSection":["MUNDO"],"inLanguage":"es","potentialAction":[{"@type":"CommentAction","name":"Comment","target":["https:\/\/www.sonoraenequipo.com.mx\/mexico-es-el-epicentro-de-la-violencia-de-los-carteles-de-la-droga-trump\/#respond"]}]},{"@type":"WebPage","@id":"https:\/\/www.sonoraenequipo.com.mx\/mexico-es-el-epicentro-de-la-violencia-de-los-carteles-de-la-droga-trump\/","url":"https:\/\/www.sonoraenequipo.com.mx\/mexico-es-el-epicentro-de-la-violencia-de-los-carteles-de-la-droga-trump\/","name":"Sonora en Equipo. \"M\u00e9xico es el epicentro de la violencia de los c\u00e1rteles de la droga\": Trump MUNDO","isPartOf":{"@id":"https:\/\/www.sonoraenequipo.com.mx\/#website"},"primaryImageOfPage":{"@id":"https:\/\/www.sonoraenequipo.com.mx\/mexico-es-el-epicentro-de-la-violencia-de-los-carteles-de-la-droga-trump\/#primaryimage"},"image":{"@id":"https:\/\/www.sonoraenequipo.com.mx\/mexico-es-el-epicentro-de-la-violencia-de-los-carteles-de-la-droga-trump\/#primaryimage"},"thumbnailUrl":"https:\/\/www.sonoraenequipo.com.mx\/storage\/2026\/03\/trump-asegura-que-no-aprendera-su-maldito-idioma-al-referirse-al-espanol.jpg","datePublished":"2026-03-07T17:16:41+00:00","dateModified":"2026-03-07T22:00:38+00:00","description":"CIUDAD DE M\u00c9XICO. MX. \u2014 El presidente de Estados Unidos, Donald Trump, asegur\u00f3 este s\u00e1bado que M\u00e9xico es \u201cel epicentro de la violencia\u201d de los c\u00e1rteles y En Sonora en Equipo publicamos toda la informaci\u00f3n de Sonora, M\u00e9xico y el Mundo de manera oportuna y busca que la libertad de expresi\u00f3n sea real. Visita nuestro medio informativo publicado desde Hermosillo, Sonora. %","breadcrumb":{"@id":"https:\/\/www.sonoraenequipo.com.mx\/mexico-es-el-epicentro-de-la-violencia-de-los-carteles-de-la-droga-trump\/#breadcrumb"},"inLanguage":"es","potentialAction":[{"@type":"ReadAction","target":["https:\/\/www.sonoraenequipo.com.mx\/mexico-es-el-epicentro-de-la-violencia-de-los-carteles-de-la-droga-trump\/"]}]},{"@type":"ImageObject","inLanguage":"es","@id":"https:\/\/www.sonoraenequipo.com.mx\/mexico-es-el-epicentro-de-la-violencia-de-los-carteles-de-la-droga-trump\/#primaryimage","url":"https:\/\/www.sonoraenequipo.com.mx\/storage\/2026\/03\/trump-asegura-que-no-aprendera-su-maldito-idioma-al-referirse-al-espanol.jpg","contentUrl":"https:\/\/www.sonoraenequipo.com.mx\/storage\/2026\/03\/trump-asegura-que-no-aprendera-su-maldito-idioma-al-referirse-al-espanol.jpg","width":1200,"height":800},{"@type":"BreadcrumbList","@id":"https:\/\/www.sonoraenequipo.com.mx\/mexico-es-el-epicentro-de-la-violencia-de-los-carteles-de-la-droga-trump\/#breadcrumb","itemListElement":[{"@type":"ListItem","position":1,"name":"Portada","item":"https:\/\/www.sonoraenequipo.com.mx\/"},{"@type":"ListItem","position":2,"name":"\u00abM\u00e9xico es el epicentro de la violencia de los c\u00e1rteles de la droga\u00bb: Trump"}]},{"@type":"WebSite","@id":"https:\/\/www.sonoraenequipo.com.mx\/#website","url":"https:\/\/www.sonoraenequipo.com.mx\/","name":"Sonora en Equipo.","description":"Diario en l\u00ednea con Noticias desde Hermosillo, Sonora","publisher":{"@id":"https:\/\/www.sonoraenequipo.com.mx\/#organization"},"potentialAction":[{"@type":"SearchAction","target":{"@type":"EntryPoint","urlTemplate":"https:\/\/www.sonoraenequipo.com.mx\/?s={search_term_string}"},"query-input":{"@type":"PropertyValueSpecification","valueRequired":true,"valueName":"search_term_string"}}],"inLanguage":"es"},{"@type":"Organization","@id":"https:\/\/www.sonoraenequipo.com.mx\/#organization","name":"Sonoraenequipo.com.mx","url":"https:\/\/www.sonoraenequipo.com.mx\/","logo":{"@type":"ImageObject","inLanguage":"es","@id":"https:\/\/www.sonoraenequipo.com.mx\/#\/schema\/logo\/image\/","url":"https:\/\/www.sonoraenequipo.com.mx\/storage\/2019\/01\/sonoraenequipo_opt.png","contentUrl":"https:\/\/www.sonoraenequipo.com.mx\/storage\/2019\/01\/sonoraenequipo_opt.png","width":375,"height":125,"caption":"Sonoraenequipo.com.mx"},"image":{"@id":"https:\/\/www.sonoraenequipo.com.mx\/#\/schema\/logo\/image\/"},"sameAs":["https:\/\/www.facebook.com\/SonoraEE\/","https:\/\/x.com\/sonoraenequipo","https:\/\/www.youtube.com\/channel\/UC338nW-lPEYmJQs4ZABQ1SQ"]},{"@type":"Person","@id":"https:\/\/www.sonoraenequipo.com.mx\/#\/schema\/person\/50102df0fb23a8fa9e8effad8fa81386","name":"enequipo","image":{"@type":"ImageObject","inLanguage":"es","@id":"https:\/\/www.sonoraenequipo.com.mx\/#\/schema\/person\/image\/","url":"https:\/\/secure.gravatar.com\/avatar\/049821681b589dabc0bc20695993ccebb09f5b5d4d790cd9251b97faac7c652b?s=96&d=blank&r=g","contentUrl":"https:\/\/secure.gravatar.com\/avatar\/049821681b589dabc0bc20695993ccebb09f5b5d4d790cd9251b97faac7c652b?s=96&d=blank&r=g","caption":"enequipo"},"sameAs":["https:\/\/www.facebook.com\/SonoraEE"]}]}},"jetpack_featured_media_url":"https:\/\/www.sonoraenequipo.com.mx\/storage\/2026\/03\/trump-asegura-que-no-aprendera-su-maldito-idioma-al-referirse-al-espanol.jpg","_links":{"self":[{"href":"https:\/\/www.sonoraenequipo.com.mx\/api\/wp\/v2\/posts\/236777","targetHints":{"allow":["GET"]}}],"collection":[{"href":"https:\/\/www.sonoraenequipo.com.mx\/api\/wp\/v2\/posts"}],"about":[{"href":"https:\/\/www.sonoraenequipo.com.mx\/api\/wp\/v2\/types\/post"}],"author":[{"embeddable":true,"href":"https:\/\/www.sonoraenequipo.com.mx\/api\/wp\/v2\/users\/1"}],"replies":[{"embeddable":true,"href":"https:\/\/www.sonoraenequipo.com.mx\/api\/wp\/v2\/comments?post=236777"}],"version-history":[{"count":1,"href":"https:\/\/www.sonoraenequipo.com.mx\/api\/wp\/v2\/posts\/236777\/revisions"}],"predecessor-version":[{"id":236780,"href":"https:\/\/www.sonoraenequipo.com.mx\/api\/wp\/v2\/posts\/236777\/revisions\/236780"}],"wp:featuredmedia":[{"embeddable":true,"href":"https:\/\/www.sonoraenequipo.com.mx\/api\/wp\/v2\/media\/236779"}],"wp:attachment":[{"href":"https:\/\/www.sonoraenequipo.com.mx\/api\/wp\/v2\/media?parent=236777"}],"wp:term":[{"taxonomy":"category","embeddable":true,"href":"https:\/\/www.sonoraenequipo.com.mx\/api\/wp\/v2\/categories?post=236777"},{"taxonomy":"post_tag","embeddable":true,"href":"https:\/\/www.sonoraenequipo.com.mx\/api\/wp\/v2\/tags?post=236777"}],"curies":[{"name":"wp","href":"https:\/\/api.w.org\/{rel}","templated":true}]}}