{"id":236778,"date":"2026-03-07T15:13:30","date_gmt":"2026-03-07T22:13:30","guid":{"rendered":"https:\/\/www.sonoraenequipo.com.mx\/?p=236778"},"modified":"2026-03-07T15:13:30","modified_gmt":"2026-03-07T22:13:30","slug":"promueve-municipio-forestacion-de-hermosillo-al-donar-mil-arboles-nativos-por-el-dia-del-arbol","status":"publish","type":"post","link":"https:\/\/www.sonoraenequipo.com.mx\/promueve-municipio-forestacion-de-hermosillo-al-donar-mil-arboles-nativos-por-el-dia-del-arbol\/","title":{"rendered":"Promueve Municipio forestaci\u00f3n de Hermosillo al donar mil \u00e1rboles nativos por el D\u00eda del \u00c1rbol"},"content":{"rendered":"<p>Promueve Municipio forestaci\u00f3n de Hermosillo al donar mil \u00e1rboles nativos por el D\u00eda del \u00c1rbol y Arbolado Urbano<\/p>\n<p><strong>HERMOSILLO, SONORA, MX. \u2014<\/strong> Mil \u00e1rboles nativos fueron entregados a ciudadanos en Hermosillo durante una jornada realizada en el Parque Madero, en el marco del D\u00eda del \u00c1rbol y del Arbolado Urbano.<\/p>\n<p>&nbsp;<\/p>\n<p>&nbsp;<\/p>\n<p>&nbsp;<\/p>\n<p>La tarde del viernes, los hermosillenses acudieron desde temprano para recibir una planta y llevarla a sus hogares para sembrarla.<\/p>\n<p>&nbsp;<\/p>\n<p>&nbsp;<\/p>\n<p>&nbsp;<\/p>\n<p>Entre estas hubo 100 ejemplares de Guayac\u00e1n, as\u00ed como Ocotillo, Palo Fierro, Palo Verde azul, Mimbre, Tabachin, Tepehuaje, Mezquite, Lantana, Tronadora, Bagote, Brea y Palma.<\/p>\n<p>&nbsp;<\/p>\n<p>&nbsp;<\/p>\n<p>&nbsp;<\/p>\n<p>El Oficial Mayor del Ayuntamiento, Ram\u00f3n Corral Aguirre, acompa\u00f1ado de Amparo Fontanot directora de Parques y Jardines, explic\u00f3 que la entrega forma parte de las acciones impulsadas por el alcalde Antonio Astiazar\u00e1n, para incrementar la presencia de vegetaci\u00f3n nativa en la ciudad y mejorar las condiciones ambientales.<\/p>\n<p>&nbsp;<\/p>\n<p>&nbsp;<\/p>\n<p>&nbsp;<\/p>\n<p>Se\u00f1al\u00f3 que los \u00e1rboles ayudan a purificar el aire, producen ox\u00edgeno y contribuyen a disminuir la sensaci\u00f3n de calor, por lo que plantar especies locales puede favorecer la calidad de vida en Hermosillo.<\/p>\n<p>&nbsp;<\/p>\n<p>&nbsp;<\/p>\n<p>&nbsp;<\/p>\n<p>Durante la jornada tambi\u00e9n se ofrecieron charlas informativas sobre el cuidado de la vegetaci\u00f3n, entre ellas: \u201cConstruyendo un Jard\u00edn Polinizador\u201d, \u201cSobrevivencia entre \u00e1rboles\u201d y \u201cRa\u00edces Cortez\u201d, dirigidas a promover la participaci\u00f3n ciudadana en el cuidado del medio ambiente.<\/p>\n<p><strong>Fecha de publicaci\u00f3n s\u00e1bado 7 de marzo de 2026<\/strong><\/p>\n","protected":false},"excerpt":{"rendered":"<p>Promueve Municipio forestaci\u00f3n de Hermosillo al donar mil \u00e1rboles nativos por el D\u00eda del \u00c1rbol&#8230;<\/p>\n","protected":false},"author":1,"featured_media":236782,"comment_status":"open","ping_status":"open","sticky":false,"template":"","format":"standard","meta":{"_monsterinsights_skip_tracking":false,"_monsterinsights_sitenote_active":false,"_monsterinsights_sitenote_note":"","_monsterinsights_sitenote_category":0,"footnotes":""},"categories":[4],"tags":[12447,12446,7543],"class_list":["post"],"yoast_head":" \n<title>Sonora en Equipo. Promueve Municipio forestaci\u00f3n de Hermosillo al donar mil \u00e1rboles nativos por el D\u00eda del \u00c1rbol Municipios<\/title>\n<meta name=\"description\" content=\"Promueve Municipio forestaci\u00f3n de Hermosillo al donar mil \u00e1rboles nativos por el D\u00eda del \u00c1rbol y Arbolado Urbano HERMOSILLO, SONORA, MX. \u2014 Mil \u00e1rboles En Sonora en Equipo publicamos toda la informaci\u00f3n de Sonora, M\u00e9xico y el Mundo de manera oportuna y busca que la libertad de expresi\u00f3n sea real. Visita nuestro medio informativo publicado desde Hermosillo, Sonora. %\" \/>\n<meta name=\"robots\" content=\"index, follow, max-snippet:-1, max-image-preview:large, max-video-preview:-1\" \/>\n<link rel=\"canonical\" href=\"https:\/\/www.sonoraenequipo.com.mx\/promueve-municipio-forestacion-de-hermosillo-al-donar-mil-arboles-nativos-por-el-dia-del-arbol\/\" \/>\n<meta property=\"og:locale\" content=\"es_ES\" \/>\n<meta property=\"og:type\" content=\"article\" \/>\n<meta property=\"og:title\" content=\"Sonora en Equipo. Promueve Municipio forestaci\u00f3n de Hermosillo al donar mil \u00e1rboles nativos por el D\u00eda del \u00c1rbol Municipios\" \/>\n<meta property=\"og:description\" content=\"Promueve Municipio forestaci\u00f3n de Hermosillo al donar mil \u00e1rboles nativos por el D\u00eda del \u00c1rbol y Arbolado Urbano HERMOSILLO, SONORA, MX. \u2014 Mil \u00e1rboles En Sonora en Equipo publicamos toda la informaci\u00f3n de Sonora, M\u00e9xico y el Mundo de manera oportuna y busca que la libertad de expresi\u00f3n sea real. Visita nuestro medio informativo publicado desde Hermosillo, Sonora. %\" \/>\n<meta property=\"og:url\" content=\"https:\/\/www.sonoraenequipo.com.mx\/promueve-municipio-forestacion-de-hermosillo-al-donar-mil-arboles-nativos-por-el-dia-del-arbol\/\" \/>\n<meta property=\"og:site_name\" content=\"Sonora en Equipo.\" \/>\n<meta property=\"article:publisher\" content=\"https:\/\/www.facebook.com\/SonoraEE\/\" \/>\n<meta property=\"article:author\" content=\"https:\/\/www.facebook.com\/SonoraEE\" \/>\n<meta property=\"article:published_time\" content=\"2026-03-07T22:13:30+00:00\" \/>\n<meta property=\"og:image\" content=\"https:\/\/www.sonoraenequipo.com.mx\/storage\/2026\/03\/reforestacion-hmo.jpg\" \/>\n\t<meta property=\"og:image:width\" content=\"600\" \/>\n\t<meta property=\"og:image:height\" content=\"400\" \/>\n\t<meta property=\"og:image:type\" content=\"image\/jpeg\" \/>\n<meta name=\"author\" content=\"enequipo\" \/>\n<meta name=\"twitter:card\" content=\"summary_large_image\" \/>\n<meta name=\"twitter:creator\" content=\"@sonoraenequipo\" \/>\n<meta name=\"twitter:site\" content=\"@sonoraenequipo\" \/>\n<meta name=\"twitter:label1\" content=\"Escrito por\" \/>\n\t<meta name=\"twitter:data1\" content=\"enequipo\" \/>\n\t<meta name=\"twitter:label2\" content=\"Tiempo de lectura\" \/>\n\t<meta name=\"twitter:data2\" content=\"1 minuto\" \/>\n<script type=\"application\/ld+json\" class=\"yoast-schema-graph\">{\"@context\":\"https:\/\/schema.org\",\"@graph\":[{\"@type\":\"Article\",\"@id\":\"https:\/\/www.sonoraenequipo.com.mx\/promueve-municipio-forestacion-de-hermosillo-al-donar-mil-arboles-nativos-por-el-dia-del-arbol\/#article\",\"isPartOf\":{\"@id\":\"https:\/\/www.sonoraenequipo.com.mx\/promueve-municipio-forestacion-de-hermosillo-al-donar-mil-arboles-nativos-por-el-dia-del-arbol\/\"},\"author\":{\"name\":\"enequipo\",\"@id\":\"https:\/\/www.sonoraenequipo.com.mx\/#\/schema\/person\/50102df0fb23a8fa9e8effad8fa81386\"},\"headline\":\"Promueve Municipio forestaci\u00f3n de Hermosillo al donar mil \u00e1rboles nativos por el D\u00eda del \u00c1rbol\",\"datePublished\":\"2026-03-07T22:13:30+00:00\",\"mainEntityOfPage\":{\"@id\":\"https:\/\/www.sonoraenequipo.com.mx\/promueve-municipio-forestacion-de-hermosillo-al-donar-mil-arboles-nativos-por-el-dia-del-arbol\/\"},\"wordCount\":268,\"commentCount\":0,\"publisher\":{\"@id\":\"https:\/\/www.sonoraenequipo.com.mx\/#organization\"},\"image\":{\"@id\":\"https:\/\/www.sonoraenequipo.com.mx\/promueve-municipio-forestacion-de-hermosillo-al-donar-mil-arboles-nativos-por-el-dia-del-arbol\/#primaryimage\"},\"thumbnailUrl\":\"https:\/\/www.sonoraenequipo.com.mx\/storage\/2026\/03\/reforestacion-hmo.jpg\",\"keywords\":[\"arbolado\",\"dia arbol\",\"urbano\"],\"articleSection\":[\"Municipios\"],\"inLanguage\":\"es\",\"potentialAction\":[{\"@type\":\"CommentAction\",\"name\":\"Comment\",\"target\":[\"https:\/\/www.sonoraenequipo.com.mx\/promueve-municipio-forestacion-de-hermosillo-al-donar-mil-arboles-nativos-por-el-dia-del-arbol\/#respond\"]}]},{\"@type\":\"WebPage\",\"@id\":\"https:\/\/www.sonoraenequipo.com.mx\/promueve-municipio-forestacion-de-hermosillo-al-donar-mil-arboles-nativos-por-el-dia-del-arbol\/\",\"url\":\"https:\/\/www.sonoraenequipo.com.mx\/promueve-municipio-forestacion-de-hermosillo-al-donar-mil-arboles-nativos-por-el-dia-del-arbol\/\",\"name\":\"Sonora en Equipo. Promueve Municipio forestaci\u00f3n de Hermosillo al donar mil \u00e1rboles nativos por el D\u00eda del \u00c1rbol Municipios\",\"isPartOf\":{\"@id\":\"https:\/\/www.sonoraenequipo.com.mx\/#website\"},\"primaryImageOfPage\":{\"@id\":\"https:\/\/www.sonoraenequipo.com.mx\/promueve-municipio-forestacion-de-hermosillo-al-donar-mil-arboles-nativos-por-el-dia-del-arbol\/#primaryimage\"},\"image\":{\"@id\":\"https:\/\/www.sonoraenequipo.com.mx\/promueve-municipio-forestacion-de-hermosillo-al-donar-mil-arboles-nativos-por-el-dia-del-arbol\/#primaryimage\"},\"thumbnailUrl\":\"https:\/\/www.sonoraenequipo.com.mx\/storage\/2026\/03\/reforestacion-hmo.jpg\",\"datePublished\":\"2026-03-07T22:13:30+00:00\",\"description\":\"Promueve Municipio forestaci\u00f3n de Hermosillo al donar mil \u00e1rboles nativos por el D\u00eda del \u00c1rbol y Arbolado Urbano HERMOSILLO, SONORA, MX. \u2014 Mil \u00e1rboles En Sonora en Equipo publicamos toda la informaci\u00f3n de Sonora, M\u00e9xico y el Mundo de manera oportuna y busca que la libertad de expresi\u00f3n sea real. Visita nuestro medio informativo publicado desde Hermosillo, Sonora. %\",\"breadcrumb\":{\"@id\":\"https:\/\/www.sonoraenequipo.com.mx\/promueve-municipio-forestacion-de-hermosillo-al-donar-mil-arboles-nativos-por-el-dia-del-arbol\/#breadcrumb\"},\"inLanguage\":\"es\",\"potentialAction\":[{\"@type\":\"ReadAction\",\"target\":[\"https:\/\/www.sonoraenequipo.com.mx\/promueve-municipio-forestacion-de-hermosillo-al-donar-mil-arboles-nativos-por-el-dia-del-arbol\/\"]}]},{\"@type\":\"ImageObject\",\"inLanguage\":\"es\",\"@id\":\"https:\/\/www.sonoraenequipo.com.mx\/promueve-municipio-forestacion-de-hermosillo-al-donar-mil-arboles-nativos-por-el-dia-del-arbol\/#primaryimage\",\"url\":\"https:\/\/www.sonoraenequipo.com.mx\/storage\/2026\/03\/reforestacion-hmo.jpg\",\"contentUrl\":\"https:\/\/www.sonoraenequipo.com.mx\/storage\/2026\/03\/reforestacion-hmo.jpg\",\"width\":600,\"height\":400},{\"@type\":\"BreadcrumbList\",\"@id\":\"https:\/\/www.sonoraenequipo.com.mx\/promueve-municipio-forestacion-de-hermosillo-al-donar-mil-arboles-nativos-por-el-dia-del-arbol\/#breadcrumb\",\"itemListElement\":[{\"@type\":\"ListItem\",\"position\":1,\"name\":\"Portada\",\"item\":\"https:\/\/www.sonoraenequipo.com.mx\/\"},{\"@type\":\"ListItem\",\"position\":2,\"name\":\"Promueve Municipio forestaci\u00f3n de Hermosillo al donar mil \u00e1rboles nativos por el D\u00eda del \u00c1rbol\"}]},{\"@type\":\"WebSite\",\"@id\":\"https:\/\/www.sonoraenequipo.com.mx\/#website\",\"url\":\"https:\/\/www.sonoraenequipo.com.mx\/\",\"name\":\"Sonora en Equipo.\",\"description\":\"Diario en l\u00ednea con Noticias desde Hermosillo, Sonora\",\"publisher\":{\"@id\":\"https:\/\/www.sonoraenequipo.com.mx\/#organization\"},\"potentialAction\":[{\"@type\":\"SearchAction\",\"target\":{\"@type\":\"EntryPoint\",\"urlTemplate\":\"https:\/\/www.sonoraenequipo.com.mx\/?s={search_term_string}\"},\"query-input\":{\"@type\":\"PropertyValueSpecification\",\"valueRequired\":true,\"valueName\":\"search_term_string\"}}],\"inLanguage\":\"es\"},{\"@type\":\"Organization\",\"@id\":\"https:\/\/www.sonoraenequipo.com.mx\/#organization\",\"name\":\"Sonoraenequipo.com.mx\",\"url\":\"https:\/\/www.sonoraenequipo.com.mx\/\",\"logo\":{\"@type\":\"ImageObject\",\"inLanguage\":\"es\",\"@id\":\"https:\/\/www.sonoraenequipo.com.mx\/#\/schema\/logo\/image\/\",\"url\":\"https:\/\/www.sonoraenequipo.com.mx\/storage\/2019\/01\/sonoraenequipo_opt.png\",\"contentUrl\":\"https:\/\/www.sonoraenequipo.com.mx\/storage\/2019\/01\/sonoraenequipo_opt.png\",\"width\":375,\"height\":125,\"caption\":\"Sonoraenequipo.com.mx\"},\"image\":{\"@id\":\"https:\/\/www.sonoraenequipo.com.mx\/#\/schema\/logo\/image\/\"},\"sameAs\":[\"https:\/\/www.facebook.com\/SonoraEE\/\",\"https:\/\/x.com\/sonoraenequipo\",\"https:\/\/www.youtube.com\/channel\/UC338nW-lPEYmJQs4ZABQ1SQ\"]},{\"@type\":\"Person\",\"@id\":\"https:\/\/www.sonoraenequipo.com.mx\/#\/schema\/person\/50102df0fb23a8fa9e8effad8fa81386\",\"name\":\"enequipo\",\"image\":{\"@type\":\"ImageObject\",\"inLanguage\":\"es\",\"@id\":\"https:\/\/www.sonoraenequipo.com.mx\/#\/schema\/person\/image\/\",\"url\":\"https:\/\/secure.gravatar.com\/avatar\/049821681b589dabc0bc20695993ccebb09f5b5d4d790cd9251b97faac7c652b?s=96&d=blank&r=g\",\"contentUrl\":\"https:\/\/secure.gravatar.com\/avatar\/049821681b589dabc0bc20695993ccebb09f5b5d4d790cd9251b97faac7c652b?s=96&d=blank&r=g\",\"caption\":\"enequipo\"},\"sameAs\":[\"https:\/\/www.facebook.com\/SonoraEE\"]}]}<\/script>\n ","yoast_head_json":{"title":"Sonora en Equipo. Promueve Municipio forestaci\u00f3n de Hermosillo al donar mil \u00e1rboles nativos por el D\u00eda del \u00c1rbol Municipios","description":"Promueve Municipio forestaci\u00f3n de Hermosillo al donar mil \u00e1rboles nativos por el D\u00eda del \u00c1rbol y Arbolado Urbano HERMOSILLO, SONORA, MX. \u2014 Mil \u00e1rboles En Sonora en Equipo publicamos toda la informaci\u00f3n de Sonora, M\u00e9xico y el Mundo de manera oportuna y busca que la libertad de expresi\u00f3n sea real. Visita nuestro medio informativo publicado desde Hermosillo, Sonora. %","robots":{"index":"index","follow":"follow","max-snippet":"max-snippet:-1","max-image-preview":"max-image-preview:large","max-video-preview":"max-video-preview:-1"},"canonical":"https:\/\/www.sonoraenequipo.com.mx\/promueve-municipio-forestacion-de-hermosillo-al-donar-mil-arboles-nativos-por-el-dia-del-arbol\/","og_locale":"es_ES","og_type":"article","og_title":"Sonora en Equipo. Promueve Municipio forestaci\u00f3n de Hermosillo al donar mil \u00e1rboles nativos por el D\u00eda del \u00c1rbol Municipios","og_description":"Promueve Municipio forestaci\u00f3n de Hermosillo al donar mil \u00e1rboles nativos por el D\u00eda del \u00c1rbol y Arbolado Urbano HERMOSILLO, SONORA, MX. \u2014 Mil \u00e1rboles En Sonora en Equipo publicamos toda la informaci\u00f3n de Sonora, M\u00e9xico y el Mundo de manera oportuna y busca que la libertad de expresi\u00f3n sea real. Visita nuestro medio informativo publicado desde Hermosillo, Sonora. %","og_url":"https:\/\/www.sonoraenequipo.com.mx\/promueve-municipio-forestacion-de-hermosillo-al-donar-mil-arboles-nativos-por-el-dia-del-arbol\/","og_site_name":"Sonora en Equipo.","article_publisher":"https:\/\/www.facebook.com\/SonoraEE\/","article_author":"https:\/\/www.facebook.com\/SonoraEE","article_published_time":"2026-03-07T22:13:30+00:00","og_image":[{"width":600,"height":400,"url":"https:\/\/www.sonoraenequipo.com.mx\/storage\/2026\/03\/reforestacion-hmo.jpg","type":"image\/jpeg"}],"author":"enequipo","twitter_card":"summary_large_image","twitter_creator":"@sonoraenequipo","twitter_site":"@sonoraenequipo","twitter_misc":{"Escrito por":"enequipo","Tiempo de lectura":"1 minuto"},"schema":{"@context":"https:\/\/schema.org","@graph":[{"@type":"Article","@id":"https:\/\/www.sonoraenequipo.com.mx\/promueve-municipio-forestacion-de-hermosillo-al-donar-mil-arboles-nativos-por-el-dia-del-arbol\/#article","isPartOf":{"@id":"https:\/\/www.sonoraenequipo.com.mx\/promueve-municipio-forestacion-de-hermosillo-al-donar-mil-arboles-nativos-por-el-dia-del-arbol\/"},"author":{"name":"enequipo","@id":"https:\/\/www.sonoraenequipo.com.mx\/#\/schema\/person\/50102df0fb23a8fa9e8effad8fa81386"},"headline":"Promueve Municipio forestaci\u00f3n de Hermosillo al donar mil \u00e1rboles nativos por el D\u00eda del \u00c1rbol","datePublished":"2026-03-07T22:13:30+00:00","mainEntityOfPage":{"@id":"https:\/\/www.sonoraenequipo.com.mx\/promueve-municipio-forestacion-de-hermosillo-al-donar-mil-arboles-nativos-por-el-dia-del-arbol\/"},"wordCount":268,"commentCount":0,"publisher":{"@id":"https:\/\/www.sonoraenequipo.com.mx\/#organization"},"image":{"@id":"https:\/\/www.sonoraenequipo.com.mx\/promueve-municipio-forestacion-de-hermosillo-al-donar-mil-arboles-nativos-por-el-dia-del-arbol\/#primaryimage"},"thumbnailUrl":"https:\/\/www.sonoraenequipo.com.mx\/storage\/2026\/03\/reforestacion-hmo.jpg","keywords":["arbolado","dia arbol","urbano"],"articleSection":["Municipios"],"inLanguage":"es","potentialAction":[{"@type":"CommentAction","name":"Comment","target":["https:\/\/www.sonoraenequipo.com.mx\/promueve-municipio-forestacion-de-hermosillo-al-donar-mil-arboles-nativos-por-el-dia-del-arbol\/#respond"]}]},{"@type":"WebPage","@id":"https:\/\/www.sonoraenequipo.com.mx\/promueve-municipio-forestacion-de-hermosillo-al-donar-mil-arboles-nativos-por-el-dia-del-arbol\/","url":"https:\/\/www.sonoraenequipo.com.mx\/promueve-municipio-forestacion-de-hermosillo-al-donar-mil-arboles-nativos-por-el-dia-del-arbol\/","name":"Sonora en Equipo. Promueve Municipio forestaci\u00f3n de Hermosillo al donar mil \u00e1rboles nativos por el D\u00eda del \u00c1rbol Municipios","isPartOf":{"@id":"https:\/\/www.sonoraenequipo.com.mx\/#website"},"primaryImageOfPage":{"@id":"https:\/\/www.sonoraenequipo.com.mx\/promueve-municipio-forestacion-de-hermosillo-al-donar-mil-arboles-nativos-por-el-dia-del-arbol\/#primaryimage"},"image":{"@id":"https:\/\/www.sonoraenequipo.com.mx\/promueve-municipio-forestacion-de-hermosillo-al-donar-mil-arboles-nativos-por-el-dia-del-arbol\/#primaryimage"},"thumbnailUrl":"https:\/\/www.sonoraenequipo.com.mx\/storage\/2026\/03\/reforestacion-hmo.jpg","datePublished":"2026-03-07T22:13:30+00:00","description":"Promueve Municipio forestaci\u00f3n de Hermosillo al donar mil \u00e1rboles nativos por el D\u00eda del \u00c1rbol y Arbolado Urbano HERMOSILLO, SONORA, MX. \u2014 Mil \u00e1rboles En Sonora en Equipo publicamos toda la informaci\u00f3n de Sonora, M\u00e9xico y el Mundo de manera oportuna y busca que la libertad de expresi\u00f3n sea real. Visita nuestro medio informativo publicado desde Hermosillo, Sonora. %","breadcrumb":{"@id":"https:\/\/www.sonoraenequipo.com.mx\/promueve-municipio-forestacion-de-hermosillo-al-donar-mil-arboles-nativos-por-el-dia-del-arbol\/#breadcrumb"},"inLanguage":"es","potentialAction":[{"@type":"ReadAction","target":["https:\/\/www.sonoraenequipo.com.mx\/promueve-municipio-forestacion-de-hermosillo-al-donar-mil-arboles-nativos-por-el-dia-del-arbol\/"]}]},{"@type":"ImageObject","inLanguage":"es","@id":"https:\/\/www.sonoraenequipo.com.mx\/promueve-municipio-forestacion-de-hermosillo-al-donar-mil-arboles-nativos-por-el-dia-del-arbol\/#primaryimage","url":"https:\/\/www.sonoraenequipo.com.mx\/storage\/2026\/03\/reforestacion-hmo.jpg","contentUrl":"https:\/\/www.sonoraenequipo.com.mx\/storage\/2026\/03\/reforestacion-hmo.jpg","width":600,"height":400},{"@type":"BreadcrumbList","@id":"https:\/\/www.sonoraenequipo.com.mx\/promueve-municipio-forestacion-de-hermosillo-al-donar-mil-arboles-nativos-por-el-dia-del-arbol\/#breadcrumb","itemListElement":[{"@type":"ListItem","position":1,"name":"Portada","item":"https:\/\/www.sonoraenequipo.com.mx\/"},{"@type":"ListItem","position":2,"name":"Promueve Municipio forestaci\u00f3n de Hermosillo al donar mil \u00e1rboles nativos por el D\u00eda del \u00c1rbol"}]},{"@type":"WebSite","@id":"https:\/\/www.sonoraenequipo.com.mx\/#website","url":"https:\/\/www.sonoraenequipo.com.mx\/","name":"Sonora en Equipo.","description":"Diario en l\u00ednea con Noticias desde Hermosillo, Sonora","publisher":{"@id":"https:\/\/www.sonoraenequipo.com.mx\/#organization"},"potentialAction":[{"@type":"SearchAction","target":{"@type":"EntryPoint","urlTemplate":"https:\/\/www.sonoraenequipo.com.mx\/?s={search_term_string}"},"query-input":{"@type":"PropertyValueSpecification","valueRequired":true,"valueName":"search_term_string"}}],"inLanguage":"es"},{"@type":"Organization","@id":"https:\/\/www.sonoraenequipo.com.mx\/#organization","name":"Sonoraenequipo.com.mx","url":"https:\/\/www.sonoraenequipo.com.mx\/","logo":{"@type":"ImageObject","inLanguage":"es","@id":"https:\/\/www.sonoraenequipo.com.mx\/#\/schema\/logo\/image\/","url":"https:\/\/www.sonoraenequipo.com.mx\/storage\/2019\/01\/sonoraenequipo_opt.png","contentUrl":"https:\/\/www.sonoraenequipo.com.mx\/storage\/2019\/01\/sonoraenequipo_opt.png","width":375,"height":125,"caption":"Sonoraenequipo.com.mx"},"image":{"@id":"https:\/\/www.sonoraenequipo.com.mx\/#\/schema\/logo\/image\/"},"sameAs":["https:\/\/www.facebook.com\/SonoraEE\/","https:\/\/x.com\/sonoraenequipo","https:\/\/www.youtube.com\/channel\/UC338nW-lPEYmJQs4ZABQ1SQ"]},{"@type":"Person","@id":"https:\/\/www.sonoraenequipo.com.mx\/#\/schema\/person\/50102df0fb23a8fa9e8effad8fa81386","name":"enequipo","image":{"@type":"ImageObject","inLanguage":"es","@id":"https:\/\/www.sonoraenequipo.com.mx\/#\/schema\/person\/image\/","url":"https:\/\/secure.gravatar.com\/avatar\/049821681b589dabc0bc20695993ccebb09f5b5d4d790cd9251b97faac7c652b?s=96&d=blank&r=g","contentUrl":"https:\/\/secure.gravatar.com\/avatar\/049821681b589dabc0bc20695993ccebb09f5b5d4d790cd9251b97faac7c652b?s=96&d=blank&r=g","caption":"enequipo"},"sameAs":["https:\/\/www.facebook.com\/SonoraEE"]}]}},"jetpack_featured_media_url":"https:\/\/www.sonoraenequipo.com.mx\/storage\/2026\/03\/reforestacion-hmo.jpg","_links":{"self":[{"href":"https:\/\/www.sonoraenequipo.com.mx\/api\/wp\/v2\/posts\/236778","targetHints":{"allow":["GET"]}}],"collection":[{"href":"https:\/\/www.sonoraenequipo.com.mx\/api\/wp\/v2\/posts"}],"about":[{"href":"https:\/\/www.sonoraenequipo.com.mx\/api\/wp\/v2\/types\/post"}],"author":[{"embeddable":true,"href":"https:\/\/www.sonoraenequipo.com.mx\/api\/wp\/v2\/users\/1"}],"replies":[{"embeddable":true,"href":"https:\/\/www.sonoraenequipo.com.mx\/api\/wp\/v2\/comments?post=236778"}],"version-history":[{"count":1,"href":"https:\/\/www.sonoraenequipo.com.mx\/api\/wp\/v2\/posts\/236778\/revisions"}],"predecessor-version":[{"id":236786,"href":"https:\/\/www.sonoraenequipo.com.mx\/api\/wp\/v2\/posts\/236778\/revisions\/236786"}],"wp:featuredmedia":[{"embeddable":true,"href":"https:\/\/www.sonoraenequipo.com.mx\/api\/wp\/v2\/media\/236782"}],"wp:attachment":[{"href":"https:\/\/www.sonoraenequipo.com.mx\/api\/wp\/v2\/media?parent=236778"}],"wp:term":[{"taxonomy":"category","embeddable":true,"href":"https:\/\/www.sonoraenequipo.com.mx\/api\/wp\/v2\/categories?post=236778"},{"taxonomy":"post_tag","embeddable":true,"href":"https:\/\/www.sonoraenequipo.com.mx\/api\/wp\/v2\/tags?post=236778"}],"curies":[{"name":"wp","href":"https:\/\/api.w.org\/{rel}","templated":true}]}}