{"id":236808,"date":"2026-03-07T19:59:24","date_gmt":"2026-03-08T02:59:24","guid":{"rendered":"https:\/\/www.sonoraenequipo.com.mx\/?p=236808"},"modified":"2026-03-07T19:59:24","modified_gmt":"2026-03-08T02:59:24","slug":"con-espiritu-de-sierra-y-brindis-de-tradicion-esac-cierra-con-orgullo-su-participacion-en-la-fil-mineria","status":"publish","type":"post","link":"https:\/\/www.sonoraenequipo.com.mx\/con-espiritu-de-sierra-y-brindis-de-tradicion-esac-cierra-con-orgullo-su-participacion-en-la-fil-mineria\/","title":{"rendered":"Con esp\u00edritu de sierra y brindis de tradici\u00f3n, ESAC cierra con orgullo su participaci\u00f3n en la FIL Miner\u00eda"},"content":{"rendered":"<p><strong>HERMOSILLO, SONORA, MX. \u2014<\/strong> Las actividades de Escritores de Sonora A.C. (ESAC) en el marco de la Feria Internacional del Libro del Palacio de Miner\u00eda, dentro del Pabell\u00f3n Sonora y en coordinaci\u00f3n con el Instituto Sonorense de Cultura, culminaron con una presentaci\u00f3n que fue, al mismo tiempo, celebraci\u00f3n, memoria y orgullo sonorense.<\/p>\n<p>El cierre estuvo a cargo del cronista del municipio de Bacanora, Jes\u00fas Aparicio Guerrero, quien present\u00f3 su libro Bacanora, el esp\u00edritu de la tierra, una obra que entrelaza historia, identidad y tradici\u00f3n en torno a la emblem\u00e1tica bebida de la sierra.<\/p>\n<p>La din\u00e1mica fue especial y profundamente simb\u00f3lica. Las y los integrantes de la delegaci\u00f3n de ESAC acompa\u00f1aron al autor realizando un recorrido por sus publicaciones anteriores, evocando cada etapa de su trayectoria literaria. Guadalupe G\u00e1lvez, Cuquita Avil\u00e9s, Bernardo Duarte y Sylvia Manr\u00edquez compartieron comentarios y recuerdos que prepararon el marco ideal para que Guadalupe Garc\u00eda Bueras presentara la obra central de la tarde.<\/p>\n<p>Cuando Jes\u00fas Aparicio Guerrero tom\u00f3 la palabra, el Pabell\u00f3n Sonora se llen\u00f3 de sierra. Habl\u00f3 no solo como cronista, sino como heredero de una tradici\u00f3n familiar profundamente arraigada en Bacanora. Narr\u00f3 la historia de la bebida que sobrevivi\u00f3 a la prohibici\u00f3n, que resisti\u00f3 en la clandestinidad y que hoy se levanta como s\u00edmbolo de identidad y dignidad cultural.<\/p>\n<p>El p\u00fablico escuch\u00f3 con atenci\u00f3n y complicidad. Y entonces, el momento se volvi\u00f3 celebraci\u00f3n: el autor comparti\u00f3 una muestra del bacanora llevado especialmente para la ocasi\u00f3n. Las palabras se transformaron en brindis, y el brindis en comunidad.<\/p>\n<p>As\u00ed, entre historia viva y orgullo compartido, ESAC cerr\u00f3 su participaci\u00f3n en la FIL Miner\u00eda dejando claro que Sonora no solo acude a las ferias con libros, sino con esp\u00edritu, memoria y presencia colectiva.<\/p>\n<p><strong>Fecha de publicaci\u00f3n s\u00e1bado 7 de marzo de 2026<\/strong><\/p>\n","protected":false},"excerpt":{"rendered":"<p>HERMOSILLO, SONORA, MX. \u2014 Las actividades de Escritores de Sonora A.C. (ESAC) en el marco&#8230;<\/p>\n","protected":false},"author":1,"featured_media":236809,"comment_status":"open","ping_status":"open","sticky":false,"template":"","format":"standard","meta":{"_monsterinsights_skip_tracking":false,"_monsterinsights_sitenote_active":false,"_monsterinsights_sitenote_note":"","_monsterinsights_sitenote_category":0,"footnotes":""},"categories":[22],"tags":[12361],"class_list":["post"],"yoast_head":" \n<title>Sonora en Equipo. Con esp\u00edritu de sierra y brindis de tradici\u00f3n, ESAC cierra con orgullo su participaci\u00f3n en la FIL Miner\u00eda Sonora<\/title>\n<meta name=\"description\" content=\"HERMOSILLO, SONORA, MX. \u2014 Las actividades de Escritores de Sonora A.C. (ESAC) en el marco de la Feria Internacional del Libro del Palacio de Miner\u00eda, En Sonora en Equipo publicamos toda la informaci\u00f3n de Sonora, M\u00e9xico y el Mundo de manera oportuna y busca que la libertad de expresi\u00f3n sea real. Visita nuestro medio informativo publicado desde Hermosillo, Sonora. %\" \/>\n<meta name=\"robots\" content=\"index, follow, max-snippet:-1, max-image-preview:large, max-video-preview:-1\" \/>\n<link rel=\"canonical\" href=\"https:\/\/www.sonoraenequipo.com.mx\/con-espiritu-de-sierra-y-brindis-de-tradicion-esac-cierra-con-orgullo-su-participacion-en-la-fil-mineria\/\" \/>\n<meta property=\"og:locale\" content=\"es_ES\" \/>\n<meta property=\"og:type\" content=\"article\" \/>\n<meta property=\"og:title\" content=\"Sonora en Equipo. Con esp\u00edritu de sierra y brindis de tradici\u00f3n, ESAC cierra con orgullo su participaci\u00f3n en la FIL Miner\u00eda Sonora\" \/>\n<meta property=\"og:description\" content=\"HERMOSILLO, SONORA, MX. \u2014 Las actividades de Escritores de Sonora A.C. (ESAC) en el marco de la Feria Internacional del Libro del Palacio de Miner\u00eda, En Sonora en Equipo publicamos toda la informaci\u00f3n de Sonora, M\u00e9xico y el Mundo de manera oportuna y busca que la libertad de expresi\u00f3n sea real. Visita nuestro medio informativo publicado desde Hermosillo, Sonora. %\" \/>\n<meta property=\"og:url\" content=\"https:\/\/www.sonoraenequipo.com.mx\/con-espiritu-de-sierra-y-brindis-de-tradicion-esac-cierra-con-orgullo-su-participacion-en-la-fil-mineria\/\" \/>\n<meta property=\"og:site_name\" content=\"Sonora en Equipo.\" \/>\n<meta property=\"article:publisher\" content=\"https:\/\/www.facebook.com\/SonoraEE\/\" \/>\n<meta property=\"article:author\" content=\"https:\/\/www.facebook.com\/SonoraEE\" \/>\n<meta property=\"article:published_time\" content=\"2026-03-08T02:59:24+00:00\" \/>\n<meta property=\"og:image\" content=\"https:\/\/www.sonoraenequipo.com.mx\/storage\/2026\/03\/esac-1.jpg\" \/>\n\t<meta property=\"og:image:width\" content=\"600\" \/>\n\t<meta property=\"og:image:height\" content=\"400\" \/>\n\t<meta property=\"og:image:type\" content=\"image\/jpeg\" \/>\n<meta name=\"author\" content=\"enequipo\" \/>\n<meta name=\"twitter:card\" content=\"summary_large_image\" \/>\n<meta name=\"twitter:creator\" content=\"@sonoraenequipo\" \/>\n<meta name=\"twitter:site\" content=\"@sonoraenequipo\" \/>\n<meta name=\"twitter:label1\" content=\"Escrito por\" \/>\n\t<meta name=\"twitter:data1\" content=\"enequipo\" \/>\n\t<meta name=\"twitter:label2\" content=\"Tiempo de lectura\" \/>\n\t<meta name=\"twitter:data2\" content=\"2 minutos\" \/>\n<script type=\"application\/ld+json\" class=\"yoast-schema-graph\">{\"@context\":\"https:\/\/schema.org\",\"@graph\":[{\"@type\":\"Article\",\"@id\":\"https:\/\/www.sonoraenequipo.com.mx\/con-espiritu-de-sierra-y-brindis-de-tradicion-esac-cierra-con-orgullo-su-participacion-en-la-fil-mineria\/#article\",\"isPartOf\":{\"@id\":\"https:\/\/www.sonoraenequipo.com.mx\/con-espiritu-de-sierra-y-brindis-de-tradicion-esac-cierra-con-orgullo-su-participacion-en-la-fil-mineria\/\"},\"author\":{\"name\":\"enequipo\",\"@id\":\"https:\/\/www.sonoraenequipo.com.mx\/#\/schema\/person\/50102df0fb23a8fa9e8effad8fa81386\"},\"headline\":\"Con esp\u00edritu de sierra y brindis de tradici\u00f3n, ESAC cierra con orgullo su participaci\u00f3n en la FIL Miner\u00eda\",\"datePublished\":\"2026-03-08T02:59:24+00:00\",\"mainEntityOfPage\":{\"@id\":\"https:\/\/www.sonoraenequipo.com.mx\/con-espiritu-de-sierra-y-brindis-de-tradicion-esac-cierra-con-orgullo-su-participacion-en-la-fil-mineria\/\"},\"wordCount\":345,\"commentCount\":0,\"publisher\":{\"@id\":\"https:\/\/www.sonoraenequipo.com.mx\/#organization\"},\"image\":{\"@id\":\"https:\/\/www.sonoraenequipo.com.mx\/con-espiritu-de-sierra-y-brindis-de-tradicion-esac-cierra-con-orgullo-su-participacion-en-la-fil-mineria\/#primaryimage\"},\"thumbnailUrl\":\"https:\/\/www.sonoraenequipo.com.mx\/storage\/2026\/03\/esac-1.jpg\",\"keywords\":[\"esac\"],\"articleSection\":[\"Sonora\"],\"inLanguage\":\"es\",\"potentialAction\":[{\"@type\":\"CommentAction\",\"name\":\"Comment\",\"target\":[\"https:\/\/www.sonoraenequipo.com.mx\/con-espiritu-de-sierra-y-brindis-de-tradicion-esac-cierra-con-orgullo-su-participacion-en-la-fil-mineria\/#respond\"]}]},{\"@type\":\"WebPage\",\"@id\":\"https:\/\/www.sonoraenequipo.com.mx\/con-espiritu-de-sierra-y-brindis-de-tradicion-esac-cierra-con-orgullo-su-participacion-en-la-fil-mineria\/\",\"url\":\"https:\/\/www.sonoraenequipo.com.mx\/con-espiritu-de-sierra-y-brindis-de-tradicion-esac-cierra-con-orgullo-su-participacion-en-la-fil-mineria\/\",\"name\":\"Sonora en Equipo. Con esp\u00edritu de sierra y brindis de tradici\u00f3n, ESAC cierra con orgullo su participaci\u00f3n en la FIL Miner\u00eda Sonora\",\"isPartOf\":{\"@id\":\"https:\/\/www.sonoraenequipo.com.mx\/#website\"},\"primaryImageOfPage\":{\"@id\":\"https:\/\/www.sonoraenequipo.com.mx\/con-espiritu-de-sierra-y-brindis-de-tradicion-esac-cierra-con-orgullo-su-participacion-en-la-fil-mineria\/#primaryimage\"},\"image\":{\"@id\":\"https:\/\/www.sonoraenequipo.com.mx\/con-espiritu-de-sierra-y-brindis-de-tradicion-esac-cierra-con-orgullo-su-participacion-en-la-fil-mineria\/#primaryimage\"},\"thumbnailUrl\":\"https:\/\/www.sonoraenequipo.com.mx\/storage\/2026\/03\/esac-1.jpg\",\"datePublished\":\"2026-03-08T02:59:24+00:00\",\"description\":\"HERMOSILLO, SONORA, MX. \u2014 Las actividades de Escritores de Sonora A.C. (ESAC) en el marco de la Feria Internacional del Libro del Palacio de Miner\u00eda, En Sonora en Equipo publicamos toda la informaci\u00f3n de Sonora, M\u00e9xico y el Mundo de manera oportuna y busca que la libertad de expresi\u00f3n sea real. Visita nuestro medio informativo publicado desde Hermosillo, Sonora. %\",\"breadcrumb\":{\"@id\":\"https:\/\/www.sonoraenequipo.com.mx\/con-espiritu-de-sierra-y-brindis-de-tradicion-esac-cierra-con-orgullo-su-participacion-en-la-fil-mineria\/#breadcrumb\"},\"inLanguage\":\"es\",\"potentialAction\":[{\"@type\":\"ReadAction\",\"target\":[\"https:\/\/www.sonoraenequipo.com.mx\/con-espiritu-de-sierra-y-brindis-de-tradicion-esac-cierra-con-orgullo-su-participacion-en-la-fil-mineria\/\"]}]},{\"@type\":\"ImageObject\",\"inLanguage\":\"es\",\"@id\":\"https:\/\/www.sonoraenequipo.com.mx\/con-espiritu-de-sierra-y-brindis-de-tradicion-esac-cierra-con-orgullo-su-participacion-en-la-fil-mineria\/#primaryimage\",\"url\":\"https:\/\/www.sonoraenequipo.com.mx\/storage\/2026\/03\/esac-1.jpg\",\"contentUrl\":\"https:\/\/www.sonoraenequipo.com.mx\/storage\/2026\/03\/esac-1.jpg\",\"width\":600,\"height\":400},{\"@type\":\"BreadcrumbList\",\"@id\":\"https:\/\/www.sonoraenequipo.com.mx\/con-espiritu-de-sierra-y-brindis-de-tradicion-esac-cierra-con-orgullo-su-participacion-en-la-fil-mineria\/#breadcrumb\",\"itemListElement\":[{\"@type\":\"ListItem\",\"position\":1,\"name\":\"Portada\",\"item\":\"https:\/\/www.sonoraenequipo.com.mx\/\"},{\"@type\":\"ListItem\",\"position\":2,\"name\":\"Con esp\u00edritu de sierra y brindis de tradici\u00f3n, ESAC cierra con orgullo su participaci\u00f3n en la FIL Miner\u00eda\"}]},{\"@type\":\"WebSite\",\"@id\":\"https:\/\/www.sonoraenequipo.com.mx\/#website\",\"url\":\"https:\/\/www.sonoraenequipo.com.mx\/\",\"name\":\"Sonora en Equipo.\",\"description\":\"Diario en l\u00ednea con Noticias desde Hermosillo, Sonora\",\"publisher\":{\"@id\":\"https:\/\/www.sonoraenequipo.com.mx\/#organization\"},\"potentialAction\":[{\"@type\":\"SearchAction\",\"target\":{\"@type\":\"EntryPoint\",\"urlTemplate\":\"https:\/\/www.sonoraenequipo.com.mx\/?s={search_term_string}\"},\"query-input\":{\"@type\":\"PropertyValueSpecification\",\"valueRequired\":true,\"valueName\":\"search_term_string\"}}],\"inLanguage\":\"es\"},{\"@type\":\"Organization\",\"@id\":\"https:\/\/www.sonoraenequipo.com.mx\/#organization\",\"name\":\"Sonoraenequipo.com.mx\",\"url\":\"https:\/\/www.sonoraenequipo.com.mx\/\",\"logo\":{\"@type\":\"ImageObject\",\"inLanguage\":\"es\",\"@id\":\"https:\/\/www.sonoraenequipo.com.mx\/#\/schema\/logo\/image\/\",\"url\":\"https:\/\/www.sonoraenequipo.com.mx\/storage\/2019\/01\/sonoraenequipo_opt.png\",\"contentUrl\":\"https:\/\/www.sonoraenequipo.com.mx\/storage\/2019\/01\/sonoraenequipo_opt.png\",\"width\":375,\"height\":125,\"caption\":\"Sonoraenequipo.com.mx\"},\"image\":{\"@id\":\"https:\/\/www.sonoraenequipo.com.mx\/#\/schema\/logo\/image\/\"},\"sameAs\":[\"https:\/\/www.facebook.com\/SonoraEE\/\",\"https:\/\/x.com\/sonoraenequipo\",\"https:\/\/www.youtube.com\/channel\/UC338nW-lPEYmJQs4ZABQ1SQ\"]},{\"@type\":\"Person\",\"@id\":\"https:\/\/www.sonoraenequipo.com.mx\/#\/schema\/person\/50102df0fb23a8fa9e8effad8fa81386\",\"name\":\"enequipo\",\"image\":{\"@type\":\"ImageObject\",\"inLanguage\":\"es\",\"@id\":\"https:\/\/www.sonoraenequipo.com.mx\/#\/schema\/person\/image\/\",\"url\":\"https:\/\/secure.gravatar.com\/avatar\/049821681b589dabc0bc20695993ccebb09f5b5d4d790cd9251b97faac7c652b?s=96&d=blank&r=g\",\"contentUrl\":\"https:\/\/secure.gravatar.com\/avatar\/049821681b589dabc0bc20695993ccebb09f5b5d4d790cd9251b97faac7c652b?s=96&d=blank&r=g\",\"caption\":\"enequipo\"},\"sameAs\":[\"https:\/\/www.facebook.com\/SonoraEE\"]}]}<\/script>\n ","yoast_head_json":{"title":"Sonora en Equipo. Con esp\u00edritu de sierra y brindis de tradici\u00f3n, ESAC cierra con orgullo su participaci\u00f3n en la FIL Miner\u00eda Sonora","description":"HERMOSILLO, SONORA, MX. \u2014 Las actividades de Escritores de Sonora A.C. (ESAC) en el marco de la Feria Internacional del Libro del Palacio de Miner\u00eda, En Sonora en Equipo publicamos toda la informaci\u00f3n de Sonora, M\u00e9xico y el Mundo de manera oportuna y busca que la libertad de expresi\u00f3n sea real. Visita nuestro medio informativo publicado desde Hermosillo, Sonora. %","robots":{"index":"index","follow":"follow","max-snippet":"max-snippet:-1","max-image-preview":"max-image-preview:large","max-video-preview":"max-video-preview:-1"},"canonical":"https:\/\/www.sonoraenequipo.com.mx\/con-espiritu-de-sierra-y-brindis-de-tradicion-esac-cierra-con-orgullo-su-participacion-en-la-fil-mineria\/","og_locale":"es_ES","og_type":"article","og_title":"Sonora en Equipo. Con esp\u00edritu de sierra y brindis de tradici\u00f3n, ESAC cierra con orgullo su participaci\u00f3n en la FIL Miner\u00eda Sonora","og_description":"HERMOSILLO, SONORA, MX. \u2014 Las actividades de Escritores de Sonora A.C. (ESAC) en el marco de la Feria Internacional del Libro del Palacio de Miner\u00eda, En Sonora en Equipo publicamos toda la informaci\u00f3n de Sonora, M\u00e9xico y el Mundo de manera oportuna y busca que la libertad de expresi\u00f3n sea real. Visita nuestro medio informativo publicado desde Hermosillo, Sonora. %","og_url":"https:\/\/www.sonoraenequipo.com.mx\/con-espiritu-de-sierra-y-brindis-de-tradicion-esac-cierra-con-orgullo-su-participacion-en-la-fil-mineria\/","og_site_name":"Sonora en Equipo.","article_publisher":"https:\/\/www.facebook.com\/SonoraEE\/","article_author":"https:\/\/www.facebook.com\/SonoraEE","article_published_time":"2026-03-08T02:59:24+00:00","og_image":[{"width":600,"height":400,"url":"https:\/\/www.sonoraenequipo.com.mx\/storage\/2026\/03\/esac-1.jpg","type":"image\/jpeg"}],"author":"enequipo","twitter_card":"summary_large_image","twitter_creator":"@sonoraenequipo","twitter_site":"@sonoraenequipo","twitter_misc":{"Escrito por":"enequipo","Tiempo de lectura":"2 minutos"},"schema":{"@context":"https:\/\/schema.org","@graph":[{"@type":"Article","@id":"https:\/\/www.sonoraenequipo.com.mx\/con-espiritu-de-sierra-y-brindis-de-tradicion-esac-cierra-con-orgullo-su-participacion-en-la-fil-mineria\/#article","isPartOf":{"@id":"https:\/\/www.sonoraenequipo.com.mx\/con-espiritu-de-sierra-y-brindis-de-tradicion-esac-cierra-con-orgullo-su-participacion-en-la-fil-mineria\/"},"author":{"name":"enequipo","@id":"https:\/\/www.sonoraenequipo.com.mx\/#\/schema\/person\/50102df0fb23a8fa9e8effad8fa81386"},"headline":"Con esp\u00edritu de sierra y brindis de tradici\u00f3n, ESAC cierra con orgullo su participaci\u00f3n en la FIL Miner\u00eda","datePublished":"2026-03-08T02:59:24+00:00","mainEntityOfPage":{"@id":"https:\/\/www.sonoraenequipo.com.mx\/con-espiritu-de-sierra-y-brindis-de-tradicion-esac-cierra-con-orgullo-su-participacion-en-la-fil-mineria\/"},"wordCount":345,"commentCount":0,"publisher":{"@id":"https:\/\/www.sonoraenequipo.com.mx\/#organization"},"image":{"@id":"https:\/\/www.sonoraenequipo.com.mx\/con-espiritu-de-sierra-y-brindis-de-tradicion-esac-cierra-con-orgullo-su-participacion-en-la-fil-mineria\/#primaryimage"},"thumbnailUrl":"https:\/\/www.sonoraenequipo.com.mx\/storage\/2026\/03\/esac-1.jpg","keywords":["esac"],"articleSection":["Sonora"],"inLanguage":"es","potentialAction":[{"@type":"CommentAction","name":"Comment","target":["https:\/\/www.sonoraenequipo.com.mx\/con-espiritu-de-sierra-y-brindis-de-tradicion-esac-cierra-con-orgullo-su-participacion-en-la-fil-mineria\/#respond"]}]},{"@type":"WebPage","@id":"https:\/\/www.sonoraenequipo.com.mx\/con-espiritu-de-sierra-y-brindis-de-tradicion-esac-cierra-con-orgullo-su-participacion-en-la-fil-mineria\/","url":"https:\/\/www.sonoraenequipo.com.mx\/con-espiritu-de-sierra-y-brindis-de-tradicion-esac-cierra-con-orgullo-su-participacion-en-la-fil-mineria\/","name":"Sonora en Equipo. Con esp\u00edritu de sierra y brindis de tradici\u00f3n, ESAC cierra con orgullo su participaci\u00f3n en la FIL Miner\u00eda Sonora","isPartOf":{"@id":"https:\/\/www.sonoraenequipo.com.mx\/#website"},"primaryImageOfPage":{"@id":"https:\/\/www.sonoraenequipo.com.mx\/con-espiritu-de-sierra-y-brindis-de-tradicion-esac-cierra-con-orgullo-su-participacion-en-la-fil-mineria\/#primaryimage"},"image":{"@id":"https:\/\/www.sonoraenequipo.com.mx\/con-espiritu-de-sierra-y-brindis-de-tradicion-esac-cierra-con-orgullo-su-participacion-en-la-fil-mineria\/#primaryimage"},"thumbnailUrl":"https:\/\/www.sonoraenequipo.com.mx\/storage\/2026\/03\/esac-1.jpg","datePublished":"2026-03-08T02:59:24+00:00","description":"HERMOSILLO, SONORA, MX. \u2014 Las actividades de Escritores de Sonora A.C. (ESAC) en el marco de la Feria Internacional del Libro del Palacio de Miner\u00eda, En Sonora en Equipo publicamos toda la informaci\u00f3n de Sonora, M\u00e9xico y el Mundo de manera oportuna y busca que la libertad de expresi\u00f3n sea real. Visita nuestro medio informativo publicado desde Hermosillo, Sonora. %","breadcrumb":{"@id":"https:\/\/www.sonoraenequipo.com.mx\/con-espiritu-de-sierra-y-brindis-de-tradicion-esac-cierra-con-orgullo-su-participacion-en-la-fil-mineria\/#breadcrumb"},"inLanguage":"es","potentialAction":[{"@type":"ReadAction","target":["https:\/\/www.sonoraenequipo.com.mx\/con-espiritu-de-sierra-y-brindis-de-tradicion-esac-cierra-con-orgullo-su-participacion-en-la-fil-mineria\/"]}]},{"@type":"ImageObject","inLanguage":"es","@id":"https:\/\/www.sonoraenequipo.com.mx\/con-espiritu-de-sierra-y-brindis-de-tradicion-esac-cierra-con-orgullo-su-participacion-en-la-fil-mineria\/#primaryimage","url":"https:\/\/www.sonoraenequipo.com.mx\/storage\/2026\/03\/esac-1.jpg","contentUrl":"https:\/\/www.sonoraenequipo.com.mx\/storage\/2026\/03\/esac-1.jpg","width":600,"height":400},{"@type":"BreadcrumbList","@id":"https:\/\/www.sonoraenequipo.com.mx\/con-espiritu-de-sierra-y-brindis-de-tradicion-esac-cierra-con-orgullo-su-participacion-en-la-fil-mineria\/#breadcrumb","itemListElement":[{"@type":"ListItem","position":1,"name":"Portada","item":"https:\/\/www.sonoraenequipo.com.mx\/"},{"@type":"ListItem","position":2,"name":"Con esp\u00edritu de sierra y brindis de tradici\u00f3n, ESAC cierra con orgullo su participaci\u00f3n en la FIL Miner\u00eda"}]},{"@type":"WebSite","@id":"https:\/\/www.sonoraenequipo.com.mx\/#website","url":"https:\/\/www.sonoraenequipo.com.mx\/","name":"Sonora en Equipo.","description":"Diario en l\u00ednea con Noticias desde Hermosillo, Sonora","publisher":{"@id":"https:\/\/www.sonoraenequipo.com.mx\/#organization"},"potentialAction":[{"@type":"SearchAction","target":{"@type":"EntryPoint","urlTemplate":"https:\/\/www.sonoraenequipo.com.mx\/?s={search_term_string}"},"query-input":{"@type":"PropertyValueSpecification","valueRequired":true,"valueName":"search_term_string"}}],"inLanguage":"es"},{"@type":"Organization","@id":"https:\/\/www.sonoraenequipo.com.mx\/#organization","name":"Sonoraenequipo.com.mx","url":"https:\/\/www.sonoraenequipo.com.mx\/","logo":{"@type":"ImageObject","inLanguage":"es","@id":"https:\/\/www.sonoraenequipo.com.mx\/#\/schema\/logo\/image\/","url":"https:\/\/www.sonoraenequipo.com.mx\/storage\/2019\/01\/sonoraenequipo_opt.png","contentUrl":"https:\/\/www.sonoraenequipo.com.mx\/storage\/2019\/01\/sonoraenequipo_opt.png","width":375,"height":125,"caption":"Sonoraenequipo.com.mx"},"image":{"@id":"https:\/\/www.sonoraenequipo.com.mx\/#\/schema\/logo\/image\/"},"sameAs":["https:\/\/www.facebook.com\/SonoraEE\/","https:\/\/x.com\/sonoraenequipo","https:\/\/www.youtube.com\/channel\/UC338nW-lPEYmJQs4ZABQ1SQ"]},{"@type":"Person","@id":"https:\/\/www.sonoraenequipo.com.mx\/#\/schema\/person\/50102df0fb23a8fa9e8effad8fa81386","name":"enequipo","image":{"@type":"ImageObject","inLanguage":"es","@id":"https:\/\/www.sonoraenequipo.com.mx\/#\/schema\/person\/image\/","url":"https:\/\/secure.gravatar.com\/avatar\/049821681b589dabc0bc20695993ccebb09f5b5d4d790cd9251b97faac7c652b?s=96&d=blank&r=g","contentUrl":"https:\/\/secure.gravatar.com\/avatar\/049821681b589dabc0bc20695993ccebb09f5b5d4d790cd9251b97faac7c652b?s=96&d=blank&r=g","caption":"enequipo"},"sameAs":["https:\/\/www.facebook.com\/SonoraEE"]}]}},"jetpack_featured_media_url":"https:\/\/www.sonoraenequipo.com.mx\/storage\/2026\/03\/esac-1.jpg","_links":{"self":[{"href":"https:\/\/www.sonoraenequipo.com.mx\/api\/wp\/v2\/posts\/236808","targetHints":{"allow":["GET"]}}],"collection":[{"href":"https:\/\/www.sonoraenequipo.com.mx\/api\/wp\/v2\/posts"}],"about":[{"href":"https:\/\/www.sonoraenequipo.com.mx\/api\/wp\/v2\/types\/post"}],"author":[{"embeddable":true,"href":"https:\/\/www.sonoraenequipo.com.mx\/api\/wp\/v2\/users\/1"}],"replies":[{"embeddable":true,"href":"https:\/\/www.sonoraenequipo.com.mx\/api\/wp\/v2\/comments?post=236808"}],"version-history":[{"count":1,"href":"https:\/\/www.sonoraenequipo.com.mx\/api\/wp\/v2\/posts\/236808\/revisions"}],"predecessor-version":[{"id":236810,"href":"https:\/\/www.sonoraenequipo.com.mx\/api\/wp\/v2\/posts\/236808\/revisions\/236810"}],"wp:featuredmedia":[{"embeddable":true,"href":"https:\/\/www.sonoraenequipo.com.mx\/api\/wp\/v2\/media\/236809"}],"wp:attachment":[{"href":"https:\/\/www.sonoraenequipo.com.mx\/api\/wp\/v2\/media?parent=236808"}],"wp:term":[{"taxonomy":"category","embeddable":true,"href":"https:\/\/www.sonoraenequipo.com.mx\/api\/wp\/v2\/categories?post=236808"},{"taxonomy":"post_tag","embeddable":true,"href":"https:\/\/www.sonoraenequipo.com.mx\/api\/wp\/v2\/tags?post=236808"}],"curies":[{"name":"wp","href":"https:\/\/api.w.org\/{rel}","templated":true}]}}