{"id":236811,"date":"2026-03-07T20:18:15","date_gmt":"2026-03-08T03:18:15","guid":{"rendered":"https:\/\/www.sonoraenequipo.com.mx\/?p=236811"},"modified":"2026-03-07T20:18:15","modified_gmt":"2026-03-08T03:18:15","slug":"gobernador-durazo-garantiza-subsidio-historico-a-la-tarifa-electrica-para-las-familias-sonorenses","status":"publish","type":"post","link":"https:\/\/www.sonoraenequipo.com.mx\/gobernador-durazo-garantiza-subsidio-historico-a-la-tarifa-electrica-para-las-familias-sonorenses\/","title":{"rendered":"Gobernador Durazo garantiza subsidio hist\u00f3rico a la tarifa el\u00e9ctrica para las familias sonorenses"},"content":{"rendered":"<p><strong>HERMOSILLO, SONORA, MX. \u2014<\/strong> Gracias a la visi\u00f3n de desarrollo energ\u00e9tico impulsada por el gobernador Alfonso Durazo Monta\u00f1o, las y los sonorenses cuentan hoy con mayor certidumbre para mantener el subsidio a la tarifa el\u00e9ctrica, mediante un modelo que aprovecha los ingresos generados por la planta fotovoltaica de Puerto Pe\u00f1asco para respaldar este apoyo social.<\/p>\n<p>&nbsp;<\/p>\n<p>Este proyecto estrat\u00e9gico, impulsado con el respaldo del expresidente Andr\u00e9s Manuel L\u00f3pez Obrador, cuenta con una inversi\u00f3n de mil 640 millones de d\u00f3lares y actualmente avanza hacia su tercera etapa de construcci\u00f3n, consolid\u00e1ndose como una de las obras de energ\u00eda solar m\u00e1s importantes de Am\u00e9rica Latina.<\/p>\n<p>&nbsp;<\/p>\n<p>\u201cYa no tenemos que estar gestionando a\u00f1o con a\u00f1o el acuerdo con CFE; ahora gracias a esta planta, de los ingresos de esa planta, se asignan, en este a\u00f1o son mil 750 millones de pesos para el subsidio de la tarifa el\u00e9ctrica del 2026 y, proviene de los ingresos que genera la planta de energ\u00eda limpia\u201d, subray\u00f3 el mandatario sonorense.<\/p>\n<p>&nbsp;<\/p>\n<p>De manera paralela a su desarrollo, se estableci\u00f3 un subsidio inicial de mil 460 millones de pesos para compensar el impacto de las altas tarifas el\u00e9ctricas que enfrentan las familias sonorenses, lo que permiti\u00f3 brindar alivio econ\u00f3mico a miles de hogares.<\/p>\n<p>&nbsp;<\/p>\n<p>El jefe del Ejecutivo estatal explic\u00f3 que este esquema representa un cambio significativo, ya que ahora el subsidio cuenta con una fuente de financiamiento m\u00e1s estable, proveniente directamente de los ingresos generados por la planta fotovoltaica.<\/p>\n<p>&nbsp;<\/p>\n<p>Para este 2026, se destinar\u00e1n mil 750 millones de pesos para sostener el subsidio a la tarifa el\u00e9ctrica, recursos que derivan de la generaci\u00f3n de energ\u00eda limpia en la entidad, lo que garantiza mayor certidumbre para las y los usuarios.<\/p>\n<p>&nbsp;<\/p>\n<p>El mandatario estatal destac\u00f3 que esta planta solar no solo representa un avance tecnol\u00f3gico y ambiental, sino tambi\u00e9n un respaldo directo a la econom\u00eda familiar, al traducirse en beneficios concretos para los hogares sonorenses.<\/p>\n<p>&nbsp;<\/p>\n<p>A estos esfuerzos se suma el proyecto del gasoducto Amigo LNG, que conectar\u00e1 Naco con Guaymas y permitir\u00e1 la construcci\u00f3n de una planta de licuefacci\u00f3n, fortaleciendo la infraestructura energ\u00e9tica del estado y posicionando a Sonora como un centro estrat\u00e9gico en el sector energ\u00e9tico.<\/p>\n<p>&nbsp;<\/p>\n<p>El gobernador Alfonso Durazo Monta\u00f1o adelant\u00f3 que se proyecta la construcci\u00f3n de un gigawatt adicional de energ\u00eda fotovoltaica, lo que permitir\u00e1 ampliar los beneficios sociales derivados de estos proyectos y continuar fortaleciendo el subsidio a la tarifa el\u00e9ctrica para las familias sonorenses.<\/p>\n<p><strong>Fecha de publicaci\u00f3n s\u00e1bado 7 de marzo de 2026<\/strong><\/p>\n","protected":false},"excerpt":{"rendered":"<p>HERMOSILLO, SONORA, MX. \u2014 Gracias a la visi\u00f3n de desarrollo energ\u00e9tico impulsada por el gobernador&#8230;<\/p>\n","protected":false},"author":1,"featured_media":236812,"comment_status":"open","ping_status":"open","sticky":false,"template":"","format":"standard","meta":{"_monsterinsights_skip_tracking":false,"_monsterinsights_sitenote_active":false,"_monsterinsights_sitenote_note":"","_monsterinsights_sitenote_category":0,"footnotes":""},"categories":[22],"tags":[12448],"class_list":["post"],"yoast_head":" \n<title>Sonora en Equipo. Gobernador Durazo garantiza subsidio hist\u00f3rico a la tarifa el\u00e9ctrica para las familias sonorenses Sonora<\/title>\n<meta name=\"description\" content=\"HERMOSILLO, SONORA, MX. \u2014 Gracias a la visi\u00f3n de desarrollo energ\u00e9tico impulsada por el gobernador Alfonso Durazo Monta\u00f1o, las y los sonorenses cuentan En Sonora en Equipo publicamos toda la informaci\u00f3n de Sonora, M\u00e9xico y el Mundo de manera oportuna y busca que la libertad de expresi\u00f3n sea real. Visita nuestro medio informativo publicado desde Hermosillo, Sonora. %\" \/>\n<meta name=\"robots\" content=\"index, follow, max-snippet:-1, max-image-preview:large, max-video-preview:-1\" \/>\n<link rel=\"canonical\" href=\"https:\/\/www.sonoraenequipo.com.mx\/gobernador-durazo-garantiza-subsidio-historico-a-la-tarifa-electrica-para-las-familias-sonorenses\/\" \/>\n<meta property=\"og:locale\" content=\"es_ES\" \/>\n<meta property=\"og:type\" content=\"article\" \/>\n<meta property=\"og:title\" content=\"Sonora en Equipo. Gobernador Durazo garantiza subsidio hist\u00f3rico a la tarifa el\u00e9ctrica para las familias sonorenses Sonora\" \/>\n<meta property=\"og:description\" content=\"HERMOSILLO, SONORA, MX. \u2014 Gracias a la visi\u00f3n de desarrollo energ\u00e9tico impulsada por el gobernador Alfonso Durazo Monta\u00f1o, las y los sonorenses cuentan En Sonora en Equipo publicamos toda la informaci\u00f3n de Sonora, M\u00e9xico y el Mundo de manera oportuna y busca que la libertad de expresi\u00f3n sea real. Visita nuestro medio informativo publicado desde Hermosillo, Sonora. %\" \/>\n<meta property=\"og:url\" content=\"https:\/\/www.sonoraenequipo.com.mx\/gobernador-durazo-garantiza-subsidio-historico-a-la-tarifa-electrica-para-las-familias-sonorenses\/\" \/>\n<meta property=\"og:site_name\" content=\"Sonora en Equipo.\" \/>\n<meta property=\"article:publisher\" content=\"https:\/\/www.facebook.com\/SonoraEE\/\" \/>\n<meta property=\"article:author\" content=\"https:\/\/www.facebook.com\/SonoraEE\" \/>\n<meta property=\"article:published_time\" content=\"2026-03-08T03:18:15+00:00\" \/>\n<meta property=\"og:image\" content=\"https:\/\/www.sonoraenequipo.com.mx\/storage\/2026\/03\/tarifas.jpg\" \/>\n\t<meta property=\"og:image:width\" content=\"600\" \/>\n\t<meta property=\"og:image:height\" content=\"400\" \/>\n\t<meta property=\"og:image:type\" content=\"image\/jpeg\" \/>\n<meta name=\"author\" content=\"enequipo\" \/>\n<meta name=\"twitter:card\" content=\"summary_large_image\" \/>\n<meta name=\"twitter:creator\" content=\"@sonoraenequipo\" \/>\n<meta name=\"twitter:site\" content=\"@sonoraenequipo\" \/>\n<meta name=\"twitter:label1\" content=\"Escrito por\" \/>\n\t<meta name=\"twitter:data1\" content=\"enequipo\" \/>\n\t<meta name=\"twitter:label2\" content=\"Tiempo de lectura\" \/>\n\t<meta name=\"twitter:data2\" content=\"2 minutos\" \/>\n<script type=\"application\/ld+json\" class=\"yoast-schema-graph\">{\"@context\":\"https:\/\/schema.org\",\"@graph\":[{\"@type\":\"Article\",\"@id\":\"https:\/\/www.sonoraenequipo.com.mx\/gobernador-durazo-garantiza-subsidio-historico-a-la-tarifa-electrica-para-las-familias-sonorenses\/#article\",\"isPartOf\":{\"@id\":\"https:\/\/www.sonoraenequipo.com.mx\/gobernador-durazo-garantiza-subsidio-historico-a-la-tarifa-electrica-para-las-familias-sonorenses\/\"},\"author\":{\"name\":\"enequipo\",\"@id\":\"https:\/\/www.sonoraenequipo.com.mx\/#\/schema\/person\/50102df0fb23a8fa9e8effad8fa81386\"},\"headline\":\"Gobernador Durazo garantiza subsidio hist\u00f3rico a la tarifa el\u00e9ctrica para las familias sonorenses\",\"datePublished\":\"2026-03-08T03:18:15+00:00\",\"mainEntityOfPage\":{\"@id\":\"https:\/\/www.sonoraenequipo.com.mx\/gobernador-durazo-garantiza-subsidio-historico-a-la-tarifa-electrica-para-las-familias-sonorenses\/\"},\"wordCount\":461,\"commentCount\":0,\"publisher\":{\"@id\":\"https:\/\/www.sonoraenequipo.com.mx\/#organization\"},\"image\":{\"@id\":\"https:\/\/www.sonoraenequipo.com.mx\/gobernador-durazo-garantiza-subsidio-historico-a-la-tarifa-electrica-para-las-familias-sonorenses\/#primaryimage\"},\"thumbnailUrl\":\"https:\/\/www.sonoraenequipo.com.mx\/storage\/2026\/03\/tarifas.jpg\",\"keywords\":[\"subsidio tarifas el\u00e9ctricas\"],\"articleSection\":[\"Sonora\"],\"inLanguage\":\"es\",\"potentialAction\":[{\"@type\":\"CommentAction\",\"name\":\"Comment\",\"target\":[\"https:\/\/www.sonoraenequipo.com.mx\/gobernador-durazo-garantiza-subsidio-historico-a-la-tarifa-electrica-para-las-familias-sonorenses\/#respond\"]}]},{\"@type\":\"WebPage\",\"@id\":\"https:\/\/www.sonoraenequipo.com.mx\/gobernador-durazo-garantiza-subsidio-historico-a-la-tarifa-electrica-para-las-familias-sonorenses\/\",\"url\":\"https:\/\/www.sonoraenequipo.com.mx\/gobernador-durazo-garantiza-subsidio-historico-a-la-tarifa-electrica-para-las-familias-sonorenses\/\",\"name\":\"Sonora en Equipo. Gobernador Durazo garantiza subsidio hist\u00f3rico a la tarifa el\u00e9ctrica para las familias sonorenses Sonora\",\"isPartOf\":{\"@id\":\"https:\/\/www.sonoraenequipo.com.mx\/#website\"},\"primaryImageOfPage\":{\"@id\":\"https:\/\/www.sonoraenequipo.com.mx\/gobernador-durazo-garantiza-subsidio-historico-a-la-tarifa-electrica-para-las-familias-sonorenses\/#primaryimage\"},\"image\":{\"@id\":\"https:\/\/www.sonoraenequipo.com.mx\/gobernador-durazo-garantiza-subsidio-historico-a-la-tarifa-electrica-para-las-familias-sonorenses\/#primaryimage\"},\"thumbnailUrl\":\"https:\/\/www.sonoraenequipo.com.mx\/storage\/2026\/03\/tarifas.jpg\",\"datePublished\":\"2026-03-08T03:18:15+00:00\",\"description\":\"HERMOSILLO, SONORA, MX. \u2014 Gracias a la visi\u00f3n de desarrollo energ\u00e9tico impulsada por el gobernador Alfonso Durazo Monta\u00f1o, las y los sonorenses cuentan En Sonora en Equipo publicamos toda la informaci\u00f3n de Sonora, M\u00e9xico y el Mundo de manera oportuna y busca que la libertad de expresi\u00f3n sea real. Visita nuestro medio informativo publicado desde Hermosillo, Sonora. %\",\"breadcrumb\":{\"@id\":\"https:\/\/www.sonoraenequipo.com.mx\/gobernador-durazo-garantiza-subsidio-historico-a-la-tarifa-electrica-para-las-familias-sonorenses\/#breadcrumb\"},\"inLanguage\":\"es\",\"potentialAction\":[{\"@type\":\"ReadAction\",\"target\":[\"https:\/\/www.sonoraenequipo.com.mx\/gobernador-durazo-garantiza-subsidio-historico-a-la-tarifa-electrica-para-las-familias-sonorenses\/\"]}]},{\"@type\":\"ImageObject\",\"inLanguage\":\"es\",\"@id\":\"https:\/\/www.sonoraenequipo.com.mx\/gobernador-durazo-garantiza-subsidio-historico-a-la-tarifa-electrica-para-las-familias-sonorenses\/#primaryimage\",\"url\":\"https:\/\/www.sonoraenequipo.com.mx\/storage\/2026\/03\/tarifas.jpg\",\"contentUrl\":\"https:\/\/www.sonoraenequipo.com.mx\/storage\/2026\/03\/tarifas.jpg\",\"width\":600,\"height\":400},{\"@type\":\"BreadcrumbList\",\"@id\":\"https:\/\/www.sonoraenequipo.com.mx\/gobernador-durazo-garantiza-subsidio-historico-a-la-tarifa-electrica-para-las-familias-sonorenses\/#breadcrumb\",\"itemListElement\":[{\"@type\":\"ListItem\",\"position\":1,\"name\":\"Portada\",\"item\":\"https:\/\/www.sonoraenequipo.com.mx\/\"},{\"@type\":\"ListItem\",\"position\":2,\"name\":\"Gobernador Durazo garantiza subsidio hist\u00f3rico a la tarifa el\u00e9ctrica para las familias sonorenses\"}]},{\"@type\":\"WebSite\",\"@id\":\"https:\/\/www.sonoraenequipo.com.mx\/#website\",\"url\":\"https:\/\/www.sonoraenequipo.com.mx\/\",\"name\":\"Sonora en Equipo.\",\"description\":\"Diario en l\u00ednea con Noticias desde Hermosillo, Sonora\",\"publisher\":{\"@id\":\"https:\/\/www.sonoraenequipo.com.mx\/#organization\"},\"potentialAction\":[{\"@type\":\"SearchAction\",\"target\":{\"@type\":\"EntryPoint\",\"urlTemplate\":\"https:\/\/www.sonoraenequipo.com.mx\/?s={search_term_string}\"},\"query-input\":{\"@type\":\"PropertyValueSpecification\",\"valueRequired\":true,\"valueName\":\"search_term_string\"}}],\"inLanguage\":\"es\"},{\"@type\":\"Organization\",\"@id\":\"https:\/\/www.sonoraenequipo.com.mx\/#organization\",\"name\":\"Sonoraenequipo.com.mx\",\"url\":\"https:\/\/www.sonoraenequipo.com.mx\/\",\"logo\":{\"@type\":\"ImageObject\",\"inLanguage\":\"es\",\"@id\":\"https:\/\/www.sonoraenequipo.com.mx\/#\/schema\/logo\/image\/\",\"url\":\"https:\/\/www.sonoraenequipo.com.mx\/storage\/2019\/01\/sonoraenequipo_opt.png\",\"contentUrl\":\"https:\/\/www.sonoraenequipo.com.mx\/storage\/2019\/01\/sonoraenequipo_opt.png\",\"width\":375,\"height\":125,\"caption\":\"Sonoraenequipo.com.mx\"},\"image\":{\"@id\":\"https:\/\/www.sonoraenequipo.com.mx\/#\/schema\/logo\/image\/\"},\"sameAs\":[\"https:\/\/www.facebook.com\/SonoraEE\/\",\"https:\/\/x.com\/sonoraenequipo\",\"https:\/\/www.youtube.com\/channel\/UC338nW-lPEYmJQs4ZABQ1SQ\"]},{\"@type\":\"Person\",\"@id\":\"https:\/\/www.sonoraenequipo.com.mx\/#\/schema\/person\/50102df0fb23a8fa9e8effad8fa81386\",\"name\":\"enequipo\",\"image\":{\"@type\":\"ImageObject\",\"inLanguage\":\"es\",\"@id\":\"https:\/\/www.sonoraenequipo.com.mx\/#\/schema\/person\/image\/\",\"url\":\"https:\/\/secure.gravatar.com\/avatar\/049821681b589dabc0bc20695993ccebb09f5b5d4d790cd9251b97faac7c652b?s=96&d=blank&r=g\",\"contentUrl\":\"https:\/\/secure.gravatar.com\/avatar\/049821681b589dabc0bc20695993ccebb09f5b5d4d790cd9251b97faac7c652b?s=96&d=blank&r=g\",\"caption\":\"enequipo\"},\"sameAs\":[\"https:\/\/www.facebook.com\/SonoraEE\"]}]}<\/script>\n ","yoast_head_json":{"title":"Sonora en Equipo. Gobernador Durazo garantiza subsidio hist\u00f3rico a la tarifa el\u00e9ctrica para las familias sonorenses Sonora","description":"HERMOSILLO, SONORA, MX. \u2014 Gracias a la visi\u00f3n de desarrollo energ\u00e9tico impulsada por el gobernador Alfonso Durazo Monta\u00f1o, las y los sonorenses cuentan En Sonora en Equipo publicamos toda la informaci\u00f3n de Sonora, M\u00e9xico y el Mundo de manera oportuna y busca que la libertad de expresi\u00f3n sea real. Visita nuestro medio informativo publicado desde Hermosillo, Sonora. %","robots":{"index":"index","follow":"follow","max-snippet":"max-snippet:-1","max-image-preview":"max-image-preview:large","max-video-preview":"max-video-preview:-1"},"canonical":"https:\/\/www.sonoraenequipo.com.mx\/gobernador-durazo-garantiza-subsidio-historico-a-la-tarifa-electrica-para-las-familias-sonorenses\/","og_locale":"es_ES","og_type":"article","og_title":"Sonora en Equipo. Gobernador Durazo garantiza subsidio hist\u00f3rico a la tarifa el\u00e9ctrica para las familias sonorenses Sonora","og_description":"HERMOSILLO, SONORA, MX. \u2014 Gracias a la visi\u00f3n de desarrollo energ\u00e9tico impulsada por el gobernador Alfonso Durazo Monta\u00f1o, las y los sonorenses cuentan En Sonora en Equipo publicamos toda la informaci\u00f3n de Sonora, M\u00e9xico y el Mundo de manera oportuna y busca que la libertad de expresi\u00f3n sea real. Visita nuestro medio informativo publicado desde Hermosillo, Sonora. %","og_url":"https:\/\/www.sonoraenequipo.com.mx\/gobernador-durazo-garantiza-subsidio-historico-a-la-tarifa-electrica-para-las-familias-sonorenses\/","og_site_name":"Sonora en Equipo.","article_publisher":"https:\/\/www.facebook.com\/SonoraEE\/","article_author":"https:\/\/www.facebook.com\/SonoraEE","article_published_time":"2026-03-08T03:18:15+00:00","og_image":[{"width":600,"height":400,"url":"https:\/\/www.sonoraenequipo.com.mx\/storage\/2026\/03\/tarifas.jpg","type":"image\/jpeg"}],"author":"enequipo","twitter_card":"summary_large_image","twitter_creator":"@sonoraenequipo","twitter_site":"@sonoraenequipo","twitter_misc":{"Escrito por":"enequipo","Tiempo de lectura":"2 minutos"},"schema":{"@context":"https:\/\/schema.org","@graph":[{"@type":"Article","@id":"https:\/\/www.sonoraenequipo.com.mx\/gobernador-durazo-garantiza-subsidio-historico-a-la-tarifa-electrica-para-las-familias-sonorenses\/#article","isPartOf":{"@id":"https:\/\/www.sonoraenequipo.com.mx\/gobernador-durazo-garantiza-subsidio-historico-a-la-tarifa-electrica-para-las-familias-sonorenses\/"},"author":{"name":"enequipo","@id":"https:\/\/www.sonoraenequipo.com.mx\/#\/schema\/person\/50102df0fb23a8fa9e8effad8fa81386"},"headline":"Gobernador Durazo garantiza subsidio hist\u00f3rico a la tarifa el\u00e9ctrica para las familias sonorenses","datePublished":"2026-03-08T03:18:15+00:00","mainEntityOfPage":{"@id":"https:\/\/www.sonoraenequipo.com.mx\/gobernador-durazo-garantiza-subsidio-historico-a-la-tarifa-electrica-para-las-familias-sonorenses\/"},"wordCount":461,"commentCount":0,"publisher":{"@id":"https:\/\/www.sonoraenequipo.com.mx\/#organization"},"image":{"@id":"https:\/\/www.sonoraenequipo.com.mx\/gobernador-durazo-garantiza-subsidio-historico-a-la-tarifa-electrica-para-las-familias-sonorenses\/#primaryimage"},"thumbnailUrl":"https:\/\/www.sonoraenequipo.com.mx\/storage\/2026\/03\/tarifas.jpg","keywords":["subsidio tarifas el\u00e9ctricas"],"articleSection":["Sonora"],"inLanguage":"es","potentialAction":[{"@type":"CommentAction","name":"Comment","target":["https:\/\/www.sonoraenequipo.com.mx\/gobernador-durazo-garantiza-subsidio-historico-a-la-tarifa-electrica-para-las-familias-sonorenses\/#respond"]}]},{"@type":"WebPage","@id":"https:\/\/www.sonoraenequipo.com.mx\/gobernador-durazo-garantiza-subsidio-historico-a-la-tarifa-electrica-para-las-familias-sonorenses\/","url":"https:\/\/www.sonoraenequipo.com.mx\/gobernador-durazo-garantiza-subsidio-historico-a-la-tarifa-electrica-para-las-familias-sonorenses\/","name":"Sonora en Equipo. Gobernador Durazo garantiza subsidio hist\u00f3rico a la tarifa el\u00e9ctrica para las familias sonorenses Sonora","isPartOf":{"@id":"https:\/\/www.sonoraenequipo.com.mx\/#website"},"primaryImageOfPage":{"@id":"https:\/\/www.sonoraenequipo.com.mx\/gobernador-durazo-garantiza-subsidio-historico-a-la-tarifa-electrica-para-las-familias-sonorenses\/#primaryimage"},"image":{"@id":"https:\/\/www.sonoraenequipo.com.mx\/gobernador-durazo-garantiza-subsidio-historico-a-la-tarifa-electrica-para-las-familias-sonorenses\/#primaryimage"},"thumbnailUrl":"https:\/\/www.sonoraenequipo.com.mx\/storage\/2026\/03\/tarifas.jpg","datePublished":"2026-03-08T03:18:15+00:00","description":"HERMOSILLO, SONORA, MX. \u2014 Gracias a la visi\u00f3n de desarrollo energ\u00e9tico impulsada por el gobernador Alfonso Durazo Monta\u00f1o, las y los sonorenses cuentan En Sonora en Equipo publicamos toda la informaci\u00f3n de Sonora, M\u00e9xico y el Mundo de manera oportuna y busca que la libertad de expresi\u00f3n sea real. Visita nuestro medio informativo publicado desde Hermosillo, Sonora. %","breadcrumb":{"@id":"https:\/\/www.sonoraenequipo.com.mx\/gobernador-durazo-garantiza-subsidio-historico-a-la-tarifa-electrica-para-las-familias-sonorenses\/#breadcrumb"},"inLanguage":"es","potentialAction":[{"@type":"ReadAction","target":["https:\/\/www.sonoraenequipo.com.mx\/gobernador-durazo-garantiza-subsidio-historico-a-la-tarifa-electrica-para-las-familias-sonorenses\/"]}]},{"@type":"ImageObject","inLanguage":"es","@id":"https:\/\/www.sonoraenequipo.com.mx\/gobernador-durazo-garantiza-subsidio-historico-a-la-tarifa-electrica-para-las-familias-sonorenses\/#primaryimage","url":"https:\/\/www.sonoraenequipo.com.mx\/storage\/2026\/03\/tarifas.jpg","contentUrl":"https:\/\/www.sonoraenequipo.com.mx\/storage\/2026\/03\/tarifas.jpg","width":600,"height":400},{"@type":"BreadcrumbList","@id":"https:\/\/www.sonoraenequipo.com.mx\/gobernador-durazo-garantiza-subsidio-historico-a-la-tarifa-electrica-para-las-familias-sonorenses\/#breadcrumb","itemListElement":[{"@type":"ListItem","position":1,"name":"Portada","item":"https:\/\/www.sonoraenequipo.com.mx\/"},{"@type":"ListItem","position":2,"name":"Gobernador Durazo garantiza subsidio hist\u00f3rico a la tarifa el\u00e9ctrica para las familias sonorenses"}]},{"@type":"WebSite","@id":"https:\/\/www.sonoraenequipo.com.mx\/#website","url":"https:\/\/www.sonoraenequipo.com.mx\/","name":"Sonora en Equipo.","description":"Diario en l\u00ednea con Noticias desde Hermosillo, Sonora","publisher":{"@id":"https:\/\/www.sonoraenequipo.com.mx\/#organization"},"potentialAction":[{"@type":"SearchAction","target":{"@type":"EntryPoint","urlTemplate":"https:\/\/www.sonoraenequipo.com.mx\/?s={search_term_string}"},"query-input":{"@type":"PropertyValueSpecification","valueRequired":true,"valueName":"search_term_string"}}],"inLanguage":"es"},{"@type":"Organization","@id":"https:\/\/www.sonoraenequipo.com.mx\/#organization","name":"Sonoraenequipo.com.mx","url":"https:\/\/www.sonoraenequipo.com.mx\/","logo":{"@type":"ImageObject","inLanguage":"es","@id":"https:\/\/www.sonoraenequipo.com.mx\/#\/schema\/logo\/image\/","url":"https:\/\/www.sonoraenequipo.com.mx\/storage\/2019\/01\/sonoraenequipo_opt.png","contentUrl":"https:\/\/www.sonoraenequipo.com.mx\/storage\/2019\/01\/sonoraenequipo_opt.png","width":375,"height":125,"caption":"Sonoraenequipo.com.mx"},"image":{"@id":"https:\/\/www.sonoraenequipo.com.mx\/#\/schema\/logo\/image\/"},"sameAs":["https:\/\/www.facebook.com\/SonoraEE\/","https:\/\/x.com\/sonoraenequipo","https:\/\/www.youtube.com\/channel\/UC338nW-lPEYmJQs4ZABQ1SQ"]},{"@type":"Person","@id":"https:\/\/www.sonoraenequipo.com.mx\/#\/schema\/person\/50102df0fb23a8fa9e8effad8fa81386","name":"enequipo","image":{"@type":"ImageObject","inLanguage":"es","@id":"https:\/\/www.sonoraenequipo.com.mx\/#\/schema\/person\/image\/","url":"https:\/\/secure.gravatar.com\/avatar\/049821681b589dabc0bc20695993ccebb09f5b5d4d790cd9251b97faac7c652b?s=96&d=blank&r=g","contentUrl":"https:\/\/secure.gravatar.com\/avatar\/049821681b589dabc0bc20695993ccebb09f5b5d4d790cd9251b97faac7c652b?s=96&d=blank&r=g","caption":"enequipo"},"sameAs":["https:\/\/www.facebook.com\/SonoraEE"]}]}},"jetpack_featured_media_url":"https:\/\/www.sonoraenequipo.com.mx\/storage\/2026\/03\/tarifas.jpg","_links":{"self":[{"href":"https:\/\/www.sonoraenequipo.com.mx\/api\/wp\/v2\/posts\/236811","targetHints":{"allow":["GET"]}}],"collection":[{"href":"https:\/\/www.sonoraenequipo.com.mx\/api\/wp\/v2\/posts"}],"about":[{"href":"https:\/\/www.sonoraenequipo.com.mx\/api\/wp\/v2\/types\/post"}],"author":[{"embeddable":true,"href":"https:\/\/www.sonoraenequipo.com.mx\/api\/wp\/v2\/users\/1"}],"replies":[{"embeddable":true,"href":"https:\/\/www.sonoraenequipo.com.mx\/api\/wp\/v2\/comments?post=236811"}],"version-history":[{"count":1,"href":"https:\/\/www.sonoraenequipo.com.mx\/api\/wp\/v2\/posts\/236811\/revisions"}],"predecessor-version":[{"id":236813,"href":"https:\/\/www.sonoraenequipo.com.mx\/api\/wp\/v2\/posts\/236811\/revisions\/236813"}],"wp:featuredmedia":[{"embeddable":true,"href":"https:\/\/www.sonoraenequipo.com.mx\/api\/wp\/v2\/media\/236812"}],"wp:attachment":[{"href":"https:\/\/www.sonoraenequipo.com.mx\/api\/wp\/v2\/media?parent=236811"}],"wp:term":[{"taxonomy":"category","embeddable":true,"href":"https:\/\/www.sonoraenequipo.com.mx\/api\/wp\/v2\/categories?post=236811"},{"taxonomy":"post_tag","embeddable":true,"href":"https:\/\/www.sonoraenequipo.com.mx\/api\/wp\/v2\/tags?post=236811"}],"curies":[{"name":"wp","href":"https:\/\/api.w.org\/{rel}","templated":true}]}}