{"id":236840,"date":"2026-03-08T14:29:33","date_gmt":"2026-03-08T21:29:33","guid":{"rendered":"https:\/\/www.sonoraenequipo.com.mx\/?p=236840"},"modified":"2026-03-08T14:29:33","modified_gmt":"2026-03-08T21:29:33","slug":"iran-elige-sucesor-de-jamenei-pero-no-revelan-aun-nombre","status":"publish","type":"post","link":"https:\/\/www.sonoraenequipo.com.mx\/iran-elige-sucesor-de-jamenei-pero-no-revelan-aun-nombre\/","title":{"rendered":"Ir\u00e1n elige sucesor de Jamenei pero no revelan a\u00fan nombre"},"content":{"rendered":"<p>Varios miembros de la Asamblea de Expertos de Ir\u00e1n aseguraron este domingo (08.03.2026) que ya fue elegido el nuevo l\u00edder supremo del pa\u00eds, sucesor del asesinado ayatola Ali Jamenei, aunque no anunciaron p\u00fablicamente su nombre. \u00abEl voto para designar al gu\u00eda tuvo lugar y el gu\u00eda fue elegido\u00bb, declar\u00f3 Ahmad Alamolhoda, miembro de la asamblea de expertos, citado por la agencia de noticias Mehr.<\/p>\n<p>&nbsp;<\/p>\n<p>Alamolhoda, miembro del cuerpo formado por 88 cl\u00e9rigos que se elige en las urnas cada cuatro a\u00f1os y que se encarga de la designaci\u00f3n del l\u00edder supremo, se\u00f1al\u00f3 que el nombre del elegido ser\u00e1 revelado m\u00e1s tarde. Corresponde ahora al ayatola Hashem Hosseini Bushehri, responsable de la secretar\u00eda de la Asamblea de Expertos, \u00abanunciar p\u00fablicamente la decisi\u00f3n\u00bb de los cl\u00e9rigos.<\/p>\n<p>&nbsp;<\/p>\n<p>El ayatol\u00e1 Kamal Heydari asegur\u00f3, por su parte, que \u00abse ha elegido a la mejor opci\u00f3n, aprobada por la mayor\u00eda de la Asamblea de Expertos, y el Gran Sat\u00e1n (Estados Unidos) tambi\u00e9n lo ha mencionado\u00bb, de lo que se desprende que el elegido podr\u00eda ser el hijo de Jamenei, Mojtaba Jamenei. Otro miembro del \u00f3rgano, Mohamad Mehdi Mirbagheri, confirm\u00f3 que se ha adoptado una \u00abopini\u00f3n firme, que refleja la posici\u00f3n mayoritaria\u00bb.<\/p>\n<p>&nbsp;<\/p>\n<p><strong>Presiones internas<\/strong><\/p>\n<p>Hossein Mozaffari, uno de los miembros de la Asamblea de Expertos, dijo el s\u00e1bado que esperaba que el sustituto de Jamenei fuera elegido en las pr\u00f3ximas 24 horas. Lo hizo despu\u00e9s de que dos ayatolas conocidos del pa\u00eds, Hosein Nuri Hamedani y Abdolkarim Abedini, urgieran a acelerar la elecci\u00f3n del l\u00edder supremo. Las presiones para acelerar el proceso tambi\u00e9n llegaron desde el Parlamento.<\/p>\n<p>&nbsp;<\/p>\n<p>Poco antes de conocerse la elecci\u00f3n del nuevo l\u00edder supremo, las Fuerzas Armadas de Israel hab\u00edan reiterado que atacar\u00e1n a quien haya sido elegido, as\u00ed como tambi\u00e9n \u00aba toda persona que busque designar a un sucesor\u00bb. El l\u00edder supremo es el cargo de m\u00e1xima autoridad pol\u00edtica y religiosa en Ir\u00e1n y tiene la \u00faltima palabra sobre todos los asuntos del Estado.<\/p>\n<p><strong>Fecha de publicaci\u00f3n domingo 8 de marzo de 2026\/DW<\/strong><\/p>\n","protected":false},"excerpt":{"rendered":"<p>Varios miembros de la Asamblea de Expertos de Ir\u00e1n aseguraron este domingo (08.03.2026) que ya&#8230;<\/p>\n","protected":false},"author":1,"featured_media":232462,"comment_status":"open","ping_status":"open","sticky":false,"template":"","format":"standard","meta":{"_monsterinsights_skip_tracking":false,"_monsterinsights_sitenote_active":false,"_monsterinsights_sitenote_note":"","_monsterinsights_sitenote_category":0,"footnotes":""},"categories":[3],"tags":[986],"class_list":["post"],"yoast_head":" \n<title>Sonora en Equipo. Ir\u00e1n elige sucesor de Jamenei pero no revelan a\u00fan nombre MUNDO<\/title>\n<meta name=\"description\" content=\"Varios miembros de la Asamblea de Expertos de Ir\u00e1n aseguraron este domingo (08.03.2026) que ya fue elegido el nuevo l\u00edder supremo del pa\u00eds, sucesor del En Sonora en Equipo publicamos toda la informaci\u00f3n de Sonora, M\u00e9xico y el Mundo de manera oportuna y busca que la libertad de expresi\u00f3n sea real. Visita nuestro medio informativo publicado desde Hermosillo, Sonora. %\" \/>\n<meta name=\"robots\" content=\"index, follow, max-snippet:-1, max-image-preview:large, max-video-preview:-1\" \/>\n<link rel=\"canonical\" href=\"https:\/\/www.sonoraenequipo.com.mx\/iran-elige-sucesor-de-jamenei-pero-no-revelan-aun-nombre\/\" \/>\n<meta property=\"og:locale\" content=\"es_ES\" \/>\n<meta property=\"og:type\" content=\"article\" \/>\n<meta property=\"og:title\" content=\"Sonora en Equipo. Ir\u00e1n elige sucesor de Jamenei pero no revelan a\u00fan nombre MUNDO\" \/>\n<meta property=\"og:description\" content=\"Varios miembros de la Asamblea de Expertos de Ir\u00e1n aseguraron este domingo (08.03.2026) que ya fue elegido el nuevo l\u00edder supremo del pa\u00eds, sucesor del En Sonora en Equipo publicamos toda la informaci\u00f3n de Sonora, M\u00e9xico y el Mundo de manera oportuna y busca que la libertad de expresi\u00f3n sea real. Visita nuestro medio informativo publicado desde Hermosillo, Sonora. %\" \/>\n<meta property=\"og:url\" content=\"https:\/\/www.sonoraenequipo.com.mx\/iran-elige-sucesor-de-jamenei-pero-no-revelan-aun-nombre\/\" \/>\n<meta property=\"og:site_name\" content=\"Sonora en Equipo.\" \/>\n<meta property=\"article:publisher\" content=\"https:\/\/www.facebook.com\/SonoraEE\/\" \/>\n<meta property=\"article:author\" content=\"https:\/\/www.facebook.com\/SonoraEE\" \/>\n<meta property=\"article:published_time\" content=\"2026-03-08T21:29:33+00:00\" \/>\n<meta property=\"og:image\" content=\"https:\/\/www.sonoraenequipo.com.mx\/storage\/2026\/01\/Jamenei-comenta-que-los-manifestantes-deben-ser-puestos-en-su-sitio-min.jpg\" \/>\n\t<meta property=\"og:image:width\" content=\"1000\" \/>\n\t<meta property=\"og:image:height\" content=\"562\" \/>\n\t<meta property=\"og:image:type\" content=\"image\/jpeg\" \/>\n<meta name=\"author\" content=\"enequipo\" \/>\n<meta name=\"twitter:card\" content=\"summary_large_image\" \/>\n<meta name=\"twitter:creator\" content=\"@sonoraenequipo\" \/>\n<meta name=\"twitter:site\" content=\"@sonoraenequipo\" \/>\n<meta name=\"twitter:label1\" content=\"Escrito por\" \/>\n\t<meta name=\"twitter:data1\" content=\"enequipo\" \/>\n\t<meta name=\"twitter:label2\" content=\"Tiempo de lectura\" \/>\n\t<meta name=\"twitter:data2\" content=\"2 minutos\" \/>\n<script type=\"application\/ld+json\" class=\"yoast-schema-graph\">{\"@context\":\"https:\/\/schema.org\",\"@graph\":[{\"@type\":\"Article\",\"@id\":\"https:\/\/www.sonoraenequipo.com.mx\/iran-elige-sucesor-de-jamenei-pero-no-revelan-aun-nombre\/#article\",\"isPartOf\":{\"@id\":\"https:\/\/www.sonoraenequipo.com.mx\/iran-elige-sucesor-de-jamenei-pero-no-revelan-aun-nombre\/\"},\"author\":{\"name\":\"enequipo\",\"@id\":\"https:\/\/www.sonoraenequipo.com.mx\/#\/schema\/person\/50102df0fb23a8fa9e8effad8fa81386\"},\"headline\":\"Ir\u00e1n elige sucesor de Jamenei pero no revelan a\u00fan nombre\",\"datePublished\":\"2026-03-08T21:29:33+00:00\",\"mainEntityOfPage\":{\"@id\":\"https:\/\/www.sonoraenequipo.com.mx\/iran-elige-sucesor-de-jamenei-pero-no-revelan-aun-nombre\/\"},\"wordCount\":382,\"commentCount\":0,\"publisher\":{\"@id\":\"https:\/\/www.sonoraenequipo.com.mx\/#organization\"},\"image\":{\"@id\":\"https:\/\/www.sonoraenequipo.com.mx\/iran-elige-sucesor-de-jamenei-pero-no-revelan-aun-nombre\/#primaryimage\"},\"thumbnailUrl\":\"https:\/\/www.sonoraenequipo.com.mx\/storage\/2026\/01\/Jamenei-comenta-que-los-manifestantes-deben-ser-puestos-en-su-sitio-min.jpg\",\"keywords\":[\"Iran\"],\"articleSection\":[\"MUNDO\"],\"inLanguage\":\"es\",\"potentialAction\":[{\"@type\":\"CommentAction\",\"name\":\"Comment\",\"target\":[\"https:\/\/www.sonoraenequipo.com.mx\/iran-elige-sucesor-de-jamenei-pero-no-revelan-aun-nombre\/#respond\"]}]},{\"@type\":\"WebPage\",\"@id\":\"https:\/\/www.sonoraenequipo.com.mx\/iran-elige-sucesor-de-jamenei-pero-no-revelan-aun-nombre\/\",\"url\":\"https:\/\/www.sonoraenequipo.com.mx\/iran-elige-sucesor-de-jamenei-pero-no-revelan-aun-nombre\/\",\"name\":\"Sonora en Equipo. Ir\u00e1n elige sucesor de Jamenei pero no revelan a\u00fan nombre MUNDO\",\"isPartOf\":{\"@id\":\"https:\/\/www.sonoraenequipo.com.mx\/#website\"},\"primaryImageOfPage\":{\"@id\":\"https:\/\/www.sonoraenequipo.com.mx\/iran-elige-sucesor-de-jamenei-pero-no-revelan-aun-nombre\/#primaryimage\"},\"image\":{\"@id\":\"https:\/\/www.sonoraenequipo.com.mx\/iran-elige-sucesor-de-jamenei-pero-no-revelan-aun-nombre\/#primaryimage\"},\"thumbnailUrl\":\"https:\/\/www.sonoraenequipo.com.mx\/storage\/2026\/01\/Jamenei-comenta-que-los-manifestantes-deben-ser-puestos-en-su-sitio-min.jpg\",\"datePublished\":\"2026-03-08T21:29:33+00:00\",\"description\":\"Varios miembros de la Asamblea de Expertos de Ir\u00e1n aseguraron este domingo (08.03.2026) que ya fue elegido el nuevo l\u00edder supremo del pa\u00eds, sucesor del En Sonora en Equipo publicamos toda la informaci\u00f3n de Sonora, M\u00e9xico y el Mundo de manera oportuna y busca que la libertad de expresi\u00f3n sea real. Visita nuestro medio informativo publicado desde Hermosillo, Sonora. %\",\"breadcrumb\":{\"@id\":\"https:\/\/www.sonoraenequipo.com.mx\/iran-elige-sucesor-de-jamenei-pero-no-revelan-aun-nombre\/#breadcrumb\"},\"inLanguage\":\"es\",\"potentialAction\":[{\"@type\":\"ReadAction\",\"target\":[\"https:\/\/www.sonoraenequipo.com.mx\/iran-elige-sucesor-de-jamenei-pero-no-revelan-aun-nombre\/\"]}]},{\"@type\":\"ImageObject\",\"inLanguage\":\"es\",\"@id\":\"https:\/\/www.sonoraenequipo.com.mx\/iran-elige-sucesor-de-jamenei-pero-no-revelan-aun-nombre\/#primaryimage\",\"url\":\"https:\/\/www.sonoraenequipo.com.mx\/storage\/2026\/01\/Jamenei-comenta-que-los-manifestantes-deben-ser-puestos-en-su-sitio-min.jpg\",\"contentUrl\":\"https:\/\/www.sonoraenequipo.com.mx\/storage\/2026\/01\/Jamenei-comenta-que-los-manifestantes-deben-ser-puestos-en-su-sitio-min.jpg\",\"width\":1000,\"height\":562},{\"@type\":\"BreadcrumbList\",\"@id\":\"https:\/\/www.sonoraenequipo.com.mx\/iran-elige-sucesor-de-jamenei-pero-no-revelan-aun-nombre\/#breadcrumb\",\"itemListElement\":[{\"@type\":\"ListItem\",\"position\":1,\"name\":\"Portada\",\"item\":\"https:\/\/www.sonoraenequipo.com.mx\/\"},{\"@type\":\"ListItem\",\"position\":2,\"name\":\"Ir\u00e1n elige sucesor de Jamenei pero no revelan a\u00fan nombre\"}]},{\"@type\":\"WebSite\",\"@id\":\"https:\/\/www.sonoraenequipo.com.mx\/#website\",\"url\":\"https:\/\/www.sonoraenequipo.com.mx\/\",\"name\":\"Sonora en Equipo.\",\"description\":\"Diario en l\u00ednea con Noticias desde Hermosillo, Sonora\",\"publisher\":{\"@id\":\"https:\/\/www.sonoraenequipo.com.mx\/#organization\"},\"potentialAction\":[{\"@type\":\"SearchAction\",\"target\":{\"@type\":\"EntryPoint\",\"urlTemplate\":\"https:\/\/www.sonoraenequipo.com.mx\/?s={search_term_string}\"},\"query-input\":{\"@type\":\"PropertyValueSpecification\",\"valueRequired\":true,\"valueName\":\"search_term_string\"}}],\"inLanguage\":\"es\"},{\"@type\":\"Organization\",\"@id\":\"https:\/\/www.sonoraenequipo.com.mx\/#organization\",\"name\":\"Sonoraenequipo.com.mx\",\"url\":\"https:\/\/www.sonoraenequipo.com.mx\/\",\"logo\":{\"@type\":\"ImageObject\",\"inLanguage\":\"es\",\"@id\":\"https:\/\/www.sonoraenequipo.com.mx\/#\/schema\/logo\/image\/\",\"url\":\"https:\/\/www.sonoraenequipo.com.mx\/storage\/2019\/01\/sonoraenequipo_opt.png\",\"contentUrl\":\"https:\/\/www.sonoraenequipo.com.mx\/storage\/2019\/01\/sonoraenequipo_opt.png\",\"width\":375,\"height\":125,\"caption\":\"Sonoraenequipo.com.mx\"},\"image\":{\"@id\":\"https:\/\/www.sonoraenequipo.com.mx\/#\/schema\/logo\/image\/\"},\"sameAs\":[\"https:\/\/www.facebook.com\/SonoraEE\/\",\"https:\/\/x.com\/sonoraenequipo\",\"https:\/\/www.youtube.com\/channel\/UC338nW-lPEYmJQs4ZABQ1SQ\"]},{\"@type\":\"Person\",\"@id\":\"https:\/\/www.sonoraenequipo.com.mx\/#\/schema\/person\/50102df0fb23a8fa9e8effad8fa81386\",\"name\":\"enequipo\",\"image\":{\"@type\":\"ImageObject\",\"inLanguage\":\"es\",\"@id\":\"https:\/\/www.sonoraenequipo.com.mx\/#\/schema\/person\/image\/\",\"url\":\"https:\/\/secure.gravatar.com\/avatar\/049821681b589dabc0bc20695993ccebb09f5b5d4d790cd9251b97faac7c652b?s=96&d=blank&r=g\",\"contentUrl\":\"https:\/\/secure.gravatar.com\/avatar\/049821681b589dabc0bc20695993ccebb09f5b5d4d790cd9251b97faac7c652b?s=96&d=blank&r=g\",\"caption\":\"enequipo\"},\"sameAs\":[\"https:\/\/www.facebook.com\/SonoraEE\"]}]}<\/script>\n ","yoast_head_json":{"title":"Sonora en Equipo. Ir\u00e1n elige sucesor de Jamenei pero no revelan a\u00fan nombre MUNDO","description":"Varios miembros de la Asamblea de Expertos de Ir\u00e1n aseguraron este domingo (08.03.2026) que ya fue elegido el nuevo l\u00edder supremo del pa\u00eds, sucesor del En Sonora en Equipo publicamos toda la informaci\u00f3n de Sonora, M\u00e9xico y el Mundo de manera oportuna y busca que la libertad de expresi\u00f3n sea real. Visita nuestro medio informativo publicado desde Hermosillo, Sonora. %","robots":{"index":"index","follow":"follow","max-snippet":"max-snippet:-1","max-image-preview":"max-image-preview:large","max-video-preview":"max-video-preview:-1"},"canonical":"https:\/\/www.sonoraenequipo.com.mx\/iran-elige-sucesor-de-jamenei-pero-no-revelan-aun-nombre\/","og_locale":"es_ES","og_type":"article","og_title":"Sonora en Equipo. Ir\u00e1n elige sucesor de Jamenei pero no revelan a\u00fan nombre MUNDO","og_description":"Varios miembros de la Asamblea de Expertos de Ir\u00e1n aseguraron este domingo (08.03.2026) que ya fue elegido el nuevo l\u00edder supremo del pa\u00eds, sucesor del En Sonora en Equipo publicamos toda la informaci\u00f3n de Sonora, M\u00e9xico y el Mundo de manera oportuna y busca que la libertad de expresi\u00f3n sea real. Visita nuestro medio informativo publicado desde Hermosillo, Sonora. %","og_url":"https:\/\/www.sonoraenequipo.com.mx\/iran-elige-sucesor-de-jamenei-pero-no-revelan-aun-nombre\/","og_site_name":"Sonora en Equipo.","article_publisher":"https:\/\/www.facebook.com\/SonoraEE\/","article_author":"https:\/\/www.facebook.com\/SonoraEE","article_published_time":"2026-03-08T21:29:33+00:00","og_image":[{"width":1000,"height":562,"url":"https:\/\/www.sonoraenequipo.com.mx\/storage\/2026\/01\/Jamenei-comenta-que-los-manifestantes-deben-ser-puestos-en-su-sitio-min.jpg","type":"image\/jpeg"}],"author":"enequipo","twitter_card":"summary_large_image","twitter_creator":"@sonoraenequipo","twitter_site":"@sonoraenequipo","twitter_misc":{"Escrito por":"enequipo","Tiempo de lectura":"2 minutos"},"schema":{"@context":"https:\/\/schema.org","@graph":[{"@type":"Article","@id":"https:\/\/www.sonoraenequipo.com.mx\/iran-elige-sucesor-de-jamenei-pero-no-revelan-aun-nombre\/#article","isPartOf":{"@id":"https:\/\/www.sonoraenequipo.com.mx\/iran-elige-sucesor-de-jamenei-pero-no-revelan-aun-nombre\/"},"author":{"name":"enequipo","@id":"https:\/\/www.sonoraenequipo.com.mx\/#\/schema\/person\/50102df0fb23a8fa9e8effad8fa81386"},"headline":"Ir\u00e1n elige sucesor de Jamenei pero no revelan a\u00fan nombre","datePublished":"2026-03-08T21:29:33+00:00","mainEntityOfPage":{"@id":"https:\/\/www.sonoraenequipo.com.mx\/iran-elige-sucesor-de-jamenei-pero-no-revelan-aun-nombre\/"},"wordCount":382,"commentCount":0,"publisher":{"@id":"https:\/\/www.sonoraenequipo.com.mx\/#organization"},"image":{"@id":"https:\/\/www.sonoraenequipo.com.mx\/iran-elige-sucesor-de-jamenei-pero-no-revelan-aun-nombre\/#primaryimage"},"thumbnailUrl":"https:\/\/www.sonoraenequipo.com.mx\/storage\/2026\/01\/Jamenei-comenta-que-los-manifestantes-deben-ser-puestos-en-su-sitio-min.jpg","keywords":["Iran"],"articleSection":["MUNDO"],"inLanguage":"es","potentialAction":[{"@type":"CommentAction","name":"Comment","target":["https:\/\/www.sonoraenequipo.com.mx\/iran-elige-sucesor-de-jamenei-pero-no-revelan-aun-nombre\/#respond"]}]},{"@type":"WebPage","@id":"https:\/\/www.sonoraenequipo.com.mx\/iran-elige-sucesor-de-jamenei-pero-no-revelan-aun-nombre\/","url":"https:\/\/www.sonoraenequipo.com.mx\/iran-elige-sucesor-de-jamenei-pero-no-revelan-aun-nombre\/","name":"Sonora en Equipo. Ir\u00e1n elige sucesor de Jamenei pero no revelan a\u00fan nombre MUNDO","isPartOf":{"@id":"https:\/\/www.sonoraenequipo.com.mx\/#website"},"primaryImageOfPage":{"@id":"https:\/\/www.sonoraenequipo.com.mx\/iran-elige-sucesor-de-jamenei-pero-no-revelan-aun-nombre\/#primaryimage"},"image":{"@id":"https:\/\/www.sonoraenequipo.com.mx\/iran-elige-sucesor-de-jamenei-pero-no-revelan-aun-nombre\/#primaryimage"},"thumbnailUrl":"https:\/\/www.sonoraenequipo.com.mx\/storage\/2026\/01\/Jamenei-comenta-que-los-manifestantes-deben-ser-puestos-en-su-sitio-min.jpg","datePublished":"2026-03-08T21:29:33+00:00","description":"Varios miembros de la Asamblea de Expertos de Ir\u00e1n aseguraron este domingo (08.03.2026) que ya fue elegido el nuevo l\u00edder supremo del pa\u00eds, sucesor del En Sonora en Equipo publicamos toda la informaci\u00f3n de Sonora, M\u00e9xico y el Mundo de manera oportuna y busca que la libertad de expresi\u00f3n sea real. Visita nuestro medio informativo publicado desde Hermosillo, Sonora. %","breadcrumb":{"@id":"https:\/\/www.sonoraenequipo.com.mx\/iran-elige-sucesor-de-jamenei-pero-no-revelan-aun-nombre\/#breadcrumb"},"inLanguage":"es","potentialAction":[{"@type":"ReadAction","target":["https:\/\/www.sonoraenequipo.com.mx\/iran-elige-sucesor-de-jamenei-pero-no-revelan-aun-nombre\/"]}]},{"@type":"ImageObject","inLanguage":"es","@id":"https:\/\/www.sonoraenequipo.com.mx\/iran-elige-sucesor-de-jamenei-pero-no-revelan-aun-nombre\/#primaryimage","url":"https:\/\/www.sonoraenequipo.com.mx\/storage\/2026\/01\/Jamenei-comenta-que-los-manifestantes-deben-ser-puestos-en-su-sitio-min.jpg","contentUrl":"https:\/\/www.sonoraenequipo.com.mx\/storage\/2026\/01\/Jamenei-comenta-que-los-manifestantes-deben-ser-puestos-en-su-sitio-min.jpg","width":1000,"height":562},{"@type":"BreadcrumbList","@id":"https:\/\/www.sonoraenequipo.com.mx\/iran-elige-sucesor-de-jamenei-pero-no-revelan-aun-nombre\/#breadcrumb","itemListElement":[{"@type":"ListItem","position":1,"name":"Portada","item":"https:\/\/www.sonoraenequipo.com.mx\/"},{"@type":"ListItem","position":2,"name":"Ir\u00e1n elige sucesor de Jamenei pero no revelan a\u00fan nombre"}]},{"@type":"WebSite","@id":"https:\/\/www.sonoraenequipo.com.mx\/#website","url":"https:\/\/www.sonoraenequipo.com.mx\/","name":"Sonora en Equipo.","description":"Diario en l\u00ednea con Noticias desde Hermosillo, Sonora","publisher":{"@id":"https:\/\/www.sonoraenequipo.com.mx\/#organization"},"potentialAction":[{"@type":"SearchAction","target":{"@type":"EntryPoint","urlTemplate":"https:\/\/www.sonoraenequipo.com.mx\/?s={search_term_string}"},"query-input":{"@type":"PropertyValueSpecification","valueRequired":true,"valueName":"search_term_string"}}],"inLanguage":"es"},{"@type":"Organization","@id":"https:\/\/www.sonoraenequipo.com.mx\/#organization","name":"Sonoraenequipo.com.mx","url":"https:\/\/www.sonoraenequipo.com.mx\/","logo":{"@type":"ImageObject","inLanguage":"es","@id":"https:\/\/www.sonoraenequipo.com.mx\/#\/schema\/logo\/image\/","url":"https:\/\/www.sonoraenequipo.com.mx\/storage\/2019\/01\/sonoraenequipo_opt.png","contentUrl":"https:\/\/www.sonoraenequipo.com.mx\/storage\/2019\/01\/sonoraenequipo_opt.png","width":375,"height":125,"caption":"Sonoraenequipo.com.mx"},"image":{"@id":"https:\/\/www.sonoraenequipo.com.mx\/#\/schema\/logo\/image\/"},"sameAs":["https:\/\/www.facebook.com\/SonoraEE\/","https:\/\/x.com\/sonoraenequipo","https:\/\/www.youtube.com\/channel\/UC338nW-lPEYmJQs4ZABQ1SQ"]},{"@type":"Person","@id":"https:\/\/www.sonoraenequipo.com.mx\/#\/schema\/person\/50102df0fb23a8fa9e8effad8fa81386","name":"enequipo","image":{"@type":"ImageObject","inLanguage":"es","@id":"https:\/\/www.sonoraenequipo.com.mx\/#\/schema\/person\/image\/","url":"https:\/\/secure.gravatar.com\/avatar\/049821681b589dabc0bc20695993ccebb09f5b5d4d790cd9251b97faac7c652b?s=96&d=blank&r=g","contentUrl":"https:\/\/secure.gravatar.com\/avatar\/049821681b589dabc0bc20695993ccebb09f5b5d4d790cd9251b97faac7c652b?s=96&d=blank&r=g","caption":"enequipo"},"sameAs":["https:\/\/www.facebook.com\/SonoraEE"]}]}},"jetpack_featured_media_url":"https:\/\/www.sonoraenequipo.com.mx\/storage\/2026\/01\/Jamenei-comenta-que-los-manifestantes-deben-ser-puestos-en-su-sitio-min.jpg","_links":{"self":[{"href":"https:\/\/www.sonoraenequipo.com.mx\/api\/wp\/v2\/posts\/236840","targetHints":{"allow":["GET"]}}],"collection":[{"href":"https:\/\/www.sonoraenequipo.com.mx\/api\/wp\/v2\/posts"}],"about":[{"href":"https:\/\/www.sonoraenequipo.com.mx\/api\/wp\/v2\/types\/post"}],"author":[{"embeddable":true,"href":"https:\/\/www.sonoraenequipo.com.mx\/api\/wp\/v2\/users\/1"}],"replies":[{"embeddable":true,"href":"https:\/\/www.sonoraenequipo.com.mx\/api\/wp\/v2\/comments?post=236840"}],"version-history":[{"count":1,"href":"https:\/\/www.sonoraenequipo.com.mx\/api\/wp\/v2\/posts\/236840\/revisions"}],"predecessor-version":[{"id":236841,"href":"https:\/\/www.sonoraenequipo.com.mx\/api\/wp\/v2\/posts\/236840\/revisions\/236841"}],"wp:featuredmedia":[{"embeddable":true,"href":"https:\/\/www.sonoraenequipo.com.mx\/api\/wp\/v2\/media\/232462"}],"wp:attachment":[{"href":"https:\/\/www.sonoraenequipo.com.mx\/api\/wp\/v2\/media?parent=236840"}],"wp:term":[{"taxonomy":"category","embeddable":true,"href":"https:\/\/www.sonoraenequipo.com.mx\/api\/wp\/v2\/categories?post=236840"},{"taxonomy":"post_tag","embeddable":true,"href":"https:\/\/www.sonoraenequipo.com.mx\/api\/wp\/v2\/tags?post=236840"}],"curies":[{"name":"wp","href":"https:\/\/api.w.org\/{rel}","templated":true}]}}