{"id":236842,"date":"2026-03-08T14:43:31","date_gmt":"2026-03-08T21:43:31","guid":{"rendered":"https:\/\/www.sonoraenequipo.com.mx\/?p=236842"},"modified":"2026-03-08T14:48:15","modified_gmt":"2026-03-08T21:48:15","slug":"trump-advierte-a-iran-que-su-nuevo-lider-no-durara-mucho-si-no-tiene-su-aprobacion","status":"publish","type":"post","link":"https:\/\/www.sonoraenequipo.com.mx\/trump-advierte-a-iran-que-su-nuevo-lider-no-durara-mucho-si-no-tiene-su-aprobacion\/","title":{"rendered":"Trump advierte a Ir\u00e1n que su nuevo l\u00edder no durar\u00e1 mucho si no tiene su aprobaci\u00f3n"},"content":{"rendered":"<p>El presidente de Estados Unidos, Donald Trump, declar\u00f3 este domingo que el pr\u00f3ximo l\u00edder supremo de Ir\u00e1n \u00abno durar\u00e1 mucho\u00bb si Teher\u00e1n no obtiene primero su visto bueno. \u00abTendr\u00e1 que obtener nuestra aprobaci\u00f3n\u00bb, declar\u00f3 a ABC News.<\/p>\n<p>&nbsp;<\/p>\n<p>Medios estatales iran\u00edes reportaron este domingo que el \u00f3rgano clerical responsable de elegir al sucesor del abatido l\u00edder supremo Al\u00ed Jamenei ya hab\u00eda votado y que pronto se anunciar\u00eda el nombre del designado.<\/p>\n<p>&nbsp;<\/p>\n<p>\u00abQueremos asegurarnos de que no tengamos que volver atr\u00e1s cada 10 a\u00f1os, cuando no tengamos un presidente como yo que no lo va a hacer\u00bb, explic\u00f3 el l\u00edder republicano.<\/p>\n<p>&nbsp;<\/p>\n<p>El l\u00edder del r\u00e9gimen isl\u00e1mico iran\u00eda Ali Jamenei fue abatido muri\u00f3 el 28 de febrero, al comienzo de los ataques de Estados Unidos e Israel contra Ir\u00e1nEl l\u00edder del r\u00e9gimen isl\u00e1mico iran\u00eda Ali Jamenei fue abatido muri\u00f3 el 28 de febrero, al comienzo de los ataques de Estados Unidos e Israel contra Ir\u00e1n<\/p>\n<p>El l\u00edder del r\u00e9gimen isl\u00e1mico iran\u00eda Ali Jamenei fue abatido muri\u00f3 el 28 de febrero, al comienzo de los ataques de Estados Unidos e Israel contra Ir\u00e1nImagen: Parspix\/abaca\/picture alliance<\/p>\n<p>Trump no descart\u00f3 aceptar a un sucesor vinculado al antiguo r\u00e9gimen de los ayatol\u00e1s siempre que sea un \u00abbuen l\u00edder\u00bb y explic\u00f3 que la actual ofensiva militar responde a la intenci\u00f3n de Ir\u00e1n de \u00abapoderarse de todo Medio Oriente\u00bb.<\/p>\n<p>&nbsp;<\/p>\n<p>Por su parte, el ministro iran\u00ed de Relaciones Exteriores, Abbas Aragchi, afirm\u00f3 este domingo que la identidad del pr\u00f3ximo l\u00edder supremo de su pa\u00eds sigue siendo una inc\u00f3gnita y rechaz\u00f3 cualquier interferencia externa en el proceso de sucesi\u00f3n.<\/p>\n<p>&nbsp;<\/p>\n<p>Asimismo, asegur\u00f3 que el pueblo de Ir\u00e1n es el que debe elegir a su nuevo l\u00edder. \u00abNo permitimos que nadie interfiera en nuestros asuntos internos\u00bb, declar\u00f3 a la cadena estadounidense NBC.<\/p>\n<p><strong>Fecha de publicaci\u00f3n domingo 8 de marzo de 2026\/DW<\/strong><\/p>\n","protected":false},"excerpt":{"rendered":"<p>El presidente de Estados Unidos, Donald Trump, declar\u00f3 este domingo que el pr\u00f3ximo l\u00edder supremo&#8230;<\/p>\n","protected":false},"author":1,"featured_media":234757,"comment_status":"open","ping_status":"open","sticky":false,"template":"","format":"standard","meta":{"_monsterinsights_skip_tracking":false,"_monsterinsights_sitenote_active":false,"_monsterinsights_sitenote_note":"","_monsterinsights_sitenote_category":0,"footnotes":""},"categories":[3],"tags":[986,1898],"class_list":["post"],"yoast_head":" \n<title>Sonora en Equipo. Trump advierte a Ir\u00e1n que su nuevo l\u00edder no durar\u00e1 mucho si no tiene su aprobaci\u00f3n MUNDO<\/title>\n<meta name=\"description\" content=\"El presidente de Estados Unidos, Donald Trump, declar\u00f3 este domingo que el pr\u00f3ximo l\u00edder supremo de Ir\u00e1n &quot;no durar\u00e1 mucho&quot; si Teher\u00e1n no obtiene primero En Sonora en Equipo publicamos toda la informaci\u00f3n de Sonora, M\u00e9xico y el Mundo de manera oportuna y busca que la libertad de expresi\u00f3n sea real. Visita nuestro medio informativo publicado desde Hermosillo, Sonora. %\" \/>\n<meta name=\"robots\" content=\"index, follow, max-snippet:-1, max-image-preview:large, max-video-preview:-1\" \/>\n<link rel=\"canonical\" href=\"https:\/\/www.sonoraenequipo.com.mx\/trump-advierte-a-iran-que-su-nuevo-lider-no-durara-mucho-si-no-tiene-su-aprobacion\/\" \/>\n<meta property=\"og:locale\" content=\"es_ES\" \/>\n<meta property=\"og:type\" content=\"article\" \/>\n<meta property=\"og:title\" content=\"Sonora en Equipo. Trump advierte a Ir\u00e1n que su nuevo l\u00edder no durar\u00e1 mucho si no tiene su aprobaci\u00f3n MUNDO\" \/>\n<meta property=\"og:description\" content=\"El presidente de Estados Unidos, Donald Trump, declar\u00f3 este domingo que el pr\u00f3ximo l\u00edder supremo de Ir\u00e1n &quot;no durar\u00e1 mucho&quot; si Teher\u00e1n no obtiene primero En Sonora en Equipo publicamos toda la informaci\u00f3n de Sonora, M\u00e9xico y el Mundo de manera oportuna y busca que la libertad de expresi\u00f3n sea real. Visita nuestro medio informativo publicado desde Hermosillo, Sonora. %\" \/>\n<meta property=\"og:url\" content=\"https:\/\/www.sonoraenequipo.com.mx\/trump-advierte-a-iran-que-su-nuevo-lider-no-durara-mucho-si-no-tiene-su-aprobacion\/\" \/>\n<meta property=\"og:site_name\" content=\"Sonora en Equipo.\" \/>\n<meta property=\"article:publisher\" content=\"https:\/\/www.facebook.com\/SonoraEE\/\" \/>\n<meta property=\"article:author\" content=\"https:\/\/www.facebook.com\/SonoraEE\" \/>\n<meta property=\"article:published_time\" content=\"2026-03-08T21:43:31+00:00\" \/>\n<meta property=\"article:modified_time\" content=\"2026-03-08T21:48:15+00:00\" \/>\n<meta property=\"og:image\" content=\"https:\/\/www.sonoraenequipo.com.mx\/storage\/2026\/02\/Donaldo-Trump-1.jpg\" \/>\n\t<meta property=\"og:image:width\" content=\"1000\" \/>\n\t<meta property=\"og:image:height\" content=\"588\" \/>\n\t<meta property=\"og:image:type\" content=\"image\/jpeg\" \/>\n<meta name=\"author\" content=\"enequipo\" \/>\n<meta name=\"twitter:card\" content=\"summary_large_image\" \/>\n<meta name=\"twitter:creator\" content=\"@sonoraenequipo\" \/>\n<meta name=\"twitter:site\" content=\"@sonoraenequipo\" \/>\n<meta name=\"twitter:label1\" content=\"Escrito por\" \/>\n\t<meta name=\"twitter:data1\" content=\"enequipo\" \/>\n\t<meta name=\"twitter:label2\" content=\"Tiempo de lectura\" \/>\n\t<meta name=\"twitter:data2\" content=\"2 minutos\" \/>\n<script type=\"application\/ld+json\" class=\"yoast-schema-graph\">{\"@context\":\"https:\/\/schema.org\",\"@graph\":[{\"@type\":\"Article\",\"@id\":\"https:\/\/www.sonoraenequipo.com.mx\/trump-advierte-a-iran-que-su-nuevo-lider-no-durara-mucho-si-no-tiene-su-aprobacion\/#article\",\"isPartOf\":{\"@id\":\"https:\/\/www.sonoraenequipo.com.mx\/trump-advierte-a-iran-que-su-nuevo-lider-no-durara-mucho-si-no-tiene-su-aprobacion\/\"},\"author\":{\"name\":\"enequipo\",\"@id\":\"https:\/\/www.sonoraenequipo.com.mx\/#\/schema\/person\/50102df0fb23a8fa9e8effad8fa81386\"},\"headline\":\"Trump advierte a Ir\u00e1n que su nuevo l\u00edder no durar\u00e1 mucho si no tiene su aprobaci\u00f3n\",\"datePublished\":\"2026-03-08T21:43:31+00:00\",\"dateModified\":\"2026-03-08T21:48:15+00:00\",\"mainEntityOfPage\":{\"@id\":\"https:\/\/www.sonoraenequipo.com.mx\/trump-advierte-a-iran-que-su-nuevo-lider-no-durara-mucho-si-no-tiene-su-aprobacion\/\"},\"wordCount\":359,\"commentCount\":0,\"publisher\":{\"@id\":\"https:\/\/www.sonoraenequipo.com.mx\/#organization\"},\"image\":{\"@id\":\"https:\/\/www.sonoraenequipo.com.mx\/trump-advierte-a-iran-que-su-nuevo-lider-no-durara-mucho-si-no-tiene-su-aprobacion\/#primaryimage\"},\"thumbnailUrl\":\"https:\/\/www.sonoraenequipo.com.mx\/storage\/2026\/02\/Donaldo-Trump-1.jpg\",\"keywords\":[\"Iran\",\"Trump\"],\"articleSection\":[\"MUNDO\"],\"inLanguage\":\"es\",\"potentialAction\":[{\"@type\":\"CommentAction\",\"name\":\"Comment\",\"target\":[\"https:\/\/www.sonoraenequipo.com.mx\/trump-advierte-a-iran-que-su-nuevo-lider-no-durara-mucho-si-no-tiene-su-aprobacion\/#respond\"]}]},{\"@type\":\"WebPage\",\"@id\":\"https:\/\/www.sonoraenequipo.com.mx\/trump-advierte-a-iran-que-su-nuevo-lider-no-durara-mucho-si-no-tiene-su-aprobacion\/\",\"url\":\"https:\/\/www.sonoraenequipo.com.mx\/trump-advierte-a-iran-que-su-nuevo-lider-no-durara-mucho-si-no-tiene-su-aprobacion\/\",\"name\":\"Sonora en Equipo. Trump advierte a Ir\u00e1n que su nuevo l\u00edder no durar\u00e1 mucho si no tiene su aprobaci\u00f3n MUNDO\",\"isPartOf\":{\"@id\":\"https:\/\/www.sonoraenequipo.com.mx\/#website\"},\"primaryImageOfPage\":{\"@id\":\"https:\/\/www.sonoraenequipo.com.mx\/trump-advierte-a-iran-que-su-nuevo-lider-no-durara-mucho-si-no-tiene-su-aprobacion\/#primaryimage\"},\"image\":{\"@id\":\"https:\/\/www.sonoraenequipo.com.mx\/trump-advierte-a-iran-que-su-nuevo-lider-no-durara-mucho-si-no-tiene-su-aprobacion\/#primaryimage\"},\"thumbnailUrl\":\"https:\/\/www.sonoraenequipo.com.mx\/storage\/2026\/02\/Donaldo-Trump-1.jpg\",\"datePublished\":\"2026-03-08T21:43:31+00:00\",\"dateModified\":\"2026-03-08T21:48:15+00:00\",\"description\":\"El presidente de Estados Unidos, Donald Trump, declar\u00f3 este domingo que el pr\u00f3ximo l\u00edder supremo de Ir\u00e1n \\\"no durar\u00e1 mucho\\\" si Teher\u00e1n no obtiene primero En Sonora en Equipo publicamos toda la informaci\u00f3n de Sonora, M\u00e9xico y el Mundo de manera oportuna y busca que la libertad de expresi\u00f3n sea real. Visita nuestro medio informativo publicado desde Hermosillo, Sonora. %\",\"breadcrumb\":{\"@id\":\"https:\/\/www.sonoraenequipo.com.mx\/trump-advierte-a-iran-que-su-nuevo-lider-no-durara-mucho-si-no-tiene-su-aprobacion\/#breadcrumb\"},\"inLanguage\":\"es\",\"potentialAction\":[{\"@type\":\"ReadAction\",\"target\":[\"https:\/\/www.sonoraenequipo.com.mx\/trump-advierte-a-iran-que-su-nuevo-lider-no-durara-mucho-si-no-tiene-su-aprobacion\/\"]}]},{\"@type\":\"ImageObject\",\"inLanguage\":\"es\",\"@id\":\"https:\/\/www.sonoraenequipo.com.mx\/trump-advierte-a-iran-que-su-nuevo-lider-no-durara-mucho-si-no-tiene-su-aprobacion\/#primaryimage\",\"url\":\"https:\/\/www.sonoraenequipo.com.mx\/storage\/2026\/02\/Donaldo-Trump-1.jpg\",\"contentUrl\":\"https:\/\/www.sonoraenequipo.com.mx\/storage\/2026\/02\/Donaldo-Trump-1.jpg\",\"width\":1000,\"height\":588},{\"@type\":\"BreadcrumbList\",\"@id\":\"https:\/\/www.sonoraenequipo.com.mx\/trump-advierte-a-iran-que-su-nuevo-lider-no-durara-mucho-si-no-tiene-su-aprobacion\/#breadcrumb\",\"itemListElement\":[{\"@type\":\"ListItem\",\"position\":1,\"name\":\"Portada\",\"item\":\"https:\/\/www.sonoraenequipo.com.mx\/\"},{\"@type\":\"ListItem\",\"position\":2,\"name\":\"Trump advierte a Ir\u00e1n que su nuevo l\u00edder no durar\u00e1 mucho si no tiene su aprobaci\u00f3n\"}]},{\"@type\":\"WebSite\",\"@id\":\"https:\/\/www.sonoraenequipo.com.mx\/#website\",\"url\":\"https:\/\/www.sonoraenequipo.com.mx\/\",\"name\":\"Sonora en Equipo.\",\"description\":\"Diario en l\u00ednea con Noticias desde Hermosillo, Sonora\",\"publisher\":{\"@id\":\"https:\/\/www.sonoraenequipo.com.mx\/#organization\"},\"potentialAction\":[{\"@type\":\"SearchAction\",\"target\":{\"@type\":\"EntryPoint\",\"urlTemplate\":\"https:\/\/www.sonoraenequipo.com.mx\/?s={search_term_string}\"},\"query-input\":{\"@type\":\"PropertyValueSpecification\",\"valueRequired\":true,\"valueName\":\"search_term_string\"}}],\"inLanguage\":\"es\"},{\"@type\":\"Organization\",\"@id\":\"https:\/\/www.sonoraenequipo.com.mx\/#organization\",\"name\":\"Sonoraenequipo.com.mx\",\"url\":\"https:\/\/www.sonoraenequipo.com.mx\/\",\"logo\":{\"@type\":\"ImageObject\",\"inLanguage\":\"es\",\"@id\":\"https:\/\/www.sonoraenequipo.com.mx\/#\/schema\/logo\/image\/\",\"url\":\"https:\/\/www.sonoraenequipo.com.mx\/storage\/2019\/01\/sonoraenequipo_opt.png\",\"contentUrl\":\"https:\/\/www.sonoraenequipo.com.mx\/storage\/2019\/01\/sonoraenequipo_opt.png\",\"width\":375,\"height\":125,\"caption\":\"Sonoraenequipo.com.mx\"},\"image\":{\"@id\":\"https:\/\/www.sonoraenequipo.com.mx\/#\/schema\/logo\/image\/\"},\"sameAs\":[\"https:\/\/www.facebook.com\/SonoraEE\/\",\"https:\/\/x.com\/sonoraenequipo\",\"https:\/\/www.youtube.com\/channel\/UC338nW-lPEYmJQs4ZABQ1SQ\"]},{\"@type\":\"Person\",\"@id\":\"https:\/\/www.sonoraenequipo.com.mx\/#\/schema\/person\/50102df0fb23a8fa9e8effad8fa81386\",\"name\":\"enequipo\",\"image\":{\"@type\":\"ImageObject\",\"inLanguage\":\"es\",\"@id\":\"https:\/\/www.sonoraenequipo.com.mx\/#\/schema\/person\/image\/\",\"url\":\"https:\/\/secure.gravatar.com\/avatar\/049821681b589dabc0bc20695993ccebb09f5b5d4d790cd9251b97faac7c652b?s=96&d=blank&r=g\",\"contentUrl\":\"https:\/\/secure.gravatar.com\/avatar\/049821681b589dabc0bc20695993ccebb09f5b5d4d790cd9251b97faac7c652b?s=96&d=blank&r=g\",\"caption\":\"enequipo\"},\"sameAs\":[\"https:\/\/www.facebook.com\/SonoraEE\"]}]}<\/script>\n ","yoast_head_json":{"title":"Sonora en Equipo. Trump advierte a Ir\u00e1n que su nuevo l\u00edder no durar\u00e1 mucho si no tiene su aprobaci\u00f3n MUNDO","description":"El presidente de Estados Unidos, Donald Trump, declar\u00f3 este domingo que el pr\u00f3ximo l\u00edder supremo de Ir\u00e1n \"no durar\u00e1 mucho\" si Teher\u00e1n no obtiene primero En Sonora en Equipo publicamos toda la informaci\u00f3n de Sonora, M\u00e9xico y el Mundo de manera oportuna y busca que la libertad de expresi\u00f3n sea real. Visita nuestro medio informativo publicado desde Hermosillo, Sonora. %","robots":{"index":"index","follow":"follow","max-snippet":"max-snippet:-1","max-image-preview":"max-image-preview:large","max-video-preview":"max-video-preview:-1"},"canonical":"https:\/\/www.sonoraenequipo.com.mx\/trump-advierte-a-iran-que-su-nuevo-lider-no-durara-mucho-si-no-tiene-su-aprobacion\/","og_locale":"es_ES","og_type":"article","og_title":"Sonora en Equipo. Trump advierte a Ir\u00e1n que su nuevo l\u00edder no durar\u00e1 mucho si no tiene su aprobaci\u00f3n MUNDO","og_description":"El presidente de Estados Unidos, Donald Trump, declar\u00f3 este domingo que el pr\u00f3ximo l\u00edder supremo de Ir\u00e1n \"no durar\u00e1 mucho\" si Teher\u00e1n no obtiene primero En Sonora en Equipo publicamos toda la informaci\u00f3n de Sonora, M\u00e9xico y el Mundo de manera oportuna y busca que la libertad de expresi\u00f3n sea real. Visita nuestro medio informativo publicado desde Hermosillo, Sonora. %","og_url":"https:\/\/www.sonoraenequipo.com.mx\/trump-advierte-a-iran-que-su-nuevo-lider-no-durara-mucho-si-no-tiene-su-aprobacion\/","og_site_name":"Sonora en Equipo.","article_publisher":"https:\/\/www.facebook.com\/SonoraEE\/","article_author":"https:\/\/www.facebook.com\/SonoraEE","article_published_time":"2026-03-08T21:43:31+00:00","article_modified_time":"2026-03-08T21:48:15+00:00","og_image":[{"width":1000,"height":588,"url":"https:\/\/www.sonoraenequipo.com.mx\/storage\/2026\/02\/Donaldo-Trump-1.jpg","type":"image\/jpeg"}],"author":"enequipo","twitter_card":"summary_large_image","twitter_creator":"@sonoraenequipo","twitter_site":"@sonoraenequipo","twitter_misc":{"Escrito por":"enequipo","Tiempo de lectura":"2 minutos"},"schema":{"@context":"https:\/\/schema.org","@graph":[{"@type":"Article","@id":"https:\/\/www.sonoraenequipo.com.mx\/trump-advierte-a-iran-que-su-nuevo-lider-no-durara-mucho-si-no-tiene-su-aprobacion\/#article","isPartOf":{"@id":"https:\/\/www.sonoraenequipo.com.mx\/trump-advierte-a-iran-que-su-nuevo-lider-no-durara-mucho-si-no-tiene-su-aprobacion\/"},"author":{"name":"enequipo","@id":"https:\/\/www.sonoraenequipo.com.mx\/#\/schema\/person\/50102df0fb23a8fa9e8effad8fa81386"},"headline":"Trump advierte a Ir\u00e1n que su nuevo l\u00edder no durar\u00e1 mucho si no tiene su aprobaci\u00f3n","datePublished":"2026-03-08T21:43:31+00:00","dateModified":"2026-03-08T21:48:15+00:00","mainEntityOfPage":{"@id":"https:\/\/www.sonoraenequipo.com.mx\/trump-advierte-a-iran-que-su-nuevo-lider-no-durara-mucho-si-no-tiene-su-aprobacion\/"},"wordCount":359,"commentCount":0,"publisher":{"@id":"https:\/\/www.sonoraenequipo.com.mx\/#organization"},"image":{"@id":"https:\/\/www.sonoraenequipo.com.mx\/trump-advierte-a-iran-que-su-nuevo-lider-no-durara-mucho-si-no-tiene-su-aprobacion\/#primaryimage"},"thumbnailUrl":"https:\/\/www.sonoraenequipo.com.mx\/storage\/2026\/02\/Donaldo-Trump-1.jpg","keywords":["Iran","Trump"],"articleSection":["MUNDO"],"inLanguage":"es","potentialAction":[{"@type":"CommentAction","name":"Comment","target":["https:\/\/www.sonoraenequipo.com.mx\/trump-advierte-a-iran-que-su-nuevo-lider-no-durara-mucho-si-no-tiene-su-aprobacion\/#respond"]}]},{"@type":"WebPage","@id":"https:\/\/www.sonoraenequipo.com.mx\/trump-advierte-a-iran-que-su-nuevo-lider-no-durara-mucho-si-no-tiene-su-aprobacion\/","url":"https:\/\/www.sonoraenequipo.com.mx\/trump-advierte-a-iran-que-su-nuevo-lider-no-durara-mucho-si-no-tiene-su-aprobacion\/","name":"Sonora en Equipo. Trump advierte a Ir\u00e1n que su nuevo l\u00edder no durar\u00e1 mucho si no tiene su aprobaci\u00f3n MUNDO","isPartOf":{"@id":"https:\/\/www.sonoraenequipo.com.mx\/#website"},"primaryImageOfPage":{"@id":"https:\/\/www.sonoraenequipo.com.mx\/trump-advierte-a-iran-que-su-nuevo-lider-no-durara-mucho-si-no-tiene-su-aprobacion\/#primaryimage"},"image":{"@id":"https:\/\/www.sonoraenequipo.com.mx\/trump-advierte-a-iran-que-su-nuevo-lider-no-durara-mucho-si-no-tiene-su-aprobacion\/#primaryimage"},"thumbnailUrl":"https:\/\/www.sonoraenequipo.com.mx\/storage\/2026\/02\/Donaldo-Trump-1.jpg","datePublished":"2026-03-08T21:43:31+00:00","dateModified":"2026-03-08T21:48:15+00:00","description":"El presidente de Estados Unidos, Donald Trump, declar\u00f3 este domingo que el pr\u00f3ximo l\u00edder supremo de Ir\u00e1n \"no durar\u00e1 mucho\" si Teher\u00e1n no obtiene primero En Sonora en Equipo publicamos toda la informaci\u00f3n de Sonora, M\u00e9xico y el Mundo de manera oportuna y busca que la libertad de expresi\u00f3n sea real. Visita nuestro medio informativo publicado desde Hermosillo, Sonora. %","breadcrumb":{"@id":"https:\/\/www.sonoraenequipo.com.mx\/trump-advierte-a-iran-que-su-nuevo-lider-no-durara-mucho-si-no-tiene-su-aprobacion\/#breadcrumb"},"inLanguage":"es","potentialAction":[{"@type":"ReadAction","target":["https:\/\/www.sonoraenequipo.com.mx\/trump-advierte-a-iran-que-su-nuevo-lider-no-durara-mucho-si-no-tiene-su-aprobacion\/"]}]},{"@type":"ImageObject","inLanguage":"es","@id":"https:\/\/www.sonoraenequipo.com.mx\/trump-advierte-a-iran-que-su-nuevo-lider-no-durara-mucho-si-no-tiene-su-aprobacion\/#primaryimage","url":"https:\/\/www.sonoraenequipo.com.mx\/storage\/2026\/02\/Donaldo-Trump-1.jpg","contentUrl":"https:\/\/www.sonoraenequipo.com.mx\/storage\/2026\/02\/Donaldo-Trump-1.jpg","width":1000,"height":588},{"@type":"BreadcrumbList","@id":"https:\/\/www.sonoraenequipo.com.mx\/trump-advierte-a-iran-que-su-nuevo-lider-no-durara-mucho-si-no-tiene-su-aprobacion\/#breadcrumb","itemListElement":[{"@type":"ListItem","position":1,"name":"Portada","item":"https:\/\/www.sonoraenequipo.com.mx\/"},{"@type":"ListItem","position":2,"name":"Trump advierte a Ir\u00e1n que su nuevo l\u00edder no durar\u00e1 mucho si no tiene su aprobaci\u00f3n"}]},{"@type":"WebSite","@id":"https:\/\/www.sonoraenequipo.com.mx\/#website","url":"https:\/\/www.sonoraenequipo.com.mx\/","name":"Sonora en Equipo.","description":"Diario en l\u00ednea con Noticias desde Hermosillo, Sonora","publisher":{"@id":"https:\/\/www.sonoraenequipo.com.mx\/#organization"},"potentialAction":[{"@type":"SearchAction","target":{"@type":"EntryPoint","urlTemplate":"https:\/\/www.sonoraenequipo.com.mx\/?s={search_term_string}"},"query-input":{"@type":"PropertyValueSpecification","valueRequired":true,"valueName":"search_term_string"}}],"inLanguage":"es"},{"@type":"Organization","@id":"https:\/\/www.sonoraenequipo.com.mx\/#organization","name":"Sonoraenequipo.com.mx","url":"https:\/\/www.sonoraenequipo.com.mx\/","logo":{"@type":"ImageObject","inLanguage":"es","@id":"https:\/\/www.sonoraenequipo.com.mx\/#\/schema\/logo\/image\/","url":"https:\/\/www.sonoraenequipo.com.mx\/storage\/2019\/01\/sonoraenequipo_opt.png","contentUrl":"https:\/\/www.sonoraenequipo.com.mx\/storage\/2019\/01\/sonoraenequipo_opt.png","width":375,"height":125,"caption":"Sonoraenequipo.com.mx"},"image":{"@id":"https:\/\/www.sonoraenequipo.com.mx\/#\/schema\/logo\/image\/"},"sameAs":["https:\/\/www.facebook.com\/SonoraEE\/","https:\/\/x.com\/sonoraenequipo","https:\/\/www.youtube.com\/channel\/UC338nW-lPEYmJQs4ZABQ1SQ"]},{"@type":"Person","@id":"https:\/\/www.sonoraenequipo.com.mx\/#\/schema\/person\/50102df0fb23a8fa9e8effad8fa81386","name":"enequipo","image":{"@type":"ImageObject","inLanguage":"es","@id":"https:\/\/www.sonoraenequipo.com.mx\/#\/schema\/person\/image\/","url":"https:\/\/secure.gravatar.com\/avatar\/049821681b589dabc0bc20695993ccebb09f5b5d4d790cd9251b97faac7c652b?s=96&d=blank&r=g","contentUrl":"https:\/\/secure.gravatar.com\/avatar\/049821681b589dabc0bc20695993ccebb09f5b5d4d790cd9251b97faac7c652b?s=96&d=blank&r=g","caption":"enequipo"},"sameAs":["https:\/\/www.facebook.com\/SonoraEE"]}]}},"jetpack_featured_media_url":"https:\/\/www.sonoraenequipo.com.mx\/storage\/2026\/02\/Donaldo-Trump-1.jpg","_links":{"self":[{"href":"https:\/\/www.sonoraenequipo.com.mx\/api\/wp\/v2\/posts\/236842","targetHints":{"allow":["GET"]}}],"collection":[{"href":"https:\/\/www.sonoraenequipo.com.mx\/api\/wp\/v2\/posts"}],"about":[{"href":"https:\/\/www.sonoraenequipo.com.mx\/api\/wp\/v2\/types\/post"}],"author":[{"embeddable":true,"href":"https:\/\/www.sonoraenequipo.com.mx\/api\/wp\/v2\/users\/1"}],"replies":[{"embeddable":true,"href":"https:\/\/www.sonoraenequipo.com.mx\/api\/wp\/v2\/comments?post=236842"}],"version-history":[{"count":1,"href":"https:\/\/www.sonoraenequipo.com.mx\/api\/wp\/v2\/posts\/236842\/revisions"}],"predecessor-version":[{"id":236843,"href":"https:\/\/www.sonoraenequipo.com.mx\/api\/wp\/v2\/posts\/236842\/revisions\/236843"}],"wp:featuredmedia":[{"embeddable":true,"href":"https:\/\/www.sonoraenequipo.com.mx\/api\/wp\/v2\/media\/234757"}],"wp:attachment":[{"href":"https:\/\/www.sonoraenequipo.com.mx\/api\/wp\/v2\/media?parent=236842"}],"wp:term":[{"taxonomy":"category","embeddable":true,"href":"https:\/\/www.sonoraenequipo.com.mx\/api\/wp\/v2\/categories?post=236842"},{"taxonomy":"post_tag","embeddable":true,"href":"https:\/\/www.sonoraenequipo.com.mx\/api\/wp\/v2\/tags?post=236842"}],"curies":[{"name":"wp","href":"https:\/\/api.w.org\/{rel}","templated":true}]}}