{"id":236855,"date":"2026-03-08T16:10:15","date_gmt":"2026-03-08T23:10:15","guid":{"rendered":"https:\/\/www.sonoraenequipo.com.mx\/?p=236855"},"modified":"2026-03-08T16:10:15","modified_gmt":"2026-03-08T23:10:15","slug":"somos-nuestra-memoria-el-silencio-que-enferma-desafios-de-la-salud-mental-de-la-mujer-en-mexico","status":"publish","type":"post","link":"https:\/\/www.sonoraenequipo.com.mx\/somos-nuestra-memoria-el-silencio-que-enferma-desafios-de-la-salud-mental-de-la-mujer-en-mexico\/","title":{"rendered":"SOMOS NUESTRA MEMORIA. El silencio que enferma: desaf\u00edos de la salud mental de la mujer en M\u00e9xico"},"content":{"rendered":"<p>Hay un dolor que no sangra. No deja moretones visibles ni cicatrices que el ojo ajeno pueda detectar. Es un dolor que muchas mujeres cargan en silencio, entre una carga de ropa y la siguiente junta de trabajo, entre el \u201cest\u00e1s exagerando\u201d y el \u201cya te va a pasar\u201d. Ese dolor tiene nombre: depresi\u00f3n. Tiene compa\u00f1ero: ansiedad. Y tiene un enorme problema en M\u00e9xico: seguimos sin tomarlo en serio y sin soluciones institucionales.<\/p>\n<p>En este 8 de marzo, d\u00eda internacional de la mujer, mientras marchamos por las calles y pintamos consignas en las paredes, conviene detenernos tambi\u00e9n frente a una realidad que ocurre en los cuartos cerrados, en los hospitales p\u00fablicos saturados sin medicamentos, en los consultorios de psicolog\u00eda que citan a las pacientes cada quince d\u00edas como si el alma tuviera calendario de quincena. La salud mental de las mujeres en M\u00e9xico es una crisis silenciosa \u2014 y el silencio, aqu\u00ed, no es inocente.<\/p>\n<p>Un andamiaje que carga con todo<\/p>\n<p>Para entender la depresi\u00f3n y la ansiedad en las mujeres, hay que entender primero qu\u00e9 se le pide a una mujer en M\u00e9xico. Se le pide que sea madre ejemplar, trabajadora productiva, hija obediente, pareja incondicional y ama de casa impecable. Se le pide que no llore en p\u00fablico, que no est\u00e9 de mal humor, que no tome espacio. Y cuando todo ese peso acumulado la derrumba, entonces se le diagnostica como \u201csensible\u201d o \u201cneurast\u00e9nica\u201d.<\/p>\n<p>La depresi\u00f3n y la ansiedad en las mujeres no son debilidades individuales: son respuestas comprensibles ante condiciones insostenibles. Son el resultado de miedo cr\u00f3nico, de inseguridad tanto econ\u00f3mica como emocional, de problemas de autoimagen alimentados por una cultura que las juzga desde la infancia y las sepulta en el matrimonio, y de un enojo sano que no encuentra canales de expresi\u00f3n. Cuando todo eso se mezcla, el coctel resultante no solo las lastima a ellas: impacta a sus hijos, sus v\u00ednculos y su entorno m\u00e1s cercano.<\/p>\n<p><strong>\u00bfQu\u00e9 hace falta para sanar?<\/strong><\/p>\n<p>La respuesta no es c\u00f3moda, pero es clara: tratamiento profesional serio, constante y accesible. No alcanza con que una psic\u00f3loga cite a su paciente cada mes como si estuviera revisando un autom\u00f3vil. La mente no funciona en talleres mensuales. Se requiere, como m\u00ednimo, una sesi\u00f3n semanal para construir un proceso terap\u00e9utico real: uno que permita rastrear el origen del malestar, desmantelar los patrones que lo sostienen y ofrecer herramientas concretas para vivir de otra manera.<\/p>\n<p>Los tres grandes enfoques psicol\u00f3gicos \u2014psicoanal\u00edtico, cognitivo-conductual y humanista\u2014 pueden lograr resultados notables cuando los aplica un profesional competente, experimentado y comprometido. No se trata de elegir uno como si fuera una marca de cereal: se trata de encontrar al terapeuta que sepa leer a esa mujer espec\u00edfica, con su historia concreta, realizar un diagn\u00f3stico certero, y acompa\u00f1arla con rigor y calidez. La farmacoterapia puede ser un apoyo v\u00e1lido en ciertos casos, pero nunca deber\u00eda ser el primer recurso ni el \u00fanico: sus efectos secundarios son reales, su costo es elevado y en muchas ciudades del pa\u00eds simplemente no existen especialistas capacitados para recetar con responsabilidad y con la seriaci\u00f3n que requieren estos casos.<\/p>\n<p><strong>El sistema tambi\u00e9n enferma<\/strong><\/p>\n<p>No se puede hablar de salud mental femenina sin hablar del sistema que deber\u00eda protegerla. Los procesos institucionales en M\u00e9xico est\u00e1n plagados de burocracia, listas de espera interminables y, en demasiadas ocasiones, de corrupci\u00f3n que desv\u00eda recursos que jam\u00e1s llegan a las mujeres que m\u00e1s los necesitan. Las que menos tienen son las que m\u00e1s padecen y las que menos acceso tienen a una atenci\u00f3n digna.<\/p>\n<p>Y si, en M\u00e9xico las personas no mueren por la enfermedad, mueren por la pobreza. Esa desigualdad estructural no es un dato fr\u00edo: es una decisi\u00f3n pol\u00edtica que se repite cada presupuesto, cada a\u00f1o, entre chistes tontos de sus autoridades que se roban el dinero.<\/p>\n<p>Cada 8 de marzo recordamos que la lucha por los derechos de las mujeres es amplia y urgente. Pero hay batallas que se libran en silencio, dentro de cuerpos que no aguantan m\u00e1s, dentro de mentes que no encuentran salida. Tomar en serio la salud mental de las mujeres es tambi\u00e9n una forma de feminismo: es reconocer que su bienestar importa, que su dolor merece atenci\u00f3n real, y que ninguna mujer deber\u00eda tener que cargar sola con el peso de un mundo que todav\u00eda no sabe c\u00f3mo tratarla.<\/p>\n<p><strong>Fecha de publicaci\u00f3n domingo 8 de marzo de 2026<\/strong><\/p>\n","protected":false},"excerpt":{"rendered":"<p>Hay un dolor que no sangra. No deja moretones visibles ni cicatrices que el ojo&#8230;<\/p>\n","protected":false},"author":1,"featured_media":236856,"comment_status":"open","ping_status":"open","sticky":false,"template":"","format":"standard","meta":{"_monsterinsights_skip_tracking":false,"_monsterinsights_sitenote_active":false,"_monsterinsights_sitenote_note":"","_monsterinsights_sitenote_category":0,"footnotes":""},"categories":[14],"tags":[297,2110],"class_list":["post"],"yoast_head":" \n<title>Sonora en Equipo. SOMOS NUESTRA MEMORIA. El silencio que enferma: desaf\u00edos de la salud mental de la mujer en M\u00e9xico Voces<\/title>\n<meta name=\"description\" content=\"Hay un dolor que no sangra. No deja moretones visibles ni cicatrices que el ojo ajeno pueda detectar. Es un dolor que muchas mujeres cargan en silencio, En Sonora en Equipo publicamos toda la informaci\u00f3n de Sonora, M\u00e9xico y el Mundo de manera oportuna y busca que la libertad de expresi\u00f3n sea real. Visita nuestro medio informativo publicado desde Hermosillo, Sonora. %\" \/>\n<meta name=\"robots\" content=\"index, follow, max-snippet:-1, max-image-preview:large, max-video-preview:-1\" \/>\n<link rel=\"canonical\" href=\"https:\/\/www.sonoraenequipo.com.mx\/somos-nuestra-memoria-el-silencio-que-enferma-desafios-de-la-salud-mental-de-la-mujer-en-mexico\/\" \/>\n<meta property=\"og:locale\" content=\"es_ES\" \/>\n<meta property=\"og:type\" content=\"article\" \/>\n<meta property=\"og:title\" content=\"Sonora en Equipo. SOMOS NUESTRA MEMORIA. El silencio que enferma: desaf\u00edos de la salud mental de la mujer en M\u00e9xico Voces\" \/>\n<meta property=\"og:description\" content=\"Hay un dolor que no sangra. No deja moretones visibles ni cicatrices que el ojo ajeno pueda detectar. Es un dolor que muchas mujeres cargan en silencio, En Sonora en Equipo publicamos toda la informaci\u00f3n de Sonora, M\u00e9xico y el Mundo de manera oportuna y busca que la libertad de expresi\u00f3n sea real. Visita nuestro medio informativo publicado desde Hermosillo, Sonora. %\" \/>\n<meta property=\"og:url\" content=\"https:\/\/www.sonoraenequipo.com.mx\/somos-nuestra-memoria-el-silencio-que-enferma-desafios-de-la-salud-mental-de-la-mujer-en-mexico\/\" \/>\n<meta property=\"og:site_name\" content=\"Sonora en Equipo.\" \/>\n<meta property=\"article:publisher\" content=\"https:\/\/www.facebook.com\/SonoraEE\/\" \/>\n<meta property=\"article:author\" content=\"https:\/\/www.facebook.com\/SonoraEE\" \/>\n<meta property=\"article:published_time\" content=\"2026-03-08T23:10:15+00:00\" \/>\n<meta property=\"og:image\" content=\"https:\/\/www.sonoraenequipo.com.mx\/storage\/2026\/03\/desafios.jpg\" \/>\n\t<meta property=\"og:image:width\" content=\"600\" \/>\n\t<meta property=\"og:image:height\" content=\"400\" \/>\n\t<meta property=\"og:image:type\" content=\"image\/jpeg\" \/>\n<meta name=\"author\" content=\"enequipo\" \/>\n<meta name=\"twitter:card\" content=\"summary_large_image\" \/>\n<meta name=\"twitter:creator\" content=\"@sonoraenequipo\" \/>\n<meta name=\"twitter:site\" content=\"@sonoraenequipo\" \/>\n<meta name=\"twitter:label1\" content=\"Escrito por\" \/>\n\t<meta name=\"twitter:data1\" content=\"enequipo\" \/>\n\t<meta name=\"twitter:label2\" content=\"Tiempo de lectura\" \/>\n\t<meta name=\"twitter:data2\" content=\"4 minutos\" \/>\n<script type=\"application\/ld+json\" class=\"yoast-schema-graph\">{\"@context\":\"https:\/\/schema.org\",\"@graph\":[{\"@type\":\"Article\",\"@id\":\"https:\/\/www.sonoraenequipo.com.mx\/somos-nuestra-memoria-el-silencio-que-enferma-desafios-de-la-salud-mental-de-la-mujer-en-mexico\/#article\",\"isPartOf\":{\"@id\":\"https:\/\/www.sonoraenequipo.com.mx\/somos-nuestra-memoria-el-silencio-que-enferma-desafios-de-la-salud-mental-de-la-mujer-en-mexico\/\"},\"author\":{\"name\":\"enequipo\",\"@id\":\"https:\/\/www.sonoraenequipo.com.mx\/#\/schema\/person\/50102df0fb23a8fa9e8effad8fa81386\"},\"headline\":\"SOMOS NUESTRA MEMORIA. El silencio que enferma: desaf\u00edos de la salud mental de la mujer en M\u00e9xico\",\"datePublished\":\"2026-03-08T23:10:15+00:00\",\"mainEntityOfPage\":{\"@id\":\"https:\/\/www.sonoraenequipo.com.mx\/somos-nuestra-memoria-el-silencio-que-enferma-desafios-de-la-salud-mental-de-la-mujer-en-mexico\/\"},\"wordCount\":799,\"commentCount\":0,\"publisher\":{\"@id\":\"https:\/\/www.sonoraenequipo.com.mx\/#organization\"},\"image\":{\"@id\":\"https:\/\/www.sonoraenequipo.com.mx\/somos-nuestra-memoria-el-silencio-que-enferma-desafios-de-la-salud-mental-de-la-mujer-en-mexico\/#primaryimage\"},\"thumbnailUrl\":\"https:\/\/www.sonoraenequipo.com.mx\/storage\/2026\/03\/desafios.jpg\",\"keywords\":[\"mujeres\",\"Salud Mental\"],\"articleSection\":[\"Voces\"],\"inLanguage\":\"es\",\"potentialAction\":[{\"@type\":\"CommentAction\",\"name\":\"Comment\",\"target\":[\"https:\/\/www.sonoraenequipo.com.mx\/somos-nuestra-memoria-el-silencio-que-enferma-desafios-de-la-salud-mental-de-la-mujer-en-mexico\/#respond\"]}]},{\"@type\":\"WebPage\",\"@id\":\"https:\/\/www.sonoraenequipo.com.mx\/somos-nuestra-memoria-el-silencio-que-enferma-desafios-de-la-salud-mental-de-la-mujer-en-mexico\/\",\"url\":\"https:\/\/www.sonoraenequipo.com.mx\/somos-nuestra-memoria-el-silencio-que-enferma-desafios-de-la-salud-mental-de-la-mujer-en-mexico\/\",\"name\":\"Sonora en Equipo. SOMOS NUESTRA MEMORIA. El silencio que enferma: desaf\u00edos de la salud mental de la mujer en M\u00e9xico Voces\",\"isPartOf\":{\"@id\":\"https:\/\/www.sonoraenequipo.com.mx\/#website\"},\"primaryImageOfPage\":{\"@id\":\"https:\/\/www.sonoraenequipo.com.mx\/somos-nuestra-memoria-el-silencio-que-enferma-desafios-de-la-salud-mental-de-la-mujer-en-mexico\/#primaryimage\"},\"image\":{\"@id\":\"https:\/\/www.sonoraenequipo.com.mx\/somos-nuestra-memoria-el-silencio-que-enferma-desafios-de-la-salud-mental-de-la-mujer-en-mexico\/#primaryimage\"},\"thumbnailUrl\":\"https:\/\/www.sonoraenequipo.com.mx\/storage\/2026\/03\/desafios.jpg\",\"datePublished\":\"2026-03-08T23:10:15+00:00\",\"description\":\"Hay un dolor que no sangra. No deja moretones visibles ni cicatrices que el ojo ajeno pueda detectar. Es un dolor que muchas mujeres cargan en silencio, En Sonora en Equipo publicamos toda la informaci\u00f3n de Sonora, M\u00e9xico y el Mundo de manera oportuna y busca que la libertad de expresi\u00f3n sea real. Visita nuestro medio informativo publicado desde Hermosillo, Sonora. %\",\"breadcrumb\":{\"@id\":\"https:\/\/www.sonoraenequipo.com.mx\/somos-nuestra-memoria-el-silencio-que-enferma-desafios-de-la-salud-mental-de-la-mujer-en-mexico\/#breadcrumb\"},\"inLanguage\":\"es\",\"potentialAction\":[{\"@type\":\"ReadAction\",\"target\":[\"https:\/\/www.sonoraenequipo.com.mx\/somos-nuestra-memoria-el-silencio-que-enferma-desafios-de-la-salud-mental-de-la-mujer-en-mexico\/\"]}]},{\"@type\":\"ImageObject\",\"inLanguage\":\"es\",\"@id\":\"https:\/\/www.sonoraenequipo.com.mx\/somos-nuestra-memoria-el-silencio-que-enferma-desafios-de-la-salud-mental-de-la-mujer-en-mexico\/#primaryimage\",\"url\":\"https:\/\/www.sonoraenequipo.com.mx\/storage\/2026\/03\/desafios.jpg\",\"contentUrl\":\"https:\/\/www.sonoraenequipo.com.mx\/storage\/2026\/03\/desafios.jpg\",\"width\":600,\"height\":400},{\"@type\":\"BreadcrumbList\",\"@id\":\"https:\/\/www.sonoraenequipo.com.mx\/somos-nuestra-memoria-el-silencio-que-enferma-desafios-de-la-salud-mental-de-la-mujer-en-mexico\/#breadcrumb\",\"itemListElement\":[{\"@type\":\"ListItem\",\"position\":1,\"name\":\"Portada\",\"item\":\"https:\/\/www.sonoraenequipo.com.mx\/\"},{\"@type\":\"ListItem\",\"position\":2,\"name\":\"SOMOS NUESTRA MEMORIA. El silencio que enferma: desaf\u00edos de la salud mental de la mujer en M\u00e9xico\"}]},{\"@type\":\"WebSite\",\"@id\":\"https:\/\/www.sonoraenequipo.com.mx\/#website\",\"url\":\"https:\/\/www.sonoraenequipo.com.mx\/\",\"name\":\"Sonora en Equipo.\",\"description\":\"Diario en l\u00ednea con Noticias desde Hermosillo, Sonora\",\"publisher\":{\"@id\":\"https:\/\/www.sonoraenequipo.com.mx\/#organization\"},\"potentialAction\":[{\"@type\":\"SearchAction\",\"target\":{\"@type\":\"EntryPoint\",\"urlTemplate\":\"https:\/\/www.sonoraenequipo.com.mx\/?s={search_term_string}\"},\"query-input\":{\"@type\":\"PropertyValueSpecification\",\"valueRequired\":true,\"valueName\":\"search_term_string\"}}],\"inLanguage\":\"es\"},{\"@type\":\"Organization\",\"@id\":\"https:\/\/www.sonoraenequipo.com.mx\/#organization\",\"name\":\"Sonoraenequipo.com.mx\",\"url\":\"https:\/\/www.sonoraenequipo.com.mx\/\",\"logo\":{\"@type\":\"ImageObject\",\"inLanguage\":\"es\",\"@id\":\"https:\/\/www.sonoraenequipo.com.mx\/#\/schema\/logo\/image\/\",\"url\":\"https:\/\/www.sonoraenequipo.com.mx\/storage\/2019\/01\/sonoraenequipo_opt.png\",\"contentUrl\":\"https:\/\/www.sonoraenequipo.com.mx\/storage\/2019\/01\/sonoraenequipo_opt.png\",\"width\":375,\"height\":125,\"caption\":\"Sonoraenequipo.com.mx\"},\"image\":{\"@id\":\"https:\/\/www.sonoraenequipo.com.mx\/#\/schema\/logo\/image\/\"},\"sameAs\":[\"https:\/\/www.facebook.com\/SonoraEE\/\",\"https:\/\/x.com\/sonoraenequipo\",\"https:\/\/www.youtube.com\/channel\/UC338nW-lPEYmJQs4ZABQ1SQ\"]},{\"@type\":\"Person\",\"@id\":\"https:\/\/www.sonoraenequipo.com.mx\/#\/schema\/person\/50102df0fb23a8fa9e8effad8fa81386\",\"name\":\"enequipo\",\"image\":{\"@type\":\"ImageObject\",\"inLanguage\":\"es\",\"@id\":\"https:\/\/www.sonoraenequipo.com.mx\/#\/schema\/person\/image\/\",\"url\":\"https:\/\/secure.gravatar.com\/avatar\/049821681b589dabc0bc20695993ccebb09f5b5d4d790cd9251b97faac7c652b?s=96&d=blank&r=g\",\"contentUrl\":\"https:\/\/secure.gravatar.com\/avatar\/049821681b589dabc0bc20695993ccebb09f5b5d4d790cd9251b97faac7c652b?s=96&d=blank&r=g\",\"caption\":\"enequipo\"},\"sameAs\":[\"https:\/\/www.facebook.com\/SonoraEE\"]}]}<\/script>\n ","yoast_head_json":{"title":"Sonora en Equipo. SOMOS NUESTRA MEMORIA. El silencio que enferma: desaf\u00edos de la salud mental de la mujer en M\u00e9xico Voces","description":"Hay un dolor que no sangra. No deja moretones visibles ni cicatrices que el ojo ajeno pueda detectar. Es un dolor que muchas mujeres cargan en silencio, En Sonora en Equipo publicamos toda la informaci\u00f3n de Sonora, M\u00e9xico y el Mundo de manera oportuna y busca que la libertad de expresi\u00f3n sea real. Visita nuestro medio informativo publicado desde Hermosillo, Sonora. %","robots":{"index":"index","follow":"follow","max-snippet":"max-snippet:-1","max-image-preview":"max-image-preview:large","max-video-preview":"max-video-preview:-1"},"canonical":"https:\/\/www.sonoraenequipo.com.mx\/somos-nuestra-memoria-el-silencio-que-enferma-desafios-de-la-salud-mental-de-la-mujer-en-mexico\/","og_locale":"es_ES","og_type":"article","og_title":"Sonora en Equipo. SOMOS NUESTRA MEMORIA. El silencio que enferma: desaf\u00edos de la salud mental de la mujer en M\u00e9xico Voces","og_description":"Hay un dolor que no sangra. No deja moretones visibles ni cicatrices que el ojo ajeno pueda detectar. Es un dolor que muchas mujeres cargan en silencio, En Sonora en Equipo publicamos toda la informaci\u00f3n de Sonora, M\u00e9xico y el Mundo de manera oportuna y busca que la libertad de expresi\u00f3n sea real. Visita nuestro medio informativo publicado desde Hermosillo, Sonora. %","og_url":"https:\/\/www.sonoraenequipo.com.mx\/somos-nuestra-memoria-el-silencio-que-enferma-desafios-de-la-salud-mental-de-la-mujer-en-mexico\/","og_site_name":"Sonora en Equipo.","article_publisher":"https:\/\/www.facebook.com\/SonoraEE\/","article_author":"https:\/\/www.facebook.com\/SonoraEE","article_published_time":"2026-03-08T23:10:15+00:00","og_image":[{"width":600,"height":400,"url":"https:\/\/www.sonoraenequipo.com.mx\/storage\/2026\/03\/desafios.jpg","type":"image\/jpeg"}],"author":"enequipo","twitter_card":"summary_large_image","twitter_creator":"@sonoraenequipo","twitter_site":"@sonoraenequipo","twitter_misc":{"Escrito por":"enequipo","Tiempo de lectura":"4 minutos"},"schema":{"@context":"https:\/\/schema.org","@graph":[{"@type":"Article","@id":"https:\/\/www.sonoraenequipo.com.mx\/somos-nuestra-memoria-el-silencio-que-enferma-desafios-de-la-salud-mental-de-la-mujer-en-mexico\/#article","isPartOf":{"@id":"https:\/\/www.sonoraenequipo.com.mx\/somos-nuestra-memoria-el-silencio-que-enferma-desafios-de-la-salud-mental-de-la-mujer-en-mexico\/"},"author":{"name":"enequipo","@id":"https:\/\/www.sonoraenequipo.com.mx\/#\/schema\/person\/50102df0fb23a8fa9e8effad8fa81386"},"headline":"SOMOS NUESTRA MEMORIA. El silencio que enferma: desaf\u00edos de la salud mental de la mujer en M\u00e9xico","datePublished":"2026-03-08T23:10:15+00:00","mainEntityOfPage":{"@id":"https:\/\/www.sonoraenequipo.com.mx\/somos-nuestra-memoria-el-silencio-que-enferma-desafios-de-la-salud-mental-de-la-mujer-en-mexico\/"},"wordCount":799,"commentCount":0,"publisher":{"@id":"https:\/\/www.sonoraenequipo.com.mx\/#organization"},"image":{"@id":"https:\/\/www.sonoraenequipo.com.mx\/somos-nuestra-memoria-el-silencio-que-enferma-desafios-de-la-salud-mental-de-la-mujer-en-mexico\/#primaryimage"},"thumbnailUrl":"https:\/\/www.sonoraenequipo.com.mx\/storage\/2026\/03\/desafios.jpg","keywords":["mujeres","Salud Mental"],"articleSection":["Voces"],"inLanguage":"es","potentialAction":[{"@type":"CommentAction","name":"Comment","target":["https:\/\/www.sonoraenequipo.com.mx\/somos-nuestra-memoria-el-silencio-que-enferma-desafios-de-la-salud-mental-de-la-mujer-en-mexico\/#respond"]}]},{"@type":"WebPage","@id":"https:\/\/www.sonoraenequipo.com.mx\/somos-nuestra-memoria-el-silencio-que-enferma-desafios-de-la-salud-mental-de-la-mujer-en-mexico\/","url":"https:\/\/www.sonoraenequipo.com.mx\/somos-nuestra-memoria-el-silencio-que-enferma-desafios-de-la-salud-mental-de-la-mujer-en-mexico\/","name":"Sonora en Equipo. SOMOS NUESTRA MEMORIA. El silencio que enferma: desaf\u00edos de la salud mental de la mujer en M\u00e9xico Voces","isPartOf":{"@id":"https:\/\/www.sonoraenequipo.com.mx\/#website"},"primaryImageOfPage":{"@id":"https:\/\/www.sonoraenequipo.com.mx\/somos-nuestra-memoria-el-silencio-que-enferma-desafios-de-la-salud-mental-de-la-mujer-en-mexico\/#primaryimage"},"image":{"@id":"https:\/\/www.sonoraenequipo.com.mx\/somos-nuestra-memoria-el-silencio-que-enferma-desafios-de-la-salud-mental-de-la-mujer-en-mexico\/#primaryimage"},"thumbnailUrl":"https:\/\/www.sonoraenequipo.com.mx\/storage\/2026\/03\/desafios.jpg","datePublished":"2026-03-08T23:10:15+00:00","description":"Hay un dolor que no sangra. No deja moretones visibles ni cicatrices que el ojo ajeno pueda detectar. Es un dolor que muchas mujeres cargan en silencio, En Sonora en Equipo publicamos toda la informaci\u00f3n de Sonora, M\u00e9xico y el Mundo de manera oportuna y busca que la libertad de expresi\u00f3n sea real. Visita nuestro medio informativo publicado desde Hermosillo, Sonora. %","breadcrumb":{"@id":"https:\/\/www.sonoraenequipo.com.mx\/somos-nuestra-memoria-el-silencio-que-enferma-desafios-de-la-salud-mental-de-la-mujer-en-mexico\/#breadcrumb"},"inLanguage":"es","potentialAction":[{"@type":"ReadAction","target":["https:\/\/www.sonoraenequipo.com.mx\/somos-nuestra-memoria-el-silencio-que-enferma-desafios-de-la-salud-mental-de-la-mujer-en-mexico\/"]}]},{"@type":"ImageObject","inLanguage":"es","@id":"https:\/\/www.sonoraenequipo.com.mx\/somos-nuestra-memoria-el-silencio-que-enferma-desafios-de-la-salud-mental-de-la-mujer-en-mexico\/#primaryimage","url":"https:\/\/www.sonoraenequipo.com.mx\/storage\/2026\/03\/desafios.jpg","contentUrl":"https:\/\/www.sonoraenequipo.com.mx\/storage\/2026\/03\/desafios.jpg","width":600,"height":400},{"@type":"BreadcrumbList","@id":"https:\/\/www.sonoraenequipo.com.mx\/somos-nuestra-memoria-el-silencio-que-enferma-desafios-de-la-salud-mental-de-la-mujer-en-mexico\/#breadcrumb","itemListElement":[{"@type":"ListItem","position":1,"name":"Portada","item":"https:\/\/www.sonoraenequipo.com.mx\/"},{"@type":"ListItem","position":2,"name":"SOMOS NUESTRA MEMORIA. El silencio que enferma: desaf\u00edos de la salud mental de la mujer en M\u00e9xico"}]},{"@type":"WebSite","@id":"https:\/\/www.sonoraenequipo.com.mx\/#website","url":"https:\/\/www.sonoraenequipo.com.mx\/","name":"Sonora en Equipo.","description":"Diario en l\u00ednea con Noticias desde Hermosillo, Sonora","publisher":{"@id":"https:\/\/www.sonoraenequipo.com.mx\/#organization"},"potentialAction":[{"@type":"SearchAction","target":{"@type":"EntryPoint","urlTemplate":"https:\/\/www.sonoraenequipo.com.mx\/?s={search_term_string}"},"query-input":{"@type":"PropertyValueSpecification","valueRequired":true,"valueName":"search_term_string"}}],"inLanguage":"es"},{"@type":"Organization","@id":"https:\/\/www.sonoraenequipo.com.mx\/#organization","name":"Sonoraenequipo.com.mx","url":"https:\/\/www.sonoraenequipo.com.mx\/","logo":{"@type":"ImageObject","inLanguage":"es","@id":"https:\/\/www.sonoraenequipo.com.mx\/#\/schema\/logo\/image\/","url":"https:\/\/www.sonoraenequipo.com.mx\/storage\/2019\/01\/sonoraenequipo_opt.png","contentUrl":"https:\/\/www.sonoraenequipo.com.mx\/storage\/2019\/01\/sonoraenequipo_opt.png","width":375,"height":125,"caption":"Sonoraenequipo.com.mx"},"image":{"@id":"https:\/\/www.sonoraenequipo.com.mx\/#\/schema\/logo\/image\/"},"sameAs":["https:\/\/www.facebook.com\/SonoraEE\/","https:\/\/x.com\/sonoraenequipo","https:\/\/www.youtube.com\/channel\/UC338nW-lPEYmJQs4ZABQ1SQ"]},{"@type":"Person","@id":"https:\/\/www.sonoraenequipo.com.mx\/#\/schema\/person\/50102df0fb23a8fa9e8effad8fa81386","name":"enequipo","image":{"@type":"ImageObject","inLanguage":"es","@id":"https:\/\/www.sonoraenequipo.com.mx\/#\/schema\/person\/image\/","url":"https:\/\/secure.gravatar.com\/avatar\/049821681b589dabc0bc20695993ccebb09f5b5d4d790cd9251b97faac7c652b?s=96&d=blank&r=g","contentUrl":"https:\/\/secure.gravatar.com\/avatar\/049821681b589dabc0bc20695993ccebb09f5b5d4d790cd9251b97faac7c652b?s=96&d=blank&r=g","caption":"enequipo"},"sameAs":["https:\/\/www.facebook.com\/SonoraEE"]}]}},"jetpack_featured_media_url":"https:\/\/www.sonoraenequipo.com.mx\/storage\/2026\/03\/desafios.jpg","_links":{"self":[{"href":"https:\/\/www.sonoraenequipo.com.mx\/api\/wp\/v2\/posts\/236855","targetHints":{"allow":["GET"]}}],"collection":[{"href":"https:\/\/www.sonoraenequipo.com.mx\/api\/wp\/v2\/posts"}],"about":[{"href":"https:\/\/www.sonoraenequipo.com.mx\/api\/wp\/v2\/types\/post"}],"author":[{"embeddable":true,"href":"https:\/\/www.sonoraenequipo.com.mx\/api\/wp\/v2\/users\/1"}],"replies":[{"embeddable":true,"href":"https:\/\/www.sonoraenequipo.com.mx\/api\/wp\/v2\/comments?post=236855"}],"version-history":[{"count":1,"href":"https:\/\/www.sonoraenequipo.com.mx\/api\/wp\/v2\/posts\/236855\/revisions"}],"predecessor-version":[{"id":236857,"href":"https:\/\/www.sonoraenequipo.com.mx\/api\/wp\/v2\/posts\/236855\/revisions\/236857"}],"wp:featuredmedia":[{"embeddable":true,"href":"https:\/\/www.sonoraenequipo.com.mx\/api\/wp\/v2\/media\/236856"}],"wp:attachment":[{"href":"https:\/\/www.sonoraenequipo.com.mx\/api\/wp\/v2\/media?parent=236855"}],"wp:term":[{"taxonomy":"category","embeddable":true,"href":"https:\/\/www.sonoraenequipo.com.mx\/api\/wp\/v2\/categories?post=236855"},{"taxonomy":"post_tag","embeddable":true,"href":"https:\/\/www.sonoraenequipo.com.mx\/api\/wp\/v2\/tags?post=236855"}],"curies":[{"name":"wp","href":"https:\/\/api.w.org\/{rel}","templated":true}]}}