{"id":236858,"date":"2026-03-08T17:39:46","date_gmt":"2026-03-09T00:39:46","guid":{"rendered":"https:\/\/www.sonoraenequipo.com.mx\/?p=236858"},"modified":"2026-03-08T17:39:46","modified_gmt":"2026-03-09T00:39:46","slug":"vinculan-a-proceso-a-dos-sujetos-por-violencia-familiar-en-nogales-fgjes","status":"publish","type":"post","link":"https:\/\/www.sonoraenequipo.com.mx\/vinculan-a-proceso-a-dos-sujetos-por-violencia-familiar-en-nogales-fgjes\/","title":{"rendered":"Vinculan a proceso a dos sujetos por violencia familiar \u00a0en Nogales: FGJES"},"content":{"rendered":"<p><strong>NOGALES, SONORA, MX. \u2014<\/strong> En audiencias por separado, la Fiscal\u00eda General de Justicia del Estado de Sonora (FGJES) obtuvo la vinculaci\u00f3n a proceso de dos hombres por hechos distintos de violencia familiar; en uno de los casos tambi\u00e9n por da\u00f1os y resistencia de particulares, ambos suscitados en Nogales, Sonora.<\/p>\n<p>&nbsp;<\/p>\n<p>En el primer caso, Jorge Luis \u201cN\u201d, de 37 a\u00f1os, fue detenido por agentes de Seguridad P\u00fablica Municipal el 27 de febrero, tras ser se\u00f1alado por agredir f\u00edsicamente a una mujer al interior de una pick up GMC Sierra en circulaci\u00f3n sobre el bulevar Manlio Fabio Beltrones.<\/p>\n<p>&nbsp;<\/p>\n<p>La v\u00edctima, fue arrojada del veh\u00edculo en movimiento cuando el imputado intent\u00f3 huir, provoc\u00f3 da\u00f1os al impactarse contra infraestructura vial y fue asegurado luego de una persecuci\u00f3n. El Ministerio P\u00fablico expuso datos de prueba que acreditan actos de violencia f\u00edsica y psicol\u00f3gica en un contexto de relaci\u00f3n previa.<\/p>\n<p>&nbsp;<\/p>\n<p>En audiencia, el Juez resolvi\u00f3 vincularlo a proceso por violencia familiar, da\u00f1os y resistencia de particulares, considerando adem\u00e1s que conduc\u00eda bajo el influjo de sustancias, situaci\u00f3n que puso en riesgo la seguridad p\u00fablica y la integridad de la v\u00edctima.<\/p>\n<p>&nbsp;<\/p>\n<p>En un hecho diverso, tambi\u00e9n ocurrido el 27 de febrero, en la colonia Esperanza, Carmelo Alfonso \u201cN\u201d, de 32 a\u00f1os, fue vinculado a proceso por violencia familiar en perjuicio de su concubina, y de dos menores de edad.<\/p>\n<p>&nbsp;<\/p>\n<p>La investigaci\u00f3n establece que ejerci\u00f3 agresiones f\u00edsicas, verbales y psicol\u00f3gicas al interior del domicilio, ocasionando lesiones que tardan menos de 15 d\u00edas en sanar, sin poner en peligro la vida, adem\u00e1s de actos intimidatorios que afectaron la estabilidad emocional del n\u00facleo familiar.<\/p>\n<p>&nbsp;<\/p>\n<p>La Fiscal\u00eda General de Justicia del Estado de Sonora reitera que la violencia al interior del hogar ser\u00e1 investigada con firmeza y perspectiva de protecci\u00f3n a v\u00edctimas, privilegiando la seguridad de mujeres, ni\u00f1as y ni\u00f1os, y actuando con rigor jur\u00eddico para evitar la impunidad.<\/p>\n<p><strong>Fecha de publicaci\u00f3n domingo 8 de marzo de 2026<\/strong><\/p>\n","protected":false},"excerpt":{"rendered":"<p>NOGALES, SONORA, MX. \u2014 En audiencias por separado, la Fiscal\u00eda General de Justicia del Estado&#8230;<\/p>\n","protected":false},"author":1,"featured_media":236859,"comment_status":"open","ping_status":"open","sticky":false,"template":"","format":"standard","meta":{"_monsterinsights_skip_tracking":false,"_monsterinsights_sitenote_active":false,"_monsterinsights_sitenote_note":"","_monsterinsights_sitenote_category":0,"footnotes":""},"categories":[3144],"tags":[4462],"class_list":["post"],"yoast_head":" \n<title>Sonora en Equipo. Vinculan a proceso a dos sujetos por violencia familiar \u00a0en Nogales: FGJES Polic\u00edaca<\/title>\n<meta name=\"description\" content=\"NOGALES, SONORA, MX. \u2014 En audiencias por separado, la Fiscal\u00eda General de Justicia del Estado de Sonora (FGJES) obtuvo la vinculaci\u00f3n a proceso de dos En Sonora en Equipo publicamos toda la informaci\u00f3n de Sonora, M\u00e9xico y el Mundo de manera oportuna y busca que la libertad de expresi\u00f3n sea real. Visita nuestro medio informativo publicado desde Hermosillo, Sonora. %\" \/>\n<meta name=\"robots\" content=\"index, follow, max-snippet:-1, max-image-preview:large, max-video-preview:-1\" \/>\n<link rel=\"canonical\" href=\"https:\/\/www.sonoraenequipo.com.mx\/vinculan-a-proceso-a-dos-sujetos-por-violencia-familiar-en-nogales-fgjes\/\" \/>\n<meta property=\"og:locale\" content=\"es_ES\" \/>\n<meta property=\"og:type\" content=\"article\" \/>\n<meta property=\"og:title\" content=\"Sonora en Equipo. Vinculan a proceso a dos sujetos por violencia familiar \u00a0en Nogales: FGJES Polic\u00edaca\" \/>\n<meta property=\"og:description\" content=\"NOGALES, SONORA, MX. \u2014 En audiencias por separado, la Fiscal\u00eda General de Justicia del Estado de Sonora (FGJES) obtuvo la vinculaci\u00f3n a proceso de dos En Sonora en Equipo publicamos toda la informaci\u00f3n de Sonora, M\u00e9xico y el Mundo de manera oportuna y busca que la libertad de expresi\u00f3n sea real. Visita nuestro medio informativo publicado desde Hermosillo, Sonora. %\" \/>\n<meta property=\"og:url\" content=\"https:\/\/www.sonoraenequipo.com.mx\/vinculan-a-proceso-a-dos-sujetos-por-violencia-familiar-en-nogales-fgjes\/\" \/>\n<meta property=\"og:site_name\" content=\"Sonora en Equipo.\" \/>\n<meta property=\"article:publisher\" content=\"https:\/\/www.facebook.com\/SonoraEE\/\" \/>\n<meta property=\"article:author\" content=\"https:\/\/www.facebook.com\/SonoraEE\" \/>\n<meta property=\"article:published_time\" content=\"2026-03-09T00:39:46+00:00\" \/>\n<meta property=\"og:image\" content=\"https:\/\/www.sonoraenequipo.com.mx\/storage\/2026\/03\/violencia-familiar-nogales.jpg\" \/>\n\t<meta property=\"og:image:width\" content=\"600\" \/>\n\t<meta property=\"og:image:height\" content=\"400\" \/>\n\t<meta property=\"og:image:type\" content=\"image\/jpeg\" \/>\n<meta name=\"author\" content=\"enequipo\" \/>\n<meta name=\"twitter:card\" content=\"summary_large_image\" \/>\n<meta name=\"twitter:creator\" content=\"@sonoraenequipo\" \/>\n<meta name=\"twitter:site\" content=\"@sonoraenequipo\" \/>\n<meta name=\"twitter:label1\" content=\"Escrito por\" \/>\n\t<meta name=\"twitter:data1\" content=\"enequipo\" \/>\n\t<meta name=\"twitter:label2\" content=\"Tiempo de lectura\" \/>\n\t<meta name=\"twitter:data2\" content=\"2 minutos\" \/>\n<script type=\"application\/ld+json\" class=\"yoast-schema-graph\">{\"@context\":\"https:\/\/schema.org\",\"@graph\":[{\"@type\":\"Article\",\"@id\":\"https:\/\/www.sonoraenequipo.com.mx\/vinculan-a-proceso-a-dos-sujetos-por-violencia-familiar-en-nogales-fgjes\/#article\",\"isPartOf\":{\"@id\":\"https:\/\/www.sonoraenequipo.com.mx\/vinculan-a-proceso-a-dos-sujetos-por-violencia-familiar-en-nogales-fgjes\/\"},\"author\":{\"name\":\"enequipo\",\"@id\":\"https:\/\/www.sonoraenequipo.com.mx\/#\/schema\/person\/50102df0fb23a8fa9e8effad8fa81386\"},\"headline\":\"Vinculan a proceso a dos sujetos por violencia familiar \u00a0en Nogales: FGJES\",\"datePublished\":\"2026-03-09T00:39:46+00:00\",\"mainEntityOfPage\":{\"@id\":\"https:\/\/www.sonoraenequipo.com.mx\/vinculan-a-proceso-a-dos-sujetos-por-violencia-familiar-en-nogales-fgjes\/\"},\"wordCount\":364,\"commentCount\":0,\"publisher\":{\"@id\":\"https:\/\/www.sonoraenequipo.com.mx\/#organization\"},\"image\":{\"@id\":\"https:\/\/www.sonoraenequipo.com.mx\/vinculan-a-proceso-a-dos-sujetos-por-violencia-familiar-en-nogales-fgjes\/#primaryimage\"},\"thumbnailUrl\":\"https:\/\/www.sonoraenequipo.com.mx\/storage\/2026\/03\/violencia-familiar-nogales.jpg\",\"keywords\":[\"violencia familiar\"],\"articleSection\":[\"Polic\u00edaca\"],\"inLanguage\":\"es\",\"potentialAction\":[{\"@type\":\"CommentAction\",\"name\":\"Comment\",\"target\":[\"https:\/\/www.sonoraenequipo.com.mx\/vinculan-a-proceso-a-dos-sujetos-por-violencia-familiar-en-nogales-fgjes\/#respond\"]}]},{\"@type\":\"WebPage\",\"@id\":\"https:\/\/www.sonoraenequipo.com.mx\/vinculan-a-proceso-a-dos-sujetos-por-violencia-familiar-en-nogales-fgjes\/\",\"url\":\"https:\/\/www.sonoraenequipo.com.mx\/vinculan-a-proceso-a-dos-sujetos-por-violencia-familiar-en-nogales-fgjes\/\",\"name\":\"Sonora en Equipo. Vinculan a proceso a dos sujetos por violencia familiar \u00a0en Nogales: FGJES Polic\u00edaca\",\"isPartOf\":{\"@id\":\"https:\/\/www.sonoraenequipo.com.mx\/#website\"},\"primaryImageOfPage\":{\"@id\":\"https:\/\/www.sonoraenequipo.com.mx\/vinculan-a-proceso-a-dos-sujetos-por-violencia-familiar-en-nogales-fgjes\/#primaryimage\"},\"image\":{\"@id\":\"https:\/\/www.sonoraenequipo.com.mx\/vinculan-a-proceso-a-dos-sujetos-por-violencia-familiar-en-nogales-fgjes\/#primaryimage\"},\"thumbnailUrl\":\"https:\/\/www.sonoraenequipo.com.mx\/storage\/2026\/03\/violencia-familiar-nogales.jpg\",\"datePublished\":\"2026-03-09T00:39:46+00:00\",\"description\":\"NOGALES, SONORA, MX. \u2014 En audiencias por separado, la Fiscal\u00eda General de Justicia del Estado de Sonora (FGJES) obtuvo la vinculaci\u00f3n a proceso de dos En Sonora en Equipo publicamos toda la informaci\u00f3n de Sonora, M\u00e9xico y el Mundo de manera oportuna y busca que la libertad de expresi\u00f3n sea real. Visita nuestro medio informativo publicado desde Hermosillo, Sonora. %\",\"breadcrumb\":{\"@id\":\"https:\/\/www.sonoraenequipo.com.mx\/vinculan-a-proceso-a-dos-sujetos-por-violencia-familiar-en-nogales-fgjes\/#breadcrumb\"},\"inLanguage\":\"es\",\"potentialAction\":[{\"@type\":\"ReadAction\",\"target\":[\"https:\/\/www.sonoraenequipo.com.mx\/vinculan-a-proceso-a-dos-sujetos-por-violencia-familiar-en-nogales-fgjes\/\"]}]},{\"@type\":\"ImageObject\",\"inLanguage\":\"es\",\"@id\":\"https:\/\/www.sonoraenequipo.com.mx\/vinculan-a-proceso-a-dos-sujetos-por-violencia-familiar-en-nogales-fgjes\/#primaryimage\",\"url\":\"https:\/\/www.sonoraenequipo.com.mx\/storage\/2026\/03\/violencia-familiar-nogales.jpg\",\"contentUrl\":\"https:\/\/www.sonoraenequipo.com.mx\/storage\/2026\/03\/violencia-familiar-nogales.jpg\",\"width\":600,\"height\":400},{\"@type\":\"BreadcrumbList\",\"@id\":\"https:\/\/www.sonoraenequipo.com.mx\/vinculan-a-proceso-a-dos-sujetos-por-violencia-familiar-en-nogales-fgjes\/#breadcrumb\",\"itemListElement\":[{\"@type\":\"ListItem\",\"position\":1,\"name\":\"Portada\",\"item\":\"https:\/\/www.sonoraenequipo.com.mx\/\"},{\"@type\":\"ListItem\",\"position\":2,\"name\":\"Vinculan a proceso a dos sujetos por violencia familiar \u00a0en Nogales: FGJES\"}]},{\"@type\":\"WebSite\",\"@id\":\"https:\/\/www.sonoraenequipo.com.mx\/#website\",\"url\":\"https:\/\/www.sonoraenequipo.com.mx\/\",\"name\":\"Sonora en Equipo.\",\"description\":\"Diario en l\u00ednea con Noticias desde Hermosillo, Sonora\",\"publisher\":{\"@id\":\"https:\/\/www.sonoraenequipo.com.mx\/#organization\"},\"potentialAction\":[{\"@type\":\"SearchAction\",\"target\":{\"@type\":\"EntryPoint\",\"urlTemplate\":\"https:\/\/www.sonoraenequipo.com.mx\/?s={search_term_string}\"},\"query-input\":{\"@type\":\"PropertyValueSpecification\",\"valueRequired\":true,\"valueName\":\"search_term_string\"}}],\"inLanguage\":\"es\"},{\"@type\":\"Organization\",\"@id\":\"https:\/\/www.sonoraenequipo.com.mx\/#organization\",\"name\":\"Sonoraenequipo.com.mx\",\"url\":\"https:\/\/www.sonoraenequipo.com.mx\/\",\"logo\":{\"@type\":\"ImageObject\",\"inLanguage\":\"es\",\"@id\":\"https:\/\/www.sonoraenequipo.com.mx\/#\/schema\/logo\/image\/\",\"url\":\"https:\/\/www.sonoraenequipo.com.mx\/storage\/2019\/01\/sonoraenequipo_opt.png\",\"contentUrl\":\"https:\/\/www.sonoraenequipo.com.mx\/storage\/2019\/01\/sonoraenequipo_opt.png\",\"width\":375,\"height\":125,\"caption\":\"Sonoraenequipo.com.mx\"},\"image\":{\"@id\":\"https:\/\/www.sonoraenequipo.com.mx\/#\/schema\/logo\/image\/\"},\"sameAs\":[\"https:\/\/www.facebook.com\/SonoraEE\/\",\"https:\/\/x.com\/sonoraenequipo\",\"https:\/\/www.youtube.com\/channel\/UC338nW-lPEYmJQs4ZABQ1SQ\"]},{\"@type\":\"Person\",\"@id\":\"https:\/\/www.sonoraenequipo.com.mx\/#\/schema\/person\/50102df0fb23a8fa9e8effad8fa81386\",\"name\":\"enequipo\",\"image\":{\"@type\":\"ImageObject\",\"inLanguage\":\"es\",\"@id\":\"https:\/\/www.sonoraenequipo.com.mx\/#\/schema\/person\/image\/\",\"url\":\"https:\/\/secure.gravatar.com\/avatar\/049821681b589dabc0bc20695993ccebb09f5b5d4d790cd9251b97faac7c652b?s=96&d=blank&r=g\",\"contentUrl\":\"https:\/\/secure.gravatar.com\/avatar\/049821681b589dabc0bc20695993ccebb09f5b5d4d790cd9251b97faac7c652b?s=96&d=blank&r=g\",\"caption\":\"enequipo\"},\"sameAs\":[\"https:\/\/www.facebook.com\/SonoraEE\"]}]}<\/script>\n ","yoast_head_json":{"title":"Sonora en Equipo. Vinculan a proceso a dos sujetos por violencia familiar \u00a0en Nogales: FGJES Polic\u00edaca","description":"NOGALES, SONORA, MX. \u2014 En audiencias por separado, la Fiscal\u00eda General de Justicia del Estado de Sonora (FGJES) obtuvo la vinculaci\u00f3n a proceso de dos En Sonora en Equipo publicamos toda la informaci\u00f3n de Sonora, M\u00e9xico y el Mundo de manera oportuna y busca que la libertad de expresi\u00f3n sea real. Visita nuestro medio informativo publicado desde Hermosillo, Sonora. %","robots":{"index":"index","follow":"follow","max-snippet":"max-snippet:-1","max-image-preview":"max-image-preview:large","max-video-preview":"max-video-preview:-1"},"canonical":"https:\/\/www.sonoraenequipo.com.mx\/vinculan-a-proceso-a-dos-sujetos-por-violencia-familiar-en-nogales-fgjes\/","og_locale":"es_ES","og_type":"article","og_title":"Sonora en Equipo. Vinculan a proceso a dos sujetos por violencia familiar \u00a0en Nogales: FGJES Polic\u00edaca","og_description":"NOGALES, SONORA, MX. \u2014 En audiencias por separado, la Fiscal\u00eda General de Justicia del Estado de Sonora (FGJES) obtuvo la vinculaci\u00f3n a proceso de dos En Sonora en Equipo publicamos toda la informaci\u00f3n de Sonora, M\u00e9xico y el Mundo de manera oportuna y busca que la libertad de expresi\u00f3n sea real. Visita nuestro medio informativo publicado desde Hermosillo, Sonora. %","og_url":"https:\/\/www.sonoraenequipo.com.mx\/vinculan-a-proceso-a-dos-sujetos-por-violencia-familiar-en-nogales-fgjes\/","og_site_name":"Sonora en Equipo.","article_publisher":"https:\/\/www.facebook.com\/SonoraEE\/","article_author":"https:\/\/www.facebook.com\/SonoraEE","article_published_time":"2026-03-09T00:39:46+00:00","og_image":[{"width":600,"height":400,"url":"https:\/\/www.sonoraenequipo.com.mx\/storage\/2026\/03\/violencia-familiar-nogales.jpg","type":"image\/jpeg"}],"author":"enequipo","twitter_card":"summary_large_image","twitter_creator":"@sonoraenequipo","twitter_site":"@sonoraenequipo","twitter_misc":{"Escrito por":"enequipo","Tiempo de lectura":"2 minutos"},"schema":{"@context":"https:\/\/schema.org","@graph":[{"@type":"Article","@id":"https:\/\/www.sonoraenequipo.com.mx\/vinculan-a-proceso-a-dos-sujetos-por-violencia-familiar-en-nogales-fgjes\/#article","isPartOf":{"@id":"https:\/\/www.sonoraenequipo.com.mx\/vinculan-a-proceso-a-dos-sujetos-por-violencia-familiar-en-nogales-fgjes\/"},"author":{"name":"enequipo","@id":"https:\/\/www.sonoraenequipo.com.mx\/#\/schema\/person\/50102df0fb23a8fa9e8effad8fa81386"},"headline":"Vinculan a proceso a dos sujetos por violencia familiar \u00a0en Nogales: FGJES","datePublished":"2026-03-09T00:39:46+00:00","mainEntityOfPage":{"@id":"https:\/\/www.sonoraenequipo.com.mx\/vinculan-a-proceso-a-dos-sujetos-por-violencia-familiar-en-nogales-fgjes\/"},"wordCount":364,"commentCount":0,"publisher":{"@id":"https:\/\/www.sonoraenequipo.com.mx\/#organization"},"image":{"@id":"https:\/\/www.sonoraenequipo.com.mx\/vinculan-a-proceso-a-dos-sujetos-por-violencia-familiar-en-nogales-fgjes\/#primaryimage"},"thumbnailUrl":"https:\/\/www.sonoraenequipo.com.mx\/storage\/2026\/03\/violencia-familiar-nogales.jpg","keywords":["violencia familiar"],"articleSection":["Polic\u00edaca"],"inLanguage":"es","potentialAction":[{"@type":"CommentAction","name":"Comment","target":["https:\/\/www.sonoraenequipo.com.mx\/vinculan-a-proceso-a-dos-sujetos-por-violencia-familiar-en-nogales-fgjes\/#respond"]}]},{"@type":"WebPage","@id":"https:\/\/www.sonoraenequipo.com.mx\/vinculan-a-proceso-a-dos-sujetos-por-violencia-familiar-en-nogales-fgjes\/","url":"https:\/\/www.sonoraenequipo.com.mx\/vinculan-a-proceso-a-dos-sujetos-por-violencia-familiar-en-nogales-fgjes\/","name":"Sonora en Equipo. Vinculan a proceso a dos sujetos por violencia familiar \u00a0en Nogales: FGJES Polic\u00edaca","isPartOf":{"@id":"https:\/\/www.sonoraenequipo.com.mx\/#website"},"primaryImageOfPage":{"@id":"https:\/\/www.sonoraenequipo.com.mx\/vinculan-a-proceso-a-dos-sujetos-por-violencia-familiar-en-nogales-fgjes\/#primaryimage"},"image":{"@id":"https:\/\/www.sonoraenequipo.com.mx\/vinculan-a-proceso-a-dos-sujetos-por-violencia-familiar-en-nogales-fgjes\/#primaryimage"},"thumbnailUrl":"https:\/\/www.sonoraenequipo.com.mx\/storage\/2026\/03\/violencia-familiar-nogales.jpg","datePublished":"2026-03-09T00:39:46+00:00","description":"NOGALES, SONORA, MX. \u2014 En audiencias por separado, la Fiscal\u00eda General de Justicia del Estado de Sonora (FGJES) obtuvo la vinculaci\u00f3n a proceso de dos En Sonora en Equipo publicamos toda la informaci\u00f3n de Sonora, M\u00e9xico y el Mundo de manera oportuna y busca que la libertad de expresi\u00f3n sea real. Visita nuestro medio informativo publicado desde Hermosillo, Sonora. %","breadcrumb":{"@id":"https:\/\/www.sonoraenequipo.com.mx\/vinculan-a-proceso-a-dos-sujetos-por-violencia-familiar-en-nogales-fgjes\/#breadcrumb"},"inLanguage":"es","potentialAction":[{"@type":"ReadAction","target":["https:\/\/www.sonoraenequipo.com.mx\/vinculan-a-proceso-a-dos-sujetos-por-violencia-familiar-en-nogales-fgjes\/"]}]},{"@type":"ImageObject","inLanguage":"es","@id":"https:\/\/www.sonoraenequipo.com.mx\/vinculan-a-proceso-a-dos-sujetos-por-violencia-familiar-en-nogales-fgjes\/#primaryimage","url":"https:\/\/www.sonoraenequipo.com.mx\/storage\/2026\/03\/violencia-familiar-nogales.jpg","contentUrl":"https:\/\/www.sonoraenequipo.com.mx\/storage\/2026\/03\/violencia-familiar-nogales.jpg","width":600,"height":400},{"@type":"BreadcrumbList","@id":"https:\/\/www.sonoraenequipo.com.mx\/vinculan-a-proceso-a-dos-sujetos-por-violencia-familiar-en-nogales-fgjes\/#breadcrumb","itemListElement":[{"@type":"ListItem","position":1,"name":"Portada","item":"https:\/\/www.sonoraenequipo.com.mx\/"},{"@type":"ListItem","position":2,"name":"Vinculan a proceso a dos sujetos por violencia familiar \u00a0en Nogales: FGJES"}]},{"@type":"WebSite","@id":"https:\/\/www.sonoraenequipo.com.mx\/#website","url":"https:\/\/www.sonoraenequipo.com.mx\/","name":"Sonora en Equipo.","description":"Diario en l\u00ednea con Noticias desde Hermosillo, Sonora","publisher":{"@id":"https:\/\/www.sonoraenequipo.com.mx\/#organization"},"potentialAction":[{"@type":"SearchAction","target":{"@type":"EntryPoint","urlTemplate":"https:\/\/www.sonoraenequipo.com.mx\/?s={search_term_string}"},"query-input":{"@type":"PropertyValueSpecification","valueRequired":true,"valueName":"search_term_string"}}],"inLanguage":"es"},{"@type":"Organization","@id":"https:\/\/www.sonoraenequipo.com.mx\/#organization","name":"Sonoraenequipo.com.mx","url":"https:\/\/www.sonoraenequipo.com.mx\/","logo":{"@type":"ImageObject","inLanguage":"es","@id":"https:\/\/www.sonoraenequipo.com.mx\/#\/schema\/logo\/image\/","url":"https:\/\/www.sonoraenequipo.com.mx\/storage\/2019\/01\/sonoraenequipo_opt.png","contentUrl":"https:\/\/www.sonoraenequipo.com.mx\/storage\/2019\/01\/sonoraenequipo_opt.png","width":375,"height":125,"caption":"Sonoraenequipo.com.mx"},"image":{"@id":"https:\/\/www.sonoraenequipo.com.mx\/#\/schema\/logo\/image\/"},"sameAs":["https:\/\/www.facebook.com\/SonoraEE\/","https:\/\/x.com\/sonoraenequipo","https:\/\/www.youtube.com\/channel\/UC338nW-lPEYmJQs4ZABQ1SQ"]},{"@type":"Person","@id":"https:\/\/www.sonoraenequipo.com.mx\/#\/schema\/person\/50102df0fb23a8fa9e8effad8fa81386","name":"enequipo","image":{"@type":"ImageObject","inLanguage":"es","@id":"https:\/\/www.sonoraenequipo.com.mx\/#\/schema\/person\/image\/","url":"https:\/\/secure.gravatar.com\/avatar\/049821681b589dabc0bc20695993ccebb09f5b5d4d790cd9251b97faac7c652b?s=96&d=blank&r=g","contentUrl":"https:\/\/secure.gravatar.com\/avatar\/049821681b589dabc0bc20695993ccebb09f5b5d4d790cd9251b97faac7c652b?s=96&d=blank&r=g","caption":"enequipo"},"sameAs":["https:\/\/www.facebook.com\/SonoraEE"]}]}},"jetpack_featured_media_url":"https:\/\/www.sonoraenequipo.com.mx\/storage\/2026\/03\/violencia-familiar-nogales.jpg","_links":{"self":[{"href":"https:\/\/www.sonoraenequipo.com.mx\/api\/wp\/v2\/posts\/236858","targetHints":{"allow":["GET"]}}],"collection":[{"href":"https:\/\/www.sonoraenequipo.com.mx\/api\/wp\/v2\/posts"}],"about":[{"href":"https:\/\/www.sonoraenequipo.com.mx\/api\/wp\/v2\/types\/post"}],"author":[{"embeddable":true,"href":"https:\/\/www.sonoraenequipo.com.mx\/api\/wp\/v2\/users\/1"}],"replies":[{"embeddable":true,"href":"https:\/\/www.sonoraenequipo.com.mx\/api\/wp\/v2\/comments?post=236858"}],"version-history":[{"count":1,"href":"https:\/\/www.sonoraenequipo.com.mx\/api\/wp\/v2\/posts\/236858\/revisions"}],"predecessor-version":[{"id":236860,"href":"https:\/\/www.sonoraenequipo.com.mx\/api\/wp\/v2\/posts\/236858\/revisions\/236860"}],"wp:featuredmedia":[{"embeddable":true,"href":"https:\/\/www.sonoraenequipo.com.mx\/api\/wp\/v2\/media\/236859"}],"wp:attachment":[{"href":"https:\/\/www.sonoraenequipo.com.mx\/api\/wp\/v2\/media?parent=236858"}],"wp:term":[{"taxonomy":"category","embeddable":true,"href":"https:\/\/www.sonoraenequipo.com.mx\/api\/wp\/v2\/categories?post=236858"},{"taxonomy":"post_tag","embeddable":true,"href":"https:\/\/www.sonoraenequipo.com.mx\/api\/wp\/v2\/tags?post=236858"}],"curies":[{"name":"wp","href":"https:\/\/api.w.org\/{rel}","templated":true}]}}