{"id":236861,"date":"2026-03-08T17:46:52","date_gmt":"2026-03-09T00:46:52","guid":{"rendered":"https:\/\/www.sonoraenequipo.com.mx\/?p=236861"},"modified":"2026-03-08T17:46:52","modified_gmt":"2026-03-09T00:46:52","slug":"durazo-fortalece-en-sonora-la-proteccion-justicia-y-atencion-para-las-mujeres","status":"publish","type":"post","link":"https:\/\/www.sonoraenequipo.com.mx\/durazo-fortalece-en-sonora-la-proteccion-justicia-y-atencion-para-las-mujeres\/","title":{"rendered":"Durazo fortalece en Sonora la protecci\u00f3n, justicia y atenci\u00f3n para las mujeres"},"content":{"rendered":"<p><strong>HERMOSILLO, SONORA, MX. \u2014<\/strong> Con una estrategia integral enfocada en prevenir y atender la violencia de g\u00e9nero, el gobernador Alfonso Durazo Monta\u00f1o fortalece en Sonora un modelo de protecci\u00f3n para las mujeres, a trav\u00e9s del Sistema de Atenci\u00f3n a la Violencia Familiar y de G\u00e9nero (SALVA) y una red de servicios gratuitos que han permitido bridar m\u00e1s de 360 mil acciones de atenci\u00f3n, prevenci\u00f3n y acompa\u00f1amiento desde 2021.<\/p>\n<p>&nbsp;<\/p>\n<p>En el marco del D\u00eda Internacional de las Mujeres, el mandatario sonorense refrenda su compromiso de impulsar pol\u00edticas p\u00fablicas que garanticen la seguridad, el acceso a la justicia y el bienestar de las sonorenses, colocando la protecci\u00f3n de sus derechos como una prioridad en la agenda estatal.<\/p>\n<p>&nbsp;<\/p>\n<p>Como resultado de estas acciones orientadas a garantizar entornos m\u00e1s seguros y libres de violencia, se ha brindado atenci\u00f3n, canalizaci\u00f3n y seguimiento a 165 mil 485 familias, derivado de reportes al 9-1-1 por violencia familiar y de g\u00e9nero, ofreciendo una respuesta institucional cercana y profesional.<\/p>\n<p>&nbsp;<\/p>\n<p>Asimismo, se han otorgado 11 mil 507 asesor\u00edas jur\u00eddicas para fortalecer la cultura de la denuncia y promover el ejercicio pleno de los derechos humanos de las mujeres, brindando orientaci\u00f3n y acompa\u00f1amiento institucional a quienes enfrentan situaciones de violencia de g\u00e9nero.<\/p>\n<p>&nbsp;<\/p>\n<p>Como parte de las labores de prevenci\u00f3n, se han instalado 3 mil 198 Zonas SALVA en los 72 municipios de Sonora, espacios seguros donde mujeres en situaci\u00f3n de riesgo pueden solicitar ayuda inmediata. Adem\u00e1s, 100 mil 610 personas han participado en capacitaciones de sensibilizaci\u00f3n y prevenci\u00f3n de la violencia en escuelas y colonias.<\/p>\n<p>&nbsp;<\/p>\n<p>En materia de atenci\u00f3n directa, el gobernador Alfonso Durazo Monta\u00f1o inform\u00f3 que actualmente operan 19 Centros LIBRE del Programa de Atenci\u00f3n Integral para el Bienestar de las Mujeres, con la meta de cerrar el a\u00f1o con 20 sedes en la entidad.<\/p>\n<p>&nbsp;<\/p>\n<p>Tan solo en 2025 se han brindado 49 mil 865 servicios integrales, que incluyen atenci\u00f3n psicol\u00f3gica, asesor\u00eda jur\u00eddica y acciones de prevenci\u00f3n. En total, desde 2021 el Gobierno de Sonora ha realizado 360 mil 493 acciones para prevenir y atender la violencia contra las mujeres, con servicios gratuitos de apoyo legal, atenci\u00f3n psicol\u00f3gica y acompa\u00f1amiento institucional.<\/p>\n<p>&nbsp;<\/p>\n<p>Con estas acciones, el gobernador Alfonso Durazo Monta\u00f1o refrenda su compromiso de actuar con firmeza y sensibilidad para garantizar entornos seguros y una vida libre de violencia para las mujeres sonorenses.<\/p>\n<p><strong>Fecha de publicaci\u00f3n domingo 8 de marzo de 2026<\/strong><\/p>\n","protected":false},"excerpt":{"rendered":"<p>HERMOSILLO, SONORA, MX. \u2014 Con una estrategia integral enfocada en prevenir y atender la violencia&#8230;<\/p>\n","protected":false},"author":1,"featured_media":236862,"comment_status":"open","ping_status":"open","sticky":false,"template":"","format":"standard","meta":{"_monsterinsights_skip_tracking":false,"_monsterinsights_sitenote_active":false,"_monsterinsights_sitenote_note":"","_monsterinsights_sitenote_category":0,"footnotes":""},"categories":[22],"tags":[2200,8304],"class_list":["post"],"yoast_head":" \n<title>Sonora en Equipo. Durazo fortalece en Sonora la protecci\u00f3n, justicia y atenci\u00f3n para las mujeres Sonora<\/title>\n<meta name=\"description\" content=\"HERMOSILLO, SONORA, MX. \u2014 Con una estrategia integral enfocada en prevenir y atender la violencia de g\u00e9nero, el gobernador Alfonso Durazo Monta\u00f1o En Sonora en Equipo publicamos toda la informaci\u00f3n de Sonora, M\u00e9xico y el Mundo de manera oportuna y busca que la libertad de expresi\u00f3n sea real. Visita nuestro medio informativo publicado desde Hermosillo, Sonora. %\" \/>\n<meta name=\"robots\" content=\"index, follow, max-snippet:-1, max-image-preview:large, max-video-preview:-1\" \/>\n<link rel=\"canonical\" href=\"https:\/\/www.sonoraenequipo.com.mx\/durazo-fortalece-en-sonora-la-proteccion-justicia-y-atencion-para-las-mujeres\/\" \/>\n<meta property=\"og:locale\" content=\"es_ES\" \/>\n<meta property=\"og:type\" content=\"article\" \/>\n<meta property=\"og:title\" content=\"Sonora en Equipo. Durazo fortalece en Sonora la protecci\u00f3n, justicia y atenci\u00f3n para las mujeres Sonora\" \/>\n<meta property=\"og:description\" content=\"HERMOSILLO, SONORA, MX. \u2014 Con una estrategia integral enfocada en prevenir y atender la violencia de g\u00e9nero, el gobernador Alfonso Durazo Monta\u00f1o En Sonora en Equipo publicamos toda la informaci\u00f3n de Sonora, M\u00e9xico y el Mundo de manera oportuna y busca que la libertad de expresi\u00f3n sea real. Visita nuestro medio informativo publicado desde Hermosillo, Sonora. %\" \/>\n<meta property=\"og:url\" content=\"https:\/\/www.sonoraenequipo.com.mx\/durazo-fortalece-en-sonora-la-proteccion-justicia-y-atencion-para-las-mujeres\/\" \/>\n<meta property=\"og:site_name\" content=\"Sonora en Equipo.\" \/>\n<meta property=\"article:publisher\" content=\"https:\/\/www.facebook.com\/SonoraEE\/\" \/>\n<meta property=\"article:author\" content=\"https:\/\/www.facebook.com\/SonoraEE\" \/>\n<meta property=\"article:published_time\" content=\"2026-03-09T00:46:52+00:00\" \/>\n<meta property=\"og:image\" content=\"https:\/\/www.sonoraenequipo.com.mx\/storage\/2026\/03\/adm-mujeres.jpg\" \/>\n\t<meta property=\"og:image:width\" content=\"600\" \/>\n\t<meta property=\"og:image:height\" content=\"399\" \/>\n\t<meta property=\"og:image:type\" content=\"image\/jpeg\" \/>\n<meta name=\"author\" content=\"enequipo\" \/>\n<meta name=\"twitter:card\" content=\"summary_large_image\" \/>\n<meta name=\"twitter:creator\" content=\"@sonoraenequipo\" \/>\n<meta name=\"twitter:site\" content=\"@sonoraenequipo\" \/>\n<meta name=\"twitter:label1\" content=\"Escrito por\" \/>\n\t<meta name=\"twitter:data1\" content=\"enequipo\" \/>\n\t<meta name=\"twitter:label2\" content=\"Tiempo de lectura\" \/>\n\t<meta name=\"twitter:data2\" content=\"2 minutos\" \/>\n<script type=\"application\/ld+json\" class=\"yoast-schema-graph\">{\"@context\":\"https:\/\/schema.org\",\"@graph\":[{\"@type\":\"Article\",\"@id\":\"https:\/\/www.sonoraenequipo.com.mx\/durazo-fortalece-en-sonora-la-proteccion-justicia-y-atencion-para-las-mujeres\/#article\",\"isPartOf\":{\"@id\":\"https:\/\/www.sonoraenequipo.com.mx\/durazo-fortalece-en-sonora-la-proteccion-justicia-y-atencion-para-las-mujeres\/\"},\"author\":{\"name\":\"enequipo\",\"@id\":\"https:\/\/www.sonoraenequipo.com.mx\/#\/schema\/person\/50102df0fb23a8fa9e8effad8fa81386\"},\"headline\":\"Durazo fortalece en Sonora la protecci\u00f3n, justicia y atenci\u00f3n para las mujeres\",\"datePublished\":\"2026-03-09T00:46:52+00:00\",\"mainEntityOfPage\":{\"@id\":\"https:\/\/www.sonoraenequipo.com.mx\/durazo-fortalece-en-sonora-la-proteccion-justicia-y-atencion-para-las-mujeres\/\"},\"wordCount\":433,\"commentCount\":0,\"publisher\":{\"@id\":\"https:\/\/www.sonoraenequipo.com.mx\/#organization\"},\"image\":{\"@id\":\"https:\/\/www.sonoraenequipo.com.mx\/durazo-fortalece-en-sonora-la-proteccion-justicia-y-atencion-para-las-mujeres\/#primaryimage\"},\"thumbnailUrl\":\"https:\/\/www.sonoraenequipo.com.mx\/storage\/2026\/03\/adm-mujeres.jpg\",\"keywords\":[\"Alfonso Durazo\",\"d\u00eda mujer\"],\"articleSection\":[\"Sonora\"],\"inLanguage\":\"es\",\"potentialAction\":[{\"@type\":\"CommentAction\",\"name\":\"Comment\",\"target\":[\"https:\/\/www.sonoraenequipo.com.mx\/durazo-fortalece-en-sonora-la-proteccion-justicia-y-atencion-para-las-mujeres\/#respond\"]}]},{\"@type\":\"WebPage\",\"@id\":\"https:\/\/www.sonoraenequipo.com.mx\/durazo-fortalece-en-sonora-la-proteccion-justicia-y-atencion-para-las-mujeres\/\",\"url\":\"https:\/\/www.sonoraenequipo.com.mx\/durazo-fortalece-en-sonora-la-proteccion-justicia-y-atencion-para-las-mujeres\/\",\"name\":\"Sonora en Equipo. Durazo fortalece en Sonora la protecci\u00f3n, justicia y atenci\u00f3n para las mujeres Sonora\",\"isPartOf\":{\"@id\":\"https:\/\/www.sonoraenequipo.com.mx\/#website\"},\"primaryImageOfPage\":{\"@id\":\"https:\/\/www.sonoraenequipo.com.mx\/durazo-fortalece-en-sonora-la-proteccion-justicia-y-atencion-para-las-mujeres\/#primaryimage\"},\"image\":{\"@id\":\"https:\/\/www.sonoraenequipo.com.mx\/durazo-fortalece-en-sonora-la-proteccion-justicia-y-atencion-para-las-mujeres\/#primaryimage\"},\"thumbnailUrl\":\"https:\/\/www.sonoraenequipo.com.mx\/storage\/2026\/03\/adm-mujeres.jpg\",\"datePublished\":\"2026-03-09T00:46:52+00:00\",\"description\":\"HERMOSILLO, SONORA, MX. \u2014 Con una estrategia integral enfocada en prevenir y atender la violencia de g\u00e9nero, el gobernador Alfonso Durazo Monta\u00f1o En Sonora en Equipo publicamos toda la informaci\u00f3n de Sonora, M\u00e9xico y el Mundo de manera oportuna y busca que la libertad de expresi\u00f3n sea real. Visita nuestro medio informativo publicado desde Hermosillo, Sonora. %\",\"breadcrumb\":{\"@id\":\"https:\/\/www.sonoraenequipo.com.mx\/durazo-fortalece-en-sonora-la-proteccion-justicia-y-atencion-para-las-mujeres\/#breadcrumb\"},\"inLanguage\":\"es\",\"potentialAction\":[{\"@type\":\"ReadAction\",\"target\":[\"https:\/\/www.sonoraenequipo.com.mx\/durazo-fortalece-en-sonora-la-proteccion-justicia-y-atencion-para-las-mujeres\/\"]}]},{\"@type\":\"ImageObject\",\"inLanguage\":\"es\",\"@id\":\"https:\/\/www.sonoraenequipo.com.mx\/durazo-fortalece-en-sonora-la-proteccion-justicia-y-atencion-para-las-mujeres\/#primaryimage\",\"url\":\"https:\/\/www.sonoraenequipo.com.mx\/storage\/2026\/03\/adm-mujeres.jpg\",\"contentUrl\":\"https:\/\/www.sonoraenequipo.com.mx\/storage\/2026\/03\/adm-mujeres.jpg\",\"width\":600,\"height\":399},{\"@type\":\"BreadcrumbList\",\"@id\":\"https:\/\/www.sonoraenequipo.com.mx\/durazo-fortalece-en-sonora-la-proteccion-justicia-y-atencion-para-las-mujeres\/#breadcrumb\",\"itemListElement\":[{\"@type\":\"ListItem\",\"position\":1,\"name\":\"Portada\",\"item\":\"https:\/\/www.sonoraenequipo.com.mx\/\"},{\"@type\":\"ListItem\",\"position\":2,\"name\":\"Durazo fortalece en Sonora la protecci\u00f3n, justicia y atenci\u00f3n para las mujeres\"}]},{\"@type\":\"WebSite\",\"@id\":\"https:\/\/www.sonoraenequipo.com.mx\/#website\",\"url\":\"https:\/\/www.sonoraenequipo.com.mx\/\",\"name\":\"Sonora en Equipo.\",\"description\":\"Diario en l\u00ednea con Noticias desde Hermosillo, Sonora\",\"publisher\":{\"@id\":\"https:\/\/www.sonoraenequipo.com.mx\/#organization\"},\"potentialAction\":[{\"@type\":\"SearchAction\",\"target\":{\"@type\":\"EntryPoint\",\"urlTemplate\":\"https:\/\/www.sonoraenequipo.com.mx\/?s={search_term_string}\"},\"query-input\":{\"@type\":\"PropertyValueSpecification\",\"valueRequired\":true,\"valueName\":\"search_term_string\"}}],\"inLanguage\":\"es\"},{\"@type\":\"Organization\",\"@id\":\"https:\/\/www.sonoraenequipo.com.mx\/#organization\",\"name\":\"Sonoraenequipo.com.mx\",\"url\":\"https:\/\/www.sonoraenequipo.com.mx\/\",\"logo\":{\"@type\":\"ImageObject\",\"inLanguage\":\"es\",\"@id\":\"https:\/\/www.sonoraenequipo.com.mx\/#\/schema\/logo\/image\/\",\"url\":\"https:\/\/www.sonoraenequipo.com.mx\/storage\/2019\/01\/sonoraenequipo_opt.png\",\"contentUrl\":\"https:\/\/www.sonoraenequipo.com.mx\/storage\/2019\/01\/sonoraenequipo_opt.png\",\"width\":375,\"height\":125,\"caption\":\"Sonoraenequipo.com.mx\"},\"image\":{\"@id\":\"https:\/\/www.sonoraenequipo.com.mx\/#\/schema\/logo\/image\/\"},\"sameAs\":[\"https:\/\/www.facebook.com\/SonoraEE\/\",\"https:\/\/x.com\/sonoraenequipo\",\"https:\/\/www.youtube.com\/channel\/UC338nW-lPEYmJQs4ZABQ1SQ\"]},{\"@type\":\"Person\",\"@id\":\"https:\/\/www.sonoraenequipo.com.mx\/#\/schema\/person\/50102df0fb23a8fa9e8effad8fa81386\",\"name\":\"enequipo\",\"image\":{\"@type\":\"ImageObject\",\"inLanguage\":\"es\",\"@id\":\"https:\/\/www.sonoraenequipo.com.mx\/#\/schema\/person\/image\/\",\"url\":\"https:\/\/secure.gravatar.com\/avatar\/049821681b589dabc0bc20695993ccebb09f5b5d4d790cd9251b97faac7c652b?s=96&d=blank&r=g\",\"contentUrl\":\"https:\/\/secure.gravatar.com\/avatar\/049821681b589dabc0bc20695993ccebb09f5b5d4d790cd9251b97faac7c652b?s=96&d=blank&r=g\",\"caption\":\"enequipo\"},\"sameAs\":[\"https:\/\/www.facebook.com\/SonoraEE\"]}]}<\/script>\n ","yoast_head_json":{"title":"Sonora en Equipo. Durazo fortalece en Sonora la protecci\u00f3n, justicia y atenci\u00f3n para las mujeres Sonora","description":"HERMOSILLO, SONORA, MX. \u2014 Con una estrategia integral enfocada en prevenir y atender la violencia de g\u00e9nero, el gobernador Alfonso Durazo Monta\u00f1o En Sonora en Equipo publicamos toda la informaci\u00f3n de Sonora, M\u00e9xico y el Mundo de manera oportuna y busca que la libertad de expresi\u00f3n sea real. Visita nuestro medio informativo publicado desde Hermosillo, Sonora. %","robots":{"index":"index","follow":"follow","max-snippet":"max-snippet:-1","max-image-preview":"max-image-preview:large","max-video-preview":"max-video-preview:-1"},"canonical":"https:\/\/www.sonoraenequipo.com.mx\/durazo-fortalece-en-sonora-la-proteccion-justicia-y-atencion-para-las-mujeres\/","og_locale":"es_ES","og_type":"article","og_title":"Sonora en Equipo. Durazo fortalece en Sonora la protecci\u00f3n, justicia y atenci\u00f3n para las mujeres Sonora","og_description":"HERMOSILLO, SONORA, MX. \u2014 Con una estrategia integral enfocada en prevenir y atender la violencia de g\u00e9nero, el gobernador Alfonso Durazo Monta\u00f1o En Sonora en Equipo publicamos toda la informaci\u00f3n de Sonora, M\u00e9xico y el Mundo de manera oportuna y busca que la libertad de expresi\u00f3n sea real. Visita nuestro medio informativo publicado desde Hermosillo, Sonora. %","og_url":"https:\/\/www.sonoraenequipo.com.mx\/durazo-fortalece-en-sonora-la-proteccion-justicia-y-atencion-para-las-mujeres\/","og_site_name":"Sonora en Equipo.","article_publisher":"https:\/\/www.facebook.com\/SonoraEE\/","article_author":"https:\/\/www.facebook.com\/SonoraEE","article_published_time":"2026-03-09T00:46:52+00:00","og_image":[{"width":600,"height":399,"url":"https:\/\/www.sonoraenequipo.com.mx\/storage\/2026\/03\/adm-mujeres.jpg","type":"image\/jpeg"}],"author":"enequipo","twitter_card":"summary_large_image","twitter_creator":"@sonoraenequipo","twitter_site":"@sonoraenequipo","twitter_misc":{"Escrito por":"enequipo","Tiempo de lectura":"2 minutos"},"schema":{"@context":"https:\/\/schema.org","@graph":[{"@type":"Article","@id":"https:\/\/www.sonoraenequipo.com.mx\/durazo-fortalece-en-sonora-la-proteccion-justicia-y-atencion-para-las-mujeres\/#article","isPartOf":{"@id":"https:\/\/www.sonoraenequipo.com.mx\/durazo-fortalece-en-sonora-la-proteccion-justicia-y-atencion-para-las-mujeres\/"},"author":{"name":"enequipo","@id":"https:\/\/www.sonoraenequipo.com.mx\/#\/schema\/person\/50102df0fb23a8fa9e8effad8fa81386"},"headline":"Durazo fortalece en Sonora la protecci\u00f3n, justicia y atenci\u00f3n para las mujeres","datePublished":"2026-03-09T00:46:52+00:00","mainEntityOfPage":{"@id":"https:\/\/www.sonoraenequipo.com.mx\/durazo-fortalece-en-sonora-la-proteccion-justicia-y-atencion-para-las-mujeres\/"},"wordCount":433,"commentCount":0,"publisher":{"@id":"https:\/\/www.sonoraenequipo.com.mx\/#organization"},"image":{"@id":"https:\/\/www.sonoraenequipo.com.mx\/durazo-fortalece-en-sonora-la-proteccion-justicia-y-atencion-para-las-mujeres\/#primaryimage"},"thumbnailUrl":"https:\/\/www.sonoraenequipo.com.mx\/storage\/2026\/03\/adm-mujeres.jpg","keywords":["Alfonso Durazo","d\u00eda mujer"],"articleSection":["Sonora"],"inLanguage":"es","potentialAction":[{"@type":"CommentAction","name":"Comment","target":["https:\/\/www.sonoraenequipo.com.mx\/durazo-fortalece-en-sonora-la-proteccion-justicia-y-atencion-para-las-mujeres\/#respond"]}]},{"@type":"WebPage","@id":"https:\/\/www.sonoraenequipo.com.mx\/durazo-fortalece-en-sonora-la-proteccion-justicia-y-atencion-para-las-mujeres\/","url":"https:\/\/www.sonoraenequipo.com.mx\/durazo-fortalece-en-sonora-la-proteccion-justicia-y-atencion-para-las-mujeres\/","name":"Sonora en Equipo. Durazo fortalece en Sonora la protecci\u00f3n, justicia y atenci\u00f3n para las mujeres Sonora","isPartOf":{"@id":"https:\/\/www.sonoraenequipo.com.mx\/#website"},"primaryImageOfPage":{"@id":"https:\/\/www.sonoraenequipo.com.mx\/durazo-fortalece-en-sonora-la-proteccion-justicia-y-atencion-para-las-mujeres\/#primaryimage"},"image":{"@id":"https:\/\/www.sonoraenequipo.com.mx\/durazo-fortalece-en-sonora-la-proteccion-justicia-y-atencion-para-las-mujeres\/#primaryimage"},"thumbnailUrl":"https:\/\/www.sonoraenequipo.com.mx\/storage\/2026\/03\/adm-mujeres.jpg","datePublished":"2026-03-09T00:46:52+00:00","description":"HERMOSILLO, SONORA, MX. \u2014 Con una estrategia integral enfocada en prevenir y atender la violencia de g\u00e9nero, el gobernador Alfonso Durazo Monta\u00f1o En Sonora en Equipo publicamos toda la informaci\u00f3n de Sonora, M\u00e9xico y el Mundo de manera oportuna y busca que la libertad de expresi\u00f3n sea real. Visita nuestro medio informativo publicado desde Hermosillo, Sonora. %","breadcrumb":{"@id":"https:\/\/www.sonoraenequipo.com.mx\/durazo-fortalece-en-sonora-la-proteccion-justicia-y-atencion-para-las-mujeres\/#breadcrumb"},"inLanguage":"es","potentialAction":[{"@type":"ReadAction","target":["https:\/\/www.sonoraenequipo.com.mx\/durazo-fortalece-en-sonora-la-proteccion-justicia-y-atencion-para-las-mujeres\/"]}]},{"@type":"ImageObject","inLanguage":"es","@id":"https:\/\/www.sonoraenequipo.com.mx\/durazo-fortalece-en-sonora-la-proteccion-justicia-y-atencion-para-las-mujeres\/#primaryimage","url":"https:\/\/www.sonoraenequipo.com.mx\/storage\/2026\/03\/adm-mujeres.jpg","contentUrl":"https:\/\/www.sonoraenequipo.com.mx\/storage\/2026\/03\/adm-mujeres.jpg","width":600,"height":399},{"@type":"BreadcrumbList","@id":"https:\/\/www.sonoraenequipo.com.mx\/durazo-fortalece-en-sonora-la-proteccion-justicia-y-atencion-para-las-mujeres\/#breadcrumb","itemListElement":[{"@type":"ListItem","position":1,"name":"Portada","item":"https:\/\/www.sonoraenequipo.com.mx\/"},{"@type":"ListItem","position":2,"name":"Durazo fortalece en Sonora la protecci\u00f3n, justicia y atenci\u00f3n para las mujeres"}]},{"@type":"WebSite","@id":"https:\/\/www.sonoraenequipo.com.mx\/#website","url":"https:\/\/www.sonoraenequipo.com.mx\/","name":"Sonora en Equipo.","description":"Diario en l\u00ednea con Noticias desde Hermosillo, Sonora","publisher":{"@id":"https:\/\/www.sonoraenequipo.com.mx\/#organization"},"potentialAction":[{"@type":"SearchAction","target":{"@type":"EntryPoint","urlTemplate":"https:\/\/www.sonoraenequipo.com.mx\/?s={search_term_string}"},"query-input":{"@type":"PropertyValueSpecification","valueRequired":true,"valueName":"search_term_string"}}],"inLanguage":"es"},{"@type":"Organization","@id":"https:\/\/www.sonoraenequipo.com.mx\/#organization","name":"Sonoraenequipo.com.mx","url":"https:\/\/www.sonoraenequipo.com.mx\/","logo":{"@type":"ImageObject","inLanguage":"es","@id":"https:\/\/www.sonoraenequipo.com.mx\/#\/schema\/logo\/image\/","url":"https:\/\/www.sonoraenequipo.com.mx\/storage\/2019\/01\/sonoraenequipo_opt.png","contentUrl":"https:\/\/www.sonoraenequipo.com.mx\/storage\/2019\/01\/sonoraenequipo_opt.png","width":375,"height":125,"caption":"Sonoraenequipo.com.mx"},"image":{"@id":"https:\/\/www.sonoraenequipo.com.mx\/#\/schema\/logo\/image\/"},"sameAs":["https:\/\/www.facebook.com\/SonoraEE\/","https:\/\/x.com\/sonoraenequipo","https:\/\/www.youtube.com\/channel\/UC338nW-lPEYmJQs4ZABQ1SQ"]},{"@type":"Person","@id":"https:\/\/www.sonoraenequipo.com.mx\/#\/schema\/person\/50102df0fb23a8fa9e8effad8fa81386","name":"enequipo","image":{"@type":"ImageObject","inLanguage":"es","@id":"https:\/\/www.sonoraenequipo.com.mx\/#\/schema\/person\/image\/","url":"https:\/\/secure.gravatar.com\/avatar\/049821681b589dabc0bc20695993ccebb09f5b5d4d790cd9251b97faac7c652b?s=96&d=blank&r=g","contentUrl":"https:\/\/secure.gravatar.com\/avatar\/049821681b589dabc0bc20695993ccebb09f5b5d4d790cd9251b97faac7c652b?s=96&d=blank&r=g","caption":"enequipo"},"sameAs":["https:\/\/www.facebook.com\/SonoraEE"]}]}},"jetpack_featured_media_url":"https:\/\/www.sonoraenequipo.com.mx\/storage\/2026\/03\/adm-mujeres.jpg","_links":{"self":[{"href":"https:\/\/www.sonoraenequipo.com.mx\/api\/wp\/v2\/posts\/236861","targetHints":{"allow":["GET"]}}],"collection":[{"href":"https:\/\/www.sonoraenequipo.com.mx\/api\/wp\/v2\/posts"}],"about":[{"href":"https:\/\/www.sonoraenequipo.com.mx\/api\/wp\/v2\/types\/post"}],"author":[{"embeddable":true,"href":"https:\/\/www.sonoraenequipo.com.mx\/api\/wp\/v2\/users\/1"}],"replies":[{"embeddable":true,"href":"https:\/\/www.sonoraenequipo.com.mx\/api\/wp\/v2\/comments?post=236861"}],"version-history":[{"count":1,"href":"https:\/\/www.sonoraenequipo.com.mx\/api\/wp\/v2\/posts\/236861\/revisions"}],"predecessor-version":[{"id":236863,"href":"https:\/\/www.sonoraenequipo.com.mx\/api\/wp\/v2\/posts\/236861\/revisions\/236863"}],"wp:featuredmedia":[{"embeddable":true,"href":"https:\/\/www.sonoraenequipo.com.mx\/api\/wp\/v2\/media\/236862"}],"wp:attachment":[{"href":"https:\/\/www.sonoraenequipo.com.mx\/api\/wp\/v2\/media?parent=236861"}],"wp:term":[{"taxonomy":"category","embeddable":true,"href":"https:\/\/www.sonoraenequipo.com.mx\/api\/wp\/v2\/categories?post=236861"},{"taxonomy":"post_tag","embeddable":true,"href":"https:\/\/www.sonoraenequipo.com.mx\/api\/wp\/v2\/tags?post=236861"}],"curies":[{"name":"wp","href":"https:\/\/api.w.org\/{rel}","templated":true}]}}