{"id":236864,"date":"2026-03-08T17:55:54","date_gmt":"2026-03-09T00:55:54","guid":{"rendered":"https:\/\/www.sonoraenequipo.com.mx\/?p=236864"},"modified":"2026-03-08T17:55:54","modified_gmt":"2026-03-09T00:55:54","slug":"impulsan-encuentro-mujeres-tejiendo-redes-de-impacto-en-el-sur-de-sonora","status":"publish","type":"post","link":"https:\/\/www.sonoraenequipo.com.mx\/impulsan-encuentro-mujeres-tejiendo-redes-de-impacto-en-el-sur-de-sonora\/","title":{"rendered":"Impulsan encuentro \u201cMujeres tejiendo redes de impacto\u201d en el sur de Sonora"},"content":{"rendered":"<p><strong>CAJEME, SONORA, MX. \u2014<\/strong> En el marco del D\u00eda Internacional de la Mujer, el Presidente Municipal de Cajeme, Javier Lamarque, asisti\u00f3 al encuentro \u201cMujeres Tejiendo Redes de Impacto\u201d, acompa\u00f1ado por la Presidenta del Voluntariado de DIF Cajeme, Martha Patricia Pati\u00f1o Fierro, donde se destac\u00f3 la importancia de continuar fortaleciendo la participaci\u00f3n de las mujeres y avanzar en la defensa de sus derechos.<\/p>\n<p>&nbsp;<\/p>\n<p>Durante su mensaje, el Alcalde record\u00f3 que muchos de los derechos que hoy ejercen las mujeres se lograron gracias a una larga lucha a lo largo de la historia, se\u00f1al\u00f3 que situaciones que hoy parecen normales, como la jornada laboral de ocho horas o el derecho de las mujeres a votar y participar en la vida p\u00fablica, fueron resultado de a\u00f1os de esfuerzo y organizaci\u00f3n, en M\u00e9xico, indic\u00f3, el voto femenino fue reconocido oficialmente hasta 1953.<\/p>\n<p>&nbsp;<\/p>\n<p>Javier Lamarque subray\u00f3 que en Cajeme se han impulsado acciones para apoyar a mujeres que enfrentan situaciones de violencia, como la operaci\u00f3n de la Unidad Municipal para Atender la Violencia Familiar, de G\u00e9nero y Personas Vulnerables (UMAV) de la Secretar\u00eda de Seguridad P\u00fablica Municipal, as\u00ed como un albergue que brinda protecci\u00f3n a mujeres y a sus hijas e hijos, adem\u00e1s de la creaci\u00f3n en todo Sonora a nivel municipal de la Secretar\u00eda de las Mujeres.<\/p>\n<p>&nbsp;<\/p>\n<p>El Presidente Municipal tambi\u00e9n se\u00f1al\u00f3 que en los \u00faltimos a\u00f1os se han fortalecido los derechos de las mujeres en el pa\u00eds, impulsando medidas como la paridad de g\u00e9nero y el reconocimiento del derecho a una vida libre de violencia, en ese contexto, resalt\u00f3 el momento hist\u00f3rico que vive el pa\u00eds con la llegada de la primera mujer a la Presidencia de la Rep\u00fablica, la doctora Claudia Sheinbaum Pardo.<\/p>\n<p>&nbsp;<\/p>\n<p>El encuentro reuni\u00f3 a mujeres l\u00edderes, empresarias y promotoras sociales del sur del estado que trabajan para abrir m\u00e1s espacios de participaci\u00f3n y fortalecer la igualdad.<\/p>\n<p>&nbsp;<\/p>\n<p>En el evento tambi\u00e9n estuvo presente el Alcalde de Navojoa, Jorge Alberto El\u00edas Retes, as\u00ed como las organizadoras Ver\u00f3nica \u00cdcela Arellano, Isabel del Carmen L\u00f3pez, Cony Peraza, Andrea Cota Murillo, Leticia Monte\u00f3n e Irma Gonz\u00e1lez.<\/p>\n<p><strong>Fecha de publicaci\u00f3n domingo 8 de marzo de 2026<\/strong><\/p>\n<p>&nbsp;<\/p>\n<p>&nbsp;<\/p>\n","protected":false},"excerpt":{"rendered":"<p>CAJEME, SONORA, MX. \u2014 En el marco del D\u00eda Internacional de la Mujer, el Presidente&#8230;<\/p>\n","protected":false},"author":1,"featured_media":236865,"comment_status":"open","ping_status":"open","sticky":false,"template":"","format":"standard","meta":{"_monsterinsights_skip_tracking":false,"_monsterinsights_sitenote_active":false,"_monsterinsights_sitenote_note":"","_monsterinsights_sitenote_category":0,"footnotes":""},"categories":[22],"tags":[6537,297],"class_list":["post"],"yoast_head":" \n<title>Sonora en Equipo. Impulsan encuentro \u201cMujeres tejiendo redes de impacto\u201d en el sur de Sonora Sonora<\/title>\n<meta name=\"description\" content=\"CAJEME, SONORA, MX. \u2014 En el marco del D\u00eda Internacional de la Mujer, el Presidente Municipal de Cajeme, Javier Lamarque, asisti\u00f3 al encuentro \u201cMujeres En Sonora en Equipo publicamos toda la informaci\u00f3n de Sonora, M\u00e9xico y el Mundo de manera oportuna y busca que la libertad de expresi\u00f3n sea real. Visita nuestro medio informativo publicado desde Hermosillo, Sonora. %\" \/>\n<meta name=\"robots\" content=\"index, follow, max-snippet:-1, max-image-preview:large, max-video-preview:-1\" \/>\n<link rel=\"canonical\" href=\"https:\/\/www.sonoraenequipo.com.mx\/impulsan-encuentro-mujeres-tejiendo-redes-de-impacto-en-el-sur-de-sonora\/\" \/>\n<meta property=\"og:locale\" content=\"es_ES\" \/>\n<meta property=\"og:type\" content=\"article\" \/>\n<meta property=\"og:title\" content=\"Sonora en Equipo. Impulsan encuentro \u201cMujeres tejiendo redes de impacto\u201d en el sur de Sonora Sonora\" \/>\n<meta property=\"og:description\" content=\"CAJEME, SONORA, MX. \u2014 En el marco del D\u00eda Internacional de la Mujer, el Presidente Municipal de Cajeme, Javier Lamarque, asisti\u00f3 al encuentro \u201cMujeres En Sonora en Equipo publicamos toda la informaci\u00f3n de Sonora, M\u00e9xico y el Mundo de manera oportuna y busca que la libertad de expresi\u00f3n sea real. Visita nuestro medio informativo publicado desde Hermosillo, Sonora. %\" \/>\n<meta property=\"og:url\" content=\"https:\/\/www.sonoraenequipo.com.mx\/impulsan-encuentro-mujeres-tejiendo-redes-de-impacto-en-el-sur-de-sonora\/\" \/>\n<meta property=\"og:site_name\" content=\"Sonora en Equipo.\" \/>\n<meta property=\"article:publisher\" content=\"https:\/\/www.facebook.com\/SonoraEE\/\" \/>\n<meta property=\"article:author\" content=\"https:\/\/www.facebook.com\/SonoraEE\" \/>\n<meta property=\"article:published_time\" content=\"2026-03-09T00:55:54+00:00\" \/>\n<meta property=\"og:image\" content=\"https:\/\/www.sonoraenequipo.com.mx\/storage\/2026\/03\/jlc-mujeres.jpg\" \/>\n\t<meta property=\"og:image:width\" content=\"600\" \/>\n\t<meta property=\"og:image:height\" content=\"400\" \/>\n\t<meta property=\"og:image:type\" content=\"image\/jpeg\" \/>\n<meta name=\"author\" content=\"enequipo\" \/>\n<meta name=\"twitter:card\" content=\"summary_large_image\" \/>\n<meta name=\"twitter:creator\" content=\"@sonoraenequipo\" \/>\n<meta name=\"twitter:site\" content=\"@sonoraenequipo\" \/>\n<meta name=\"twitter:label1\" content=\"Escrito por\" \/>\n\t<meta name=\"twitter:data1\" content=\"enequipo\" \/>\n\t<meta name=\"twitter:label2\" content=\"Tiempo de lectura\" \/>\n\t<meta name=\"twitter:data2\" content=\"2 minutos\" \/>\n<script type=\"application\/ld+json\" class=\"yoast-schema-graph\">{\"@context\":\"https:\/\/schema.org\",\"@graph\":[{\"@type\":\"Article\",\"@id\":\"https:\/\/www.sonoraenequipo.com.mx\/impulsan-encuentro-mujeres-tejiendo-redes-de-impacto-en-el-sur-de-sonora\/#article\",\"isPartOf\":{\"@id\":\"https:\/\/www.sonoraenequipo.com.mx\/impulsan-encuentro-mujeres-tejiendo-redes-de-impacto-en-el-sur-de-sonora\/\"},\"author\":{\"name\":\"enequipo\",\"@id\":\"https:\/\/www.sonoraenequipo.com.mx\/#\/schema\/person\/50102df0fb23a8fa9e8effad8fa81386\"},\"headline\":\"Impulsan encuentro \u201cMujeres tejiendo redes de impacto\u201d en el sur de Sonora\",\"datePublished\":\"2026-03-09T00:55:54+00:00\",\"mainEntityOfPage\":{\"@id\":\"https:\/\/www.sonoraenequipo.com.mx\/impulsan-encuentro-mujeres-tejiendo-redes-de-impacto-en-el-sur-de-sonora\/\"},\"wordCount\":401,\"commentCount\":0,\"publisher\":{\"@id\":\"https:\/\/www.sonoraenequipo.com.mx\/#organization\"},\"image\":{\"@id\":\"https:\/\/www.sonoraenequipo.com.mx\/impulsan-encuentro-mujeres-tejiendo-redes-de-impacto-en-el-sur-de-sonora\/#primaryimage\"},\"thumbnailUrl\":\"https:\/\/www.sonoraenequipo.com.mx\/storage\/2026\/03\/jlc-mujeres.jpg\",\"keywords\":[\"cajeme javier lamarque\",\"mujeres\"],\"articleSection\":[\"Sonora\"],\"inLanguage\":\"es\",\"potentialAction\":[{\"@type\":\"CommentAction\",\"name\":\"Comment\",\"target\":[\"https:\/\/www.sonoraenequipo.com.mx\/impulsan-encuentro-mujeres-tejiendo-redes-de-impacto-en-el-sur-de-sonora\/#respond\"]}]},{\"@type\":\"WebPage\",\"@id\":\"https:\/\/www.sonoraenequipo.com.mx\/impulsan-encuentro-mujeres-tejiendo-redes-de-impacto-en-el-sur-de-sonora\/\",\"url\":\"https:\/\/www.sonoraenequipo.com.mx\/impulsan-encuentro-mujeres-tejiendo-redes-de-impacto-en-el-sur-de-sonora\/\",\"name\":\"Sonora en Equipo. Impulsan encuentro \u201cMujeres tejiendo redes de impacto\u201d en el sur de Sonora Sonora\",\"isPartOf\":{\"@id\":\"https:\/\/www.sonoraenequipo.com.mx\/#website\"},\"primaryImageOfPage\":{\"@id\":\"https:\/\/www.sonoraenequipo.com.mx\/impulsan-encuentro-mujeres-tejiendo-redes-de-impacto-en-el-sur-de-sonora\/#primaryimage\"},\"image\":{\"@id\":\"https:\/\/www.sonoraenequipo.com.mx\/impulsan-encuentro-mujeres-tejiendo-redes-de-impacto-en-el-sur-de-sonora\/#primaryimage\"},\"thumbnailUrl\":\"https:\/\/www.sonoraenequipo.com.mx\/storage\/2026\/03\/jlc-mujeres.jpg\",\"datePublished\":\"2026-03-09T00:55:54+00:00\",\"description\":\"CAJEME, SONORA, MX. \u2014 En el marco del D\u00eda Internacional de la Mujer, el Presidente Municipal de Cajeme, Javier Lamarque, asisti\u00f3 al encuentro \u201cMujeres En Sonora en Equipo publicamos toda la informaci\u00f3n de Sonora, M\u00e9xico y el Mundo de manera oportuna y busca que la libertad de expresi\u00f3n sea real. Visita nuestro medio informativo publicado desde Hermosillo, Sonora. %\",\"breadcrumb\":{\"@id\":\"https:\/\/www.sonoraenequipo.com.mx\/impulsan-encuentro-mujeres-tejiendo-redes-de-impacto-en-el-sur-de-sonora\/#breadcrumb\"},\"inLanguage\":\"es\",\"potentialAction\":[{\"@type\":\"ReadAction\",\"target\":[\"https:\/\/www.sonoraenequipo.com.mx\/impulsan-encuentro-mujeres-tejiendo-redes-de-impacto-en-el-sur-de-sonora\/\"]}]},{\"@type\":\"ImageObject\",\"inLanguage\":\"es\",\"@id\":\"https:\/\/www.sonoraenequipo.com.mx\/impulsan-encuentro-mujeres-tejiendo-redes-de-impacto-en-el-sur-de-sonora\/#primaryimage\",\"url\":\"https:\/\/www.sonoraenequipo.com.mx\/storage\/2026\/03\/jlc-mujeres.jpg\",\"contentUrl\":\"https:\/\/www.sonoraenequipo.com.mx\/storage\/2026\/03\/jlc-mujeres.jpg\",\"width\":600,\"height\":400},{\"@type\":\"BreadcrumbList\",\"@id\":\"https:\/\/www.sonoraenequipo.com.mx\/impulsan-encuentro-mujeres-tejiendo-redes-de-impacto-en-el-sur-de-sonora\/#breadcrumb\",\"itemListElement\":[{\"@type\":\"ListItem\",\"position\":1,\"name\":\"Portada\",\"item\":\"https:\/\/www.sonoraenequipo.com.mx\/\"},{\"@type\":\"ListItem\",\"position\":2,\"name\":\"Impulsan encuentro \u201cMujeres tejiendo redes de impacto\u201d en el sur de Sonora\"}]},{\"@type\":\"WebSite\",\"@id\":\"https:\/\/www.sonoraenequipo.com.mx\/#website\",\"url\":\"https:\/\/www.sonoraenequipo.com.mx\/\",\"name\":\"Sonora en Equipo.\",\"description\":\"Diario en l\u00ednea con Noticias desde Hermosillo, Sonora\",\"publisher\":{\"@id\":\"https:\/\/www.sonoraenequipo.com.mx\/#organization\"},\"potentialAction\":[{\"@type\":\"SearchAction\",\"target\":{\"@type\":\"EntryPoint\",\"urlTemplate\":\"https:\/\/www.sonoraenequipo.com.mx\/?s={search_term_string}\"},\"query-input\":{\"@type\":\"PropertyValueSpecification\",\"valueRequired\":true,\"valueName\":\"search_term_string\"}}],\"inLanguage\":\"es\"},{\"@type\":\"Organization\",\"@id\":\"https:\/\/www.sonoraenequipo.com.mx\/#organization\",\"name\":\"Sonoraenequipo.com.mx\",\"url\":\"https:\/\/www.sonoraenequipo.com.mx\/\",\"logo\":{\"@type\":\"ImageObject\",\"inLanguage\":\"es\",\"@id\":\"https:\/\/www.sonoraenequipo.com.mx\/#\/schema\/logo\/image\/\",\"url\":\"https:\/\/www.sonoraenequipo.com.mx\/storage\/2019\/01\/sonoraenequipo_opt.png\",\"contentUrl\":\"https:\/\/www.sonoraenequipo.com.mx\/storage\/2019\/01\/sonoraenequipo_opt.png\",\"width\":375,\"height\":125,\"caption\":\"Sonoraenequipo.com.mx\"},\"image\":{\"@id\":\"https:\/\/www.sonoraenequipo.com.mx\/#\/schema\/logo\/image\/\"},\"sameAs\":[\"https:\/\/www.facebook.com\/SonoraEE\/\",\"https:\/\/x.com\/sonoraenequipo\",\"https:\/\/www.youtube.com\/channel\/UC338nW-lPEYmJQs4ZABQ1SQ\"]},{\"@type\":\"Person\",\"@id\":\"https:\/\/www.sonoraenequipo.com.mx\/#\/schema\/person\/50102df0fb23a8fa9e8effad8fa81386\",\"name\":\"enequipo\",\"image\":{\"@type\":\"ImageObject\",\"inLanguage\":\"es\",\"@id\":\"https:\/\/www.sonoraenequipo.com.mx\/#\/schema\/person\/image\/\",\"url\":\"https:\/\/secure.gravatar.com\/avatar\/049821681b589dabc0bc20695993ccebb09f5b5d4d790cd9251b97faac7c652b?s=96&d=blank&r=g\",\"contentUrl\":\"https:\/\/secure.gravatar.com\/avatar\/049821681b589dabc0bc20695993ccebb09f5b5d4d790cd9251b97faac7c652b?s=96&d=blank&r=g\",\"caption\":\"enequipo\"},\"sameAs\":[\"https:\/\/www.facebook.com\/SonoraEE\"]}]}<\/script>\n ","yoast_head_json":{"title":"Sonora en Equipo. Impulsan encuentro \u201cMujeres tejiendo redes de impacto\u201d en el sur de Sonora Sonora","description":"CAJEME, SONORA, MX. \u2014 En el marco del D\u00eda Internacional de la Mujer, el Presidente Municipal de Cajeme, Javier Lamarque, asisti\u00f3 al encuentro \u201cMujeres En Sonora en Equipo publicamos toda la informaci\u00f3n de Sonora, M\u00e9xico y el Mundo de manera oportuna y busca que la libertad de expresi\u00f3n sea real. Visita nuestro medio informativo publicado desde Hermosillo, Sonora. %","robots":{"index":"index","follow":"follow","max-snippet":"max-snippet:-1","max-image-preview":"max-image-preview:large","max-video-preview":"max-video-preview:-1"},"canonical":"https:\/\/www.sonoraenequipo.com.mx\/impulsan-encuentro-mujeres-tejiendo-redes-de-impacto-en-el-sur-de-sonora\/","og_locale":"es_ES","og_type":"article","og_title":"Sonora en Equipo. Impulsan encuentro \u201cMujeres tejiendo redes de impacto\u201d en el sur de Sonora Sonora","og_description":"CAJEME, SONORA, MX. \u2014 En el marco del D\u00eda Internacional de la Mujer, el Presidente Municipal de Cajeme, Javier Lamarque, asisti\u00f3 al encuentro \u201cMujeres En Sonora en Equipo publicamos toda la informaci\u00f3n de Sonora, M\u00e9xico y el Mundo de manera oportuna y busca que la libertad de expresi\u00f3n sea real. Visita nuestro medio informativo publicado desde Hermosillo, Sonora. %","og_url":"https:\/\/www.sonoraenequipo.com.mx\/impulsan-encuentro-mujeres-tejiendo-redes-de-impacto-en-el-sur-de-sonora\/","og_site_name":"Sonora en Equipo.","article_publisher":"https:\/\/www.facebook.com\/SonoraEE\/","article_author":"https:\/\/www.facebook.com\/SonoraEE","article_published_time":"2026-03-09T00:55:54+00:00","og_image":[{"width":600,"height":400,"url":"https:\/\/www.sonoraenequipo.com.mx\/storage\/2026\/03\/jlc-mujeres.jpg","type":"image\/jpeg"}],"author":"enequipo","twitter_card":"summary_large_image","twitter_creator":"@sonoraenequipo","twitter_site":"@sonoraenequipo","twitter_misc":{"Escrito por":"enequipo","Tiempo de lectura":"2 minutos"},"schema":{"@context":"https:\/\/schema.org","@graph":[{"@type":"Article","@id":"https:\/\/www.sonoraenequipo.com.mx\/impulsan-encuentro-mujeres-tejiendo-redes-de-impacto-en-el-sur-de-sonora\/#article","isPartOf":{"@id":"https:\/\/www.sonoraenequipo.com.mx\/impulsan-encuentro-mujeres-tejiendo-redes-de-impacto-en-el-sur-de-sonora\/"},"author":{"name":"enequipo","@id":"https:\/\/www.sonoraenequipo.com.mx\/#\/schema\/person\/50102df0fb23a8fa9e8effad8fa81386"},"headline":"Impulsan encuentro \u201cMujeres tejiendo redes de impacto\u201d en el sur de Sonora","datePublished":"2026-03-09T00:55:54+00:00","mainEntityOfPage":{"@id":"https:\/\/www.sonoraenequipo.com.mx\/impulsan-encuentro-mujeres-tejiendo-redes-de-impacto-en-el-sur-de-sonora\/"},"wordCount":401,"commentCount":0,"publisher":{"@id":"https:\/\/www.sonoraenequipo.com.mx\/#organization"},"image":{"@id":"https:\/\/www.sonoraenequipo.com.mx\/impulsan-encuentro-mujeres-tejiendo-redes-de-impacto-en-el-sur-de-sonora\/#primaryimage"},"thumbnailUrl":"https:\/\/www.sonoraenequipo.com.mx\/storage\/2026\/03\/jlc-mujeres.jpg","keywords":["cajeme javier lamarque","mujeres"],"articleSection":["Sonora"],"inLanguage":"es","potentialAction":[{"@type":"CommentAction","name":"Comment","target":["https:\/\/www.sonoraenequipo.com.mx\/impulsan-encuentro-mujeres-tejiendo-redes-de-impacto-en-el-sur-de-sonora\/#respond"]}]},{"@type":"WebPage","@id":"https:\/\/www.sonoraenequipo.com.mx\/impulsan-encuentro-mujeres-tejiendo-redes-de-impacto-en-el-sur-de-sonora\/","url":"https:\/\/www.sonoraenequipo.com.mx\/impulsan-encuentro-mujeres-tejiendo-redes-de-impacto-en-el-sur-de-sonora\/","name":"Sonora en Equipo. Impulsan encuentro \u201cMujeres tejiendo redes de impacto\u201d en el sur de Sonora Sonora","isPartOf":{"@id":"https:\/\/www.sonoraenequipo.com.mx\/#website"},"primaryImageOfPage":{"@id":"https:\/\/www.sonoraenequipo.com.mx\/impulsan-encuentro-mujeres-tejiendo-redes-de-impacto-en-el-sur-de-sonora\/#primaryimage"},"image":{"@id":"https:\/\/www.sonoraenequipo.com.mx\/impulsan-encuentro-mujeres-tejiendo-redes-de-impacto-en-el-sur-de-sonora\/#primaryimage"},"thumbnailUrl":"https:\/\/www.sonoraenequipo.com.mx\/storage\/2026\/03\/jlc-mujeres.jpg","datePublished":"2026-03-09T00:55:54+00:00","description":"CAJEME, SONORA, MX. \u2014 En el marco del D\u00eda Internacional de la Mujer, el Presidente Municipal de Cajeme, Javier Lamarque, asisti\u00f3 al encuentro \u201cMujeres En Sonora en Equipo publicamos toda la informaci\u00f3n de Sonora, M\u00e9xico y el Mundo de manera oportuna y busca que la libertad de expresi\u00f3n sea real. Visita nuestro medio informativo publicado desde Hermosillo, Sonora. %","breadcrumb":{"@id":"https:\/\/www.sonoraenequipo.com.mx\/impulsan-encuentro-mujeres-tejiendo-redes-de-impacto-en-el-sur-de-sonora\/#breadcrumb"},"inLanguage":"es","potentialAction":[{"@type":"ReadAction","target":["https:\/\/www.sonoraenequipo.com.mx\/impulsan-encuentro-mujeres-tejiendo-redes-de-impacto-en-el-sur-de-sonora\/"]}]},{"@type":"ImageObject","inLanguage":"es","@id":"https:\/\/www.sonoraenequipo.com.mx\/impulsan-encuentro-mujeres-tejiendo-redes-de-impacto-en-el-sur-de-sonora\/#primaryimage","url":"https:\/\/www.sonoraenequipo.com.mx\/storage\/2026\/03\/jlc-mujeres.jpg","contentUrl":"https:\/\/www.sonoraenequipo.com.mx\/storage\/2026\/03\/jlc-mujeres.jpg","width":600,"height":400},{"@type":"BreadcrumbList","@id":"https:\/\/www.sonoraenequipo.com.mx\/impulsan-encuentro-mujeres-tejiendo-redes-de-impacto-en-el-sur-de-sonora\/#breadcrumb","itemListElement":[{"@type":"ListItem","position":1,"name":"Portada","item":"https:\/\/www.sonoraenequipo.com.mx\/"},{"@type":"ListItem","position":2,"name":"Impulsan encuentro \u201cMujeres tejiendo redes de impacto\u201d en el sur de Sonora"}]},{"@type":"WebSite","@id":"https:\/\/www.sonoraenequipo.com.mx\/#website","url":"https:\/\/www.sonoraenequipo.com.mx\/","name":"Sonora en Equipo.","description":"Diario en l\u00ednea con Noticias desde Hermosillo, Sonora","publisher":{"@id":"https:\/\/www.sonoraenequipo.com.mx\/#organization"},"potentialAction":[{"@type":"SearchAction","target":{"@type":"EntryPoint","urlTemplate":"https:\/\/www.sonoraenequipo.com.mx\/?s={search_term_string}"},"query-input":{"@type":"PropertyValueSpecification","valueRequired":true,"valueName":"search_term_string"}}],"inLanguage":"es"},{"@type":"Organization","@id":"https:\/\/www.sonoraenequipo.com.mx\/#organization","name":"Sonoraenequipo.com.mx","url":"https:\/\/www.sonoraenequipo.com.mx\/","logo":{"@type":"ImageObject","inLanguage":"es","@id":"https:\/\/www.sonoraenequipo.com.mx\/#\/schema\/logo\/image\/","url":"https:\/\/www.sonoraenequipo.com.mx\/storage\/2019\/01\/sonoraenequipo_opt.png","contentUrl":"https:\/\/www.sonoraenequipo.com.mx\/storage\/2019\/01\/sonoraenequipo_opt.png","width":375,"height":125,"caption":"Sonoraenequipo.com.mx"},"image":{"@id":"https:\/\/www.sonoraenequipo.com.mx\/#\/schema\/logo\/image\/"},"sameAs":["https:\/\/www.facebook.com\/SonoraEE\/","https:\/\/x.com\/sonoraenequipo","https:\/\/www.youtube.com\/channel\/UC338nW-lPEYmJQs4ZABQ1SQ"]},{"@type":"Person","@id":"https:\/\/www.sonoraenequipo.com.mx\/#\/schema\/person\/50102df0fb23a8fa9e8effad8fa81386","name":"enequipo","image":{"@type":"ImageObject","inLanguage":"es","@id":"https:\/\/www.sonoraenequipo.com.mx\/#\/schema\/person\/image\/","url":"https:\/\/secure.gravatar.com\/avatar\/049821681b589dabc0bc20695993ccebb09f5b5d4d790cd9251b97faac7c652b?s=96&d=blank&r=g","contentUrl":"https:\/\/secure.gravatar.com\/avatar\/049821681b589dabc0bc20695993ccebb09f5b5d4d790cd9251b97faac7c652b?s=96&d=blank&r=g","caption":"enequipo"},"sameAs":["https:\/\/www.facebook.com\/SonoraEE"]}]}},"jetpack_featured_media_url":"https:\/\/www.sonoraenequipo.com.mx\/storage\/2026\/03\/jlc-mujeres.jpg","_links":{"self":[{"href":"https:\/\/www.sonoraenequipo.com.mx\/api\/wp\/v2\/posts\/236864","targetHints":{"allow":["GET"]}}],"collection":[{"href":"https:\/\/www.sonoraenequipo.com.mx\/api\/wp\/v2\/posts"}],"about":[{"href":"https:\/\/www.sonoraenequipo.com.mx\/api\/wp\/v2\/types\/post"}],"author":[{"embeddable":true,"href":"https:\/\/www.sonoraenequipo.com.mx\/api\/wp\/v2\/users\/1"}],"replies":[{"embeddable":true,"href":"https:\/\/www.sonoraenequipo.com.mx\/api\/wp\/v2\/comments?post=236864"}],"version-history":[{"count":1,"href":"https:\/\/www.sonoraenequipo.com.mx\/api\/wp\/v2\/posts\/236864\/revisions"}],"predecessor-version":[{"id":236866,"href":"https:\/\/www.sonoraenequipo.com.mx\/api\/wp\/v2\/posts\/236864\/revisions\/236866"}],"wp:featuredmedia":[{"embeddable":true,"href":"https:\/\/www.sonoraenequipo.com.mx\/api\/wp\/v2\/media\/236865"}],"wp:attachment":[{"href":"https:\/\/www.sonoraenequipo.com.mx\/api\/wp\/v2\/media?parent=236864"}],"wp:term":[{"taxonomy":"category","embeddable":true,"href":"https:\/\/www.sonoraenequipo.com.mx\/api\/wp\/v2\/categories?post=236864"},{"taxonomy":"post_tag","embeddable":true,"href":"https:\/\/www.sonoraenequipo.com.mx\/api\/wp\/v2\/tags?post=236864"}],"curies":[{"name":"wp","href":"https:\/\/api.w.org\/{rel}","templated":true}]}}