{"id":236867,"date":"2026-03-08T19:00:56","date_gmt":"2026-03-09T02:00:56","guid":{"rendered":"https:\/\/www.sonoraenequipo.com.mx\/?p=236867"},"modified":"2026-03-08T20:08:16","modified_gmt":"2026-03-09T03:08:16","slug":"notas-sueltas-montoneros-falsos-y-cobardes","status":"publish","type":"post","link":"https:\/\/www.sonoraenequipo.com.mx\/notas-sueltas-montoneros-falsos-y-cobardes\/","title":{"rendered":"NOTAS SUELTAS. Montoneros, falsos y cobardes."},"content":{"rendered":"<h3 style=\"text-align: right;\">\u201cHechos, no palabras\u201d (frase latina).<\/h3>\n<p>Occidente se ha convertido en una turba infame, en un mont\u00f3n de imb\u00e9ciles al servicio de quien creen su amigo y protector frente a las amenazas de la raz\u00f3n y la dignidad. Las viejas potencias coloniales que otrora hicieron de las suyas en Am\u00e9rica, Asia y \u00c1frica, ahora recurren a una infame ch\u00e1chara que supura ambig\u00fcedad, cobard\u00eda y franca estupidez puesta al servicio de justificaciones que no se las cree ni su abuela.<\/p>\n<p>&nbsp;<\/p>\n<p>&nbsp;<\/p>\n<p> <\/p>\n<p>El reciente ataque a la Rep\u00fablica Isl\u00e1mica de Ir\u00e1n con el pretexto de que est\u00e1 desarrollando armamento nuclear que EUA y el mundo <em><strong>\u201cno puede permitir\u201d<\/strong><\/em>, recuerda la mentira de que el Irak de Sadam Husein pose\u00eda <strong><em>\u201carmas de destrucci\u00f3n masiva\u201d,<\/em> <\/strong>y que era una verdadera amenaza a la <strong><em>\u201cpaz mundial\u201d<\/em><\/strong> que deb\u00eda de ser destruida\u2026 y los gringos fueron y lo hicieron.<\/p>\n<p>&nbsp;<\/p>\n<p>Antes como ahora, los intereses de EUA y sat\u00e9lites europeos gira en torno al petr\u00f3leo, tierras raras y geoestrategia. La m\u00e1scara humanitaria y pacifista, cae por su propio peso. Ya nada sostiene la mentira de la democracia y el progreso llevada hasta el l\u00edmite por EUA y su manada europea.<\/p>\n<p>&nbsp;<\/p>\n<p>Asoma con descaro la fea cara del imperialismo a trav\u00e9s de las palabras y las acciones del gobierno del degenerado Trump, as\u00ed como sus lacayos en Francia, Alemania y, en general los pa\u00edses arracimados en la OTAN. Primero con Gaza y ahora con Ir\u00e1n, la historia de la infamia se escribe con sangre m\u00e1rtir, con seres humanos masacrados en ofrenda a los muy absurdos y pu\u00f1eteros delirios de Israel y EUA sobre el dominio de la regi\u00f3n y el mundo <em><strong>\u201cpor mandato divino\u201d.<\/strong><\/em><\/p>\n<p>&nbsp;<\/p>\n<p>Es casi imposible imaginar la existencia de un dios viciosamente agresivo y vengativo que hace promesas sectarias y excluyentes a un pueblo, a una sola tribu, cuyas ra\u00edces de pierden en las arenas del mito y las m\u00e1s calenturientas fantas\u00edas mesi\u00e1nicas, a costa de la paz y el patrimonio de los dem\u00e1s.<\/p>\n<p>&nbsp;<\/p>\n<p>Es absurdo convertir en derecho un mito religioso que, gracias al inter\u00e9s pol\u00edtico y territorial de Inglaterra se convirti\u00f3 en expectativa nacional. El sionismo obra el milagro de convertir la fe en nacionalidad, sin importar origen racial, historia y raz\u00f3n. Aqu\u00ed, hablar de pueblo no tiene nada que ver con la historia o la gen\u00e9tica sino con una pol\u00edtica expansionista y el control estrat\u00e9gico de una regi\u00f3n del medio oriente.<\/p>\n<p>&nbsp;<\/p>\n<p>Curiosamente, los verdaderos semitas como los palestinos son v\u00edctimas de la expansi\u00f3n sionista. Los palestinos, libaneses, iraqu\u00edes, sirios, jordanos, yemen\u00edes son semitas de origen, no as\u00ed los habitantes del ente sionista llamado Israel, que nada tiene que ver con los escenarios b\u00edblicos porque su origen obedece a migraciones europeas y orientales.<\/p>\n<p>&nbsp;<\/p>\n<p>Aqu\u00ed, lo que no escapa a cualquier inteligencia razonablemente sana es el hecho de que tanto los sionistas israelitas como sus sat\u00e9lites gringos trabajan por acelerar <em><strong>\u201cel fin de los tiempos\u201d<\/strong><\/em> para propiciar la venida del Mes\u00edas y el cumplimiento de las promesas al <em><strong>\u201cpueblo\u201d<\/strong><\/em> de Israel (h\u00e1game usted el recabr\u00f3n favor).<\/p>\n<p>&nbsp;<\/p>\n<p>EUA e Israel <em><strong>\u201ctrabajan\u201d<\/strong><\/em> por la destrucci\u00f3n total como requisito del nuevo amanecer b\u00edblico, por eso la absoluta irracionalidad de una guerra que solamente subraya la capacidad mundial de convertir en mierda su propio destino.<\/p>\n<p>&nbsp;<\/p>\n<p>Lo que ahora es imperativo es dejar de tragarse la historia de la defensa de Israel contra sus v\u00edctimas y vecinos, el absurdo de llamar antisemitas a quienes se oponen y denuncian la barbarie anglosionista y la rid\u00edcula y criminal complicidad de EUA en el genocidio que se perpetra a ojos vistas.<\/p>\n<p>&nbsp;<\/p>\n<p>M\u00e9xico y Latinoam\u00e9rica deben decir basta a la manipulaci\u00f3n informativa y la pasividad pol\u00edtica que tolera ultrajes y complicidades imperiales. Europa y el resto del mundo deben reaccionar en leg\u00edtima defensa.<\/p>\n<p>&nbsp;<\/p>\n<p>Lamentablemente, los gobiernos europeos y algunos latinoamericanos est\u00e1n cediendo soberan\u00eda y sus objetivos nacionales se subordinan al proyecto de dominaci\u00f3n anglosionista, en pos del objetivo de construir el aberrante <em><strong>\u201cgran Israel\u201d<\/strong><\/em>, as\u00ed como, por otra parte, cumplir con el <em><strong>\u201cdestino manifiesto\u201d<\/strong> <\/em>de EUA mediante la coacci\u00f3n, la amenaza y la agresi\u00f3n, como es el caso de Venezuela o Cuba.<\/p>\n<p>&nbsp;<\/p>\n<p>El poder de la estupidez armada puede ser abrumador, pero el deber de las v\u00edctimas actuales o futuras es defender lo propio y denunciar con todas las letras el atraco mundial que se est\u00e1 llevando a cabo, y unir fuerzas contra el agresor antes que callar en un obsceno acto de complicidad.<\/p>\n<p>&nbsp;<\/p>\n<p>La llamada guerra contra los c\u00e1rteles de la droga por parte del principal consumidor y negociante de enervantes, debe entenderse como lo que es: un mecanismo de chantaje, intervenci\u00f3n y dominaci\u00f3n pol\u00edtica con fines imperialistas cuyo trasfondo es el control regional de petr\u00f3leo, metales, agua, comercio y otros recursos estrat\u00e9gicos.<\/p>\n<p>&nbsp;<\/p>\n<p>En un mundo al rev\u00e9s, debemos conservar la capacidad cr\u00edtica y llamar a las cosas por su nombre. Defendamos sin dudas ni temores la raz\u00f3n y la justicia, confiados en que la verdad siempre triunfa. No seamos c\u00f3mplices activos o pasivos del imperialismo trumpiano en su \u00f3rbita de montoneros, falsos y cobardes. Luchemos porque la dignidad se haga costumbre.<\/p>\n<p>&nbsp;<\/p>\n<p><a href=\"http:\/\/jdarredondo.blogspot.com\"><strong>http:\/\/jdarredondo.blogspot.com<\/strong><\/a><\/p>\n<p>&nbsp;<\/p>\n<p>PUBLICADO EL 08 MARZO DE 2026 Con informaci\u00f3n de Jos\u00e9 Dar\u00edo Arredondo L\u00f3pez)<\/p>\n","protected":false},"excerpt":{"rendered":"<p>\u201cHechos, no palabras\u201d (frase latina). Occidente se ha convertido en una turba infame, en un&#8230;<\/p>\n","protected":false},"author":1,"featured_media":236869,"comment_status":"open","ping_status":"open","sticky":false,"template":"","format":"standard","meta":{"_monsterinsights_skip_tracking":false,"_monsterinsights_sitenote_active":false,"_monsterinsights_sitenote_note":"","_monsterinsights_sitenote_category":0,"footnotes":""},"categories":[1576,14],"tags":[],"class_list":["post"],"yoast_head":" \n<title>Sonora en Equipo. NOTAS SUELTAS. Montoneros, falsos y cobardes. Voces<\/title>\n<meta name=\"description\" content=\"\u201cHechos, no palabras\u201d (frase latina). Occidente se ha convertido en una turba infame, en un mont\u00f3n de imb\u00e9ciles al servicio de quien creen su amigo y En Sonora en Equipo publicamos toda la informaci\u00f3n de Sonora, M\u00e9xico y el Mundo de manera oportuna y busca que la libertad de expresi\u00f3n sea real. Visita nuestro medio informativo publicado desde Hermosillo, Sonora. %\" \/>\n<meta name=\"robots\" content=\"index, follow, max-snippet:-1, max-image-preview:large, max-video-preview:-1\" \/>\n<link rel=\"canonical\" href=\"https:\/\/www.sonoraenequipo.com.mx\/notas-sueltas-montoneros-falsos-y-cobardes\/\" \/>\n<meta property=\"og:locale\" content=\"es_ES\" \/>\n<meta property=\"og:type\" content=\"article\" \/>\n<meta property=\"og:title\" content=\"Sonora en Equipo. NOTAS SUELTAS. Montoneros, falsos y cobardes. Voces\" \/>\n<meta property=\"og:description\" content=\"\u201cHechos, no palabras\u201d (frase latina). Occidente se ha convertido en una turba infame, en un mont\u00f3n de imb\u00e9ciles al servicio de quien creen su amigo y En Sonora en Equipo publicamos toda la informaci\u00f3n de Sonora, M\u00e9xico y el Mundo de manera oportuna y busca que la libertad de expresi\u00f3n sea real. Visita nuestro medio informativo publicado desde Hermosillo, Sonora. %\" \/>\n<meta property=\"og:url\" content=\"https:\/\/www.sonoraenequipo.com.mx\/notas-sueltas-montoneros-falsos-y-cobardes\/\" \/>\n<meta property=\"og:site_name\" content=\"Sonora en Equipo.\" \/>\n<meta property=\"article:publisher\" content=\"https:\/\/www.facebook.com\/SonoraEE\/\" \/>\n<meta property=\"article:author\" content=\"https:\/\/www.facebook.com\/SonoraEE\" \/>\n<meta property=\"article:published_time\" content=\"2026-03-09T02:00:56+00:00\" \/>\n<meta property=\"article:modified_time\" content=\"2026-03-09T03:08:16+00:00\" \/>\n<meta property=\"og:image\" content=\"https:\/\/www.sonoraenequipo.com.mx\/storage\/2026\/03\/Montoneros-falsos-y-cobardes.-1.jpg\" \/>\n\t<meta property=\"og:image:width\" content=\"1000\" \/>\n\t<meta property=\"og:image:height\" content=\"658\" \/>\n\t<meta property=\"og:image:type\" content=\"image\/jpeg\" \/>\n<meta name=\"author\" content=\"enequipo\" \/>\n<meta name=\"twitter:card\" content=\"summary_large_image\" \/>\n<meta name=\"twitter:creator\" content=\"@sonoraenequipo\" \/>\n<meta name=\"twitter:site\" content=\"@sonoraenequipo\" \/>\n<meta name=\"twitter:label1\" content=\"Escrito por\" \/>\n\t<meta name=\"twitter:data1\" content=\"enequipo\" \/>\n\t<meta name=\"twitter:label2\" content=\"Tiempo de lectura\" \/>\n\t<meta name=\"twitter:data2\" content=\"5 minutos\" \/>\n<script type=\"application\/ld+json\" class=\"yoast-schema-graph\">{\"@context\":\"https:\/\/schema.org\",\"@graph\":[{\"@type\":\"Article\",\"@id\":\"https:\/\/www.sonoraenequipo.com.mx\/notas-sueltas-montoneros-falsos-y-cobardes\/#article\",\"isPartOf\":{\"@id\":\"https:\/\/www.sonoraenequipo.com.mx\/notas-sueltas-montoneros-falsos-y-cobardes\/\"},\"author\":{\"name\":\"enequipo\",\"@id\":\"https:\/\/www.sonoraenequipo.com.mx\/#\/schema\/person\/50102df0fb23a8fa9e8effad8fa81386\"},\"headline\":\"NOTAS SUELTAS. Montoneros, falsos y cobardes.\",\"datePublished\":\"2026-03-09T02:00:56+00:00\",\"dateModified\":\"2026-03-09T03:08:16+00:00\",\"mainEntityOfPage\":{\"@id\":\"https:\/\/www.sonoraenequipo.com.mx\/notas-sueltas-montoneros-falsos-y-cobardes\/\"},\"wordCount\":947,\"commentCount\":0,\"publisher\":{\"@id\":\"https:\/\/www.sonoraenequipo.com.mx\/#organization\"},\"image\":{\"@id\":\"https:\/\/www.sonoraenequipo.com.mx\/notas-sueltas-montoneros-falsos-y-cobardes\/#primaryimage\"},\"thumbnailUrl\":\"https:\/\/www.sonoraenequipo.com.mx\/storage\/2026\/03\/Montoneros-falsos-y-cobardes.-1.jpg\",\"articleSection\":[\"Hojas Sueltas\",\"Voces\"],\"inLanguage\":\"es\",\"potentialAction\":[{\"@type\":\"CommentAction\",\"name\":\"Comment\",\"target\":[\"https:\/\/www.sonoraenequipo.com.mx\/notas-sueltas-montoneros-falsos-y-cobardes\/#respond\"]}]},{\"@type\":\"WebPage\",\"@id\":\"https:\/\/www.sonoraenequipo.com.mx\/notas-sueltas-montoneros-falsos-y-cobardes\/\",\"url\":\"https:\/\/www.sonoraenequipo.com.mx\/notas-sueltas-montoneros-falsos-y-cobardes\/\",\"name\":\"Sonora en Equipo. NOTAS SUELTAS. Montoneros, falsos y cobardes. Voces\",\"isPartOf\":{\"@id\":\"https:\/\/www.sonoraenequipo.com.mx\/#website\"},\"primaryImageOfPage\":{\"@id\":\"https:\/\/www.sonoraenequipo.com.mx\/notas-sueltas-montoneros-falsos-y-cobardes\/#primaryimage\"},\"image\":{\"@id\":\"https:\/\/www.sonoraenequipo.com.mx\/notas-sueltas-montoneros-falsos-y-cobardes\/#primaryimage\"},\"thumbnailUrl\":\"https:\/\/www.sonoraenequipo.com.mx\/storage\/2026\/03\/Montoneros-falsos-y-cobardes.-1.jpg\",\"datePublished\":\"2026-03-09T02:00:56+00:00\",\"dateModified\":\"2026-03-09T03:08:16+00:00\",\"description\":\"\u201cHechos, no palabras\u201d (frase latina). Occidente se ha convertido en una turba infame, en un mont\u00f3n de imb\u00e9ciles al servicio de quien creen su amigo y En Sonora en Equipo publicamos toda la informaci\u00f3n de Sonora, M\u00e9xico y el Mundo de manera oportuna y busca que la libertad de expresi\u00f3n sea real. Visita nuestro medio informativo publicado desde Hermosillo, Sonora. %\",\"breadcrumb\":{\"@id\":\"https:\/\/www.sonoraenequipo.com.mx\/notas-sueltas-montoneros-falsos-y-cobardes\/#breadcrumb\"},\"inLanguage\":\"es\",\"potentialAction\":[{\"@type\":\"ReadAction\",\"target\":[\"https:\/\/www.sonoraenequipo.com.mx\/notas-sueltas-montoneros-falsos-y-cobardes\/\"]}]},{\"@type\":\"ImageObject\",\"inLanguage\":\"es\",\"@id\":\"https:\/\/www.sonoraenequipo.com.mx\/notas-sueltas-montoneros-falsos-y-cobardes\/#primaryimage\",\"url\":\"https:\/\/www.sonoraenequipo.com.mx\/storage\/2026\/03\/Montoneros-falsos-y-cobardes.-1.jpg\",\"contentUrl\":\"https:\/\/www.sonoraenequipo.com.mx\/storage\/2026\/03\/Montoneros-falsos-y-cobardes.-1.jpg\",\"width\":1000,\"height\":658},{\"@type\":\"BreadcrumbList\",\"@id\":\"https:\/\/www.sonoraenequipo.com.mx\/notas-sueltas-montoneros-falsos-y-cobardes\/#breadcrumb\",\"itemListElement\":[{\"@type\":\"ListItem\",\"position\":1,\"name\":\"Portada\",\"item\":\"https:\/\/www.sonoraenequipo.com.mx\/\"},{\"@type\":\"ListItem\",\"position\":2,\"name\":\"NOTAS SUELTAS. Montoneros, falsos y cobardes.\"}]},{\"@type\":\"WebSite\",\"@id\":\"https:\/\/www.sonoraenequipo.com.mx\/#website\",\"url\":\"https:\/\/www.sonoraenequipo.com.mx\/\",\"name\":\"Sonora en Equipo.\",\"description\":\"Diario en l\u00ednea con Noticias desde Hermosillo, Sonora\",\"publisher\":{\"@id\":\"https:\/\/www.sonoraenequipo.com.mx\/#organization\"},\"potentialAction\":[{\"@type\":\"SearchAction\",\"target\":{\"@type\":\"EntryPoint\",\"urlTemplate\":\"https:\/\/www.sonoraenequipo.com.mx\/?s={search_term_string}\"},\"query-input\":{\"@type\":\"PropertyValueSpecification\",\"valueRequired\":true,\"valueName\":\"search_term_string\"}}],\"inLanguage\":\"es\"},{\"@type\":\"Organization\",\"@id\":\"https:\/\/www.sonoraenequipo.com.mx\/#organization\",\"name\":\"Sonoraenequipo.com.mx\",\"url\":\"https:\/\/www.sonoraenequipo.com.mx\/\",\"logo\":{\"@type\":\"ImageObject\",\"inLanguage\":\"es\",\"@id\":\"https:\/\/www.sonoraenequipo.com.mx\/#\/schema\/logo\/image\/\",\"url\":\"https:\/\/www.sonoraenequipo.com.mx\/storage\/2019\/01\/sonoraenequipo_opt.png\",\"contentUrl\":\"https:\/\/www.sonoraenequipo.com.mx\/storage\/2019\/01\/sonoraenequipo_opt.png\",\"width\":375,\"height\":125,\"caption\":\"Sonoraenequipo.com.mx\"},\"image\":{\"@id\":\"https:\/\/www.sonoraenequipo.com.mx\/#\/schema\/logo\/image\/\"},\"sameAs\":[\"https:\/\/www.facebook.com\/SonoraEE\/\",\"https:\/\/x.com\/sonoraenequipo\",\"https:\/\/www.youtube.com\/channel\/UC338nW-lPEYmJQs4ZABQ1SQ\"]},{\"@type\":\"Person\",\"@id\":\"https:\/\/www.sonoraenequipo.com.mx\/#\/schema\/person\/50102df0fb23a8fa9e8effad8fa81386\",\"name\":\"enequipo\",\"image\":{\"@type\":\"ImageObject\",\"inLanguage\":\"es\",\"@id\":\"https:\/\/www.sonoraenequipo.com.mx\/#\/schema\/person\/image\/\",\"url\":\"https:\/\/secure.gravatar.com\/avatar\/049821681b589dabc0bc20695993ccebb09f5b5d4d790cd9251b97faac7c652b?s=96&d=blank&r=g\",\"contentUrl\":\"https:\/\/secure.gravatar.com\/avatar\/049821681b589dabc0bc20695993ccebb09f5b5d4d790cd9251b97faac7c652b?s=96&d=blank&r=g\",\"caption\":\"enequipo\"},\"sameAs\":[\"https:\/\/www.facebook.com\/SonoraEE\"]}]}<\/script>\n ","yoast_head_json":{"title":"Sonora en Equipo. NOTAS SUELTAS. Montoneros, falsos y cobardes. Voces","description":"\u201cHechos, no palabras\u201d (frase latina). Occidente se ha convertido en una turba infame, en un mont\u00f3n de imb\u00e9ciles al servicio de quien creen su amigo y En Sonora en Equipo publicamos toda la informaci\u00f3n de Sonora, M\u00e9xico y el Mundo de manera oportuna y busca que la libertad de expresi\u00f3n sea real. Visita nuestro medio informativo publicado desde Hermosillo, Sonora. %","robots":{"index":"index","follow":"follow","max-snippet":"max-snippet:-1","max-image-preview":"max-image-preview:large","max-video-preview":"max-video-preview:-1"},"canonical":"https:\/\/www.sonoraenequipo.com.mx\/notas-sueltas-montoneros-falsos-y-cobardes\/","og_locale":"es_ES","og_type":"article","og_title":"Sonora en Equipo. NOTAS SUELTAS. Montoneros, falsos y cobardes. Voces","og_description":"\u201cHechos, no palabras\u201d (frase latina). Occidente se ha convertido en una turba infame, en un mont\u00f3n de imb\u00e9ciles al servicio de quien creen su amigo y En Sonora en Equipo publicamos toda la informaci\u00f3n de Sonora, M\u00e9xico y el Mundo de manera oportuna y busca que la libertad de expresi\u00f3n sea real. Visita nuestro medio informativo publicado desde Hermosillo, Sonora. %","og_url":"https:\/\/www.sonoraenequipo.com.mx\/notas-sueltas-montoneros-falsos-y-cobardes\/","og_site_name":"Sonora en Equipo.","article_publisher":"https:\/\/www.facebook.com\/SonoraEE\/","article_author":"https:\/\/www.facebook.com\/SonoraEE","article_published_time":"2026-03-09T02:00:56+00:00","article_modified_time":"2026-03-09T03:08:16+00:00","og_image":[{"width":1000,"height":658,"url":"https:\/\/www.sonoraenequipo.com.mx\/storage\/2026\/03\/Montoneros-falsos-y-cobardes.-1.jpg","type":"image\/jpeg"}],"author":"enequipo","twitter_card":"summary_large_image","twitter_creator":"@sonoraenequipo","twitter_site":"@sonoraenequipo","twitter_misc":{"Escrito por":"enequipo","Tiempo de lectura":"5 minutos"},"schema":{"@context":"https:\/\/schema.org","@graph":[{"@type":"Article","@id":"https:\/\/www.sonoraenequipo.com.mx\/notas-sueltas-montoneros-falsos-y-cobardes\/#article","isPartOf":{"@id":"https:\/\/www.sonoraenequipo.com.mx\/notas-sueltas-montoneros-falsos-y-cobardes\/"},"author":{"name":"enequipo","@id":"https:\/\/www.sonoraenequipo.com.mx\/#\/schema\/person\/50102df0fb23a8fa9e8effad8fa81386"},"headline":"NOTAS SUELTAS. Montoneros, falsos y cobardes.","datePublished":"2026-03-09T02:00:56+00:00","dateModified":"2026-03-09T03:08:16+00:00","mainEntityOfPage":{"@id":"https:\/\/www.sonoraenequipo.com.mx\/notas-sueltas-montoneros-falsos-y-cobardes\/"},"wordCount":947,"commentCount":0,"publisher":{"@id":"https:\/\/www.sonoraenequipo.com.mx\/#organization"},"image":{"@id":"https:\/\/www.sonoraenequipo.com.mx\/notas-sueltas-montoneros-falsos-y-cobardes\/#primaryimage"},"thumbnailUrl":"https:\/\/www.sonoraenequipo.com.mx\/storage\/2026\/03\/Montoneros-falsos-y-cobardes.-1.jpg","articleSection":["Hojas Sueltas","Voces"],"inLanguage":"es","potentialAction":[{"@type":"CommentAction","name":"Comment","target":["https:\/\/www.sonoraenequipo.com.mx\/notas-sueltas-montoneros-falsos-y-cobardes\/#respond"]}]},{"@type":"WebPage","@id":"https:\/\/www.sonoraenequipo.com.mx\/notas-sueltas-montoneros-falsos-y-cobardes\/","url":"https:\/\/www.sonoraenequipo.com.mx\/notas-sueltas-montoneros-falsos-y-cobardes\/","name":"Sonora en Equipo. NOTAS SUELTAS. Montoneros, falsos y cobardes. Voces","isPartOf":{"@id":"https:\/\/www.sonoraenequipo.com.mx\/#website"},"primaryImageOfPage":{"@id":"https:\/\/www.sonoraenequipo.com.mx\/notas-sueltas-montoneros-falsos-y-cobardes\/#primaryimage"},"image":{"@id":"https:\/\/www.sonoraenequipo.com.mx\/notas-sueltas-montoneros-falsos-y-cobardes\/#primaryimage"},"thumbnailUrl":"https:\/\/www.sonoraenequipo.com.mx\/storage\/2026\/03\/Montoneros-falsos-y-cobardes.-1.jpg","datePublished":"2026-03-09T02:00:56+00:00","dateModified":"2026-03-09T03:08:16+00:00","description":"\u201cHechos, no palabras\u201d (frase latina). Occidente se ha convertido en una turba infame, en un mont\u00f3n de imb\u00e9ciles al servicio de quien creen su amigo y En Sonora en Equipo publicamos toda la informaci\u00f3n de Sonora, M\u00e9xico y el Mundo de manera oportuna y busca que la libertad de expresi\u00f3n sea real. Visita nuestro medio informativo publicado desde Hermosillo, Sonora. %","breadcrumb":{"@id":"https:\/\/www.sonoraenequipo.com.mx\/notas-sueltas-montoneros-falsos-y-cobardes\/#breadcrumb"},"inLanguage":"es","potentialAction":[{"@type":"ReadAction","target":["https:\/\/www.sonoraenequipo.com.mx\/notas-sueltas-montoneros-falsos-y-cobardes\/"]}]},{"@type":"ImageObject","inLanguage":"es","@id":"https:\/\/www.sonoraenequipo.com.mx\/notas-sueltas-montoneros-falsos-y-cobardes\/#primaryimage","url":"https:\/\/www.sonoraenequipo.com.mx\/storage\/2026\/03\/Montoneros-falsos-y-cobardes.-1.jpg","contentUrl":"https:\/\/www.sonoraenequipo.com.mx\/storage\/2026\/03\/Montoneros-falsos-y-cobardes.-1.jpg","width":1000,"height":658},{"@type":"BreadcrumbList","@id":"https:\/\/www.sonoraenequipo.com.mx\/notas-sueltas-montoneros-falsos-y-cobardes\/#breadcrumb","itemListElement":[{"@type":"ListItem","position":1,"name":"Portada","item":"https:\/\/www.sonoraenequipo.com.mx\/"},{"@type":"ListItem","position":2,"name":"NOTAS SUELTAS. Montoneros, falsos y cobardes."}]},{"@type":"WebSite","@id":"https:\/\/www.sonoraenequipo.com.mx\/#website","url":"https:\/\/www.sonoraenequipo.com.mx\/","name":"Sonora en Equipo.","description":"Diario en l\u00ednea con Noticias desde Hermosillo, Sonora","publisher":{"@id":"https:\/\/www.sonoraenequipo.com.mx\/#organization"},"potentialAction":[{"@type":"SearchAction","target":{"@type":"EntryPoint","urlTemplate":"https:\/\/www.sonoraenequipo.com.mx\/?s={search_term_string}"},"query-input":{"@type":"PropertyValueSpecification","valueRequired":true,"valueName":"search_term_string"}}],"inLanguage":"es"},{"@type":"Organization","@id":"https:\/\/www.sonoraenequipo.com.mx\/#organization","name":"Sonoraenequipo.com.mx","url":"https:\/\/www.sonoraenequipo.com.mx\/","logo":{"@type":"ImageObject","inLanguage":"es","@id":"https:\/\/www.sonoraenequipo.com.mx\/#\/schema\/logo\/image\/","url":"https:\/\/www.sonoraenequipo.com.mx\/storage\/2019\/01\/sonoraenequipo_opt.png","contentUrl":"https:\/\/www.sonoraenequipo.com.mx\/storage\/2019\/01\/sonoraenequipo_opt.png","width":375,"height":125,"caption":"Sonoraenequipo.com.mx"},"image":{"@id":"https:\/\/www.sonoraenequipo.com.mx\/#\/schema\/logo\/image\/"},"sameAs":["https:\/\/www.facebook.com\/SonoraEE\/","https:\/\/x.com\/sonoraenequipo","https:\/\/www.youtube.com\/channel\/UC338nW-lPEYmJQs4ZABQ1SQ"]},{"@type":"Person","@id":"https:\/\/www.sonoraenequipo.com.mx\/#\/schema\/person\/50102df0fb23a8fa9e8effad8fa81386","name":"enequipo","image":{"@type":"ImageObject","inLanguage":"es","@id":"https:\/\/www.sonoraenequipo.com.mx\/#\/schema\/person\/image\/","url":"https:\/\/secure.gravatar.com\/avatar\/049821681b589dabc0bc20695993ccebb09f5b5d4d790cd9251b97faac7c652b?s=96&d=blank&r=g","contentUrl":"https:\/\/secure.gravatar.com\/avatar\/049821681b589dabc0bc20695993ccebb09f5b5d4d790cd9251b97faac7c652b?s=96&d=blank&r=g","caption":"enequipo"},"sameAs":["https:\/\/www.facebook.com\/SonoraEE"]}]}},"jetpack_featured_media_url":"https:\/\/www.sonoraenequipo.com.mx\/storage\/2026\/03\/Montoneros-falsos-y-cobardes.-1.jpg","_links":{"self":[{"href":"https:\/\/www.sonoraenequipo.com.mx\/api\/wp\/v2\/posts\/236867","targetHints":{"allow":["GET"]}}],"collection":[{"href":"https:\/\/www.sonoraenequipo.com.mx\/api\/wp\/v2\/posts"}],"about":[{"href":"https:\/\/www.sonoraenequipo.com.mx\/api\/wp\/v2\/types\/post"}],"author":[{"embeddable":true,"href":"https:\/\/www.sonoraenequipo.com.mx\/api\/wp\/v2\/users\/1"}],"replies":[{"embeddable":true,"href":"https:\/\/www.sonoraenequipo.com.mx\/api\/wp\/v2\/comments?post=236867"}],"version-history":[{"count":2,"href":"https:\/\/www.sonoraenequipo.com.mx\/api\/wp\/v2\/posts\/236867\/revisions"}],"predecessor-version":[{"id":236871,"href":"https:\/\/www.sonoraenequipo.com.mx\/api\/wp\/v2\/posts\/236867\/revisions\/236871"}],"wp:featuredmedia":[{"embeddable":true,"href":"https:\/\/www.sonoraenequipo.com.mx\/api\/wp\/v2\/media\/236869"}],"wp:attachment":[{"href":"https:\/\/www.sonoraenequipo.com.mx\/api\/wp\/v2\/media?parent=236867"}],"wp:term":[{"taxonomy":"category","embeddable":true,"href":"https:\/\/www.sonoraenequipo.com.mx\/api\/wp\/v2\/categories?post=236867"},{"taxonomy":"post_tag","embeddable":true,"href":"https:\/\/www.sonoraenequipo.com.mx\/api\/wp\/v2\/tags?post=236867"}],"curies":[{"name":"wp","href":"https:\/\/api.w.org\/{rel}","templated":true}]}}