{"id":236872,"date":"2026-03-08T18:10:23","date_gmt":"2026-03-09T01:10:23","guid":{"rendered":"https:\/\/www.sonoraenequipo.com.mx\/?p=236872"},"modified":"2026-03-08T22:05:58","modified_gmt":"2026-03-09T05:05:58","slug":"hermosillo-muestra-gastronomica-de-san-pedro-reune-a-mas-de-20-mil-personas","status":"publish","type":"post","link":"https:\/\/www.sonoraenequipo.com.mx\/hermosillo-muestra-gastronomica-de-san-pedro-reune-a-mas-de-20-mil-personas\/","title":{"rendered":"HERMOSILLO. Muestra Gastron\u00f3mica de San Pedro re\u00fane a m\u00e1s de 20 mil personas"},"content":{"rendered":"<p><strong>SAN PEDRO EL SAUCITO, HERMOSILLO, SONORA. MX.<\/strong> \u2014 El alcalde Antonio Astiazar\u00e1n resalt\u00f3 la importancia del evento para fortalecer tradiciones, impulsar el turismo y apoyar a emprendedores locales, mientras la Agencia de Desarrollo Econ\u00f3mico destac\u00f3 su papel en la identidad comunitaria.<\/p>\n<p>&nbsp;<\/p>\n<p>&nbsp;<\/p>\n<p> <\/p>\n<p>La novena Muestra Gastron\u00f3mica de San Pedro El Saucito reuni\u00f3 a m\u00e1s de 20 mil personas durante sus actividades, al tratarse de uno de los eventos gastron\u00f3micos y tur\u00edsticos m\u00e1s importantes de Hermosillo.<\/p>\n<p>&nbsp;<\/p>\n<p>&nbsp;<\/p>\n<p>Durante su participaci\u00f3n en el evento, el alcalde Antonio Astiazar\u00e1n Guti\u00e9rrez destac\u00f3 que la muestra ha registrado un crecimiento importante en los \u00faltimos a\u00f1os, al pasar de alrededor de dos mil asistentes en 2022 a superar los 20 mil visitantes en la edici\u00f3n m\u00e1s reciente.<\/p>\n<p>&nbsp;<\/p>\n<p>&nbsp;<\/p>\n<p><strong><em>\u201cEl evento ha venido creciendo a\u00f1o con a\u00f1o. Del 2022 al a\u00f1o pasado se multiplic\u00f3 x10 el n\u00famero de asistentes, de 2 mil a m\u00e1s de 20 mil personas, lo que significa derrama econ\u00f3mica y fortalecimiento de nuestras tradiciones\u201d,<\/em> <\/strong>expres\u00f3.<\/p>\n<p>&nbsp;<\/p>\n<p>&nbsp;<\/p>\n<p>El presidente municipal se\u00f1al\u00f3 que este tipo de encuentros no s\u00f3lo celebran la gastronom\u00eda local, sino que tambi\u00e9n impulsan el turismo, generan oportunidades econ\u00f3micas para los emprendedores y fortalecen la convivencia familiar.<\/p>\n<p>&nbsp;<\/p>\n<p>&nbsp;<\/p>\n<h3>Participaci\u00f3n y premios en la muestra gastron\u00f3mica<\/h3>\n<p>&nbsp;<\/p>\n<p>Asimismo, la muestra reuni\u00f3 a m\u00e1s de 60 establecimientos gastron\u00f3micos, cuyos participantes ofrecieron una amplia variedad de platillos tradicionales y propuestas culinarias que reflejan la riqueza gastron\u00f3mica de la regi\u00f3n.<\/p>\n<p>&nbsp;<\/p>\n<p>&nbsp;<\/p>\n<p>&nbsp;<\/p>\n<p>Desde un plato de menudo hasta tamales, el aroma de tacos de guiso, caldos, chilaquiles y tortillas reci\u00e9n hechas, fueron la mezcla en esta muestra gastron\u00f3mica; as\u00ed como el humo que se gener\u00f3 por la preparaci\u00f3n de cada alimento tradicional.<\/p>\n<p>&nbsp;<\/p>\n<p>&nbsp;<\/p>\n<p>\u00d3scar Daniel Gast\u00e9lum, director de la Agencia de Desarrollo Econ\u00f3mico, destac\u00f3 que el evento se ha convertido en una tradici\u00f3n que fortalece la identidad comunitaria de San Pedro El Saucito.<\/p>\n<p>&nbsp;<\/p>\n<p>&nbsp;<\/p>\n<p><strong><em>\u201cLa gastronom\u00eda no solamente se disfruta, sino que se comparte, se crea identidad y se desarrolla comunidad alrededor de ella\u201d<\/em><\/strong>, coment\u00f3.<\/p>\n<p>&nbsp;<\/p>\n<p>&nbsp;<\/p>\n<p>&nbsp;<\/p>\n<p>A\u00f1adi\u00f3 que apoyar a cocineros, productores y emprendedores tambi\u00e9n significa impulsar el desarrollo econ\u00f3mico local y generar m\u00e1s oportunidades para las familias.<\/p>\n<p>&nbsp;<\/p>\n<p>&nbsp;<\/p>\n<p>&nbsp;<\/p>\n<p>Cabe mencionar que se realizaron diversas premiaciones para reconocer a los participantes, entre ellas la tortilla de agua m\u00e1s grande, que alcanz\u00f3 un di\u00e1metro de 70 cent\u00edmetros y fue elaborada por Tortiller\u00eda Alexa, con premios simb\u00f3licos.<\/p>\n<p>&nbsp;<\/p>\n<p>&nbsp;<\/p>\n<p>El reconocimiento al establecimiento distinguido fue otorgado a Casa San Pedro, seleccionado por creadores de contenido que participaron como evaluadores del evento.<\/p>\n<p>&nbsp;<\/p>\n<p>&nbsp;<\/p>\n<p>Mientras que, en la categor\u00eda de innovaci\u00f3n culinaria participaron equipos de cuatro distintas universidades, quienes presentaron propuestas gastron\u00f3micas desarrolladas por estudiantes.<\/p>\n<p>&nbsp;<\/p>\n<p>&nbsp;<\/p>\n<p>El premio al platillo m\u00e1s innovador fue para el equipo de Universidad Vizcaya de las Am\u00e9ricas, integrado por Brian Delgado, Gatz Sep\u00falveda y \u00c1ngel Parra, quienes recibieron el reconocimiento durante la ceremonia de premiaci\u00f3n.<\/p>\n<p>&nbsp;<\/p>\n<p>&nbsp;<\/p>\n<p>PUBLICADO EL 08 MARZO DE 2026 Con informaci\u00f3n de Armando Aguilar)<\/p>\n","protected":false},"excerpt":{"rendered":"<p>SAN PEDRO EL SAUCITO, HERMOSILLO, SONORA. MX. \u2014 El alcalde Antonio Astiazar\u00e1n resalt\u00f3 la importancia&#8230;<\/p>\n","protected":false},"author":1,"featured_media":236893,"comment_status":"open","ping_status":"open","sticky":false,"template":"","format":"standard","meta":{"_monsterinsights_skip_tracking":false,"_monsterinsights_sitenote_active":false,"_monsterinsights_sitenote_note":"","_monsterinsights_sitenote_category":0,"footnotes":""},"categories":[4],"tags":[],"class_list":["post"],"yoast_head":" \n<title>Sonora en Equipo. HERMOSILLO. Muestra Gastron\u00f3mica de San Pedro re\u00fane a m\u00e1s de 20 mil personas Municipios<\/title>\n<meta name=\"description\" content=\"SAN PEDRO EL SAUCITO, HERMOSILLO, SONORA. MX. \u2014 El alcalde Antonio Astiazar\u00e1n resalt\u00f3 la importancia del evento para fortalecer tradiciones, impulsar el En Sonora en Equipo publicamos toda la informaci\u00f3n de Sonora, M\u00e9xico y el Mundo de manera oportuna y busca que la libertad de expresi\u00f3n sea real. Visita nuestro medio informativo publicado desde Hermosillo, Sonora. %\" \/>\n<meta name=\"robots\" content=\"index, follow, max-snippet:-1, max-image-preview:large, max-video-preview:-1\" \/>\n<link rel=\"canonical\" href=\"https:\/\/www.sonoraenequipo.com.mx\/hermosillo-muestra-gastronomica-de-san-pedro-reune-a-mas-de-20-mil-personas\/\" \/>\n<meta property=\"og:locale\" content=\"es_ES\" \/>\n<meta property=\"og:type\" content=\"article\" \/>\n<meta property=\"og:title\" content=\"Sonora en Equipo. HERMOSILLO. Muestra Gastron\u00f3mica de San Pedro re\u00fane a m\u00e1s de 20 mil personas Municipios\" \/>\n<meta property=\"og:description\" content=\"SAN PEDRO EL SAUCITO, HERMOSILLO, SONORA. MX. \u2014 El alcalde Antonio Astiazar\u00e1n resalt\u00f3 la importancia del evento para fortalecer tradiciones, impulsar el En Sonora en Equipo publicamos toda la informaci\u00f3n de Sonora, M\u00e9xico y el Mundo de manera oportuna y busca que la libertad de expresi\u00f3n sea real. Visita nuestro medio informativo publicado desde Hermosillo, Sonora. %\" \/>\n<meta property=\"og:url\" content=\"https:\/\/www.sonoraenequipo.com.mx\/hermosillo-muestra-gastronomica-de-san-pedro-reune-a-mas-de-20-mil-personas\/\" \/>\n<meta property=\"og:site_name\" content=\"Sonora en Equipo.\" \/>\n<meta property=\"article:publisher\" content=\"https:\/\/www.facebook.com\/SonoraEE\/\" \/>\n<meta property=\"article:author\" content=\"https:\/\/www.facebook.com\/SonoraEE\" \/>\n<meta property=\"article:published_time\" content=\"2026-03-09T01:10:23+00:00\" \/>\n<meta property=\"article:modified_time\" content=\"2026-03-09T05:05:58+00:00\" \/>\n<meta property=\"og:image\" content=\"https:\/\/www.sonoraenequipo.com.mx\/storage\/2026\/03\/San-Pedro-Saucito-1.jpg\" \/>\n\t<meta property=\"og:image:width\" content=\"1000\" \/>\n\t<meta property=\"og:image:height\" content=\"525\" \/>\n\t<meta property=\"og:image:type\" content=\"image\/jpeg\" \/>\n<meta name=\"author\" content=\"enequipo\" \/>\n<meta name=\"twitter:card\" content=\"summary_large_image\" \/>\n<meta name=\"twitter:creator\" content=\"@sonoraenequipo\" \/>\n<meta name=\"twitter:site\" content=\"@sonoraenequipo\" \/>\n<meta name=\"twitter:label1\" content=\"Escrito por\" \/>\n\t<meta name=\"twitter:data1\" content=\"enequipo\" \/>\n\t<meta name=\"twitter:label2\" content=\"Tiempo de lectura\" \/>\n\t<meta name=\"twitter:data2\" content=\"3 minutos\" \/>\n<script type=\"application\/ld+json\" class=\"yoast-schema-graph\">{\"@context\":\"https:\/\/schema.org\",\"@graph\":[{\"@type\":\"Article\",\"@id\":\"https:\/\/www.sonoraenequipo.com.mx\/hermosillo-muestra-gastronomica-de-san-pedro-reune-a-mas-de-20-mil-personas\/#article\",\"isPartOf\":{\"@id\":\"https:\/\/www.sonoraenequipo.com.mx\/hermosillo-muestra-gastronomica-de-san-pedro-reune-a-mas-de-20-mil-personas\/\"},\"author\":{\"name\":\"enequipo\",\"@id\":\"https:\/\/www.sonoraenequipo.com.mx\/#\/schema\/person\/50102df0fb23a8fa9e8effad8fa81386\"},\"headline\":\"HERMOSILLO. Muestra Gastron\u00f3mica de San Pedro re\u00fane a m\u00e1s de 20 mil personas\",\"datePublished\":\"2026-03-09T01:10:23+00:00\",\"dateModified\":\"2026-03-09T05:05:58+00:00\",\"mainEntityOfPage\":{\"@id\":\"https:\/\/www.sonoraenequipo.com.mx\/hermosillo-muestra-gastronomica-de-san-pedro-reune-a-mas-de-20-mil-personas\/\"},\"wordCount\":555,\"commentCount\":0,\"publisher\":{\"@id\":\"https:\/\/www.sonoraenequipo.com.mx\/#organization\"},\"image\":{\"@id\":\"https:\/\/www.sonoraenequipo.com.mx\/hermosillo-muestra-gastronomica-de-san-pedro-reune-a-mas-de-20-mil-personas\/#primaryimage\"},\"thumbnailUrl\":\"https:\/\/www.sonoraenequipo.com.mx\/storage\/2026\/03\/San-Pedro-Saucito-1.jpg\",\"articleSection\":[\"Municipios\"],\"inLanguage\":\"es\",\"potentialAction\":[{\"@type\":\"CommentAction\",\"name\":\"Comment\",\"target\":[\"https:\/\/www.sonoraenequipo.com.mx\/hermosillo-muestra-gastronomica-de-san-pedro-reune-a-mas-de-20-mil-personas\/#respond\"]}]},{\"@type\":\"WebPage\",\"@id\":\"https:\/\/www.sonoraenequipo.com.mx\/hermosillo-muestra-gastronomica-de-san-pedro-reune-a-mas-de-20-mil-personas\/\",\"url\":\"https:\/\/www.sonoraenequipo.com.mx\/hermosillo-muestra-gastronomica-de-san-pedro-reune-a-mas-de-20-mil-personas\/\",\"name\":\"Sonora en Equipo. HERMOSILLO. Muestra Gastron\u00f3mica de San Pedro re\u00fane a m\u00e1s de 20 mil personas Municipios\",\"isPartOf\":{\"@id\":\"https:\/\/www.sonoraenequipo.com.mx\/#website\"},\"primaryImageOfPage\":{\"@id\":\"https:\/\/www.sonoraenequipo.com.mx\/hermosillo-muestra-gastronomica-de-san-pedro-reune-a-mas-de-20-mil-personas\/#primaryimage\"},\"image\":{\"@id\":\"https:\/\/www.sonoraenequipo.com.mx\/hermosillo-muestra-gastronomica-de-san-pedro-reune-a-mas-de-20-mil-personas\/#primaryimage\"},\"thumbnailUrl\":\"https:\/\/www.sonoraenequipo.com.mx\/storage\/2026\/03\/San-Pedro-Saucito-1.jpg\",\"datePublished\":\"2026-03-09T01:10:23+00:00\",\"dateModified\":\"2026-03-09T05:05:58+00:00\",\"description\":\"SAN PEDRO EL SAUCITO, HERMOSILLO, SONORA. MX. \u2014 El alcalde Antonio Astiazar\u00e1n resalt\u00f3 la importancia del evento para fortalecer tradiciones, impulsar el En Sonora en Equipo publicamos toda la informaci\u00f3n de Sonora, M\u00e9xico y el Mundo de manera oportuna y busca que la libertad de expresi\u00f3n sea real. Visita nuestro medio informativo publicado desde Hermosillo, Sonora. %\",\"breadcrumb\":{\"@id\":\"https:\/\/www.sonoraenequipo.com.mx\/hermosillo-muestra-gastronomica-de-san-pedro-reune-a-mas-de-20-mil-personas\/#breadcrumb\"},\"inLanguage\":\"es\",\"potentialAction\":[{\"@type\":\"ReadAction\",\"target\":[\"https:\/\/www.sonoraenequipo.com.mx\/hermosillo-muestra-gastronomica-de-san-pedro-reune-a-mas-de-20-mil-personas\/\"]}]},{\"@type\":\"ImageObject\",\"inLanguage\":\"es\",\"@id\":\"https:\/\/www.sonoraenequipo.com.mx\/hermosillo-muestra-gastronomica-de-san-pedro-reune-a-mas-de-20-mil-personas\/#primaryimage\",\"url\":\"https:\/\/www.sonoraenequipo.com.mx\/storage\/2026\/03\/San-Pedro-Saucito-1.jpg\",\"contentUrl\":\"https:\/\/www.sonoraenequipo.com.mx\/storage\/2026\/03\/San-Pedro-Saucito-1.jpg\",\"width\":1000,\"height\":525},{\"@type\":\"BreadcrumbList\",\"@id\":\"https:\/\/www.sonoraenequipo.com.mx\/hermosillo-muestra-gastronomica-de-san-pedro-reune-a-mas-de-20-mil-personas\/#breadcrumb\",\"itemListElement\":[{\"@type\":\"ListItem\",\"position\":1,\"name\":\"Portada\",\"item\":\"https:\/\/www.sonoraenequipo.com.mx\/\"},{\"@type\":\"ListItem\",\"position\":2,\"name\":\"HERMOSILLO. Muestra Gastron\u00f3mica de San Pedro re\u00fane a m\u00e1s de 20 mil personas\"}]},{\"@type\":\"WebSite\",\"@id\":\"https:\/\/www.sonoraenequipo.com.mx\/#website\",\"url\":\"https:\/\/www.sonoraenequipo.com.mx\/\",\"name\":\"Sonora en Equipo.\",\"description\":\"Diario en l\u00ednea con Noticias desde Hermosillo, Sonora\",\"publisher\":{\"@id\":\"https:\/\/www.sonoraenequipo.com.mx\/#organization\"},\"potentialAction\":[{\"@type\":\"SearchAction\",\"target\":{\"@type\":\"EntryPoint\",\"urlTemplate\":\"https:\/\/www.sonoraenequipo.com.mx\/?s={search_term_string}\"},\"query-input\":{\"@type\":\"PropertyValueSpecification\",\"valueRequired\":true,\"valueName\":\"search_term_string\"}}],\"inLanguage\":\"es\"},{\"@type\":\"Organization\",\"@id\":\"https:\/\/www.sonoraenequipo.com.mx\/#organization\",\"name\":\"Sonoraenequipo.com.mx\",\"url\":\"https:\/\/www.sonoraenequipo.com.mx\/\",\"logo\":{\"@type\":\"ImageObject\",\"inLanguage\":\"es\",\"@id\":\"https:\/\/www.sonoraenequipo.com.mx\/#\/schema\/logo\/image\/\",\"url\":\"https:\/\/www.sonoraenequipo.com.mx\/storage\/2019\/01\/sonoraenequipo_opt.png\",\"contentUrl\":\"https:\/\/www.sonoraenequipo.com.mx\/storage\/2019\/01\/sonoraenequipo_opt.png\",\"width\":375,\"height\":125,\"caption\":\"Sonoraenequipo.com.mx\"},\"image\":{\"@id\":\"https:\/\/www.sonoraenequipo.com.mx\/#\/schema\/logo\/image\/\"},\"sameAs\":[\"https:\/\/www.facebook.com\/SonoraEE\/\",\"https:\/\/x.com\/sonoraenequipo\",\"https:\/\/www.youtube.com\/channel\/UC338nW-lPEYmJQs4ZABQ1SQ\"]},{\"@type\":\"Person\",\"@id\":\"https:\/\/www.sonoraenequipo.com.mx\/#\/schema\/person\/50102df0fb23a8fa9e8effad8fa81386\",\"name\":\"enequipo\",\"image\":{\"@type\":\"ImageObject\",\"inLanguage\":\"es\",\"@id\":\"https:\/\/www.sonoraenequipo.com.mx\/#\/schema\/person\/image\/\",\"url\":\"https:\/\/secure.gravatar.com\/avatar\/049821681b589dabc0bc20695993ccebb09f5b5d4d790cd9251b97faac7c652b?s=96&d=blank&r=g\",\"contentUrl\":\"https:\/\/secure.gravatar.com\/avatar\/049821681b589dabc0bc20695993ccebb09f5b5d4d790cd9251b97faac7c652b?s=96&d=blank&r=g\",\"caption\":\"enequipo\"},\"sameAs\":[\"https:\/\/www.facebook.com\/SonoraEE\"]}]}<\/script>\n ","yoast_head_json":{"title":"Sonora en Equipo. HERMOSILLO. Muestra Gastron\u00f3mica de San Pedro re\u00fane a m\u00e1s de 20 mil personas Municipios","description":"SAN PEDRO EL SAUCITO, HERMOSILLO, SONORA. MX. \u2014 El alcalde Antonio Astiazar\u00e1n resalt\u00f3 la importancia del evento para fortalecer tradiciones, impulsar el En Sonora en Equipo publicamos toda la informaci\u00f3n de Sonora, M\u00e9xico y el Mundo de manera oportuna y busca que la libertad de expresi\u00f3n sea real. Visita nuestro medio informativo publicado desde Hermosillo, Sonora. %","robots":{"index":"index","follow":"follow","max-snippet":"max-snippet:-1","max-image-preview":"max-image-preview:large","max-video-preview":"max-video-preview:-1"},"canonical":"https:\/\/www.sonoraenequipo.com.mx\/hermosillo-muestra-gastronomica-de-san-pedro-reune-a-mas-de-20-mil-personas\/","og_locale":"es_ES","og_type":"article","og_title":"Sonora en Equipo. HERMOSILLO. Muestra Gastron\u00f3mica de San Pedro re\u00fane a m\u00e1s de 20 mil personas Municipios","og_description":"SAN PEDRO EL SAUCITO, HERMOSILLO, SONORA. MX. \u2014 El alcalde Antonio Astiazar\u00e1n resalt\u00f3 la importancia del evento para fortalecer tradiciones, impulsar el En Sonora en Equipo publicamos toda la informaci\u00f3n de Sonora, M\u00e9xico y el Mundo de manera oportuna y busca que la libertad de expresi\u00f3n sea real. Visita nuestro medio informativo publicado desde Hermosillo, Sonora. %","og_url":"https:\/\/www.sonoraenequipo.com.mx\/hermosillo-muestra-gastronomica-de-san-pedro-reune-a-mas-de-20-mil-personas\/","og_site_name":"Sonora en Equipo.","article_publisher":"https:\/\/www.facebook.com\/SonoraEE\/","article_author":"https:\/\/www.facebook.com\/SonoraEE","article_published_time":"2026-03-09T01:10:23+00:00","article_modified_time":"2026-03-09T05:05:58+00:00","og_image":[{"width":1000,"height":525,"url":"https:\/\/www.sonoraenequipo.com.mx\/storage\/2026\/03\/San-Pedro-Saucito-1.jpg","type":"image\/jpeg"}],"author":"enequipo","twitter_card":"summary_large_image","twitter_creator":"@sonoraenequipo","twitter_site":"@sonoraenequipo","twitter_misc":{"Escrito por":"enequipo","Tiempo de lectura":"3 minutos"},"schema":{"@context":"https:\/\/schema.org","@graph":[{"@type":"Article","@id":"https:\/\/www.sonoraenequipo.com.mx\/hermosillo-muestra-gastronomica-de-san-pedro-reune-a-mas-de-20-mil-personas\/#article","isPartOf":{"@id":"https:\/\/www.sonoraenequipo.com.mx\/hermosillo-muestra-gastronomica-de-san-pedro-reune-a-mas-de-20-mil-personas\/"},"author":{"name":"enequipo","@id":"https:\/\/www.sonoraenequipo.com.mx\/#\/schema\/person\/50102df0fb23a8fa9e8effad8fa81386"},"headline":"HERMOSILLO. Muestra Gastron\u00f3mica de San Pedro re\u00fane a m\u00e1s de 20 mil personas","datePublished":"2026-03-09T01:10:23+00:00","dateModified":"2026-03-09T05:05:58+00:00","mainEntityOfPage":{"@id":"https:\/\/www.sonoraenequipo.com.mx\/hermosillo-muestra-gastronomica-de-san-pedro-reune-a-mas-de-20-mil-personas\/"},"wordCount":555,"commentCount":0,"publisher":{"@id":"https:\/\/www.sonoraenequipo.com.mx\/#organization"},"image":{"@id":"https:\/\/www.sonoraenequipo.com.mx\/hermosillo-muestra-gastronomica-de-san-pedro-reune-a-mas-de-20-mil-personas\/#primaryimage"},"thumbnailUrl":"https:\/\/www.sonoraenequipo.com.mx\/storage\/2026\/03\/San-Pedro-Saucito-1.jpg","articleSection":["Municipios"],"inLanguage":"es","potentialAction":[{"@type":"CommentAction","name":"Comment","target":["https:\/\/www.sonoraenequipo.com.mx\/hermosillo-muestra-gastronomica-de-san-pedro-reune-a-mas-de-20-mil-personas\/#respond"]}]},{"@type":"WebPage","@id":"https:\/\/www.sonoraenequipo.com.mx\/hermosillo-muestra-gastronomica-de-san-pedro-reune-a-mas-de-20-mil-personas\/","url":"https:\/\/www.sonoraenequipo.com.mx\/hermosillo-muestra-gastronomica-de-san-pedro-reune-a-mas-de-20-mil-personas\/","name":"Sonora en Equipo. HERMOSILLO. Muestra Gastron\u00f3mica de San Pedro re\u00fane a m\u00e1s de 20 mil personas Municipios","isPartOf":{"@id":"https:\/\/www.sonoraenequipo.com.mx\/#website"},"primaryImageOfPage":{"@id":"https:\/\/www.sonoraenequipo.com.mx\/hermosillo-muestra-gastronomica-de-san-pedro-reune-a-mas-de-20-mil-personas\/#primaryimage"},"image":{"@id":"https:\/\/www.sonoraenequipo.com.mx\/hermosillo-muestra-gastronomica-de-san-pedro-reune-a-mas-de-20-mil-personas\/#primaryimage"},"thumbnailUrl":"https:\/\/www.sonoraenequipo.com.mx\/storage\/2026\/03\/San-Pedro-Saucito-1.jpg","datePublished":"2026-03-09T01:10:23+00:00","dateModified":"2026-03-09T05:05:58+00:00","description":"SAN PEDRO EL SAUCITO, HERMOSILLO, SONORA. MX. \u2014 El alcalde Antonio Astiazar\u00e1n resalt\u00f3 la importancia del evento para fortalecer tradiciones, impulsar el En Sonora en Equipo publicamos toda la informaci\u00f3n de Sonora, M\u00e9xico y el Mundo de manera oportuna y busca que la libertad de expresi\u00f3n sea real. Visita nuestro medio informativo publicado desde Hermosillo, Sonora. %","breadcrumb":{"@id":"https:\/\/www.sonoraenequipo.com.mx\/hermosillo-muestra-gastronomica-de-san-pedro-reune-a-mas-de-20-mil-personas\/#breadcrumb"},"inLanguage":"es","potentialAction":[{"@type":"ReadAction","target":["https:\/\/www.sonoraenequipo.com.mx\/hermosillo-muestra-gastronomica-de-san-pedro-reune-a-mas-de-20-mil-personas\/"]}]},{"@type":"ImageObject","inLanguage":"es","@id":"https:\/\/www.sonoraenequipo.com.mx\/hermosillo-muestra-gastronomica-de-san-pedro-reune-a-mas-de-20-mil-personas\/#primaryimage","url":"https:\/\/www.sonoraenequipo.com.mx\/storage\/2026\/03\/San-Pedro-Saucito-1.jpg","contentUrl":"https:\/\/www.sonoraenequipo.com.mx\/storage\/2026\/03\/San-Pedro-Saucito-1.jpg","width":1000,"height":525},{"@type":"BreadcrumbList","@id":"https:\/\/www.sonoraenequipo.com.mx\/hermosillo-muestra-gastronomica-de-san-pedro-reune-a-mas-de-20-mil-personas\/#breadcrumb","itemListElement":[{"@type":"ListItem","position":1,"name":"Portada","item":"https:\/\/www.sonoraenequipo.com.mx\/"},{"@type":"ListItem","position":2,"name":"HERMOSILLO. Muestra Gastron\u00f3mica de San Pedro re\u00fane a m\u00e1s de 20 mil personas"}]},{"@type":"WebSite","@id":"https:\/\/www.sonoraenequipo.com.mx\/#website","url":"https:\/\/www.sonoraenequipo.com.mx\/","name":"Sonora en Equipo.","description":"Diario en l\u00ednea con Noticias desde Hermosillo, Sonora","publisher":{"@id":"https:\/\/www.sonoraenequipo.com.mx\/#organization"},"potentialAction":[{"@type":"SearchAction","target":{"@type":"EntryPoint","urlTemplate":"https:\/\/www.sonoraenequipo.com.mx\/?s={search_term_string}"},"query-input":{"@type":"PropertyValueSpecification","valueRequired":true,"valueName":"search_term_string"}}],"inLanguage":"es"},{"@type":"Organization","@id":"https:\/\/www.sonoraenequipo.com.mx\/#organization","name":"Sonoraenequipo.com.mx","url":"https:\/\/www.sonoraenequipo.com.mx\/","logo":{"@type":"ImageObject","inLanguage":"es","@id":"https:\/\/www.sonoraenequipo.com.mx\/#\/schema\/logo\/image\/","url":"https:\/\/www.sonoraenequipo.com.mx\/storage\/2019\/01\/sonoraenequipo_opt.png","contentUrl":"https:\/\/www.sonoraenequipo.com.mx\/storage\/2019\/01\/sonoraenequipo_opt.png","width":375,"height":125,"caption":"Sonoraenequipo.com.mx"},"image":{"@id":"https:\/\/www.sonoraenequipo.com.mx\/#\/schema\/logo\/image\/"},"sameAs":["https:\/\/www.facebook.com\/SonoraEE\/","https:\/\/x.com\/sonoraenequipo","https:\/\/www.youtube.com\/channel\/UC338nW-lPEYmJQs4ZABQ1SQ"]},{"@type":"Person","@id":"https:\/\/www.sonoraenequipo.com.mx\/#\/schema\/person\/50102df0fb23a8fa9e8effad8fa81386","name":"enequipo","image":{"@type":"ImageObject","inLanguage":"es","@id":"https:\/\/www.sonoraenequipo.com.mx\/#\/schema\/person\/image\/","url":"https:\/\/secure.gravatar.com\/avatar\/049821681b589dabc0bc20695993ccebb09f5b5d4d790cd9251b97faac7c652b?s=96&d=blank&r=g","contentUrl":"https:\/\/secure.gravatar.com\/avatar\/049821681b589dabc0bc20695993ccebb09f5b5d4d790cd9251b97faac7c652b?s=96&d=blank&r=g","caption":"enequipo"},"sameAs":["https:\/\/www.facebook.com\/SonoraEE"]}]}},"jetpack_featured_media_url":"https:\/\/www.sonoraenequipo.com.mx\/storage\/2026\/03\/San-Pedro-Saucito-1.jpg","_links":{"self":[{"href":"https:\/\/www.sonoraenequipo.com.mx\/api\/wp\/v2\/posts\/236872","targetHints":{"allow":["GET"]}}],"collection":[{"href":"https:\/\/www.sonoraenequipo.com.mx\/api\/wp\/v2\/posts"}],"about":[{"href":"https:\/\/www.sonoraenequipo.com.mx\/api\/wp\/v2\/types\/post"}],"author":[{"embeddable":true,"href":"https:\/\/www.sonoraenequipo.com.mx\/api\/wp\/v2\/users\/1"}],"replies":[{"embeddable":true,"href":"https:\/\/www.sonoraenequipo.com.mx\/api\/wp\/v2\/comments?post=236872"}],"version-history":[{"count":1,"href":"https:\/\/www.sonoraenequipo.com.mx\/api\/wp\/v2\/posts\/236872\/revisions"}],"predecessor-version":[{"id":236911,"href":"https:\/\/www.sonoraenequipo.com.mx\/api\/wp\/v2\/posts\/236872\/revisions\/236911"}],"wp:featuredmedia":[{"embeddable":true,"href":"https:\/\/www.sonoraenequipo.com.mx\/api\/wp\/v2\/media\/236893"}],"wp:attachment":[{"href":"https:\/\/www.sonoraenequipo.com.mx\/api\/wp\/v2\/media?parent=236872"}],"wp:term":[{"taxonomy":"category","embeddable":true,"href":"https:\/\/www.sonoraenequipo.com.mx\/api\/wp\/v2\/categories?post=236872"},{"taxonomy":"post_tag","embeddable":true,"href":"https:\/\/www.sonoraenequipo.com.mx\/api\/wp\/v2\/tags?post=236872"}],"curies":[{"name":"wp","href":"https:\/\/api.w.org\/{rel}","templated":true}]}}