{"id":236916,"date":"2026-03-08T20:23:45","date_gmt":"2026-03-09T03:23:45","guid":{"rendered":"https:\/\/www.sonoraenequipo.com.mx\/?p=236916"},"modified":"2026-03-08T22:19:09","modified_gmt":"2026-03-09T05:19:09","slug":"celebra-sonora-clase-nacional-de-defensa-personal-de-la-campana-mujeres-imparables","status":"publish","type":"post","link":"https:\/\/www.sonoraenequipo.com.mx\/celebra-sonora-clase-nacional-de-defensa-personal-de-la-campana-mujeres-imparables\/","title":{"rendered":"Celebra Sonora clase nacional de defensa personal de la campa\u00f1a \u201cMujeres Imparables\u201d"},"content":{"rendered":"<p><strong>HERMOSILLO, SONORA. MX. \u2014 <\/strong>&#8211; Sonora particip\u00f3 en la Clase Nacional de Defensa Personal, impulsada por la presidenta Claudia Sheinbaum, programa que este domingo se desarroll\u00f3 de manera simult\u00e1nea alrededor del pa\u00eds, con el objetivo de invitar a las mexicanas de todas las edades a instruirse sobre dicha disciplina.<\/p>\n<p>&nbsp;<\/p>\n<p>&nbsp;<\/p>\n<p> <\/p>\n<p>En el marco del D\u00eda Internacional de la Mujer, la Comisi\u00f3n del Deporte del Estado de Sonora, por instrucci\u00f3n del gobernador Alfonso Durazo y siguiendo la normativa de la Conade, realiz\u00f3 la cl\u00ednica de forma gratuita, la cual imparti\u00f3 la entrenadora de judo, Francisca Argomaniz Zamora, en el Centro Estatal de Combate de la Unidad Deportiva del Noroeste.<\/p>\n<p>&nbsp;<\/p>\n<p>&nbsp;<\/p>\n<p>Sonorenses de todas las edades convivieron con mucho dinamismo, tanto en la exposici\u00f3n como en el aprendizaje de reacci\u00f3n y protecci\u00f3n, a trav\u00e9s de t\u00e9cnicas modificadas de judo, las cuales podr\u00edan utilizar en caso de una posible agresi\u00f3n.<\/p>\n<p>&nbsp;<\/p>\n<p>&nbsp;<\/p>\n<p>En su plan de monitor de la Clase Nacional de Defensa Personal, Argomaniz Zamora destac\u00f3 el entusiasmo que presentaron las cursantes, quienes manifestaron gran inter\u00e9s en las lecciones. Adem\u00e1s, para llevar una continuidad, las invit\u00f3 a mantenerse atentas a cualquier situaci\u00f3n de peligro.<\/p>\n<p>&nbsp;<\/p>\n<p><img loading=\"lazy\" decoding=\"async\" class=\"size-full  x-center\" src=\"https:\/\/www.sonoraenequipo.com.mx\/storage\/2026\/03\/campana-Mujeres-Imparables.jpg\" alt=\"\" width=\"1000\" height=\"666\" \/>El evento, perteneciente a la campa\u00f1a nacional \u201cMujeres Imparables\u201d, que impulsa el Gobierno Federal, fue aprobado por las asistentes, pues, en su opini\u00f3n, la defensa personal representa una herramienta para salvaguardar la integridad f\u00edsica; de tal forma, mediante este tipo de acciones el Gobierno de Sonora trabaja por el bienestar y la seguridad de mujeres adultas, adolescentes y ni\u00f1as.<\/p>\n<p>&nbsp;<\/p>\n<p>&nbsp;<\/p>\n<p>&nbsp;<\/p>\n<p>PUBLICADO EL 08 MARZO DE 2026 Con informaci\u00f3n de GOBSON 0326\/088)<\/p>\n","protected":false},"excerpt":{"rendered":"<p>HERMOSILLO, SONORA. MX. \u2014 &#8211; Sonora particip\u00f3 en la Clase Nacional de Defensa Personal, impulsada&#8230;<\/p>\n","protected":false},"author":1,"featured_media":236878,"comment_status":"open","ping_status":"open","sticky":false,"template":"","format":"standard","meta":{"_monsterinsights_skip_tracking":false,"_monsterinsights_sitenote_active":false,"_monsterinsights_sitenote_note":"","_monsterinsights_sitenote_category":0,"footnotes":""},"categories":[22],"tags":[],"class_list":["post"],"yoast_head":" \n<title>Sonora en Equipo. Celebra Sonora clase nacional de defensa personal de la campa\u00f1a \u201cMujeres Imparables\u201d Sonora<\/title>\n<meta name=\"description\" content=\"HERMOSILLO, SONORA. MX. \u2014 - Sonora particip\u00f3 en la Clase Nacional de Defensa Personal, impulsada por la presidenta Claudia Sheinbaum, programa que este En Sonora en Equipo publicamos toda la informaci\u00f3n de Sonora, M\u00e9xico y el Mundo de manera oportuna y busca que la libertad de expresi\u00f3n sea real. Visita nuestro medio informativo publicado desde Hermosillo, Sonora. %\" \/>\n<meta name=\"robots\" content=\"index, follow, max-snippet:-1, max-image-preview:large, max-video-preview:-1\" \/>\n<link rel=\"canonical\" href=\"https:\/\/www.sonoraenequipo.com.mx\/celebra-sonora-clase-nacional-de-defensa-personal-de-la-campana-mujeres-imparables\/\" \/>\n<meta property=\"og:locale\" content=\"es_ES\" \/>\n<meta property=\"og:type\" content=\"article\" \/>\n<meta property=\"og:title\" content=\"Sonora en Equipo. Celebra Sonora clase nacional de defensa personal de la campa\u00f1a \u201cMujeres Imparables\u201d Sonora\" \/>\n<meta property=\"og:description\" content=\"HERMOSILLO, SONORA. MX. \u2014 - Sonora particip\u00f3 en la Clase Nacional de Defensa Personal, impulsada por la presidenta Claudia Sheinbaum, programa que este En Sonora en Equipo publicamos toda la informaci\u00f3n de Sonora, M\u00e9xico y el Mundo de manera oportuna y busca que la libertad de expresi\u00f3n sea real. Visita nuestro medio informativo publicado desde Hermosillo, Sonora. %\" \/>\n<meta property=\"og:url\" content=\"https:\/\/www.sonoraenequipo.com.mx\/celebra-sonora-clase-nacional-de-defensa-personal-de-la-campana-mujeres-imparables\/\" \/>\n<meta property=\"og:site_name\" content=\"Sonora en Equipo.\" \/>\n<meta property=\"article:publisher\" content=\"https:\/\/www.facebook.com\/SonoraEE\/\" \/>\n<meta property=\"article:author\" content=\"https:\/\/www.facebook.com\/SonoraEE\" \/>\n<meta property=\"article:published_time\" content=\"2026-03-09T03:23:45+00:00\" \/>\n<meta property=\"article:modified_time\" content=\"2026-03-09T05:19:09+00:00\" \/>\n<meta property=\"og:image\" content=\"https:\/\/www.sonoraenequipo.com.mx\/storage\/2026\/03\/campana-Mujeres-Imparables-1.jpg\" \/>\n\t<meta property=\"og:image:width\" content=\"1000\" \/>\n\t<meta property=\"og:image:height\" content=\"666\" \/>\n\t<meta property=\"og:image:type\" content=\"image\/jpeg\" \/>\n<meta name=\"author\" content=\"enequipo\" \/>\n<meta name=\"twitter:card\" content=\"summary_large_image\" \/>\n<meta name=\"twitter:creator\" content=\"@sonoraenequipo\" \/>\n<meta name=\"twitter:site\" content=\"@sonoraenequipo\" \/>\n<meta name=\"twitter:label1\" content=\"Escrito por\" \/>\n\t<meta name=\"twitter:data1\" content=\"enequipo\" \/>\n\t<meta name=\"twitter:label2\" content=\"Tiempo de lectura\" \/>\n\t<meta name=\"twitter:data2\" content=\"1 minuto\" \/>\n<script type=\"application\/ld+json\" class=\"yoast-schema-graph\">{\"@context\":\"https:\/\/schema.org\",\"@graph\":[{\"@type\":\"Article\",\"@id\":\"https:\/\/www.sonoraenequipo.com.mx\/celebra-sonora-clase-nacional-de-defensa-personal-de-la-campana-mujeres-imparables\/#article\",\"isPartOf\":{\"@id\":\"https:\/\/www.sonoraenequipo.com.mx\/celebra-sonora-clase-nacional-de-defensa-personal-de-la-campana-mujeres-imparables\/\"},\"author\":{\"name\":\"enequipo\",\"@id\":\"https:\/\/www.sonoraenequipo.com.mx\/#\/schema\/person\/50102df0fb23a8fa9e8effad8fa81386\"},\"headline\":\"Celebra Sonora clase nacional de defensa personal de la campa\u00f1a \u201cMujeres Imparables\u201d\",\"datePublished\":\"2026-03-09T03:23:45+00:00\",\"dateModified\":\"2026-03-09T05:19:09+00:00\",\"mainEntityOfPage\":{\"@id\":\"https:\/\/www.sonoraenequipo.com.mx\/celebra-sonora-clase-nacional-de-defensa-personal-de-la-campana-mujeres-imparables\/\"},\"wordCount\":298,\"commentCount\":0,\"publisher\":{\"@id\":\"https:\/\/www.sonoraenequipo.com.mx\/#organization\"},\"image\":{\"@id\":\"https:\/\/www.sonoraenequipo.com.mx\/celebra-sonora-clase-nacional-de-defensa-personal-de-la-campana-mujeres-imparables\/#primaryimage\"},\"thumbnailUrl\":\"https:\/\/www.sonoraenequipo.com.mx\/storage\/2026\/03\/campana-Mujeres-Imparables-1.jpg\",\"articleSection\":[\"Sonora\"],\"inLanguage\":\"es\",\"potentialAction\":[{\"@type\":\"CommentAction\",\"name\":\"Comment\",\"target\":[\"https:\/\/www.sonoraenequipo.com.mx\/celebra-sonora-clase-nacional-de-defensa-personal-de-la-campana-mujeres-imparables\/#respond\"]}]},{\"@type\":\"WebPage\",\"@id\":\"https:\/\/www.sonoraenequipo.com.mx\/celebra-sonora-clase-nacional-de-defensa-personal-de-la-campana-mujeres-imparables\/\",\"url\":\"https:\/\/www.sonoraenequipo.com.mx\/celebra-sonora-clase-nacional-de-defensa-personal-de-la-campana-mujeres-imparables\/\",\"name\":\"Sonora en Equipo. Celebra Sonora clase nacional de defensa personal de la campa\u00f1a \u201cMujeres Imparables\u201d Sonora\",\"isPartOf\":{\"@id\":\"https:\/\/www.sonoraenequipo.com.mx\/#website\"},\"primaryImageOfPage\":{\"@id\":\"https:\/\/www.sonoraenequipo.com.mx\/celebra-sonora-clase-nacional-de-defensa-personal-de-la-campana-mujeres-imparables\/#primaryimage\"},\"image\":{\"@id\":\"https:\/\/www.sonoraenequipo.com.mx\/celebra-sonora-clase-nacional-de-defensa-personal-de-la-campana-mujeres-imparables\/#primaryimage\"},\"thumbnailUrl\":\"https:\/\/www.sonoraenequipo.com.mx\/storage\/2026\/03\/campana-Mujeres-Imparables-1.jpg\",\"datePublished\":\"2026-03-09T03:23:45+00:00\",\"dateModified\":\"2026-03-09T05:19:09+00:00\",\"description\":\"HERMOSILLO, SONORA. MX. \u2014 - Sonora particip\u00f3 en la Clase Nacional de Defensa Personal, impulsada por la presidenta Claudia Sheinbaum, programa que este En Sonora en Equipo publicamos toda la informaci\u00f3n de Sonora, M\u00e9xico y el Mundo de manera oportuna y busca que la libertad de expresi\u00f3n sea real. Visita nuestro medio informativo publicado desde Hermosillo, Sonora. %\",\"breadcrumb\":{\"@id\":\"https:\/\/www.sonoraenequipo.com.mx\/celebra-sonora-clase-nacional-de-defensa-personal-de-la-campana-mujeres-imparables\/#breadcrumb\"},\"inLanguage\":\"es\",\"potentialAction\":[{\"@type\":\"ReadAction\",\"target\":[\"https:\/\/www.sonoraenequipo.com.mx\/celebra-sonora-clase-nacional-de-defensa-personal-de-la-campana-mujeres-imparables\/\"]}]},{\"@type\":\"ImageObject\",\"inLanguage\":\"es\",\"@id\":\"https:\/\/www.sonoraenequipo.com.mx\/celebra-sonora-clase-nacional-de-defensa-personal-de-la-campana-mujeres-imparables\/#primaryimage\",\"url\":\"https:\/\/www.sonoraenequipo.com.mx\/storage\/2026\/03\/campana-Mujeres-Imparables-1.jpg\",\"contentUrl\":\"https:\/\/www.sonoraenequipo.com.mx\/storage\/2026\/03\/campana-Mujeres-Imparables-1.jpg\",\"width\":1000,\"height\":666},{\"@type\":\"BreadcrumbList\",\"@id\":\"https:\/\/www.sonoraenequipo.com.mx\/celebra-sonora-clase-nacional-de-defensa-personal-de-la-campana-mujeres-imparables\/#breadcrumb\",\"itemListElement\":[{\"@type\":\"ListItem\",\"position\":1,\"name\":\"Portada\",\"item\":\"https:\/\/www.sonoraenequipo.com.mx\/\"},{\"@type\":\"ListItem\",\"position\":2,\"name\":\"Celebra Sonora clase nacional de defensa personal de la campa\u00f1a \u201cMujeres Imparables\u201d\"}]},{\"@type\":\"WebSite\",\"@id\":\"https:\/\/www.sonoraenequipo.com.mx\/#website\",\"url\":\"https:\/\/www.sonoraenequipo.com.mx\/\",\"name\":\"Sonora en Equipo.\",\"description\":\"Diario en l\u00ednea con Noticias desde Hermosillo, Sonora\",\"publisher\":{\"@id\":\"https:\/\/www.sonoraenequipo.com.mx\/#organization\"},\"potentialAction\":[{\"@type\":\"SearchAction\",\"target\":{\"@type\":\"EntryPoint\",\"urlTemplate\":\"https:\/\/www.sonoraenequipo.com.mx\/?s={search_term_string}\"},\"query-input\":{\"@type\":\"PropertyValueSpecification\",\"valueRequired\":true,\"valueName\":\"search_term_string\"}}],\"inLanguage\":\"es\"},{\"@type\":\"Organization\",\"@id\":\"https:\/\/www.sonoraenequipo.com.mx\/#organization\",\"name\":\"Sonoraenequipo.com.mx\",\"url\":\"https:\/\/www.sonoraenequipo.com.mx\/\",\"logo\":{\"@type\":\"ImageObject\",\"inLanguage\":\"es\",\"@id\":\"https:\/\/www.sonoraenequipo.com.mx\/#\/schema\/logo\/image\/\",\"url\":\"https:\/\/www.sonoraenequipo.com.mx\/storage\/2019\/01\/sonoraenequipo_opt.png\",\"contentUrl\":\"https:\/\/www.sonoraenequipo.com.mx\/storage\/2019\/01\/sonoraenequipo_opt.png\",\"width\":375,\"height\":125,\"caption\":\"Sonoraenequipo.com.mx\"},\"image\":{\"@id\":\"https:\/\/www.sonoraenequipo.com.mx\/#\/schema\/logo\/image\/\"},\"sameAs\":[\"https:\/\/www.facebook.com\/SonoraEE\/\",\"https:\/\/x.com\/sonoraenequipo\",\"https:\/\/www.youtube.com\/channel\/UC338nW-lPEYmJQs4ZABQ1SQ\"]},{\"@type\":\"Person\",\"@id\":\"https:\/\/www.sonoraenequipo.com.mx\/#\/schema\/person\/50102df0fb23a8fa9e8effad8fa81386\",\"name\":\"enequipo\",\"image\":{\"@type\":\"ImageObject\",\"inLanguage\":\"es\",\"@id\":\"https:\/\/www.sonoraenequipo.com.mx\/#\/schema\/person\/image\/\",\"url\":\"https:\/\/secure.gravatar.com\/avatar\/049821681b589dabc0bc20695993ccebb09f5b5d4d790cd9251b97faac7c652b?s=96&d=blank&r=g\",\"contentUrl\":\"https:\/\/secure.gravatar.com\/avatar\/049821681b589dabc0bc20695993ccebb09f5b5d4d790cd9251b97faac7c652b?s=96&d=blank&r=g\",\"caption\":\"enequipo\"},\"sameAs\":[\"https:\/\/www.facebook.com\/SonoraEE\"]}]}<\/script>\n ","yoast_head_json":{"title":"Sonora en Equipo. Celebra Sonora clase nacional de defensa personal de la campa\u00f1a \u201cMujeres Imparables\u201d Sonora","description":"HERMOSILLO, SONORA. MX. \u2014 - Sonora particip\u00f3 en la Clase Nacional de Defensa Personal, impulsada por la presidenta Claudia Sheinbaum, programa que este En Sonora en Equipo publicamos toda la informaci\u00f3n de Sonora, M\u00e9xico y el Mundo de manera oportuna y busca que la libertad de expresi\u00f3n sea real. Visita nuestro medio informativo publicado desde Hermosillo, Sonora. %","robots":{"index":"index","follow":"follow","max-snippet":"max-snippet:-1","max-image-preview":"max-image-preview:large","max-video-preview":"max-video-preview:-1"},"canonical":"https:\/\/www.sonoraenequipo.com.mx\/celebra-sonora-clase-nacional-de-defensa-personal-de-la-campana-mujeres-imparables\/","og_locale":"es_ES","og_type":"article","og_title":"Sonora en Equipo. Celebra Sonora clase nacional de defensa personal de la campa\u00f1a \u201cMujeres Imparables\u201d Sonora","og_description":"HERMOSILLO, SONORA. MX. \u2014 - Sonora particip\u00f3 en la Clase Nacional de Defensa Personal, impulsada por la presidenta Claudia Sheinbaum, programa que este En Sonora en Equipo publicamos toda la informaci\u00f3n de Sonora, M\u00e9xico y el Mundo de manera oportuna y busca que la libertad de expresi\u00f3n sea real. Visita nuestro medio informativo publicado desde Hermosillo, Sonora. %","og_url":"https:\/\/www.sonoraenequipo.com.mx\/celebra-sonora-clase-nacional-de-defensa-personal-de-la-campana-mujeres-imparables\/","og_site_name":"Sonora en Equipo.","article_publisher":"https:\/\/www.facebook.com\/SonoraEE\/","article_author":"https:\/\/www.facebook.com\/SonoraEE","article_published_time":"2026-03-09T03:23:45+00:00","article_modified_time":"2026-03-09T05:19:09+00:00","og_image":[{"width":1000,"height":666,"url":"https:\/\/www.sonoraenequipo.com.mx\/storage\/2026\/03\/campana-Mujeres-Imparables-1.jpg","type":"image\/jpeg"}],"author":"enequipo","twitter_card":"summary_large_image","twitter_creator":"@sonoraenequipo","twitter_site":"@sonoraenequipo","twitter_misc":{"Escrito por":"enequipo","Tiempo de lectura":"1 minuto"},"schema":{"@context":"https:\/\/schema.org","@graph":[{"@type":"Article","@id":"https:\/\/www.sonoraenequipo.com.mx\/celebra-sonora-clase-nacional-de-defensa-personal-de-la-campana-mujeres-imparables\/#article","isPartOf":{"@id":"https:\/\/www.sonoraenequipo.com.mx\/celebra-sonora-clase-nacional-de-defensa-personal-de-la-campana-mujeres-imparables\/"},"author":{"name":"enequipo","@id":"https:\/\/www.sonoraenequipo.com.mx\/#\/schema\/person\/50102df0fb23a8fa9e8effad8fa81386"},"headline":"Celebra Sonora clase nacional de defensa personal de la campa\u00f1a \u201cMujeres Imparables\u201d","datePublished":"2026-03-09T03:23:45+00:00","dateModified":"2026-03-09T05:19:09+00:00","mainEntityOfPage":{"@id":"https:\/\/www.sonoraenequipo.com.mx\/celebra-sonora-clase-nacional-de-defensa-personal-de-la-campana-mujeres-imparables\/"},"wordCount":298,"commentCount":0,"publisher":{"@id":"https:\/\/www.sonoraenequipo.com.mx\/#organization"},"image":{"@id":"https:\/\/www.sonoraenequipo.com.mx\/celebra-sonora-clase-nacional-de-defensa-personal-de-la-campana-mujeres-imparables\/#primaryimage"},"thumbnailUrl":"https:\/\/www.sonoraenequipo.com.mx\/storage\/2026\/03\/campana-Mujeres-Imparables-1.jpg","articleSection":["Sonora"],"inLanguage":"es","potentialAction":[{"@type":"CommentAction","name":"Comment","target":["https:\/\/www.sonoraenequipo.com.mx\/celebra-sonora-clase-nacional-de-defensa-personal-de-la-campana-mujeres-imparables\/#respond"]}]},{"@type":"WebPage","@id":"https:\/\/www.sonoraenequipo.com.mx\/celebra-sonora-clase-nacional-de-defensa-personal-de-la-campana-mujeres-imparables\/","url":"https:\/\/www.sonoraenequipo.com.mx\/celebra-sonora-clase-nacional-de-defensa-personal-de-la-campana-mujeres-imparables\/","name":"Sonora en Equipo. Celebra Sonora clase nacional de defensa personal de la campa\u00f1a \u201cMujeres Imparables\u201d Sonora","isPartOf":{"@id":"https:\/\/www.sonoraenequipo.com.mx\/#website"},"primaryImageOfPage":{"@id":"https:\/\/www.sonoraenequipo.com.mx\/celebra-sonora-clase-nacional-de-defensa-personal-de-la-campana-mujeres-imparables\/#primaryimage"},"image":{"@id":"https:\/\/www.sonoraenequipo.com.mx\/celebra-sonora-clase-nacional-de-defensa-personal-de-la-campana-mujeres-imparables\/#primaryimage"},"thumbnailUrl":"https:\/\/www.sonoraenequipo.com.mx\/storage\/2026\/03\/campana-Mujeres-Imparables-1.jpg","datePublished":"2026-03-09T03:23:45+00:00","dateModified":"2026-03-09T05:19:09+00:00","description":"HERMOSILLO, SONORA. MX. \u2014 - Sonora particip\u00f3 en la Clase Nacional de Defensa Personal, impulsada por la presidenta Claudia Sheinbaum, programa que este En Sonora en Equipo publicamos toda la informaci\u00f3n de Sonora, M\u00e9xico y el Mundo de manera oportuna y busca que la libertad de expresi\u00f3n sea real. Visita nuestro medio informativo publicado desde Hermosillo, Sonora. %","breadcrumb":{"@id":"https:\/\/www.sonoraenequipo.com.mx\/celebra-sonora-clase-nacional-de-defensa-personal-de-la-campana-mujeres-imparables\/#breadcrumb"},"inLanguage":"es","potentialAction":[{"@type":"ReadAction","target":["https:\/\/www.sonoraenequipo.com.mx\/celebra-sonora-clase-nacional-de-defensa-personal-de-la-campana-mujeres-imparables\/"]}]},{"@type":"ImageObject","inLanguage":"es","@id":"https:\/\/www.sonoraenequipo.com.mx\/celebra-sonora-clase-nacional-de-defensa-personal-de-la-campana-mujeres-imparables\/#primaryimage","url":"https:\/\/www.sonoraenequipo.com.mx\/storage\/2026\/03\/campana-Mujeres-Imparables-1.jpg","contentUrl":"https:\/\/www.sonoraenequipo.com.mx\/storage\/2026\/03\/campana-Mujeres-Imparables-1.jpg","width":1000,"height":666},{"@type":"BreadcrumbList","@id":"https:\/\/www.sonoraenequipo.com.mx\/celebra-sonora-clase-nacional-de-defensa-personal-de-la-campana-mujeres-imparables\/#breadcrumb","itemListElement":[{"@type":"ListItem","position":1,"name":"Portada","item":"https:\/\/www.sonoraenequipo.com.mx\/"},{"@type":"ListItem","position":2,"name":"Celebra Sonora clase nacional de defensa personal de la campa\u00f1a \u201cMujeres Imparables\u201d"}]},{"@type":"WebSite","@id":"https:\/\/www.sonoraenequipo.com.mx\/#website","url":"https:\/\/www.sonoraenequipo.com.mx\/","name":"Sonora en Equipo.","description":"Diario en l\u00ednea con Noticias desde Hermosillo, Sonora","publisher":{"@id":"https:\/\/www.sonoraenequipo.com.mx\/#organization"},"potentialAction":[{"@type":"SearchAction","target":{"@type":"EntryPoint","urlTemplate":"https:\/\/www.sonoraenequipo.com.mx\/?s={search_term_string}"},"query-input":{"@type":"PropertyValueSpecification","valueRequired":true,"valueName":"search_term_string"}}],"inLanguage":"es"},{"@type":"Organization","@id":"https:\/\/www.sonoraenequipo.com.mx\/#organization","name":"Sonoraenequipo.com.mx","url":"https:\/\/www.sonoraenequipo.com.mx\/","logo":{"@type":"ImageObject","inLanguage":"es","@id":"https:\/\/www.sonoraenequipo.com.mx\/#\/schema\/logo\/image\/","url":"https:\/\/www.sonoraenequipo.com.mx\/storage\/2019\/01\/sonoraenequipo_opt.png","contentUrl":"https:\/\/www.sonoraenequipo.com.mx\/storage\/2019\/01\/sonoraenequipo_opt.png","width":375,"height":125,"caption":"Sonoraenequipo.com.mx"},"image":{"@id":"https:\/\/www.sonoraenequipo.com.mx\/#\/schema\/logo\/image\/"},"sameAs":["https:\/\/www.facebook.com\/SonoraEE\/","https:\/\/x.com\/sonoraenequipo","https:\/\/www.youtube.com\/channel\/UC338nW-lPEYmJQs4ZABQ1SQ"]},{"@type":"Person","@id":"https:\/\/www.sonoraenequipo.com.mx\/#\/schema\/person\/50102df0fb23a8fa9e8effad8fa81386","name":"enequipo","image":{"@type":"ImageObject","inLanguage":"es","@id":"https:\/\/www.sonoraenequipo.com.mx\/#\/schema\/person\/image\/","url":"https:\/\/secure.gravatar.com\/avatar\/049821681b589dabc0bc20695993ccebb09f5b5d4d790cd9251b97faac7c652b?s=96&d=blank&r=g","contentUrl":"https:\/\/secure.gravatar.com\/avatar\/049821681b589dabc0bc20695993ccebb09f5b5d4d790cd9251b97faac7c652b?s=96&d=blank&r=g","caption":"enequipo"},"sameAs":["https:\/\/www.facebook.com\/SonoraEE"]}]}},"jetpack_featured_media_url":"https:\/\/www.sonoraenequipo.com.mx\/storage\/2026\/03\/campana-Mujeres-Imparables-1.jpg","_links":{"self":[{"href":"https:\/\/www.sonoraenequipo.com.mx\/api\/wp\/v2\/posts\/236916","targetHints":{"allow":["GET"]}}],"collection":[{"href":"https:\/\/www.sonoraenequipo.com.mx\/api\/wp\/v2\/posts"}],"about":[{"href":"https:\/\/www.sonoraenequipo.com.mx\/api\/wp\/v2\/types\/post"}],"author":[{"embeddable":true,"href":"https:\/\/www.sonoraenequipo.com.mx\/api\/wp\/v2\/users\/1"}],"replies":[{"embeddable":true,"href":"https:\/\/www.sonoraenequipo.com.mx\/api\/wp\/v2\/comments?post=236916"}],"version-history":[{"count":1,"href":"https:\/\/www.sonoraenequipo.com.mx\/api\/wp\/v2\/posts\/236916\/revisions"}],"predecessor-version":[{"id":236917,"href":"https:\/\/www.sonoraenequipo.com.mx\/api\/wp\/v2\/posts\/236916\/revisions\/236917"}],"wp:featuredmedia":[{"embeddable":true,"href":"https:\/\/www.sonoraenequipo.com.mx\/api\/wp\/v2\/media\/236878"}],"wp:attachment":[{"href":"https:\/\/www.sonoraenequipo.com.mx\/api\/wp\/v2\/media?parent=236916"}],"wp:term":[{"taxonomy":"category","embeddable":true,"href":"https:\/\/www.sonoraenequipo.com.mx\/api\/wp\/v2\/categories?post=236916"},{"taxonomy":"post_tag","embeddable":true,"href":"https:\/\/www.sonoraenequipo.com.mx\/api\/wp\/v2\/tags?post=236916"}],"curies":[{"name":"wp","href":"https:\/\/api.w.org\/{rel}","templated":true}]}}