{"id":236924,"date":"2026-03-09T09:09:24","date_gmt":"2026-03-09T16:09:24","guid":{"rendered":"https:\/\/www.sonoraenequipo.com.mx\/?p=236924"},"modified":"2026-03-09T09:09:24","modified_gmt":"2026-03-09T16:09:24","slug":"guerra-en-iran-mojtaba-jamenei-es-nombrado-nuevo-lider-supremo","status":"publish","type":"post","link":"https:\/\/www.sonoraenequipo.com.mx\/guerra-en-iran-mojtaba-jamenei-es-nombrado-nuevo-lider-supremo\/","title":{"rendered":"GUERRA EN IR\u00c1N. Mojtaba Jamenei es nombrado nuevo l\u00edder supremo"},"content":{"rendered":"<p><strong>El s\u00e1bado 28 de febrero,<\/strong> Estados Unidos e Israel atacaron a Ir\u00e1n. Jamenei y decenas de altos funcionarios del gobierno murieron. Teher\u00e1n respondi\u00f3 lanzando misiles contra Israel, los pa\u00edses del Golfo y las bases estadounidenses en la zona.<\/p>\n<p>&nbsp;<\/p>\n<h3>\n| <br \/>\n9 de marzo<\/h3>\n<h3>Ataque iran\u00ed en Bahr\u00e9in deja 32 heridos<\/h3>\n<p>El Ministerio de Salud de Bahr\u00e9in confirm\u00f3 un ataque con un dron iran\u00ed que hiri\u00f3 a 32 personas en Sitra. Cuatro de ellas se encuentran en estado grave. Dos ni\u00f1os se encuentran entre ellos en estado cr\u00edtico. Fuertes explosiones tambi\u00e9n afectaron a Doha, Qatar.<\/p>\n<h3><strong>3:45<\/strong><\/p>\n<p>Trump: \u00abDecidir\u00e9 con Netanyahu cu\u00e1ndo terminar la guerra\u00bb<\/h3>\n<p>En una entrevista con Time of Israel, Trump afirm\u00f3 que compartir\u00eda con Netanyahu la decisi\u00f3n sobre cu\u00e1ndo poner fin a la guerra en Ir\u00e1n. Seg\u00fan Trump, Ir\u00e1n habr\u00eda destruido a Israel si \u00e9l y el primer ministro israel\u00ed no hubieran estado all\u00ed<em><strong>. \u00abTrabajamos juntos y destruimos a un pa\u00eds que <\/strong><\/em><em><strong>quer\u00eda destruir a Israel\u00bb<\/strong><\/em>, declar\u00f3.<\/p>\n<h3>\n3:39<\/h3>\n<h3>\nNueva ola de ataques israel\u00edes<\/h3>\n<p>Las FDI informaron haber llevado a cabo ataques simult\u00e1neos sobre Beirut y Teher\u00e1n, apuntando especialmente a la infraestructura iran\u00ed.<\/p>\n<p>&nbsp;<\/p>\n<h3>3:35<\/h3>\n<h3>\nExplosiones en Erbil<\/h3>\n<p>&nbsp;<\/p>\n<p>La televisi\u00f3n saud\u00ed Al Arabiya informa sobre explosiones cerca de Erbil, Irak.<\/p>\n<p>&nbsp;<\/p>\n<h3>3:04<\/h3>\n<p>&nbsp;<\/p>\n<h3>Riad: Los atentados afectar\u00e1n las relaciones futuras<\/h3>\n<p>&nbsp;<\/p>\n<p>Seg\u00fan Arabia Saudita, los continuos ataques de Teher\u00e1n afectar\u00e1n gravemente las relaciones con Ir\u00e1n en el futuro.<\/p>\n<p>&nbsp;<\/p>\n<h3>2:34<\/h3>\n<h3>\nEn X el \u00abpaso de la bandera\u00bb entre padre e hijo<\/h3>\n<p>La cuenta X es la misma: Jamenei. Perteneci\u00f3 a su padre, Al\u00ed, y ahora pasa a su hijo, Mojtaba. Tras la nominaci\u00f3n, se public\u00f3 una publicaci\u00f3n con una imagen que mostraba una bandera iran\u00ed pasando entre su padre, Al\u00ed, visto de espaldas, y el reflejo de su hijo en un espejo. <strong><em>\u00abLa Asamblea de Expertos del L\u00edder Supremo, de conformidad con su deber religioso y su fe en la presencia de Dios Todopoderoso, en la sesi\u00f3n extraordinaria de hoy, nomina y presenta al Ayatol\u00e1 Sayyed Mojtaba Hosseini Jamenei (que Dios lo proteja) como tercer l\u00edder del sistema sagrado de la Rep\u00fablica Isl\u00e1mica de Ir\u00e1n, con base en el voto un\u00e1nime de los estimados representantes de la Asamblea de Expertos\u00bb,<\/em><\/strong> se lee en la publicaci\u00f3n.<\/p>\n<p>&nbsp;<\/p>\n<h3>02:29<\/h3>\n<h3>\nExplosiones en el aeropuerto de Bagdad<\/h3>\n<p>&nbsp;<\/p>\n<p>La noticia, no confirmada por fuentes oficiales, circul\u00f3 el d\u00eda X: detonaciones en el aeropuerto de Bagdad cerca de posiciones estadounidenses. Tambi\u00e9n el d\u00eda X, durante la noche del domingo al lunes, se reportaron explosiones en Bahr\u00e9in.<\/p>\n<p>&nbsp;<\/p>\n<h3>2:29<\/h3>\n<h3>\nUn misil iran\u00ed lanza nuevos misiles hacia Israel tras la elecci\u00f3n de Mojtaba<\/h3>\n<p>&nbsp;<\/p>\n<p>Ir\u00e1n ha \u00abcelebrado\u00bb la elecci\u00f3n del nuevo L\u00edder Supremo, el ayatol\u00e1 Mojtaba Jamenei, con el lanzamiento de un misil hacia Israel. El anuncio lo realiz\u00f3 la emisora \u200b\u200bestatal IRIB. \u00bb<\/p>\n<p>Los misiles de defensa iran\u00edes responden al tercer L\u00edder Supremo de la Rep\u00fablica Isl\u00e1mica\u00bb, declar\u00f3 IRIB en su canal de Telegram, mostrando el fuselaje de un proyectil con la inscripci\u00f3n <em><strong>\u00abBajo su mando, Sayyid Mojtaba\u00bb.<\/strong><\/em><\/p>\n<p>&nbsp;<\/p>\n<p>&nbsp;<\/p>\n<p>PUBLICADO EL 08 MARZO DE 2026 redes socaiales)<\/p>\n","protected":false},"excerpt":{"rendered":"<p>El s\u00e1bado 28 de febrero, Estados Unidos e Israel atacaron a Ir\u00e1n. Jamenei y decenas&#8230;<\/p>\n","protected":false},"author":1,"featured_media":236892,"comment_status":"open","ping_status":"open","sticky":false,"template":"","format":"standard","meta":{"_monsterinsights_skip_tracking":false,"_monsterinsights_sitenote_active":false,"_monsterinsights_sitenote_note":"","_monsterinsights_sitenote_category":0,"footnotes":""},"categories":[3],"tags":[],"class_list":["post"],"yoast_head":" \n<title>Sonora en Equipo. GUERRA EN IR\u00c1N. Mojtaba Jamenei es nombrado nuevo l\u00edder supremo MUNDO<\/title>\n<meta name=\"description\" content=\"El s\u00e1bado 28 de febrero, Estados Unidos e Israel atacaron a Ir\u00e1n. Jamenei y decenas de altos funcionarios del gobierno murieron. Teher\u00e1n respondi\u00f3 En Sonora en Equipo publicamos toda la informaci\u00f3n de Sonora, M\u00e9xico y el Mundo de manera oportuna y busca que la libertad de expresi\u00f3n sea real. Visita nuestro medio informativo publicado desde Hermosillo, Sonora. %\" \/>\n<meta name=\"robots\" content=\"index, follow, max-snippet:-1, max-image-preview:large, max-video-preview:-1\" \/>\n<link rel=\"canonical\" href=\"https:\/\/www.sonoraenequipo.com.mx\/guerra-en-iran-mojtaba-jamenei-es-nombrado-nuevo-lider-supremo\/\" \/>\n<meta property=\"og:locale\" content=\"es_ES\" \/>\n<meta property=\"og:type\" content=\"article\" \/>\n<meta property=\"og:title\" content=\"Sonora en Equipo. GUERRA EN IR\u00c1N. Mojtaba Jamenei es nombrado nuevo l\u00edder supremo MUNDO\" \/>\n<meta property=\"og:description\" content=\"El s\u00e1bado 28 de febrero, Estados Unidos e Israel atacaron a Ir\u00e1n. Jamenei y decenas de altos funcionarios del gobierno murieron. Teher\u00e1n respondi\u00f3 En Sonora en Equipo publicamos toda la informaci\u00f3n de Sonora, M\u00e9xico y el Mundo de manera oportuna y busca que la libertad de expresi\u00f3n sea real. Visita nuestro medio informativo publicado desde Hermosillo, Sonora. %\" \/>\n<meta property=\"og:url\" content=\"https:\/\/www.sonoraenequipo.com.mx\/guerra-en-iran-mojtaba-jamenei-es-nombrado-nuevo-lider-supremo\/\" \/>\n<meta property=\"og:site_name\" content=\"Sonora en Equipo.\" \/>\n<meta property=\"article:publisher\" content=\"https:\/\/www.facebook.com\/SonoraEE\/\" \/>\n<meta property=\"article:author\" content=\"https:\/\/www.facebook.com\/SonoraEE\" \/>\n<meta property=\"article:published_time\" content=\"2026-03-09T16:09:24+00:00\" \/>\n<meta property=\"og:image\" content=\"https:\/\/www.sonoraenequipo.com.mx\/storage\/2026\/03\/69ae2815e1272.jpg\" \/>\n\t<meta property=\"og:image:width\" content=\"1000\" \/>\n\t<meta property=\"og:image:height\" content=\"562\" \/>\n\t<meta property=\"og:image:type\" content=\"image\/jpeg\" \/>\n<meta name=\"author\" content=\"enequipo\" \/>\n<meta name=\"twitter:card\" content=\"summary_large_image\" \/>\n<meta name=\"twitter:creator\" content=\"@sonoraenequipo\" \/>\n<meta name=\"twitter:site\" content=\"@sonoraenequipo\" \/>\n<meta name=\"twitter:label1\" content=\"Escrito por\" \/>\n\t<meta name=\"twitter:data1\" content=\"enequipo\" \/>\n\t<meta name=\"twitter:label2\" content=\"Tiempo de lectura\" \/>\n\t<meta name=\"twitter:data2\" content=\"3 minutos\" \/>\n<script type=\"application\/ld+json\" class=\"yoast-schema-graph\">{\"@context\":\"https:\/\/schema.org\",\"@graph\":[{\"@type\":\"Article\",\"@id\":\"https:\/\/www.sonoraenequipo.com.mx\/guerra-en-iran-mojtaba-jamenei-es-nombrado-nuevo-lider-supremo\/#article\",\"isPartOf\":{\"@id\":\"https:\/\/www.sonoraenequipo.com.mx\/guerra-en-iran-mojtaba-jamenei-es-nombrado-nuevo-lider-supremo\/\"},\"author\":{\"name\":\"enequipo\",\"@id\":\"https:\/\/www.sonoraenequipo.com.mx\/#\/schema\/person\/50102df0fb23a8fa9e8effad8fa81386\"},\"headline\":\"GUERRA EN IR\u00c1N. Mojtaba Jamenei es nombrado nuevo l\u00edder supremo\",\"datePublished\":\"2026-03-09T16:09:24+00:00\",\"mainEntityOfPage\":{\"@id\":\"https:\/\/www.sonoraenequipo.com.mx\/guerra-en-iran-mojtaba-jamenei-es-nombrado-nuevo-lider-supremo\/\"},\"wordCount\":551,\"commentCount\":0,\"publisher\":{\"@id\":\"https:\/\/www.sonoraenequipo.com.mx\/#organization\"},\"image\":{\"@id\":\"https:\/\/www.sonoraenequipo.com.mx\/guerra-en-iran-mojtaba-jamenei-es-nombrado-nuevo-lider-supremo\/#primaryimage\"},\"thumbnailUrl\":\"https:\/\/www.sonoraenequipo.com.mx\/storage\/2026\/03\/69ae2815e1272.jpg\",\"articleSection\":[\"MUNDO\"],\"inLanguage\":\"es\",\"potentialAction\":[{\"@type\":\"CommentAction\",\"name\":\"Comment\",\"target\":[\"https:\/\/www.sonoraenequipo.com.mx\/guerra-en-iran-mojtaba-jamenei-es-nombrado-nuevo-lider-supremo\/#respond\"]}]},{\"@type\":\"WebPage\",\"@id\":\"https:\/\/www.sonoraenequipo.com.mx\/guerra-en-iran-mojtaba-jamenei-es-nombrado-nuevo-lider-supremo\/\",\"url\":\"https:\/\/www.sonoraenequipo.com.mx\/guerra-en-iran-mojtaba-jamenei-es-nombrado-nuevo-lider-supremo\/\",\"name\":\"Sonora en Equipo. GUERRA EN IR\u00c1N. Mojtaba Jamenei es nombrado nuevo l\u00edder supremo MUNDO\",\"isPartOf\":{\"@id\":\"https:\/\/www.sonoraenequipo.com.mx\/#website\"},\"primaryImageOfPage\":{\"@id\":\"https:\/\/www.sonoraenequipo.com.mx\/guerra-en-iran-mojtaba-jamenei-es-nombrado-nuevo-lider-supremo\/#primaryimage\"},\"image\":{\"@id\":\"https:\/\/www.sonoraenequipo.com.mx\/guerra-en-iran-mojtaba-jamenei-es-nombrado-nuevo-lider-supremo\/#primaryimage\"},\"thumbnailUrl\":\"https:\/\/www.sonoraenequipo.com.mx\/storage\/2026\/03\/69ae2815e1272.jpg\",\"datePublished\":\"2026-03-09T16:09:24+00:00\",\"description\":\"El s\u00e1bado 28 de febrero, Estados Unidos e Israel atacaron a Ir\u00e1n. Jamenei y decenas de altos funcionarios del gobierno murieron. Teher\u00e1n respondi\u00f3 En Sonora en Equipo publicamos toda la informaci\u00f3n de Sonora, M\u00e9xico y el Mundo de manera oportuna y busca que la libertad de expresi\u00f3n sea real. Visita nuestro medio informativo publicado desde Hermosillo, Sonora. %\",\"breadcrumb\":{\"@id\":\"https:\/\/www.sonoraenequipo.com.mx\/guerra-en-iran-mojtaba-jamenei-es-nombrado-nuevo-lider-supremo\/#breadcrumb\"},\"inLanguage\":\"es\",\"potentialAction\":[{\"@type\":\"ReadAction\",\"target\":[\"https:\/\/www.sonoraenequipo.com.mx\/guerra-en-iran-mojtaba-jamenei-es-nombrado-nuevo-lider-supremo\/\"]}]},{\"@type\":\"ImageObject\",\"inLanguage\":\"es\",\"@id\":\"https:\/\/www.sonoraenequipo.com.mx\/guerra-en-iran-mojtaba-jamenei-es-nombrado-nuevo-lider-supremo\/#primaryimage\",\"url\":\"https:\/\/www.sonoraenequipo.com.mx\/storage\/2026\/03\/69ae2815e1272.jpg\",\"contentUrl\":\"https:\/\/www.sonoraenequipo.com.mx\/storage\/2026\/03\/69ae2815e1272.jpg\",\"width\":1000,\"height\":562},{\"@type\":\"BreadcrumbList\",\"@id\":\"https:\/\/www.sonoraenequipo.com.mx\/guerra-en-iran-mojtaba-jamenei-es-nombrado-nuevo-lider-supremo\/#breadcrumb\",\"itemListElement\":[{\"@type\":\"ListItem\",\"position\":1,\"name\":\"Portada\",\"item\":\"https:\/\/www.sonoraenequipo.com.mx\/\"},{\"@type\":\"ListItem\",\"position\":2,\"name\":\"GUERRA EN IR\u00c1N. Mojtaba Jamenei es nombrado nuevo l\u00edder supremo\"}]},{\"@type\":\"WebSite\",\"@id\":\"https:\/\/www.sonoraenequipo.com.mx\/#website\",\"url\":\"https:\/\/www.sonoraenequipo.com.mx\/\",\"name\":\"Sonora en Equipo.\",\"description\":\"Diario en l\u00ednea con Noticias desde Hermosillo, Sonora\",\"publisher\":{\"@id\":\"https:\/\/www.sonoraenequipo.com.mx\/#organization\"},\"potentialAction\":[{\"@type\":\"SearchAction\",\"target\":{\"@type\":\"EntryPoint\",\"urlTemplate\":\"https:\/\/www.sonoraenequipo.com.mx\/?s={search_term_string}\"},\"query-input\":{\"@type\":\"PropertyValueSpecification\",\"valueRequired\":true,\"valueName\":\"search_term_string\"}}],\"inLanguage\":\"es\"},{\"@type\":\"Organization\",\"@id\":\"https:\/\/www.sonoraenequipo.com.mx\/#organization\",\"name\":\"Sonoraenequipo.com.mx\",\"url\":\"https:\/\/www.sonoraenequipo.com.mx\/\",\"logo\":{\"@type\":\"ImageObject\",\"inLanguage\":\"es\",\"@id\":\"https:\/\/www.sonoraenequipo.com.mx\/#\/schema\/logo\/image\/\",\"url\":\"https:\/\/www.sonoraenequipo.com.mx\/storage\/2019\/01\/sonoraenequipo_opt.png\",\"contentUrl\":\"https:\/\/www.sonoraenequipo.com.mx\/storage\/2019\/01\/sonoraenequipo_opt.png\",\"width\":375,\"height\":125,\"caption\":\"Sonoraenequipo.com.mx\"},\"image\":{\"@id\":\"https:\/\/www.sonoraenequipo.com.mx\/#\/schema\/logo\/image\/\"},\"sameAs\":[\"https:\/\/www.facebook.com\/SonoraEE\/\",\"https:\/\/x.com\/sonoraenequipo\",\"https:\/\/www.youtube.com\/channel\/UC338nW-lPEYmJQs4ZABQ1SQ\"]},{\"@type\":\"Person\",\"@id\":\"https:\/\/www.sonoraenequipo.com.mx\/#\/schema\/person\/50102df0fb23a8fa9e8effad8fa81386\",\"name\":\"enequipo\",\"image\":{\"@type\":\"ImageObject\",\"inLanguage\":\"es\",\"@id\":\"https:\/\/www.sonoraenequipo.com.mx\/#\/schema\/person\/image\/\",\"url\":\"https:\/\/secure.gravatar.com\/avatar\/049821681b589dabc0bc20695993ccebb09f5b5d4d790cd9251b97faac7c652b?s=96&d=blank&r=g\",\"contentUrl\":\"https:\/\/secure.gravatar.com\/avatar\/049821681b589dabc0bc20695993ccebb09f5b5d4d790cd9251b97faac7c652b?s=96&d=blank&r=g\",\"caption\":\"enequipo\"},\"sameAs\":[\"https:\/\/www.facebook.com\/SonoraEE\"]}]}<\/script>\n ","yoast_head_json":{"title":"Sonora en Equipo. GUERRA EN IR\u00c1N. Mojtaba Jamenei es nombrado nuevo l\u00edder supremo MUNDO","description":"El s\u00e1bado 28 de febrero, Estados Unidos e Israel atacaron a Ir\u00e1n. Jamenei y decenas de altos funcionarios del gobierno murieron. Teher\u00e1n respondi\u00f3 En Sonora en Equipo publicamos toda la informaci\u00f3n de Sonora, M\u00e9xico y el Mundo de manera oportuna y busca que la libertad de expresi\u00f3n sea real. Visita nuestro medio informativo publicado desde Hermosillo, Sonora. %","robots":{"index":"index","follow":"follow","max-snippet":"max-snippet:-1","max-image-preview":"max-image-preview:large","max-video-preview":"max-video-preview:-1"},"canonical":"https:\/\/www.sonoraenequipo.com.mx\/guerra-en-iran-mojtaba-jamenei-es-nombrado-nuevo-lider-supremo\/","og_locale":"es_ES","og_type":"article","og_title":"Sonora en Equipo. GUERRA EN IR\u00c1N. Mojtaba Jamenei es nombrado nuevo l\u00edder supremo MUNDO","og_description":"El s\u00e1bado 28 de febrero, Estados Unidos e Israel atacaron a Ir\u00e1n. Jamenei y decenas de altos funcionarios del gobierno murieron. Teher\u00e1n respondi\u00f3 En Sonora en Equipo publicamos toda la informaci\u00f3n de Sonora, M\u00e9xico y el Mundo de manera oportuna y busca que la libertad de expresi\u00f3n sea real. Visita nuestro medio informativo publicado desde Hermosillo, Sonora. %","og_url":"https:\/\/www.sonoraenequipo.com.mx\/guerra-en-iran-mojtaba-jamenei-es-nombrado-nuevo-lider-supremo\/","og_site_name":"Sonora en Equipo.","article_publisher":"https:\/\/www.facebook.com\/SonoraEE\/","article_author":"https:\/\/www.facebook.com\/SonoraEE","article_published_time":"2026-03-09T16:09:24+00:00","og_image":[{"width":1000,"height":562,"url":"https:\/\/www.sonoraenequipo.com.mx\/storage\/2026\/03\/69ae2815e1272.jpg","type":"image\/jpeg"}],"author":"enequipo","twitter_card":"summary_large_image","twitter_creator":"@sonoraenequipo","twitter_site":"@sonoraenequipo","twitter_misc":{"Escrito por":"enequipo","Tiempo de lectura":"3 minutos"},"schema":{"@context":"https:\/\/schema.org","@graph":[{"@type":"Article","@id":"https:\/\/www.sonoraenequipo.com.mx\/guerra-en-iran-mojtaba-jamenei-es-nombrado-nuevo-lider-supremo\/#article","isPartOf":{"@id":"https:\/\/www.sonoraenequipo.com.mx\/guerra-en-iran-mojtaba-jamenei-es-nombrado-nuevo-lider-supremo\/"},"author":{"name":"enequipo","@id":"https:\/\/www.sonoraenequipo.com.mx\/#\/schema\/person\/50102df0fb23a8fa9e8effad8fa81386"},"headline":"GUERRA EN IR\u00c1N. Mojtaba Jamenei es nombrado nuevo l\u00edder supremo","datePublished":"2026-03-09T16:09:24+00:00","mainEntityOfPage":{"@id":"https:\/\/www.sonoraenequipo.com.mx\/guerra-en-iran-mojtaba-jamenei-es-nombrado-nuevo-lider-supremo\/"},"wordCount":551,"commentCount":0,"publisher":{"@id":"https:\/\/www.sonoraenequipo.com.mx\/#organization"},"image":{"@id":"https:\/\/www.sonoraenequipo.com.mx\/guerra-en-iran-mojtaba-jamenei-es-nombrado-nuevo-lider-supremo\/#primaryimage"},"thumbnailUrl":"https:\/\/www.sonoraenequipo.com.mx\/storage\/2026\/03\/69ae2815e1272.jpg","articleSection":["MUNDO"],"inLanguage":"es","potentialAction":[{"@type":"CommentAction","name":"Comment","target":["https:\/\/www.sonoraenequipo.com.mx\/guerra-en-iran-mojtaba-jamenei-es-nombrado-nuevo-lider-supremo\/#respond"]}]},{"@type":"WebPage","@id":"https:\/\/www.sonoraenequipo.com.mx\/guerra-en-iran-mojtaba-jamenei-es-nombrado-nuevo-lider-supremo\/","url":"https:\/\/www.sonoraenequipo.com.mx\/guerra-en-iran-mojtaba-jamenei-es-nombrado-nuevo-lider-supremo\/","name":"Sonora en Equipo. GUERRA EN IR\u00c1N. Mojtaba Jamenei es nombrado nuevo l\u00edder supremo MUNDO","isPartOf":{"@id":"https:\/\/www.sonoraenequipo.com.mx\/#website"},"primaryImageOfPage":{"@id":"https:\/\/www.sonoraenequipo.com.mx\/guerra-en-iran-mojtaba-jamenei-es-nombrado-nuevo-lider-supremo\/#primaryimage"},"image":{"@id":"https:\/\/www.sonoraenequipo.com.mx\/guerra-en-iran-mojtaba-jamenei-es-nombrado-nuevo-lider-supremo\/#primaryimage"},"thumbnailUrl":"https:\/\/www.sonoraenequipo.com.mx\/storage\/2026\/03\/69ae2815e1272.jpg","datePublished":"2026-03-09T16:09:24+00:00","description":"El s\u00e1bado 28 de febrero, Estados Unidos e Israel atacaron a Ir\u00e1n. Jamenei y decenas de altos funcionarios del gobierno murieron. Teher\u00e1n respondi\u00f3 En Sonora en Equipo publicamos toda la informaci\u00f3n de Sonora, M\u00e9xico y el Mundo de manera oportuna y busca que la libertad de expresi\u00f3n sea real. Visita nuestro medio informativo publicado desde Hermosillo, Sonora. %","breadcrumb":{"@id":"https:\/\/www.sonoraenequipo.com.mx\/guerra-en-iran-mojtaba-jamenei-es-nombrado-nuevo-lider-supremo\/#breadcrumb"},"inLanguage":"es","potentialAction":[{"@type":"ReadAction","target":["https:\/\/www.sonoraenequipo.com.mx\/guerra-en-iran-mojtaba-jamenei-es-nombrado-nuevo-lider-supremo\/"]}]},{"@type":"ImageObject","inLanguage":"es","@id":"https:\/\/www.sonoraenequipo.com.mx\/guerra-en-iran-mojtaba-jamenei-es-nombrado-nuevo-lider-supremo\/#primaryimage","url":"https:\/\/www.sonoraenequipo.com.mx\/storage\/2026\/03\/69ae2815e1272.jpg","contentUrl":"https:\/\/www.sonoraenequipo.com.mx\/storage\/2026\/03\/69ae2815e1272.jpg","width":1000,"height":562},{"@type":"BreadcrumbList","@id":"https:\/\/www.sonoraenequipo.com.mx\/guerra-en-iran-mojtaba-jamenei-es-nombrado-nuevo-lider-supremo\/#breadcrumb","itemListElement":[{"@type":"ListItem","position":1,"name":"Portada","item":"https:\/\/www.sonoraenequipo.com.mx\/"},{"@type":"ListItem","position":2,"name":"GUERRA EN IR\u00c1N. Mojtaba Jamenei es nombrado nuevo l\u00edder supremo"}]},{"@type":"WebSite","@id":"https:\/\/www.sonoraenequipo.com.mx\/#website","url":"https:\/\/www.sonoraenequipo.com.mx\/","name":"Sonora en Equipo.","description":"Diario en l\u00ednea con Noticias desde Hermosillo, Sonora","publisher":{"@id":"https:\/\/www.sonoraenequipo.com.mx\/#organization"},"potentialAction":[{"@type":"SearchAction","target":{"@type":"EntryPoint","urlTemplate":"https:\/\/www.sonoraenequipo.com.mx\/?s={search_term_string}"},"query-input":{"@type":"PropertyValueSpecification","valueRequired":true,"valueName":"search_term_string"}}],"inLanguage":"es"},{"@type":"Organization","@id":"https:\/\/www.sonoraenequipo.com.mx\/#organization","name":"Sonoraenequipo.com.mx","url":"https:\/\/www.sonoraenequipo.com.mx\/","logo":{"@type":"ImageObject","inLanguage":"es","@id":"https:\/\/www.sonoraenequipo.com.mx\/#\/schema\/logo\/image\/","url":"https:\/\/www.sonoraenequipo.com.mx\/storage\/2019\/01\/sonoraenequipo_opt.png","contentUrl":"https:\/\/www.sonoraenequipo.com.mx\/storage\/2019\/01\/sonoraenequipo_opt.png","width":375,"height":125,"caption":"Sonoraenequipo.com.mx"},"image":{"@id":"https:\/\/www.sonoraenequipo.com.mx\/#\/schema\/logo\/image\/"},"sameAs":["https:\/\/www.facebook.com\/SonoraEE\/","https:\/\/x.com\/sonoraenequipo","https:\/\/www.youtube.com\/channel\/UC338nW-lPEYmJQs4ZABQ1SQ"]},{"@type":"Person","@id":"https:\/\/www.sonoraenequipo.com.mx\/#\/schema\/person\/50102df0fb23a8fa9e8effad8fa81386","name":"enequipo","image":{"@type":"ImageObject","inLanguage":"es","@id":"https:\/\/www.sonoraenequipo.com.mx\/#\/schema\/person\/image\/","url":"https:\/\/secure.gravatar.com\/avatar\/049821681b589dabc0bc20695993ccebb09f5b5d4d790cd9251b97faac7c652b?s=96&d=blank&r=g","contentUrl":"https:\/\/secure.gravatar.com\/avatar\/049821681b589dabc0bc20695993ccebb09f5b5d4d790cd9251b97faac7c652b?s=96&d=blank&r=g","caption":"enequipo"},"sameAs":["https:\/\/www.facebook.com\/SonoraEE"]}]}},"jetpack_featured_media_url":"https:\/\/www.sonoraenequipo.com.mx\/storage\/2026\/03\/69ae2815e1272.jpg","_links":{"self":[{"href":"https:\/\/www.sonoraenequipo.com.mx\/api\/wp\/v2\/posts\/236924","targetHints":{"allow":["GET"]}}],"collection":[{"href":"https:\/\/www.sonoraenequipo.com.mx\/api\/wp\/v2\/posts"}],"about":[{"href":"https:\/\/www.sonoraenequipo.com.mx\/api\/wp\/v2\/types\/post"}],"author":[{"embeddable":true,"href":"https:\/\/www.sonoraenequipo.com.mx\/api\/wp\/v2\/users\/1"}],"replies":[{"embeddable":true,"href":"https:\/\/www.sonoraenequipo.com.mx\/api\/wp\/v2\/comments?post=236924"}],"version-history":[{"count":1,"href":"https:\/\/www.sonoraenequipo.com.mx\/api\/wp\/v2\/posts\/236924\/revisions"}],"predecessor-version":[{"id":236925,"href":"https:\/\/www.sonoraenequipo.com.mx\/api\/wp\/v2\/posts\/236924\/revisions\/236925"}],"wp:featuredmedia":[{"embeddable":true,"href":"https:\/\/www.sonoraenequipo.com.mx\/api\/wp\/v2\/media\/236892"}],"wp:attachment":[{"href":"https:\/\/www.sonoraenequipo.com.mx\/api\/wp\/v2\/media?parent=236924"}],"wp:term":[{"taxonomy":"category","embeddable":true,"href":"https:\/\/www.sonoraenequipo.com.mx\/api\/wp\/v2\/categories?post=236924"},{"taxonomy":"post_tag","embeddable":true,"href":"https:\/\/www.sonoraenequipo.com.mx\/api\/wp\/v2\/tags?post=236924"}],"curies":[{"name":"wp","href":"https:\/\/api.w.org\/{rel}","templated":true}]}}