{"id":236926,"date":"2026-03-09T08:00:51","date_gmt":"2026-03-09T15:00:51","guid":{"rendered":"https:\/\/www.sonoraenequipo.com.mx\/?p=236926"},"modified":"2026-03-09T09:17:36","modified_gmt":"2026-03-09T16:17:36","slug":"la-cortina-de-humo-una-guerra-para-esconder-un-escandalo","status":"publish","type":"post","link":"https:\/\/www.sonoraenequipo.com.mx\/la-cortina-de-humo-una-guerra-para-esconder-un-escandalo\/","title":{"rendered":"La cortina de humo: una guerra para esconder un esc\u00e1ndalo"},"content":{"rendered":"<p><strong>LA HABANA, CUBA. \u2014<\/strong> El filme, que conviene recordar ahora, relata la fabricaci\u00f3n artificial de un conflicto entre EE.UU. y una peque\u00f1a naci\u00f3n, para desviar la atenci\u00f3n de un esc\u00e1ndalo sexual en la Casa Blanca<\/p>\n<p>&nbsp;<\/p>\n<p>&nbsp;<\/p>\n<p> <br \/>\nEl \u00abcine de presidentes\u00bb, aciago subg\u00e9nero que comenz\u00f3 a frecuentar la pantalla norteamericana a partir del segundo lustro de la d\u00e9cada de los 90 del pasado siglo (aqu\u00ed, por supuesto, no hablamos de las pel\u00edculas anteriores de Oliver Stone sobre JFK y Nixon), pari\u00f3 filmes con mandatarios pr\u00edncipes azules o expertos combatientes de artes marciales, sexo sadistas o cazadores de extraterrestres\u2026<\/p>\n<p>&nbsp;<\/p>\n<p>&nbsp;<\/p>\n<p>Este rosario de estupideces, al cual contribuyeron hasta directores de medio\/alto prestigio a la manera de Wolfgang Petersen, Rob Reiner y Clint Eastwood, modific\u00f3 tan abrupta como moment\u00e1neamente su enrumbe en 1997, merced al realizador Barry Levinson y su todav\u00eda recordado largometraje La cortina de humo que sobrepas\u00f3 la media, al aportar y decir algo.<\/p>\n<p>&nbsp;<\/p>\n<p>&nbsp;<\/p>\n<p>La pel\u00edcula describe la fabricaci\u00f3n artificial de un conflicto militar entre los Estados Unidos y \u00a1Albania!, con el objetivo de desviar la atenci\u00f3n del esc\u00e1ndalo interno suscitado a las puertas de las elecciones, tras el acoso sexual perpetrado por el presidente a una jovencita en la propia Casa Blanca.<\/p>\n<p>&nbsp;<\/p>\n<p>&nbsp;<\/p>\n<p>Ahora, cuando vemos c\u00f3mo intenta desviarse el foco de la podredumbre escondida en los Archivos Epstein mediante la invasi\u00f3n a Ir\u00e1n\u2026, resulta significativo volver a este filme.<\/p>\n<p>&nbsp;<\/p>\n<p>&nbsp;<\/p>\n<p>A todas luces, el de La cortina de humo se trata de un centro de atenci\u00f3n inventado, a imagen y semejanza de los tradicionales pretextos hist\u00f3ricos que las administraciones estadounidenses emplean a lo largo de la historia en tanto herramienta pol\u00edtica, por regla general con los fines m\u00e1s espurios y que en Cuba \u2013del Maine al orquestado \u00abcaso\u00bb de los falsos ataques s\u00f3nicos a los diplom\u00e1ticos yanquis en La Habana\u2013, tan bien se conocen.<\/p>\n<p>&nbsp;<\/p>\n<p>&nbsp;<\/p>\n<p>En La cortina&#8230; toda la campa\u00f1a en defensa del n\u00famero uno de la administraci\u00f3n yanki ser\u00e1 desarrollada por el astuto personero presidencial Conrad Brean (Robert De Niro) y el productor hollywoodense Stanley Motts (Dustin Hoffman).<\/p>\n<p>&nbsp;<\/p>\n<p>&nbsp;<\/p>\n<p>Manejada en un expl\u00edcito y por momentos reforzado tono sat\u00edrico, constituye ir\u00f3nica representaci\u00f3n art\u00edstica de la mirada de Norteam\u00e9rica frente al espejo. Representa la constataci\u00f3n cinematogr\u00e1fica de todo el proceso de maquillaje del suceso informativo falso convertido en \u00abnoticia\u00bb, desde el instante cuando \u00abacontece\u00bb hasta el acto de aparici\u00f3n del vocero ante medios de prensa que \u2013en muchos casos vinculados a intereses con agendas anexas al poder\u2013, lo presentan totalmente retocado, falseado a la opini\u00f3n p\u00fablica.<\/p>\n<p>&nbsp;<\/p>\n<p>&nbsp;<\/p>\n<p>Deviene diagrama art\u00edstico de las artima\u00f1as de cerebros grises encargados de limpiar la sordidez dejada al camino por sus jefes, a trav\u00e9s de cuanta v\u00eda sea posible.<\/p>\n<p>&nbsp;<\/p>\n<p>&nbsp;<\/p>\n<p>Tambi\u00e9n representa un reflejo fidedigno del poder incre\u00edble de la televisi\u00f3n (en el momento del filme; hoy, adem\u00e1s, de las redes sociales como del resto de las plataformas digitales) para dorar o desintegrar im\u00e1genes; as\u00ed como de su maridaje (ya entonces) con la computaci\u00f3n, que puede engendrar cualquier efecto simulado.<\/p>\n<p>&nbsp;<\/p>\n<p>&nbsp;<\/p>\n<p>Esta comedia dram\u00e1tica tiene real connotaci\u00f3n pol\u00edtico-social, innegable dimensi\u00f3n cualitativa y hasta pudiera afirmarse que determinada dosis de valent\u00eda.<\/p>\n<p>&nbsp;<\/p>\n<p>&nbsp;<\/p>\n<p>Todo lo anterior se ve coartado, no obstante, por incongruencias del guion de Hillary Henken y el conocido David Mamet sobre la novela de Larry Reinhardt American Hero. El libro cinematogr\u00e1fico hincha demasiado la cuesti\u00f3n del \u00absoldado Zapato\u00bb y al personaje de la asesora interpretado por Anne Heche no le confieren personalidad dram\u00e1tica, pese al esfuerzo manifiesto de la int\u00e9rprete por insufl\u00e1rsela.<\/p>\n<p>&nbsp;<\/p>\n<p>&nbsp;<\/p>\n<p><strong>La cortina de humo (Oso de Plata en Berl\u00edn, 1998) preceder\u00eda a otras cintas interesadas en la relaci\u00f3n pol\u00edticos\u2013faldas y sus derivaciones pol\u00edticas o b\u00e9licas.<\/strong><\/p>\n<p>&nbsp;<\/p>\n<p>Coyunturas y manquedades de este tipo de cine al margen, tal tendencia denot\u00f3 el inter\u00e9s de algunos cineastas norteamericanos por trasladar al celuloide matices \u00edntimos de un marco de poder demasiado sinuoso como para atraparlo en toda su gama de oscilaciones. Si bien cada intento respaldado por un af\u00e1n de objetividad, como el caso de esta pel\u00edcula, obtendr\u00e1 siempre la aquiescencia de quienes degustamos y valoramos la obra.<\/p>\n<p><iframe loading=\"lazy\" title=\"LA CORTINA DE HUMO 1997 Trailer 4K en espa\u00f1ol\" width=\"640\" height=\"360\" src=\"https:\/\/www.youtube.com\/embed\/sMJKm5JJ-Vk?feature=oembed\" frameborder=\"0\" allow=\"accelerometer; autoplay; clipboard-write; encrypted-media; gyroscope; picture-in-picture; web-share\" referrerpolicy=\"strict-origin-when-cross-origin\" allowfullscreen><\/iframe><\/p>\n<p>&nbsp;<\/p>\n<p>PUBLICADO EL 08 MARZO DE 2026 Con informaci\u00f3n de Julio Mart\u00ednez Molina | internet@granma.cu\/GRANMA.CUBA)<\/p>\n","protected":false},"excerpt":{"rendered":"<p>LA HABANA, CUBA. \u2014 El filme, que conviene recordar ahora, relata la fabricaci\u00f3n artificial de&#8230;<\/p>\n","protected":false},"author":1,"featured_media":236886,"comment_status":"open","ping_status":"open","sticky":false,"template":"","format":"standard","meta":{"_monsterinsights_skip_tracking":false,"_monsterinsights_sitenote_active":false,"_monsterinsights_sitenote_note":"","_monsterinsights_sitenote_category":0,"footnotes":""},"categories":[12],"tags":[],"class_list":["post"],"yoast_head":" \n<title>Sonora en Equipo. La cortina de humo: una guerra para esconder un esc\u00e1ndalo Especiales<\/title>\n<meta name=\"description\" content=\"LA HABANA, CUBA. \u2014 El filme, que conviene recordar ahora, relata la fabricaci\u00f3n artificial de un conflicto entre EE.UU. y una peque\u00f1a naci\u00f3n, para desviar En Sonora en Equipo publicamos toda la informaci\u00f3n de Sonora, M\u00e9xico y el Mundo de manera oportuna y busca que la libertad de expresi\u00f3n sea real. Visita nuestro medio informativo publicado desde Hermosillo, Sonora. %\" \/>\n<meta name=\"robots\" content=\"index, follow, max-snippet:-1, max-image-preview:large, max-video-preview:-1\" \/>\n<link rel=\"canonical\" href=\"https:\/\/www.sonoraenequipo.com.mx\/la-cortina-de-humo-una-guerra-para-esconder-un-escandalo\/\" \/>\n<meta property=\"og:locale\" content=\"es_ES\" \/>\n<meta property=\"og:type\" content=\"article\" \/>\n<meta property=\"og:title\" content=\"Sonora en Equipo. La cortina de humo: una guerra para esconder un esc\u00e1ndalo Especiales\" \/>\n<meta property=\"og:description\" content=\"LA HABANA, CUBA. \u2014 El filme, que conviene recordar ahora, relata la fabricaci\u00f3n artificial de un conflicto entre EE.UU. y una peque\u00f1a naci\u00f3n, para desviar En Sonora en Equipo publicamos toda la informaci\u00f3n de Sonora, M\u00e9xico y el Mundo de manera oportuna y busca que la libertad de expresi\u00f3n sea real. Visita nuestro medio informativo publicado desde Hermosillo, Sonora. %\" \/>\n<meta property=\"og:url\" content=\"https:\/\/www.sonoraenequipo.com.mx\/la-cortina-de-humo-una-guerra-para-esconder-un-escandalo\/\" \/>\n<meta property=\"og:site_name\" content=\"Sonora en Equipo.\" \/>\n<meta property=\"article:publisher\" content=\"https:\/\/www.facebook.com\/SonoraEE\/\" \/>\n<meta property=\"article:author\" content=\"https:\/\/www.facebook.com\/SonoraEE\" \/>\n<meta property=\"article:published_time\" content=\"2026-03-09T15:00:51+00:00\" \/>\n<meta property=\"article:modified_time\" content=\"2026-03-09T16:17:36+00:00\" \/>\n<meta property=\"og:image\" content=\"https:\/\/www.sonoraenequipo.com.mx\/storage\/2026\/03\/La-cortina-de-humo-1.jpg\" \/>\n\t<meta property=\"og:image:width\" content=\"1000\" \/>\n\t<meta property=\"og:image:height\" content=\"562\" \/>\n\t<meta property=\"og:image:type\" content=\"image\/jpeg\" \/>\n<meta name=\"author\" content=\"enequipo\" \/>\n<meta name=\"twitter:card\" content=\"summary_large_image\" \/>\n<meta name=\"twitter:creator\" content=\"@sonoraenequipo\" \/>\n<meta name=\"twitter:site\" content=\"@sonoraenequipo\" \/>\n<meta name=\"twitter:label1\" content=\"Escrito por\" \/>\n\t<meta name=\"twitter:data1\" content=\"enequipo\" \/>\n\t<meta name=\"twitter:label2\" content=\"Tiempo de lectura\" \/>\n\t<meta name=\"twitter:data2\" content=\"4 minutos\" \/>\n<script type=\"application\/ld+json\" class=\"yoast-schema-graph\">{\"@context\":\"https:\/\/schema.org\",\"@graph\":[{\"@type\":\"Article\",\"@id\":\"https:\/\/www.sonoraenequipo.com.mx\/la-cortina-de-humo-una-guerra-para-esconder-un-escandalo\/#article\",\"isPartOf\":{\"@id\":\"https:\/\/www.sonoraenequipo.com.mx\/la-cortina-de-humo-una-guerra-para-esconder-un-escandalo\/\"},\"author\":{\"name\":\"enequipo\",\"@id\":\"https:\/\/www.sonoraenequipo.com.mx\/#\/schema\/person\/50102df0fb23a8fa9e8effad8fa81386\"},\"headline\":\"La cortina de humo: una guerra para esconder un esc\u00e1ndalo\",\"datePublished\":\"2026-03-09T15:00:51+00:00\",\"dateModified\":\"2026-03-09T16:17:36+00:00\",\"mainEntityOfPage\":{\"@id\":\"https:\/\/www.sonoraenequipo.com.mx\/la-cortina-de-humo-una-guerra-para-esconder-un-escandalo\/\"},\"wordCount\":791,\"commentCount\":0,\"publisher\":{\"@id\":\"https:\/\/www.sonoraenequipo.com.mx\/#organization\"},\"image\":{\"@id\":\"https:\/\/www.sonoraenequipo.com.mx\/la-cortina-de-humo-una-guerra-para-esconder-un-escandalo\/#primaryimage\"},\"thumbnailUrl\":\"https:\/\/www.sonoraenequipo.com.mx\/storage\/2026\/03\/La-cortina-de-humo-1.jpg\",\"articleSection\":[\"Especiales\"],\"inLanguage\":\"es\",\"potentialAction\":[{\"@type\":\"CommentAction\",\"name\":\"Comment\",\"target\":[\"https:\/\/www.sonoraenequipo.com.mx\/la-cortina-de-humo-una-guerra-para-esconder-un-escandalo\/#respond\"]}]},{\"@type\":\"WebPage\",\"@id\":\"https:\/\/www.sonoraenequipo.com.mx\/la-cortina-de-humo-una-guerra-para-esconder-un-escandalo\/\",\"url\":\"https:\/\/www.sonoraenequipo.com.mx\/la-cortina-de-humo-una-guerra-para-esconder-un-escandalo\/\",\"name\":\"Sonora en Equipo. La cortina de humo: una guerra para esconder un esc\u00e1ndalo Especiales\",\"isPartOf\":{\"@id\":\"https:\/\/www.sonoraenequipo.com.mx\/#website\"},\"primaryImageOfPage\":{\"@id\":\"https:\/\/www.sonoraenequipo.com.mx\/la-cortina-de-humo-una-guerra-para-esconder-un-escandalo\/#primaryimage\"},\"image\":{\"@id\":\"https:\/\/www.sonoraenequipo.com.mx\/la-cortina-de-humo-una-guerra-para-esconder-un-escandalo\/#primaryimage\"},\"thumbnailUrl\":\"https:\/\/www.sonoraenequipo.com.mx\/storage\/2026\/03\/La-cortina-de-humo-1.jpg\",\"datePublished\":\"2026-03-09T15:00:51+00:00\",\"dateModified\":\"2026-03-09T16:17:36+00:00\",\"description\":\"LA HABANA, CUBA. \u2014 El filme, que conviene recordar ahora, relata la fabricaci\u00f3n artificial de un conflicto entre EE.UU. y una peque\u00f1a naci\u00f3n, para desviar En Sonora en Equipo publicamos toda la informaci\u00f3n de Sonora, M\u00e9xico y el Mundo de manera oportuna y busca que la libertad de expresi\u00f3n sea real. Visita nuestro medio informativo publicado desde Hermosillo, Sonora. %\",\"breadcrumb\":{\"@id\":\"https:\/\/www.sonoraenequipo.com.mx\/la-cortina-de-humo-una-guerra-para-esconder-un-escandalo\/#breadcrumb\"},\"inLanguage\":\"es\",\"potentialAction\":[{\"@type\":\"ReadAction\",\"target\":[\"https:\/\/www.sonoraenequipo.com.mx\/la-cortina-de-humo-una-guerra-para-esconder-un-escandalo\/\"]}]},{\"@type\":\"ImageObject\",\"inLanguage\":\"es\",\"@id\":\"https:\/\/www.sonoraenequipo.com.mx\/la-cortina-de-humo-una-guerra-para-esconder-un-escandalo\/#primaryimage\",\"url\":\"https:\/\/www.sonoraenequipo.com.mx\/storage\/2026\/03\/La-cortina-de-humo-1.jpg\",\"contentUrl\":\"https:\/\/www.sonoraenequipo.com.mx\/storage\/2026\/03\/La-cortina-de-humo-1.jpg\",\"width\":1000,\"height\":562},{\"@type\":\"BreadcrumbList\",\"@id\":\"https:\/\/www.sonoraenequipo.com.mx\/la-cortina-de-humo-una-guerra-para-esconder-un-escandalo\/#breadcrumb\",\"itemListElement\":[{\"@type\":\"ListItem\",\"position\":1,\"name\":\"Portada\",\"item\":\"https:\/\/www.sonoraenequipo.com.mx\/\"},{\"@type\":\"ListItem\",\"position\":2,\"name\":\"La cortina de humo: una guerra para esconder un esc\u00e1ndalo\"}]},{\"@type\":\"WebSite\",\"@id\":\"https:\/\/www.sonoraenequipo.com.mx\/#website\",\"url\":\"https:\/\/www.sonoraenequipo.com.mx\/\",\"name\":\"Sonora en Equipo.\",\"description\":\"Diario en l\u00ednea con Noticias desde Hermosillo, Sonora\",\"publisher\":{\"@id\":\"https:\/\/www.sonoraenequipo.com.mx\/#organization\"},\"potentialAction\":[{\"@type\":\"SearchAction\",\"target\":{\"@type\":\"EntryPoint\",\"urlTemplate\":\"https:\/\/www.sonoraenequipo.com.mx\/?s={search_term_string}\"},\"query-input\":{\"@type\":\"PropertyValueSpecification\",\"valueRequired\":true,\"valueName\":\"search_term_string\"}}],\"inLanguage\":\"es\"},{\"@type\":\"Organization\",\"@id\":\"https:\/\/www.sonoraenequipo.com.mx\/#organization\",\"name\":\"Sonoraenequipo.com.mx\",\"url\":\"https:\/\/www.sonoraenequipo.com.mx\/\",\"logo\":{\"@type\":\"ImageObject\",\"inLanguage\":\"es\",\"@id\":\"https:\/\/www.sonoraenequipo.com.mx\/#\/schema\/logo\/image\/\",\"url\":\"https:\/\/www.sonoraenequipo.com.mx\/storage\/2019\/01\/sonoraenequipo_opt.png\",\"contentUrl\":\"https:\/\/www.sonoraenequipo.com.mx\/storage\/2019\/01\/sonoraenequipo_opt.png\",\"width\":375,\"height\":125,\"caption\":\"Sonoraenequipo.com.mx\"},\"image\":{\"@id\":\"https:\/\/www.sonoraenequipo.com.mx\/#\/schema\/logo\/image\/\"},\"sameAs\":[\"https:\/\/www.facebook.com\/SonoraEE\/\",\"https:\/\/x.com\/sonoraenequipo\",\"https:\/\/www.youtube.com\/channel\/UC338nW-lPEYmJQs4ZABQ1SQ\"]},{\"@type\":\"Person\",\"@id\":\"https:\/\/www.sonoraenequipo.com.mx\/#\/schema\/person\/50102df0fb23a8fa9e8effad8fa81386\",\"name\":\"enequipo\",\"image\":{\"@type\":\"ImageObject\",\"inLanguage\":\"es\",\"@id\":\"https:\/\/www.sonoraenequipo.com.mx\/#\/schema\/person\/image\/\",\"url\":\"https:\/\/secure.gravatar.com\/avatar\/049821681b589dabc0bc20695993ccebb09f5b5d4d790cd9251b97faac7c652b?s=96&d=blank&r=g\",\"contentUrl\":\"https:\/\/secure.gravatar.com\/avatar\/049821681b589dabc0bc20695993ccebb09f5b5d4d790cd9251b97faac7c652b?s=96&d=blank&r=g\",\"caption\":\"enequipo\"},\"sameAs\":[\"https:\/\/www.facebook.com\/SonoraEE\"]}]}<\/script>\n ","yoast_head_json":{"title":"Sonora en Equipo. La cortina de humo: una guerra para esconder un esc\u00e1ndalo Especiales","description":"LA HABANA, CUBA. \u2014 El filme, que conviene recordar ahora, relata la fabricaci\u00f3n artificial de un conflicto entre EE.UU. y una peque\u00f1a naci\u00f3n, para desviar En Sonora en Equipo publicamos toda la informaci\u00f3n de Sonora, M\u00e9xico y el Mundo de manera oportuna y busca que la libertad de expresi\u00f3n sea real. Visita nuestro medio informativo publicado desde Hermosillo, Sonora. %","robots":{"index":"index","follow":"follow","max-snippet":"max-snippet:-1","max-image-preview":"max-image-preview:large","max-video-preview":"max-video-preview:-1"},"canonical":"https:\/\/www.sonoraenequipo.com.mx\/la-cortina-de-humo-una-guerra-para-esconder-un-escandalo\/","og_locale":"es_ES","og_type":"article","og_title":"Sonora en Equipo. La cortina de humo: una guerra para esconder un esc\u00e1ndalo Especiales","og_description":"LA HABANA, CUBA. \u2014 El filme, que conviene recordar ahora, relata la fabricaci\u00f3n artificial de un conflicto entre EE.UU. y una peque\u00f1a naci\u00f3n, para desviar En Sonora en Equipo publicamos toda la informaci\u00f3n de Sonora, M\u00e9xico y el Mundo de manera oportuna y busca que la libertad de expresi\u00f3n sea real. Visita nuestro medio informativo publicado desde Hermosillo, Sonora. %","og_url":"https:\/\/www.sonoraenequipo.com.mx\/la-cortina-de-humo-una-guerra-para-esconder-un-escandalo\/","og_site_name":"Sonora en Equipo.","article_publisher":"https:\/\/www.facebook.com\/SonoraEE\/","article_author":"https:\/\/www.facebook.com\/SonoraEE","article_published_time":"2026-03-09T15:00:51+00:00","article_modified_time":"2026-03-09T16:17:36+00:00","og_image":[{"width":1000,"height":562,"url":"https:\/\/www.sonoraenequipo.com.mx\/storage\/2026\/03\/La-cortina-de-humo-1.jpg","type":"image\/jpeg"}],"author":"enequipo","twitter_card":"summary_large_image","twitter_creator":"@sonoraenequipo","twitter_site":"@sonoraenequipo","twitter_misc":{"Escrito por":"enequipo","Tiempo de lectura":"4 minutos"},"schema":{"@context":"https:\/\/schema.org","@graph":[{"@type":"Article","@id":"https:\/\/www.sonoraenequipo.com.mx\/la-cortina-de-humo-una-guerra-para-esconder-un-escandalo\/#article","isPartOf":{"@id":"https:\/\/www.sonoraenequipo.com.mx\/la-cortina-de-humo-una-guerra-para-esconder-un-escandalo\/"},"author":{"name":"enequipo","@id":"https:\/\/www.sonoraenequipo.com.mx\/#\/schema\/person\/50102df0fb23a8fa9e8effad8fa81386"},"headline":"La cortina de humo: una guerra para esconder un esc\u00e1ndalo","datePublished":"2026-03-09T15:00:51+00:00","dateModified":"2026-03-09T16:17:36+00:00","mainEntityOfPage":{"@id":"https:\/\/www.sonoraenequipo.com.mx\/la-cortina-de-humo-una-guerra-para-esconder-un-escandalo\/"},"wordCount":791,"commentCount":0,"publisher":{"@id":"https:\/\/www.sonoraenequipo.com.mx\/#organization"},"image":{"@id":"https:\/\/www.sonoraenequipo.com.mx\/la-cortina-de-humo-una-guerra-para-esconder-un-escandalo\/#primaryimage"},"thumbnailUrl":"https:\/\/www.sonoraenequipo.com.mx\/storage\/2026\/03\/La-cortina-de-humo-1.jpg","articleSection":["Especiales"],"inLanguage":"es","potentialAction":[{"@type":"CommentAction","name":"Comment","target":["https:\/\/www.sonoraenequipo.com.mx\/la-cortina-de-humo-una-guerra-para-esconder-un-escandalo\/#respond"]}]},{"@type":"WebPage","@id":"https:\/\/www.sonoraenequipo.com.mx\/la-cortina-de-humo-una-guerra-para-esconder-un-escandalo\/","url":"https:\/\/www.sonoraenequipo.com.mx\/la-cortina-de-humo-una-guerra-para-esconder-un-escandalo\/","name":"Sonora en Equipo. La cortina de humo: una guerra para esconder un esc\u00e1ndalo Especiales","isPartOf":{"@id":"https:\/\/www.sonoraenequipo.com.mx\/#website"},"primaryImageOfPage":{"@id":"https:\/\/www.sonoraenequipo.com.mx\/la-cortina-de-humo-una-guerra-para-esconder-un-escandalo\/#primaryimage"},"image":{"@id":"https:\/\/www.sonoraenequipo.com.mx\/la-cortina-de-humo-una-guerra-para-esconder-un-escandalo\/#primaryimage"},"thumbnailUrl":"https:\/\/www.sonoraenequipo.com.mx\/storage\/2026\/03\/La-cortina-de-humo-1.jpg","datePublished":"2026-03-09T15:00:51+00:00","dateModified":"2026-03-09T16:17:36+00:00","description":"LA HABANA, CUBA. \u2014 El filme, que conviene recordar ahora, relata la fabricaci\u00f3n artificial de un conflicto entre EE.UU. y una peque\u00f1a naci\u00f3n, para desviar En Sonora en Equipo publicamos toda la informaci\u00f3n de Sonora, M\u00e9xico y el Mundo de manera oportuna y busca que la libertad de expresi\u00f3n sea real. Visita nuestro medio informativo publicado desde Hermosillo, Sonora. %","breadcrumb":{"@id":"https:\/\/www.sonoraenequipo.com.mx\/la-cortina-de-humo-una-guerra-para-esconder-un-escandalo\/#breadcrumb"},"inLanguage":"es","potentialAction":[{"@type":"ReadAction","target":["https:\/\/www.sonoraenequipo.com.mx\/la-cortina-de-humo-una-guerra-para-esconder-un-escandalo\/"]}]},{"@type":"ImageObject","inLanguage":"es","@id":"https:\/\/www.sonoraenequipo.com.mx\/la-cortina-de-humo-una-guerra-para-esconder-un-escandalo\/#primaryimage","url":"https:\/\/www.sonoraenequipo.com.mx\/storage\/2026\/03\/La-cortina-de-humo-1.jpg","contentUrl":"https:\/\/www.sonoraenequipo.com.mx\/storage\/2026\/03\/La-cortina-de-humo-1.jpg","width":1000,"height":562},{"@type":"BreadcrumbList","@id":"https:\/\/www.sonoraenequipo.com.mx\/la-cortina-de-humo-una-guerra-para-esconder-un-escandalo\/#breadcrumb","itemListElement":[{"@type":"ListItem","position":1,"name":"Portada","item":"https:\/\/www.sonoraenequipo.com.mx\/"},{"@type":"ListItem","position":2,"name":"La cortina de humo: una guerra para esconder un esc\u00e1ndalo"}]},{"@type":"WebSite","@id":"https:\/\/www.sonoraenequipo.com.mx\/#website","url":"https:\/\/www.sonoraenequipo.com.mx\/","name":"Sonora en Equipo.","description":"Diario en l\u00ednea con Noticias desde Hermosillo, Sonora","publisher":{"@id":"https:\/\/www.sonoraenequipo.com.mx\/#organization"},"potentialAction":[{"@type":"SearchAction","target":{"@type":"EntryPoint","urlTemplate":"https:\/\/www.sonoraenequipo.com.mx\/?s={search_term_string}"},"query-input":{"@type":"PropertyValueSpecification","valueRequired":true,"valueName":"search_term_string"}}],"inLanguage":"es"},{"@type":"Organization","@id":"https:\/\/www.sonoraenequipo.com.mx\/#organization","name":"Sonoraenequipo.com.mx","url":"https:\/\/www.sonoraenequipo.com.mx\/","logo":{"@type":"ImageObject","inLanguage":"es","@id":"https:\/\/www.sonoraenequipo.com.mx\/#\/schema\/logo\/image\/","url":"https:\/\/www.sonoraenequipo.com.mx\/storage\/2019\/01\/sonoraenequipo_opt.png","contentUrl":"https:\/\/www.sonoraenequipo.com.mx\/storage\/2019\/01\/sonoraenequipo_opt.png","width":375,"height":125,"caption":"Sonoraenequipo.com.mx"},"image":{"@id":"https:\/\/www.sonoraenequipo.com.mx\/#\/schema\/logo\/image\/"},"sameAs":["https:\/\/www.facebook.com\/SonoraEE\/","https:\/\/x.com\/sonoraenequipo","https:\/\/www.youtube.com\/channel\/UC338nW-lPEYmJQs4ZABQ1SQ"]},{"@type":"Person","@id":"https:\/\/www.sonoraenequipo.com.mx\/#\/schema\/person\/50102df0fb23a8fa9e8effad8fa81386","name":"enequipo","image":{"@type":"ImageObject","inLanguage":"es","@id":"https:\/\/www.sonoraenequipo.com.mx\/#\/schema\/person\/image\/","url":"https:\/\/secure.gravatar.com\/avatar\/049821681b589dabc0bc20695993ccebb09f5b5d4d790cd9251b97faac7c652b?s=96&d=blank&r=g","contentUrl":"https:\/\/secure.gravatar.com\/avatar\/049821681b589dabc0bc20695993ccebb09f5b5d4d790cd9251b97faac7c652b?s=96&d=blank&r=g","caption":"enequipo"},"sameAs":["https:\/\/www.facebook.com\/SonoraEE"]}]}},"jetpack_featured_media_url":"https:\/\/www.sonoraenequipo.com.mx\/storage\/2026\/03\/La-cortina-de-humo-1.jpg","_links":{"self":[{"href":"https:\/\/www.sonoraenequipo.com.mx\/api\/wp\/v2\/posts\/236926","targetHints":{"allow":["GET"]}}],"collection":[{"href":"https:\/\/www.sonoraenequipo.com.mx\/api\/wp\/v2\/posts"}],"about":[{"href":"https:\/\/www.sonoraenequipo.com.mx\/api\/wp\/v2\/types\/post"}],"author":[{"embeddable":true,"href":"https:\/\/www.sonoraenequipo.com.mx\/api\/wp\/v2\/users\/1"}],"replies":[{"embeddable":true,"href":"https:\/\/www.sonoraenequipo.com.mx\/api\/wp\/v2\/comments?post=236926"}],"version-history":[{"count":1,"href":"https:\/\/www.sonoraenequipo.com.mx\/api\/wp\/v2\/posts\/236926\/revisions"}],"predecessor-version":[{"id":236927,"href":"https:\/\/www.sonoraenequipo.com.mx\/api\/wp\/v2\/posts\/236926\/revisions\/236927"}],"wp:featuredmedia":[{"embeddable":true,"href":"https:\/\/www.sonoraenequipo.com.mx\/api\/wp\/v2\/media\/236886"}],"wp:attachment":[{"href":"https:\/\/www.sonoraenequipo.com.mx\/api\/wp\/v2\/media?parent=236926"}],"wp:term":[{"taxonomy":"category","embeddable":true,"href":"https:\/\/www.sonoraenequipo.com.mx\/api\/wp\/v2\/categories?post=236926"},{"taxonomy":"post_tag","embeddable":true,"href":"https:\/\/www.sonoraenequipo.com.mx\/api\/wp\/v2\/tags?post=236926"}],"curies":[{"name":"wp","href":"https:\/\/api.w.org\/{rel}","templated":true}]}}