{"id":236928,"date":"2026-03-08T22:19:51","date_gmt":"2026-03-09T05:19:51","guid":{"rendered":"https:\/\/www.sonoraenequipo.com.mx\/?p=236928"},"modified":"2026-03-09T09:26:13","modified_gmt":"2026-03-09T16:26:13","slug":"iran-nombra-al-hijo-de-jamenei-como-nuevo-lider-supremo-elegido-bajo-amenaza-de-muerte","status":"publish","type":"post","link":"https:\/\/www.sonoraenequipo.com.mx\/iran-nombra-al-hijo-de-jamenei-como-nuevo-lider-supremo-elegido-bajo-amenaza-de-muerte\/","title":{"rendered":"Ir\u00e1n nombra al hijo de Jamenei como nuevo l\u00edder supremo, elegido bajo amenaza de muerte"},"content":{"rendered":"<p><strong>IR\u00c1N.<\/strong> \u2014 Mojtaba Jamenei, hijo de Al\u00ed Jamenei, ha sido elegido como nuevo l\u00edder supremo de Ir\u00e1n, seg\u00fan confirm\u00f3 la Asamblea de Expertos en un anuncio se ha producido en la plaza Vanak de Teher\u00e1n.<\/p>\n<p>&nbsp;<\/p>\n<p>&nbsp;<\/p>\n<p> <\/p>\n<p>Al ayatol\u00e1 le recibi\u00f3 un cielo de Teher\u00e1n cubierto de nubes negras que dejaban caer gotas de petr\u00f3leo. Israel y Estados Unidos atacaron por primera vez dep\u00f3sitos de almacenamiento de petr\u00f3leo y un cielo negro sepult\u00f3 a una ciudad castigada desde hace m\u00e1s de una semana por duros bombardeos. El \u00f3rgano encargado de elegir al nuevo l\u00edder asegur\u00f3 que ya han tomado la decisi\u00f3n, aunque no se anunci\u00f3 el nombre. Los iran\u00edes ya sab\u00edan que el sustituto de Al\u00ed Jamenei ser\u00e1 el objetivo n\u00famero uno de estadounidenses e israel\u00edes.<\/p>\n<p>&nbsp;<\/p>\n<p>&nbsp;<\/p>\n<p>Donald Trump, que hace unos d\u00edas indic\u00f3 que deber\u00eda tomar parte en la elecci\u00f3n, dijo que el elegido \u00abno durar\u00e1 mucho si no tiene la aprobaci\u00f3n de la Casa Blanca\u00bb. El presidente estadounidense exige una rendici\u00f3n incondicional de la rep\u00fablica isl\u00e1mica y aspira a instaurar un sistema de tutelaje similar al modelo de Venezuela. Los iran\u00edes, por ahora, parecen lejos de rendirse y tratan de mostrar que tienen la situaci\u00f3n bajo control, por eso llevaron a cabo la elecci\u00f3n del L\u00edder en medio de una situaci\u00f3n de seguridad tan complicada.<\/p>\n<p>&nbsp;<\/p>\n<p>&nbsp;<\/p>\n<p><em><strong>\u00abEl candidato m\u00e1s adecuado, aprobado por la mayor\u00eda de la Asamblea de Expertos, ya ha sido determinado\u00bb,<\/strong> <\/em>declar\u00f3 Mohsen Heydari, miembro del \u00f3rgano formado por 88 cl\u00e9rigos encargado de la selecci\u00f3n, seg\u00fan la agencia ISNA. El cl\u00e9rigo asegur\u00f3 que Mojatba Jamenei \u2014no le cit\u00f3 por su nombre\u2014 fue elegido siguiendo el consejo del propio l\u00edder supremo fallecido: que el gu\u00eda de la revoluci\u00f3n debe ser <strong><em>\u00abodiado por el enemigo\u00bb y no elogiado por \u00e9l. Mohammad Mehdi Mirbagheri, otro de los religiosos de este \u00f3rgano, confirm\u00f3 en un v\u00eddeo difundido por la agencia Fars que \u00abse ha alcanzado una opini\u00f3n firme que refleja la posici\u00f3n de la mayor\u00eda\u00bb.<\/em><\/strong><\/p>\n<p>&nbsp;<\/p>\n<p>&nbsp;<\/p>\n<p>&nbsp;<\/p>\n<p>Israel bombarde\u00f3 el martes la sede de la Asamblea de Expertos en la ciudad santa de Qom, al sur de Teher\u00e1n, y dijo que era un mensaje para que el r\u00e9gimen entendiera que no hay sucesi\u00f3n posible porque esto es el final del r\u00e9gimen. Heydari ya hab\u00eda sugerido que el elegido es Mojtaba Jamenei, hijo del l\u00edder asesinado, ya que declar\u00f3 a los medios de su pa\u00eds que <em><strong>\u00abincluso el Gran Sat\u00e1n (apelativo habitual que se emplea por los seguidores del r\u00e9gimen para referirse a Estados Unidos) ha mencionado su nombre\u00bb.<\/strong> <\/em>El portal Axios, bien conectado con la Casa Blanca, inform\u00f3 el jueves que Trump dijo que el hijo de Jamenei era <em><strong>\u00abuna opci\u00f3n inaceptable\u00bb.<\/strong><\/em><\/p>\n<p>&nbsp;<\/p>\n<p>&nbsp;<\/p>\n<p>Israel y Estados Unidos atacaron por primera vez dep\u00f3sitos de almacenamiento de petr\u00f3leo y un cielo negro sepult\u00f3 Teher\u00e1n<\/p>\n<p>&nbsp;<\/p>\n<h3>Relevo bajo amenaza<\/h3>\n<p>&nbsp;<\/p>\n<p>Jamenei gobern\u00f3 la Rep\u00fablica Isl\u00e1mica durante 37 a\u00f1os antes de ser asesinado en su residencia de Teher\u00e1n por las bombas de Israel. Lleg\u00f3 al poder en 1989, un a\u00f1o despu\u00e9s del final de la guerra de 8 a\u00f1os con Irak, y recogi\u00f3 un pa\u00eds exhausto por este conflicto y con la econom\u00eda hundida, pero con un r\u00e9gimen lleno de esperanza de reconstrucci\u00f3n tras superar una dura prueba. Su hijo hereda un sistema inmerso en una lucha por su supervivencia y dividido por el fuerte descontento dom\u00e9stico. Un pa\u00eds que se enfrenta a la amenaza de <em><strong>\u00abdestrucci\u00f3n total\u00bb<\/strong><\/em> por parte de un Trump que ha olvidado del todo en apenas unos d\u00edas su papel como presidente de la reci\u00e9n creada Junta de Paz.<\/p>\n<p>&nbsp;<\/p>\n<p>&nbsp;<\/p>\n<p>La intensidad de los ataques es incomparable a uno y otro lado debido a la enorme diferencia de arsenal. Ir\u00e1n mantiene el pulso con el lanzamiento de drones y misiles, aunque con menos intensidad que los primeros d\u00edas, lo que indica, seg\u00fan los expertos, que trata de optimizar los recursos que le quedan para aguantar el m\u00e1ximo tiempo posible. Arabia Saud\u00ed, Emiratos \u00c1rabes Unidos, Qatar, Bar\u00e9in y Kuwait informaron de ataques y en este \u00faltimo pa\u00eds hubo al menos dos muertos, con lo que ya son 14 los ca\u00eddos en el Golfo. El presidente Masoud Pezeshkian matiz\u00f3 sus palabras del s\u00e1bado sobre el final de los ataques a pa\u00edses vecinos, y dijo que sus declaraciones fueron \u00abmalinterpretadas por el enemigo que busca sembrar la divisi\u00f3n entre vecinos\u00bb, inform\u00f3 la televisi\u00f3n estatal iran\u00ed.<\/p>\n<p>&nbsp;<\/p>\n<p>&nbsp;<\/p>\n<p>El r\u00e9gimen tambi\u00e9n atac\u00f3 Israel con varias salvas de misiles y envi\u00f3 a millones de israel\u00edes a los refugios. Al menos una persona result\u00f3 gravemente herida despu\u00e9s de que un edificio residencial fuera alcanzado en Tel Aviv. Las defensas a\u00e9reas est\u00e1n logrando interceptar la gran mayor\u00eda de los proyectiles.<\/p>\n<p>&nbsp;<\/p>\n<p>&nbsp;<\/p>\n<h3>Primeros soldados muertos<\/h3>\n<p>&nbsp;<\/p>\n<p>El segundo frente abierto m\u00e1s importante es L\u00edbano, donde los muertos superan los 400 desde que Hizbol\u00e1 decidiera sumarse a la guerra en apoyo a Ir\u00e1n. La milicia chi\u00ed combate en la frontera e Israel confirm\u00f3 la muerte de dos soldados. Los israel\u00edes atacaron un hotel en el coraz\u00f3n de Beirut, un ataque quir\u00fargico dirigido a miembros de la Guardia Revolucionaria, seg\u00fan el ej\u00e9rcito, que estar\u00edan en L\u00edbano para dirigir operaciones de Hizbol\u00e1 y coordinar lanzamientos de cohetes y misiles conjuntos entre la milicia y las fuerzas iran\u00edes. Fue el segundo ataque contra un hotel en menos de una semana y esto extendi\u00f3 el p\u00e1nico en una ciudad con los hoteles completos por la llegada masiva de desplazados del sur del pa\u00eds y de los barrios del sur de la capital.<\/p>\n<p>&nbsp;<\/p>\n<p>&nbsp;<\/p>\n<p>Una jornada m\u00e1s qued\u00f3 en evidencia el malestar de las autoridades de Beirut con Hizbol\u00e1. El ministro de Exteriores, Youssef Raji, dijo que las acciones de la milicia \u00abno representan al Estado liban\u00e9s\u00bb y reiter\u00f3 el llamamiento para que entregue inmediatamente sus armas. El problema es que Hizbol\u00e1 obedece a Teher\u00e1n, no a Beirut.<\/p>\n<p>&nbsp;<\/p>\n<p>&nbsp;<\/p>\n<p>PUBLICADO EL 08 MARZO DE 2026 Con informaci\u00f3n de REDES SOCIALES \/Telegram)<\/p>\n","protected":false},"excerpt":{"rendered":"<p>IR\u00c1N. \u2014 Mojtaba Jamenei, hijo de Al\u00ed Jamenei, ha sido elegido como nuevo l\u00edder supremo&#8230;<\/p>\n","protected":false},"author":1,"featured_media":236897,"comment_status":"open","ping_status":"open","sticky":false,"template":"","format":"standard","meta":{"_monsterinsights_skip_tracking":false,"_monsterinsights_sitenote_active":false,"_monsterinsights_sitenote_note":"","_monsterinsights_sitenote_category":0,"footnotes":""},"categories":[3],"tags":[],"class_list":["post"],"yoast_head":" \n<title>Sonora en Equipo. Ir\u00e1n nombra al hijo de Jamenei como nuevo l\u00edder supremo, elegido bajo amenaza de muerte MUNDO<\/title>\n<meta name=\"description\" content=\"IR\u00c1N. \u2014 Mojtaba Jamenei, hijo de Al\u00ed Jamenei, ha sido elegido como nuevo l\u00edder supremo de Ir\u00e1n, seg\u00fan confirm\u00f3 la Asamblea de Expertos en un anuncio se ha En Sonora en Equipo publicamos toda la informaci\u00f3n de Sonora, M\u00e9xico y el Mundo de manera oportuna y busca que la libertad de expresi\u00f3n sea real. Visita nuestro medio informativo publicado desde Hermosillo, Sonora. %\" \/>\n<meta name=\"robots\" content=\"index, follow, max-snippet:-1, max-image-preview:large, max-video-preview:-1\" \/>\n<link rel=\"canonical\" href=\"https:\/\/www.sonoraenequipo.com.mx\/iran-nombra-al-hijo-de-jamenei-como-nuevo-lider-supremo-elegido-bajo-amenaza-de-muerte\/\" \/>\n<meta property=\"og:locale\" content=\"es_ES\" \/>\n<meta property=\"og:type\" content=\"article\" \/>\n<meta property=\"og:title\" content=\"Sonora en Equipo. Ir\u00e1n nombra al hijo de Jamenei como nuevo l\u00edder supremo, elegido bajo amenaza de muerte MUNDO\" \/>\n<meta property=\"og:description\" content=\"IR\u00c1N. \u2014 Mojtaba Jamenei, hijo de Al\u00ed Jamenei, ha sido elegido como nuevo l\u00edder supremo de Ir\u00e1n, seg\u00fan confirm\u00f3 la Asamblea de Expertos en un anuncio se ha En Sonora en Equipo publicamos toda la informaci\u00f3n de Sonora, M\u00e9xico y el Mundo de manera oportuna y busca que la libertad de expresi\u00f3n sea real. Visita nuestro medio informativo publicado desde Hermosillo, Sonora. %\" \/>\n<meta property=\"og:url\" content=\"https:\/\/www.sonoraenequipo.com.mx\/iran-nombra-al-hijo-de-jamenei-como-nuevo-lider-supremo-elegido-bajo-amenaza-de-muerte\/\" \/>\n<meta property=\"og:site_name\" content=\"Sonora en Equipo.\" \/>\n<meta property=\"article:publisher\" content=\"https:\/\/www.facebook.com\/SonoraEE\/\" \/>\n<meta property=\"article:author\" content=\"https:\/\/www.facebook.com\/SonoraEE\" \/>\n<meta property=\"article:published_time\" content=\"2026-03-09T05:19:51+00:00\" \/>\n<meta property=\"article:modified_time\" content=\"2026-03-09T16:26:13+00:00\" \/>\n<meta property=\"og:image\" content=\"https:\/\/www.sonoraenequipo.com.mx\/storage\/2026\/03\/Mojtaba-Jamenei-hijo-del-fallecido-ayatola-Ali-Jamenei-quien-fue-elegido-como-lider-supremo-de-Iran.jpg\" \/>\n\t<meta property=\"og:image:width\" content=\"1000\" \/>\n\t<meta property=\"og:image:height\" content=\"489\" \/>\n\t<meta property=\"og:image:type\" content=\"image\/jpeg\" \/>\n<meta name=\"author\" content=\"enequipo\" \/>\n<meta name=\"twitter:card\" content=\"summary_large_image\" \/>\n<meta name=\"twitter:creator\" content=\"@sonoraenequipo\" \/>\n<meta name=\"twitter:site\" content=\"@sonoraenequipo\" \/>\n<meta name=\"twitter:label1\" content=\"Escrito por\" \/>\n\t<meta name=\"twitter:data1\" content=\"enequipo\" \/>\n\t<meta name=\"twitter:label2\" content=\"Tiempo de lectura\" \/>\n\t<meta name=\"twitter:data2\" content=\"5 minutos\" \/>\n<script type=\"application\/ld+json\" class=\"yoast-schema-graph\">{\"@context\":\"https:\/\/schema.org\",\"@graph\":[{\"@type\":\"Article\",\"@id\":\"https:\/\/www.sonoraenequipo.com.mx\/iran-nombra-al-hijo-de-jamenei-como-nuevo-lider-supremo-elegido-bajo-amenaza-de-muerte\/#article\",\"isPartOf\":{\"@id\":\"https:\/\/www.sonoraenequipo.com.mx\/iran-nombra-al-hijo-de-jamenei-como-nuevo-lider-supremo-elegido-bajo-amenaza-de-muerte\/\"},\"author\":{\"name\":\"enequipo\",\"@id\":\"https:\/\/www.sonoraenequipo.com.mx\/#\/schema\/person\/50102df0fb23a8fa9e8effad8fa81386\"},\"headline\":\"Ir\u00e1n nombra al hijo de Jamenei como nuevo l\u00edder supremo, elegido bajo amenaza de muerte\",\"datePublished\":\"2026-03-09T05:19:51+00:00\",\"dateModified\":\"2026-03-09T16:26:13+00:00\",\"mainEntityOfPage\":{\"@id\":\"https:\/\/www.sonoraenequipo.com.mx\/iran-nombra-al-hijo-de-jamenei-como-nuevo-lider-supremo-elegido-bajo-amenaza-de-muerte\/\"},\"wordCount\":1098,\"commentCount\":0,\"publisher\":{\"@id\":\"https:\/\/www.sonoraenequipo.com.mx\/#organization\"},\"image\":{\"@id\":\"https:\/\/www.sonoraenequipo.com.mx\/iran-nombra-al-hijo-de-jamenei-como-nuevo-lider-supremo-elegido-bajo-amenaza-de-muerte\/#primaryimage\"},\"thumbnailUrl\":\"https:\/\/www.sonoraenequipo.com.mx\/storage\/2026\/03\/Mojtaba-Jamenei-hijo-del-fallecido-ayatola-Ali-Jamenei-quien-fue-elegido-como-lider-supremo-de-Iran.jpg\",\"articleSection\":[\"MUNDO\"],\"inLanguage\":\"es\",\"potentialAction\":[{\"@type\":\"CommentAction\",\"name\":\"Comment\",\"target\":[\"https:\/\/www.sonoraenequipo.com.mx\/iran-nombra-al-hijo-de-jamenei-como-nuevo-lider-supremo-elegido-bajo-amenaza-de-muerte\/#respond\"]}]},{\"@type\":\"WebPage\",\"@id\":\"https:\/\/www.sonoraenequipo.com.mx\/iran-nombra-al-hijo-de-jamenei-como-nuevo-lider-supremo-elegido-bajo-amenaza-de-muerte\/\",\"url\":\"https:\/\/www.sonoraenequipo.com.mx\/iran-nombra-al-hijo-de-jamenei-como-nuevo-lider-supremo-elegido-bajo-amenaza-de-muerte\/\",\"name\":\"Sonora en Equipo. Ir\u00e1n nombra al hijo de Jamenei como nuevo l\u00edder supremo, elegido bajo amenaza de muerte MUNDO\",\"isPartOf\":{\"@id\":\"https:\/\/www.sonoraenequipo.com.mx\/#website\"},\"primaryImageOfPage\":{\"@id\":\"https:\/\/www.sonoraenequipo.com.mx\/iran-nombra-al-hijo-de-jamenei-como-nuevo-lider-supremo-elegido-bajo-amenaza-de-muerte\/#primaryimage\"},\"image\":{\"@id\":\"https:\/\/www.sonoraenequipo.com.mx\/iran-nombra-al-hijo-de-jamenei-como-nuevo-lider-supremo-elegido-bajo-amenaza-de-muerte\/#primaryimage\"},\"thumbnailUrl\":\"https:\/\/www.sonoraenequipo.com.mx\/storage\/2026\/03\/Mojtaba-Jamenei-hijo-del-fallecido-ayatola-Ali-Jamenei-quien-fue-elegido-como-lider-supremo-de-Iran.jpg\",\"datePublished\":\"2026-03-09T05:19:51+00:00\",\"dateModified\":\"2026-03-09T16:26:13+00:00\",\"description\":\"IR\u00c1N. \u2014 Mojtaba Jamenei, hijo de Al\u00ed Jamenei, ha sido elegido como nuevo l\u00edder supremo de Ir\u00e1n, seg\u00fan confirm\u00f3 la Asamblea de Expertos en un anuncio se ha En Sonora en Equipo publicamos toda la informaci\u00f3n de Sonora, M\u00e9xico y el Mundo de manera oportuna y busca que la libertad de expresi\u00f3n sea real. Visita nuestro medio informativo publicado desde Hermosillo, Sonora. %\",\"breadcrumb\":{\"@id\":\"https:\/\/www.sonoraenequipo.com.mx\/iran-nombra-al-hijo-de-jamenei-como-nuevo-lider-supremo-elegido-bajo-amenaza-de-muerte\/#breadcrumb\"},\"inLanguage\":\"es\",\"potentialAction\":[{\"@type\":\"ReadAction\",\"target\":[\"https:\/\/www.sonoraenequipo.com.mx\/iran-nombra-al-hijo-de-jamenei-como-nuevo-lider-supremo-elegido-bajo-amenaza-de-muerte\/\"]}]},{\"@type\":\"ImageObject\",\"inLanguage\":\"es\",\"@id\":\"https:\/\/www.sonoraenequipo.com.mx\/iran-nombra-al-hijo-de-jamenei-como-nuevo-lider-supremo-elegido-bajo-amenaza-de-muerte\/#primaryimage\",\"url\":\"https:\/\/www.sonoraenequipo.com.mx\/storage\/2026\/03\/Mojtaba-Jamenei-hijo-del-fallecido-ayatola-Ali-Jamenei-quien-fue-elegido-como-lider-supremo-de-Iran.jpg\",\"contentUrl\":\"https:\/\/www.sonoraenequipo.com.mx\/storage\/2026\/03\/Mojtaba-Jamenei-hijo-del-fallecido-ayatola-Ali-Jamenei-quien-fue-elegido-como-lider-supremo-de-Iran.jpg\",\"width\":1000,\"height\":489},{\"@type\":\"BreadcrumbList\",\"@id\":\"https:\/\/www.sonoraenequipo.com.mx\/iran-nombra-al-hijo-de-jamenei-como-nuevo-lider-supremo-elegido-bajo-amenaza-de-muerte\/#breadcrumb\",\"itemListElement\":[{\"@type\":\"ListItem\",\"position\":1,\"name\":\"Portada\",\"item\":\"https:\/\/www.sonoraenequipo.com.mx\/\"},{\"@type\":\"ListItem\",\"position\":2,\"name\":\"Ir\u00e1n nombra al hijo de Jamenei como nuevo l\u00edder supremo, elegido bajo amenaza de muerte\"}]},{\"@type\":\"WebSite\",\"@id\":\"https:\/\/www.sonoraenequipo.com.mx\/#website\",\"url\":\"https:\/\/www.sonoraenequipo.com.mx\/\",\"name\":\"Sonora en Equipo.\",\"description\":\"Diario en l\u00ednea con Noticias desde Hermosillo, Sonora\",\"publisher\":{\"@id\":\"https:\/\/www.sonoraenequipo.com.mx\/#organization\"},\"potentialAction\":[{\"@type\":\"SearchAction\",\"target\":{\"@type\":\"EntryPoint\",\"urlTemplate\":\"https:\/\/www.sonoraenequipo.com.mx\/?s={search_term_string}\"},\"query-input\":{\"@type\":\"PropertyValueSpecification\",\"valueRequired\":true,\"valueName\":\"search_term_string\"}}],\"inLanguage\":\"es\"},{\"@type\":\"Organization\",\"@id\":\"https:\/\/www.sonoraenequipo.com.mx\/#organization\",\"name\":\"Sonoraenequipo.com.mx\",\"url\":\"https:\/\/www.sonoraenequipo.com.mx\/\",\"logo\":{\"@type\":\"ImageObject\",\"inLanguage\":\"es\",\"@id\":\"https:\/\/www.sonoraenequipo.com.mx\/#\/schema\/logo\/image\/\",\"url\":\"https:\/\/www.sonoraenequipo.com.mx\/storage\/2019\/01\/sonoraenequipo_opt.png\",\"contentUrl\":\"https:\/\/www.sonoraenequipo.com.mx\/storage\/2019\/01\/sonoraenequipo_opt.png\",\"width\":375,\"height\":125,\"caption\":\"Sonoraenequipo.com.mx\"},\"image\":{\"@id\":\"https:\/\/www.sonoraenequipo.com.mx\/#\/schema\/logo\/image\/\"},\"sameAs\":[\"https:\/\/www.facebook.com\/SonoraEE\/\",\"https:\/\/x.com\/sonoraenequipo\",\"https:\/\/www.youtube.com\/channel\/UC338nW-lPEYmJQs4ZABQ1SQ\"]},{\"@type\":\"Person\",\"@id\":\"https:\/\/www.sonoraenequipo.com.mx\/#\/schema\/person\/50102df0fb23a8fa9e8effad8fa81386\",\"name\":\"enequipo\",\"image\":{\"@type\":\"ImageObject\",\"inLanguage\":\"es\",\"@id\":\"https:\/\/www.sonoraenequipo.com.mx\/#\/schema\/person\/image\/\",\"url\":\"https:\/\/secure.gravatar.com\/avatar\/049821681b589dabc0bc20695993ccebb09f5b5d4d790cd9251b97faac7c652b?s=96&d=blank&r=g\",\"contentUrl\":\"https:\/\/secure.gravatar.com\/avatar\/049821681b589dabc0bc20695993ccebb09f5b5d4d790cd9251b97faac7c652b?s=96&d=blank&r=g\",\"caption\":\"enequipo\"},\"sameAs\":[\"https:\/\/www.facebook.com\/SonoraEE\"]}]}<\/script>\n ","yoast_head_json":{"title":"Sonora en Equipo. Ir\u00e1n nombra al hijo de Jamenei como nuevo l\u00edder supremo, elegido bajo amenaza de muerte MUNDO","description":"IR\u00c1N. \u2014 Mojtaba Jamenei, hijo de Al\u00ed Jamenei, ha sido elegido como nuevo l\u00edder supremo de Ir\u00e1n, seg\u00fan confirm\u00f3 la Asamblea de Expertos en un anuncio se ha En Sonora en Equipo publicamos toda la informaci\u00f3n de Sonora, M\u00e9xico y el Mundo de manera oportuna y busca que la libertad de expresi\u00f3n sea real. Visita nuestro medio informativo publicado desde Hermosillo, Sonora. %","robots":{"index":"index","follow":"follow","max-snippet":"max-snippet:-1","max-image-preview":"max-image-preview:large","max-video-preview":"max-video-preview:-1"},"canonical":"https:\/\/www.sonoraenequipo.com.mx\/iran-nombra-al-hijo-de-jamenei-como-nuevo-lider-supremo-elegido-bajo-amenaza-de-muerte\/","og_locale":"es_ES","og_type":"article","og_title":"Sonora en Equipo. Ir\u00e1n nombra al hijo de Jamenei como nuevo l\u00edder supremo, elegido bajo amenaza de muerte MUNDO","og_description":"IR\u00c1N. \u2014 Mojtaba Jamenei, hijo de Al\u00ed Jamenei, ha sido elegido como nuevo l\u00edder supremo de Ir\u00e1n, seg\u00fan confirm\u00f3 la Asamblea de Expertos en un anuncio se ha En Sonora en Equipo publicamos toda la informaci\u00f3n de Sonora, M\u00e9xico y el Mundo de manera oportuna y busca que la libertad de expresi\u00f3n sea real. Visita nuestro medio informativo publicado desde Hermosillo, Sonora. %","og_url":"https:\/\/www.sonoraenequipo.com.mx\/iran-nombra-al-hijo-de-jamenei-como-nuevo-lider-supremo-elegido-bajo-amenaza-de-muerte\/","og_site_name":"Sonora en Equipo.","article_publisher":"https:\/\/www.facebook.com\/SonoraEE\/","article_author":"https:\/\/www.facebook.com\/SonoraEE","article_published_time":"2026-03-09T05:19:51+00:00","article_modified_time":"2026-03-09T16:26:13+00:00","og_image":[{"width":1000,"height":489,"url":"https:\/\/www.sonoraenequipo.com.mx\/storage\/2026\/03\/Mojtaba-Jamenei-hijo-del-fallecido-ayatola-Ali-Jamenei-quien-fue-elegido-como-lider-supremo-de-Iran.jpg","type":"image\/jpeg"}],"author":"enequipo","twitter_card":"summary_large_image","twitter_creator":"@sonoraenequipo","twitter_site":"@sonoraenequipo","twitter_misc":{"Escrito por":"enequipo","Tiempo de lectura":"5 minutos"},"schema":{"@context":"https:\/\/schema.org","@graph":[{"@type":"Article","@id":"https:\/\/www.sonoraenequipo.com.mx\/iran-nombra-al-hijo-de-jamenei-como-nuevo-lider-supremo-elegido-bajo-amenaza-de-muerte\/#article","isPartOf":{"@id":"https:\/\/www.sonoraenequipo.com.mx\/iran-nombra-al-hijo-de-jamenei-como-nuevo-lider-supremo-elegido-bajo-amenaza-de-muerte\/"},"author":{"name":"enequipo","@id":"https:\/\/www.sonoraenequipo.com.mx\/#\/schema\/person\/50102df0fb23a8fa9e8effad8fa81386"},"headline":"Ir\u00e1n nombra al hijo de Jamenei como nuevo l\u00edder supremo, elegido bajo amenaza de muerte","datePublished":"2026-03-09T05:19:51+00:00","dateModified":"2026-03-09T16:26:13+00:00","mainEntityOfPage":{"@id":"https:\/\/www.sonoraenequipo.com.mx\/iran-nombra-al-hijo-de-jamenei-como-nuevo-lider-supremo-elegido-bajo-amenaza-de-muerte\/"},"wordCount":1098,"commentCount":0,"publisher":{"@id":"https:\/\/www.sonoraenequipo.com.mx\/#organization"},"image":{"@id":"https:\/\/www.sonoraenequipo.com.mx\/iran-nombra-al-hijo-de-jamenei-como-nuevo-lider-supremo-elegido-bajo-amenaza-de-muerte\/#primaryimage"},"thumbnailUrl":"https:\/\/www.sonoraenequipo.com.mx\/storage\/2026\/03\/Mojtaba-Jamenei-hijo-del-fallecido-ayatola-Ali-Jamenei-quien-fue-elegido-como-lider-supremo-de-Iran.jpg","articleSection":["MUNDO"],"inLanguage":"es","potentialAction":[{"@type":"CommentAction","name":"Comment","target":["https:\/\/www.sonoraenequipo.com.mx\/iran-nombra-al-hijo-de-jamenei-como-nuevo-lider-supremo-elegido-bajo-amenaza-de-muerte\/#respond"]}]},{"@type":"WebPage","@id":"https:\/\/www.sonoraenequipo.com.mx\/iran-nombra-al-hijo-de-jamenei-como-nuevo-lider-supremo-elegido-bajo-amenaza-de-muerte\/","url":"https:\/\/www.sonoraenequipo.com.mx\/iran-nombra-al-hijo-de-jamenei-como-nuevo-lider-supremo-elegido-bajo-amenaza-de-muerte\/","name":"Sonora en Equipo. Ir\u00e1n nombra al hijo de Jamenei como nuevo l\u00edder supremo, elegido bajo amenaza de muerte MUNDO","isPartOf":{"@id":"https:\/\/www.sonoraenequipo.com.mx\/#website"},"primaryImageOfPage":{"@id":"https:\/\/www.sonoraenequipo.com.mx\/iran-nombra-al-hijo-de-jamenei-como-nuevo-lider-supremo-elegido-bajo-amenaza-de-muerte\/#primaryimage"},"image":{"@id":"https:\/\/www.sonoraenequipo.com.mx\/iran-nombra-al-hijo-de-jamenei-como-nuevo-lider-supremo-elegido-bajo-amenaza-de-muerte\/#primaryimage"},"thumbnailUrl":"https:\/\/www.sonoraenequipo.com.mx\/storage\/2026\/03\/Mojtaba-Jamenei-hijo-del-fallecido-ayatola-Ali-Jamenei-quien-fue-elegido-como-lider-supremo-de-Iran.jpg","datePublished":"2026-03-09T05:19:51+00:00","dateModified":"2026-03-09T16:26:13+00:00","description":"IR\u00c1N. \u2014 Mojtaba Jamenei, hijo de Al\u00ed Jamenei, ha sido elegido como nuevo l\u00edder supremo de Ir\u00e1n, seg\u00fan confirm\u00f3 la Asamblea de Expertos en un anuncio se ha En Sonora en Equipo publicamos toda la informaci\u00f3n de Sonora, M\u00e9xico y el Mundo de manera oportuna y busca que la libertad de expresi\u00f3n sea real. Visita nuestro medio informativo publicado desde Hermosillo, Sonora. %","breadcrumb":{"@id":"https:\/\/www.sonoraenequipo.com.mx\/iran-nombra-al-hijo-de-jamenei-como-nuevo-lider-supremo-elegido-bajo-amenaza-de-muerte\/#breadcrumb"},"inLanguage":"es","potentialAction":[{"@type":"ReadAction","target":["https:\/\/www.sonoraenequipo.com.mx\/iran-nombra-al-hijo-de-jamenei-como-nuevo-lider-supremo-elegido-bajo-amenaza-de-muerte\/"]}]},{"@type":"ImageObject","inLanguage":"es","@id":"https:\/\/www.sonoraenequipo.com.mx\/iran-nombra-al-hijo-de-jamenei-como-nuevo-lider-supremo-elegido-bajo-amenaza-de-muerte\/#primaryimage","url":"https:\/\/www.sonoraenequipo.com.mx\/storage\/2026\/03\/Mojtaba-Jamenei-hijo-del-fallecido-ayatola-Ali-Jamenei-quien-fue-elegido-como-lider-supremo-de-Iran.jpg","contentUrl":"https:\/\/www.sonoraenequipo.com.mx\/storage\/2026\/03\/Mojtaba-Jamenei-hijo-del-fallecido-ayatola-Ali-Jamenei-quien-fue-elegido-como-lider-supremo-de-Iran.jpg","width":1000,"height":489},{"@type":"BreadcrumbList","@id":"https:\/\/www.sonoraenequipo.com.mx\/iran-nombra-al-hijo-de-jamenei-como-nuevo-lider-supremo-elegido-bajo-amenaza-de-muerte\/#breadcrumb","itemListElement":[{"@type":"ListItem","position":1,"name":"Portada","item":"https:\/\/www.sonoraenequipo.com.mx\/"},{"@type":"ListItem","position":2,"name":"Ir\u00e1n nombra al hijo de Jamenei como nuevo l\u00edder supremo, elegido bajo amenaza de muerte"}]},{"@type":"WebSite","@id":"https:\/\/www.sonoraenequipo.com.mx\/#website","url":"https:\/\/www.sonoraenequipo.com.mx\/","name":"Sonora en Equipo.","description":"Diario en l\u00ednea con Noticias desde Hermosillo, Sonora","publisher":{"@id":"https:\/\/www.sonoraenequipo.com.mx\/#organization"},"potentialAction":[{"@type":"SearchAction","target":{"@type":"EntryPoint","urlTemplate":"https:\/\/www.sonoraenequipo.com.mx\/?s={search_term_string}"},"query-input":{"@type":"PropertyValueSpecification","valueRequired":true,"valueName":"search_term_string"}}],"inLanguage":"es"},{"@type":"Organization","@id":"https:\/\/www.sonoraenequipo.com.mx\/#organization","name":"Sonoraenequipo.com.mx","url":"https:\/\/www.sonoraenequipo.com.mx\/","logo":{"@type":"ImageObject","inLanguage":"es","@id":"https:\/\/www.sonoraenequipo.com.mx\/#\/schema\/logo\/image\/","url":"https:\/\/www.sonoraenequipo.com.mx\/storage\/2019\/01\/sonoraenequipo_opt.png","contentUrl":"https:\/\/www.sonoraenequipo.com.mx\/storage\/2019\/01\/sonoraenequipo_opt.png","width":375,"height":125,"caption":"Sonoraenequipo.com.mx"},"image":{"@id":"https:\/\/www.sonoraenequipo.com.mx\/#\/schema\/logo\/image\/"},"sameAs":["https:\/\/www.facebook.com\/SonoraEE\/","https:\/\/x.com\/sonoraenequipo","https:\/\/www.youtube.com\/channel\/UC338nW-lPEYmJQs4ZABQ1SQ"]},{"@type":"Person","@id":"https:\/\/www.sonoraenequipo.com.mx\/#\/schema\/person\/50102df0fb23a8fa9e8effad8fa81386","name":"enequipo","image":{"@type":"ImageObject","inLanguage":"es","@id":"https:\/\/www.sonoraenequipo.com.mx\/#\/schema\/person\/image\/","url":"https:\/\/secure.gravatar.com\/avatar\/049821681b589dabc0bc20695993ccebb09f5b5d4d790cd9251b97faac7c652b?s=96&d=blank&r=g","contentUrl":"https:\/\/secure.gravatar.com\/avatar\/049821681b589dabc0bc20695993ccebb09f5b5d4d790cd9251b97faac7c652b?s=96&d=blank&r=g","caption":"enequipo"},"sameAs":["https:\/\/www.facebook.com\/SonoraEE"]}]}},"jetpack_featured_media_url":"https:\/\/www.sonoraenequipo.com.mx\/storage\/2026\/03\/Mojtaba-Jamenei-hijo-del-fallecido-ayatola-Ali-Jamenei-quien-fue-elegido-como-lider-supremo-de-Iran.jpg","_links":{"self":[{"href":"https:\/\/www.sonoraenequipo.com.mx\/api\/wp\/v2\/posts\/236928","targetHints":{"allow":["GET"]}}],"collection":[{"href":"https:\/\/www.sonoraenequipo.com.mx\/api\/wp\/v2\/posts"}],"about":[{"href":"https:\/\/www.sonoraenequipo.com.mx\/api\/wp\/v2\/types\/post"}],"author":[{"embeddable":true,"href":"https:\/\/www.sonoraenequipo.com.mx\/api\/wp\/v2\/users\/1"}],"replies":[{"embeddable":true,"href":"https:\/\/www.sonoraenequipo.com.mx\/api\/wp\/v2\/comments?post=236928"}],"version-history":[{"count":1,"href":"https:\/\/www.sonoraenequipo.com.mx\/api\/wp\/v2\/posts\/236928\/revisions"}],"predecessor-version":[{"id":236929,"href":"https:\/\/www.sonoraenequipo.com.mx\/api\/wp\/v2\/posts\/236928\/revisions\/236929"}],"wp:featuredmedia":[{"embeddable":true,"href":"https:\/\/www.sonoraenequipo.com.mx\/api\/wp\/v2\/media\/236897"}],"wp:attachment":[{"href":"https:\/\/www.sonoraenequipo.com.mx\/api\/wp\/v2\/media?parent=236928"}],"wp:term":[{"taxonomy":"category","embeddable":true,"href":"https:\/\/www.sonoraenequipo.com.mx\/api\/wp\/v2\/categories?post=236928"},{"taxonomy":"post_tag","embeddable":true,"href":"https:\/\/www.sonoraenequipo.com.mx\/api\/wp\/v2\/tags?post=236928"}],"curies":[{"name":"wp","href":"https:\/\/api.w.org\/{rel}","templated":true}]}}