{"id":236930,"date":"2026-03-08T13:10:27","date_gmt":"2026-03-08T20:10:27","guid":{"rendered":"https:\/\/www.sonoraenequipo.com.mx\/?p=236930"},"modified":"2026-03-09T09:35:05","modified_gmt":"2026-03-09T16:35:05","slug":"el-regreso-de-monroe-america-latina-en-la-encrucijada","status":"publish","type":"post","link":"https:\/\/www.sonoraenequipo.com.mx\/el-regreso-de-monroe-america-latina-en-la-encrucijada\/","title":{"rendered":"El regreso de Monroe: Am\u00e9rica Latina en la encrucijada"},"content":{"rendered":"<p><strong>LA HABANA, CUBA.<\/strong> \u2014 La resurrecci\u00f3n de la Doctrina Monroe, ahora endurecida, no representa una simple a\u00f1oranza hist\u00f3rica, sino una declaraci\u00f3n de guerra silenciosa contra la autodeterminaci\u00f3n de Am\u00e9rica Latina.<\/p>\n<p>&nbsp;<\/p>\n<p> <\/p>\n<p>Al proclamar el hemisferio occidental como coto de caza exclusivo de Washington bajo la excusa de la seguridad nacional, Estados Unidos no solo reinstaura un arcaico concepto de vasallaje, sino que fuerza a la regi\u00f3n a elegir entre la sumisi\u00f3n o el desaf\u00edo en un tablero global ya de por s\u00ed bastante retador y complejo.<\/p>\n<p>&nbsp;<\/p>\n<p>&nbsp;<\/p>\n<p>A Washington le urge ponerle fin a la guerra en Ucrania, incluso si eso significa complicar las relaciones con sus antiguos aliados europeos. Debe terminar el conflicto con los mejores resultados posibles para ellos y as\u00ed enfocarse en quien ellos consideran su principal \u00abamenaza\u00bb, la Rep\u00fablica Popular China.<\/p>\n<p>&nbsp;<\/p>\n<p>&nbsp;<\/p>\n<p>No obstante, el recrudecido intervencionismo ha tropezado con obst\u00e1culos en la regi\u00f3n, por una parte, la resistencia cubana a doblar la rodilla pese al cerco econ\u00f3mico de m\u00e1s de 60 a\u00f1os, y por la otra, lejos de aislar a las potencias extracontinentales, est\u00e1 generando el efecto contrario: acelera la reconfiguraci\u00f3n geopol\u00edtica del \u00abpatio trasero\u00bb.<\/p>\n<p>&nbsp;<\/p>\n<p>&nbsp;<\/p>\n<p>China ya no es un socio comercial lejano, sino un inversionista estructural, una superpotencia capaz de retar en varios terrenos a EE. UU. La reedici\u00f3n de Monroe empuja a varios gobiernos latinoamericanos a profundizar lazos con Pek\u00edn, dada la necesidad de la supervivencia econ\u00f3mica, de la soberan\u00eda tecnol\u00f3gica y el trato igualitario brindado por la naci\u00f3n asi\u00e1tica.<\/p>\n<p>&nbsp;<\/p>\n<p>&nbsp;<\/p>\n<p>Paralelamente, Rusia encuentra en este escenario una posibilidad de consolidar su presencia en el continente, al ofrecer cooperaci\u00f3n militar, tecnol\u00f3gica y energ\u00e9tica sin los condicionamientos y las exigencias de la Casa Blanca. El gigante euroasi\u00e1tico se fortalece como el garante impl\u00edcito de aquellos gobiernos que se atrevan a resistir el nuevo corolario.<\/p>\n<p>&nbsp;<\/p>\n<p>&nbsp;<\/p>\n<p>Entre otras acciones, el imperio ha invitado a varios l\u00edderes latinoamericanos a participar el 7 de marzo en una cumbre en la Florida, en un momento en que su Administraci\u00f3n pone el foco en lo que considera \u00abuna preocupante expansi\u00f3n de la influencia china en el hemisferio occidental\u00bb.<\/p>\n<p>&nbsp;<\/p>\n<p>&nbsp;<\/p>\n<p>Entretanto, escala la agresividad hacia Cuba por parte de la administraci\u00f3n estadounidense, que acusa al Gobierno cubano de alinearse con \u00abnumerosos pa\u00edses hostiles\u00bb, de acoger a \u00abgrupos terroristas transnacionales\u00bb, as\u00ed como de permitir el despliegue en la Isla de \u00absofisticadas capacidades militares y de inteligencia\u00bb de Rusia y China, y otros falsos alegatos para justificar el crimen.<\/p>\n<p>&nbsp;<\/p>\n<p>&nbsp;<\/p>\n<p>Sobre esos espurios cimientos, se anunci\u00f3 la imposici\u00f3n de aranceles a los pa\u00edses que vendan petr\u00f3leo a la naci\u00f3n antillana, lo que ha generado la repulsa internacional e impulsado la solidaridad hacia la Isla.<\/p>\n<p>&nbsp;<\/p>\n<p>&nbsp;<\/p>\n<p>La reactivaci\u00f3n de Monroe es una verdadera tragedia para Am\u00e9rica Latina, puede precipitar a la regi\u00f3n hacia una mayor p\u00e9rdida de soberan\u00eda y a una balcanizaci\u00f3n geopol\u00edtica m\u00e1s profunda, obligando al continente a pagar los costos de una guerra por mantener la hegemon\u00eda estadounidense en el mundo.<\/p>\n<p>&nbsp;<\/p>\n<p>&nbsp;<\/p>\n<p>&nbsp;<\/p>\n<p>PUBLICADO EL 08 MARZO DE 2026 Con informaci\u00f3n de Ra\u00fal Antonio Capote | internacionales@granma.cu)<\/p>\n","protected":false},"excerpt":{"rendered":"<p>LA HABANA, CUBA. \u2014 La resurrecci\u00f3n de la Doctrina Monroe, ahora endurecida, no representa una&#8230;<\/p>\n","protected":false},"author":1,"featured_media":236884,"comment_status":"open","ping_status":"open","sticky":false,"template":"","format":"standard","meta":{"_monsterinsights_skip_tracking":false,"_monsterinsights_sitenote_active":false,"_monsterinsights_sitenote_note":"","_monsterinsights_sitenote_category":0,"footnotes":""},"categories":[3],"tags":[],"class_list":["post"],"yoast_head":" \n<title>Sonora en Equipo. El regreso de Monroe: Am\u00e9rica Latina en la encrucijada MUNDO<\/title>\n<meta name=\"description\" content=\"LA HABANA, CUBA. \u2014 La resurrecci\u00f3n de la Doctrina Monroe, ahora endurecida, no representa una simple a\u00f1oranza hist\u00f3rica, sino una declaraci\u00f3n de guerra En Sonora en Equipo publicamos toda la informaci\u00f3n de Sonora, M\u00e9xico y el Mundo de manera oportuna y busca que la libertad de expresi\u00f3n sea real. Visita nuestro medio informativo publicado desde Hermosillo, Sonora. %\" \/>\n<meta name=\"robots\" content=\"index, follow, max-snippet:-1, max-image-preview:large, max-video-preview:-1\" \/>\n<link rel=\"canonical\" href=\"https:\/\/www.sonoraenequipo.com.mx\/el-regreso-de-monroe-america-latina-en-la-encrucijada\/\" \/>\n<meta property=\"og:locale\" content=\"es_ES\" \/>\n<meta property=\"og:type\" content=\"article\" \/>\n<meta property=\"og:title\" content=\"Sonora en Equipo. El regreso de Monroe: Am\u00e9rica Latina en la encrucijada MUNDO\" \/>\n<meta property=\"og:description\" content=\"LA HABANA, CUBA. \u2014 La resurrecci\u00f3n de la Doctrina Monroe, ahora endurecida, no representa una simple a\u00f1oranza hist\u00f3rica, sino una declaraci\u00f3n de guerra En Sonora en Equipo publicamos toda la informaci\u00f3n de Sonora, M\u00e9xico y el Mundo de manera oportuna y busca que la libertad de expresi\u00f3n sea real. Visita nuestro medio informativo publicado desde Hermosillo, Sonora. %\" \/>\n<meta property=\"og:url\" content=\"https:\/\/www.sonoraenequipo.com.mx\/el-regreso-de-monroe-america-latina-en-la-encrucijada\/\" \/>\n<meta property=\"og:site_name\" content=\"Sonora en Equipo.\" \/>\n<meta property=\"article:publisher\" content=\"https:\/\/www.facebook.com\/SonoraEE\/\" \/>\n<meta property=\"article:author\" content=\"https:\/\/www.facebook.com\/SonoraEE\" \/>\n<meta property=\"article:published_time\" content=\"2026-03-08T20:10:27+00:00\" \/>\n<meta property=\"article:modified_time\" content=\"2026-03-09T16:35:05+00:00\" \/>\n<meta property=\"og:image\" content=\"https:\/\/www.sonoraenequipo.com.mx\/storage\/2026\/03\/Ilustracion-de-Michel-Moro-1.jpg\" \/>\n\t<meta property=\"og:image:width\" content=\"929\" \/>\n\t<meta property=\"og:image:height\" content=\"689\" \/>\n\t<meta property=\"og:image:type\" content=\"image\/jpeg\" \/>\n<meta name=\"author\" content=\"enequipo\" \/>\n<meta name=\"twitter:card\" content=\"summary_large_image\" \/>\n<meta name=\"twitter:creator\" content=\"@sonoraenequipo\" \/>\n<meta name=\"twitter:site\" content=\"@sonoraenequipo\" \/>\n<meta name=\"twitter:label1\" content=\"Escrito por\" \/>\n\t<meta name=\"twitter:data1\" content=\"enequipo\" \/>\n\t<meta name=\"twitter:label2\" content=\"Tiempo de lectura\" \/>\n\t<meta name=\"twitter:data2\" content=\"3 minutos\" \/>\n<script type=\"application\/ld+json\" class=\"yoast-schema-graph\">{\"@context\":\"https:\/\/schema.org\",\"@graph\":[{\"@type\":\"Article\",\"@id\":\"https:\/\/www.sonoraenequipo.com.mx\/el-regreso-de-monroe-america-latina-en-la-encrucijada\/#article\",\"isPartOf\":{\"@id\":\"https:\/\/www.sonoraenequipo.com.mx\/el-regreso-de-monroe-america-latina-en-la-encrucijada\/\"},\"author\":{\"name\":\"enequipo\",\"@id\":\"https:\/\/www.sonoraenequipo.com.mx\/#\/schema\/person\/50102df0fb23a8fa9e8effad8fa81386\"},\"headline\":\"El regreso de Monroe: Am\u00e9rica Latina en la encrucijada\",\"datePublished\":\"2026-03-08T20:10:27+00:00\",\"dateModified\":\"2026-03-09T16:35:05+00:00\",\"mainEntityOfPage\":{\"@id\":\"https:\/\/www.sonoraenequipo.com.mx\/el-regreso-de-monroe-america-latina-en-la-encrucijada\/\"},\"wordCount\":571,\"commentCount\":0,\"publisher\":{\"@id\":\"https:\/\/www.sonoraenequipo.com.mx\/#organization\"},\"image\":{\"@id\":\"https:\/\/www.sonoraenequipo.com.mx\/el-regreso-de-monroe-america-latina-en-la-encrucijada\/#primaryimage\"},\"thumbnailUrl\":\"https:\/\/www.sonoraenequipo.com.mx\/storage\/2026\/03\/Ilustracion-de-Michel-Moro-1.jpg\",\"articleSection\":[\"MUNDO\"],\"inLanguage\":\"es\",\"potentialAction\":[{\"@type\":\"CommentAction\",\"name\":\"Comment\",\"target\":[\"https:\/\/www.sonoraenequipo.com.mx\/el-regreso-de-monroe-america-latina-en-la-encrucijada\/#respond\"]}]},{\"@type\":\"WebPage\",\"@id\":\"https:\/\/www.sonoraenequipo.com.mx\/el-regreso-de-monroe-america-latina-en-la-encrucijada\/\",\"url\":\"https:\/\/www.sonoraenequipo.com.mx\/el-regreso-de-monroe-america-latina-en-la-encrucijada\/\",\"name\":\"Sonora en Equipo. El regreso de Monroe: Am\u00e9rica Latina en la encrucijada MUNDO\",\"isPartOf\":{\"@id\":\"https:\/\/www.sonoraenequipo.com.mx\/#website\"},\"primaryImageOfPage\":{\"@id\":\"https:\/\/www.sonoraenequipo.com.mx\/el-regreso-de-monroe-america-latina-en-la-encrucijada\/#primaryimage\"},\"image\":{\"@id\":\"https:\/\/www.sonoraenequipo.com.mx\/el-regreso-de-monroe-america-latina-en-la-encrucijada\/#primaryimage\"},\"thumbnailUrl\":\"https:\/\/www.sonoraenequipo.com.mx\/storage\/2026\/03\/Ilustracion-de-Michel-Moro-1.jpg\",\"datePublished\":\"2026-03-08T20:10:27+00:00\",\"dateModified\":\"2026-03-09T16:35:05+00:00\",\"description\":\"LA HABANA, CUBA. \u2014 La resurrecci\u00f3n de la Doctrina Monroe, ahora endurecida, no representa una simple a\u00f1oranza hist\u00f3rica, sino una declaraci\u00f3n de guerra En Sonora en Equipo publicamos toda la informaci\u00f3n de Sonora, M\u00e9xico y el Mundo de manera oportuna y busca que la libertad de expresi\u00f3n sea real. Visita nuestro medio informativo publicado desde Hermosillo, Sonora. %\",\"breadcrumb\":{\"@id\":\"https:\/\/www.sonoraenequipo.com.mx\/el-regreso-de-monroe-america-latina-en-la-encrucijada\/#breadcrumb\"},\"inLanguage\":\"es\",\"potentialAction\":[{\"@type\":\"ReadAction\",\"target\":[\"https:\/\/www.sonoraenequipo.com.mx\/el-regreso-de-monroe-america-latina-en-la-encrucijada\/\"]}]},{\"@type\":\"ImageObject\",\"inLanguage\":\"es\",\"@id\":\"https:\/\/www.sonoraenequipo.com.mx\/el-regreso-de-monroe-america-latina-en-la-encrucijada\/#primaryimage\",\"url\":\"https:\/\/www.sonoraenequipo.com.mx\/storage\/2026\/03\/Ilustracion-de-Michel-Moro-1.jpg\",\"contentUrl\":\"https:\/\/www.sonoraenequipo.com.mx\/storage\/2026\/03\/Ilustracion-de-Michel-Moro-1.jpg\",\"width\":929,\"height\":689},{\"@type\":\"BreadcrumbList\",\"@id\":\"https:\/\/www.sonoraenequipo.com.mx\/el-regreso-de-monroe-america-latina-en-la-encrucijada\/#breadcrumb\",\"itemListElement\":[{\"@type\":\"ListItem\",\"position\":1,\"name\":\"Portada\",\"item\":\"https:\/\/www.sonoraenequipo.com.mx\/\"},{\"@type\":\"ListItem\",\"position\":2,\"name\":\"El regreso de Monroe: Am\u00e9rica Latina en la encrucijada\"}]},{\"@type\":\"WebSite\",\"@id\":\"https:\/\/www.sonoraenequipo.com.mx\/#website\",\"url\":\"https:\/\/www.sonoraenequipo.com.mx\/\",\"name\":\"Sonora en Equipo.\",\"description\":\"Diario en l\u00ednea con Noticias desde Hermosillo, Sonora\",\"publisher\":{\"@id\":\"https:\/\/www.sonoraenequipo.com.mx\/#organization\"},\"potentialAction\":[{\"@type\":\"SearchAction\",\"target\":{\"@type\":\"EntryPoint\",\"urlTemplate\":\"https:\/\/www.sonoraenequipo.com.mx\/?s={search_term_string}\"},\"query-input\":{\"@type\":\"PropertyValueSpecification\",\"valueRequired\":true,\"valueName\":\"search_term_string\"}}],\"inLanguage\":\"es\"},{\"@type\":\"Organization\",\"@id\":\"https:\/\/www.sonoraenequipo.com.mx\/#organization\",\"name\":\"Sonoraenequipo.com.mx\",\"url\":\"https:\/\/www.sonoraenequipo.com.mx\/\",\"logo\":{\"@type\":\"ImageObject\",\"inLanguage\":\"es\",\"@id\":\"https:\/\/www.sonoraenequipo.com.mx\/#\/schema\/logo\/image\/\",\"url\":\"https:\/\/www.sonoraenequipo.com.mx\/storage\/2019\/01\/sonoraenequipo_opt.png\",\"contentUrl\":\"https:\/\/www.sonoraenequipo.com.mx\/storage\/2019\/01\/sonoraenequipo_opt.png\",\"width\":375,\"height\":125,\"caption\":\"Sonoraenequipo.com.mx\"},\"image\":{\"@id\":\"https:\/\/www.sonoraenequipo.com.mx\/#\/schema\/logo\/image\/\"},\"sameAs\":[\"https:\/\/www.facebook.com\/SonoraEE\/\",\"https:\/\/x.com\/sonoraenequipo\",\"https:\/\/www.youtube.com\/channel\/UC338nW-lPEYmJQs4ZABQ1SQ\"]},{\"@type\":\"Person\",\"@id\":\"https:\/\/www.sonoraenequipo.com.mx\/#\/schema\/person\/50102df0fb23a8fa9e8effad8fa81386\",\"name\":\"enequipo\",\"image\":{\"@type\":\"ImageObject\",\"inLanguage\":\"es\",\"@id\":\"https:\/\/www.sonoraenequipo.com.mx\/#\/schema\/person\/image\/\",\"url\":\"https:\/\/secure.gravatar.com\/avatar\/049821681b589dabc0bc20695993ccebb09f5b5d4d790cd9251b97faac7c652b?s=96&d=blank&r=g\",\"contentUrl\":\"https:\/\/secure.gravatar.com\/avatar\/049821681b589dabc0bc20695993ccebb09f5b5d4d790cd9251b97faac7c652b?s=96&d=blank&r=g\",\"caption\":\"enequipo\"},\"sameAs\":[\"https:\/\/www.facebook.com\/SonoraEE\"]}]}<\/script>\n ","yoast_head_json":{"title":"Sonora en Equipo. El regreso de Monroe: Am\u00e9rica Latina en la encrucijada MUNDO","description":"LA HABANA, CUBA. \u2014 La resurrecci\u00f3n de la Doctrina Monroe, ahora endurecida, no representa una simple a\u00f1oranza hist\u00f3rica, sino una declaraci\u00f3n de guerra En Sonora en Equipo publicamos toda la informaci\u00f3n de Sonora, M\u00e9xico y el Mundo de manera oportuna y busca que la libertad de expresi\u00f3n sea real. Visita nuestro medio informativo publicado desde Hermosillo, Sonora. %","robots":{"index":"index","follow":"follow","max-snippet":"max-snippet:-1","max-image-preview":"max-image-preview:large","max-video-preview":"max-video-preview:-1"},"canonical":"https:\/\/www.sonoraenequipo.com.mx\/el-regreso-de-monroe-america-latina-en-la-encrucijada\/","og_locale":"es_ES","og_type":"article","og_title":"Sonora en Equipo. El regreso de Monroe: Am\u00e9rica Latina en la encrucijada MUNDO","og_description":"LA HABANA, CUBA. \u2014 La resurrecci\u00f3n de la Doctrina Monroe, ahora endurecida, no representa una simple a\u00f1oranza hist\u00f3rica, sino una declaraci\u00f3n de guerra En Sonora en Equipo publicamos toda la informaci\u00f3n de Sonora, M\u00e9xico y el Mundo de manera oportuna y busca que la libertad de expresi\u00f3n sea real. Visita nuestro medio informativo publicado desde Hermosillo, Sonora. %","og_url":"https:\/\/www.sonoraenequipo.com.mx\/el-regreso-de-monroe-america-latina-en-la-encrucijada\/","og_site_name":"Sonora en Equipo.","article_publisher":"https:\/\/www.facebook.com\/SonoraEE\/","article_author":"https:\/\/www.facebook.com\/SonoraEE","article_published_time":"2026-03-08T20:10:27+00:00","article_modified_time":"2026-03-09T16:35:05+00:00","og_image":[{"width":929,"height":689,"url":"https:\/\/www.sonoraenequipo.com.mx\/storage\/2026\/03\/Ilustracion-de-Michel-Moro-1.jpg","type":"image\/jpeg"}],"author":"enequipo","twitter_card":"summary_large_image","twitter_creator":"@sonoraenequipo","twitter_site":"@sonoraenequipo","twitter_misc":{"Escrito por":"enequipo","Tiempo de lectura":"3 minutos"},"schema":{"@context":"https:\/\/schema.org","@graph":[{"@type":"Article","@id":"https:\/\/www.sonoraenequipo.com.mx\/el-regreso-de-monroe-america-latina-en-la-encrucijada\/#article","isPartOf":{"@id":"https:\/\/www.sonoraenequipo.com.mx\/el-regreso-de-monroe-america-latina-en-la-encrucijada\/"},"author":{"name":"enequipo","@id":"https:\/\/www.sonoraenequipo.com.mx\/#\/schema\/person\/50102df0fb23a8fa9e8effad8fa81386"},"headline":"El regreso de Monroe: Am\u00e9rica Latina en la encrucijada","datePublished":"2026-03-08T20:10:27+00:00","dateModified":"2026-03-09T16:35:05+00:00","mainEntityOfPage":{"@id":"https:\/\/www.sonoraenequipo.com.mx\/el-regreso-de-monroe-america-latina-en-la-encrucijada\/"},"wordCount":571,"commentCount":0,"publisher":{"@id":"https:\/\/www.sonoraenequipo.com.mx\/#organization"},"image":{"@id":"https:\/\/www.sonoraenequipo.com.mx\/el-regreso-de-monroe-america-latina-en-la-encrucijada\/#primaryimage"},"thumbnailUrl":"https:\/\/www.sonoraenequipo.com.mx\/storage\/2026\/03\/Ilustracion-de-Michel-Moro-1.jpg","articleSection":["MUNDO"],"inLanguage":"es","potentialAction":[{"@type":"CommentAction","name":"Comment","target":["https:\/\/www.sonoraenequipo.com.mx\/el-regreso-de-monroe-america-latina-en-la-encrucijada\/#respond"]}]},{"@type":"WebPage","@id":"https:\/\/www.sonoraenequipo.com.mx\/el-regreso-de-monroe-america-latina-en-la-encrucijada\/","url":"https:\/\/www.sonoraenequipo.com.mx\/el-regreso-de-monroe-america-latina-en-la-encrucijada\/","name":"Sonora en Equipo. El regreso de Monroe: Am\u00e9rica Latina en la encrucijada MUNDO","isPartOf":{"@id":"https:\/\/www.sonoraenequipo.com.mx\/#website"},"primaryImageOfPage":{"@id":"https:\/\/www.sonoraenequipo.com.mx\/el-regreso-de-monroe-america-latina-en-la-encrucijada\/#primaryimage"},"image":{"@id":"https:\/\/www.sonoraenequipo.com.mx\/el-regreso-de-monroe-america-latina-en-la-encrucijada\/#primaryimage"},"thumbnailUrl":"https:\/\/www.sonoraenequipo.com.mx\/storage\/2026\/03\/Ilustracion-de-Michel-Moro-1.jpg","datePublished":"2026-03-08T20:10:27+00:00","dateModified":"2026-03-09T16:35:05+00:00","description":"LA HABANA, CUBA. \u2014 La resurrecci\u00f3n de la Doctrina Monroe, ahora endurecida, no representa una simple a\u00f1oranza hist\u00f3rica, sino una declaraci\u00f3n de guerra En Sonora en Equipo publicamos toda la informaci\u00f3n de Sonora, M\u00e9xico y el Mundo de manera oportuna y busca que la libertad de expresi\u00f3n sea real. Visita nuestro medio informativo publicado desde Hermosillo, Sonora. %","breadcrumb":{"@id":"https:\/\/www.sonoraenequipo.com.mx\/el-regreso-de-monroe-america-latina-en-la-encrucijada\/#breadcrumb"},"inLanguage":"es","potentialAction":[{"@type":"ReadAction","target":["https:\/\/www.sonoraenequipo.com.mx\/el-regreso-de-monroe-america-latina-en-la-encrucijada\/"]}]},{"@type":"ImageObject","inLanguage":"es","@id":"https:\/\/www.sonoraenequipo.com.mx\/el-regreso-de-monroe-america-latina-en-la-encrucijada\/#primaryimage","url":"https:\/\/www.sonoraenequipo.com.mx\/storage\/2026\/03\/Ilustracion-de-Michel-Moro-1.jpg","contentUrl":"https:\/\/www.sonoraenequipo.com.mx\/storage\/2026\/03\/Ilustracion-de-Michel-Moro-1.jpg","width":929,"height":689},{"@type":"BreadcrumbList","@id":"https:\/\/www.sonoraenequipo.com.mx\/el-regreso-de-monroe-america-latina-en-la-encrucijada\/#breadcrumb","itemListElement":[{"@type":"ListItem","position":1,"name":"Portada","item":"https:\/\/www.sonoraenequipo.com.mx\/"},{"@type":"ListItem","position":2,"name":"El regreso de Monroe: Am\u00e9rica Latina en la encrucijada"}]},{"@type":"WebSite","@id":"https:\/\/www.sonoraenequipo.com.mx\/#website","url":"https:\/\/www.sonoraenequipo.com.mx\/","name":"Sonora en Equipo.","description":"Diario en l\u00ednea con Noticias desde Hermosillo, Sonora","publisher":{"@id":"https:\/\/www.sonoraenequipo.com.mx\/#organization"},"potentialAction":[{"@type":"SearchAction","target":{"@type":"EntryPoint","urlTemplate":"https:\/\/www.sonoraenequipo.com.mx\/?s={search_term_string}"},"query-input":{"@type":"PropertyValueSpecification","valueRequired":true,"valueName":"search_term_string"}}],"inLanguage":"es"},{"@type":"Organization","@id":"https:\/\/www.sonoraenequipo.com.mx\/#organization","name":"Sonoraenequipo.com.mx","url":"https:\/\/www.sonoraenequipo.com.mx\/","logo":{"@type":"ImageObject","inLanguage":"es","@id":"https:\/\/www.sonoraenequipo.com.mx\/#\/schema\/logo\/image\/","url":"https:\/\/www.sonoraenequipo.com.mx\/storage\/2019\/01\/sonoraenequipo_opt.png","contentUrl":"https:\/\/www.sonoraenequipo.com.mx\/storage\/2019\/01\/sonoraenequipo_opt.png","width":375,"height":125,"caption":"Sonoraenequipo.com.mx"},"image":{"@id":"https:\/\/www.sonoraenequipo.com.mx\/#\/schema\/logo\/image\/"},"sameAs":["https:\/\/www.facebook.com\/SonoraEE\/","https:\/\/x.com\/sonoraenequipo","https:\/\/www.youtube.com\/channel\/UC338nW-lPEYmJQs4ZABQ1SQ"]},{"@type":"Person","@id":"https:\/\/www.sonoraenequipo.com.mx\/#\/schema\/person\/50102df0fb23a8fa9e8effad8fa81386","name":"enequipo","image":{"@type":"ImageObject","inLanguage":"es","@id":"https:\/\/www.sonoraenequipo.com.mx\/#\/schema\/person\/image\/","url":"https:\/\/secure.gravatar.com\/avatar\/049821681b589dabc0bc20695993ccebb09f5b5d4d790cd9251b97faac7c652b?s=96&d=blank&r=g","contentUrl":"https:\/\/secure.gravatar.com\/avatar\/049821681b589dabc0bc20695993ccebb09f5b5d4d790cd9251b97faac7c652b?s=96&d=blank&r=g","caption":"enequipo"},"sameAs":["https:\/\/www.facebook.com\/SonoraEE"]}]}},"jetpack_featured_media_url":"https:\/\/www.sonoraenequipo.com.mx\/storage\/2026\/03\/Ilustracion-de-Michel-Moro-1.jpg","_links":{"self":[{"href":"https:\/\/www.sonoraenequipo.com.mx\/api\/wp\/v2\/posts\/236930","targetHints":{"allow":["GET"]}}],"collection":[{"href":"https:\/\/www.sonoraenequipo.com.mx\/api\/wp\/v2\/posts"}],"about":[{"href":"https:\/\/www.sonoraenequipo.com.mx\/api\/wp\/v2\/types\/post"}],"author":[{"embeddable":true,"href":"https:\/\/www.sonoraenequipo.com.mx\/api\/wp\/v2\/users\/1"}],"replies":[{"embeddable":true,"href":"https:\/\/www.sonoraenequipo.com.mx\/api\/wp\/v2\/comments?post=236930"}],"version-history":[{"count":1,"href":"https:\/\/www.sonoraenequipo.com.mx\/api\/wp\/v2\/posts\/236930\/revisions"}],"predecessor-version":[{"id":236931,"href":"https:\/\/www.sonoraenequipo.com.mx\/api\/wp\/v2\/posts\/236930\/revisions\/236931"}],"wp:featuredmedia":[{"embeddable":true,"href":"https:\/\/www.sonoraenequipo.com.mx\/api\/wp\/v2\/media\/236884"}],"wp:attachment":[{"href":"https:\/\/www.sonoraenequipo.com.mx\/api\/wp\/v2\/media?parent=236930"}],"wp:term":[{"taxonomy":"category","embeddable":true,"href":"https:\/\/www.sonoraenequipo.com.mx\/api\/wp\/v2\/categories?post=236930"},{"taxonomy":"post_tag","embeddable":true,"href":"https:\/\/www.sonoraenequipo.com.mx\/api\/wp\/v2\/tags?post=236930"}],"curies":[{"name":"wp","href":"https:\/\/api.w.org\/{rel}","templated":true}]}}