{"id":236938,"date":"2026-03-08T12:10:09","date_gmt":"2026-03-08T19:10:09","guid":{"rendered":"https:\/\/www.sonoraenequipo.com.mx\/?p=236938"},"modified":"2026-03-09T09:55:55","modified_gmt":"2026-03-09T16:55:55","slug":"el-jardin-que-habitamos-carlos-sanchez","status":"publish","type":"post","link":"https:\/\/www.sonoraenequipo.com.mx\/el-jardin-que-habitamos-carlos-sanchez\/","title":{"rendered":"El jard\u00edn que habitamos. Carlos S\u00e1nchez"},"content":{"rendered":"<p><strong>El torrente<\/strong>: un remolino que se forma con el viento sobre la tierra y se expande sin rumbo aparente. Pero est\u00e1 all\u00ed, contenido en esas p\u00e1ginas del libro que emana desde ese jard\u00edn multiplicado para ponernos sobre la emoci\u00f3n un pu\u00f1o de historias que se intrincan.<\/p>\n<p>&nbsp;<\/p>\n<p>&nbsp;<\/p>\n<p>Juan Miguel Valles Simental es narrador de castilla, porque naci\u00f3 as\u00ed. Y punto. Sin pretender desafanarse del oficio, y\/o quiz\u00e1 condenado a ejercerlo, anda desde hace un buen de tiempo con la estructuraci\u00f3n de oraciones para contar la vida.<\/p>\n<p>&nbsp;<\/p>\n<p>&nbsp;<\/p>\n<p>La vida que acaba de reunir en este libro ganador del Concurso del Libro Sonorense en el g\u00e9nero de cr\u00f3nica (2024) y que ahora reparte entre los m\u00e1s inmediatos lectores.<\/p>\n<p>&nbsp;<\/p>\n<p>&nbsp;<\/p>\n<p>Toc\u00f3 anoche la presentaci\u00f3n en Casa de la Cultura de Sonora, Galer\u00eda Eusebio Francisco Kino, en contexto de la exposici\u00f3n Dibujos y Pinturas, de David Ozuna, un plus hermoso-maravilloso, la propuesta que es b\u00fasqueda y rigor estil\u00edstico en el trazo.<\/p>\n<p>&nbsp;<\/p>\n<p>&nbsp;<\/p>\n<p>Fue all\u00ed, con las palabras del Escritor Omar G\u00e1mez Navo desentra\u00f1ando el contenido de El jard\u00edn que habitamos, esta \u00f3pera prima de Valles Simentel. En la respuesta a la convocatoria, nutrido de bandita el espacio, con una y otra pregunta para el autor, con diversos comentarios y felicitaciones, con la voz de Juan Miguel en la oferta de regiones del contenido de este libro que es cr\u00f3nica, que es relato, que es novela.<\/p>\n<p>&nbsp;<\/p>\n<p>&nbsp;<\/p>\n<p>El jard\u00edn que habitamos, un eco que resuena desde la entra\u00f1a de El tobarito y hasta la entra\u00f1a de quienes leemos. Las vicisitudes del terreno que abarca la resistencia de un recuerdo florido que antes fue penumbra, que antes fue y es proyecto de vida, que siempre el fruto parad\u00f3jico nos envuelve en la memoria con su toque inevitable de desolaci\u00f3n.<\/p>\n<p>&nbsp;<\/p>\n<p>&nbsp;<\/p>\n<p>En sus p\u00e1ginas se encuentran esos pasajes infaustos, el derecho de pernada que desgarra al padre en el amor de su hija, el deseo de aniquilar al patr\u00f3n infame que por ofrecer trabajo se siente con el derecho del abuso. Aqu\u00ed la descripci\u00f3n construye un hoyo en la panza de quien lee. Y construye el deseo de darle contra el piso al abusivo comandante del campo y de las vidas de campesinos. Un sabor agridulce permanecer\u00e1 al paso de las hojas.<\/p>\n<p>&nbsp;<\/p>\n<p>&nbsp;<\/p>\n<p>Luego vendr\u00e1 la mutilaci\u00f3n de los prejuicios, y ya encarrerados en la lectura, la po\u00e9tica intermitente, nos llevar\u00e1 a la casa del \u00e1rbol ese donde se fragua la m\u00edstica al son de una lata de resistol cinco mil y uno que otro aderezo de pintura en aerosol. La pura fiesta, el deseo como reacci\u00f3n de que el mundo se detenga para continuar la contemplaci\u00f3n y capacidades de esas personas que se vuelven personajes. \u00bfQu\u00e9 nombre tendr\u00e1 el Mona?<\/p>\n<p>&nbsp;<\/p>\n<p>&nbsp;<\/p>\n<p>Un batazo de jonr\u00f3n, las plantas que sienten y escuchan las palabras desde esas manos tiernas, una gallina clueca que se convierte en men\u00fa mortal, el inhalar paradisiaco, un cuchillo que rompe y rasga, los temores tienen caducidad cuando la cancha se viste fiesta y un list\u00f3n en la camisa es el pase de entrada para el baile y la emoci\u00f3n.<\/p>\n<p>&nbsp;<\/p>\n<p>&nbsp;<\/p>\n<p>A borbotones las palabras, en el ritmo de ese canal de riego, ante el sutil movimiento de un papalote que se sujeta a lo lejos desde un hilo aferrado al pulso de la infancia. En ese campo todo est\u00e1 dispuesto, incluso el porvenir en el nombre del padre que se anima a migrar para luego regresar y darles un mejor instante a los hijos, mientras la bola vuela hacia el home run y hace a\u00f1icos el vidrio parabrisas de un carro.<\/p>\n<p>&nbsp;<\/p>\n<p>&nbsp;<\/p>\n<p>En este jard\u00edn que nos pinta a El tobarito dan ganas de ir a sembrar la mirada, porque cerca y a lo lejos, el mar.<\/p>\n<p>&nbsp;<\/p>\n<p>&nbsp;<\/p>\n<p>PUBLICADO EL 08 MARZO DE 2026 Con informaci\u00f3n de Carlos S\u00e1nchez)<\/p>\n","protected":false},"excerpt":{"rendered":"<p>El torrente: un remolino que se forma con el viento sobre la tierra y se&#8230;<\/p>\n","protected":false},"author":1,"featured_media":0,"comment_status":"open","ping_status":"open","sticky":false,"template":"","format":"standard","meta":{"_monsterinsights_skip_tracking":false,"_monsterinsights_sitenote_active":false,"_monsterinsights_sitenote_note":"","_monsterinsights_sitenote_category":0,"footnotes":""},"categories":[14],"tags":[],"class_list":["post"],"yoast_head":" \n<title>Sonora en Equipo. El jard\u00edn que habitamos. Carlos S\u00e1nchez Voces<\/title>\n<meta name=\"description\" content=\"El torrente: un remolino que se forma con el viento sobre la tierra y se expande sin rumbo aparente. Pero est\u00e1 all\u00ed, contenido en esas p\u00e1ginas del libro En Sonora en Equipo publicamos toda la informaci\u00f3n de Sonora, M\u00e9xico y el Mundo de manera oportuna y busca que la libertad de expresi\u00f3n sea real. Visita nuestro medio informativo publicado desde Hermosillo, Sonora. %\" \/>\n<meta name=\"robots\" content=\"index, follow, max-snippet:-1, max-image-preview:large, max-video-preview:-1\" \/>\n<link rel=\"canonical\" href=\"https:\/\/www.sonoraenequipo.com.mx\/el-jardin-que-habitamos-carlos-sanchez\/\" \/>\n<meta property=\"og:locale\" content=\"es_ES\" \/>\n<meta property=\"og:type\" content=\"article\" \/>\n<meta property=\"og:title\" content=\"Sonora en Equipo. El jard\u00edn que habitamos. Carlos S\u00e1nchez Voces\" \/>\n<meta property=\"og:description\" content=\"El torrente: un remolino que se forma con el viento sobre la tierra y se expande sin rumbo aparente. Pero est\u00e1 all\u00ed, contenido en esas p\u00e1ginas del libro En Sonora en Equipo publicamos toda la informaci\u00f3n de Sonora, M\u00e9xico y el Mundo de manera oportuna y busca que la libertad de expresi\u00f3n sea real. Visita nuestro medio informativo publicado desde Hermosillo, Sonora. %\" \/>\n<meta property=\"og:url\" content=\"https:\/\/www.sonoraenequipo.com.mx\/el-jardin-que-habitamos-carlos-sanchez\/\" \/>\n<meta property=\"og:site_name\" content=\"Sonora en Equipo.\" \/>\n<meta property=\"article:publisher\" content=\"https:\/\/www.facebook.com\/SonoraEE\/\" \/>\n<meta property=\"article:author\" content=\"https:\/\/www.facebook.com\/SonoraEE\" \/>\n<meta property=\"article:published_time\" content=\"2026-03-08T19:10:09+00:00\" \/>\n<meta property=\"article:modified_time\" content=\"2026-03-09T16:55:55+00:00\" \/>\n<meta name=\"author\" content=\"enequipo\" \/>\n<meta name=\"twitter:card\" content=\"summary_large_image\" \/>\n<meta name=\"twitter:creator\" content=\"@sonoraenequipo\" \/>\n<meta name=\"twitter:site\" content=\"@sonoraenequipo\" \/>\n<meta name=\"twitter:label1\" content=\"Escrito por\" \/>\n\t<meta name=\"twitter:data1\" content=\"enequipo\" \/>\n\t<meta name=\"twitter:label2\" content=\"Tiempo de lectura\" \/>\n\t<meta name=\"twitter:data2\" content=\"3 minutos\" \/>\n<script type=\"application\/ld+json\" class=\"yoast-schema-graph\">{\"@context\":\"https:\/\/schema.org\",\"@graph\":[{\"@type\":\"Article\",\"@id\":\"https:\/\/www.sonoraenequipo.com.mx\/el-jardin-que-habitamos-carlos-sanchez\/#article\",\"isPartOf\":{\"@id\":\"https:\/\/www.sonoraenequipo.com.mx\/el-jardin-que-habitamos-carlos-sanchez\/\"},\"author\":{\"name\":\"enequipo\",\"@id\":\"https:\/\/www.sonoraenequipo.com.mx\/#\/schema\/person\/50102df0fb23a8fa9e8effad8fa81386\"},\"headline\":\"El jard\u00edn que habitamos. Carlos S\u00e1nchez\",\"datePublished\":\"2026-03-08T19:10:09+00:00\",\"dateModified\":\"2026-03-09T16:55:55+00:00\",\"mainEntityOfPage\":{\"@id\":\"https:\/\/www.sonoraenequipo.com.mx\/el-jardin-que-habitamos-carlos-sanchez\/\"},\"wordCount\":691,\"commentCount\":0,\"publisher\":{\"@id\":\"https:\/\/www.sonoraenequipo.com.mx\/#organization\"},\"articleSection\":[\"Voces\"],\"inLanguage\":\"es\",\"potentialAction\":[{\"@type\":\"CommentAction\",\"name\":\"Comment\",\"target\":[\"https:\/\/www.sonoraenequipo.com.mx\/el-jardin-que-habitamos-carlos-sanchez\/#respond\"]}]},{\"@type\":\"WebPage\",\"@id\":\"https:\/\/www.sonoraenequipo.com.mx\/el-jardin-que-habitamos-carlos-sanchez\/\",\"url\":\"https:\/\/www.sonoraenequipo.com.mx\/el-jardin-que-habitamos-carlos-sanchez\/\",\"name\":\"Sonora en Equipo. El jard\u00edn que habitamos. Carlos S\u00e1nchez Voces\",\"isPartOf\":{\"@id\":\"https:\/\/www.sonoraenequipo.com.mx\/#website\"},\"datePublished\":\"2026-03-08T19:10:09+00:00\",\"dateModified\":\"2026-03-09T16:55:55+00:00\",\"description\":\"El torrente: un remolino que se forma con el viento sobre la tierra y se expande sin rumbo aparente. Pero est\u00e1 all\u00ed, contenido en esas p\u00e1ginas del libro En Sonora en Equipo publicamos toda la informaci\u00f3n de Sonora, M\u00e9xico y el Mundo de manera oportuna y busca que la libertad de expresi\u00f3n sea real. Visita nuestro medio informativo publicado desde Hermosillo, Sonora. %\",\"breadcrumb\":{\"@id\":\"https:\/\/www.sonoraenequipo.com.mx\/el-jardin-que-habitamos-carlos-sanchez\/#breadcrumb\"},\"inLanguage\":\"es\",\"potentialAction\":[{\"@type\":\"ReadAction\",\"target\":[\"https:\/\/www.sonoraenequipo.com.mx\/el-jardin-que-habitamos-carlos-sanchez\/\"]}]},{\"@type\":\"BreadcrumbList\",\"@id\":\"https:\/\/www.sonoraenequipo.com.mx\/el-jardin-que-habitamos-carlos-sanchez\/#breadcrumb\",\"itemListElement\":[{\"@type\":\"ListItem\",\"position\":1,\"name\":\"Portada\",\"item\":\"https:\/\/www.sonoraenequipo.com.mx\/\"},{\"@type\":\"ListItem\",\"position\":2,\"name\":\"El jard\u00edn que habitamos. Carlos S\u00e1nchez\"}]},{\"@type\":\"WebSite\",\"@id\":\"https:\/\/www.sonoraenequipo.com.mx\/#website\",\"url\":\"https:\/\/www.sonoraenequipo.com.mx\/\",\"name\":\"Sonora en Equipo.\",\"description\":\"Diario en l\u00ednea con Noticias desde Hermosillo, Sonora\",\"publisher\":{\"@id\":\"https:\/\/www.sonoraenequipo.com.mx\/#organization\"},\"potentialAction\":[{\"@type\":\"SearchAction\",\"target\":{\"@type\":\"EntryPoint\",\"urlTemplate\":\"https:\/\/www.sonoraenequipo.com.mx\/?s={search_term_string}\"},\"query-input\":{\"@type\":\"PropertyValueSpecification\",\"valueRequired\":true,\"valueName\":\"search_term_string\"}}],\"inLanguage\":\"es\"},{\"@type\":\"Organization\",\"@id\":\"https:\/\/www.sonoraenequipo.com.mx\/#organization\",\"name\":\"Sonoraenequipo.com.mx\",\"url\":\"https:\/\/www.sonoraenequipo.com.mx\/\",\"logo\":{\"@type\":\"ImageObject\",\"inLanguage\":\"es\",\"@id\":\"https:\/\/www.sonoraenequipo.com.mx\/#\/schema\/logo\/image\/\",\"url\":\"https:\/\/www.sonoraenequipo.com.mx\/storage\/2019\/01\/sonoraenequipo_opt.png\",\"contentUrl\":\"https:\/\/www.sonoraenequipo.com.mx\/storage\/2019\/01\/sonoraenequipo_opt.png\",\"width\":375,\"height\":125,\"caption\":\"Sonoraenequipo.com.mx\"},\"image\":{\"@id\":\"https:\/\/www.sonoraenequipo.com.mx\/#\/schema\/logo\/image\/\"},\"sameAs\":[\"https:\/\/www.facebook.com\/SonoraEE\/\",\"https:\/\/x.com\/sonoraenequipo\",\"https:\/\/www.youtube.com\/channel\/UC338nW-lPEYmJQs4ZABQ1SQ\"]},{\"@type\":\"Person\",\"@id\":\"https:\/\/www.sonoraenequipo.com.mx\/#\/schema\/person\/50102df0fb23a8fa9e8effad8fa81386\",\"name\":\"enequipo\",\"image\":{\"@type\":\"ImageObject\",\"inLanguage\":\"es\",\"@id\":\"https:\/\/www.sonoraenequipo.com.mx\/#\/schema\/person\/image\/\",\"url\":\"https:\/\/secure.gravatar.com\/avatar\/049821681b589dabc0bc20695993ccebb09f5b5d4d790cd9251b97faac7c652b?s=96&d=blank&r=g\",\"contentUrl\":\"https:\/\/secure.gravatar.com\/avatar\/049821681b589dabc0bc20695993ccebb09f5b5d4d790cd9251b97faac7c652b?s=96&d=blank&r=g\",\"caption\":\"enequipo\"},\"sameAs\":[\"https:\/\/www.facebook.com\/SonoraEE\"]}]}<\/script>\n ","yoast_head_json":{"title":"Sonora en Equipo. El jard\u00edn que habitamos. Carlos S\u00e1nchez Voces","description":"El torrente: un remolino que se forma con el viento sobre la tierra y se expande sin rumbo aparente. Pero est\u00e1 all\u00ed, contenido en esas p\u00e1ginas del libro En Sonora en Equipo publicamos toda la informaci\u00f3n de Sonora, M\u00e9xico y el Mundo de manera oportuna y busca que la libertad de expresi\u00f3n sea real. Visita nuestro medio informativo publicado desde Hermosillo, Sonora. %","robots":{"index":"index","follow":"follow","max-snippet":"max-snippet:-1","max-image-preview":"max-image-preview:large","max-video-preview":"max-video-preview:-1"},"canonical":"https:\/\/www.sonoraenequipo.com.mx\/el-jardin-que-habitamos-carlos-sanchez\/","og_locale":"es_ES","og_type":"article","og_title":"Sonora en Equipo. El jard\u00edn que habitamos. Carlos S\u00e1nchez Voces","og_description":"El torrente: un remolino que se forma con el viento sobre la tierra y se expande sin rumbo aparente. Pero est\u00e1 all\u00ed, contenido en esas p\u00e1ginas del libro En Sonora en Equipo publicamos toda la informaci\u00f3n de Sonora, M\u00e9xico y el Mundo de manera oportuna y busca que la libertad de expresi\u00f3n sea real. Visita nuestro medio informativo publicado desde Hermosillo, Sonora. %","og_url":"https:\/\/www.sonoraenequipo.com.mx\/el-jardin-que-habitamos-carlos-sanchez\/","og_site_name":"Sonora en Equipo.","article_publisher":"https:\/\/www.facebook.com\/SonoraEE\/","article_author":"https:\/\/www.facebook.com\/SonoraEE","article_published_time":"2026-03-08T19:10:09+00:00","article_modified_time":"2026-03-09T16:55:55+00:00","author":"enequipo","twitter_card":"summary_large_image","twitter_creator":"@sonoraenequipo","twitter_site":"@sonoraenequipo","twitter_misc":{"Escrito por":"enequipo","Tiempo de lectura":"3 minutos"},"schema":{"@context":"https:\/\/schema.org","@graph":[{"@type":"Article","@id":"https:\/\/www.sonoraenequipo.com.mx\/el-jardin-que-habitamos-carlos-sanchez\/#article","isPartOf":{"@id":"https:\/\/www.sonoraenequipo.com.mx\/el-jardin-que-habitamos-carlos-sanchez\/"},"author":{"name":"enequipo","@id":"https:\/\/www.sonoraenequipo.com.mx\/#\/schema\/person\/50102df0fb23a8fa9e8effad8fa81386"},"headline":"El jard\u00edn que habitamos. Carlos S\u00e1nchez","datePublished":"2026-03-08T19:10:09+00:00","dateModified":"2026-03-09T16:55:55+00:00","mainEntityOfPage":{"@id":"https:\/\/www.sonoraenequipo.com.mx\/el-jardin-que-habitamos-carlos-sanchez\/"},"wordCount":691,"commentCount":0,"publisher":{"@id":"https:\/\/www.sonoraenequipo.com.mx\/#organization"},"articleSection":["Voces"],"inLanguage":"es","potentialAction":[{"@type":"CommentAction","name":"Comment","target":["https:\/\/www.sonoraenequipo.com.mx\/el-jardin-que-habitamos-carlos-sanchez\/#respond"]}]},{"@type":"WebPage","@id":"https:\/\/www.sonoraenequipo.com.mx\/el-jardin-que-habitamos-carlos-sanchez\/","url":"https:\/\/www.sonoraenequipo.com.mx\/el-jardin-que-habitamos-carlos-sanchez\/","name":"Sonora en Equipo. El jard\u00edn que habitamos. Carlos S\u00e1nchez Voces","isPartOf":{"@id":"https:\/\/www.sonoraenequipo.com.mx\/#website"},"datePublished":"2026-03-08T19:10:09+00:00","dateModified":"2026-03-09T16:55:55+00:00","description":"El torrente: un remolino que se forma con el viento sobre la tierra y se expande sin rumbo aparente. Pero est\u00e1 all\u00ed, contenido en esas p\u00e1ginas del libro En Sonora en Equipo publicamos toda la informaci\u00f3n de Sonora, M\u00e9xico y el Mundo de manera oportuna y busca que la libertad de expresi\u00f3n sea real. Visita nuestro medio informativo publicado desde Hermosillo, Sonora. %","breadcrumb":{"@id":"https:\/\/www.sonoraenequipo.com.mx\/el-jardin-que-habitamos-carlos-sanchez\/#breadcrumb"},"inLanguage":"es","potentialAction":[{"@type":"ReadAction","target":["https:\/\/www.sonoraenequipo.com.mx\/el-jardin-que-habitamos-carlos-sanchez\/"]}]},{"@type":"BreadcrumbList","@id":"https:\/\/www.sonoraenequipo.com.mx\/el-jardin-que-habitamos-carlos-sanchez\/#breadcrumb","itemListElement":[{"@type":"ListItem","position":1,"name":"Portada","item":"https:\/\/www.sonoraenequipo.com.mx\/"},{"@type":"ListItem","position":2,"name":"El jard\u00edn que habitamos. Carlos S\u00e1nchez"}]},{"@type":"WebSite","@id":"https:\/\/www.sonoraenequipo.com.mx\/#website","url":"https:\/\/www.sonoraenequipo.com.mx\/","name":"Sonora en Equipo.","description":"Diario en l\u00ednea con Noticias desde Hermosillo, Sonora","publisher":{"@id":"https:\/\/www.sonoraenequipo.com.mx\/#organization"},"potentialAction":[{"@type":"SearchAction","target":{"@type":"EntryPoint","urlTemplate":"https:\/\/www.sonoraenequipo.com.mx\/?s={search_term_string}"},"query-input":{"@type":"PropertyValueSpecification","valueRequired":true,"valueName":"search_term_string"}}],"inLanguage":"es"},{"@type":"Organization","@id":"https:\/\/www.sonoraenequipo.com.mx\/#organization","name":"Sonoraenequipo.com.mx","url":"https:\/\/www.sonoraenequipo.com.mx\/","logo":{"@type":"ImageObject","inLanguage":"es","@id":"https:\/\/www.sonoraenequipo.com.mx\/#\/schema\/logo\/image\/","url":"https:\/\/www.sonoraenequipo.com.mx\/storage\/2019\/01\/sonoraenequipo_opt.png","contentUrl":"https:\/\/www.sonoraenequipo.com.mx\/storage\/2019\/01\/sonoraenequipo_opt.png","width":375,"height":125,"caption":"Sonoraenequipo.com.mx"},"image":{"@id":"https:\/\/www.sonoraenequipo.com.mx\/#\/schema\/logo\/image\/"},"sameAs":["https:\/\/www.facebook.com\/SonoraEE\/","https:\/\/x.com\/sonoraenequipo","https:\/\/www.youtube.com\/channel\/UC338nW-lPEYmJQs4ZABQ1SQ"]},{"@type":"Person","@id":"https:\/\/www.sonoraenequipo.com.mx\/#\/schema\/person\/50102df0fb23a8fa9e8effad8fa81386","name":"enequipo","image":{"@type":"ImageObject","inLanguage":"es","@id":"https:\/\/www.sonoraenequipo.com.mx\/#\/schema\/person\/image\/","url":"https:\/\/secure.gravatar.com\/avatar\/049821681b589dabc0bc20695993ccebb09f5b5d4d790cd9251b97faac7c652b?s=96&d=blank&r=g","contentUrl":"https:\/\/secure.gravatar.com\/avatar\/049821681b589dabc0bc20695993ccebb09f5b5d4d790cd9251b97faac7c652b?s=96&d=blank&r=g","caption":"enequipo"},"sameAs":["https:\/\/www.facebook.com\/SonoraEE"]}]}},"jetpack_featured_media_url":"","_links":{"self":[{"href":"https:\/\/www.sonoraenequipo.com.mx\/api\/wp\/v2\/posts\/236938","targetHints":{"allow":["GET"]}}],"collection":[{"href":"https:\/\/www.sonoraenequipo.com.mx\/api\/wp\/v2\/posts"}],"about":[{"href":"https:\/\/www.sonoraenequipo.com.mx\/api\/wp\/v2\/types\/post"}],"author":[{"embeddable":true,"href":"https:\/\/www.sonoraenequipo.com.mx\/api\/wp\/v2\/users\/1"}],"replies":[{"embeddable":true,"href":"https:\/\/www.sonoraenequipo.com.mx\/api\/wp\/v2\/comments?post=236938"}],"version-history":[{"count":1,"href":"https:\/\/www.sonoraenequipo.com.mx\/api\/wp\/v2\/posts\/236938\/revisions"}],"predecessor-version":[{"id":236939,"href":"https:\/\/www.sonoraenequipo.com.mx\/api\/wp\/v2\/posts\/236938\/revisions\/236939"}],"wp:attachment":[{"href":"https:\/\/www.sonoraenequipo.com.mx\/api\/wp\/v2\/media?parent=236938"}],"wp:term":[{"taxonomy":"category","embeddable":true,"href":"https:\/\/www.sonoraenequipo.com.mx\/api\/wp\/v2\/categories?post=236938"},{"taxonomy":"post_tag","embeddable":true,"href":"https:\/\/www.sonoraenequipo.com.mx\/api\/wp\/v2\/tags?post=236938"}],"curies":[{"name":"wp","href":"https:\/\/api.w.org\/{rel}","templated":true}]}}