{"id":236940,"date":"2026-03-08T23:00:03","date_gmt":"2026-03-09T06:00:03","guid":{"rendered":"https:\/\/www.sonoraenequipo.com.mx\/?p=236940"},"modified":"2026-03-09T10:06:11","modified_gmt":"2026-03-09T17:06:11","slug":"con-saldo-blanco-y-asistencia-de-mas-de-120-mil-mujeres-concluye-marcha-por-el-8m-en-cdmx","status":"publish","type":"post","link":"https:\/\/www.sonoraenequipo.com.mx\/con-saldo-blanco-y-asistencia-de-mas-de-120-mil-mujeres-concluye-marcha-por-el-8m-en-cdmx\/","title":{"rendered":"Con saldo blanco y asistencia de mas de 120 mil mujeres concluye marcha por el 8M en CDMX"},"content":{"rendered":"<p><strong>CDMX. M\u00c9XICO. \u2014<\/strong>\u00a0 Con saldo blanco y la participaci\u00f3n de m\u00e1s de 120 mil mujeres concluy\u00f3 la movilizaci\u00f3n en calles de la Ciudad de M\u00e9xico para conmemorar el D\u00eda Internacional de las Mujeres, inform\u00f3 la jefa de Gobierno, Clara Brugada.<\/p>\n<p>&nbsp;<\/p>\n<p>&nbsp;<\/p>\n<p>&nbsp;<\/p>\n<p> <\/p>\n<p>La mandataria destac\u00f3 que las mujeres tomaron las calles de manera pac\u00edfica, pero lament\u00f3 que al concluir la jornada, un grupo mayoritariamente de hombres haya vandalizado uno de los edificios del Gobierno de la Ciudad de M\u00e9xico.<\/p>\n<p>&nbsp;<\/p>\n<p>&nbsp;<\/p>\n<p>&nbsp;<\/p>\n<p>En sus redes sociales, la mandataria asegur\u00f3 que este grupo -que intent\u00f3 derribar con las vallas la puerta de uno de los edificios de Gobierno-, fue retirado por las mismas manifestantes.<\/p>\n<p>&nbsp;<\/p>\n<p>&nbsp;<\/p>\n<p>&nbsp;<\/p>\n<p>Dijo que la ciudad demostr\u00f3 una vez m\u00e1s que es una capital de derechos y libertades, donde se respeta y garantizar plenamente cualquier expresi\u00f3n y manifestaci\u00f3n.<\/p>\n<p>&nbsp;<\/p>\n<p>&nbsp;<\/p>\n<p>&nbsp;<\/p>\n<p>Tambi\u00e9n reconoci\u00f3 y agradeci\u00f3 la labor de las mujeres polic\u00edas que acompa\u00f1aron la movilizaci\u00f3n y salvaguardaron la integridad de las asistentes. \u201cCuando las mujeres alzan la voz, la sociedad avanza y cuando sus derechos se garantizan, la justicia se fortalece\u201d, expres\u00f3.<\/p>\n<p>&nbsp;<\/p>\n<p>&nbsp;<\/p>\n<p>&nbsp;<\/p>\n<p>PUBLICADO EL 08 MARZO DE 2026 Con informaci\u00f3n de CDMX)\/La Jornada)<\/p>\n","protected":false},"excerpt":{"rendered":"<p>CDMX. M\u00c9XICO. \u2014\u00a0 Con saldo blanco y la participaci\u00f3n de m\u00e1s de 120 mil mujeres&#8230;<\/p>\n","protected":false},"author":1,"featured_media":236941,"comment_status":"open","ping_status":"open","sticky":false,"template":"","format":"standard","meta":{"_monsterinsights_skip_tracking":false,"_monsterinsights_sitenote_active":false,"_monsterinsights_sitenote_note":"","_monsterinsights_sitenote_category":0,"footnotes":""},"categories":[5],"tags":[],"class_list":["post"],"yoast_head":" \n<title>Sonora en Equipo. Con saldo blanco y asistencia de mas de 120 mil mujeres concluye marcha por el 8M en CDMX Rep\u00fablica<\/title>\n<meta name=\"description\" content=\"CDMX. M\u00c9XICO. \u2014\u00a0 Con saldo blanco y la participaci\u00f3n de m\u00e1s de 120 mil mujeres concluy\u00f3 la movilizaci\u00f3n en calles de la Ciudad de M\u00e9xico para conmemorar En Sonora en Equipo publicamos toda la informaci\u00f3n de Sonora, M\u00e9xico y el Mundo de manera oportuna y busca que la libertad de expresi\u00f3n sea real. Visita nuestro medio informativo publicado desde Hermosillo, Sonora. %\" \/>\n<meta name=\"robots\" content=\"index, follow, max-snippet:-1, max-image-preview:large, max-video-preview:-1\" \/>\n<link rel=\"canonical\" href=\"https:\/\/www.sonoraenequipo.com.mx\/con-saldo-blanco-y-asistencia-de-mas-de-120-mil-mujeres-concluye-marcha-por-el-8m-en-cdmx\/\" \/>\n<meta property=\"og:locale\" content=\"es_ES\" \/>\n<meta property=\"og:type\" content=\"article\" \/>\n<meta property=\"og:title\" content=\"Sonora en Equipo. Con saldo blanco y asistencia de mas de 120 mil mujeres concluye marcha por el 8M en CDMX Rep\u00fablica\" \/>\n<meta property=\"og:description\" content=\"CDMX. M\u00c9XICO. \u2014\u00a0 Con saldo blanco y la participaci\u00f3n de m\u00e1s de 120 mil mujeres concluy\u00f3 la movilizaci\u00f3n en calles de la Ciudad de M\u00e9xico para conmemorar En Sonora en Equipo publicamos toda la informaci\u00f3n de Sonora, M\u00e9xico y el Mundo de manera oportuna y busca que la libertad de expresi\u00f3n sea real. Visita nuestro medio informativo publicado desde Hermosillo, Sonora. %\" \/>\n<meta property=\"og:url\" content=\"https:\/\/www.sonoraenequipo.com.mx\/con-saldo-blanco-y-asistencia-de-mas-de-120-mil-mujeres-concluye-marcha-por-el-8m-en-cdmx\/\" \/>\n<meta property=\"og:site_name\" content=\"Sonora en Equipo.\" \/>\n<meta property=\"article:publisher\" content=\"https:\/\/www.facebook.com\/SonoraEE\/\" \/>\n<meta property=\"article:author\" content=\"https:\/\/www.facebook.com\/SonoraEE\" \/>\n<meta property=\"article:published_time\" content=\"2026-03-09T06:00:03+00:00\" \/>\n<meta property=\"article:modified_time\" content=\"2026-03-09T17:06:11+00:00\" \/>\n<meta property=\"og:image\" content=\"https:\/\/www.sonoraenequipo.com.mx\/storage\/2026\/03\/con-saldo-blanco-y-asistencia-de-mas-de-120-mil-mujeres-concluye-marcha-por-el-8m-en-cdmx-1.jpg\" \/>\n\t<meta property=\"og:image:width\" content=\"1000\" \/>\n\t<meta property=\"og:image:height\" content=\"666\" \/>\n\t<meta property=\"og:image:type\" content=\"image\/jpeg\" \/>\n<meta name=\"author\" content=\"enequipo\" \/>\n<meta name=\"twitter:card\" content=\"summary_large_image\" \/>\n<meta name=\"twitter:creator\" content=\"@sonoraenequipo\" \/>\n<meta name=\"twitter:site\" content=\"@sonoraenequipo\" \/>\n<meta name=\"twitter:label1\" content=\"Escrito por\" \/>\n\t<meta name=\"twitter:data1\" content=\"enequipo\" \/>\n\t<meta name=\"twitter:label2\" content=\"Tiempo de lectura\" \/>\n\t<meta name=\"twitter:data2\" content=\"1 minuto\" \/>\n<script type=\"application\/ld+json\" class=\"yoast-schema-graph\">{\"@context\":\"https:\/\/schema.org\",\"@graph\":[{\"@type\":\"Article\",\"@id\":\"https:\/\/www.sonoraenequipo.com.mx\/con-saldo-blanco-y-asistencia-de-mas-de-120-mil-mujeres-concluye-marcha-por-el-8m-en-cdmx\/#article\",\"isPartOf\":{\"@id\":\"https:\/\/www.sonoraenequipo.com.mx\/con-saldo-blanco-y-asistencia-de-mas-de-120-mil-mujeres-concluye-marcha-por-el-8m-en-cdmx\/\"},\"author\":{\"name\":\"enequipo\",\"@id\":\"https:\/\/www.sonoraenequipo.com.mx\/#\/schema\/person\/50102df0fb23a8fa9e8effad8fa81386\"},\"headline\":\"Con saldo blanco y asistencia de mas de 120 mil mujeres concluye marcha por el 8M en CDMX\",\"datePublished\":\"2026-03-09T06:00:03+00:00\",\"dateModified\":\"2026-03-09T17:06:11+00:00\",\"mainEntityOfPage\":{\"@id\":\"https:\/\/www.sonoraenequipo.com.mx\/con-saldo-blanco-y-asistencia-de-mas-de-120-mil-mujeres-concluye-marcha-por-el-8m-en-cdmx\/\"},\"wordCount\":231,\"commentCount\":0,\"publisher\":{\"@id\":\"https:\/\/www.sonoraenequipo.com.mx\/#organization\"},\"image\":{\"@id\":\"https:\/\/www.sonoraenequipo.com.mx\/con-saldo-blanco-y-asistencia-de-mas-de-120-mil-mujeres-concluye-marcha-por-el-8m-en-cdmx\/#primaryimage\"},\"thumbnailUrl\":\"https:\/\/www.sonoraenequipo.com.mx\/storage\/2026\/03\/con-saldo-blanco-y-asistencia-de-mas-de-120-mil-mujeres-concluye-marcha-por-el-8m-en-cdmx-1.jpg\",\"articleSection\":[\"Rep\u00fablica\"],\"inLanguage\":\"es\",\"potentialAction\":[{\"@type\":\"CommentAction\",\"name\":\"Comment\",\"target\":[\"https:\/\/www.sonoraenequipo.com.mx\/con-saldo-blanco-y-asistencia-de-mas-de-120-mil-mujeres-concluye-marcha-por-el-8m-en-cdmx\/#respond\"]}]},{\"@type\":\"WebPage\",\"@id\":\"https:\/\/www.sonoraenequipo.com.mx\/con-saldo-blanco-y-asistencia-de-mas-de-120-mil-mujeres-concluye-marcha-por-el-8m-en-cdmx\/\",\"url\":\"https:\/\/www.sonoraenequipo.com.mx\/con-saldo-blanco-y-asistencia-de-mas-de-120-mil-mujeres-concluye-marcha-por-el-8m-en-cdmx\/\",\"name\":\"Sonora en Equipo. Con saldo blanco y asistencia de mas de 120 mil mujeres concluye marcha por el 8M en CDMX Rep\u00fablica\",\"isPartOf\":{\"@id\":\"https:\/\/www.sonoraenequipo.com.mx\/#website\"},\"primaryImageOfPage\":{\"@id\":\"https:\/\/www.sonoraenequipo.com.mx\/con-saldo-blanco-y-asistencia-de-mas-de-120-mil-mujeres-concluye-marcha-por-el-8m-en-cdmx\/#primaryimage\"},\"image\":{\"@id\":\"https:\/\/www.sonoraenequipo.com.mx\/con-saldo-blanco-y-asistencia-de-mas-de-120-mil-mujeres-concluye-marcha-por-el-8m-en-cdmx\/#primaryimage\"},\"thumbnailUrl\":\"https:\/\/www.sonoraenequipo.com.mx\/storage\/2026\/03\/con-saldo-blanco-y-asistencia-de-mas-de-120-mil-mujeres-concluye-marcha-por-el-8m-en-cdmx-1.jpg\",\"datePublished\":\"2026-03-09T06:00:03+00:00\",\"dateModified\":\"2026-03-09T17:06:11+00:00\",\"description\":\"CDMX. M\u00c9XICO. \u2014\u00a0 Con saldo blanco y la participaci\u00f3n de m\u00e1s de 120 mil mujeres concluy\u00f3 la movilizaci\u00f3n en calles de la Ciudad de M\u00e9xico para conmemorar En Sonora en Equipo publicamos toda la informaci\u00f3n de Sonora, M\u00e9xico y el Mundo de manera oportuna y busca que la libertad de expresi\u00f3n sea real. Visita nuestro medio informativo publicado desde Hermosillo, Sonora. %\",\"breadcrumb\":{\"@id\":\"https:\/\/www.sonoraenequipo.com.mx\/con-saldo-blanco-y-asistencia-de-mas-de-120-mil-mujeres-concluye-marcha-por-el-8m-en-cdmx\/#breadcrumb\"},\"inLanguage\":\"es\",\"potentialAction\":[{\"@type\":\"ReadAction\",\"target\":[\"https:\/\/www.sonoraenequipo.com.mx\/con-saldo-blanco-y-asistencia-de-mas-de-120-mil-mujeres-concluye-marcha-por-el-8m-en-cdmx\/\"]}]},{\"@type\":\"ImageObject\",\"inLanguage\":\"es\",\"@id\":\"https:\/\/www.sonoraenequipo.com.mx\/con-saldo-blanco-y-asistencia-de-mas-de-120-mil-mujeres-concluye-marcha-por-el-8m-en-cdmx\/#primaryimage\",\"url\":\"https:\/\/www.sonoraenequipo.com.mx\/storage\/2026\/03\/con-saldo-blanco-y-asistencia-de-mas-de-120-mil-mujeres-concluye-marcha-por-el-8m-en-cdmx-1.jpg\",\"contentUrl\":\"https:\/\/www.sonoraenequipo.com.mx\/storage\/2026\/03\/con-saldo-blanco-y-asistencia-de-mas-de-120-mil-mujeres-concluye-marcha-por-el-8m-en-cdmx-1.jpg\",\"width\":1000,\"height\":666},{\"@type\":\"BreadcrumbList\",\"@id\":\"https:\/\/www.sonoraenequipo.com.mx\/con-saldo-blanco-y-asistencia-de-mas-de-120-mil-mujeres-concluye-marcha-por-el-8m-en-cdmx\/#breadcrumb\",\"itemListElement\":[{\"@type\":\"ListItem\",\"position\":1,\"name\":\"Portada\",\"item\":\"https:\/\/www.sonoraenequipo.com.mx\/\"},{\"@type\":\"ListItem\",\"position\":2,\"name\":\"Con saldo blanco y asistencia de mas de 120 mil mujeres concluye marcha por el 8M en CDMX\"}]},{\"@type\":\"WebSite\",\"@id\":\"https:\/\/www.sonoraenequipo.com.mx\/#website\",\"url\":\"https:\/\/www.sonoraenequipo.com.mx\/\",\"name\":\"Sonora en Equipo.\",\"description\":\"Diario en l\u00ednea con Noticias desde Hermosillo, Sonora\",\"publisher\":{\"@id\":\"https:\/\/www.sonoraenequipo.com.mx\/#organization\"},\"potentialAction\":[{\"@type\":\"SearchAction\",\"target\":{\"@type\":\"EntryPoint\",\"urlTemplate\":\"https:\/\/www.sonoraenequipo.com.mx\/?s={search_term_string}\"},\"query-input\":{\"@type\":\"PropertyValueSpecification\",\"valueRequired\":true,\"valueName\":\"search_term_string\"}}],\"inLanguage\":\"es\"},{\"@type\":\"Organization\",\"@id\":\"https:\/\/www.sonoraenequipo.com.mx\/#organization\",\"name\":\"Sonoraenequipo.com.mx\",\"url\":\"https:\/\/www.sonoraenequipo.com.mx\/\",\"logo\":{\"@type\":\"ImageObject\",\"inLanguage\":\"es\",\"@id\":\"https:\/\/www.sonoraenequipo.com.mx\/#\/schema\/logo\/image\/\",\"url\":\"https:\/\/www.sonoraenequipo.com.mx\/storage\/2019\/01\/sonoraenequipo_opt.png\",\"contentUrl\":\"https:\/\/www.sonoraenequipo.com.mx\/storage\/2019\/01\/sonoraenequipo_opt.png\",\"width\":375,\"height\":125,\"caption\":\"Sonoraenequipo.com.mx\"},\"image\":{\"@id\":\"https:\/\/www.sonoraenequipo.com.mx\/#\/schema\/logo\/image\/\"},\"sameAs\":[\"https:\/\/www.facebook.com\/SonoraEE\/\",\"https:\/\/x.com\/sonoraenequipo\",\"https:\/\/www.youtube.com\/channel\/UC338nW-lPEYmJQs4ZABQ1SQ\"]},{\"@type\":\"Person\",\"@id\":\"https:\/\/www.sonoraenequipo.com.mx\/#\/schema\/person\/50102df0fb23a8fa9e8effad8fa81386\",\"name\":\"enequipo\",\"image\":{\"@type\":\"ImageObject\",\"inLanguage\":\"es\",\"@id\":\"https:\/\/www.sonoraenequipo.com.mx\/#\/schema\/person\/image\/\",\"url\":\"https:\/\/secure.gravatar.com\/avatar\/049821681b589dabc0bc20695993ccebb09f5b5d4d790cd9251b97faac7c652b?s=96&d=blank&r=g\",\"contentUrl\":\"https:\/\/secure.gravatar.com\/avatar\/049821681b589dabc0bc20695993ccebb09f5b5d4d790cd9251b97faac7c652b?s=96&d=blank&r=g\",\"caption\":\"enequipo\"},\"sameAs\":[\"https:\/\/www.facebook.com\/SonoraEE\"]}]}<\/script>\n ","yoast_head_json":{"title":"Sonora en Equipo. Con saldo blanco y asistencia de mas de 120 mil mujeres concluye marcha por el 8M en CDMX Rep\u00fablica","description":"CDMX. M\u00c9XICO. \u2014\u00a0 Con saldo blanco y la participaci\u00f3n de m\u00e1s de 120 mil mujeres concluy\u00f3 la movilizaci\u00f3n en calles de la Ciudad de M\u00e9xico para conmemorar En Sonora en Equipo publicamos toda la informaci\u00f3n de Sonora, M\u00e9xico y el Mundo de manera oportuna y busca que la libertad de expresi\u00f3n sea real. Visita nuestro medio informativo publicado desde Hermosillo, Sonora. %","robots":{"index":"index","follow":"follow","max-snippet":"max-snippet:-1","max-image-preview":"max-image-preview:large","max-video-preview":"max-video-preview:-1"},"canonical":"https:\/\/www.sonoraenequipo.com.mx\/con-saldo-blanco-y-asistencia-de-mas-de-120-mil-mujeres-concluye-marcha-por-el-8m-en-cdmx\/","og_locale":"es_ES","og_type":"article","og_title":"Sonora en Equipo. Con saldo blanco y asistencia de mas de 120 mil mujeres concluye marcha por el 8M en CDMX Rep\u00fablica","og_description":"CDMX. M\u00c9XICO. \u2014\u00a0 Con saldo blanco y la participaci\u00f3n de m\u00e1s de 120 mil mujeres concluy\u00f3 la movilizaci\u00f3n en calles de la Ciudad de M\u00e9xico para conmemorar En Sonora en Equipo publicamos toda la informaci\u00f3n de Sonora, M\u00e9xico y el Mundo de manera oportuna y busca que la libertad de expresi\u00f3n sea real. Visita nuestro medio informativo publicado desde Hermosillo, Sonora. %","og_url":"https:\/\/www.sonoraenequipo.com.mx\/con-saldo-blanco-y-asistencia-de-mas-de-120-mil-mujeres-concluye-marcha-por-el-8m-en-cdmx\/","og_site_name":"Sonora en Equipo.","article_publisher":"https:\/\/www.facebook.com\/SonoraEE\/","article_author":"https:\/\/www.facebook.com\/SonoraEE","article_published_time":"2026-03-09T06:00:03+00:00","article_modified_time":"2026-03-09T17:06:11+00:00","og_image":[{"width":1000,"height":666,"url":"https:\/\/www.sonoraenequipo.com.mx\/storage\/2026\/03\/con-saldo-blanco-y-asistencia-de-mas-de-120-mil-mujeres-concluye-marcha-por-el-8m-en-cdmx-1.jpg","type":"image\/jpeg"}],"author":"enequipo","twitter_card":"summary_large_image","twitter_creator":"@sonoraenequipo","twitter_site":"@sonoraenequipo","twitter_misc":{"Escrito por":"enequipo","Tiempo de lectura":"1 minuto"},"schema":{"@context":"https:\/\/schema.org","@graph":[{"@type":"Article","@id":"https:\/\/www.sonoraenequipo.com.mx\/con-saldo-blanco-y-asistencia-de-mas-de-120-mil-mujeres-concluye-marcha-por-el-8m-en-cdmx\/#article","isPartOf":{"@id":"https:\/\/www.sonoraenequipo.com.mx\/con-saldo-blanco-y-asistencia-de-mas-de-120-mil-mujeres-concluye-marcha-por-el-8m-en-cdmx\/"},"author":{"name":"enequipo","@id":"https:\/\/www.sonoraenequipo.com.mx\/#\/schema\/person\/50102df0fb23a8fa9e8effad8fa81386"},"headline":"Con saldo blanco y asistencia de mas de 120 mil mujeres concluye marcha por el 8M en CDMX","datePublished":"2026-03-09T06:00:03+00:00","dateModified":"2026-03-09T17:06:11+00:00","mainEntityOfPage":{"@id":"https:\/\/www.sonoraenequipo.com.mx\/con-saldo-blanco-y-asistencia-de-mas-de-120-mil-mujeres-concluye-marcha-por-el-8m-en-cdmx\/"},"wordCount":231,"commentCount":0,"publisher":{"@id":"https:\/\/www.sonoraenequipo.com.mx\/#organization"},"image":{"@id":"https:\/\/www.sonoraenequipo.com.mx\/con-saldo-blanco-y-asistencia-de-mas-de-120-mil-mujeres-concluye-marcha-por-el-8m-en-cdmx\/#primaryimage"},"thumbnailUrl":"https:\/\/www.sonoraenequipo.com.mx\/storage\/2026\/03\/con-saldo-blanco-y-asistencia-de-mas-de-120-mil-mujeres-concluye-marcha-por-el-8m-en-cdmx-1.jpg","articleSection":["Rep\u00fablica"],"inLanguage":"es","potentialAction":[{"@type":"CommentAction","name":"Comment","target":["https:\/\/www.sonoraenequipo.com.mx\/con-saldo-blanco-y-asistencia-de-mas-de-120-mil-mujeres-concluye-marcha-por-el-8m-en-cdmx\/#respond"]}]},{"@type":"WebPage","@id":"https:\/\/www.sonoraenequipo.com.mx\/con-saldo-blanco-y-asistencia-de-mas-de-120-mil-mujeres-concluye-marcha-por-el-8m-en-cdmx\/","url":"https:\/\/www.sonoraenequipo.com.mx\/con-saldo-blanco-y-asistencia-de-mas-de-120-mil-mujeres-concluye-marcha-por-el-8m-en-cdmx\/","name":"Sonora en Equipo. Con saldo blanco y asistencia de mas de 120 mil mujeres concluye marcha por el 8M en CDMX Rep\u00fablica","isPartOf":{"@id":"https:\/\/www.sonoraenequipo.com.mx\/#website"},"primaryImageOfPage":{"@id":"https:\/\/www.sonoraenequipo.com.mx\/con-saldo-blanco-y-asistencia-de-mas-de-120-mil-mujeres-concluye-marcha-por-el-8m-en-cdmx\/#primaryimage"},"image":{"@id":"https:\/\/www.sonoraenequipo.com.mx\/con-saldo-blanco-y-asistencia-de-mas-de-120-mil-mujeres-concluye-marcha-por-el-8m-en-cdmx\/#primaryimage"},"thumbnailUrl":"https:\/\/www.sonoraenequipo.com.mx\/storage\/2026\/03\/con-saldo-blanco-y-asistencia-de-mas-de-120-mil-mujeres-concluye-marcha-por-el-8m-en-cdmx-1.jpg","datePublished":"2026-03-09T06:00:03+00:00","dateModified":"2026-03-09T17:06:11+00:00","description":"CDMX. M\u00c9XICO. \u2014\u00a0 Con saldo blanco y la participaci\u00f3n de m\u00e1s de 120 mil mujeres concluy\u00f3 la movilizaci\u00f3n en calles de la Ciudad de M\u00e9xico para conmemorar En Sonora en Equipo publicamos toda la informaci\u00f3n de Sonora, M\u00e9xico y el Mundo de manera oportuna y busca que la libertad de expresi\u00f3n sea real. Visita nuestro medio informativo publicado desde Hermosillo, Sonora. %","breadcrumb":{"@id":"https:\/\/www.sonoraenequipo.com.mx\/con-saldo-blanco-y-asistencia-de-mas-de-120-mil-mujeres-concluye-marcha-por-el-8m-en-cdmx\/#breadcrumb"},"inLanguage":"es","potentialAction":[{"@type":"ReadAction","target":["https:\/\/www.sonoraenequipo.com.mx\/con-saldo-blanco-y-asistencia-de-mas-de-120-mil-mujeres-concluye-marcha-por-el-8m-en-cdmx\/"]}]},{"@type":"ImageObject","inLanguage":"es","@id":"https:\/\/www.sonoraenequipo.com.mx\/con-saldo-blanco-y-asistencia-de-mas-de-120-mil-mujeres-concluye-marcha-por-el-8m-en-cdmx\/#primaryimage","url":"https:\/\/www.sonoraenequipo.com.mx\/storage\/2026\/03\/con-saldo-blanco-y-asistencia-de-mas-de-120-mil-mujeres-concluye-marcha-por-el-8m-en-cdmx-1.jpg","contentUrl":"https:\/\/www.sonoraenequipo.com.mx\/storage\/2026\/03\/con-saldo-blanco-y-asistencia-de-mas-de-120-mil-mujeres-concluye-marcha-por-el-8m-en-cdmx-1.jpg","width":1000,"height":666},{"@type":"BreadcrumbList","@id":"https:\/\/www.sonoraenequipo.com.mx\/con-saldo-blanco-y-asistencia-de-mas-de-120-mil-mujeres-concluye-marcha-por-el-8m-en-cdmx\/#breadcrumb","itemListElement":[{"@type":"ListItem","position":1,"name":"Portada","item":"https:\/\/www.sonoraenequipo.com.mx\/"},{"@type":"ListItem","position":2,"name":"Con saldo blanco y asistencia de mas de 120 mil mujeres concluye marcha por el 8M en CDMX"}]},{"@type":"WebSite","@id":"https:\/\/www.sonoraenequipo.com.mx\/#website","url":"https:\/\/www.sonoraenequipo.com.mx\/","name":"Sonora en Equipo.","description":"Diario en l\u00ednea con Noticias desde Hermosillo, Sonora","publisher":{"@id":"https:\/\/www.sonoraenequipo.com.mx\/#organization"},"potentialAction":[{"@type":"SearchAction","target":{"@type":"EntryPoint","urlTemplate":"https:\/\/www.sonoraenequipo.com.mx\/?s={search_term_string}"},"query-input":{"@type":"PropertyValueSpecification","valueRequired":true,"valueName":"search_term_string"}}],"inLanguage":"es"},{"@type":"Organization","@id":"https:\/\/www.sonoraenequipo.com.mx\/#organization","name":"Sonoraenequipo.com.mx","url":"https:\/\/www.sonoraenequipo.com.mx\/","logo":{"@type":"ImageObject","inLanguage":"es","@id":"https:\/\/www.sonoraenequipo.com.mx\/#\/schema\/logo\/image\/","url":"https:\/\/www.sonoraenequipo.com.mx\/storage\/2019\/01\/sonoraenequipo_opt.png","contentUrl":"https:\/\/www.sonoraenequipo.com.mx\/storage\/2019\/01\/sonoraenequipo_opt.png","width":375,"height":125,"caption":"Sonoraenequipo.com.mx"},"image":{"@id":"https:\/\/www.sonoraenequipo.com.mx\/#\/schema\/logo\/image\/"},"sameAs":["https:\/\/www.facebook.com\/SonoraEE\/","https:\/\/x.com\/sonoraenequipo","https:\/\/www.youtube.com\/channel\/UC338nW-lPEYmJQs4ZABQ1SQ"]},{"@type":"Person","@id":"https:\/\/www.sonoraenequipo.com.mx\/#\/schema\/person\/50102df0fb23a8fa9e8effad8fa81386","name":"enequipo","image":{"@type":"ImageObject","inLanguage":"es","@id":"https:\/\/www.sonoraenequipo.com.mx\/#\/schema\/person\/image\/","url":"https:\/\/secure.gravatar.com\/avatar\/049821681b589dabc0bc20695993ccebb09f5b5d4d790cd9251b97faac7c652b?s=96&d=blank&r=g","contentUrl":"https:\/\/secure.gravatar.com\/avatar\/049821681b589dabc0bc20695993ccebb09f5b5d4d790cd9251b97faac7c652b?s=96&d=blank&r=g","caption":"enequipo"},"sameAs":["https:\/\/www.facebook.com\/SonoraEE"]}]}},"jetpack_featured_media_url":"https:\/\/www.sonoraenequipo.com.mx\/storage\/2026\/03\/con-saldo-blanco-y-asistencia-de-mas-de-120-mil-mujeres-concluye-marcha-por-el-8m-en-cdmx-1.jpg","_links":{"self":[{"href":"https:\/\/www.sonoraenequipo.com.mx\/api\/wp\/v2\/posts\/236940","targetHints":{"allow":["GET"]}}],"collection":[{"href":"https:\/\/www.sonoraenequipo.com.mx\/api\/wp\/v2\/posts"}],"about":[{"href":"https:\/\/www.sonoraenequipo.com.mx\/api\/wp\/v2\/types\/post"}],"author":[{"embeddable":true,"href":"https:\/\/www.sonoraenequipo.com.mx\/api\/wp\/v2\/users\/1"}],"replies":[{"embeddable":true,"href":"https:\/\/www.sonoraenequipo.com.mx\/api\/wp\/v2\/comments?post=236940"}],"version-history":[{"count":1,"href":"https:\/\/www.sonoraenequipo.com.mx\/api\/wp\/v2\/posts\/236940\/revisions"}],"predecessor-version":[{"id":236942,"href":"https:\/\/www.sonoraenequipo.com.mx\/api\/wp\/v2\/posts\/236940\/revisions\/236942"}],"wp:featuredmedia":[{"embeddable":true,"href":"https:\/\/www.sonoraenequipo.com.mx\/api\/wp\/v2\/media\/236941"}],"wp:attachment":[{"href":"https:\/\/www.sonoraenequipo.com.mx\/api\/wp\/v2\/media?parent=236940"}],"wp:term":[{"taxonomy":"category","embeddable":true,"href":"https:\/\/www.sonoraenequipo.com.mx\/api\/wp\/v2\/categories?post=236940"},{"taxonomy":"post_tag","embeddable":true,"href":"https:\/\/www.sonoraenequipo.com.mx\/api\/wp\/v2\/tags?post=236940"}],"curies":[{"name":"wp","href":"https:\/\/api.w.org\/{rel}","templated":true}]}}