{"id":236944,"date":"2026-03-09T11:25:35","date_gmt":"2026-03-09T18:25:35","guid":{"rendered":"https:\/\/www.sonoraenequipo.com.mx\/?p=236944"},"modified":"2026-03-09T11:25:35","modified_gmt":"2026-03-09T18:25:35","slug":"acusan-a-alcalde-de-tlalpan-de-apropiarse-de-puesto-semifijo-decomisado","status":"publish","type":"post","link":"https:\/\/www.sonoraenequipo.com.mx\/acusan-a-alcalde-de-tlalpan-de-apropiarse-de-puesto-semifijo-decomisado\/","title":{"rendered":"Acusan a alcalde de Tlalpan de apropiarse de puesto semifijo decomisado"},"content":{"rendered":"<p>&nbsp;<\/p>\n<p><strong>TLALPAN, CIUDAD DE M\u00c9XICO, MX. \u2014<\/strong> Comerciantes de la alcald\u00eda Tlalpan denunciaron p\u00fablicamente al director de Gobierno de la demarcaci\u00f3n, Juan Pablo Tlatempa, por la presunta apropiaci\u00f3n indebida de un puesto semifijo decomisado por personal de v\u00eda p\u00fablica, el cual hasta el momento no ha sido devuelto a su propietaria pese a que la autoridad tiene la obligaci\u00f3n de resguardar y entregar los bienes retirados durante operativos administrativos.<\/p>\n<p>&nbsp;<\/p>\n<p>La denuncia fue presentada por Mar\u00eda de los \u00c1ngeles Garc\u00eda Grimaldo, dirigente de la organizaci\u00f3n de comerciantes La Esperanza, quien afirm\u00f3 que el puesto \u2014valuado en aproximadamente 20 mil pesos\u2014 fue retirado por inspectores de la alcald\u00eda y posteriormente desapareci\u00f3 de las instalaciones donde deb\u00eda permanecer bajo resguardo oficial.<\/p>\n<p>&nbsp;<\/p>\n<p>De acuerdo con la dirigente, existe evidencia en video en la que se observa a personal de la alcald\u00eda subiendo el puesto a una camioneta oficial durante un operativo, lo que \u2014dijo\u2014 deja claro que el bien qued\u00f3 bajo responsabilidad de las autoridades encabezadas por el director de Gobierno.<\/p>\n<p>&nbsp;<\/p>\n<p>\u201cEllos pueden levantar un puesto si consideran que no tiene permiso, pero no pueden quedarse con \u00e9l. La autoridad tiene la obligaci\u00f3n de devolver los bienes decomisados. Ese puesto es una herramienta de trabajo y tiene due\u00f1o\u201d, afirm\u00f3.<\/p>\n<p>&nbsp;<\/p>\n<p>El puesto retirado ten\u00eda m\u00e1s de 20 a\u00f1os de antig\u00fcedad, con antecedentes documentados desde el a\u00f1o 2000, lo que lo ubica dentro de los llamados puestos tolerados, una figura que durante a\u00f1os ha permitido regular la actividad comercial en v\u00eda p\u00fablica mediante acuerdos operativos entre comerciantes y autoridades.<\/p>\n<p>&nbsp;<\/p>\n<p>La dirigente explic\u00f3 que hist\u00f3ricamente, cuando la autoridad retiraba un puesto, los comerciantes pod\u00edan recuperar su estructura y sus enseres, aun cuando se les prohibiera reinstalarse en el mismo sitio.<\/p>\n<p>&nbsp;<\/p>\n<p>\u201cEso siempre se ha respetado. Si te levantan el puesto, lo recoges y te lo llevas a tu casa. Nunca antes se hab\u00edan quedado con los puestos. Esta es la primera vez que ocurre algo as\u00ed\u201d, se\u00f1al\u00f3.<\/p>\n<p>&nbsp;<\/p>\n<p>Los comerciantes consideran que la desaparici\u00f3n del puesto podr\u00eda constituir un posible abuso de autoridad o incluso la apropiaci\u00f3n indebida de bienes por parte de funcionarios p\u00fablicos.<\/p>\n<p>&nbsp;<\/p>\n<p>Pero la denuncia no se limita a este caso.<\/p>\n<p>&nbsp;<\/p>\n<p>Comerciantes de Tlalpan aseguran que desde la llegada de Juan Pablo Tlatempa a la Direcci\u00f3n de Gobierno se ha iniciado una presi\u00f3n sistem\u00e1tica contra comerciantes con a\u00f1os de antig\u00fcedad, mientras al mismo tiempo han aparecido cientos de nuevos puestos en distintas zonas de la alcald\u00eda.<\/p>\n<p>&nbsp;<\/p>\n<p>Seg\u00fan estimaciones de las organizaciones de comerciantes, al menos 300 nuevos puestos habr\u00edan surgido en lo que va de la actual administraci\u00f3n, particularmente en zonas como Picacho-Ajusco, Miramontes, Villa Coapa, San Fernando y la zona de hospitales.<\/p>\n<p>&nbsp;<\/p>\n<p>\u201cNosotros mismos reportamos los puestos nuevos desde noviembre. Nos dijeron que iban a actuar, pero nunca hicieron nada. Los puestos siguen ah\u00ed\u201d, afirm\u00f3 Garc\u00eda Grimaldo.<\/p>\n<p>&nbsp;<\/p>\n<p>La dirigente tambi\u00e9n critic\u00f3 que el funcionario ha incrementado su protagonismo p\u00fablico en los \u00faltimos meses, difundiendo operativos y acciones de gobierno, pero sin resolver los conflictos que enfrentan los comerciantes.<\/p>\n<p>&nbsp;<\/p>\n<p>\u201cEs mucho protagonismo y poca soluci\u00f3n. Cuando lo buscamos no responde llamadas, no recibe en su oficina y se encierra para no dar la cara, mientras los operativos golpean a gente que todos los d\u00edas sale a buscar su trabajo digno\u201d, se\u00f1al\u00f3.<\/p>\n<p>&nbsp;<\/p>\n<p>Garc\u00eda Grimaldo afirm\u00f3 adem\u00e1s que el funcionario cre\u00f3 recientemente un grupo de ocho personas para operar en turnos nocturnos, al considerar que los 29 trabajadores de base del \u00e1rea no est\u00e1n dando resultados, lo que \u2014dijo\u2014 ha incrementado la tensi\u00f3n entre comerciantes y autoridades.<\/p>\n<p>&nbsp;<\/p>\n<p>Finalmente, la dirigente lanz\u00f3 una cr\u00edtica pol\u00edtica al desempe\u00f1o del funcionario.<\/p>\n<p>&nbsp;<\/p>\n<p>\u201cFuncionarios como \u00e9l no ayudan en nada al proyecto pol\u00edtico de la alcaldesa Gabriela Osorio ni a una eventual reelecci\u00f3n, porque lo \u00fanico que est\u00e1n generando es conflicto social con la gente que trabaja\u201d, sostuvo.<\/p>\n<p>&nbsp;<\/p>\n<p>Ante la desaparici\u00f3n del puesto, Garc\u00eda Grimaldo advirti\u00f3 que podr\u00edan iniciar acciones legales si el bien no es devuelto.<\/p>\n<p>&nbsp;<\/p>\n<p>\u201cUna autoridad puede regular el comercio en v\u00eda p\u00fablica, pero no puede quedarse con los bienes de los trabajadores\u201d, sostuvo.<\/p>\n<p>&nbsp;<\/p>\n<p>Los comerciantes exigieron a la Alcald\u00eda Tlalpan esclarecer el paradero del puesto desaparecido y devolverlo de inmediato, adem\u00e1s de investigar el actuar de los funcionarios responsables de los operativos.<\/p>\n<p><strong>Fecha de publicaci\u00f3n domingo 8 de marzo de 2026\/ Difunet<\/strong><\/p>\n","protected":false},"excerpt":{"rendered":"<p>&nbsp; TLALPAN, CIUDAD DE M\u00c9XICO, MX. \u2014 Comerciantes de la alcald\u00eda Tlalpan denunciaron p\u00fablicamente al&#8230;<\/p>\n","protected":false},"author":1,"featured_media":236945,"comment_status":"open","ping_status":"open","sticky":false,"template":"","format":"standard","meta":{"_monsterinsights_skip_tracking":false,"_monsterinsights_sitenote_active":false,"_monsterinsights_sitenote_note":"","_monsterinsights_sitenote_category":0,"footnotes":""},"categories":[5],"tags":[12452,12451,2449],"class_list":["post"],"yoast_head":" \n<title>Sonora en Equipo. Acusan a alcalde de Tlalpan de apropiarse de puesto semifijo decomisado Rep\u00fablica<\/title>\n<meta name=\"description\" content=\"&nbsp; TLALPAN, CIUDAD DE M\u00c9XICO, MX. \u2014 Comerciantes de la alcald\u00eda Tlalpan denunciaron p\u00fablicamente al director de Gobierno de la demarcaci\u00f3n, Juan Pablo En Sonora en Equipo publicamos toda la informaci\u00f3n de Sonora, M\u00e9xico y el Mundo de manera oportuna y busca que la libertad de expresi\u00f3n sea real. Visita nuestro medio informativo publicado desde Hermosillo, Sonora. %\" \/>\n<meta name=\"robots\" content=\"index, follow, max-snippet:-1, max-image-preview:large, max-video-preview:-1\" \/>\n<link rel=\"canonical\" href=\"https:\/\/www.sonoraenequipo.com.mx\/acusan-a-alcalde-de-tlalpan-de-apropiarse-de-puesto-semifijo-decomisado\/\" \/>\n<meta property=\"og:locale\" content=\"es_ES\" \/>\n<meta property=\"og:type\" content=\"article\" \/>\n<meta property=\"og:title\" content=\"Sonora en Equipo. Acusan a alcalde de Tlalpan de apropiarse de puesto semifijo decomisado Rep\u00fablica\" \/>\n<meta property=\"og:description\" content=\"&nbsp; TLALPAN, CIUDAD DE M\u00c9XICO, MX. \u2014 Comerciantes de la alcald\u00eda Tlalpan denunciaron p\u00fablicamente al director de Gobierno de la demarcaci\u00f3n, Juan Pablo En Sonora en Equipo publicamos toda la informaci\u00f3n de Sonora, M\u00e9xico y el Mundo de manera oportuna y busca que la libertad de expresi\u00f3n sea real. Visita nuestro medio informativo publicado desde Hermosillo, Sonora. %\" \/>\n<meta property=\"og:url\" content=\"https:\/\/www.sonoraenequipo.com.mx\/acusan-a-alcalde-de-tlalpan-de-apropiarse-de-puesto-semifijo-decomisado\/\" \/>\n<meta property=\"og:site_name\" content=\"Sonora en Equipo.\" \/>\n<meta property=\"article:publisher\" content=\"https:\/\/www.facebook.com\/SonoraEE\/\" \/>\n<meta property=\"article:author\" content=\"https:\/\/www.facebook.com\/SonoraEE\" \/>\n<meta property=\"article:published_time\" content=\"2026-03-09T18:25:35+00:00\" \/>\n<meta property=\"og:image\" content=\"https:\/\/www.sonoraenequipo.com.mx\/storage\/2026\/03\/tlalpan.jpg\" \/>\n\t<meta property=\"og:image:width\" content=\"600\" \/>\n\t<meta property=\"og:image:height\" content=\"400\" \/>\n\t<meta property=\"og:image:type\" content=\"image\/jpeg\" \/>\n<meta name=\"author\" content=\"enequipo\" \/>\n<meta name=\"twitter:card\" content=\"summary_large_image\" \/>\n<meta name=\"twitter:creator\" content=\"@sonoraenequipo\" \/>\n<meta name=\"twitter:site\" content=\"@sonoraenequipo\" \/>\n<meta name=\"twitter:label1\" content=\"Escrito por\" \/>\n\t<meta name=\"twitter:data1\" content=\"enequipo\" \/>\n\t<meta name=\"twitter:label2\" content=\"Tiempo de lectura\" \/>\n\t<meta name=\"twitter:data2\" content=\"4 minutos\" \/>\n<script type=\"application\/ld+json\" class=\"yoast-schema-graph\">{\"@context\":\"https:\/\/schema.org\",\"@graph\":[{\"@type\":\"Article\",\"@id\":\"https:\/\/www.sonoraenequipo.com.mx\/acusan-a-alcalde-de-tlalpan-de-apropiarse-de-puesto-semifijo-decomisado\/#article\",\"isPartOf\":{\"@id\":\"https:\/\/www.sonoraenequipo.com.mx\/acusan-a-alcalde-de-tlalpan-de-apropiarse-de-puesto-semifijo-decomisado\/\"},\"author\":{\"name\":\"enequipo\",\"@id\":\"https:\/\/www.sonoraenequipo.com.mx\/#\/schema\/person\/50102df0fb23a8fa9e8effad8fa81386\"},\"headline\":\"Acusan a alcalde de Tlalpan de apropiarse de puesto semifijo decomisado\",\"datePublished\":\"2026-03-09T18:25:35+00:00\",\"mainEntityOfPage\":{\"@id\":\"https:\/\/www.sonoraenequipo.com.mx\/acusan-a-alcalde-de-tlalpan-de-apropiarse-de-puesto-semifijo-decomisado\/\"},\"wordCount\":791,\"commentCount\":0,\"publisher\":{\"@id\":\"https:\/\/www.sonoraenequipo.com.mx\/#organization\"},\"image\":{\"@id\":\"https:\/\/www.sonoraenequipo.com.mx\/acusan-a-alcalde-de-tlalpan-de-apropiarse-de-puesto-semifijo-decomisado\/#primaryimage\"},\"thumbnailUrl\":\"https:\/\/www.sonoraenequipo.com.mx\/storage\/2026\/03\/tlalpan.jpg\",\"keywords\":[\"puesto\",\"semifijo\",\"Tlalpan\"],\"articleSection\":[\"Rep\u00fablica\"],\"inLanguage\":\"es\",\"potentialAction\":[{\"@type\":\"CommentAction\",\"name\":\"Comment\",\"target\":[\"https:\/\/www.sonoraenequipo.com.mx\/acusan-a-alcalde-de-tlalpan-de-apropiarse-de-puesto-semifijo-decomisado\/#respond\"]}]},{\"@type\":\"WebPage\",\"@id\":\"https:\/\/www.sonoraenequipo.com.mx\/acusan-a-alcalde-de-tlalpan-de-apropiarse-de-puesto-semifijo-decomisado\/\",\"url\":\"https:\/\/www.sonoraenequipo.com.mx\/acusan-a-alcalde-de-tlalpan-de-apropiarse-de-puesto-semifijo-decomisado\/\",\"name\":\"Sonora en Equipo. Acusan a alcalde de Tlalpan de apropiarse de puesto semifijo decomisado Rep\u00fablica\",\"isPartOf\":{\"@id\":\"https:\/\/www.sonoraenequipo.com.mx\/#website\"},\"primaryImageOfPage\":{\"@id\":\"https:\/\/www.sonoraenequipo.com.mx\/acusan-a-alcalde-de-tlalpan-de-apropiarse-de-puesto-semifijo-decomisado\/#primaryimage\"},\"image\":{\"@id\":\"https:\/\/www.sonoraenequipo.com.mx\/acusan-a-alcalde-de-tlalpan-de-apropiarse-de-puesto-semifijo-decomisado\/#primaryimage\"},\"thumbnailUrl\":\"https:\/\/www.sonoraenequipo.com.mx\/storage\/2026\/03\/tlalpan.jpg\",\"datePublished\":\"2026-03-09T18:25:35+00:00\",\"description\":\"&nbsp; TLALPAN, CIUDAD DE M\u00c9XICO, MX. \u2014 Comerciantes de la alcald\u00eda Tlalpan denunciaron p\u00fablicamente al director de Gobierno de la demarcaci\u00f3n, Juan Pablo En Sonora en Equipo publicamos toda la informaci\u00f3n de Sonora, M\u00e9xico y el Mundo de manera oportuna y busca que la libertad de expresi\u00f3n sea real. Visita nuestro medio informativo publicado desde Hermosillo, Sonora. %\",\"breadcrumb\":{\"@id\":\"https:\/\/www.sonoraenequipo.com.mx\/acusan-a-alcalde-de-tlalpan-de-apropiarse-de-puesto-semifijo-decomisado\/#breadcrumb\"},\"inLanguage\":\"es\",\"potentialAction\":[{\"@type\":\"ReadAction\",\"target\":[\"https:\/\/www.sonoraenequipo.com.mx\/acusan-a-alcalde-de-tlalpan-de-apropiarse-de-puesto-semifijo-decomisado\/\"]}]},{\"@type\":\"ImageObject\",\"inLanguage\":\"es\",\"@id\":\"https:\/\/www.sonoraenequipo.com.mx\/acusan-a-alcalde-de-tlalpan-de-apropiarse-de-puesto-semifijo-decomisado\/#primaryimage\",\"url\":\"https:\/\/www.sonoraenequipo.com.mx\/storage\/2026\/03\/tlalpan.jpg\",\"contentUrl\":\"https:\/\/www.sonoraenequipo.com.mx\/storage\/2026\/03\/tlalpan.jpg\",\"width\":600,\"height\":400},{\"@type\":\"BreadcrumbList\",\"@id\":\"https:\/\/www.sonoraenequipo.com.mx\/acusan-a-alcalde-de-tlalpan-de-apropiarse-de-puesto-semifijo-decomisado\/#breadcrumb\",\"itemListElement\":[{\"@type\":\"ListItem\",\"position\":1,\"name\":\"Portada\",\"item\":\"https:\/\/www.sonoraenequipo.com.mx\/\"},{\"@type\":\"ListItem\",\"position\":2,\"name\":\"Acusan a alcalde de Tlalpan de apropiarse de puesto semifijo decomisado\"}]},{\"@type\":\"WebSite\",\"@id\":\"https:\/\/www.sonoraenequipo.com.mx\/#website\",\"url\":\"https:\/\/www.sonoraenequipo.com.mx\/\",\"name\":\"Sonora en Equipo.\",\"description\":\"Diario en l\u00ednea con Noticias desde Hermosillo, Sonora\",\"publisher\":{\"@id\":\"https:\/\/www.sonoraenequipo.com.mx\/#organization\"},\"potentialAction\":[{\"@type\":\"SearchAction\",\"target\":{\"@type\":\"EntryPoint\",\"urlTemplate\":\"https:\/\/www.sonoraenequipo.com.mx\/?s={search_term_string}\"},\"query-input\":{\"@type\":\"PropertyValueSpecification\",\"valueRequired\":true,\"valueName\":\"search_term_string\"}}],\"inLanguage\":\"es\"},{\"@type\":\"Organization\",\"@id\":\"https:\/\/www.sonoraenequipo.com.mx\/#organization\",\"name\":\"Sonoraenequipo.com.mx\",\"url\":\"https:\/\/www.sonoraenequipo.com.mx\/\",\"logo\":{\"@type\":\"ImageObject\",\"inLanguage\":\"es\",\"@id\":\"https:\/\/www.sonoraenequipo.com.mx\/#\/schema\/logo\/image\/\",\"url\":\"https:\/\/www.sonoraenequipo.com.mx\/storage\/2019\/01\/sonoraenequipo_opt.png\",\"contentUrl\":\"https:\/\/www.sonoraenequipo.com.mx\/storage\/2019\/01\/sonoraenequipo_opt.png\",\"width\":375,\"height\":125,\"caption\":\"Sonoraenequipo.com.mx\"},\"image\":{\"@id\":\"https:\/\/www.sonoraenequipo.com.mx\/#\/schema\/logo\/image\/\"},\"sameAs\":[\"https:\/\/www.facebook.com\/SonoraEE\/\",\"https:\/\/x.com\/sonoraenequipo\",\"https:\/\/www.youtube.com\/channel\/UC338nW-lPEYmJQs4ZABQ1SQ\"]},{\"@type\":\"Person\",\"@id\":\"https:\/\/www.sonoraenequipo.com.mx\/#\/schema\/person\/50102df0fb23a8fa9e8effad8fa81386\",\"name\":\"enequipo\",\"image\":{\"@type\":\"ImageObject\",\"inLanguage\":\"es\",\"@id\":\"https:\/\/www.sonoraenequipo.com.mx\/#\/schema\/person\/image\/\",\"url\":\"https:\/\/secure.gravatar.com\/avatar\/049821681b589dabc0bc20695993ccebb09f5b5d4d790cd9251b97faac7c652b?s=96&d=blank&r=g\",\"contentUrl\":\"https:\/\/secure.gravatar.com\/avatar\/049821681b589dabc0bc20695993ccebb09f5b5d4d790cd9251b97faac7c652b?s=96&d=blank&r=g\",\"caption\":\"enequipo\"},\"sameAs\":[\"https:\/\/www.facebook.com\/SonoraEE\"]}]}<\/script>\n ","yoast_head_json":{"title":"Sonora en Equipo. Acusan a alcalde de Tlalpan de apropiarse de puesto semifijo decomisado Rep\u00fablica","description":"&nbsp; TLALPAN, CIUDAD DE M\u00c9XICO, MX. \u2014 Comerciantes de la alcald\u00eda Tlalpan denunciaron p\u00fablicamente al director de Gobierno de la demarcaci\u00f3n, Juan Pablo En Sonora en Equipo publicamos toda la informaci\u00f3n de Sonora, M\u00e9xico y el Mundo de manera oportuna y busca que la libertad de expresi\u00f3n sea real. Visita nuestro medio informativo publicado desde Hermosillo, Sonora. %","robots":{"index":"index","follow":"follow","max-snippet":"max-snippet:-1","max-image-preview":"max-image-preview:large","max-video-preview":"max-video-preview:-1"},"canonical":"https:\/\/www.sonoraenequipo.com.mx\/acusan-a-alcalde-de-tlalpan-de-apropiarse-de-puesto-semifijo-decomisado\/","og_locale":"es_ES","og_type":"article","og_title":"Sonora en Equipo. Acusan a alcalde de Tlalpan de apropiarse de puesto semifijo decomisado Rep\u00fablica","og_description":"&nbsp; TLALPAN, CIUDAD DE M\u00c9XICO, MX. \u2014 Comerciantes de la alcald\u00eda Tlalpan denunciaron p\u00fablicamente al director de Gobierno de la demarcaci\u00f3n, Juan Pablo En Sonora en Equipo publicamos toda la informaci\u00f3n de Sonora, M\u00e9xico y el Mundo de manera oportuna y busca que la libertad de expresi\u00f3n sea real. Visita nuestro medio informativo publicado desde Hermosillo, Sonora. %","og_url":"https:\/\/www.sonoraenequipo.com.mx\/acusan-a-alcalde-de-tlalpan-de-apropiarse-de-puesto-semifijo-decomisado\/","og_site_name":"Sonora en Equipo.","article_publisher":"https:\/\/www.facebook.com\/SonoraEE\/","article_author":"https:\/\/www.facebook.com\/SonoraEE","article_published_time":"2026-03-09T18:25:35+00:00","og_image":[{"width":600,"height":400,"url":"https:\/\/www.sonoraenequipo.com.mx\/storage\/2026\/03\/tlalpan.jpg","type":"image\/jpeg"}],"author":"enequipo","twitter_card":"summary_large_image","twitter_creator":"@sonoraenequipo","twitter_site":"@sonoraenequipo","twitter_misc":{"Escrito por":"enequipo","Tiempo de lectura":"4 minutos"},"schema":{"@context":"https:\/\/schema.org","@graph":[{"@type":"Article","@id":"https:\/\/www.sonoraenequipo.com.mx\/acusan-a-alcalde-de-tlalpan-de-apropiarse-de-puesto-semifijo-decomisado\/#article","isPartOf":{"@id":"https:\/\/www.sonoraenequipo.com.mx\/acusan-a-alcalde-de-tlalpan-de-apropiarse-de-puesto-semifijo-decomisado\/"},"author":{"name":"enequipo","@id":"https:\/\/www.sonoraenequipo.com.mx\/#\/schema\/person\/50102df0fb23a8fa9e8effad8fa81386"},"headline":"Acusan a alcalde de Tlalpan de apropiarse de puesto semifijo decomisado","datePublished":"2026-03-09T18:25:35+00:00","mainEntityOfPage":{"@id":"https:\/\/www.sonoraenequipo.com.mx\/acusan-a-alcalde-de-tlalpan-de-apropiarse-de-puesto-semifijo-decomisado\/"},"wordCount":791,"commentCount":0,"publisher":{"@id":"https:\/\/www.sonoraenequipo.com.mx\/#organization"},"image":{"@id":"https:\/\/www.sonoraenequipo.com.mx\/acusan-a-alcalde-de-tlalpan-de-apropiarse-de-puesto-semifijo-decomisado\/#primaryimage"},"thumbnailUrl":"https:\/\/www.sonoraenequipo.com.mx\/storage\/2026\/03\/tlalpan.jpg","keywords":["puesto","semifijo","Tlalpan"],"articleSection":["Rep\u00fablica"],"inLanguage":"es","potentialAction":[{"@type":"CommentAction","name":"Comment","target":["https:\/\/www.sonoraenequipo.com.mx\/acusan-a-alcalde-de-tlalpan-de-apropiarse-de-puesto-semifijo-decomisado\/#respond"]}]},{"@type":"WebPage","@id":"https:\/\/www.sonoraenequipo.com.mx\/acusan-a-alcalde-de-tlalpan-de-apropiarse-de-puesto-semifijo-decomisado\/","url":"https:\/\/www.sonoraenequipo.com.mx\/acusan-a-alcalde-de-tlalpan-de-apropiarse-de-puesto-semifijo-decomisado\/","name":"Sonora en Equipo. Acusan a alcalde de Tlalpan de apropiarse de puesto semifijo decomisado Rep\u00fablica","isPartOf":{"@id":"https:\/\/www.sonoraenequipo.com.mx\/#website"},"primaryImageOfPage":{"@id":"https:\/\/www.sonoraenequipo.com.mx\/acusan-a-alcalde-de-tlalpan-de-apropiarse-de-puesto-semifijo-decomisado\/#primaryimage"},"image":{"@id":"https:\/\/www.sonoraenequipo.com.mx\/acusan-a-alcalde-de-tlalpan-de-apropiarse-de-puesto-semifijo-decomisado\/#primaryimage"},"thumbnailUrl":"https:\/\/www.sonoraenequipo.com.mx\/storage\/2026\/03\/tlalpan.jpg","datePublished":"2026-03-09T18:25:35+00:00","description":"&nbsp; TLALPAN, CIUDAD DE M\u00c9XICO, MX. \u2014 Comerciantes de la alcald\u00eda Tlalpan denunciaron p\u00fablicamente al director de Gobierno de la demarcaci\u00f3n, Juan Pablo En Sonora en Equipo publicamos toda la informaci\u00f3n de Sonora, M\u00e9xico y el Mundo de manera oportuna y busca que la libertad de expresi\u00f3n sea real. Visita nuestro medio informativo publicado desde Hermosillo, Sonora. %","breadcrumb":{"@id":"https:\/\/www.sonoraenequipo.com.mx\/acusan-a-alcalde-de-tlalpan-de-apropiarse-de-puesto-semifijo-decomisado\/#breadcrumb"},"inLanguage":"es","potentialAction":[{"@type":"ReadAction","target":["https:\/\/www.sonoraenequipo.com.mx\/acusan-a-alcalde-de-tlalpan-de-apropiarse-de-puesto-semifijo-decomisado\/"]}]},{"@type":"ImageObject","inLanguage":"es","@id":"https:\/\/www.sonoraenequipo.com.mx\/acusan-a-alcalde-de-tlalpan-de-apropiarse-de-puesto-semifijo-decomisado\/#primaryimage","url":"https:\/\/www.sonoraenequipo.com.mx\/storage\/2026\/03\/tlalpan.jpg","contentUrl":"https:\/\/www.sonoraenequipo.com.mx\/storage\/2026\/03\/tlalpan.jpg","width":600,"height":400},{"@type":"BreadcrumbList","@id":"https:\/\/www.sonoraenequipo.com.mx\/acusan-a-alcalde-de-tlalpan-de-apropiarse-de-puesto-semifijo-decomisado\/#breadcrumb","itemListElement":[{"@type":"ListItem","position":1,"name":"Portada","item":"https:\/\/www.sonoraenequipo.com.mx\/"},{"@type":"ListItem","position":2,"name":"Acusan a alcalde de Tlalpan de apropiarse de puesto semifijo decomisado"}]},{"@type":"WebSite","@id":"https:\/\/www.sonoraenequipo.com.mx\/#website","url":"https:\/\/www.sonoraenequipo.com.mx\/","name":"Sonora en Equipo.","description":"Diario en l\u00ednea con Noticias desde Hermosillo, Sonora","publisher":{"@id":"https:\/\/www.sonoraenequipo.com.mx\/#organization"},"potentialAction":[{"@type":"SearchAction","target":{"@type":"EntryPoint","urlTemplate":"https:\/\/www.sonoraenequipo.com.mx\/?s={search_term_string}"},"query-input":{"@type":"PropertyValueSpecification","valueRequired":true,"valueName":"search_term_string"}}],"inLanguage":"es"},{"@type":"Organization","@id":"https:\/\/www.sonoraenequipo.com.mx\/#organization","name":"Sonoraenequipo.com.mx","url":"https:\/\/www.sonoraenequipo.com.mx\/","logo":{"@type":"ImageObject","inLanguage":"es","@id":"https:\/\/www.sonoraenequipo.com.mx\/#\/schema\/logo\/image\/","url":"https:\/\/www.sonoraenequipo.com.mx\/storage\/2019\/01\/sonoraenequipo_opt.png","contentUrl":"https:\/\/www.sonoraenequipo.com.mx\/storage\/2019\/01\/sonoraenequipo_opt.png","width":375,"height":125,"caption":"Sonoraenequipo.com.mx"},"image":{"@id":"https:\/\/www.sonoraenequipo.com.mx\/#\/schema\/logo\/image\/"},"sameAs":["https:\/\/www.facebook.com\/SonoraEE\/","https:\/\/x.com\/sonoraenequipo","https:\/\/www.youtube.com\/channel\/UC338nW-lPEYmJQs4ZABQ1SQ"]},{"@type":"Person","@id":"https:\/\/www.sonoraenequipo.com.mx\/#\/schema\/person\/50102df0fb23a8fa9e8effad8fa81386","name":"enequipo","image":{"@type":"ImageObject","inLanguage":"es","@id":"https:\/\/www.sonoraenequipo.com.mx\/#\/schema\/person\/image\/","url":"https:\/\/secure.gravatar.com\/avatar\/049821681b589dabc0bc20695993ccebb09f5b5d4d790cd9251b97faac7c652b?s=96&d=blank&r=g","contentUrl":"https:\/\/secure.gravatar.com\/avatar\/049821681b589dabc0bc20695993ccebb09f5b5d4d790cd9251b97faac7c652b?s=96&d=blank&r=g","caption":"enequipo"},"sameAs":["https:\/\/www.facebook.com\/SonoraEE"]}]}},"jetpack_featured_media_url":"https:\/\/www.sonoraenequipo.com.mx\/storage\/2026\/03\/tlalpan.jpg","_links":{"self":[{"href":"https:\/\/www.sonoraenequipo.com.mx\/api\/wp\/v2\/posts\/236944","targetHints":{"allow":["GET"]}}],"collection":[{"href":"https:\/\/www.sonoraenequipo.com.mx\/api\/wp\/v2\/posts"}],"about":[{"href":"https:\/\/www.sonoraenequipo.com.mx\/api\/wp\/v2\/types\/post"}],"author":[{"embeddable":true,"href":"https:\/\/www.sonoraenequipo.com.mx\/api\/wp\/v2\/users\/1"}],"replies":[{"embeddable":true,"href":"https:\/\/www.sonoraenequipo.com.mx\/api\/wp\/v2\/comments?post=236944"}],"version-history":[{"count":1,"href":"https:\/\/www.sonoraenequipo.com.mx\/api\/wp\/v2\/posts\/236944\/revisions"}],"predecessor-version":[{"id":236946,"href":"https:\/\/www.sonoraenequipo.com.mx\/api\/wp\/v2\/posts\/236944\/revisions\/236946"}],"wp:featuredmedia":[{"embeddable":true,"href":"https:\/\/www.sonoraenequipo.com.mx\/api\/wp\/v2\/media\/236945"}],"wp:attachment":[{"href":"https:\/\/www.sonoraenequipo.com.mx\/api\/wp\/v2\/media?parent=236944"}],"wp:term":[{"taxonomy":"category","embeddable":true,"href":"https:\/\/www.sonoraenequipo.com.mx\/api\/wp\/v2\/categories?post=236944"},{"taxonomy":"post_tag","embeddable":true,"href":"https:\/\/www.sonoraenequipo.com.mx\/api\/wp\/v2\/tags?post=236944"}],"curies":[{"name":"wp","href":"https:\/\/api.w.org\/{rel}","templated":true}]}}