{"id":236947,"date":"2026-03-09T11:56:00","date_gmt":"2026-03-09T18:56:00","guid":{"rendered":"https:\/\/www.sonoraenequipo.com.mx\/?p=236947"},"modified":"2026-03-09T11:56:00","modified_gmt":"2026-03-09T18:56:00","slug":"fgjes-investiga-agresion-armada-entre-grupos-criminales-que-dejo-tres-personas-sin-vida-en-cajeme","status":"publish","type":"post","link":"https:\/\/www.sonoraenequipo.com.mx\/fgjes-investiga-agresion-armada-entre-grupos-criminales-que-dejo-tres-personas-sin-vida-en-cajeme\/","title":{"rendered":"\u00a0\u00a0 FGJES investiga agresi\u00f3n armada, entre grupos criminales que dej\u00f3 tres personas sin vida en Cajeme"},"content":{"rendered":"<p><strong>CAJEME, SONORA, MX. \u2014<\/strong> La Fiscal\u00eda General de Justicia del Estado de Sonora (FGJES) inici\u00f3 actos de investigaci\u00f3n tras una agresi\u00f3n armada registrada la tarde de ayer (08\/03\/2026) en la colonia Urbi Villa del Rey, en Ciudad Obreg\u00f3n, que dej\u00f3 como saldo dos hombres y una mujer de entre 25 y 33 a\u00f1os de edad sin vida.<\/p>\n<p>&nbsp;<\/p>\n<p>Las primeras l\u00edneas de investigaci\u00f3n apuntan a una posible disputa entre grupos delictivos como m\u00f3vil del ataque.<\/p>\n<p>&nbsp;<\/p>\n<p>Los hechos ocurrieron alrededor de las 17:20 horas en la calle Casa Blanca, donde las v\u00edctimas, a\u00fan no identificadas, circulaban a bordo de un veh\u00edculo Chevrolet Malib\u00fa cuando fueron interceptadas por los ocupantes de una camioneta Toyota Tacoma color negro.<\/p>\n<p>&nbsp;<\/p>\n<p>De acuerdo con los primeros indicios recabados en el lugar, desde dicho veh\u00edculo se realizaron disparos con armas largas contra los tripulantes del autom\u00f3vil, quienes perdieron la vida en el sitio.<\/p>\n<p>&nbsp;<\/p>\n<p>Durante las diligencias, personal de Servicios Periciales asegur\u00f3 diversos casquillos de arma larga; adem\u00e1s, en el veh\u00edculo de las v\u00edctimas se localizaron tres fusiles de asalto AK-47 conocidos como \u201ccuernos de chivo\u201d y una pistola semiautom\u00e1tica.<\/p>\n<p>&nbsp;<\/p>\n<p>La FGJES mantiene operativos y actos de investigaci\u00f3n para identificar a las v\u00edctimas, ubicar a los probables responsables y esclarecer los hechos.<\/p>\n<p><strong>Fecha de publicaci\u00f3n lunes 9 de marzo de 2026<\/strong><\/p>\n","protected":false},"excerpt":{"rendered":"<p>CAJEME, SONORA, MX. \u2014 La Fiscal\u00eda General de Justicia del Estado de Sonora (FGJES) inici\u00f3&#8230;<\/p>\n","protected":false},"author":1,"featured_media":75064,"comment_status":"open","ping_status":"open","sticky":false,"template":"","format":"standard","meta":{"_monsterinsights_skip_tracking":false,"_monsterinsights_sitenote_active":false,"_monsterinsights_sitenote_note":"","_monsterinsights_sitenote_category":0,"footnotes":""},"categories":[3144],"tags":[12453,476],"class_list":["post"],"yoast_head":" \n<title>Sonora en Equipo. \u00a0\u00a0 FGJES investiga agresi\u00f3n armada, entre grupos criminales que dej\u00f3 tres personas sin vida en Cajeme Polic\u00edaca<\/title>\n<meta name=\"description\" content=\"CAJEME, SONORA, MX. \u2014 La Fiscal\u00eda General de Justicia del Estado de Sonora (FGJES) inici\u00f3 actos de investigaci\u00f3n tras una agresi\u00f3n armada registrada la En Sonora en Equipo publicamos toda la informaci\u00f3n de Sonora, M\u00e9xico y el Mundo de manera oportuna y busca que la libertad de expresi\u00f3n sea real. Visita nuestro medio informativo publicado desde Hermosillo, Sonora. %\" \/>\n<meta name=\"robots\" content=\"index, follow, max-snippet:-1, max-image-preview:large, max-video-preview:-1\" \/>\n<link rel=\"canonical\" href=\"https:\/\/www.sonoraenequipo.com.mx\/fgjes-investiga-agresion-armada-entre-grupos-criminales-que-dejo-tres-personas-sin-vida-en-cajeme\/\" \/>\n<meta property=\"og:locale\" content=\"es_ES\" \/>\n<meta property=\"og:type\" content=\"article\" \/>\n<meta property=\"og:title\" content=\"Sonora en Equipo. \u00a0\u00a0 FGJES investiga agresi\u00f3n armada, entre grupos criminales que dej\u00f3 tres personas sin vida en Cajeme Polic\u00edaca\" \/>\n<meta property=\"og:description\" content=\"CAJEME, SONORA, MX. \u2014 La Fiscal\u00eda General de Justicia del Estado de Sonora (FGJES) inici\u00f3 actos de investigaci\u00f3n tras una agresi\u00f3n armada registrada la En Sonora en Equipo publicamos toda la informaci\u00f3n de Sonora, M\u00e9xico y el Mundo de manera oportuna y busca que la libertad de expresi\u00f3n sea real. Visita nuestro medio informativo publicado desde Hermosillo, Sonora. %\" \/>\n<meta property=\"og:url\" content=\"https:\/\/www.sonoraenequipo.com.mx\/fgjes-investiga-agresion-armada-entre-grupos-criminales-que-dejo-tres-personas-sin-vida-en-cajeme\/\" \/>\n<meta property=\"og:site_name\" content=\"Sonora en Equipo.\" \/>\n<meta property=\"article:publisher\" content=\"https:\/\/www.facebook.com\/SonoraEE\/\" \/>\n<meta property=\"article:author\" content=\"https:\/\/www.facebook.com\/SonoraEE\" \/>\n<meta property=\"article:published_time\" content=\"2026-03-09T18:56:00+00:00\" \/>\n<meta property=\"og:image\" content=\"https:\/\/www.sonoraenequipo.com.mx\/storage\/2019\/12\/fgje-logo.jpg\" \/>\n\t<meta property=\"og:image:width\" content=\"600\" \/>\n\t<meta property=\"og:image:height\" content=\"400\" \/>\n\t<meta property=\"og:image:type\" content=\"image\/jpeg\" \/>\n<meta name=\"author\" content=\"enequipo\" \/>\n<meta name=\"twitter:card\" content=\"summary_large_image\" \/>\n<meta name=\"twitter:creator\" content=\"@sonoraenequipo\" \/>\n<meta name=\"twitter:site\" content=\"@sonoraenequipo\" \/>\n<meta name=\"twitter:label1\" content=\"Escrito por\" \/>\n\t<meta name=\"twitter:data1\" content=\"enequipo\" \/>\n\t<meta name=\"twitter:label2\" content=\"Tiempo de lectura\" \/>\n\t<meta name=\"twitter:data2\" content=\"1 minuto\" \/>\n<script type=\"application\/ld+json\" class=\"yoast-schema-graph\">{\"@context\":\"https:\/\/schema.org\",\"@graph\":[{\"@type\":\"Article\",\"@id\":\"https:\/\/www.sonoraenequipo.com.mx\/fgjes-investiga-agresion-armada-entre-grupos-criminales-que-dejo-tres-personas-sin-vida-en-cajeme\/#article\",\"isPartOf\":{\"@id\":\"https:\/\/www.sonoraenequipo.com.mx\/fgjes-investiga-agresion-armada-entre-grupos-criminales-que-dejo-tres-personas-sin-vida-en-cajeme\/\"},\"author\":{\"name\":\"enequipo\",\"@id\":\"https:\/\/www.sonoraenequipo.com.mx\/#\/schema\/person\/50102df0fb23a8fa9e8effad8fa81386\"},\"headline\":\"\u00a0\u00a0 FGJES investiga agresi\u00f3n armada, entre grupos criminales que dej\u00f3 tres personas sin vida en Cajeme\",\"datePublished\":\"2026-03-09T18:56:00+00:00\",\"mainEntityOfPage\":{\"@id\":\"https:\/\/www.sonoraenequipo.com.mx\/fgjes-investiga-agresion-armada-entre-grupos-criminales-que-dejo-tres-personas-sin-vida-en-cajeme\/\"},\"wordCount\":246,\"commentCount\":0,\"publisher\":{\"@id\":\"https:\/\/www.sonoraenequipo.com.mx\/#organization\"},\"image\":{\"@id\":\"https:\/\/www.sonoraenequipo.com.mx\/fgjes-investiga-agresion-armada-entre-grupos-criminales-que-dejo-tres-personas-sin-vida-en-cajeme\/#primaryimage\"},\"thumbnailUrl\":\"https:\/\/www.sonoraenequipo.com.mx\/storage\/2019\/12\/fgje-logo.jpg\",\"keywords\":[\"agresi\u00f3n armada\",\"Cajeme\"],\"articleSection\":[\"Polic\u00edaca\"],\"inLanguage\":\"es\",\"potentialAction\":[{\"@type\":\"CommentAction\",\"name\":\"Comment\",\"target\":[\"https:\/\/www.sonoraenequipo.com.mx\/fgjes-investiga-agresion-armada-entre-grupos-criminales-que-dejo-tres-personas-sin-vida-en-cajeme\/#respond\"]}]},{\"@type\":\"WebPage\",\"@id\":\"https:\/\/www.sonoraenequipo.com.mx\/fgjes-investiga-agresion-armada-entre-grupos-criminales-que-dejo-tres-personas-sin-vida-en-cajeme\/\",\"url\":\"https:\/\/www.sonoraenequipo.com.mx\/fgjes-investiga-agresion-armada-entre-grupos-criminales-que-dejo-tres-personas-sin-vida-en-cajeme\/\",\"name\":\"Sonora en Equipo. \u00a0\u00a0 FGJES investiga agresi\u00f3n armada, entre grupos criminales que dej\u00f3 tres personas sin vida en Cajeme Polic\u00edaca\",\"isPartOf\":{\"@id\":\"https:\/\/www.sonoraenequipo.com.mx\/#website\"},\"primaryImageOfPage\":{\"@id\":\"https:\/\/www.sonoraenequipo.com.mx\/fgjes-investiga-agresion-armada-entre-grupos-criminales-que-dejo-tres-personas-sin-vida-en-cajeme\/#primaryimage\"},\"image\":{\"@id\":\"https:\/\/www.sonoraenequipo.com.mx\/fgjes-investiga-agresion-armada-entre-grupos-criminales-que-dejo-tres-personas-sin-vida-en-cajeme\/#primaryimage\"},\"thumbnailUrl\":\"https:\/\/www.sonoraenequipo.com.mx\/storage\/2019\/12\/fgje-logo.jpg\",\"datePublished\":\"2026-03-09T18:56:00+00:00\",\"description\":\"CAJEME, SONORA, MX. \u2014 La Fiscal\u00eda General de Justicia del Estado de Sonora (FGJES) inici\u00f3 actos de investigaci\u00f3n tras una agresi\u00f3n armada registrada la En Sonora en Equipo publicamos toda la informaci\u00f3n de Sonora, M\u00e9xico y el Mundo de manera oportuna y busca que la libertad de expresi\u00f3n sea real. Visita nuestro medio informativo publicado desde Hermosillo, Sonora. %\",\"breadcrumb\":{\"@id\":\"https:\/\/www.sonoraenequipo.com.mx\/fgjes-investiga-agresion-armada-entre-grupos-criminales-que-dejo-tres-personas-sin-vida-en-cajeme\/#breadcrumb\"},\"inLanguage\":\"es\",\"potentialAction\":[{\"@type\":\"ReadAction\",\"target\":[\"https:\/\/www.sonoraenequipo.com.mx\/fgjes-investiga-agresion-armada-entre-grupos-criminales-que-dejo-tres-personas-sin-vida-en-cajeme\/\"]}]},{\"@type\":\"ImageObject\",\"inLanguage\":\"es\",\"@id\":\"https:\/\/www.sonoraenequipo.com.mx\/fgjes-investiga-agresion-armada-entre-grupos-criminales-que-dejo-tres-personas-sin-vida-en-cajeme\/#primaryimage\",\"url\":\"https:\/\/www.sonoraenequipo.com.mx\/storage\/2019\/12\/fgje-logo.jpg\",\"contentUrl\":\"https:\/\/www.sonoraenequipo.com.mx\/storage\/2019\/12\/fgje-logo.jpg\",\"width\":600,\"height\":400},{\"@type\":\"BreadcrumbList\",\"@id\":\"https:\/\/www.sonoraenequipo.com.mx\/fgjes-investiga-agresion-armada-entre-grupos-criminales-que-dejo-tres-personas-sin-vida-en-cajeme\/#breadcrumb\",\"itemListElement\":[{\"@type\":\"ListItem\",\"position\":1,\"name\":\"Portada\",\"item\":\"https:\/\/www.sonoraenequipo.com.mx\/\"},{\"@type\":\"ListItem\",\"position\":2,\"name\":\"\u00a0\u00a0 FGJES investiga agresi\u00f3n armada, entre grupos criminales que dej\u00f3 tres personas sin vida en Cajeme\"}]},{\"@type\":\"WebSite\",\"@id\":\"https:\/\/www.sonoraenequipo.com.mx\/#website\",\"url\":\"https:\/\/www.sonoraenequipo.com.mx\/\",\"name\":\"Sonora en Equipo.\",\"description\":\"Diario en l\u00ednea con Noticias desde Hermosillo, Sonora\",\"publisher\":{\"@id\":\"https:\/\/www.sonoraenequipo.com.mx\/#organization\"},\"potentialAction\":[{\"@type\":\"SearchAction\",\"target\":{\"@type\":\"EntryPoint\",\"urlTemplate\":\"https:\/\/www.sonoraenequipo.com.mx\/?s={search_term_string}\"},\"query-input\":{\"@type\":\"PropertyValueSpecification\",\"valueRequired\":true,\"valueName\":\"search_term_string\"}}],\"inLanguage\":\"es\"},{\"@type\":\"Organization\",\"@id\":\"https:\/\/www.sonoraenequipo.com.mx\/#organization\",\"name\":\"Sonoraenequipo.com.mx\",\"url\":\"https:\/\/www.sonoraenequipo.com.mx\/\",\"logo\":{\"@type\":\"ImageObject\",\"inLanguage\":\"es\",\"@id\":\"https:\/\/www.sonoraenequipo.com.mx\/#\/schema\/logo\/image\/\",\"url\":\"https:\/\/www.sonoraenequipo.com.mx\/storage\/2019\/01\/sonoraenequipo_opt.png\",\"contentUrl\":\"https:\/\/www.sonoraenequipo.com.mx\/storage\/2019\/01\/sonoraenequipo_opt.png\",\"width\":375,\"height\":125,\"caption\":\"Sonoraenequipo.com.mx\"},\"image\":{\"@id\":\"https:\/\/www.sonoraenequipo.com.mx\/#\/schema\/logo\/image\/\"},\"sameAs\":[\"https:\/\/www.facebook.com\/SonoraEE\/\",\"https:\/\/x.com\/sonoraenequipo\",\"https:\/\/www.youtube.com\/channel\/UC338nW-lPEYmJQs4ZABQ1SQ\"]},{\"@type\":\"Person\",\"@id\":\"https:\/\/www.sonoraenequipo.com.mx\/#\/schema\/person\/50102df0fb23a8fa9e8effad8fa81386\",\"name\":\"enequipo\",\"image\":{\"@type\":\"ImageObject\",\"inLanguage\":\"es\",\"@id\":\"https:\/\/www.sonoraenequipo.com.mx\/#\/schema\/person\/image\/\",\"url\":\"https:\/\/secure.gravatar.com\/avatar\/049821681b589dabc0bc20695993ccebb09f5b5d4d790cd9251b97faac7c652b?s=96&d=blank&r=g\",\"contentUrl\":\"https:\/\/secure.gravatar.com\/avatar\/049821681b589dabc0bc20695993ccebb09f5b5d4d790cd9251b97faac7c652b?s=96&d=blank&r=g\",\"caption\":\"enequipo\"},\"sameAs\":[\"https:\/\/www.facebook.com\/SonoraEE\"]}]}<\/script>\n ","yoast_head_json":{"title":"Sonora en Equipo. \u00a0\u00a0 FGJES investiga agresi\u00f3n armada, entre grupos criminales que dej\u00f3 tres personas sin vida en Cajeme Polic\u00edaca","description":"CAJEME, SONORA, MX. \u2014 La Fiscal\u00eda General de Justicia del Estado de Sonora (FGJES) inici\u00f3 actos de investigaci\u00f3n tras una agresi\u00f3n armada registrada la En Sonora en Equipo publicamos toda la informaci\u00f3n de Sonora, M\u00e9xico y el Mundo de manera oportuna y busca que la libertad de expresi\u00f3n sea real. Visita nuestro medio informativo publicado desde Hermosillo, Sonora. %","robots":{"index":"index","follow":"follow","max-snippet":"max-snippet:-1","max-image-preview":"max-image-preview:large","max-video-preview":"max-video-preview:-1"},"canonical":"https:\/\/www.sonoraenequipo.com.mx\/fgjes-investiga-agresion-armada-entre-grupos-criminales-que-dejo-tres-personas-sin-vida-en-cajeme\/","og_locale":"es_ES","og_type":"article","og_title":"Sonora en Equipo. \u00a0\u00a0 FGJES investiga agresi\u00f3n armada, entre grupos criminales que dej\u00f3 tres personas sin vida en Cajeme Polic\u00edaca","og_description":"CAJEME, SONORA, MX. \u2014 La Fiscal\u00eda General de Justicia del Estado de Sonora (FGJES) inici\u00f3 actos de investigaci\u00f3n tras una agresi\u00f3n armada registrada la En Sonora en Equipo publicamos toda la informaci\u00f3n de Sonora, M\u00e9xico y el Mundo de manera oportuna y busca que la libertad de expresi\u00f3n sea real. Visita nuestro medio informativo publicado desde Hermosillo, Sonora. %","og_url":"https:\/\/www.sonoraenequipo.com.mx\/fgjes-investiga-agresion-armada-entre-grupos-criminales-que-dejo-tres-personas-sin-vida-en-cajeme\/","og_site_name":"Sonora en Equipo.","article_publisher":"https:\/\/www.facebook.com\/SonoraEE\/","article_author":"https:\/\/www.facebook.com\/SonoraEE","article_published_time":"2026-03-09T18:56:00+00:00","og_image":[{"width":600,"height":400,"url":"https:\/\/www.sonoraenequipo.com.mx\/storage\/2019\/12\/fgje-logo.jpg","type":"image\/jpeg"}],"author":"enequipo","twitter_card":"summary_large_image","twitter_creator":"@sonoraenequipo","twitter_site":"@sonoraenequipo","twitter_misc":{"Escrito por":"enequipo","Tiempo de lectura":"1 minuto"},"schema":{"@context":"https:\/\/schema.org","@graph":[{"@type":"Article","@id":"https:\/\/www.sonoraenequipo.com.mx\/fgjes-investiga-agresion-armada-entre-grupos-criminales-que-dejo-tres-personas-sin-vida-en-cajeme\/#article","isPartOf":{"@id":"https:\/\/www.sonoraenequipo.com.mx\/fgjes-investiga-agresion-armada-entre-grupos-criminales-que-dejo-tres-personas-sin-vida-en-cajeme\/"},"author":{"name":"enequipo","@id":"https:\/\/www.sonoraenequipo.com.mx\/#\/schema\/person\/50102df0fb23a8fa9e8effad8fa81386"},"headline":"\u00a0\u00a0 FGJES investiga agresi\u00f3n armada, entre grupos criminales que dej\u00f3 tres personas sin vida en Cajeme","datePublished":"2026-03-09T18:56:00+00:00","mainEntityOfPage":{"@id":"https:\/\/www.sonoraenequipo.com.mx\/fgjes-investiga-agresion-armada-entre-grupos-criminales-que-dejo-tres-personas-sin-vida-en-cajeme\/"},"wordCount":246,"commentCount":0,"publisher":{"@id":"https:\/\/www.sonoraenequipo.com.mx\/#organization"},"image":{"@id":"https:\/\/www.sonoraenequipo.com.mx\/fgjes-investiga-agresion-armada-entre-grupos-criminales-que-dejo-tres-personas-sin-vida-en-cajeme\/#primaryimage"},"thumbnailUrl":"https:\/\/www.sonoraenequipo.com.mx\/storage\/2019\/12\/fgje-logo.jpg","keywords":["agresi\u00f3n armada","Cajeme"],"articleSection":["Polic\u00edaca"],"inLanguage":"es","potentialAction":[{"@type":"CommentAction","name":"Comment","target":["https:\/\/www.sonoraenequipo.com.mx\/fgjes-investiga-agresion-armada-entre-grupos-criminales-que-dejo-tres-personas-sin-vida-en-cajeme\/#respond"]}]},{"@type":"WebPage","@id":"https:\/\/www.sonoraenequipo.com.mx\/fgjes-investiga-agresion-armada-entre-grupos-criminales-que-dejo-tres-personas-sin-vida-en-cajeme\/","url":"https:\/\/www.sonoraenequipo.com.mx\/fgjes-investiga-agresion-armada-entre-grupos-criminales-que-dejo-tres-personas-sin-vida-en-cajeme\/","name":"Sonora en Equipo. \u00a0\u00a0 FGJES investiga agresi\u00f3n armada, entre grupos criminales que dej\u00f3 tres personas sin vida en Cajeme Polic\u00edaca","isPartOf":{"@id":"https:\/\/www.sonoraenequipo.com.mx\/#website"},"primaryImageOfPage":{"@id":"https:\/\/www.sonoraenequipo.com.mx\/fgjes-investiga-agresion-armada-entre-grupos-criminales-que-dejo-tres-personas-sin-vida-en-cajeme\/#primaryimage"},"image":{"@id":"https:\/\/www.sonoraenequipo.com.mx\/fgjes-investiga-agresion-armada-entre-grupos-criminales-que-dejo-tres-personas-sin-vida-en-cajeme\/#primaryimage"},"thumbnailUrl":"https:\/\/www.sonoraenequipo.com.mx\/storage\/2019\/12\/fgje-logo.jpg","datePublished":"2026-03-09T18:56:00+00:00","description":"CAJEME, SONORA, MX. \u2014 La Fiscal\u00eda General de Justicia del Estado de Sonora (FGJES) inici\u00f3 actos de investigaci\u00f3n tras una agresi\u00f3n armada registrada la En Sonora en Equipo publicamos toda la informaci\u00f3n de Sonora, M\u00e9xico y el Mundo de manera oportuna y busca que la libertad de expresi\u00f3n sea real. Visita nuestro medio informativo publicado desde Hermosillo, Sonora. %","breadcrumb":{"@id":"https:\/\/www.sonoraenequipo.com.mx\/fgjes-investiga-agresion-armada-entre-grupos-criminales-que-dejo-tres-personas-sin-vida-en-cajeme\/#breadcrumb"},"inLanguage":"es","potentialAction":[{"@type":"ReadAction","target":["https:\/\/www.sonoraenequipo.com.mx\/fgjes-investiga-agresion-armada-entre-grupos-criminales-que-dejo-tres-personas-sin-vida-en-cajeme\/"]}]},{"@type":"ImageObject","inLanguage":"es","@id":"https:\/\/www.sonoraenequipo.com.mx\/fgjes-investiga-agresion-armada-entre-grupos-criminales-que-dejo-tres-personas-sin-vida-en-cajeme\/#primaryimage","url":"https:\/\/www.sonoraenequipo.com.mx\/storage\/2019\/12\/fgje-logo.jpg","contentUrl":"https:\/\/www.sonoraenequipo.com.mx\/storage\/2019\/12\/fgje-logo.jpg","width":600,"height":400},{"@type":"BreadcrumbList","@id":"https:\/\/www.sonoraenequipo.com.mx\/fgjes-investiga-agresion-armada-entre-grupos-criminales-que-dejo-tres-personas-sin-vida-en-cajeme\/#breadcrumb","itemListElement":[{"@type":"ListItem","position":1,"name":"Portada","item":"https:\/\/www.sonoraenequipo.com.mx\/"},{"@type":"ListItem","position":2,"name":"\u00a0\u00a0 FGJES investiga agresi\u00f3n armada, entre grupos criminales que dej\u00f3 tres personas sin vida en Cajeme"}]},{"@type":"WebSite","@id":"https:\/\/www.sonoraenequipo.com.mx\/#website","url":"https:\/\/www.sonoraenequipo.com.mx\/","name":"Sonora en Equipo.","description":"Diario en l\u00ednea con Noticias desde Hermosillo, Sonora","publisher":{"@id":"https:\/\/www.sonoraenequipo.com.mx\/#organization"},"potentialAction":[{"@type":"SearchAction","target":{"@type":"EntryPoint","urlTemplate":"https:\/\/www.sonoraenequipo.com.mx\/?s={search_term_string}"},"query-input":{"@type":"PropertyValueSpecification","valueRequired":true,"valueName":"search_term_string"}}],"inLanguage":"es"},{"@type":"Organization","@id":"https:\/\/www.sonoraenequipo.com.mx\/#organization","name":"Sonoraenequipo.com.mx","url":"https:\/\/www.sonoraenequipo.com.mx\/","logo":{"@type":"ImageObject","inLanguage":"es","@id":"https:\/\/www.sonoraenequipo.com.mx\/#\/schema\/logo\/image\/","url":"https:\/\/www.sonoraenequipo.com.mx\/storage\/2019\/01\/sonoraenequipo_opt.png","contentUrl":"https:\/\/www.sonoraenequipo.com.mx\/storage\/2019\/01\/sonoraenequipo_opt.png","width":375,"height":125,"caption":"Sonoraenequipo.com.mx"},"image":{"@id":"https:\/\/www.sonoraenequipo.com.mx\/#\/schema\/logo\/image\/"},"sameAs":["https:\/\/www.facebook.com\/SonoraEE\/","https:\/\/x.com\/sonoraenequipo","https:\/\/www.youtube.com\/channel\/UC338nW-lPEYmJQs4ZABQ1SQ"]},{"@type":"Person","@id":"https:\/\/www.sonoraenequipo.com.mx\/#\/schema\/person\/50102df0fb23a8fa9e8effad8fa81386","name":"enequipo","image":{"@type":"ImageObject","inLanguage":"es","@id":"https:\/\/www.sonoraenequipo.com.mx\/#\/schema\/person\/image\/","url":"https:\/\/secure.gravatar.com\/avatar\/049821681b589dabc0bc20695993ccebb09f5b5d4d790cd9251b97faac7c652b?s=96&d=blank&r=g","contentUrl":"https:\/\/secure.gravatar.com\/avatar\/049821681b589dabc0bc20695993ccebb09f5b5d4d790cd9251b97faac7c652b?s=96&d=blank&r=g","caption":"enequipo"},"sameAs":["https:\/\/www.facebook.com\/SonoraEE"]}]}},"jetpack_featured_media_url":"https:\/\/www.sonoraenequipo.com.mx\/storage\/2019\/12\/fgje-logo.jpg","_links":{"self":[{"href":"https:\/\/www.sonoraenequipo.com.mx\/api\/wp\/v2\/posts\/236947","targetHints":{"allow":["GET"]}}],"collection":[{"href":"https:\/\/www.sonoraenequipo.com.mx\/api\/wp\/v2\/posts"}],"about":[{"href":"https:\/\/www.sonoraenequipo.com.mx\/api\/wp\/v2\/types\/post"}],"author":[{"embeddable":true,"href":"https:\/\/www.sonoraenequipo.com.mx\/api\/wp\/v2\/users\/1"}],"replies":[{"embeddable":true,"href":"https:\/\/www.sonoraenequipo.com.mx\/api\/wp\/v2\/comments?post=236947"}],"version-history":[{"count":1,"href":"https:\/\/www.sonoraenequipo.com.mx\/api\/wp\/v2\/posts\/236947\/revisions"}],"predecessor-version":[{"id":236948,"href":"https:\/\/www.sonoraenequipo.com.mx\/api\/wp\/v2\/posts\/236947\/revisions\/236948"}],"wp:featuredmedia":[{"embeddable":true,"href":"https:\/\/www.sonoraenequipo.com.mx\/api\/wp\/v2\/media\/75064"}],"wp:attachment":[{"href":"https:\/\/www.sonoraenequipo.com.mx\/api\/wp\/v2\/media?parent=236947"}],"wp:term":[{"taxonomy":"category","embeddable":true,"href":"https:\/\/www.sonoraenequipo.com.mx\/api\/wp\/v2\/categories?post=236947"},{"taxonomy":"post_tag","embeddable":true,"href":"https:\/\/www.sonoraenequipo.com.mx\/api\/wp\/v2\/tags?post=236947"}],"curies":[{"name":"wp","href":"https:\/\/api.w.org\/{rel}","templated":true}]}}