{"id":236962,"date":"2026-03-09T13:26:28","date_gmt":"2026-03-09T20:26:28","guid":{"rendered":"https:\/\/www.sonoraenequipo.com.mx\/?p=236962"},"modified":"2026-03-09T13:26:28","modified_gmt":"2026-03-09T20:26:28","slug":"alemania-dice-que-iran-es-responsable-de-prolongar-la-guerra","status":"publish","type":"post","link":"https:\/\/www.sonoraenequipo.com.mx\/alemania-dice-que-iran-es-responsable-de-prolongar-la-guerra\/","title":{"rendered":"Alemania dice que Ir\u00e1n es responsable de prolongar la guerra"},"content":{"rendered":"<p>\u00abTan pronto como cese el r\u00e9gimen de los mul\u00e1s, terminar\u00e1 esta guerra\u00bb, declar\u00f3 este lunes (09.03.2026) en Berl\u00edn el canciller alem\u00e1n Friedrich Merz. \u00abDepende exclusivamente de este r\u00e9gimen y de la llamada Guardia Revolucionaria cesar las hostilidades\u00bb, sostuvo.<\/p>\n<p>&nbsp;<\/p>\n<p>Hasta que eso ocurra, el jefe del gobierno alem\u00e1n dijo que asum\u00eda que Israel y Estados Unidos continuar\u00e1n su defensa contra el r\u00e9gimen isl\u00e1mico de Ir\u00e1n, ya que su amenaza se extiende mucho m\u00e1s all\u00e1 del pa\u00eds y de Medio Oriente.<\/p>\n<p>&nbsp;<\/p>\n<p>\u00abIr\u00e1n es el centro del terrorismo internacional y este centro debe ser clausurado\u00bb, indic\u00f3 Merz. \u00abY los estadounidenses y los israel\u00edes lo est\u00e1n haciendo a su manera\u00bb, explic\u00f3.<\/p>\n<p>&nbsp;<\/p>\n<p>\u00abNo es posible predecir\u00bb cuando el r\u00e9gimen de Ir\u00e1n pondr\u00e1 fin a ataques<\/p>\n<p>Los comentarios del canciller se produjeron en el d\u00e9cimo d\u00eda del creciente conflicto, que comenz\u00f3 cuando Estados Unidos e Israel lanzaron una ofensiva a gran escala contra el r\u00e9gimen isl\u00e1mico de Ir\u00e1n.<\/p>\n<p>&nbsp;<\/p>\n<p>Cientos de personas han muerto en el pa\u00eds debido a los ataques a\u00e9reos, mientras que en otros pa\u00edses se han registrado fallecidos por ataques iran\u00edes de represalia.<\/p>\n<p>&nbsp;<\/p>\n<p>Merz dijo este lunes que hab\u00eda hablado con l\u00edderes de la regi\u00f3n el fin de semana. \u00abSin embargo, actualmente no es posible predecir cu\u00e1ndo el r\u00e9gimen de los mul\u00e1s estar\u00e1 dispuesto a cesar las hostilidades contra sus vecinos\u00bb, declar\u00f3.<\/p>\n<p><strong>Fecha de publicaci\u00f3n lunes 9 de marzo de 2026\/DW<\/strong><\/p>\n","protected":false},"excerpt":{"rendered":"<p>\u00abTan pronto como cese el r\u00e9gimen de los mul\u00e1s, terminar\u00e1 esta guerra\u00bb, declar\u00f3 este lunes&#8230;<\/p>\n","protected":false},"author":1,"featured_media":220907,"comment_status":"open","ping_status":"open","sticky":false,"template":"","format":"standard","meta":{"_monsterinsights_skip_tracking":false,"_monsterinsights_sitenote_active":false,"_monsterinsights_sitenote_note":"","_monsterinsights_sitenote_category":0,"footnotes":""},"categories":[3],"tags":[1916,144,986,911],"class_list":["post"],"yoast_head":" \n<title>Sonora en Equipo. Alemania dice que Ir\u00e1n es responsable de prolongar la guerra MUNDO<\/title>\n<meta name=\"description\" content=\"&quot;Tan pronto como cese el r\u00e9gimen de los mul\u00e1s, terminar\u00e1 esta guerra&quot;, declar\u00f3 este lunes (09.03.2026) en Berl\u00edn el canciller alem\u00e1n Friedrich Merz. En Sonora en Equipo publicamos toda la informaci\u00f3n de Sonora, M\u00e9xico y el Mundo de manera oportuna y busca que la libertad de expresi\u00f3n sea real. Visita nuestro medio informativo publicado desde Hermosillo, Sonora. %\" \/>\n<meta name=\"robots\" content=\"index, follow, max-snippet:-1, max-image-preview:large, max-video-preview:-1\" \/>\n<link rel=\"canonical\" href=\"https:\/\/www.sonoraenequipo.com.mx\/alemania-dice-que-iran-es-responsable-de-prolongar-la-guerra\/\" \/>\n<meta property=\"og:locale\" content=\"es_ES\" \/>\n<meta property=\"og:type\" content=\"article\" \/>\n<meta property=\"og:title\" content=\"Sonora en Equipo. Alemania dice que Ir\u00e1n es responsable de prolongar la guerra MUNDO\" \/>\n<meta property=\"og:description\" content=\"&quot;Tan pronto como cese el r\u00e9gimen de los mul\u00e1s, terminar\u00e1 esta guerra&quot;, declar\u00f3 este lunes (09.03.2026) en Berl\u00edn el canciller alem\u00e1n Friedrich Merz. En Sonora en Equipo publicamos toda la informaci\u00f3n de Sonora, M\u00e9xico y el Mundo de manera oportuna y busca que la libertad de expresi\u00f3n sea real. Visita nuestro medio informativo publicado desde Hermosillo, Sonora. %\" \/>\n<meta property=\"og:url\" content=\"https:\/\/www.sonoraenequipo.com.mx\/alemania-dice-que-iran-es-responsable-de-prolongar-la-guerra\/\" \/>\n<meta property=\"og:site_name\" content=\"Sonora en Equipo.\" \/>\n<meta property=\"article:publisher\" content=\"https:\/\/www.facebook.com\/SonoraEE\/\" \/>\n<meta property=\"article:author\" content=\"https:\/\/www.facebook.com\/SonoraEE\" \/>\n<meta property=\"article:published_time\" content=\"2026-03-09T20:26:28+00:00\" \/>\n<meta property=\"og:image\" content=\"https:\/\/www.sonoraenequipo.com.mx\/storage\/2025\/08\/Merz.jpg\" \/>\n\t<meta property=\"og:image:width\" content=\"620\" \/>\n\t<meta property=\"og:image:height\" content=\"420\" \/>\n\t<meta property=\"og:image:type\" content=\"image\/jpeg\" \/>\n<meta name=\"author\" content=\"enequipo\" \/>\n<meta name=\"twitter:card\" content=\"summary_large_image\" \/>\n<meta name=\"twitter:creator\" content=\"@sonoraenequipo\" \/>\n<meta name=\"twitter:site\" content=\"@sonoraenequipo\" \/>\n<meta name=\"twitter:label1\" content=\"Escrito por\" \/>\n\t<meta name=\"twitter:data1\" content=\"enequipo\" \/>\n\t<meta name=\"twitter:label2\" content=\"Tiempo de lectura\" \/>\n\t<meta name=\"twitter:data2\" content=\"1 minuto\" \/>\n<script type=\"application\/ld+json\" class=\"yoast-schema-graph\">{\"@context\":\"https:\/\/schema.org\",\"@graph\":[{\"@type\":\"Article\",\"@id\":\"https:\/\/www.sonoraenequipo.com.mx\/alemania-dice-que-iran-es-responsable-de-prolongar-la-guerra\/#article\",\"isPartOf\":{\"@id\":\"https:\/\/www.sonoraenequipo.com.mx\/alemania-dice-que-iran-es-responsable-de-prolongar-la-guerra\/\"},\"author\":{\"name\":\"enequipo\",\"@id\":\"https:\/\/www.sonoraenequipo.com.mx\/#\/schema\/person\/50102df0fb23a8fa9e8effad8fa81386\"},\"headline\":\"Alemania dice que Ir\u00e1n es responsable de prolongar la guerra\",\"datePublished\":\"2026-03-09T20:26:28+00:00\",\"mainEntityOfPage\":{\"@id\":\"https:\/\/www.sonoraenequipo.com.mx\/alemania-dice-que-iran-es-responsable-de-prolongar-la-guerra\/\"},\"wordCount\":275,\"commentCount\":0,\"publisher\":{\"@id\":\"https:\/\/www.sonoraenequipo.com.mx\/#organization\"},\"image\":{\"@id\":\"https:\/\/www.sonoraenequipo.com.mx\/alemania-dice-que-iran-es-responsable-de-prolongar-la-guerra\/#primaryimage\"},\"thumbnailUrl\":\"https:\/\/www.sonoraenequipo.com.mx\/storage\/2025\/08\/Merz.jpg\",\"keywords\":[\"EE UU\",\"guerra\",\"Iran\",\"ISRAEL\"],\"articleSection\":[\"MUNDO\"],\"inLanguage\":\"es\",\"potentialAction\":[{\"@type\":\"CommentAction\",\"name\":\"Comment\",\"target\":[\"https:\/\/www.sonoraenequipo.com.mx\/alemania-dice-que-iran-es-responsable-de-prolongar-la-guerra\/#respond\"]}]},{\"@type\":\"WebPage\",\"@id\":\"https:\/\/www.sonoraenequipo.com.mx\/alemania-dice-que-iran-es-responsable-de-prolongar-la-guerra\/\",\"url\":\"https:\/\/www.sonoraenequipo.com.mx\/alemania-dice-que-iran-es-responsable-de-prolongar-la-guerra\/\",\"name\":\"Sonora en Equipo. Alemania dice que Ir\u00e1n es responsable de prolongar la guerra MUNDO\",\"isPartOf\":{\"@id\":\"https:\/\/www.sonoraenequipo.com.mx\/#website\"},\"primaryImageOfPage\":{\"@id\":\"https:\/\/www.sonoraenequipo.com.mx\/alemania-dice-que-iran-es-responsable-de-prolongar-la-guerra\/#primaryimage\"},\"image\":{\"@id\":\"https:\/\/www.sonoraenequipo.com.mx\/alemania-dice-que-iran-es-responsable-de-prolongar-la-guerra\/#primaryimage\"},\"thumbnailUrl\":\"https:\/\/www.sonoraenequipo.com.mx\/storage\/2025\/08\/Merz.jpg\",\"datePublished\":\"2026-03-09T20:26:28+00:00\",\"description\":\"\\\"Tan pronto como cese el r\u00e9gimen de los mul\u00e1s, terminar\u00e1 esta guerra\\\", declar\u00f3 este lunes (09.03.2026) en Berl\u00edn el canciller alem\u00e1n Friedrich Merz. En Sonora en Equipo publicamos toda la informaci\u00f3n de Sonora, M\u00e9xico y el Mundo de manera oportuna y busca que la libertad de expresi\u00f3n sea real. Visita nuestro medio informativo publicado desde Hermosillo, Sonora. %\",\"breadcrumb\":{\"@id\":\"https:\/\/www.sonoraenequipo.com.mx\/alemania-dice-que-iran-es-responsable-de-prolongar-la-guerra\/#breadcrumb\"},\"inLanguage\":\"es\",\"potentialAction\":[{\"@type\":\"ReadAction\",\"target\":[\"https:\/\/www.sonoraenequipo.com.mx\/alemania-dice-que-iran-es-responsable-de-prolongar-la-guerra\/\"]}]},{\"@type\":\"ImageObject\",\"inLanguage\":\"es\",\"@id\":\"https:\/\/www.sonoraenequipo.com.mx\/alemania-dice-que-iran-es-responsable-de-prolongar-la-guerra\/#primaryimage\",\"url\":\"https:\/\/www.sonoraenequipo.com.mx\/storage\/2025\/08\/Merz.jpg\",\"contentUrl\":\"https:\/\/www.sonoraenequipo.com.mx\/storage\/2025\/08\/Merz.jpg\",\"width\":620,\"height\":420,\"caption\":\"Friedrich Merz. Imagen de archivo\"},{\"@type\":\"BreadcrumbList\",\"@id\":\"https:\/\/www.sonoraenequipo.com.mx\/alemania-dice-que-iran-es-responsable-de-prolongar-la-guerra\/#breadcrumb\",\"itemListElement\":[{\"@type\":\"ListItem\",\"position\":1,\"name\":\"Portada\",\"item\":\"https:\/\/www.sonoraenequipo.com.mx\/\"},{\"@type\":\"ListItem\",\"position\":2,\"name\":\"Alemania dice que Ir\u00e1n es responsable de prolongar la guerra\"}]},{\"@type\":\"WebSite\",\"@id\":\"https:\/\/www.sonoraenequipo.com.mx\/#website\",\"url\":\"https:\/\/www.sonoraenequipo.com.mx\/\",\"name\":\"Sonora en Equipo.\",\"description\":\"Diario en l\u00ednea con Noticias desde Hermosillo, Sonora\",\"publisher\":{\"@id\":\"https:\/\/www.sonoraenequipo.com.mx\/#organization\"},\"potentialAction\":[{\"@type\":\"SearchAction\",\"target\":{\"@type\":\"EntryPoint\",\"urlTemplate\":\"https:\/\/www.sonoraenequipo.com.mx\/?s={search_term_string}\"},\"query-input\":{\"@type\":\"PropertyValueSpecification\",\"valueRequired\":true,\"valueName\":\"search_term_string\"}}],\"inLanguage\":\"es\"},{\"@type\":\"Organization\",\"@id\":\"https:\/\/www.sonoraenequipo.com.mx\/#organization\",\"name\":\"Sonoraenequipo.com.mx\",\"url\":\"https:\/\/www.sonoraenequipo.com.mx\/\",\"logo\":{\"@type\":\"ImageObject\",\"inLanguage\":\"es\",\"@id\":\"https:\/\/www.sonoraenequipo.com.mx\/#\/schema\/logo\/image\/\",\"url\":\"https:\/\/www.sonoraenequipo.com.mx\/storage\/2019\/01\/sonoraenequipo_opt.png\",\"contentUrl\":\"https:\/\/www.sonoraenequipo.com.mx\/storage\/2019\/01\/sonoraenequipo_opt.png\",\"width\":375,\"height\":125,\"caption\":\"Sonoraenequipo.com.mx\"},\"image\":{\"@id\":\"https:\/\/www.sonoraenequipo.com.mx\/#\/schema\/logo\/image\/\"},\"sameAs\":[\"https:\/\/www.facebook.com\/SonoraEE\/\",\"https:\/\/x.com\/sonoraenequipo\",\"https:\/\/www.youtube.com\/channel\/UC338nW-lPEYmJQs4ZABQ1SQ\"]},{\"@type\":\"Person\",\"@id\":\"https:\/\/www.sonoraenequipo.com.mx\/#\/schema\/person\/50102df0fb23a8fa9e8effad8fa81386\",\"name\":\"enequipo\",\"image\":{\"@type\":\"ImageObject\",\"inLanguage\":\"es\",\"@id\":\"https:\/\/www.sonoraenequipo.com.mx\/#\/schema\/person\/image\/\",\"url\":\"https:\/\/secure.gravatar.com\/avatar\/049821681b589dabc0bc20695993ccebb09f5b5d4d790cd9251b97faac7c652b?s=96&d=blank&r=g\",\"contentUrl\":\"https:\/\/secure.gravatar.com\/avatar\/049821681b589dabc0bc20695993ccebb09f5b5d4d790cd9251b97faac7c652b?s=96&d=blank&r=g\",\"caption\":\"enequipo\"},\"sameAs\":[\"https:\/\/www.facebook.com\/SonoraEE\"]}]}<\/script>\n ","yoast_head_json":{"title":"Sonora en Equipo. Alemania dice que Ir\u00e1n es responsable de prolongar la guerra MUNDO","description":"\"Tan pronto como cese el r\u00e9gimen de los mul\u00e1s, terminar\u00e1 esta guerra\", declar\u00f3 este lunes (09.03.2026) en Berl\u00edn el canciller alem\u00e1n Friedrich Merz. En Sonora en Equipo publicamos toda la informaci\u00f3n de Sonora, M\u00e9xico y el Mundo de manera oportuna y busca que la libertad de expresi\u00f3n sea real. Visita nuestro medio informativo publicado desde Hermosillo, Sonora. %","robots":{"index":"index","follow":"follow","max-snippet":"max-snippet:-1","max-image-preview":"max-image-preview:large","max-video-preview":"max-video-preview:-1"},"canonical":"https:\/\/www.sonoraenequipo.com.mx\/alemania-dice-que-iran-es-responsable-de-prolongar-la-guerra\/","og_locale":"es_ES","og_type":"article","og_title":"Sonora en Equipo. Alemania dice que Ir\u00e1n es responsable de prolongar la guerra MUNDO","og_description":"\"Tan pronto como cese el r\u00e9gimen de los mul\u00e1s, terminar\u00e1 esta guerra\", declar\u00f3 este lunes (09.03.2026) en Berl\u00edn el canciller alem\u00e1n Friedrich Merz. En Sonora en Equipo publicamos toda la informaci\u00f3n de Sonora, M\u00e9xico y el Mundo de manera oportuna y busca que la libertad de expresi\u00f3n sea real. Visita nuestro medio informativo publicado desde Hermosillo, Sonora. %","og_url":"https:\/\/www.sonoraenequipo.com.mx\/alemania-dice-que-iran-es-responsable-de-prolongar-la-guerra\/","og_site_name":"Sonora en Equipo.","article_publisher":"https:\/\/www.facebook.com\/SonoraEE\/","article_author":"https:\/\/www.facebook.com\/SonoraEE","article_published_time":"2026-03-09T20:26:28+00:00","og_image":[{"width":620,"height":420,"url":"https:\/\/www.sonoraenequipo.com.mx\/storage\/2025\/08\/Merz.jpg","type":"image\/jpeg"}],"author":"enequipo","twitter_card":"summary_large_image","twitter_creator":"@sonoraenequipo","twitter_site":"@sonoraenequipo","twitter_misc":{"Escrito por":"enequipo","Tiempo de lectura":"1 minuto"},"schema":{"@context":"https:\/\/schema.org","@graph":[{"@type":"Article","@id":"https:\/\/www.sonoraenequipo.com.mx\/alemania-dice-que-iran-es-responsable-de-prolongar-la-guerra\/#article","isPartOf":{"@id":"https:\/\/www.sonoraenequipo.com.mx\/alemania-dice-que-iran-es-responsable-de-prolongar-la-guerra\/"},"author":{"name":"enequipo","@id":"https:\/\/www.sonoraenequipo.com.mx\/#\/schema\/person\/50102df0fb23a8fa9e8effad8fa81386"},"headline":"Alemania dice que Ir\u00e1n es responsable de prolongar la guerra","datePublished":"2026-03-09T20:26:28+00:00","mainEntityOfPage":{"@id":"https:\/\/www.sonoraenequipo.com.mx\/alemania-dice-que-iran-es-responsable-de-prolongar-la-guerra\/"},"wordCount":275,"commentCount":0,"publisher":{"@id":"https:\/\/www.sonoraenequipo.com.mx\/#organization"},"image":{"@id":"https:\/\/www.sonoraenequipo.com.mx\/alemania-dice-que-iran-es-responsable-de-prolongar-la-guerra\/#primaryimage"},"thumbnailUrl":"https:\/\/www.sonoraenequipo.com.mx\/storage\/2025\/08\/Merz.jpg","keywords":["EE UU","guerra","Iran","ISRAEL"],"articleSection":["MUNDO"],"inLanguage":"es","potentialAction":[{"@type":"CommentAction","name":"Comment","target":["https:\/\/www.sonoraenequipo.com.mx\/alemania-dice-que-iran-es-responsable-de-prolongar-la-guerra\/#respond"]}]},{"@type":"WebPage","@id":"https:\/\/www.sonoraenequipo.com.mx\/alemania-dice-que-iran-es-responsable-de-prolongar-la-guerra\/","url":"https:\/\/www.sonoraenequipo.com.mx\/alemania-dice-que-iran-es-responsable-de-prolongar-la-guerra\/","name":"Sonora en Equipo. Alemania dice que Ir\u00e1n es responsable de prolongar la guerra MUNDO","isPartOf":{"@id":"https:\/\/www.sonoraenequipo.com.mx\/#website"},"primaryImageOfPage":{"@id":"https:\/\/www.sonoraenequipo.com.mx\/alemania-dice-que-iran-es-responsable-de-prolongar-la-guerra\/#primaryimage"},"image":{"@id":"https:\/\/www.sonoraenequipo.com.mx\/alemania-dice-que-iran-es-responsable-de-prolongar-la-guerra\/#primaryimage"},"thumbnailUrl":"https:\/\/www.sonoraenequipo.com.mx\/storage\/2025\/08\/Merz.jpg","datePublished":"2026-03-09T20:26:28+00:00","description":"\"Tan pronto como cese el r\u00e9gimen de los mul\u00e1s, terminar\u00e1 esta guerra\", declar\u00f3 este lunes (09.03.2026) en Berl\u00edn el canciller alem\u00e1n Friedrich Merz. En Sonora en Equipo publicamos toda la informaci\u00f3n de Sonora, M\u00e9xico y el Mundo de manera oportuna y busca que la libertad de expresi\u00f3n sea real. Visita nuestro medio informativo publicado desde Hermosillo, Sonora. %","breadcrumb":{"@id":"https:\/\/www.sonoraenequipo.com.mx\/alemania-dice-que-iran-es-responsable-de-prolongar-la-guerra\/#breadcrumb"},"inLanguage":"es","potentialAction":[{"@type":"ReadAction","target":["https:\/\/www.sonoraenequipo.com.mx\/alemania-dice-que-iran-es-responsable-de-prolongar-la-guerra\/"]}]},{"@type":"ImageObject","inLanguage":"es","@id":"https:\/\/www.sonoraenequipo.com.mx\/alemania-dice-que-iran-es-responsable-de-prolongar-la-guerra\/#primaryimage","url":"https:\/\/www.sonoraenequipo.com.mx\/storage\/2025\/08\/Merz.jpg","contentUrl":"https:\/\/www.sonoraenequipo.com.mx\/storage\/2025\/08\/Merz.jpg","width":620,"height":420,"caption":"Friedrich Merz. Imagen de archivo"},{"@type":"BreadcrumbList","@id":"https:\/\/www.sonoraenequipo.com.mx\/alemania-dice-que-iran-es-responsable-de-prolongar-la-guerra\/#breadcrumb","itemListElement":[{"@type":"ListItem","position":1,"name":"Portada","item":"https:\/\/www.sonoraenequipo.com.mx\/"},{"@type":"ListItem","position":2,"name":"Alemania dice que Ir\u00e1n es responsable de prolongar la guerra"}]},{"@type":"WebSite","@id":"https:\/\/www.sonoraenequipo.com.mx\/#website","url":"https:\/\/www.sonoraenequipo.com.mx\/","name":"Sonora en Equipo.","description":"Diario en l\u00ednea con Noticias desde Hermosillo, Sonora","publisher":{"@id":"https:\/\/www.sonoraenequipo.com.mx\/#organization"},"potentialAction":[{"@type":"SearchAction","target":{"@type":"EntryPoint","urlTemplate":"https:\/\/www.sonoraenequipo.com.mx\/?s={search_term_string}"},"query-input":{"@type":"PropertyValueSpecification","valueRequired":true,"valueName":"search_term_string"}}],"inLanguage":"es"},{"@type":"Organization","@id":"https:\/\/www.sonoraenequipo.com.mx\/#organization","name":"Sonoraenequipo.com.mx","url":"https:\/\/www.sonoraenequipo.com.mx\/","logo":{"@type":"ImageObject","inLanguage":"es","@id":"https:\/\/www.sonoraenequipo.com.mx\/#\/schema\/logo\/image\/","url":"https:\/\/www.sonoraenequipo.com.mx\/storage\/2019\/01\/sonoraenequipo_opt.png","contentUrl":"https:\/\/www.sonoraenequipo.com.mx\/storage\/2019\/01\/sonoraenequipo_opt.png","width":375,"height":125,"caption":"Sonoraenequipo.com.mx"},"image":{"@id":"https:\/\/www.sonoraenequipo.com.mx\/#\/schema\/logo\/image\/"},"sameAs":["https:\/\/www.facebook.com\/SonoraEE\/","https:\/\/x.com\/sonoraenequipo","https:\/\/www.youtube.com\/channel\/UC338nW-lPEYmJQs4ZABQ1SQ"]},{"@type":"Person","@id":"https:\/\/www.sonoraenequipo.com.mx\/#\/schema\/person\/50102df0fb23a8fa9e8effad8fa81386","name":"enequipo","image":{"@type":"ImageObject","inLanguage":"es","@id":"https:\/\/www.sonoraenequipo.com.mx\/#\/schema\/person\/image\/","url":"https:\/\/secure.gravatar.com\/avatar\/049821681b589dabc0bc20695993ccebb09f5b5d4d790cd9251b97faac7c652b?s=96&d=blank&r=g","contentUrl":"https:\/\/secure.gravatar.com\/avatar\/049821681b589dabc0bc20695993ccebb09f5b5d4d790cd9251b97faac7c652b?s=96&d=blank&r=g","caption":"enequipo"},"sameAs":["https:\/\/www.facebook.com\/SonoraEE"]}]}},"jetpack_featured_media_url":"https:\/\/www.sonoraenequipo.com.mx\/storage\/2025\/08\/Merz.jpg","_links":{"self":[{"href":"https:\/\/www.sonoraenequipo.com.mx\/api\/wp\/v2\/posts\/236962","targetHints":{"allow":["GET"]}}],"collection":[{"href":"https:\/\/www.sonoraenequipo.com.mx\/api\/wp\/v2\/posts"}],"about":[{"href":"https:\/\/www.sonoraenequipo.com.mx\/api\/wp\/v2\/types\/post"}],"author":[{"embeddable":true,"href":"https:\/\/www.sonoraenequipo.com.mx\/api\/wp\/v2\/users\/1"}],"replies":[{"embeddable":true,"href":"https:\/\/www.sonoraenequipo.com.mx\/api\/wp\/v2\/comments?post=236962"}],"version-history":[{"count":1,"href":"https:\/\/www.sonoraenequipo.com.mx\/api\/wp\/v2\/posts\/236962\/revisions"}],"predecessor-version":[{"id":236963,"href":"https:\/\/www.sonoraenequipo.com.mx\/api\/wp\/v2\/posts\/236962\/revisions\/236963"}],"wp:featuredmedia":[{"embeddable":true,"href":"https:\/\/www.sonoraenequipo.com.mx\/api\/wp\/v2\/media\/220907"}],"wp:attachment":[{"href":"https:\/\/www.sonoraenequipo.com.mx\/api\/wp\/v2\/media?parent=236962"}],"wp:term":[{"taxonomy":"category","embeddable":true,"href":"https:\/\/www.sonoraenequipo.com.mx\/api\/wp\/v2\/categories?post=236962"},{"taxonomy":"post_tag","embeddable":true,"href":"https:\/\/www.sonoraenequipo.com.mx\/api\/wp\/v2\/tags?post=236962"}],"curies":[{"name":"wp","href":"https:\/\/api.w.org\/{rel}","templated":true}]}}