{"id":236964,"date":"2026-03-09T13:54:29","date_gmt":"2026-03-09T20:54:29","guid":{"rendered":"https:\/\/www.sonoraenequipo.com.mx\/?p=236964"},"modified":"2026-03-09T13:54:29","modified_gmt":"2026-03-09T20:54:29","slug":"exhorta-salud-sonora-a-mujeres-embarazadas-evitar-vacunarse-contra-sarampion","status":"publish","type":"post","link":"https:\/\/www.sonoraenequipo.com.mx\/exhorta-salud-sonora-a-mujeres-embarazadas-evitar-vacunarse-contra-sarampion\/","title":{"rendered":"Exhorta Salud Sonora a mujeres embarazadas evitar vacunarse contra sarampi\u00f3n"},"content":{"rendered":"<p><strong>HERMOSILLO, SONORA, MX. \u2014<\/strong> La Secretar\u00eda de Salud P\u00fablica (SSP) de Sonora inform\u00f3 que la vacuna contra el sarampi\u00f3n no debe aplicarse durante el embarazo, por lo que se recomienda a las mujeres embarazadas no recibir esta dosis hasta despu\u00e9s del nacimiento del beb\u00e9.<\/p>\n<p>&nbsp;<\/p>\n<p>La responsable estatal del Programa de Vacunaci\u00f3n Universal, Mar\u00eda Concepci\u00f3n F\u00e9lix Lares, detall\u00f3 que esta vacuna est\u00e1 elaborada con virus atenuados, por lo que su aplicaci\u00f3n est\u00e1 contraindicada durante el embarazo. Por ello, la recomendaci\u00f3n es que las mujeres que planean embarazarse completen su esquema de vacunaci\u00f3n antes de iniciar la gestaci\u00f3n.<\/p>\n<p>&nbsp;<\/p>\n<p>\u201cLa vacuna contra el sarampi\u00f3n no se aplica en embarazo. Es una contraindicaci\u00f3n precisamente porque es una vacuna de virus atenuados y queremos la protecci\u00f3n previa, es decir, que se aplique antes del embarazo\u201d, explic\u00f3.<\/p>\n<p>&nbsp;<\/p>\n<p>En caso de no haberse vacunado antes, la dosis contra sarampi\u00f3n, rub\u00e9ola o triple viral puede aplicarse despu\u00e9s del parto o durante el periodo de lactancia, ya que en esta etapa s\u00ed es segura y ayuda a proteger tanto a la madre como al beb\u00e9 mediante los anticuerpos.<\/p>\n<p>&nbsp;<\/p>\n<p>Sin embargo, las mujeres embarazadas s\u00ed pueden y deben aplicarse vacunas contra enfermedades respiratorias de temporada, como influenza y COVID-19, adem\u00e1s de la vacuna TDPA, que protege contra t\u00e9tanos, difteria y tosferina.<\/p>\n<p>&nbsp;<\/p>\n<p>La SSP record\u00f3 que la campa\u00f1a de vacunaci\u00f3n contra enfermedades invernales concluye el 3 de abril, por lo que invit\u00f3 a embarazadas, adultos mayores, ni\u00f1as y ni\u00f1os peque\u00f1os, as\u00ed como personas con enfermedades cr\u00f3nicas, a acudir a su unidad de salud m\u00e1s cercana para recibir estas vacunas y proteger su salud.<\/p>\n<p><strong>Fecha de publicaci\u00f3n lunes 9 de marzo de 2026<\/strong><\/p>\n<p>&nbsp;<\/p>\n","protected":false},"excerpt":{"rendered":"<p>HERMOSILLO, SONORA, MX. \u2014 La Secretar\u00eda de Salud P\u00fablica (SSP) de Sonora inform\u00f3 que la&#8230;<\/p>\n","protected":false},"author":1,"featured_media":236630,"comment_status":"open","ping_status":"open","sticky":false,"template":"","format":"standard","meta":{"_monsterinsights_skip_tracking":false,"_monsterinsights_sitenote_active":false,"_monsterinsights_sitenote_note":"","_monsterinsights_sitenote_category":0,"footnotes":""},"categories":[1],"tags":[5368,297,12455],"class_list":["post"],"yoast_head":" \n<title>Sonora en Equipo. Exhorta Salud Sonora a mujeres embarazadas evitar vacunarse contra sarampi\u00f3n<\/title>\n<meta name=\"description\" content=\"HERMOSILLO, SONORA, MX. \u2014 La Secretar\u00eda de Salud P\u00fablica (SSP) de Sonora inform\u00f3 que la vacuna contra el sarampi\u00f3n no debe aplicarse durante el embarazo, En Sonora en Equipo publicamos toda la informaci\u00f3n de Sonora, M\u00e9xico y el Mundo de manera oportuna y busca que la libertad de expresi\u00f3n sea real. Visita nuestro medio informativo publicado desde Hermosillo, Sonora. %\" \/>\n<meta name=\"robots\" content=\"index, follow, max-snippet:-1, max-image-preview:large, max-video-preview:-1\" \/>\n<link rel=\"canonical\" href=\"https:\/\/www.sonoraenequipo.com.mx\/exhorta-salud-sonora-a-mujeres-embarazadas-evitar-vacunarse-contra-sarampion\/\" \/>\n<meta property=\"og:locale\" content=\"es_ES\" \/>\n<meta property=\"og:type\" content=\"article\" \/>\n<meta property=\"og:title\" content=\"Sonora en Equipo. Exhorta Salud Sonora a mujeres embarazadas evitar vacunarse contra sarampi\u00f3n\" \/>\n<meta property=\"og:description\" content=\"HERMOSILLO, SONORA, MX. \u2014 La Secretar\u00eda de Salud P\u00fablica (SSP) de Sonora inform\u00f3 que la vacuna contra el sarampi\u00f3n no debe aplicarse durante el embarazo, En Sonora en Equipo publicamos toda la informaci\u00f3n de Sonora, M\u00e9xico y el Mundo de manera oportuna y busca que la libertad de expresi\u00f3n sea real. Visita nuestro medio informativo publicado desde Hermosillo, Sonora. %\" \/>\n<meta property=\"og:url\" content=\"https:\/\/www.sonoraenequipo.com.mx\/exhorta-salud-sonora-a-mujeres-embarazadas-evitar-vacunarse-contra-sarampion\/\" \/>\n<meta property=\"og:site_name\" content=\"Sonora en Equipo.\" \/>\n<meta property=\"article:publisher\" content=\"https:\/\/www.facebook.com\/SonoraEE\/\" \/>\n<meta property=\"article:author\" content=\"https:\/\/www.facebook.com\/SonoraEE\" \/>\n<meta property=\"article:published_time\" content=\"2026-03-09T20:54:29+00:00\" \/>\n<meta property=\"og:image\" content=\"https:\/\/www.sonoraenequipo.com.mx\/storage\/2026\/03\/vacunacion-campos-agricolas.jpg\" \/>\n\t<meta property=\"og:image:width\" content=\"600\" \/>\n\t<meta property=\"og:image:height\" content=\"400\" \/>\n\t<meta property=\"og:image:type\" content=\"image\/jpeg\" \/>\n<meta name=\"author\" content=\"enequipo\" \/>\n<meta name=\"twitter:card\" content=\"summary_large_image\" \/>\n<meta name=\"twitter:creator\" content=\"@sonoraenequipo\" \/>\n<meta name=\"twitter:site\" content=\"@sonoraenequipo\" \/>\n<meta name=\"twitter:label1\" content=\"Escrito por\" \/>\n\t<meta name=\"twitter:data1\" content=\"enequipo\" \/>\n\t<meta name=\"twitter:label2\" content=\"Tiempo de lectura\" \/>\n\t<meta name=\"twitter:data2\" content=\"2 minutos\" \/>\n<script type=\"application\/ld+json\" class=\"yoast-schema-graph\">{\"@context\":\"https:\/\/schema.org\",\"@graph\":[{\"@type\":\"Article\",\"@id\":\"https:\/\/www.sonoraenequipo.com.mx\/exhorta-salud-sonora-a-mujeres-embarazadas-evitar-vacunarse-contra-sarampion\/#article\",\"isPartOf\":{\"@id\":\"https:\/\/www.sonoraenequipo.com.mx\/exhorta-salud-sonora-a-mujeres-embarazadas-evitar-vacunarse-contra-sarampion\/\"},\"author\":{\"name\":\"enequipo\",\"@id\":\"https:\/\/www.sonoraenequipo.com.mx\/#\/schema\/person\/50102df0fb23a8fa9e8effad8fa81386\"},\"headline\":\"Exhorta Salud Sonora a mujeres embarazadas evitar vacunarse contra sarampi\u00f3n\",\"datePublished\":\"2026-03-09T20:54:29+00:00\",\"mainEntityOfPage\":{\"@id\":\"https:\/\/www.sonoraenequipo.com.mx\/exhorta-salud-sonora-a-mujeres-embarazadas-evitar-vacunarse-contra-sarampion\/\"},\"wordCount\":312,\"commentCount\":0,\"publisher\":{\"@id\":\"https:\/\/www.sonoraenequipo.com.mx\/#organization\"},\"image\":{\"@id\":\"https:\/\/www.sonoraenequipo.com.mx\/exhorta-salud-sonora-a-mujeres-embarazadas-evitar-vacunarse-contra-sarampion\/#primaryimage\"},\"thumbnailUrl\":\"https:\/\/www.sonoraenequipo.com.mx\/storage\/2026\/03\/vacunacion-campos-agricolas.jpg\",\"keywords\":[\"embarazadas\",\"mujeres\",\"vacuna sarampi\u00f3n\"],\"articleSection\":[\"Sin categorizar\"],\"inLanguage\":\"es\",\"potentialAction\":[{\"@type\":\"CommentAction\",\"name\":\"Comment\",\"target\":[\"https:\/\/www.sonoraenequipo.com.mx\/exhorta-salud-sonora-a-mujeres-embarazadas-evitar-vacunarse-contra-sarampion\/#respond\"]}]},{\"@type\":\"WebPage\",\"@id\":\"https:\/\/www.sonoraenequipo.com.mx\/exhorta-salud-sonora-a-mujeres-embarazadas-evitar-vacunarse-contra-sarampion\/\",\"url\":\"https:\/\/www.sonoraenequipo.com.mx\/exhorta-salud-sonora-a-mujeres-embarazadas-evitar-vacunarse-contra-sarampion\/\",\"name\":\"Sonora en Equipo. Exhorta Salud Sonora a mujeres embarazadas evitar vacunarse contra sarampi\u00f3n\",\"isPartOf\":{\"@id\":\"https:\/\/www.sonoraenequipo.com.mx\/#website\"},\"primaryImageOfPage\":{\"@id\":\"https:\/\/www.sonoraenequipo.com.mx\/exhorta-salud-sonora-a-mujeres-embarazadas-evitar-vacunarse-contra-sarampion\/#primaryimage\"},\"image\":{\"@id\":\"https:\/\/www.sonoraenequipo.com.mx\/exhorta-salud-sonora-a-mujeres-embarazadas-evitar-vacunarse-contra-sarampion\/#primaryimage\"},\"thumbnailUrl\":\"https:\/\/www.sonoraenequipo.com.mx\/storage\/2026\/03\/vacunacion-campos-agricolas.jpg\",\"datePublished\":\"2026-03-09T20:54:29+00:00\",\"description\":\"HERMOSILLO, SONORA, MX. \u2014 La Secretar\u00eda de Salud P\u00fablica (SSP) de Sonora inform\u00f3 que la vacuna contra el sarampi\u00f3n no debe aplicarse durante el embarazo, En Sonora en Equipo publicamos toda la informaci\u00f3n de Sonora, M\u00e9xico y el Mundo de manera oportuna y busca que la libertad de expresi\u00f3n sea real. Visita nuestro medio informativo publicado desde Hermosillo, Sonora. %\",\"breadcrumb\":{\"@id\":\"https:\/\/www.sonoraenequipo.com.mx\/exhorta-salud-sonora-a-mujeres-embarazadas-evitar-vacunarse-contra-sarampion\/#breadcrumb\"},\"inLanguage\":\"es\",\"potentialAction\":[{\"@type\":\"ReadAction\",\"target\":[\"https:\/\/www.sonoraenequipo.com.mx\/exhorta-salud-sonora-a-mujeres-embarazadas-evitar-vacunarse-contra-sarampion\/\"]}]},{\"@type\":\"ImageObject\",\"inLanguage\":\"es\",\"@id\":\"https:\/\/www.sonoraenequipo.com.mx\/exhorta-salud-sonora-a-mujeres-embarazadas-evitar-vacunarse-contra-sarampion\/#primaryimage\",\"url\":\"https:\/\/www.sonoraenequipo.com.mx\/storage\/2026\/03\/vacunacion-campos-agricolas.jpg\",\"contentUrl\":\"https:\/\/www.sonoraenequipo.com.mx\/storage\/2026\/03\/vacunacion-campos-agricolas.jpg\",\"width\":600,\"height\":400},{\"@type\":\"BreadcrumbList\",\"@id\":\"https:\/\/www.sonoraenequipo.com.mx\/exhorta-salud-sonora-a-mujeres-embarazadas-evitar-vacunarse-contra-sarampion\/#breadcrumb\",\"itemListElement\":[{\"@type\":\"ListItem\",\"position\":1,\"name\":\"Portada\",\"item\":\"https:\/\/www.sonoraenequipo.com.mx\/\"},{\"@type\":\"ListItem\",\"position\":2,\"name\":\"Exhorta Salud Sonora a mujeres embarazadas evitar vacunarse contra sarampi\u00f3n\"}]},{\"@type\":\"WebSite\",\"@id\":\"https:\/\/www.sonoraenequipo.com.mx\/#website\",\"url\":\"https:\/\/www.sonoraenequipo.com.mx\/\",\"name\":\"Sonora en Equipo.\",\"description\":\"Diario en l\u00ednea con Noticias desde Hermosillo, Sonora\",\"publisher\":{\"@id\":\"https:\/\/www.sonoraenequipo.com.mx\/#organization\"},\"potentialAction\":[{\"@type\":\"SearchAction\",\"target\":{\"@type\":\"EntryPoint\",\"urlTemplate\":\"https:\/\/www.sonoraenequipo.com.mx\/?s={search_term_string}\"},\"query-input\":{\"@type\":\"PropertyValueSpecification\",\"valueRequired\":true,\"valueName\":\"search_term_string\"}}],\"inLanguage\":\"es\"},{\"@type\":\"Organization\",\"@id\":\"https:\/\/www.sonoraenequipo.com.mx\/#organization\",\"name\":\"Sonoraenequipo.com.mx\",\"url\":\"https:\/\/www.sonoraenequipo.com.mx\/\",\"logo\":{\"@type\":\"ImageObject\",\"inLanguage\":\"es\",\"@id\":\"https:\/\/www.sonoraenequipo.com.mx\/#\/schema\/logo\/image\/\",\"url\":\"https:\/\/www.sonoraenequipo.com.mx\/storage\/2019\/01\/sonoraenequipo_opt.png\",\"contentUrl\":\"https:\/\/www.sonoraenequipo.com.mx\/storage\/2019\/01\/sonoraenequipo_opt.png\",\"width\":375,\"height\":125,\"caption\":\"Sonoraenequipo.com.mx\"},\"image\":{\"@id\":\"https:\/\/www.sonoraenequipo.com.mx\/#\/schema\/logo\/image\/\"},\"sameAs\":[\"https:\/\/www.facebook.com\/SonoraEE\/\",\"https:\/\/x.com\/sonoraenequipo\",\"https:\/\/www.youtube.com\/channel\/UC338nW-lPEYmJQs4ZABQ1SQ\"]},{\"@type\":\"Person\",\"@id\":\"https:\/\/www.sonoraenequipo.com.mx\/#\/schema\/person\/50102df0fb23a8fa9e8effad8fa81386\",\"name\":\"enequipo\",\"image\":{\"@type\":\"ImageObject\",\"inLanguage\":\"es\",\"@id\":\"https:\/\/www.sonoraenequipo.com.mx\/#\/schema\/person\/image\/\",\"url\":\"https:\/\/secure.gravatar.com\/avatar\/049821681b589dabc0bc20695993ccebb09f5b5d4d790cd9251b97faac7c652b?s=96&d=blank&r=g\",\"contentUrl\":\"https:\/\/secure.gravatar.com\/avatar\/049821681b589dabc0bc20695993ccebb09f5b5d4d790cd9251b97faac7c652b?s=96&d=blank&r=g\",\"caption\":\"enequipo\"},\"sameAs\":[\"https:\/\/www.facebook.com\/SonoraEE\"]}]}<\/script>\n ","yoast_head_json":{"title":"Sonora en Equipo. Exhorta Salud Sonora a mujeres embarazadas evitar vacunarse contra sarampi\u00f3n","description":"HERMOSILLO, SONORA, MX. \u2014 La Secretar\u00eda de Salud P\u00fablica (SSP) de Sonora inform\u00f3 que la vacuna contra el sarampi\u00f3n no debe aplicarse durante el embarazo, En Sonora en Equipo publicamos toda la informaci\u00f3n de Sonora, M\u00e9xico y el Mundo de manera oportuna y busca que la libertad de expresi\u00f3n sea real. Visita nuestro medio informativo publicado desde Hermosillo, Sonora. %","robots":{"index":"index","follow":"follow","max-snippet":"max-snippet:-1","max-image-preview":"max-image-preview:large","max-video-preview":"max-video-preview:-1"},"canonical":"https:\/\/www.sonoraenequipo.com.mx\/exhorta-salud-sonora-a-mujeres-embarazadas-evitar-vacunarse-contra-sarampion\/","og_locale":"es_ES","og_type":"article","og_title":"Sonora en Equipo. Exhorta Salud Sonora a mujeres embarazadas evitar vacunarse contra sarampi\u00f3n","og_description":"HERMOSILLO, SONORA, MX. \u2014 La Secretar\u00eda de Salud P\u00fablica (SSP) de Sonora inform\u00f3 que la vacuna contra el sarampi\u00f3n no debe aplicarse durante el embarazo, En Sonora en Equipo publicamos toda la informaci\u00f3n de Sonora, M\u00e9xico y el Mundo de manera oportuna y busca que la libertad de expresi\u00f3n sea real. Visita nuestro medio informativo publicado desde Hermosillo, Sonora. %","og_url":"https:\/\/www.sonoraenequipo.com.mx\/exhorta-salud-sonora-a-mujeres-embarazadas-evitar-vacunarse-contra-sarampion\/","og_site_name":"Sonora en Equipo.","article_publisher":"https:\/\/www.facebook.com\/SonoraEE\/","article_author":"https:\/\/www.facebook.com\/SonoraEE","article_published_time":"2026-03-09T20:54:29+00:00","og_image":[{"width":600,"height":400,"url":"https:\/\/www.sonoraenequipo.com.mx\/storage\/2026\/03\/vacunacion-campos-agricolas.jpg","type":"image\/jpeg"}],"author":"enequipo","twitter_card":"summary_large_image","twitter_creator":"@sonoraenequipo","twitter_site":"@sonoraenequipo","twitter_misc":{"Escrito por":"enequipo","Tiempo de lectura":"2 minutos"},"schema":{"@context":"https:\/\/schema.org","@graph":[{"@type":"Article","@id":"https:\/\/www.sonoraenequipo.com.mx\/exhorta-salud-sonora-a-mujeres-embarazadas-evitar-vacunarse-contra-sarampion\/#article","isPartOf":{"@id":"https:\/\/www.sonoraenequipo.com.mx\/exhorta-salud-sonora-a-mujeres-embarazadas-evitar-vacunarse-contra-sarampion\/"},"author":{"name":"enequipo","@id":"https:\/\/www.sonoraenequipo.com.mx\/#\/schema\/person\/50102df0fb23a8fa9e8effad8fa81386"},"headline":"Exhorta Salud Sonora a mujeres embarazadas evitar vacunarse contra sarampi\u00f3n","datePublished":"2026-03-09T20:54:29+00:00","mainEntityOfPage":{"@id":"https:\/\/www.sonoraenequipo.com.mx\/exhorta-salud-sonora-a-mujeres-embarazadas-evitar-vacunarse-contra-sarampion\/"},"wordCount":312,"commentCount":0,"publisher":{"@id":"https:\/\/www.sonoraenequipo.com.mx\/#organization"},"image":{"@id":"https:\/\/www.sonoraenequipo.com.mx\/exhorta-salud-sonora-a-mujeres-embarazadas-evitar-vacunarse-contra-sarampion\/#primaryimage"},"thumbnailUrl":"https:\/\/www.sonoraenequipo.com.mx\/storage\/2026\/03\/vacunacion-campos-agricolas.jpg","keywords":["embarazadas","mujeres","vacuna sarampi\u00f3n"],"articleSection":["Sin categorizar"],"inLanguage":"es","potentialAction":[{"@type":"CommentAction","name":"Comment","target":["https:\/\/www.sonoraenequipo.com.mx\/exhorta-salud-sonora-a-mujeres-embarazadas-evitar-vacunarse-contra-sarampion\/#respond"]}]},{"@type":"WebPage","@id":"https:\/\/www.sonoraenequipo.com.mx\/exhorta-salud-sonora-a-mujeres-embarazadas-evitar-vacunarse-contra-sarampion\/","url":"https:\/\/www.sonoraenequipo.com.mx\/exhorta-salud-sonora-a-mujeres-embarazadas-evitar-vacunarse-contra-sarampion\/","name":"Sonora en Equipo. Exhorta Salud Sonora a mujeres embarazadas evitar vacunarse contra sarampi\u00f3n","isPartOf":{"@id":"https:\/\/www.sonoraenequipo.com.mx\/#website"},"primaryImageOfPage":{"@id":"https:\/\/www.sonoraenequipo.com.mx\/exhorta-salud-sonora-a-mujeres-embarazadas-evitar-vacunarse-contra-sarampion\/#primaryimage"},"image":{"@id":"https:\/\/www.sonoraenequipo.com.mx\/exhorta-salud-sonora-a-mujeres-embarazadas-evitar-vacunarse-contra-sarampion\/#primaryimage"},"thumbnailUrl":"https:\/\/www.sonoraenequipo.com.mx\/storage\/2026\/03\/vacunacion-campos-agricolas.jpg","datePublished":"2026-03-09T20:54:29+00:00","description":"HERMOSILLO, SONORA, MX. \u2014 La Secretar\u00eda de Salud P\u00fablica (SSP) de Sonora inform\u00f3 que la vacuna contra el sarampi\u00f3n no debe aplicarse durante el embarazo, En Sonora en Equipo publicamos toda la informaci\u00f3n de Sonora, M\u00e9xico y el Mundo de manera oportuna y busca que la libertad de expresi\u00f3n sea real. Visita nuestro medio informativo publicado desde Hermosillo, Sonora. %","breadcrumb":{"@id":"https:\/\/www.sonoraenequipo.com.mx\/exhorta-salud-sonora-a-mujeres-embarazadas-evitar-vacunarse-contra-sarampion\/#breadcrumb"},"inLanguage":"es","potentialAction":[{"@type":"ReadAction","target":["https:\/\/www.sonoraenequipo.com.mx\/exhorta-salud-sonora-a-mujeres-embarazadas-evitar-vacunarse-contra-sarampion\/"]}]},{"@type":"ImageObject","inLanguage":"es","@id":"https:\/\/www.sonoraenequipo.com.mx\/exhorta-salud-sonora-a-mujeres-embarazadas-evitar-vacunarse-contra-sarampion\/#primaryimage","url":"https:\/\/www.sonoraenequipo.com.mx\/storage\/2026\/03\/vacunacion-campos-agricolas.jpg","contentUrl":"https:\/\/www.sonoraenequipo.com.mx\/storage\/2026\/03\/vacunacion-campos-agricolas.jpg","width":600,"height":400},{"@type":"BreadcrumbList","@id":"https:\/\/www.sonoraenequipo.com.mx\/exhorta-salud-sonora-a-mujeres-embarazadas-evitar-vacunarse-contra-sarampion\/#breadcrumb","itemListElement":[{"@type":"ListItem","position":1,"name":"Portada","item":"https:\/\/www.sonoraenequipo.com.mx\/"},{"@type":"ListItem","position":2,"name":"Exhorta Salud Sonora a mujeres embarazadas evitar vacunarse contra sarampi\u00f3n"}]},{"@type":"WebSite","@id":"https:\/\/www.sonoraenequipo.com.mx\/#website","url":"https:\/\/www.sonoraenequipo.com.mx\/","name":"Sonora en Equipo.","description":"Diario en l\u00ednea con Noticias desde Hermosillo, Sonora","publisher":{"@id":"https:\/\/www.sonoraenequipo.com.mx\/#organization"},"potentialAction":[{"@type":"SearchAction","target":{"@type":"EntryPoint","urlTemplate":"https:\/\/www.sonoraenequipo.com.mx\/?s={search_term_string}"},"query-input":{"@type":"PropertyValueSpecification","valueRequired":true,"valueName":"search_term_string"}}],"inLanguage":"es"},{"@type":"Organization","@id":"https:\/\/www.sonoraenequipo.com.mx\/#organization","name":"Sonoraenequipo.com.mx","url":"https:\/\/www.sonoraenequipo.com.mx\/","logo":{"@type":"ImageObject","inLanguage":"es","@id":"https:\/\/www.sonoraenequipo.com.mx\/#\/schema\/logo\/image\/","url":"https:\/\/www.sonoraenequipo.com.mx\/storage\/2019\/01\/sonoraenequipo_opt.png","contentUrl":"https:\/\/www.sonoraenequipo.com.mx\/storage\/2019\/01\/sonoraenequipo_opt.png","width":375,"height":125,"caption":"Sonoraenequipo.com.mx"},"image":{"@id":"https:\/\/www.sonoraenequipo.com.mx\/#\/schema\/logo\/image\/"},"sameAs":["https:\/\/www.facebook.com\/SonoraEE\/","https:\/\/x.com\/sonoraenequipo","https:\/\/www.youtube.com\/channel\/UC338nW-lPEYmJQs4ZABQ1SQ"]},{"@type":"Person","@id":"https:\/\/www.sonoraenequipo.com.mx\/#\/schema\/person\/50102df0fb23a8fa9e8effad8fa81386","name":"enequipo","image":{"@type":"ImageObject","inLanguage":"es","@id":"https:\/\/www.sonoraenequipo.com.mx\/#\/schema\/person\/image\/","url":"https:\/\/secure.gravatar.com\/avatar\/049821681b589dabc0bc20695993ccebb09f5b5d4d790cd9251b97faac7c652b?s=96&d=blank&r=g","contentUrl":"https:\/\/secure.gravatar.com\/avatar\/049821681b589dabc0bc20695993ccebb09f5b5d4d790cd9251b97faac7c652b?s=96&d=blank&r=g","caption":"enequipo"},"sameAs":["https:\/\/www.facebook.com\/SonoraEE"]}]}},"jetpack_featured_media_url":"https:\/\/www.sonoraenequipo.com.mx\/storage\/2026\/03\/vacunacion-campos-agricolas.jpg","_links":{"self":[{"href":"https:\/\/www.sonoraenequipo.com.mx\/api\/wp\/v2\/posts\/236964","targetHints":{"allow":["GET"]}}],"collection":[{"href":"https:\/\/www.sonoraenequipo.com.mx\/api\/wp\/v2\/posts"}],"about":[{"href":"https:\/\/www.sonoraenequipo.com.mx\/api\/wp\/v2\/types\/post"}],"author":[{"embeddable":true,"href":"https:\/\/www.sonoraenequipo.com.mx\/api\/wp\/v2\/users\/1"}],"replies":[{"embeddable":true,"href":"https:\/\/www.sonoraenequipo.com.mx\/api\/wp\/v2\/comments?post=236964"}],"version-history":[{"count":1,"href":"https:\/\/www.sonoraenequipo.com.mx\/api\/wp\/v2\/posts\/236964\/revisions"}],"predecessor-version":[{"id":236965,"href":"https:\/\/www.sonoraenequipo.com.mx\/api\/wp\/v2\/posts\/236964\/revisions\/236965"}],"wp:featuredmedia":[{"embeddable":true,"href":"https:\/\/www.sonoraenequipo.com.mx\/api\/wp\/v2\/media\/236630"}],"wp:attachment":[{"href":"https:\/\/www.sonoraenequipo.com.mx\/api\/wp\/v2\/media?parent=236964"}],"wp:term":[{"taxonomy":"category","embeddable":true,"href":"https:\/\/www.sonoraenequipo.com.mx\/api\/wp\/v2\/categories?post=236964"},{"taxonomy":"post_tag","embeddable":true,"href":"https:\/\/www.sonoraenequipo.com.mx\/api\/wp\/v2\/tags?post=236964"}],"curies":[{"name":"wp","href":"https:\/\/api.w.org\/{rel}","templated":true}]}}