{"id":236968,"date":"2026-03-09T10:10:01","date_gmt":"2026-03-09T17:10:01","guid":{"rendered":"https:\/\/www.sonoraenequipo.com.mx\/?p=236968"},"modified":"2026-03-09T14:54:45","modified_gmt":"2026-03-09T21:54:45","slug":"la-4t-busca-la-justicia-social-y-la-igualdad-para-las-mujeres-sheinbaum","status":"publish","type":"post","link":"https:\/\/www.sonoraenequipo.com.mx\/la-4t-busca-la-justicia-social-y-la-igualdad-para-las-mujeres-sheinbaum\/","title":{"rendered":"La 4T busca la justicia social y la igualdad para las mujeres: Sheinbaum"},"content":{"rendered":"<p><strong>CIUDAD DE M\u00c9XICO. MX. \u2014 <\/strong>Ciudad de M\u00e9xico. \u201c<em><strong>No hay camino distinto que el de la 4T en estos momentos en el pa\u00eds\u201d<\/strong><\/em>, asever\u00f3 la presidenta Claudia Sheinbaum Pardo, al destacar que ese modelo busca la justicia social y por la igualdad de las mujeres.<\/p>\n<p>&nbsp;<\/p>\n<p>&nbsp;<\/p>\n<p> <\/p>\n<p>En la ma\u00f1anera de este lunes se pidi\u00f3 su posici\u00f3n en torno a las movilizaciones de ayer por el 8M (D\u00eda Internacional de la Mujer), y destac\u00f3 que las manifestaciones en todos los estados se dieron de forma pac\u00edfica, aunque hubo episodios con algunas personas, incluidos hombres, que trataron de generar violencia.<\/p>\n<p>&nbsp;<\/p>\n<p>&nbsp;<\/p>\n<p><em><strong>\u201cEn la mayor\u00eda de las entidades fueron pac\u00edficas, dir\u00eda en todas. En la Ciudad de M\u00e9xico fue una marcha de alrededor 100 mil mujeres, pac\u00edfica, demandando alto a la violencia contra las mujeres, adem\u00e1s de otras leg\u00edtimas demandas. Y un grupo muy peque\u00f1o que hace actos violentos. Como siempre lo hemos manifestado no estamos de acuerdo con estas formas. Por cierto, muchos hombres en los actos violentos, personas que no se entend\u00eda por qu\u00e9 estaban haciendo estas actividades. Pero realmente muy minoritario\u201d.<\/strong><\/em><\/p>\n<p>&nbsp;<\/p>\n<p>&nbsp;<\/p>\n<p>&nbsp;<\/p>\n<p>La mandataria inform\u00f3 que durante marzo, su gobierno realizar\u00e1 diversos reconocimientos a mujeres de distintos \u00e1mbitos de la vida p\u00fablica, iniciativa que inici\u00f3 el pasado 8 de marzo con un homenaje a integrantes de las fuerzas armadas.<\/p>\n<p>&nbsp;<\/p>\n<p>&nbsp;<\/p>\n<p>Consider\u00f3 como <em><strong>\u201csimb\u00f3lico\u201d<\/strong><\/em> el hecho que haya por primera vez en la historia del M\u00e9xico independiente una mujer presidenta.<\/p>\n<p>&nbsp;<\/p>\n<p>&nbsp;<\/p>\n<p><em><strong>\u201cM\u00e1s que un esfuerzo personal es la lucha de las mujeres mexicanas de alcanzar distintos espacios en los espacios p\u00fablicos. Ayer ve\u00eda una gr\u00e1fica de la Organizaci\u00f3n para la Cooperaci\u00f3n y el Desarrollo Econ\u00f3mico (CODE), y M\u00e9xico es el pa\u00eds que m\u00e1s mujeres tiene en el Congreso, es el primer lugar de todos los pa\u00edses de la OCDE que legislaron que 50 por cientos deben ser mujeres. El promedio es 34 por ciento\u201d.<\/strong><\/em><\/p>\n<p>&nbsp;<\/p>\n<p>&nbsp;<\/p>\n<p>Si bien, dijo, en el \u00e1mbito pol\u00edtico hay avances y mayores espacios para mujeres, se\u00f1al\u00f3 que se necesita seguir abriendo brechas en otros \u00e1mbitos para las mujeres.<\/p>\n<p>&nbsp;<\/p>\n<p>&nbsp;<\/p>\n<p><em><strong>\u201cNos toc\u00f3 un momento en donde debemos demostrar los resultados de la transformaci\u00f3n. Hubo un periodo con el presidente Andr\u00e9s Manuel L\u00f3pez Obrador donde hay enormes resultados y tenemos que seguir avanzando en esos resultados, y hay unos sectores de poder que no les gusta la transformaci\u00f3n. Tenemos un reto de ir demostrando los resultados de la transformaci\u00f3n. No hay camino distinto que el de la 4T en estos momentos en el pa\u00eds\u201d.<\/strong><\/em><\/p>\n<p>&nbsp;<\/p>\n<p>&nbsp;<\/p>\n<p>Y mostrar que una mujer presidenta puede mostrar los resultados es un reto doble. A veces a las mujeres nos piden lo doble que a los hombres, para poder mostrar que en efecto un var\u00f3n ha hecho en la historia.<\/p>\n<p>&nbsp;<\/p>\n<p>&nbsp;<\/p>\n<p>Creo que lo estamos demostrando, como lo han demostrado compa\u00f1eras: la jefa de gobierno y gobernadores en el pa\u00eds.<\/p>\n<p>&nbsp;<\/p>\n<p>&nbsp;<\/p>\n<p>No s\u00f3lo es el reto de las mujeres en los distintos espacios de l vida publica, para nosotros es la lucha por la justicia ne distintos \u00e1mbitos:; es la justicia social, el que haya acceso a salud, educaci\u00f3n para todas y todos; Y tambi\u00e9n al igualdad de las mujeres. Es parte de nuestra lucha por la justicia que hemos venido haciendo desde hace muchos a\u00f1os.<\/p>\n<p>&nbsp;<\/p>\n<p>&nbsp;<\/p>\n<p>Explic\u00f3 que el acto de reivindicaci\u00f3n de las mujeres en las fuerzas armadas, realizado en el marco del D\u00eda Internacional de la Mujer ayer, tuvo como objetivo visibilizar la labor de las militares, un sector que, dijo, pocas veces ha sido reconocido p\u00fablicamente.<\/p>\n<p>&nbsp;<\/p>\n<p>&nbsp;<\/p>\n<p><em><strong>\u201c\u00bfPor qu\u00e9 decidimos ir con las mujeres de las fuerzas armadas? Bueno, es un reconocimiento. Igual vamos a hacer reconocimiento a mujeres m\u00e9dicas, a mujeres cient\u00edficas, a vecinas, a ind\u00edgenas. Y en general, a las mujeres de las fuerzas armadas nunca se les hab\u00eda hecho reconocimientos\u201d,<\/strong><\/em> expres\u00f3.<\/p>\n<p>&nbsp;<\/p>\n<p>&nbsp;<\/p>\n<p>La titular del Ejecutivo federal destac\u00f3 que las integrantes del Ej\u00e9rcito y otras corporaciones cumplen una labor fundamental en la seguridad del pa\u00eds, al tiempo que enfrentan retos personales y familiares debido a las exigencias de su trabajo.<\/p>\n<p>&nbsp;<\/p>\n<p>&nbsp;<\/p>\n<p><em><strong>\u201cNos cuidan a todos y ellas tambi\u00e9n viven dificultades. Ayer, por ejemplo, estuve platicando despu\u00e9s del evento con algunas de ellas; ya tienen hijos, hijas, obviamente sus parejas o cuidan de su familia y siempre est\u00e1n lejos de ellas y de ellos\u201d,<\/strong><\/em> se\u00f1al\u00f3.<\/p>\n<p>&nbsp;<\/p>\n<p>&nbsp;<\/p>\n<p>Se\u00f1al\u00f3 que por estas razones se decidi\u00f3 iniciar con este sector la serie de homenajes que se realizar\u00e1n a lo largo del mes, con el objetivo de visibilizar las contribuciones de mujeres en distintos \u00e1mbitos de la sociedad.<\/p>\n<p>&nbsp;<\/p>\n<p>&nbsp;<\/p>\n<p><em><strong>\u201cPor eso decidimos hacerlo all\u00ed y en el mes vamos a seguir haciendo reconocimientos\u201d.<\/strong><\/em><\/p>\n<p>&nbsp;<\/p>\n<p>&nbsp;<\/p>\n<p>La Presidenta tambi\u00e9n subray\u00f3 que reconocer la labor de las mujeres \u2014tanto en la historia como en el presente\u2014 forma parte de una pol\u00edtica para avanzar hacia una sociedad m\u00e1s justa e igualitaria.<\/p>\n<p>&nbsp;<\/p>\n<p>&nbsp;<\/p>\n<p><em><strong>\u201cPienso yo que reconocer a las mujeres en la historia, en el presente y en el futuro es justicia. Y al haber justicia hay disminuci\u00f3n de desigualdad, y al haber disminuci\u00f3n de desigualdades se erradica la discriminaci\u00f3n\u201d.<\/strong><\/em><\/p>\n<p>&nbsp;<\/p>\n<p>&nbsp;<\/p>\n<p>PUBLICADO EL 09 MARZO DE 2026 Con informaci\u00f3n de Conferencia matutina)<\/p>\n","protected":false},"excerpt":{"rendered":"<p>CIUDAD DE M\u00c9XICO. MX. \u2014 Ciudad de M\u00e9xico. \u201cNo hay camino distinto que el de&#8230;<\/p>\n","protected":false},"author":1,"featured_media":236953,"comment_status":"open","ping_status":"open","sticky":false,"template":"","format":"standard","meta":{"_monsterinsights_skip_tracking":false,"_monsterinsights_sitenote_active":false,"_monsterinsights_sitenote_note":"","_monsterinsights_sitenote_category":0,"footnotes":""},"categories":[5],"tags":[],"class_list":["post"],"yoast_head":" \n<title>Sonora en Equipo. La 4T busca la justicia social y la igualdad para las mujeres: Sheinbaum Rep\u00fablica<\/title>\n<meta name=\"description\" content=\"CIUDAD DE M\u00c9XICO. MX. \u2014 Ciudad de M\u00e9xico. \u201cNo hay camino distinto que el de la 4T en estos momentos en el pa\u00eds\u201d, asever\u00f3 la presidenta Claudia Sheinbaum En Sonora en Equipo publicamos toda la informaci\u00f3n de Sonora, M\u00e9xico y el Mundo de manera oportuna y busca que la libertad de expresi\u00f3n sea real. Visita nuestro medio informativo publicado desde Hermosillo, Sonora. %\" \/>\n<meta name=\"robots\" content=\"index, follow, max-snippet:-1, max-image-preview:large, max-video-preview:-1\" \/>\n<link rel=\"canonical\" href=\"https:\/\/www.sonoraenequipo.com.mx\/la-4t-busca-la-justicia-social-y-la-igualdad-para-las-mujeres-sheinbaum\/\" \/>\n<meta property=\"og:locale\" content=\"es_ES\" \/>\n<meta property=\"og:type\" content=\"article\" \/>\n<meta property=\"og:title\" content=\"Sonora en Equipo. La 4T busca la justicia social y la igualdad para las mujeres: Sheinbaum Rep\u00fablica\" \/>\n<meta property=\"og:description\" content=\"CIUDAD DE M\u00c9XICO. MX. \u2014 Ciudad de M\u00e9xico. \u201cNo hay camino distinto que el de la 4T en estos momentos en el pa\u00eds\u201d, asever\u00f3 la presidenta Claudia Sheinbaum En Sonora en Equipo publicamos toda la informaci\u00f3n de Sonora, M\u00e9xico y el Mundo de manera oportuna y busca que la libertad de expresi\u00f3n sea real. Visita nuestro medio informativo publicado desde Hermosillo, Sonora. %\" \/>\n<meta property=\"og:url\" content=\"https:\/\/www.sonoraenequipo.com.mx\/la-4t-busca-la-justicia-social-y-la-igualdad-para-las-mujeres-sheinbaum\/\" \/>\n<meta property=\"og:site_name\" content=\"Sonora en Equipo.\" \/>\n<meta property=\"article:publisher\" content=\"https:\/\/www.facebook.com\/SonoraEE\/\" \/>\n<meta property=\"article:author\" content=\"https:\/\/www.facebook.com\/SonoraEE\" \/>\n<meta property=\"article:published_time\" content=\"2026-03-09T17:10:01+00:00\" \/>\n<meta property=\"article:modified_time\" content=\"2026-03-09T21:54:45+00:00\" \/>\n<meta property=\"og:image\" content=\"https:\/\/www.sonoraenequipo.com.mx\/storage\/2026\/03\/buscamos-la-justicia-social-y-la-igualdad-para-las-mujeres-1.jpg\" \/>\n\t<meta property=\"og:image:width\" content=\"1230\" \/>\n\t<meta property=\"og:image:height\" content=\"718\" \/>\n\t<meta property=\"og:image:type\" content=\"image\/jpeg\" \/>\n<meta name=\"author\" content=\"enequipo\" \/>\n<meta name=\"twitter:card\" content=\"summary_large_image\" \/>\n<meta name=\"twitter:creator\" content=\"@sonoraenequipo\" \/>\n<meta name=\"twitter:site\" content=\"@sonoraenequipo\" \/>\n<meta name=\"twitter:label1\" content=\"Escrito por\" \/>\n\t<meta name=\"twitter:data1\" content=\"enequipo\" \/>\n\t<meta name=\"twitter:label2\" content=\"Tiempo de lectura\" \/>\n\t<meta name=\"twitter:data2\" content=\"5 minutos\" \/>\n<script type=\"application\/ld+json\" class=\"yoast-schema-graph\">{\"@context\":\"https:\/\/schema.org\",\"@graph\":[{\"@type\":\"Article\",\"@id\":\"https:\/\/www.sonoraenequipo.com.mx\/la-4t-busca-la-justicia-social-y-la-igualdad-para-las-mujeres-sheinbaum\/#article\",\"isPartOf\":{\"@id\":\"https:\/\/www.sonoraenequipo.com.mx\/la-4t-busca-la-justicia-social-y-la-igualdad-para-las-mujeres-sheinbaum\/\"},\"author\":{\"name\":\"enequipo\",\"@id\":\"https:\/\/www.sonoraenequipo.com.mx\/#\/schema\/person\/50102df0fb23a8fa9e8effad8fa81386\"},\"headline\":\"La 4T busca la justicia social y la igualdad para las mujeres: Sheinbaum\",\"datePublished\":\"2026-03-09T17:10:01+00:00\",\"dateModified\":\"2026-03-09T21:54:45+00:00\",\"mainEntityOfPage\":{\"@id\":\"https:\/\/www.sonoraenequipo.com.mx\/la-4t-busca-la-justicia-social-y-la-igualdad-para-las-mujeres-sheinbaum\/\"},\"wordCount\":948,\"commentCount\":0,\"publisher\":{\"@id\":\"https:\/\/www.sonoraenequipo.com.mx\/#organization\"},\"image\":{\"@id\":\"https:\/\/www.sonoraenequipo.com.mx\/la-4t-busca-la-justicia-social-y-la-igualdad-para-las-mujeres-sheinbaum\/#primaryimage\"},\"thumbnailUrl\":\"https:\/\/www.sonoraenequipo.com.mx\/storage\/2026\/03\/buscamos-la-justicia-social-y-la-igualdad-para-las-mujeres-1.jpg\",\"articleSection\":[\"Rep\u00fablica\"],\"inLanguage\":\"es\",\"potentialAction\":[{\"@type\":\"CommentAction\",\"name\":\"Comment\",\"target\":[\"https:\/\/www.sonoraenequipo.com.mx\/la-4t-busca-la-justicia-social-y-la-igualdad-para-las-mujeres-sheinbaum\/#respond\"]}]},{\"@type\":\"WebPage\",\"@id\":\"https:\/\/www.sonoraenequipo.com.mx\/la-4t-busca-la-justicia-social-y-la-igualdad-para-las-mujeres-sheinbaum\/\",\"url\":\"https:\/\/www.sonoraenequipo.com.mx\/la-4t-busca-la-justicia-social-y-la-igualdad-para-las-mujeres-sheinbaum\/\",\"name\":\"Sonora en Equipo. La 4T busca la justicia social y la igualdad para las mujeres: Sheinbaum Rep\u00fablica\",\"isPartOf\":{\"@id\":\"https:\/\/www.sonoraenequipo.com.mx\/#website\"},\"primaryImageOfPage\":{\"@id\":\"https:\/\/www.sonoraenequipo.com.mx\/la-4t-busca-la-justicia-social-y-la-igualdad-para-las-mujeres-sheinbaum\/#primaryimage\"},\"image\":{\"@id\":\"https:\/\/www.sonoraenequipo.com.mx\/la-4t-busca-la-justicia-social-y-la-igualdad-para-las-mujeres-sheinbaum\/#primaryimage\"},\"thumbnailUrl\":\"https:\/\/www.sonoraenequipo.com.mx\/storage\/2026\/03\/buscamos-la-justicia-social-y-la-igualdad-para-las-mujeres-1.jpg\",\"datePublished\":\"2026-03-09T17:10:01+00:00\",\"dateModified\":\"2026-03-09T21:54:45+00:00\",\"description\":\"CIUDAD DE M\u00c9XICO. MX. \u2014 Ciudad de M\u00e9xico. \u201cNo hay camino distinto que el de la 4T en estos momentos en el pa\u00eds\u201d, asever\u00f3 la presidenta Claudia Sheinbaum En Sonora en Equipo publicamos toda la informaci\u00f3n de Sonora, M\u00e9xico y el Mundo de manera oportuna y busca que la libertad de expresi\u00f3n sea real. Visita nuestro medio informativo publicado desde Hermosillo, Sonora. %\",\"breadcrumb\":{\"@id\":\"https:\/\/www.sonoraenequipo.com.mx\/la-4t-busca-la-justicia-social-y-la-igualdad-para-las-mujeres-sheinbaum\/#breadcrumb\"},\"inLanguage\":\"es\",\"potentialAction\":[{\"@type\":\"ReadAction\",\"target\":[\"https:\/\/www.sonoraenequipo.com.mx\/la-4t-busca-la-justicia-social-y-la-igualdad-para-las-mujeres-sheinbaum\/\"]}]},{\"@type\":\"ImageObject\",\"inLanguage\":\"es\",\"@id\":\"https:\/\/www.sonoraenequipo.com.mx\/la-4t-busca-la-justicia-social-y-la-igualdad-para-las-mujeres-sheinbaum\/#primaryimage\",\"url\":\"https:\/\/www.sonoraenequipo.com.mx\/storage\/2026\/03\/buscamos-la-justicia-social-y-la-igualdad-para-las-mujeres-1.jpg\",\"contentUrl\":\"https:\/\/www.sonoraenequipo.com.mx\/storage\/2026\/03\/buscamos-la-justicia-social-y-la-igualdad-para-las-mujeres-1.jpg\",\"width\":1230,\"height\":718},{\"@type\":\"BreadcrumbList\",\"@id\":\"https:\/\/www.sonoraenequipo.com.mx\/la-4t-busca-la-justicia-social-y-la-igualdad-para-las-mujeres-sheinbaum\/#breadcrumb\",\"itemListElement\":[{\"@type\":\"ListItem\",\"position\":1,\"name\":\"Portada\",\"item\":\"https:\/\/www.sonoraenequipo.com.mx\/\"},{\"@type\":\"ListItem\",\"position\":2,\"name\":\"La 4T busca la justicia social y la igualdad para las mujeres: Sheinbaum\"}]},{\"@type\":\"WebSite\",\"@id\":\"https:\/\/www.sonoraenequipo.com.mx\/#website\",\"url\":\"https:\/\/www.sonoraenequipo.com.mx\/\",\"name\":\"Sonora en Equipo.\",\"description\":\"Diario en l\u00ednea con Noticias desde Hermosillo, Sonora\",\"publisher\":{\"@id\":\"https:\/\/www.sonoraenequipo.com.mx\/#organization\"},\"potentialAction\":[{\"@type\":\"SearchAction\",\"target\":{\"@type\":\"EntryPoint\",\"urlTemplate\":\"https:\/\/www.sonoraenequipo.com.mx\/?s={search_term_string}\"},\"query-input\":{\"@type\":\"PropertyValueSpecification\",\"valueRequired\":true,\"valueName\":\"search_term_string\"}}],\"inLanguage\":\"es\"},{\"@type\":\"Organization\",\"@id\":\"https:\/\/www.sonoraenequipo.com.mx\/#organization\",\"name\":\"Sonoraenequipo.com.mx\",\"url\":\"https:\/\/www.sonoraenequipo.com.mx\/\",\"logo\":{\"@type\":\"ImageObject\",\"inLanguage\":\"es\",\"@id\":\"https:\/\/www.sonoraenequipo.com.mx\/#\/schema\/logo\/image\/\",\"url\":\"https:\/\/www.sonoraenequipo.com.mx\/storage\/2019\/01\/sonoraenequipo_opt.png\",\"contentUrl\":\"https:\/\/www.sonoraenequipo.com.mx\/storage\/2019\/01\/sonoraenequipo_opt.png\",\"width\":375,\"height\":125,\"caption\":\"Sonoraenequipo.com.mx\"},\"image\":{\"@id\":\"https:\/\/www.sonoraenequipo.com.mx\/#\/schema\/logo\/image\/\"},\"sameAs\":[\"https:\/\/www.facebook.com\/SonoraEE\/\",\"https:\/\/x.com\/sonoraenequipo\",\"https:\/\/www.youtube.com\/channel\/UC338nW-lPEYmJQs4ZABQ1SQ\"]},{\"@type\":\"Person\",\"@id\":\"https:\/\/www.sonoraenequipo.com.mx\/#\/schema\/person\/50102df0fb23a8fa9e8effad8fa81386\",\"name\":\"enequipo\",\"image\":{\"@type\":\"ImageObject\",\"inLanguage\":\"es\",\"@id\":\"https:\/\/www.sonoraenequipo.com.mx\/#\/schema\/person\/image\/\",\"url\":\"https:\/\/secure.gravatar.com\/avatar\/049821681b589dabc0bc20695993ccebb09f5b5d4d790cd9251b97faac7c652b?s=96&d=blank&r=g\",\"contentUrl\":\"https:\/\/secure.gravatar.com\/avatar\/049821681b589dabc0bc20695993ccebb09f5b5d4d790cd9251b97faac7c652b?s=96&d=blank&r=g\",\"caption\":\"enequipo\"},\"sameAs\":[\"https:\/\/www.facebook.com\/SonoraEE\"]}]}<\/script>\n ","yoast_head_json":{"title":"Sonora en Equipo. La 4T busca la justicia social y la igualdad para las mujeres: Sheinbaum Rep\u00fablica","description":"CIUDAD DE M\u00c9XICO. MX. \u2014 Ciudad de M\u00e9xico. \u201cNo hay camino distinto que el de la 4T en estos momentos en el pa\u00eds\u201d, asever\u00f3 la presidenta Claudia Sheinbaum En Sonora en Equipo publicamos toda la informaci\u00f3n de Sonora, M\u00e9xico y el Mundo de manera oportuna y busca que la libertad de expresi\u00f3n sea real. Visita nuestro medio informativo publicado desde Hermosillo, Sonora. %","robots":{"index":"index","follow":"follow","max-snippet":"max-snippet:-1","max-image-preview":"max-image-preview:large","max-video-preview":"max-video-preview:-1"},"canonical":"https:\/\/www.sonoraenequipo.com.mx\/la-4t-busca-la-justicia-social-y-la-igualdad-para-las-mujeres-sheinbaum\/","og_locale":"es_ES","og_type":"article","og_title":"Sonora en Equipo. La 4T busca la justicia social y la igualdad para las mujeres: Sheinbaum Rep\u00fablica","og_description":"CIUDAD DE M\u00c9XICO. MX. \u2014 Ciudad de M\u00e9xico. \u201cNo hay camino distinto que el de la 4T en estos momentos en el pa\u00eds\u201d, asever\u00f3 la presidenta Claudia Sheinbaum En Sonora en Equipo publicamos toda la informaci\u00f3n de Sonora, M\u00e9xico y el Mundo de manera oportuna y busca que la libertad de expresi\u00f3n sea real. Visita nuestro medio informativo publicado desde Hermosillo, Sonora. %","og_url":"https:\/\/www.sonoraenequipo.com.mx\/la-4t-busca-la-justicia-social-y-la-igualdad-para-las-mujeres-sheinbaum\/","og_site_name":"Sonora en Equipo.","article_publisher":"https:\/\/www.facebook.com\/SonoraEE\/","article_author":"https:\/\/www.facebook.com\/SonoraEE","article_published_time":"2026-03-09T17:10:01+00:00","article_modified_time":"2026-03-09T21:54:45+00:00","og_image":[{"width":1230,"height":718,"url":"https:\/\/www.sonoraenequipo.com.mx\/storage\/2026\/03\/buscamos-la-justicia-social-y-la-igualdad-para-las-mujeres-1.jpg","type":"image\/jpeg"}],"author":"enequipo","twitter_card":"summary_large_image","twitter_creator":"@sonoraenequipo","twitter_site":"@sonoraenequipo","twitter_misc":{"Escrito por":"enequipo","Tiempo de lectura":"5 minutos"},"schema":{"@context":"https:\/\/schema.org","@graph":[{"@type":"Article","@id":"https:\/\/www.sonoraenequipo.com.mx\/la-4t-busca-la-justicia-social-y-la-igualdad-para-las-mujeres-sheinbaum\/#article","isPartOf":{"@id":"https:\/\/www.sonoraenequipo.com.mx\/la-4t-busca-la-justicia-social-y-la-igualdad-para-las-mujeres-sheinbaum\/"},"author":{"name":"enequipo","@id":"https:\/\/www.sonoraenequipo.com.mx\/#\/schema\/person\/50102df0fb23a8fa9e8effad8fa81386"},"headline":"La 4T busca la justicia social y la igualdad para las mujeres: Sheinbaum","datePublished":"2026-03-09T17:10:01+00:00","dateModified":"2026-03-09T21:54:45+00:00","mainEntityOfPage":{"@id":"https:\/\/www.sonoraenequipo.com.mx\/la-4t-busca-la-justicia-social-y-la-igualdad-para-las-mujeres-sheinbaum\/"},"wordCount":948,"commentCount":0,"publisher":{"@id":"https:\/\/www.sonoraenequipo.com.mx\/#organization"},"image":{"@id":"https:\/\/www.sonoraenequipo.com.mx\/la-4t-busca-la-justicia-social-y-la-igualdad-para-las-mujeres-sheinbaum\/#primaryimage"},"thumbnailUrl":"https:\/\/www.sonoraenequipo.com.mx\/storage\/2026\/03\/buscamos-la-justicia-social-y-la-igualdad-para-las-mujeres-1.jpg","articleSection":["Rep\u00fablica"],"inLanguage":"es","potentialAction":[{"@type":"CommentAction","name":"Comment","target":["https:\/\/www.sonoraenequipo.com.mx\/la-4t-busca-la-justicia-social-y-la-igualdad-para-las-mujeres-sheinbaum\/#respond"]}]},{"@type":"WebPage","@id":"https:\/\/www.sonoraenequipo.com.mx\/la-4t-busca-la-justicia-social-y-la-igualdad-para-las-mujeres-sheinbaum\/","url":"https:\/\/www.sonoraenequipo.com.mx\/la-4t-busca-la-justicia-social-y-la-igualdad-para-las-mujeres-sheinbaum\/","name":"Sonora en Equipo. La 4T busca la justicia social y la igualdad para las mujeres: Sheinbaum Rep\u00fablica","isPartOf":{"@id":"https:\/\/www.sonoraenequipo.com.mx\/#website"},"primaryImageOfPage":{"@id":"https:\/\/www.sonoraenequipo.com.mx\/la-4t-busca-la-justicia-social-y-la-igualdad-para-las-mujeres-sheinbaum\/#primaryimage"},"image":{"@id":"https:\/\/www.sonoraenequipo.com.mx\/la-4t-busca-la-justicia-social-y-la-igualdad-para-las-mujeres-sheinbaum\/#primaryimage"},"thumbnailUrl":"https:\/\/www.sonoraenequipo.com.mx\/storage\/2026\/03\/buscamos-la-justicia-social-y-la-igualdad-para-las-mujeres-1.jpg","datePublished":"2026-03-09T17:10:01+00:00","dateModified":"2026-03-09T21:54:45+00:00","description":"CIUDAD DE M\u00c9XICO. MX. \u2014 Ciudad de M\u00e9xico. \u201cNo hay camino distinto que el de la 4T en estos momentos en el pa\u00eds\u201d, asever\u00f3 la presidenta Claudia Sheinbaum En Sonora en Equipo publicamos toda la informaci\u00f3n de Sonora, M\u00e9xico y el Mundo de manera oportuna y busca que la libertad de expresi\u00f3n sea real. Visita nuestro medio informativo publicado desde Hermosillo, Sonora. %","breadcrumb":{"@id":"https:\/\/www.sonoraenequipo.com.mx\/la-4t-busca-la-justicia-social-y-la-igualdad-para-las-mujeres-sheinbaum\/#breadcrumb"},"inLanguage":"es","potentialAction":[{"@type":"ReadAction","target":["https:\/\/www.sonoraenequipo.com.mx\/la-4t-busca-la-justicia-social-y-la-igualdad-para-las-mujeres-sheinbaum\/"]}]},{"@type":"ImageObject","inLanguage":"es","@id":"https:\/\/www.sonoraenequipo.com.mx\/la-4t-busca-la-justicia-social-y-la-igualdad-para-las-mujeres-sheinbaum\/#primaryimage","url":"https:\/\/www.sonoraenequipo.com.mx\/storage\/2026\/03\/buscamos-la-justicia-social-y-la-igualdad-para-las-mujeres-1.jpg","contentUrl":"https:\/\/www.sonoraenequipo.com.mx\/storage\/2026\/03\/buscamos-la-justicia-social-y-la-igualdad-para-las-mujeres-1.jpg","width":1230,"height":718},{"@type":"BreadcrumbList","@id":"https:\/\/www.sonoraenequipo.com.mx\/la-4t-busca-la-justicia-social-y-la-igualdad-para-las-mujeres-sheinbaum\/#breadcrumb","itemListElement":[{"@type":"ListItem","position":1,"name":"Portada","item":"https:\/\/www.sonoraenequipo.com.mx\/"},{"@type":"ListItem","position":2,"name":"La 4T busca la justicia social y la igualdad para las mujeres: Sheinbaum"}]},{"@type":"WebSite","@id":"https:\/\/www.sonoraenequipo.com.mx\/#website","url":"https:\/\/www.sonoraenequipo.com.mx\/","name":"Sonora en Equipo.","description":"Diario en l\u00ednea con Noticias desde Hermosillo, Sonora","publisher":{"@id":"https:\/\/www.sonoraenequipo.com.mx\/#organization"},"potentialAction":[{"@type":"SearchAction","target":{"@type":"EntryPoint","urlTemplate":"https:\/\/www.sonoraenequipo.com.mx\/?s={search_term_string}"},"query-input":{"@type":"PropertyValueSpecification","valueRequired":true,"valueName":"search_term_string"}}],"inLanguage":"es"},{"@type":"Organization","@id":"https:\/\/www.sonoraenequipo.com.mx\/#organization","name":"Sonoraenequipo.com.mx","url":"https:\/\/www.sonoraenequipo.com.mx\/","logo":{"@type":"ImageObject","inLanguage":"es","@id":"https:\/\/www.sonoraenequipo.com.mx\/#\/schema\/logo\/image\/","url":"https:\/\/www.sonoraenequipo.com.mx\/storage\/2019\/01\/sonoraenequipo_opt.png","contentUrl":"https:\/\/www.sonoraenequipo.com.mx\/storage\/2019\/01\/sonoraenequipo_opt.png","width":375,"height":125,"caption":"Sonoraenequipo.com.mx"},"image":{"@id":"https:\/\/www.sonoraenequipo.com.mx\/#\/schema\/logo\/image\/"},"sameAs":["https:\/\/www.facebook.com\/SonoraEE\/","https:\/\/x.com\/sonoraenequipo","https:\/\/www.youtube.com\/channel\/UC338nW-lPEYmJQs4ZABQ1SQ"]},{"@type":"Person","@id":"https:\/\/www.sonoraenequipo.com.mx\/#\/schema\/person\/50102df0fb23a8fa9e8effad8fa81386","name":"enequipo","image":{"@type":"ImageObject","inLanguage":"es","@id":"https:\/\/www.sonoraenequipo.com.mx\/#\/schema\/person\/image\/","url":"https:\/\/secure.gravatar.com\/avatar\/049821681b589dabc0bc20695993ccebb09f5b5d4d790cd9251b97faac7c652b?s=96&d=blank&r=g","contentUrl":"https:\/\/secure.gravatar.com\/avatar\/049821681b589dabc0bc20695993ccebb09f5b5d4d790cd9251b97faac7c652b?s=96&d=blank&r=g","caption":"enequipo"},"sameAs":["https:\/\/www.facebook.com\/SonoraEE"]}]}},"jetpack_featured_media_url":"https:\/\/www.sonoraenequipo.com.mx\/storage\/2026\/03\/buscamos-la-justicia-social-y-la-igualdad-para-las-mujeres-1.jpg","_links":{"self":[{"href":"https:\/\/www.sonoraenequipo.com.mx\/api\/wp\/v2\/posts\/236968","targetHints":{"allow":["GET"]}}],"collection":[{"href":"https:\/\/www.sonoraenequipo.com.mx\/api\/wp\/v2\/posts"}],"about":[{"href":"https:\/\/www.sonoraenequipo.com.mx\/api\/wp\/v2\/types\/post"}],"author":[{"embeddable":true,"href":"https:\/\/www.sonoraenequipo.com.mx\/api\/wp\/v2\/users\/1"}],"replies":[{"embeddable":true,"href":"https:\/\/www.sonoraenequipo.com.mx\/api\/wp\/v2\/comments?post=236968"}],"version-history":[{"count":1,"href":"https:\/\/www.sonoraenequipo.com.mx\/api\/wp\/v2\/posts\/236968\/revisions"}],"predecessor-version":[{"id":236969,"href":"https:\/\/www.sonoraenequipo.com.mx\/api\/wp\/v2\/posts\/236968\/revisions\/236969"}],"wp:featuredmedia":[{"embeddable":true,"href":"https:\/\/www.sonoraenequipo.com.mx\/api\/wp\/v2\/media\/236953"}],"wp:attachment":[{"href":"https:\/\/www.sonoraenequipo.com.mx\/api\/wp\/v2\/media?parent=236968"}],"wp:term":[{"taxonomy":"category","embeddable":true,"href":"https:\/\/www.sonoraenequipo.com.mx\/api\/wp\/v2\/categories?post=236968"},{"taxonomy":"post_tag","embeddable":true,"href":"https:\/\/www.sonoraenequipo.com.mx\/api\/wp\/v2\/tags?post=236968"}],"curies":[{"name":"wp","href":"https:\/\/api.w.org\/{rel}","templated":true}]}}