{"id":236974,"date":"2026-03-09T10:50:18","date_gmt":"2026-03-09T17:50:18","guid":{"rendered":"https:\/\/www.sonoraenequipo.com.mx\/?p=236974"},"modified":"2026-03-09T15:37:02","modified_gmt":"2026-03-09T22:37:02","slug":"emiratos-arabes-unidos-rechaza-participar-en-ataques-contra-iran","status":"publish","type":"post","link":"https:\/\/www.sonoraenequipo.com.mx\/emiratos-arabes-unidos-rechaza-participar-en-ataques-contra-iran\/","title":{"rendered":"Emiratos \u00c1rabes Unidos rechaza participar en ataques contra Ir\u00e1n"},"content":{"rendered":"<p><strong>GINEBRA.<\/strong> \u2014 \u00abComo Emiratos \u00c1rabes Unidos, no participaremos en ning\u00fan ataque contra Ir\u00e1n desde nuestro territorio y no estaremos implicados\u00bb, dijo el embajador emirat\u00ed, Jamal Al Musharaj, en Ginebra.<\/p>\n<p>&nbsp;<\/p>\n<p>&nbsp;<\/p>\n<p>PUBLICADO EL 09 MARZO DE 2026 Con informaci\u00f3n de AFP)<\/p>\n","protected":false},"excerpt":{"rendered":"<p>GINEBRA. \u2014 \u00abComo Emiratos \u00c1rabes Unidos, no participaremos en ning\u00fan ataque contra Ir\u00e1n desde nuestro&#8230;<\/p>\n","protected":false},"author":1,"featured_media":236956,"comment_status":"open","ping_status":"open","sticky":false,"template":"","format":"standard","meta":{"_monsterinsights_skip_tracking":false,"_monsterinsights_sitenote_active":false,"_monsterinsights_sitenote_note":"","_monsterinsights_sitenote_category":0,"footnotes":""},"categories":[3],"tags":[],"class_list":["post"],"yoast_head":" \n<title>Sonora en Equipo. Emiratos \u00c1rabes Unidos rechaza participar en ataques contra Ir\u00e1n MUNDO<\/title>\n<meta name=\"description\" content=\"GINEBRA. \u2014 &quot;Como Emiratos \u00c1rabes Unidos, no participaremos en ning\u00fan ataque contra Ir\u00e1n desde nuestro territorio y no estaremos implicados&quot;, dijo el En Sonora en Equipo publicamos toda la informaci\u00f3n de Sonora, M\u00e9xico y el Mundo de manera oportuna y busca que la libertad de expresi\u00f3n sea real. Visita nuestro medio informativo publicado desde Hermosillo, Sonora. %\" \/>\n<meta name=\"robots\" content=\"index, follow, max-snippet:-1, max-image-preview:large, max-video-preview:-1\" \/>\n<link rel=\"canonical\" href=\"https:\/\/www.sonoraenequipo.com.mx\/emiratos-arabes-unidos-rechaza-participar-en-ataques-contra-iran\/\" \/>\n<meta property=\"og:locale\" content=\"es_ES\" \/>\n<meta property=\"og:type\" content=\"article\" \/>\n<meta property=\"og:title\" content=\"Sonora en Equipo. Emiratos \u00c1rabes Unidos rechaza participar en ataques contra Ir\u00e1n MUNDO\" \/>\n<meta property=\"og:description\" content=\"GINEBRA. \u2014 &quot;Como Emiratos \u00c1rabes Unidos, no participaremos en ning\u00fan ataque contra Ir\u00e1n desde nuestro territorio y no estaremos implicados&quot;, dijo el En Sonora en Equipo publicamos toda la informaci\u00f3n de Sonora, M\u00e9xico y el Mundo de manera oportuna y busca que la libertad de expresi\u00f3n sea real. Visita nuestro medio informativo publicado desde Hermosillo, Sonora. %\" \/>\n<meta property=\"og:url\" content=\"https:\/\/www.sonoraenequipo.com.mx\/emiratos-arabes-unidos-rechaza-participar-en-ataques-contra-iran\/\" \/>\n<meta property=\"og:site_name\" content=\"Sonora en Equipo.\" \/>\n<meta property=\"article:publisher\" content=\"https:\/\/www.facebook.com\/SonoraEE\/\" \/>\n<meta property=\"article:author\" content=\"https:\/\/www.facebook.com\/SonoraEE\" \/>\n<meta property=\"article:published_time\" content=\"2026-03-09T17:50:18+00:00\" \/>\n<meta property=\"article:modified_time\" content=\"2026-03-09T22:37:02+00:00\" \/>\n<meta property=\"og:image\" content=\"https:\/\/www.sonoraenequipo.com.mx\/storage\/2026\/03\/Emiratos-Arabes-rechaza-participar-en-la-guerra-1.jpg\" \/>\n\t<meta property=\"og:image:width\" content=\"1000\" \/>\n\t<meta property=\"og:image:height\" content=\"666\" \/>\n\t<meta property=\"og:image:type\" content=\"image\/jpeg\" \/>\n<meta name=\"author\" content=\"enequipo\" \/>\n<meta name=\"twitter:card\" content=\"summary_large_image\" \/>\n<meta name=\"twitter:creator\" content=\"@sonoraenequipo\" \/>\n<meta name=\"twitter:site\" content=\"@sonoraenequipo\" \/>\n<meta name=\"twitter:label1\" content=\"Escrito por\" \/>\n\t<meta name=\"twitter:data1\" content=\"enequipo\" \/>\n<script type=\"application\/ld+json\" class=\"yoast-schema-graph\">{\"@context\":\"https:\/\/schema.org\",\"@graph\":[{\"@type\":\"Article\",\"@id\":\"https:\/\/www.sonoraenequipo.com.mx\/emiratos-arabes-unidos-rechaza-participar-en-ataques-contra-iran\/#article\",\"isPartOf\":{\"@id\":\"https:\/\/www.sonoraenequipo.com.mx\/emiratos-arabes-unidos-rechaza-participar-en-ataques-contra-iran\/\"},\"author\":{\"name\":\"enequipo\",\"@id\":\"https:\/\/www.sonoraenequipo.com.mx\/#\/schema\/person\/50102df0fb23a8fa9e8effad8fa81386\"},\"headline\":\"Emiratos \u00c1rabes Unidos rechaza participar en ataques contra Ir\u00e1n\",\"datePublished\":\"2026-03-09T17:50:18+00:00\",\"dateModified\":\"2026-03-09T22:37:02+00:00\",\"mainEntityOfPage\":{\"@id\":\"https:\/\/www.sonoraenequipo.com.mx\/emiratos-arabes-unidos-rechaza-participar-en-ataques-contra-iran\/\"},\"wordCount\":51,\"commentCount\":0,\"publisher\":{\"@id\":\"https:\/\/www.sonoraenequipo.com.mx\/#organization\"},\"image\":{\"@id\":\"https:\/\/www.sonoraenequipo.com.mx\/emiratos-arabes-unidos-rechaza-participar-en-ataques-contra-iran\/#primaryimage\"},\"thumbnailUrl\":\"https:\/\/www.sonoraenequipo.com.mx\/storage\/2026\/03\/Emiratos-Arabes-rechaza-participar-en-la-guerra-1.jpg\",\"articleSection\":[\"MUNDO\"],\"inLanguage\":\"es\",\"potentialAction\":[{\"@type\":\"CommentAction\",\"name\":\"Comment\",\"target\":[\"https:\/\/www.sonoraenequipo.com.mx\/emiratos-arabes-unidos-rechaza-participar-en-ataques-contra-iran\/#respond\"]}]},{\"@type\":\"WebPage\",\"@id\":\"https:\/\/www.sonoraenequipo.com.mx\/emiratos-arabes-unidos-rechaza-participar-en-ataques-contra-iran\/\",\"url\":\"https:\/\/www.sonoraenequipo.com.mx\/emiratos-arabes-unidos-rechaza-participar-en-ataques-contra-iran\/\",\"name\":\"Sonora en Equipo. Emiratos \u00c1rabes Unidos rechaza participar en ataques contra Ir\u00e1n MUNDO\",\"isPartOf\":{\"@id\":\"https:\/\/www.sonoraenequipo.com.mx\/#website\"},\"primaryImageOfPage\":{\"@id\":\"https:\/\/www.sonoraenequipo.com.mx\/emiratos-arabes-unidos-rechaza-participar-en-ataques-contra-iran\/#primaryimage\"},\"image\":{\"@id\":\"https:\/\/www.sonoraenequipo.com.mx\/emiratos-arabes-unidos-rechaza-participar-en-ataques-contra-iran\/#primaryimage\"},\"thumbnailUrl\":\"https:\/\/www.sonoraenequipo.com.mx\/storage\/2026\/03\/Emiratos-Arabes-rechaza-participar-en-la-guerra-1.jpg\",\"datePublished\":\"2026-03-09T17:50:18+00:00\",\"dateModified\":\"2026-03-09T22:37:02+00:00\",\"description\":\"GINEBRA. \u2014 \\\"Como Emiratos \u00c1rabes Unidos, no participaremos en ning\u00fan ataque contra Ir\u00e1n desde nuestro territorio y no estaremos implicados\\\", dijo el En Sonora en Equipo publicamos toda la informaci\u00f3n de Sonora, M\u00e9xico y el Mundo de manera oportuna y busca que la libertad de expresi\u00f3n sea real. Visita nuestro medio informativo publicado desde Hermosillo, Sonora. %\",\"breadcrumb\":{\"@id\":\"https:\/\/www.sonoraenequipo.com.mx\/emiratos-arabes-unidos-rechaza-participar-en-ataques-contra-iran\/#breadcrumb\"},\"inLanguage\":\"es\",\"potentialAction\":[{\"@type\":\"ReadAction\",\"target\":[\"https:\/\/www.sonoraenequipo.com.mx\/emiratos-arabes-unidos-rechaza-participar-en-ataques-contra-iran\/\"]}]},{\"@type\":\"ImageObject\",\"inLanguage\":\"es\",\"@id\":\"https:\/\/www.sonoraenequipo.com.mx\/emiratos-arabes-unidos-rechaza-participar-en-ataques-contra-iran\/#primaryimage\",\"url\":\"https:\/\/www.sonoraenequipo.com.mx\/storage\/2026\/03\/Emiratos-Arabes-rechaza-participar-en-la-guerra-1.jpg\",\"contentUrl\":\"https:\/\/www.sonoraenequipo.com.mx\/storage\/2026\/03\/Emiratos-Arabes-rechaza-participar-en-la-guerra-1.jpg\",\"width\":1000,\"height\":666},{\"@type\":\"BreadcrumbList\",\"@id\":\"https:\/\/www.sonoraenequipo.com.mx\/emiratos-arabes-unidos-rechaza-participar-en-ataques-contra-iran\/#breadcrumb\",\"itemListElement\":[{\"@type\":\"ListItem\",\"position\":1,\"name\":\"Portada\",\"item\":\"https:\/\/www.sonoraenequipo.com.mx\/\"},{\"@type\":\"ListItem\",\"position\":2,\"name\":\"Emiratos \u00c1rabes Unidos rechaza participar en ataques contra Ir\u00e1n\"}]},{\"@type\":\"WebSite\",\"@id\":\"https:\/\/www.sonoraenequipo.com.mx\/#website\",\"url\":\"https:\/\/www.sonoraenequipo.com.mx\/\",\"name\":\"Sonora en Equipo.\",\"description\":\"Diario en l\u00ednea con Noticias desde Hermosillo, Sonora\",\"publisher\":{\"@id\":\"https:\/\/www.sonoraenequipo.com.mx\/#organization\"},\"potentialAction\":[{\"@type\":\"SearchAction\",\"target\":{\"@type\":\"EntryPoint\",\"urlTemplate\":\"https:\/\/www.sonoraenequipo.com.mx\/?s={search_term_string}\"},\"query-input\":{\"@type\":\"PropertyValueSpecification\",\"valueRequired\":true,\"valueName\":\"search_term_string\"}}],\"inLanguage\":\"es\"},{\"@type\":\"Organization\",\"@id\":\"https:\/\/www.sonoraenequipo.com.mx\/#organization\",\"name\":\"Sonoraenequipo.com.mx\",\"url\":\"https:\/\/www.sonoraenequipo.com.mx\/\",\"logo\":{\"@type\":\"ImageObject\",\"inLanguage\":\"es\",\"@id\":\"https:\/\/www.sonoraenequipo.com.mx\/#\/schema\/logo\/image\/\",\"url\":\"https:\/\/www.sonoraenequipo.com.mx\/storage\/2019\/01\/sonoraenequipo_opt.png\",\"contentUrl\":\"https:\/\/www.sonoraenequipo.com.mx\/storage\/2019\/01\/sonoraenequipo_opt.png\",\"width\":375,\"height\":125,\"caption\":\"Sonoraenequipo.com.mx\"},\"image\":{\"@id\":\"https:\/\/www.sonoraenequipo.com.mx\/#\/schema\/logo\/image\/\"},\"sameAs\":[\"https:\/\/www.facebook.com\/SonoraEE\/\",\"https:\/\/x.com\/sonoraenequipo\",\"https:\/\/www.youtube.com\/channel\/UC338nW-lPEYmJQs4ZABQ1SQ\"]},{\"@type\":\"Person\",\"@id\":\"https:\/\/www.sonoraenequipo.com.mx\/#\/schema\/person\/50102df0fb23a8fa9e8effad8fa81386\",\"name\":\"enequipo\",\"image\":{\"@type\":\"ImageObject\",\"inLanguage\":\"es\",\"@id\":\"https:\/\/www.sonoraenequipo.com.mx\/#\/schema\/person\/image\/\",\"url\":\"https:\/\/secure.gravatar.com\/avatar\/049821681b589dabc0bc20695993ccebb09f5b5d4d790cd9251b97faac7c652b?s=96&d=blank&r=g\",\"contentUrl\":\"https:\/\/secure.gravatar.com\/avatar\/049821681b589dabc0bc20695993ccebb09f5b5d4d790cd9251b97faac7c652b?s=96&d=blank&r=g\",\"caption\":\"enequipo\"},\"sameAs\":[\"https:\/\/www.facebook.com\/SonoraEE\"]}]}<\/script>\n ","yoast_head_json":{"title":"Sonora en Equipo. Emiratos \u00c1rabes Unidos rechaza participar en ataques contra Ir\u00e1n MUNDO","description":"GINEBRA. \u2014 \"Como Emiratos \u00c1rabes Unidos, no participaremos en ning\u00fan ataque contra Ir\u00e1n desde nuestro territorio y no estaremos implicados\", dijo el En Sonora en Equipo publicamos toda la informaci\u00f3n de Sonora, M\u00e9xico y el Mundo de manera oportuna y busca que la libertad de expresi\u00f3n sea real. Visita nuestro medio informativo publicado desde Hermosillo, Sonora. %","robots":{"index":"index","follow":"follow","max-snippet":"max-snippet:-1","max-image-preview":"max-image-preview:large","max-video-preview":"max-video-preview:-1"},"canonical":"https:\/\/www.sonoraenequipo.com.mx\/emiratos-arabes-unidos-rechaza-participar-en-ataques-contra-iran\/","og_locale":"es_ES","og_type":"article","og_title":"Sonora en Equipo. Emiratos \u00c1rabes Unidos rechaza participar en ataques contra Ir\u00e1n MUNDO","og_description":"GINEBRA. \u2014 \"Como Emiratos \u00c1rabes Unidos, no participaremos en ning\u00fan ataque contra Ir\u00e1n desde nuestro territorio y no estaremos implicados\", dijo el En Sonora en Equipo publicamos toda la informaci\u00f3n de Sonora, M\u00e9xico y el Mundo de manera oportuna y busca que la libertad de expresi\u00f3n sea real. Visita nuestro medio informativo publicado desde Hermosillo, Sonora. %","og_url":"https:\/\/www.sonoraenequipo.com.mx\/emiratos-arabes-unidos-rechaza-participar-en-ataques-contra-iran\/","og_site_name":"Sonora en Equipo.","article_publisher":"https:\/\/www.facebook.com\/SonoraEE\/","article_author":"https:\/\/www.facebook.com\/SonoraEE","article_published_time":"2026-03-09T17:50:18+00:00","article_modified_time":"2026-03-09T22:37:02+00:00","og_image":[{"width":1000,"height":666,"url":"https:\/\/www.sonoraenequipo.com.mx\/storage\/2026\/03\/Emiratos-Arabes-rechaza-participar-en-la-guerra-1.jpg","type":"image\/jpeg"}],"author":"enequipo","twitter_card":"summary_large_image","twitter_creator":"@sonoraenequipo","twitter_site":"@sonoraenequipo","twitter_misc":{"Escrito por":"enequipo"},"schema":{"@context":"https:\/\/schema.org","@graph":[{"@type":"Article","@id":"https:\/\/www.sonoraenequipo.com.mx\/emiratos-arabes-unidos-rechaza-participar-en-ataques-contra-iran\/#article","isPartOf":{"@id":"https:\/\/www.sonoraenequipo.com.mx\/emiratos-arabes-unidos-rechaza-participar-en-ataques-contra-iran\/"},"author":{"name":"enequipo","@id":"https:\/\/www.sonoraenequipo.com.mx\/#\/schema\/person\/50102df0fb23a8fa9e8effad8fa81386"},"headline":"Emiratos \u00c1rabes Unidos rechaza participar en ataques contra Ir\u00e1n","datePublished":"2026-03-09T17:50:18+00:00","dateModified":"2026-03-09T22:37:02+00:00","mainEntityOfPage":{"@id":"https:\/\/www.sonoraenequipo.com.mx\/emiratos-arabes-unidos-rechaza-participar-en-ataques-contra-iran\/"},"wordCount":51,"commentCount":0,"publisher":{"@id":"https:\/\/www.sonoraenequipo.com.mx\/#organization"},"image":{"@id":"https:\/\/www.sonoraenequipo.com.mx\/emiratos-arabes-unidos-rechaza-participar-en-ataques-contra-iran\/#primaryimage"},"thumbnailUrl":"https:\/\/www.sonoraenequipo.com.mx\/storage\/2026\/03\/Emiratos-Arabes-rechaza-participar-en-la-guerra-1.jpg","articleSection":["MUNDO"],"inLanguage":"es","potentialAction":[{"@type":"CommentAction","name":"Comment","target":["https:\/\/www.sonoraenequipo.com.mx\/emiratos-arabes-unidos-rechaza-participar-en-ataques-contra-iran\/#respond"]}]},{"@type":"WebPage","@id":"https:\/\/www.sonoraenequipo.com.mx\/emiratos-arabes-unidos-rechaza-participar-en-ataques-contra-iran\/","url":"https:\/\/www.sonoraenequipo.com.mx\/emiratos-arabes-unidos-rechaza-participar-en-ataques-contra-iran\/","name":"Sonora en Equipo. Emiratos \u00c1rabes Unidos rechaza participar en ataques contra Ir\u00e1n MUNDO","isPartOf":{"@id":"https:\/\/www.sonoraenequipo.com.mx\/#website"},"primaryImageOfPage":{"@id":"https:\/\/www.sonoraenequipo.com.mx\/emiratos-arabes-unidos-rechaza-participar-en-ataques-contra-iran\/#primaryimage"},"image":{"@id":"https:\/\/www.sonoraenequipo.com.mx\/emiratos-arabes-unidos-rechaza-participar-en-ataques-contra-iran\/#primaryimage"},"thumbnailUrl":"https:\/\/www.sonoraenequipo.com.mx\/storage\/2026\/03\/Emiratos-Arabes-rechaza-participar-en-la-guerra-1.jpg","datePublished":"2026-03-09T17:50:18+00:00","dateModified":"2026-03-09T22:37:02+00:00","description":"GINEBRA. \u2014 \"Como Emiratos \u00c1rabes Unidos, no participaremos en ning\u00fan ataque contra Ir\u00e1n desde nuestro territorio y no estaremos implicados\", dijo el En Sonora en Equipo publicamos toda la informaci\u00f3n de Sonora, M\u00e9xico y el Mundo de manera oportuna y busca que la libertad de expresi\u00f3n sea real. Visita nuestro medio informativo publicado desde Hermosillo, Sonora. %","breadcrumb":{"@id":"https:\/\/www.sonoraenequipo.com.mx\/emiratos-arabes-unidos-rechaza-participar-en-ataques-contra-iran\/#breadcrumb"},"inLanguage":"es","potentialAction":[{"@type":"ReadAction","target":["https:\/\/www.sonoraenequipo.com.mx\/emiratos-arabes-unidos-rechaza-participar-en-ataques-contra-iran\/"]}]},{"@type":"ImageObject","inLanguage":"es","@id":"https:\/\/www.sonoraenequipo.com.mx\/emiratos-arabes-unidos-rechaza-participar-en-ataques-contra-iran\/#primaryimage","url":"https:\/\/www.sonoraenequipo.com.mx\/storage\/2026\/03\/Emiratos-Arabes-rechaza-participar-en-la-guerra-1.jpg","contentUrl":"https:\/\/www.sonoraenequipo.com.mx\/storage\/2026\/03\/Emiratos-Arabes-rechaza-participar-en-la-guerra-1.jpg","width":1000,"height":666},{"@type":"BreadcrumbList","@id":"https:\/\/www.sonoraenequipo.com.mx\/emiratos-arabes-unidos-rechaza-participar-en-ataques-contra-iran\/#breadcrumb","itemListElement":[{"@type":"ListItem","position":1,"name":"Portada","item":"https:\/\/www.sonoraenequipo.com.mx\/"},{"@type":"ListItem","position":2,"name":"Emiratos \u00c1rabes Unidos rechaza participar en ataques contra Ir\u00e1n"}]},{"@type":"WebSite","@id":"https:\/\/www.sonoraenequipo.com.mx\/#website","url":"https:\/\/www.sonoraenequipo.com.mx\/","name":"Sonora en Equipo.","description":"Diario en l\u00ednea con Noticias desde Hermosillo, Sonora","publisher":{"@id":"https:\/\/www.sonoraenequipo.com.mx\/#organization"},"potentialAction":[{"@type":"SearchAction","target":{"@type":"EntryPoint","urlTemplate":"https:\/\/www.sonoraenequipo.com.mx\/?s={search_term_string}"},"query-input":{"@type":"PropertyValueSpecification","valueRequired":true,"valueName":"search_term_string"}}],"inLanguage":"es"},{"@type":"Organization","@id":"https:\/\/www.sonoraenequipo.com.mx\/#organization","name":"Sonoraenequipo.com.mx","url":"https:\/\/www.sonoraenequipo.com.mx\/","logo":{"@type":"ImageObject","inLanguage":"es","@id":"https:\/\/www.sonoraenequipo.com.mx\/#\/schema\/logo\/image\/","url":"https:\/\/www.sonoraenequipo.com.mx\/storage\/2019\/01\/sonoraenequipo_opt.png","contentUrl":"https:\/\/www.sonoraenequipo.com.mx\/storage\/2019\/01\/sonoraenequipo_opt.png","width":375,"height":125,"caption":"Sonoraenequipo.com.mx"},"image":{"@id":"https:\/\/www.sonoraenequipo.com.mx\/#\/schema\/logo\/image\/"},"sameAs":["https:\/\/www.facebook.com\/SonoraEE\/","https:\/\/x.com\/sonoraenequipo","https:\/\/www.youtube.com\/channel\/UC338nW-lPEYmJQs4ZABQ1SQ"]},{"@type":"Person","@id":"https:\/\/www.sonoraenequipo.com.mx\/#\/schema\/person\/50102df0fb23a8fa9e8effad8fa81386","name":"enequipo","image":{"@type":"ImageObject","inLanguage":"es","@id":"https:\/\/www.sonoraenequipo.com.mx\/#\/schema\/person\/image\/","url":"https:\/\/secure.gravatar.com\/avatar\/049821681b589dabc0bc20695993ccebb09f5b5d4d790cd9251b97faac7c652b?s=96&d=blank&r=g","contentUrl":"https:\/\/secure.gravatar.com\/avatar\/049821681b589dabc0bc20695993ccebb09f5b5d4d790cd9251b97faac7c652b?s=96&d=blank&r=g","caption":"enequipo"},"sameAs":["https:\/\/www.facebook.com\/SonoraEE"]}]}},"jetpack_featured_media_url":"https:\/\/www.sonoraenequipo.com.mx\/storage\/2026\/03\/Emiratos-Arabes-rechaza-participar-en-la-guerra-1.jpg","_links":{"self":[{"href":"https:\/\/www.sonoraenequipo.com.mx\/api\/wp\/v2\/posts\/236974","targetHints":{"allow":["GET"]}}],"collection":[{"href":"https:\/\/www.sonoraenequipo.com.mx\/api\/wp\/v2\/posts"}],"about":[{"href":"https:\/\/www.sonoraenequipo.com.mx\/api\/wp\/v2\/types\/post"}],"author":[{"embeddable":true,"href":"https:\/\/www.sonoraenequipo.com.mx\/api\/wp\/v2\/users\/1"}],"replies":[{"embeddable":true,"href":"https:\/\/www.sonoraenequipo.com.mx\/api\/wp\/v2\/comments?post=236974"}],"version-history":[{"count":1,"href":"https:\/\/www.sonoraenequipo.com.mx\/api\/wp\/v2\/posts\/236974\/revisions"}],"predecessor-version":[{"id":236978,"href":"https:\/\/www.sonoraenequipo.com.mx\/api\/wp\/v2\/posts\/236974\/revisions\/236978"}],"wp:featuredmedia":[{"embeddable":true,"href":"https:\/\/www.sonoraenequipo.com.mx\/api\/wp\/v2\/media\/236956"}],"wp:attachment":[{"href":"https:\/\/www.sonoraenequipo.com.mx\/api\/wp\/v2\/media?parent=236974"}],"wp:term":[{"taxonomy":"category","embeddable":true,"href":"https:\/\/www.sonoraenequipo.com.mx\/api\/wp\/v2\/categories?post=236974"},{"taxonomy":"post_tag","embeddable":true,"href":"https:\/\/www.sonoraenequipo.com.mx\/api\/wp\/v2\/tags?post=236974"}],"curies":[{"name":"wp","href":"https:\/\/api.w.org\/{rel}","templated":true}]}}