{"id":237078,"date":"2026-03-10T18:20:42","date_gmt":"2026-03-11T01:20:42","guid":{"rendered":"https:\/\/www.sonoraenequipo.com.mx\/?p=237078"},"modified":"2026-03-10T19:22:00","modified_gmt":"2026-03-11T02:22:00","slug":"gobernador-durazo-convierte-a-sonora-en-lider-manufacturero-en-la-frontera-norte","status":"publish","type":"post","link":"https:\/\/www.sonoraenequipo.com.mx\/gobernador-durazo-convierte-a-sonora-en-lider-manufacturero-en-la-frontera-norte\/","title":{"rendered":"Gobernador Durazo convierte a Sonora en l\u00edder manufacturero en la frontera norte"},"content":{"rendered":"<p><b>HERMOSILLO, SONORA. MX. \u2014 <\/b>Con la estrategia de desarrollo industrial impulsada por el gobernador Alfonso Durazo Monta\u00f1o a trav\u00e9s del Plan Sonora de Energ\u00edas Sostenibles, la entidad sonorense se posiciona como uno de los motores manufactureros m\u00e1s din\u00e1micos del pa\u00eds, al registrar un crecimiento sostenido en la industria manufacturera de noviembre de 2021 a noviembre de 2025, pasando de 3.2 a 4.5 por ciento de incremento, respectivamente, el m\u00e1s alto entre los estados de la frontera norte y el cuarto a nivel nacional.<\/p>\n<p>&nbsp;<\/p>\n<p>&nbsp;<\/p>\n<p>&nbsp;<\/p>\n<p> <\/p>\n<p>El titular del Ejecutivo estatal precis\u00f3 que, de acuerdo con el Indicador Mensual de la Actividad Industrial por Entidad Federativa (IMAIEF) correspondiente a noviembre, en particular, la manufactura avanzada registr\u00f3 un crecimiento anual de 8.9 por ciento, el m\u00e1s importante dentro del sector, confirmando la transici\u00f3n de Sonora hacia actividades industriales de mayor contenido tecnol\u00f3gico.<\/p>\n<p>&nbsp;<\/p>\n<p>&nbsp;<\/p>\n<p>En t\u00e9rminos anuales, la actividad industrial de Sonora report\u00f3 un crecimiento de 0.6 por ciento en su conjunto; sin embargo, al interior de la estructura productiva destaca el s\u00f3lido desempe\u00f1o del sector manufacturero, que se consolida como uno de los principales pilares de la econom\u00eda estatal.<\/p>\n<p>&nbsp;<\/p>\n<p>&nbsp;<\/p>\n<p>El avance de este sector se vincula directamente con la estrategia del Plan Sonora de Energ\u00edas Sostenibles, iniciativa que ha permitido consolidar a la entidad como un polo emergente de innovaci\u00f3n industrial en el norte del pa\u00eds, al impulsar cadenas de valor asociadas a la electromovilidad, la transici\u00f3n energ\u00e9tica y la industria de semiconductores.<\/p>\n<p>&nbsp;<\/p>\n<p>&nbsp;<\/p>\n<p>Este resultado refleja el impacto de la pol\u00edtica de transformaci\u00f3n econ\u00f3mica promovida por el mandatario sonorense, enfocada en fortalecer la industria de alto valor agregado y atraer inversiones estrat\u00e9gicas que impulsen el desarrollo financiero de la entidad.<\/p>\n<p>&nbsp;<\/p>\n<p>&nbsp;<\/p>\n<p>Con estos avances, el gobernador Alfonso Durazo Monta\u00f1o fortalece la posici\u00f3n de Sonora dentro del mapa industrial nacional y refrenda su potencial como uno de los principales destinos para la inversi\u00f3n manufacturera de alto valor tecnol\u00f3gico en M\u00e9xico.<\/p>\n<p>&nbsp;<\/p>\n<p>&nbsp;<\/p>\n<p>PUBLICADO EL 10 DE MARZO 2026 Con informaci\u00f3n de GOBSON 0326\/118)<\/p>\n","protected":false},"excerpt":{"rendered":"<p>HERMOSILLO, SONORA. MX. \u2014 Con la estrategia de desarrollo industrial impulsada por el gobernador Alfonso&#8230;<\/p>\n","protected":false},"author":1,"featured_media":237082,"comment_status":"open","ping_status":"open","sticky":false,"template":"","format":"standard","meta":{"_monsterinsights_skip_tracking":false,"_monsterinsights_sitenote_active":false,"_monsterinsights_sitenote_note":"","_monsterinsights_sitenote_category":0,"footnotes":""},"categories":[22],"tags":[],"class_list":["post"],"yoast_head":" \n<title>Sonora en Equipo. Gobernador Durazo convierte a Sonora en l\u00edder manufacturero en la frontera norte Sonora<\/title>\n<meta name=\"description\" content=\"HERMOSILLO, SONORA. MX. \u2014 Con la estrategia de desarrollo industrial impulsada por el gobernador Alfonso Durazo Monta\u00f1o a trav\u00e9s del Plan Sonora de En Sonora en Equipo publicamos toda la informaci\u00f3n de Sonora, M\u00e9xico y el Mundo de manera oportuna y busca que la libertad de expresi\u00f3n sea real. Visita nuestro medio informativo publicado desde Hermosillo, Sonora. %\" \/>\n<meta name=\"robots\" content=\"index, follow, max-snippet:-1, max-image-preview:large, max-video-preview:-1\" \/>\n<link rel=\"canonical\" href=\"https:\/\/www.sonoraenequipo.com.mx\/gobernador-durazo-convierte-a-sonora-en-lider-manufacturero-en-la-frontera-norte\/\" \/>\n<meta property=\"og:locale\" content=\"es_ES\" \/>\n<meta property=\"og:type\" content=\"article\" \/>\n<meta property=\"og:title\" content=\"Sonora en Equipo. Gobernador Durazo convierte a Sonora en l\u00edder manufacturero en la frontera norte Sonora\" \/>\n<meta property=\"og:description\" content=\"HERMOSILLO, SONORA. MX. \u2014 Con la estrategia de desarrollo industrial impulsada por el gobernador Alfonso Durazo Monta\u00f1o a trav\u00e9s del Plan Sonora de En Sonora en Equipo publicamos toda la informaci\u00f3n de Sonora, M\u00e9xico y el Mundo de manera oportuna y busca que la libertad de expresi\u00f3n sea real. Visita nuestro medio informativo publicado desde Hermosillo, Sonora. %\" \/>\n<meta property=\"og:url\" content=\"https:\/\/www.sonoraenequipo.com.mx\/gobernador-durazo-convierte-a-sonora-en-lider-manufacturero-en-la-frontera-norte\/\" \/>\n<meta property=\"og:site_name\" content=\"Sonora en Equipo.\" \/>\n<meta property=\"article:publisher\" content=\"https:\/\/www.facebook.com\/SonoraEE\/\" \/>\n<meta property=\"article:author\" content=\"https:\/\/www.facebook.com\/SonoraEE\" \/>\n<meta property=\"article:published_time\" content=\"2026-03-11T01:20:42+00:00\" \/>\n<meta property=\"article:modified_time\" content=\"2026-03-11T02:22:00+00:00\" \/>\n<meta property=\"og:image\" content=\"https:\/\/www.sonoraenequipo.com.mx\/storage\/2026\/03\/Fortalece-Gobierno-de-Sonora-hogares-de-la-sierra-baja-con-materiales-de-vivienda-1.jpg\" \/>\n\t<meta property=\"og:image:width\" content=\"1000\" \/>\n\t<meta property=\"og:image:height\" content=\"560\" \/>\n\t<meta property=\"og:image:type\" content=\"image\/jpeg\" \/>\n<meta name=\"author\" content=\"enequipo\" \/>\n<meta name=\"twitter:card\" content=\"summary_large_image\" \/>\n<meta name=\"twitter:creator\" content=\"@sonoraenequipo\" \/>\n<meta name=\"twitter:site\" content=\"@sonoraenequipo\" \/>\n<meta name=\"twitter:label1\" content=\"Escrito por\" \/>\n\t<meta name=\"twitter:data1\" content=\"enequipo\" \/>\n\t<meta name=\"twitter:label2\" content=\"Tiempo de lectura\" \/>\n\t<meta name=\"twitter:data2\" content=\"2 minutos\" \/>\n<script type=\"application\/ld+json\" class=\"yoast-schema-graph\">{\"@context\":\"https:\/\/schema.org\",\"@graph\":[{\"@type\":\"Article\",\"@id\":\"https:\/\/www.sonoraenequipo.com.mx\/gobernador-durazo-convierte-a-sonora-en-lider-manufacturero-en-la-frontera-norte\/#article\",\"isPartOf\":{\"@id\":\"https:\/\/www.sonoraenequipo.com.mx\/gobernador-durazo-convierte-a-sonora-en-lider-manufacturero-en-la-frontera-norte\/\"},\"author\":{\"name\":\"enequipo\",\"@id\":\"https:\/\/www.sonoraenequipo.com.mx\/#\/schema\/person\/50102df0fb23a8fa9e8effad8fa81386\"},\"headline\":\"Gobernador Durazo convierte a Sonora en l\u00edder manufacturero en la frontera norte\",\"datePublished\":\"2026-03-11T01:20:42+00:00\",\"dateModified\":\"2026-03-11T02:22:00+00:00\",\"mainEntityOfPage\":{\"@id\":\"https:\/\/www.sonoraenequipo.com.mx\/gobernador-durazo-convierte-a-sonora-en-lider-manufacturero-en-la-frontera-norte\/\"},\"wordCount\":369,\"commentCount\":0,\"publisher\":{\"@id\":\"https:\/\/www.sonoraenequipo.com.mx\/#organization\"},\"image\":{\"@id\":\"https:\/\/www.sonoraenequipo.com.mx\/gobernador-durazo-convierte-a-sonora-en-lider-manufacturero-en-la-frontera-norte\/#primaryimage\"},\"thumbnailUrl\":\"https:\/\/www.sonoraenequipo.com.mx\/storage\/2026\/03\/Fortalece-Gobierno-de-Sonora-hogares-de-la-sierra-baja-con-materiales-de-vivienda-1.jpg\",\"articleSection\":[\"Sonora\"],\"inLanguage\":\"es\",\"potentialAction\":[{\"@type\":\"CommentAction\",\"name\":\"Comment\",\"target\":[\"https:\/\/www.sonoraenequipo.com.mx\/gobernador-durazo-convierte-a-sonora-en-lider-manufacturero-en-la-frontera-norte\/#respond\"]}]},{\"@type\":\"WebPage\",\"@id\":\"https:\/\/www.sonoraenequipo.com.mx\/gobernador-durazo-convierte-a-sonora-en-lider-manufacturero-en-la-frontera-norte\/\",\"url\":\"https:\/\/www.sonoraenequipo.com.mx\/gobernador-durazo-convierte-a-sonora-en-lider-manufacturero-en-la-frontera-norte\/\",\"name\":\"Sonora en Equipo. Gobernador Durazo convierte a Sonora en l\u00edder manufacturero en la frontera norte Sonora\",\"isPartOf\":{\"@id\":\"https:\/\/www.sonoraenequipo.com.mx\/#website\"},\"primaryImageOfPage\":{\"@id\":\"https:\/\/www.sonoraenequipo.com.mx\/gobernador-durazo-convierte-a-sonora-en-lider-manufacturero-en-la-frontera-norte\/#primaryimage\"},\"image\":{\"@id\":\"https:\/\/www.sonoraenequipo.com.mx\/gobernador-durazo-convierte-a-sonora-en-lider-manufacturero-en-la-frontera-norte\/#primaryimage\"},\"thumbnailUrl\":\"https:\/\/www.sonoraenequipo.com.mx\/storage\/2026\/03\/Fortalece-Gobierno-de-Sonora-hogares-de-la-sierra-baja-con-materiales-de-vivienda-1.jpg\",\"datePublished\":\"2026-03-11T01:20:42+00:00\",\"dateModified\":\"2026-03-11T02:22:00+00:00\",\"description\":\"HERMOSILLO, SONORA. MX. \u2014 Con la estrategia de desarrollo industrial impulsada por el gobernador Alfonso Durazo Monta\u00f1o a trav\u00e9s del Plan Sonora de En Sonora en Equipo publicamos toda la informaci\u00f3n de Sonora, M\u00e9xico y el Mundo de manera oportuna y busca que la libertad de expresi\u00f3n sea real. Visita nuestro medio informativo publicado desde Hermosillo, Sonora. %\",\"breadcrumb\":{\"@id\":\"https:\/\/www.sonoraenequipo.com.mx\/gobernador-durazo-convierte-a-sonora-en-lider-manufacturero-en-la-frontera-norte\/#breadcrumb\"},\"inLanguage\":\"es\",\"potentialAction\":[{\"@type\":\"ReadAction\",\"target\":[\"https:\/\/www.sonoraenequipo.com.mx\/gobernador-durazo-convierte-a-sonora-en-lider-manufacturero-en-la-frontera-norte\/\"]}]},{\"@type\":\"ImageObject\",\"inLanguage\":\"es\",\"@id\":\"https:\/\/www.sonoraenequipo.com.mx\/gobernador-durazo-convierte-a-sonora-en-lider-manufacturero-en-la-frontera-norte\/#primaryimage\",\"url\":\"https:\/\/www.sonoraenequipo.com.mx\/storage\/2026\/03\/Fortalece-Gobierno-de-Sonora-hogares-de-la-sierra-baja-con-materiales-de-vivienda-1.jpg\",\"contentUrl\":\"https:\/\/www.sonoraenequipo.com.mx\/storage\/2026\/03\/Fortalece-Gobierno-de-Sonora-hogares-de-la-sierra-baja-con-materiales-de-vivienda-1.jpg\",\"width\":1000,\"height\":560},{\"@type\":\"BreadcrumbList\",\"@id\":\"https:\/\/www.sonoraenequipo.com.mx\/gobernador-durazo-convierte-a-sonora-en-lider-manufacturero-en-la-frontera-norte\/#breadcrumb\",\"itemListElement\":[{\"@type\":\"ListItem\",\"position\":1,\"name\":\"Portada\",\"item\":\"https:\/\/www.sonoraenequipo.com.mx\/\"},{\"@type\":\"ListItem\",\"position\":2,\"name\":\"Gobernador Durazo convierte a Sonora en l\u00edder manufacturero en la frontera norte\"}]},{\"@type\":\"WebSite\",\"@id\":\"https:\/\/www.sonoraenequipo.com.mx\/#website\",\"url\":\"https:\/\/www.sonoraenequipo.com.mx\/\",\"name\":\"Sonora en Equipo.\",\"description\":\"Diario en l\u00ednea con Noticias desde Hermosillo, Sonora\",\"publisher\":{\"@id\":\"https:\/\/www.sonoraenequipo.com.mx\/#organization\"},\"potentialAction\":[{\"@type\":\"SearchAction\",\"target\":{\"@type\":\"EntryPoint\",\"urlTemplate\":\"https:\/\/www.sonoraenequipo.com.mx\/?s={search_term_string}\"},\"query-input\":{\"@type\":\"PropertyValueSpecification\",\"valueRequired\":true,\"valueName\":\"search_term_string\"}}],\"inLanguage\":\"es\"},{\"@type\":\"Organization\",\"@id\":\"https:\/\/www.sonoraenequipo.com.mx\/#organization\",\"name\":\"Sonoraenequipo.com.mx\",\"url\":\"https:\/\/www.sonoraenequipo.com.mx\/\",\"logo\":{\"@type\":\"ImageObject\",\"inLanguage\":\"es\",\"@id\":\"https:\/\/www.sonoraenequipo.com.mx\/#\/schema\/logo\/image\/\",\"url\":\"https:\/\/www.sonoraenequipo.com.mx\/storage\/2019\/01\/sonoraenequipo_opt.png\",\"contentUrl\":\"https:\/\/www.sonoraenequipo.com.mx\/storage\/2019\/01\/sonoraenequipo_opt.png\",\"width\":375,\"height\":125,\"caption\":\"Sonoraenequipo.com.mx\"},\"image\":{\"@id\":\"https:\/\/www.sonoraenequipo.com.mx\/#\/schema\/logo\/image\/\"},\"sameAs\":[\"https:\/\/www.facebook.com\/SonoraEE\/\",\"https:\/\/x.com\/sonoraenequipo\",\"https:\/\/www.youtube.com\/channel\/UC338nW-lPEYmJQs4ZABQ1SQ\"]},{\"@type\":\"Person\",\"@id\":\"https:\/\/www.sonoraenequipo.com.mx\/#\/schema\/person\/50102df0fb23a8fa9e8effad8fa81386\",\"name\":\"enequipo\",\"image\":{\"@type\":\"ImageObject\",\"inLanguage\":\"es\",\"@id\":\"https:\/\/www.sonoraenequipo.com.mx\/#\/schema\/person\/image\/\",\"url\":\"https:\/\/secure.gravatar.com\/avatar\/049821681b589dabc0bc20695993ccebb09f5b5d4d790cd9251b97faac7c652b?s=96&d=blank&r=g\",\"contentUrl\":\"https:\/\/secure.gravatar.com\/avatar\/049821681b589dabc0bc20695993ccebb09f5b5d4d790cd9251b97faac7c652b?s=96&d=blank&r=g\",\"caption\":\"enequipo\"},\"sameAs\":[\"https:\/\/www.facebook.com\/SonoraEE\"]}]}<\/script>\n ","yoast_head_json":{"title":"Sonora en Equipo. Gobernador Durazo convierte a Sonora en l\u00edder manufacturero en la frontera norte Sonora","description":"HERMOSILLO, SONORA. MX. \u2014 Con la estrategia de desarrollo industrial impulsada por el gobernador Alfonso Durazo Monta\u00f1o a trav\u00e9s del Plan Sonora de En Sonora en Equipo publicamos toda la informaci\u00f3n de Sonora, M\u00e9xico y el Mundo de manera oportuna y busca que la libertad de expresi\u00f3n sea real. Visita nuestro medio informativo publicado desde Hermosillo, Sonora. %","robots":{"index":"index","follow":"follow","max-snippet":"max-snippet:-1","max-image-preview":"max-image-preview:large","max-video-preview":"max-video-preview:-1"},"canonical":"https:\/\/www.sonoraenequipo.com.mx\/gobernador-durazo-convierte-a-sonora-en-lider-manufacturero-en-la-frontera-norte\/","og_locale":"es_ES","og_type":"article","og_title":"Sonora en Equipo. Gobernador Durazo convierte a Sonora en l\u00edder manufacturero en la frontera norte Sonora","og_description":"HERMOSILLO, SONORA. MX. \u2014 Con la estrategia de desarrollo industrial impulsada por el gobernador Alfonso Durazo Monta\u00f1o a trav\u00e9s del Plan Sonora de En Sonora en Equipo publicamos toda la informaci\u00f3n de Sonora, M\u00e9xico y el Mundo de manera oportuna y busca que la libertad de expresi\u00f3n sea real. Visita nuestro medio informativo publicado desde Hermosillo, Sonora. %","og_url":"https:\/\/www.sonoraenequipo.com.mx\/gobernador-durazo-convierte-a-sonora-en-lider-manufacturero-en-la-frontera-norte\/","og_site_name":"Sonora en Equipo.","article_publisher":"https:\/\/www.facebook.com\/SonoraEE\/","article_author":"https:\/\/www.facebook.com\/SonoraEE","article_published_time":"2026-03-11T01:20:42+00:00","article_modified_time":"2026-03-11T02:22:00+00:00","og_image":[{"width":1000,"height":560,"url":"https:\/\/www.sonoraenequipo.com.mx\/storage\/2026\/03\/Fortalece-Gobierno-de-Sonora-hogares-de-la-sierra-baja-con-materiales-de-vivienda-1.jpg","type":"image\/jpeg"}],"author":"enequipo","twitter_card":"summary_large_image","twitter_creator":"@sonoraenequipo","twitter_site":"@sonoraenequipo","twitter_misc":{"Escrito por":"enequipo","Tiempo de lectura":"2 minutos"},"schema":{"@context":"https:\/\/schema.org","@graph":[{"@type":"Article","@id":"https:\/\/www.sonoraenequipo.com.mx\/gobernador-durazo-convierte-a-sonora-en-lider-manufacturero-en-la-frontera-norte\/#article","isPartOf":{"@id":"https:\/\/www.sonoraenequipo.com.mx\/gobernador-durazo-convierte-a-sonora-en-lider-manufacturero-en-la-frontera-norte\/"},"author":{"name":"enequipo","@id":"https:\/\/www.sonoraenequipo.com.mx\/#\/schema\/person\/50102df0fb23a8fa9e8effad8fa81386"},"headline":"Gobernador Durazo convierte a Sonora en l\u00edder manufacturero en la frontera norte","datePublished":"2026-03-11T01:20:42+00:00","dateModified":"2026-03-11T02:22:00+00:00","mainEntityOfPage":{"@id":"https:\/\/www.sonoraenequipo.com.mx\/gobernador-durazo-convierte-a-sonora-en-lider-manufacturero-en-la-frontera-norte\/"},"wordCount":369,"commentCount":0,"publisher":{"@id":"https:\/\/www.sonoraenequipo.com.mx\/#organization"},"image":{"@id":"https:\/\/www.sonoraenequipo.com.mx\/gobernador-durazo-convierte-a-sonora-en-lider-manufacturero-en-la-frontera-norte\/#primaryimage"},"thumbnailUrl":"https:\/\/www.sonoraenequipo.com.mx\/storage\/2026\/03\/Fortalece-Gobierno-de-Sonora-hogares-de-la-sierra-baja-con-materiales-de-vivienda-1.jpg","articleSection":["Sonora"],"inLanguage":"es","potentialAction":[{"@type":"CommentAction","name":"Comment","target":["https:\/\/www.sonoraenequipo.com.mx\/gobernador-durazo-convierte-a-sonora-en-lider-manufacturero-en-la-frontera-norte\/#respond"]}]},{"@type":"WebPage","@id":"https:\/\/www.sonoraenequipo.com.mx\/gobernador-durazo-convierte-a-sonora-en-lider-manufacturero-en-la-frontera-norte\/","url":"https:\/\/www.sonoraenequipo.com.mx\/gobernador-durazo-convierte-a-sonora-en-lider-manufacturero-en-la-frontera-norte\/","name":"Sonora en Equipo. Gobernador Durazo convierte a Sonora en l\u00edder manufacturero en la frontera norte Sonora","isPartOf":{"@id":"https:\/\/www.sonoraenequipo.com.mx\/#website"},"primaryImageOfPage":{"@id":"https:\/\/www.sonoraenequipo.com.mx\/gobernador-durazo-convierte-a-sonora-en-lider-manufacturero-en-la-frontera-norte\/#primaryimage"},"image":{"@id":"https:\/\/www.sonoraenequipo.com.mx\/gobernador-durazo-convierte-a-sonora-en-lider-manufacturero-en-la-frontera-norte\/#primaryimage"},"thumbnailUrl":"https:\/\/www.sonoraenequipo.com.mx\/storage\/2026\/03\/Fortalece-Gobierno-de-Sonora-hogares-de-la-sierra-baja-con-materiales-de-vivienda-1.jpg","datePublished":"2026-03-11T01:20:42+00:00","dateModified":"2026-03-11T02:22:00+00:00","description":"HERMOSILLO, SONORA. MX. \u2014 Con la estrategia de desarrollo industrial impulsada por el gobernador Alfonso Durazo Monta\u00f1o a trav\u00e9s del Plan Sonora de En Sonora en Equipo publicamos toda la informaci\u00f3n de Sonora, M\u00e9xico y el Mundo de manera oportuna y busca que la libertad de expresi\u00f3n sea real. Visita nuestro medio informativo publicado desde Hermosillo, Sonora. %","breadcrumb":{"@id":"https:\/\/www.sonoraenequipo.com.mx\/gobernador-durazo-convierte-a-sonora-en-lider-manufacturero-en-la-frontera-norte\/#breadcrumb"},"inLanguage":"es","potentialAction":[{"@type":"ReadAction","target":["https:\/\/www.sonoraenequipo.com.mx\/gobernador-durazo-convierte-a-sonora-en-lider-manufacturero-en-la-frontera-norte\/"]}]},{"@type":"ImageObject","inLanguage":"es","@id":"https:\/\/www.sonoraenequipo.com.mx\/gobernador-durazo-convierte-a-sonora-en-lider-manufacturero-en-la-frontera-norte\/#primaryimage","url":"https:\/\/www.sonoraenequipo.com.mx\/storage\/2026\/03\/Fortalece-Gobierno-de-Sonora-hogares-de-la-sierra-baja-con-materiales-de-vivienda-1.jpg","contentUrl":"https:\/\/www.sonoraenequipo.com.mx\/storage\/2026\/03\/Fortalece-Gobierno-de-Sonora-hogares-de-la-sierra-baja-con-materiales-de-vivienda-1.jpg","width":1000,"height":560},{"@type":"BreadcrumbList","@id":"https:\/\/www.sonoraenequipo.com.mx\/gobernador-durazo-convierte-a-sonora-en-lider-manufacturero-en-la-frontera-norte\/#breadcrumb","itemListElement":[{"@type":"ListItem","position":1,"name":"Portada","item":"https:\/\/www.sonoraenequipo.com.mx\/"},{"@type":"ListItem","position":2,"name":"Gobernador Durazo convierte a Sonora en l\u00edder manufacturero en la frontera norte"}]},{"@type":"WebSite","@id":"https:\/\/www.sonoraenequipo.com.mx\/#website","url":"https:\/\/www.sonoraenequipo.com.mx\/","name":"Sonora en Equipo.","description":"Diario en l\u00ednea con Noticias desde Hermosillo, Sonora","publisher":{"@id":"https:\/\/www.sonoraenequipo.com.mx\/#organization"},"potentialAction":[{"@type":"SearchAction","target":{"@type":"EntryPoint","urlTemplate":"https:\/\/www.sonoraenequipo.com.mx\/?s={search_term_string}"},"query-input":{"@type":"PropertyValueSpecification","valueRequired":true,"valueName":"search_term_string"}}],"inLanguage":"es"},{"@type":"Organization","@id":"https:\/\/www.sonoraenequipo.com.mx\/#organization","name":"Sonoraenequipo.com.mx","url":"https:\/\/www.sonoraenequipo.com.mx\/","logo":{"@type":"ImageObject","inLanguage":"es","@id":"https:\/\/www.sonoraenequipo.com.mx\/#\/schema\/logo\/image\/","url":"https:\/\/www.sonoraenequipo.com.mx\/storage\/2019\/01\/sonoraenequipo_opt.png","contentUrl":"https:\/\/www.sonoraenequipo.com.mx\/storage\/2019\/01\/sonoraenequipo_opt.png","width":375,"height":125,"caption":"Sonoraenequipo.com.mx"},"image":{"@id":"https:\/\/www.sonoraenequipo.com.mx\/#\/schema\/logo\/image\/"},"sameAs":["https:\/\/www.facebook.com\/SonoraEE\/","https:\/\/x.com\/sonoraenequipo","https:\/\/www.youtube.com\/channel\/UC338nW-lPEYmJQs4ZABQ1SQ"]},{"@type":"Person","@id":"https:\/\/www.sonoraenequipo.com.mx\/#\/schema\/person\/50102df0fb23a8fa9e8effad8fa81386","name":"enequipo","image":{"@type":"ImageObject","inLanguage":"es","@id":"https:\/\/www.sonoraenequipo.com.mx\/#\/schema\/person\/image\/","url":"https:\/\/secure.gravatar.com\/avatar\/049821681b589dabc0bc20695993ccebb09f5b5d4d790cd9251b97faac7c652b?s=96&d=blank&r=g","contentUrl":"https:\/\/secure.gravatar.com\/avatar\/049821681b589dabc0bc20695993ccebb09f5b5d4d790cd9251b97faac7c652b?s=96&d=blank&r=g","caption":"enequipo"},"sameAs":["https:\/\/www.facebook.com\/SonoraEE"]}]}},"jetpack_featured_media_url":"https:\/\/www.sonoraenequipo.com.mx\/storage\/2026\/03\/Fortalece-Gobierno-de-Sonora-hogares-de-la-sierra-baja-con-materiales-de-vivienda-1.jpg","_links":{"self":[{"href":"https:\/\/www.sonoraenequipo.com.mx\/api\/wp\/v2\/posts\/237078","targetHints":{"allow":["GET"]}}],"collection":[{"href":"https:\/\/www.sonoraenequipo.com.mx\/api\/wp\/v2\/posts"}],"about":[{"href":"https:\/\/www.sonoraenequipo.com.mx\/api\/wp\/v2\/types\/post"}],"author":[{"embeddable":true,"href":"https:\/\/www.sonoraenequipo.com.mx\/api\/wp\/v2\/users\/1"}],"replies":[{"embeddable":true,"href":"https:\/\/www.sonoraenequipo.com.mx\/api\/wp\/v2\/comments?post=237078"}],"version-history":[{"count":1,"href":"https:\/\/www.sonoraenequipo.com.mx\/api\/wp\/v2\/posts\/237078\/revisions"}],"predecessor-version":[{"id":237085,"href":"https:\/\/www.sonoraenequipo.com.mx\/api\/wp\/v2\/posts\/237078\/revisions\/237085"}],"wp:featuredmedia":[{"embeddable":true,"href":"https:\/\/www.sonoraenequipo.com.mx\/api\/wp\/v2\/media\/237082"}],"wp:attachment":[{"href":"https:\/\/www.sonoraenequipo.com.mx\/api\/wp\/v2\/media?parent=237078"}],"wp:term":[{"taxonomy":"category","embeddable":true,"href":"https:\/\/www.sonoraenequipo.com.mx\/api\/wp\/v2\/categories?post=237078"},{"taxonomy":"post_tag","embeddable":true,"href":"https:\/\/www.sonoraenequipo.com.mx\/api\/wp\/v2\/tags?post=237078"}],"curies":[{"name":"wp","href":"https:\/\/api.w.org\/{rel}","templated":true}]}}