{"id":237086,"date":"2026-03-10T21:29:05","date_gmt":"2026-03-11T04:29:05","guid":{"rendered":"https:\/\/www.sonoraenequipo.com.mx\/?p=237086"},"modified":"2026-03-10T19:28:25","modified_gmt":"2026-03-11T02:28:25","slug":"fortalece-gobierno-de-sonora-hogares-de-la-sierra-baja-con-materiales-de-vivienda-2","status":"publish","type":"post","link":"https:\/\/www.sonoraenequipo.com.mx\/fortalece-gobierno-de-sonora-hogares-de-la-sierra-baja-con-materiales-de-vivienda-2\/","title":{"rendered":"Fortalece Gobierno de Sonora hogares de la sierra baja con materiales de vivienda"},"content":{"rendered":"<p><b>HERMOSILLO, SONORA.MX. \u2014 <\/b>Con el objetivo de reducir el rezago habitacional, el Gobierno de Sonora, a trav\u00e9s de Comisi\u00f3n de Vivienda del Estado de Sonora (COVES), llev\u00f3 a cabo el programa \u201cMejoramiento de Vivienda\u201d en la zona de la sierra baja. Esta iniciativa no solo facilita la rehabilitaci\u00f3n de los hogares, sino que garantiza la transparencia mediante la conformaci\u00f3n de Comit\u00e9s Ciudadanos de Vigilancia, encargados de supervisar que los apoyos lleguen correctamente a quienes m\u00e1s lo necesitan.<\/p>\n<p>&nbsp;<\/p>\n<p>&nbsp;<\/p>\n<p>&nbsp;<\/p>\n<p> <\/p>\n<p>Con una inversi\u00f3n de 308 mil 551 pesos, estas acciones beneficiaron a 345 personas de los municipios de San Pedro de la Cueva, Villa Pesqueira, Soyopa y Bacanora, donde se entregaron materiales como l\u00e1minas, sacos de cemento, pintura, impermeabilizante y tinacos, bajo la supervisi\u00f3n de comit\u00e9s ciudadanos.<\/p>\n<p>&nbsp;<\/p>\n<p>&nbsp;<\/p>\n<p>&nbsp;<\/p>\n<p>Paralelamente, en el municipio de San Javier se formaliz\u00f3 la instalaci\u00f3n del Comit\u00e9 Ciudadano de Vigilancia de Obra, asegurando que la comunidad participe activamente en la validaci\u00f3n y seguimiento t\u00e9cnico de los procesos de construcci\u00f3n.<\/p>\n<p>&nbsp;<\/p>\n<p>&nbsp;<\/p>\n<p>Es compromiso del Gobernador Alfonso Durazo priorizar el bienestar de las zonas con mayor necesidad, asegurando que los recursos se utilicen de manera eficiente y directa. Al fortalecer y promover la vigilancia social, se contribuye a construir un entorno m\u00e1s seguro y digno, asegurando que los beneficios se entreguen prioritariamente a los sectores con mayor rezago habitacional.<\/p>\n<p>&nbsp;<\/p>\n<p>&nbsp;<\/p>\n<p>&nbsp;<\/p>\n<p>PUBLICADO EL 10 DE MARZO 2026 Con informaci\u00f3n de GOBSON 0326\/117)<\/p>\n","protected":false},"excerpt":{"rendered":"<p>HERMOSILLO, SONORA.MX. \u2014 Con el objetivo de reducir el rezago habitacional, el Gobierno de Sonora,&#8230;<\/p>\n","protected":false},"author":1,"featured_media":237082,"comment_status":"open","ping_status":"open","sticky":false,"template":"","format":"standard","meta":{"_monsterinsights_skip_tracking":false,"_monsterinsights_sitenote_active":false,"_monsterinsights_sitenote_note":"","_monsterinsights_sitenote_category":0,"footnotes":""},"categories":[22],"tags":[],"class_list":["post"],"yoast_head":" \n<title>Sonora en Equipo. Fortalece Gobierno de Sonora hogares de la sierra baja con materiales de vivienda Sonora<\/title>\n<meta name=\"description\" content=\"HERMOSILLO, SONORA.MX. \u2014 Con el objetivo de reducir el rezago habitacional, el Gobierno de Sonora, a trav\u00e9s de Comisi\u00f3n de Vivienda del Estado de Sonora En Sonora en Equipo publicamos toda la informaci\u00f3n de Sonora, M\u00e9xico y el Mundo de manera oportuna y busca que la libertad de expresi\u00f3n sea real. Visita nuestro medio informativo publicado desde Hermosillo, Sonora. %\" \/>\n<meta name=\"robots\" content=\"index, follow, max-snippet:-1, max-image-preview:large, max-video-preview:-1\" \/>\n<link rel=\"canonical\" href=\"https:\/\/www.sonoraenequipo.com.mx\/fortalece-gobierno-de-sonora-hogares-de-la-sierra-baja-con-materiales-de-vivienda-2\/\" \/>\n<meta property=\"og:locale\" content=\"es_ES\" \/>\n<meta property=\"og:type\" content=\"article\" \/>\n<meta property=\"og:title\" content=\"Sonora en Equipo. Fortalece Gobierno de Sonora hogares de la sierra baja con materiales de vivienda Sonora\" \/>\n<meta property=\"og:description\" content=\"HERMOSILLO, SONORA.MX. \u2014 Con el objetivo de reducir el rezago habitacional, el Gobierno de Sonora, a trav\u00e9s de Comisi\u00f3n de Vivienda del Estado de Sonora En Sonora en Equipo publicamos toda la informaci\u00f3n de Sonora, M\u00e9xico y el Mundo de manera oportuna y busca que la libertad de expresi\u00f3n sea real. Visita nuestro medio informativo publicado desde Hermosillo, Sonora. %\" \/>\n<meta property=\"og:url\" content=\"https:\/\/www.sonoraenequipo.com.mx\/fortalece-gobierno-de-sonora-hogares-de-la-sierra-baja-con-materiales-de-vivienda-2\/\" \/>\n<meta property=\"og:site_name\" content=\"Sonora en Equipo.\" \/>\n<meta property=\"article:publisher\" content=\"https:\/\/www.facebook.com\/SonoraEE\/\" \/>\n<meta property=\"article:author\" content=\"https:\/\/www.facebook.com\/SonoraEE\" \/>\n<meta property=\"article:published_time\" content=\"2026-03-11T04:29:05+00:00\" \/>\n<meta property=\"og:image\" content=\"https:\/\/www.sonoraenequipo.com.mx\/storage\/2026\/03\/Fortalece-Gobierno-de-Sonora-hogares-de-la-sierra-baja-con-materiales-de-vivienda-1.jpg\" \/>\n\t<meta property=\"og:image:width\" content=\"1000\" \/>\n\t<meta property=\"og:image:height\" content=\"560\" \/>\n\t<meta property=\"og:image:type\" content=\"image\/jpeg\" \/>\n<meta name=\"author\" content=\"enequipo\" \/>\n<meta name=\"twitter:card\" content=\"summary_large_image\" \/>\n<meta name=\"twitter:creator\" content=\"@sonoraenequipo\" \/>\n<meta name=\"twitter:site\" content=\"@sonoraenequipo\" \/>\n<meta name=\"twitter:label1\" content=\"Escrito por\" \/>\n\t<meta name=\"twitter:data1\" content=\"enequipo\" \/>\n\t<meta name=\"twitter:label2\" content=\"Tiempo de lectura\" \/>\n\t<meta name=\"twitter:data2\" content=\"1 minuto\" \/>\n<script type=\"application\/ld+json\" class=\"yoast-schema-graph\">{\"@context\":\"https:\/\/schema.org\",\"@graph\":[{\"@type\":\"Article\",\"@id\":\"https:\/\/www.sonoraenequipo.com.mx\/fortalece-gobierno-de-sonora-hogares-de-la-sierra-baja-con-materiales-de-vivienda-2\/#article\",\"isPartOf\":{\"@id\":\"https:\/\/www.sonoraenequipo.com.mx\/fortalece-gobierno-de-sonora-hogares-de-la-sierra-baja-con-materiales-de-vivienda-2\/\"},\"author\":{\"name\":\"enequipo\",\"@id\":\"https:\/\/www.sonoraenequipo.com.mx\/#\/schema\/person\/50102df0fb23a8fa9e8effad8fa81386\"},\"headline\":\"Fortalece Gobierno de Sonora hogares de la sierra baja con materiales de vivienda\",\"datePublished\":\"2026-03-11T04:29:05+00:00\",\"mainEntityOfPage\":{\"@id\":\"https:\/\/www.sonoraenequipo.com.mx\/fortalece-gobierno-de-sonora-hogares-de-la-sierra-baja-con-materiales-de-vivienda-2\/\"},\"wordCount\":261,\"commentCount\":0,\"publisher\":{\"@id\":\"https:\/\/www.sonoraenequipo.com.mx\/#organization\"},\"image\":{\"@id\":\"https:\/\/www.sonoraenequipo.com.mx\/fortalece-gobierno-de-sonora-hogares-de-la-sierra-baja-con-materiales-de-vivienda-2\/#primaryimage\"},\"thumbnailUrl\":\"https:\/\/www.sonoraenequipo.com.mx\/storage\/2026\/03\/Fortalece-Gobierno-de-Sonora-hogares-de-la-sierra-baja-con-materiales-de-vivienda-1.jpg\",\"articleSection\":[\"Sonora\"],\"inLanguage\":\"es\",\"potentialAction\":[{\"@type\":\"CommentAction\",\"name\":\"Comment\",\"target\":[\"https:\/\/www.sonoraenequipo.com.mx\/fortalece-gobierno-de-sonora-hogares-de-la-sierra-baja-con-materiales-de-vivienda-2\/#respond\"]}]},{\"@type\":\"WebPage\",\"@id\":\"https:\/\/www.sonoraenequipo.com.mx\/fortalece-gobierno-de-sonora-hogares-de-la-sierra-baja-con-materiales-de-vivienda-2\/\",\"url\":\"https:\/\/www.sonoraenequipo.com.mx\/fortalece-gobierno-de-sonora-hogares-de-la-sierra-baja-con-materiales-de-vivienda-2\/\",\"name\":\"Sonora en Equipo. Fortalece Gobierno de Sonora hogares de la sierra baja con materiales de vivienda Sonora\",\"isPartOf\":{\"@id\":\"https:\/\/www.sonoraenequipo.com.mx\/#website\"},\"primaryImageOfPage\":{\"@id\":\"https:\/\/www.sonoraenequipo.com.mx\/fortalece-gobierno-de-sonora-hogares-de-la-sierra-baja-con-materiales-de-vivienda-2\/#primaryimage\"},\"image\":{\"@id\":\"https:\/\/www.sonoraenequipo.com.mx\/fortalece-gobierno-de-sonora-hogares-de-la-sierra-baja-con-materiales-de-vivienda-2\/#primaryimage\"},\"thumbnailUrl\":\"https:\/\/www.sonoraenequipo.com.mx\/storage\/2026\/03\/Fortalece-Gobierno-de-Sonora-hogares-de-la-sierra-baja-con-materiales-de-vivienda-1.jpg\",\"datePublished\":\"2026-03-11T04:29:05+00:00\",\"description\":\"HERMOSILLO, SONORA.MX. \u2014 Con el objetivo de reducir el rezago habitacional, el Gobierno de Sonora, a trav\u00e9s de Comisi\u00f3n de Vivienda del Estado de Sonora En Sonora en Equipo publicamos toda la informaci\u00f3n de Sonora, M\u00e9xico y el Mundo de manera oportuna y busca que la libertad de expresi\u00f3n sea real. Visita nuestro medio informativo publicado desde Hermosillo, Sonora. %\",\"breadcrumb\":{\"@id\":\"https:\/\/www.sonoraenequipo.com.mx\/fortalece-gobierno-de-sonora-hogares-de-la-sierra-baja-con-materiales-de-vivienda-2\/#breadcrumb\"},\"inLanguage\":\"es\",\"potentialAction\":[{\"@type\":\"ReadAction\",\"target\":[\"https:\/\/www.sonoraenequipo.com.mx\/fortalece-gobierno-de-sonora-hogares-de-la-sierra-baja-con-materiales-de-vivienda-2\/\"]}]},{\"@type\":\"ImageObject\",\"inLanguage\":\"es\",\"@id\":\"https:\/\/www.sonoraenequipo.com.mx\/fortalece-gobierno-de-sonora-hogares-de-la-sierra-baja-con-materiales-de-vivienda-2\/#primaryimage\",\"url\":\"https:\/\/www.sonoraenequipo.com.mx\/storage\/2026\/03\/Fortalece-Gobierno-de-Sonora-hogares-de-la-sierra-baja-con-materiales-de-vivienda-1.jpg\",\"contentUrl\":\"https:\/\/www.sonoraenequipo.com.mx\/storage\/2026\/03\/Fortalece-Gobierno-de-Sonora-hogares-de-la-sierra-baja-con-materiales-de-vivienda-1.jpg\",\"width\":1000,\"height\":560},{\"@type\":\"BreadcrumbList\",\"@id\":\"https:\/\/www.sonoraenequipo.com.mx\/fortalece-gobierno-de-sonora-hogares-de-la-sierra-baja-con-materiales-de-vivienda-2\/#breadcrumb\",\"itemListElement\":[{\"@type\":\"ListItem\",\"position\":1,\"name\":\"Portada\",\"item\":\"https:\/\/www.sonoraenequipo.com.mx\/\"},{\"@type\":\"ListItem\",\"position\":2,\"name\":\"Fortalece Gobierno de Sonora hogares de la sierra baja con materiales de vivienda\"}]},{\"@type\":\"WebSite\",\"@id\":\"https:\/\/www.sonoraenequipo.com.mx\/#website\",\"url\":\"https:\/\/www.sonoraenequipo.com.mx\/\",\"name\":\"Sonora en Equipo.\",\"description\":\"Diario en l\u00ednea con Noticias desde Hermosillo, Sonora\",\"publisher\":{\"@id\":\"https:\/\/www.sonoraenequipo.com.mx\/#organization\"},\"potentialAction\":[{\"@type\":\"SearchAction\",\"target\":{\"@type\":\"EntryPoint\",\"urlTemplate\":\"https:\/\/www.sonoraenequipo.com.mx\/?s={search_term_string}\"},\"query-input\":{\"@type\":\"PropertyValueSpecification\",\"valueRequired\":true,\"valueName\":\"search_term_string\"}}],\"inLanguage\":\"es\"},{\"@type\":\"Organization\",\"@id\":\"https:\/\/www.sonoraenequipo.com.mx\/#organization\",\"name\":\"Sonoraenequipo.com.mx\",\"url\":\"https:\/\/www.sonoraenequipo.com.mx\/\",\"logo\":{\"@type\":\"ImageObject\",\"inLanguage\":\"es\",\"@id\":\"https:\/\/www.sonoraenequipo.com.mx\/#\/schema\/logo\/image\/\",\"url\":\"https:\/\/www.sonoraenequipo.com.mx\/storage\/2019\/01\/sonoraenequipo_opt.png\",\"contentUrl\":\"https:\/\/www.sonoraenequipo.com.mx\/storage\/2019\/01\/sonoraenequipo_opt.png\",\"width\":375,\"height\":125,\"caption\":\"Sonoraenequipo.com.mx\"},\"image\":{\"@id\":\"https:\/\/www.sonoraenequipo.com.mx\/#\/schema\/logo\/image\/\"},\"sameAs\":[\"https:\/\/www.facebook.com\/SonoraEE\/\",\"https:\/\/x.com\/sonoraenequipo\",\"https:\/\/www.youtube.com\/channel\/UC338nW-lPEYmJQs4ZABQ1SQ\"]},{\"@type\":\"Person\",\"@id\":\"https:\/\/www.sonoraenequipo.com.mx\/#\/schema\/person\/50102df0fb23a8fa9e8effad8fa81386\",\"name\":\"enequipo\",\"image\":{\"@type\":\"ImageObject\",\"inLanguage\":\"es\",\"@id\":\"https:\/\/www.sonoraenequipo.com.mx\/#\/schema\/person\/image\/\",\"url\":\"https:\/\/secure.gravatar.com\/avatar\/049821681b589dabc0bc20695993ccebb09f5b5d4d790cd9251b97faac7c652b?s=96&d=blank&r=g\",\"contentUrl\":\"https:\/\/secure.gravatar.com\/avatar\/049821681b589dabc0bc20695993ccebb09f5b5d4d790cd9251b97faac7c652b?s=96&d=blank&r=g\",\"caption\":\"enequipo\"},\"sameAs\":[\"https:\/\/www.facebook.com\/SonoraEE\"]}]}<\/script>\n ","yoast_head_json":{"title":"Sonora en Equipo. Fortalece Gobierno de Sonora hogares de la sierra baja con materiales de vivienda Sonora","description":"HERMOSILLO, SONORA.MX. \u2014 Con el objetivo de reducir el rezago habitacional, el Gobierno de Sonora, a trav\u00e9s de Comisi\u00f3n de Vivienda del Estado de Sonora En Sonora en Equipo publicamos toda la informaci\u00f3n de Sonora, M\u00e9xico y el Mundo de manera oportuna y busca que la libertad de expresi\u00f3n sea real. Visita nuestro medio informativo publicado desde Hermosillo, Sonora. %","robots":{"index":"index","follow":"follow","max-snippet":"max-snippet:-1","max-image-preview":"max-image-preview:large","max-video-preview":"max-video-preview:-1"},"canonical":"https:\/\/www.sonoraenequipo.com.mx\/fortalece-gobierno-de-sonora-hogares-de-la-sierra-baja-con-materiales-de-vivienda-2\/","og_locale":"es_ES","og_type":"article","og_title":"Sonora en Equipo. Fortalece Gobierno de Sonora hogares de la sierra baja con materiales de vivienda Sonora","og_description":"HERMOSILLO, SONORA.MX. \u2014 Con el objetivo de reducir el rezago habitacional, el Gobierno de Sonora, a trav\u00e9s de Comisi\u00f3n de Vivienda del Estado de Sonora En Sonora en Equipo publicamos toda la informaci\u00f3n de Sonora, M\u00e9xico y el Mundo de manera oportuna y busca que la libertad de expresi\u00f3n sea real. Visita nuestro medio informativo publicado desde Hermosillo, Sonora. %","og_url":"https:\/\/www.sonoraenequipo.com.mx\/fortalece-gobierno-de-sonora-hogares-de-la-sierra-baja-con-materiales-de-vivienda-2\/","og_site_name":"Sonora en Equipo.","article_publisher":"https:\/\/www.facebook.com\/SonoraEE\/","article_author":"https:\/\/www.facebook.com\/SonoraEE","article_published_time":"2026-03-11T04:29:05+00:00","og_image":[{"width":1000,"height":560,"url":"https:\/\/www.sonoraenequipo.com.mx\/storage\/2026\/03\/Fortalece-Gobierno-de-Sonora-hogares-de-la-sierra-baja-con-materiales-de-vivienda-1.jpg","type":"image\/jpeg"}],"author":"enequipo","twitter_card":"summary_large_image","twitter_creator":"@sonoraenequipo","twitter_site":"@sonoraenequipo","twitter_misc":{"Escrito por":"enequipo","Tiempo de lectura":"1 minuto"},"schema":{"@context":"https:\/\/schema.org","@graph":[{"@type":"Article","@id":"https:\/\/www.sonoraenequipo.com.mx\/fortalece-gobierno-de-sonora-hogares-de-la-sierra-baja-con-materiales-de-vivienda-2\/#article","isPartOf":{"@id":"https:\/\/www.sonoraenequipo.com.mx\/fortalece-gobierno-de-sonora-hogares-de-la-sierra-baja-con-materiales-de-vivienda-2\/"},"author":{"name":"enequipo","@id":"https:\/\/www.sonoraenequipo.com.mx\/#\/schema\/person\/50102df0fb23a8fa9e8effad8fa81386"},"headline":"Fortalece Gobierno de Sonora hogares de la sierra baja con materiales de vivienda","datePublished":"2026-03-11T04:29:05+00:00","mainEntityOfPage":{"@id":"https:\/\/www.sonoraenequipo.com.mx\/fortalece-gobierno-de-sonora-hogares-de-la-sierra-baja-con-materiales-de-vivienda-2\/"},"wordCount":261,"commentCount":0,"publisher":{"@id":"https:\/\/www.sonoraenequipo.com.mx\/#organization"},"image":{"@id":"https:\/\/www.sonoraenequipo.com.mx\/fortalece-gobierno-de-sonora-hogares-de-la-sierra-baja-con-materiales-de-vivienda-2\/#primaryimage"},"thumbnailUrl":"https:\/\/www.sonoraenequipo.com.mx\/storage\/2026\/03\/Fortalece-Gobierno-de-Sonora-hogares-de-la-sierra-baja-con-materiales-de-vivienda-1.jpg","articleSection":["Sonora"],"inLanguage":"es","potentialAction":[{"@type":"CommentAction","name":"Comment","target":["https:\/\/www.sonoraenequipo.com.mx\/fortalece-gobierno-de-sonora-hogares-de-la-sierra-baja-con-materiales-de-vivienda-2\/#respond"]}]},{"@type":"WebPage","@id":"https:\/\/www.sonoraenequipo.com.mx\/fortalece-gobierno-de-sonora-hogares-de-la-sierra-baja-con-materiales-de-vivienda-2\/","url":"https:\/\/www.sonoraenequipo.com.mx\/fortalece-gobierno-de-sonora-hogares-de-la-sierra-baja-con-materiales-de-vivienda-2\/","name":"Sonora en Equipo. Fortalece Gobierno de Sonora hogares de la sierra baja con materiales de vivienda Sonora","isPartOf":{"@id":"https:\/\/www.sonoraenequipo.com.mx\/#website"},"primaryImageOfPage":{"@id":"https:\/\/www.sonoraenequipo.com.mx\/fortalece-gobierno-de-sonora-hogares-de-la-sierra-baja-con-materiales-de-vivienda-2\/#primaryimage"},"image":{"@id":"https:\/\/www.sonoraenequipo.com.mx\/fortalece-gobierno-de-sonora-hogares-de-la-sierra-baja-con-materiales-de-vivienda-2\/#primaryimage"},"thumbnailUrl":"https:\/\/www.sonoraenequipo.com.mx\/storage\/2026\/03\/Fortalece-Gobierno-de-Sonora-hogares-de-la-sierra-baja-con-materiales-de-vivienda-1.jpg","datePublished":"2026-03-11T04:29:05+00:00","description":"HERMOSILLO, SONORA.MX. \u2014 Con el objetivo de reducir el rezago habitacional, el Gobierno de Sonora, a trav\u00e9s de Comisi\u00f3n de Vivienda del Estado de Sonora En Sonora en Equipo publicamos toda la informaci\u00f3n de Sonora, M\u00e9xico y el Mundo de manera oportuna y busca que la libertad de expresi\u00f3n sea real. Visita nuestro medio informativo publicado desde Hermosillo, Sonora. %","breadcrumb":{"@id":"https:\/\/www.sonoraenequipo.com.mx\/fortalece-gobierno-de-sonora-hogares-de-la-sierra-baja-con-materiales-de-vivienda-2\/#breadcrumb"},"inLanguage":"es","potentialAction":[{"@type":"ReadAction","target":["https:\/\/www.sonoraenequipo.com.mx\/fortalece-gobierno-de-sonora-hogares-de-la-sierra-baja-con-materiales-de-vivienda-2\/"]}]},{"@type":"ImageObject","inLanguage":"es","@id":"https:\/\/www.sonoraenequipo.com.mx\/fortalece-gobierno-de-sonora-hogares-de-la-sierra-baja-con-materiales-de-vivienda-2\/#primaryimage","url":"https:\/\/www.sonoraenequipo.com.mx\/storage\/2026\/03\/Fortalece-Gobierno-de-Sonora-hogares-de-la-sierra-baja-con-materiales-de-vivienda-1.jpg","contentUrl":"https:\/\/www.sonoraenequipo.com.mx\/storage\/2026\/03\/Fortalece-Gobierno-de-Sonora-hogares-de-la-sierra-baja-con-materiales-de-vivienda-1.jpg","width":1000,"height":560},{"@type":"BreadcrumbList","@id":"https:\/\/www.sonoraenequipo.com.mx\/fortalece-gobierno-de-sonora-hogares-de-la-sierra-baja-con-materiales-de-vivienda-2\/#breadcrumb","itemListElement":[{"@type":"ListItem","position":1,"name":"Portada","item":"https:\/\/www.sonoraenequipo.com.mx\/"},{"@type":"ListItem","position":2,"name":"Fortalece Gobierno de Sonora hogares de la sierra baja con materiales de vivienda"}]},{"@type":"WebSite","@id":"https:\/\/www.sonoraenequipo.com.mx\/#website","url":"https:\/\/www.sonoraenequipo.com.mx\/","name":"Sonora en Equipo.","description":"Diario en l\u00ednea con Noticias desde Hermosillo, Sonora","publisher":{"@id":"https:\/\/www.sonoraenequipo.com.mx\/#organization"},"potentialAction":[{"@type":"SearchAction","target":{"@type":"EntryPoint","urlTemplate":"https:\/\/www.sonoraenequipo.com.mx\/?s={search_term_string}"},"query-input":{"@type":"PropertyValueSpecification","valueRequired":true,"valueName":"search_term_string"}}],"inLanguage":"es"},{"@type":"Organization","@id":"https:\/\/www.sonoraenequipo.com.mx\/#organization","name":"Sonoraenequipo.com.mx","url":"https:\/\/www.sonoraenequipo.com.mx\/","logo":{"@type":"ImageObject","inLanguage":"es","@id":"https:\/\/www.sonoraenequipo.com.mx\/#\/schema\/logo\/image\/","url":"https:\/\/www.sonoraenequipo.com.mx\/storage\/2019\/01\/sonoraenequipo_opt.png","contentUrl":"https:\/\/www.sonoraenequipo.com.mx\/storage\/2019\/01\/sonoraenequipo_opt.png","width":375,"height":125,"caption":"Sonoraenequipo.com.mx"},"image":{"@id":"https:\/\/www.sonoraenequipo.com.mx\/#\/schema\/logo\/image\/"},"sameAs":["https:\/\/www.facebook.com\/SonoraEE\/","https:\/\/x.com\/sonoraenequipo","https:\/\/www.youtube.com\/channel\/UC338nW-lPEYmJQs4ZABQ1SQ"]},{"@type":"Person","@id":"https:\/\/www.sonoraenequipo.com.mx\/#\/schema\/person\/50102df0fb23a8fa9e8effad8fa81386","name":"enequipo","image":{"@type":"ImageObject","inLanguage":"es","@id":"https:\/\/www.sonoraenequipo.com.mx\/#\/schema\/person\/image\/","url":"https:\/\/secure.gravatar.com\/avatar\/049821681b589dabc0bc20695993ccebb09f5b5d4d790cd9251b97faac7c652b?s=96&d=blank&r=g","contentUrl":"https:\/\/secure.gravatar.com\/avatar\/049821681b589dabc0bc20695993ccebb09f5b5d4d790cd9251b97faac7c652b?s=96&d=blank&r=g","caption":"enequipo"},"sameAs":["https:\/\/www.facebook.com\/SonoraEE"]}]}},"jetpack_featured_media_url":"https:\/\/www.sonoraenequipo.com.mx\/storage\/2026\/03\/Fortalece-Gobierno-de-Sonora-hogares-de-la-sierra-baja-con-materiales-de-vivienda-1.jpg","_links":{"self":[{"href":"https:\/\/www.sonoraenequipo.com.mx\/api\/wp\/v2\/posts\/237086","targetHints":{"allow":["GET"]}}],"collection":[{"href":"https:\/\/www.sonoraenequipo.com.mx\/api\/wp\/v2\/posts"}],"about":[{"href":"https:\/\/www.sonoraenequipo.com.mx\/api\/wp\/v2\/types\/post"}],"author":[{"embeddable":true,"href":"https:\/\/www.sonoraenequipo.com.mx\/api\/wp\/v2\/users\/1"}],"replies":[{"embeddable":true,"href":"https:\/\/www.sonoraenequipo.com.mx\/api\/wp\/v2\/comments?post=237086"}],"version-history":[{"count":1,"href":"https:\/\/www.sonoraenequipo.com.mx\/api\/wp\/v2\/posts\/237086\/revisions"}],"predecessor-version":[{"id":237087,"href":"https:\/\/www.sonoraenequipo.com.mx\/api\/wp\/v2\/posts\/237086\/revisions\/237087"}],"wp:featuredmedia":[{"embeddable":true,"href":"https:\/\/www.sonoraenequipo.com.mx\/api\/wp\/v2\/media\/237082"}],"wp:attachment":[{"href":"https:\/\/www.sonoraenequipo.com.mx\/api\/wp\/v2\/media?parent=237086"}],"wp:term":[{"taxonomy":"category","embeddable":true,"href":"https:\/\/www.sonoraenequipo.com.mx\/api\/wp\/v2\/categories?post=237086"},{"taxonomy":"post_tag","embeddable":true,"href":"https:\/\/www.sonoraenequipo.com.mx\/api\/wp\/v2\/tags?post=237086"}],"curies":[{"name":"wp","href":"https:\/\/api.w.org\/{rel}","templated":true}]}}