{"id":237088,"date":"2026-03-10T22:10:12","date_gmt":"2026-03-11T05:10:12","guid":{"rendered":"https:\/\/www.sonoraenequipo.com.mx\/?p=237088"},"modified":"2026-03-10T19:40:34","modified_gmt":"2026-03-11T02:40:34","slug":"netanyahu-anuncia-que-israel-destinara-un-presupuesto-especial-para-financiar-la-guerra-contra-iran","status":"publish","type":"post","link":"https:\/\/www.sonoraenequipo.com.mx\/netanyahu-anuncia-que-israel-destinara-un-presupuesto-especial-para-financiar-la-guerra-contra-iran\/","title":{"rendered":"Netanyahu anuncia que Israel destinar\u00e1 un presupuesto especial para financiar la guerra contra Ir\u00e1n"},"content":{"rendered":"<p><strong>MADRID, ESPA\u00d1A.<\/strong> \u2014 El primer ministro de Israel, Benjamin Netanyahu, ha anunciado este martes que el pa\u00eds destinar\u00e1 un presupuesto especial de decenas de miles de millones de shekels para cubrir los gastos en defensa derivados de la guerra contra Ir\u00e1n, iniciada el pasado 28 de febrero.<\/p>\n<p>&nbsp;<\/p>\n<p>&nbsp;<\/p>\n<p> <\/p>\n<p><em><strong>\u00abHay un gran pero (a esta campa\u00f1a): cuesta dinero, mucho dinero. Por eso, estamos obligados a dedicar un presupuesto especial de decenas de miles de millones de shekels para apoyar el gasto en defensa\u00bb<\/strong><\/em>, ha expresado Netanyahu en una comparecencia junto al ministro de Finanzas, el ultraderechista Bezalel Smotrich.<\/p>\n<p>&nbsp;<\/p>\n<p>&nbsp;<\/p>\n<p>El primer ministro, que ha afirmado que Israel es un pa\u00eds con \u00ab<em><strong>una econom\u00eda muy fuerte\u00bb,<\/strong> <\/em>ha explicado que el Ej\u00e9rcito israel\u00ed trabaja ahor<em><strong>a \u00abcon mayor fuerza\u00bb p<\/strong><\/em>ara destruir objetivos militares iran\u00edes tras el desmantelamiento de sus <em><strong>\u00abcapacidades nucleares y bal\u00edsticas\u00bb.<\/strong><\/em><\/p>\n<p>&nbsp;<\/p>\n<p>&nbsp;<\/p>\n<p>Por su parte, Smotrich ha detallado que han dejado de lado el proyecto de ley de exenci\u00f3n para los ultraortodoxos, as\u00ed como una serie de reformas impulsadas por su cartera mientras el Gobierno impulsa el nuevo presupuesto estatal de 2026.<\/p>\n<p>&nbsp;<\/p>\n<p>&nbsp;<\/p>\n<p><em><strong>\u00abLa guerra es un tiempo para la unidad, la responsabilidad nacional (&#8230;) Esta transferencia del presupuesto nos permitir\u00e1, con la ayuda de Dios, ganar la guerra, brindar un buen servicio a los ciudadanos de Israel, establecer un nuevo orden regional en Oriente Pr\u00f3ximo que tenga al Estado de Israel como potencia regional y global, as\u00ed como poner a Israel en el camino del crecimiento acelerado, el desarrollo y la prosperidad\u00bb,<\/strong> <\/em>ha arg\u00fcido.<\/p>\n<p>&nbsp;<\/p>\n<p>La ofensiva lanzada por Estados Unidos e Israel el pasado 28 de febrero para descabezar a la Rep\u00fablica Isl\u00e1mica se ha saldado con m\u00e1s de 1.200 muertos en suelo iran\u00ed. Desde entonces, Teher\u00e1n ha llevado la guerra a una decena de pa\u00edses de la regi\u00f3n, atacando Israel, adem\u00e1s de intereses estadounidenses en la zona.<\/p>\n<p>&nbsp;<\/p>\n<p>&nbsp;<\/p>\n<p>&nbsp;<\/p>\n<p>PUBLICADO EL 10 DE MARZO 2026 Con informaci\u00f3n de EUROPA PRESS)<\/p>\n","protected":false},"excerpt":{"rendered":"<p>MADRID, ESPA\u00d1A. \u2014 El primer ministro de Israel, Benjamin Netanyahu, ha anunciado este martes que&#8230;<\/p>\n","protected":false},"author":1,"featured_media":237091,"comment_status":"open","ping_status":"open","sticky":false,"template":"","format":"standard","meta":{"_monsterinsights_skip_tracking":false,"_monsterinsights_sitenote_active":false,"_monsterinsights_sitenote_note":"","_monsterinsights_sitenote_category":0,"footnotes":""},"categories":[3],"tags":[],"class_list":["post"],"yoast_head":" \n<title>Sonora en Equipo. Netanyahu anuncia que Israel destinar\u00e1 un presupuesto especial para financiar la guerra contra Ir\u00e1n MUNDO<\/title>\n<meta name=\"description\" content=\"MADRID, ESPA\u00d1A. \u2014 El primer ministro de Israel, Benjamin Netanyahu, ha anunciado este martes que el pa\u00eds destinar\u00e1 un presupuesto especial de decenas de En Sonora en Equipo publicamos toda la informaci\u00f3n de Sonora, M\u00e9xico y el Mundo de manera oportuna y busca que la libertad de expresi\u00f3n sea real. Visita nuestro medio informativo publicado desde Hermosillo, Sonora. %\" \/>\n<meta name=\"robots\" content=\"index, follow, max-snippet:-1, max-image-preview:large, max-video-preview:-1\" \/>\n<link rel=\"canonical\" href=\"https:\/\/www.sonoraenequipo.com.mx\/netanyahu-anuncia-que-israel-destinara-un-presupuesto-especial-para-financiar-la-guerra-contra-iran\/\" \/>\n<meta property=\"og:locale\" content=\"es_ES\" \/>\n<meta property=\"og:type\" content=\"article\" \/>\n<meta property=\"og:title\" content=\"Sonora en Equipo. Netanyahu anuncia que Israel destinar\u00e1 un presupuesto especial para financiar la guerra contra Ir\u00e1n MUNDO\" \/>\n<meta property=\"og:description\" content=\"MADRID, ESPA\u00d1A. \u2014 El primer ministro de Israel, Benjamin Netanyahu, ha anunciado este martes que el pa\u00eds destinar\u00e1 un presupuesto especial de decenas de En Sonora en Equipo publicamos toda la informaci\u00f3n de Sonora, M\u00e9xico y el Mundo de manera oportuna y busca que la libertad de expresi\u00f3n sea real. Visita nuestro medio informativo publicado desde Hermosillo, Sonora. %\" \/>\n<meta property=\"og:url\" content=\"https:\/\/www.sonoraenequipo.com.mx\/netanyahu-anuncia-que-israel-destinara-un-presupuesto-especial-para-financiar-la-guerra-contra-iran\/\" \/>\n<meta property=\"og:site_name\" content=\"Sonora en Equipo.\" \/>\n<meta property=\"article:publisher\" content=\"https:\/\/www.facebook.com\/SonoraEE\/\" \/>\n<meta property=\"article:author\" content=\"https:\/\/www.facebook.com\/SonoraEE\" \/>\n<meta property=\"article:published_time\" content=\"2026-03-11T05:10:12+00:00\" \/>\n<meta property=\"og:image\" content=\"https:\/\/www.sonoraenequipo.com.mx\/storage\/2026\/03\/Netanyahu-1.jpg\" \/>\n\t<meta property=\"og:image:width\" content=\"1000\" \/>\n\t<meta property=\"og:image:height\" content=\"666\" \/>\n\t<meta property=\"og:image:type\" content=\"image\/jpeg\" \/>\n<meta name=\"author\" content=\"enequipo\" \/>\n<meta name=\"twitter:card\" content=\"summary_large_image\" \/>\n<meta name=\"twitter:creator\" content=\"@sonoraenequipo\" \/>\n<meta name=\"twitter:site\" content=\"@sonoraenequipo\" \/>\n<meta name=\"twitter:label1\" content=\"Escrito por\" \/>\n\t<meta name=\"twitter:data1\" content=\"enequipo\" \/>\n\t<meta name=\"twitter:label2\" content=\"Tiempo de lectura\" \/>\n\t<meta name=\"twitter:data2\" content=\"2 minutos\" \/>\n<script type=\"application\/ld+json\" class=\"yoast-schema-graph\">{\"@context\":\"https:\/\/schema.org\",\"@graph\":[{\"@type\":\"Article\",\"@id\":\"https:\/\/www.sonoraenequipo.com.mx\/netanyahu-anuncia-que-israel-destinara-un-presupuesto-especial-para-financiar-la-guerra-contra-iran\/#article\",\"isPartOf\":{\"@id\":\"https:\/\/www.sonoraenequipo.com.mx\/netanyahu-anuncia-que-israel-destinara-un-presupuesto-especial-para-financiar-la-guerra-contra-iran\/\"},\"author\":{\"name\":\"enequipo\",\"@id\":\"https:\/\/www.sonoraenequipo.com.mx\/#\/schema\/person\/50102df0fb23a8fa9e8effad8fa81386\"},\"headline\":\"Netanyahu anuncia que Israel destinar\u00e1 un presupuesto especial para financiar la guerra contra Ir\u00e1n\",\"datePublished\":\"2026-03-11T05:10:12+00:00\",\"mainEntityOfPage\":{\"@id\":\"https:\/\/www.sonoraenequipo.com.mx\/netanyahu-anuncia-que-israel-destinara-un-presupuesto-especial-para-financiar-la-guerra-contra-iran\/\"},\"wordCount\":355,\"commentCount\":0,\"publisher\":{\"@id\":\"https:\/\/www.sonoraenequipo.com.mx\/#organization\"},\"image\":{\"@id\":\"https:\/\/www.sonoraenequipo.com.mx\/netanyahu-anuncia-que-israel-destinara-un-presupuesto-especial-para-financiar-la-guerra-contra-iran\/#primaryimage\"},\"thumbnailUrl\":\"https:\/\/www.sonoraenequipo.com.mx\/storage\/2026\/03\/Netanyahu-1.jpg\",\"articleSection\":[\"MUNDO\"],\"inLanguage\":\"es\",\"potentialAction\":[{\"@type\":\"CommentAction\",\"name\":\"Comment\",\"target\":[\"https:\/\/www.sonoraenequipo.com.mx\/netanyahu-anuncia-que-israel-destinara-un-presupuesto-especial-para-financiar-la-guerra-contra-iran\/#respond\"]}]},{\"@type\":\"WebPage\",\"@id\":\"https:\/\/www.sonoraenequipo.com.mx\/netanyahu-anuncia-que-israel-destinara-un-presupuesto-especial-para-financiar-la-guerra-contra-iran\/\",\"url\":\"https:\/\/www.sonoraenequipo.com.mx\/netanyahu-anuncia-que-israel-destinara-un-presupuesto-especial-para-financiar-la-guerra-contra-iran\/\",\"name\":\"Sonora en Equipo. Netanyahu anuncia que Israel destinar\u00e1 un presupuesto especial para financiar la guerra contra Ir\u00e1n MUNDO\",\"isPartOf\":{\"@id\":\"https:\/\/www.sonoraenequipo.com.mx\/#website\"},\"primaryImageOfPage\":{\"@id\":\"https:\/\/www.sonoraenequipo.com.mx\/netanyahu-anuncia-que-israel-destinara-un-presupuesto-especial-para-financiar-la-guerra-contra-iran\/#primaryimage\"},\"image\":{\"@id\":\"https:\/\/www.sonoraenequipo.com.mx\/netanyahu-anuncia-que-israel-destinara-un-presupuesto-especial-para-financiar-la-guerra-contra-iran\/#primaryimage\"},\"thumbnailUrl\":\"https:\/\/www.sonoraenequipo.com.mx\/storage\/2026\/03\/Netanyahu-1.jpg\",\"datePublished\":\"2026-03-11T05:10:12+00:00\",\"description\":\"MADRID, ESPA\u00d1A. \u2014 El primer ministro de Israel, Benjamin Netanyahu, ha anunciado este martes que el pa\u00eds destinar\u00e1 un presupuesto especial de decenas de En Sonora en Equipo publicamos toda la informaci\u00f3n de Sonora, M\u00e9xico y el Mundo de manera oportuna y busca que la libertad de expresi\u00f3n sea real. Visita nuestro medio informativo publicado desde Hermosillo, Sonora. %\",\"breadcrumb\":{\"@id\":\"https:\/\/www.sonoraenequipo.com.mx\/netanyahu-anuncia-que-israel-destinara-un-presupuesto-especial-para-financiar-la-guerra-contra-iran\/#breadcrumb\"},\"inLanguage\":\"es\",\"potentialAction\":[{\"@type\":\"ReadAction\",\"target\":[\"https:\/\/www.sonoraenequipo.com.mx\/netanyahu-anuncia-que-israel-destinara-un-presupuesto-especial-para-financiar-la-guerra-contra-iran\/\"]}]},{\"@type\":\"ImageObject\",\"inLanguage\":\"es\",\"@id\":\"https:\/\/www.sonoraenequipo.com.mx\/netanyahu-anuncia-que-israel-destinara-un-presupuesto-especial-para-financiar-la-guerra-contra-iran\/#primaryimage\",\"url\":\"https:\/\/www.sonoraenequipo.com.mx\/storage\/2026\/03\/Netanyahu-1.jpg\",\"contentUrl\":\"https:\/\/www.sonoraenequipo.com.mx\/storage\/2026\/03\/Netanyahu-1.jpg\",\"width\":1000,\"height\":666},{\"@type\":\"BreadcrumbList\",\"@id\":\"https:\/\/www.sonoraenequipo.com.mx\/netanyahu-anuncia-que-israel-destinara-un-presupuesto-especial-para-financiar-la-guerra-contra-iran\/#breadcrumb\",\"itemListElement\":[{\"@type\":\"ListItem\",\"position\":1,\"name\":\"Portada\",\"item\":\"https:\/\/www.sonoraenequipo.com.mx\/\"},{\"@type\":\"ListItem\",\"position\":2,\"name\":\"Netanyahu anuncia que Israel destinar\u00e1 un presupuesto especial para financiar la guerra contra Ir\u00e1n\"}]},{\"@type\":\"WebSite\",\"@id\":\"https:\/\/www.sonoraenequipo.com.mx\/#website\",\"url\":\"https:\/\/www.sonoraenequipo.com.mx\/\",\"name\":\"Sonora en Equipo.\",\"description\":\"Diario en l\u00ednea con Noticias desde Hermosillo, Sonora\",\"publisher\":{\"@id\":\"https:\/\/www.sonoraenequipo.com.mx\/#organization\"},\"potentialAction\":[{\"@type\":\"SearchAction\",\"target\":{\"@type\":\"EntryPoint\",\"urlTemplate\":\"https:\/\/www.sonoraenequipo.com.mx\/?s={search_term_string}\"},\"query-input\":{\"@type\":\"PropertyValueSpecification\",\"valueRequired\":true,\"valueName\":\"search_term_string\"}}],\"inLanguage\":\"es\"},{\"@type\":\"Organization\",\"@id\":\"https:\/\/www.sonoraenequipo.com.mx\/#organization\",\"name\":\"Sonoraenequipo.com.mx\",\"url\":\"https:\/\/www.sonoraenequipo.com.mx\/\",\"logo\":{\"@type\":\"ImageObject\",\"inLanguage\":\"es\",\"@id\":\"https:\/\/www.sonoraenequipo.com.mx\/#\/schema\/logo\/image\/\",\"url\":\"https:\/\/www.sonoraenequipo.com.mx\/storage\/2019\/01\/sonoraenequipo_opt.png\",\"contentUrl\":\"https:\/\/www.sonoraenequipo.com.mx\/storage\/2019\/01\/sonoraenequipo_opt.png\",\"width\":375,\"height\":125,\"caption\":\"Sonoraenequipo.com.mx\"},\"image\":{\"@id\":\"https:\/\/www.sonoraenequipo.com.mx\/#\/schema\/logo\/image\/\"},\"sameAs\":[\"https:\/\/www.facebook.com\/SonoraEE\/\",\"https:\/\/x.com\/sonoraenequipo\",\"https:\/\/www.youtube.com\/channel\/UC338nW-lPEYmJQs4ZABQ1SQ\"]},{\"@type\":\"Person\",\"@id\":\"https:\/\/www.sonoraenequipo.com.mx\/#\/schema\/person\/50102df0fb23a8fa9e8effad8fa81386\",\"name\":\"enequipo\",\"image\":{\"@type\":\"ImageObject\",\"inLanguage\":\"es\",\"@id\":\"https:\/\/www.sonoraenequipo.com.mx\/#\/schema\/person\/image\/\",\"url\":\"https:\/\/secure.gravatar.com\/avatar\/049821681b589dabc0bc20695993ccebb09f5b5d4d790cd9251b97faac7c652b?s=96&d=blank&r=g\",\"contentUrl\":\"https:\/\/secure.gravatar.com\/avatar\/049821681b589dabc0bc20695993ccebb09f5b5d4d790cd9251b97faac7c652b?s=96&d=blank&r=g\",\"caption\":\"enequipo\"},\"sameAs\":[\"https:\/\/www.facebook.com\/SonoraEE\"]}]}<\/script>\n ","yoast_head_json":{"title":"Sonora en Equipo. Netanyahu anuncia que Israel destinar\u00e1 un presupuesto especial para financiar la guerra contra Ir\u00e1n MUNDO","description":"MADRID, ESPA\u00d1A. \u2014 El primer ministro de Israel, Benjamin Netanyahu, ha anunciado este martes que el pa\u00eds destinar\u00e1 un presupuesto especial de decenas de En Sonora en Equipo publicamos toda la informaci\u00f3n de Sonora, M\u00e9xico y el Mundo de manera oportuna y busca que la libertad de expresi\u00f3n sea real. Visita nuestro medio informativo publicado desde Hermosillo, Sonora. %","robots":{"index":"index","follow":"follow","max-snippet":"max-snippet:-1","max-image-preview":"max-image-preview:large","max-video-preview":"max-video-preview:-1"},"canonical":"https:\/\/www.sonoraenequipo.com.mx\/netanyahu-anuncia-que-israel-destinara-un-presupuesto-especial-para-financiar-la-guerra-contra-iran\/","og_locale":"es_ES","og_type":"article","og_title":"Sonora en Equipo. Netanyahu anuncia que Israel destinar\u00e1 un presupuesto especial para financiar la guerra contra Ir\u00e1n MUNDO","og_description":"MADRID, ESPA\u00d1A. \u2014 El primer ministro de Israel, Benjamin Netanyahu, ha anunciado este martes que el pa\u00eds destinar\u00e1 un presupuesto especial de decenas de En Sonora en Equipo publicamos toda la informaci\u00f3n de Sonora, M\u00e9xico y el Mundo de manera oportuna y busca que la libertad de expresi\u00f3n sea real. Visita nuestro medio informativo publicado desde Hermosillo, Sonora. %","og_url":"https:\/\/www.sonoraenequipo.com.mx\/netanyahu-anuncia-que-israel-destinara-un-presupuesto-especial-para-financiar-la-guerra-contra-iran\/","og_site_name":"Sonora en Equipo.","article_publisher":"https:\/\/www.facebook.com\/SonoraEE\/","article_author":"https:\/\/www.facebook.com\/SonoraEE","article_published_time":"2026-03-11T05:10:12+00:00","og_image":[{"width":1000,"height":666,"url":"https:\/\/www.sonoraenequipo.com.mx\/storage\/2026\/03\/Netanyahu-1.jpg","type":"image\/jpeg"}],"author":"enequipo","twitter_card":"summary_large_image","twitter_creator":"@sonoraenequipo","twitter_site":"@sonoraenequipo","twitter_misc":{"Escrito por":"enequipo","Tiempo de lectura":"2 minutos"},"schema":{"@context":"https:\/\/schema.org","@graph":[{"@type":"Article","@id":"https:\/\/www.sonoraenequipo.com.mx\/netanyahu-anuncia-que-israel-destinara-un-presupuesto-especial-para-financiar-la-guerra-contra-iran\/#article","isPartOf":{"@id":"https:\/\/www.sonoraenequipo.com.mx\/netanyahu-anuncia-que-israel-destinara-un-presupuesto-especial-para-financiar-la-guerra-contra-iran\/"},"author":{"name":"enequipo","@id":"https:\/\/www.sonoraenequipo.com.mx\/#\/schema\/person\/50102df0fb23a8fa9e8effad8fa81386"},"headline":"Netanyahu anuncia que Israel destinar\u00e1 un presupuesto especial para financiar la guerra contra Ir\u00e1n","datePublished":"2026-03-11T05:10:12+00:00","mainEntityOfPage":{"@id":"https:\/\/www.sonoraenequipo.com.mx\/netanyahu-anuncia-que-israel-destinara-un-presupuesto-especial-para-financiar-la-guerra-contra-iran\/"},"wordCount":355,"commentCount":0,"publisher":{"@id":"https:\/\/www.sonoraenequipo.com.mx\/#organization"},"image":{"@id":"https:\/\/www.sonoraenequipo.com.mx\/netanyahu-anuncia-que-israel-destinara-un-presupuesto-especial-para-financiar-la-guerra-contra-iran\/#primaryimage"},"thumbnailUrl":"https:\/\/www.sonoraenequipo.com.mx\/storage\/2026\/03\/Netanyahu-1.jpg","articleSection":["MUNDO"],"inLanguage":"es","potentialAction":[{"@type":"CommentAction","name":"Comment","target":["https:\/\/www.sonoraenequipo.com.mx\/netanyahu-anuncia-que-israel-destinara-un-presupuesto-especial-para-financiar-la-guerra-contra-iran\/#respond"]}]},{"@type":"WebPage","@id":"https:\/\/www.sonoraenequipo.com.mx\/netanyahu-anuncia-que-israel-destinara-un-presupuesto-especial-para-financiar-la-guerra-contra-iran\/","url":"https:\/\/www.sonoraenequipo.com.mx\/netanyahu-anuncia-que-israel-destinara-un-presupuesto-especial-para-financiar-la-guerra-contra-iran\/","name":"Sonora en Equipo. Netanyahu anuncia que Israel destinar\u00e1 un presupuesto especial para financiar la guerra contra Ir\u00e1n MUNDO","isPartOf":{"@id":"https:\/\/www.sonoraenequipo.com.mx\/#website"},"primaryImageOfPage":{"@id":"https:\/\/www.sonoraenequipo.com.mx\/netanyahu-anuncia-que-israel-destinara-un-presupuesto-especial-para-financiar-la-guerra-contra-iran\/#primaryimage"},"image":{"@id":"https:\/\/www.sonoraenequipo.com.mx\/netanyahu-anuncia-que-israel-destinara-un-presupuesto-especial-para-financiar-la-guerra-contra-iran\/#primaryimage"},"thumbnailUrl":"https:\/\/www.sonoraenequipo.com.mx\/storage\/2026\/03\/Netanyahu-1.jpg","datePublished":"2026-03-11T05:10:12+00:00","description":"MADRID, ESPA\u00d1A. \u2014 El primer ministro de Israel, Benjamin Netanyahu, ha anunciado este martes que el pa\u00eds destinar\u00e1 un presupuesto especial de decenas de En Sonora en Equipo publicamos toda la informaci\u00f3n de Sonora, M\u00e9xico y el Mundo de manera oportuna y busca que la libertad de expresi\u00f3n sea real. Visita nuestro medio informativo publicado desde Hermosillo, Sonora. %","breadcrumb":{"@id":"https:\/\/www.sonoraenequipo.com.mx\/netanyahu-anuncia-que-israel-destinara-un-presupuesto-especial-para-financiar-la-guerra-contra-iran\/#breadcrumb"},"inLanguage":"es","potentialAction":[{"@type":"ReadAction","target":["https:\/\/www.sonoraenequipo.com.mx\/netanyahu-anuncia-que-israel-destinara-un-presupuesto-especial-para-financiar-la-guerra-contra-iran\/"]}]},{"@type":"ImageObject","inLanguage":"es","@id":"https:\/\/www.sonoraenequipo.com.mx\/netanyahu-anuncia-que-israel-destinara-un-presupuesto-especial-para-financiar-la-guerra-contra-iran\/#primaryimage","url":"https:\/\/www.sonoraenequipo.com.mx\/storage\/2026\/03\/Netanyahu-1.jpg","contentUrl":"https:\/\/www.sonoraenequipo.com.mx\/storage\/2026\/03\/Netanyahu-1.jpg","width":1000,"height":666},{"@type":"BreadcrumbList","@id":"https:\/\/www.sonoraenequipo.com.mx\/netanyahu-anuncia-que-israel-destinara-un-presupuesto-especial-para-financiar-la-guerra-contra-iran\/#breadcrumb","itemListElement":[{"@type":"ListItem","position":1,"name":"Portada","item":"https:\/\/www.sonoraenequipo.com.mx\/"},{"@type":"ListItem","position":2,"name":"Netanyahu anuncia que Israel destinar\u00e1 un presupuesto especial para financiar la guerra contra Ir\u00e1n"}]},{"@type":"WebSite","@id":"https:\/\/www.sonoraenequipo.com.mx\/#website","url":"https:\/\/www.sonoraenequipo.com.mx\/","name":"Sonora en Equipo.","description":"Diario en l\u00ednea con Noticias desde Hermosillo, Sonora","publisher":{"@id":"https:\/\/www.sonoraenequipo.com.mx\/#organization"},"potentialAction":[{"@type":"SearchAction","target":{"@type":"EntryPoint","urlTemplate":"https:\/\/www.sonoraenequipo.com.mx\/?s={search_term_string}"},"query-input":{"@type":"PropertyValueSpecification","valueRequired":true,"valueName":"search_term_string"}}],"inLanguage":"es"},{"@type":"Organization","@id":"https:\/\/www.sonoraenequipo.com.mx\/#organization","name":"Sonoraenequipo.com.mx","url":"https:\/\/www.sonoraenequipo.com.mx\/","logo":{"@type":"ImageObject","inLanguage":"es","@id":"https:\/\/www.sonoraenequipo.com.mx\/#\/schema\/logo\/image\/","url":"https:\/\/www.sonoraenequipo.com.mx\/storage\/2019\/01\/sonoraenequipo_opt.png","contentUrl":"https:\/\/www.sonoraenequipo.com.mx\/storage\/2019\/01\/sonoraenequipo_opt.png","width":375,"height":125,"caption":"Sonoraenequipo.com.mx"},"image":{"@id":"https:\/\/www.sonoraenequipo.com.mx\/#\/schema\/logo\/image\/"},"sameAs":["https:\/\/www.facebook.com\/SonoraEE\/","https:\/\/x.com\/sonoraenequipo","https:\/\/www.youtube.com\/channel\/UC338nW-lPEYmJQs4ZABQ1SQ"]},{"@type":"Person","@id":"https:\/\/www.sonoraenequipo.com.mx\/#\/schema\/person\/50102df0fb23a8fa9e8effad8fa81386","name":"enequipo","image":{"@type":"ImageObject","inLanguage":"es","@id":"https:\/\/www.sonoraenequipo.com.mx\/#\/schema\/person\/image\/","url":"https:\/\/secure.gravatar.com\/avatar\/049821681b589dabc0bc20695993ccebb09f5b5d4d790cd9251b97faac7c652b?s=96&d=blank&r=g","contentUrl":"https:\/\/secure.gravatar.com\/avatar\/049821681b589dabc0bc20695993ccebb09f5b5d4d790cd9251b97faac7c652b?s=96&d=blank&r=g","caption":"enequipo"},"sameAs":["https:\/\/www.facebook.com\/SonoraEE"]}]}},"jetpack_featured_media_url":"https:\/\/www.sonoraenequipo.com.mx\/storage\/2026\/03\/Netanyahu-1.jpg","_links":{"self":[{"href":"https:\/\/www.sonoraenequipo.com.mx\/api\/wp\/v2\/posts\/237088","targetHints":{"allow":["GET"]}}],"collection":[{"href":"https:\/\/www.sonoraenequipo.com.mx\/api\/wp\/v2\/posts"}],"about":[{"href":"https:\/\/www.sonoraenequipo.com.mx\/api\/wp\/v2\/types\/post"}],"author":[{"embeddable":true,"href":"https:\/\/www.sonoraenequipo.com.mx\/api\/wp\/v2\/users\/1"}],"replies":[{"embeddable":true,"href":"https:\/\/www.sonoraenequipo.com.mx\/api\/wp\/v2\/comments?post=237088"}],"version-history":[{"count":1,"href":"https:\/\/www.sonoraenequipo.com.mx\/api\/wp\/v2\/posts\/237088\/revisions"}],"predecessor-version":[{"id":237092,"href":"https:\/\/www.sonoraenequipo.com.mx\/api\/wp\/v2\/posts\/237088\/revisions\/237092"}],"wp:featuredmedia":[{"embeddable":true,"href":"https:\/\/www.sonoraenequipo.com.mx\/api\/wp\/v2\/media\/237091"}],"wp:attachment":[{"href":"https:\/\/www.sonoraenequipo.com.mx\/api\/wp\/v2\/media?parent=237088"}],"wp:term":[{"taxonomy":"category","embeddable":true,"href":"https:\/\/www.sonoraenequipo.com.mx\/api\/wp\/v2\/categories?post=237088"},{"taxonomy":"post_tag","embeddable":true,"href":"https:\/\/www.sonoraenequipo.com.mx\/api\/wp\/v2\/tags?post=237088"}],"curies":[{"name":"wp","href":"https:\/\/api.w.org\/{rel}","templated":true}]}}