{"id":237098,"date":"2026-03-10T19:15:17","date_gmt":"2026-03-11T02:15:17","guid":{"rendered":"https:\/\/www.sonoraenequipo.com.mx\/?p=237098"},"modified":"2026-03-10T22:05:24","modified_gmt":"2026-03-11T05:05:24","slug":"gobierno-de-sonora-entrega-parque-publico-en-granados","status":"publish","type":"post","link":"https:\/\/www.sonoraenequipo.com.mx\/gobierno-de-sonora-entrega-parque-publico-en-granados\/","title":{"rendered":"Gobierno de sonora entrega parque p\u00fablico en Granados"},"content":{"rendered":"<p><strong>GRANADOS, SONORA. MX. \u2014<\/strong> El Gobierno de Sonora, a trav\u00e9s de la Secretar\u00eda de Bienestar, entreg\u00f3 al municipio de Granados el Parque Bicentenario, obra de infraestructura social que fortalece los espacios de convivencia, deporte y recreaci\u00f3n para las familias de la comunidad.<\/p>\n<p>&nbsp;<\/p>\n<p>&nbsp;<\/p>\n<p> <\/p>\n<p>Como parte de las acciones impulsadas por el gobernador Alfonso Durazo para mejorar los espacios p\u00fablicos en comunidades del estado, el secretario de Bienestar en Sonora, Fernando Rojo, encabez\u00f3 la entrega de este parque al municipio de Granados.<\/p>\n<p>&nbsp;<\/p>\n<p>&nbsp;<\/p>\n<p>El parque fue construido en un \u00e1rea aproximada de 900 metros cuadrados y cuenta con cancha multifuncional, \u00e1reas de juegos infantiles, andadores y banquetas, iluminaci\u00f3n p\u00fablica, pasto sint\u00e9tico en \u00e1reas recreativas, as\u00ed como mobiliario urbano que incluye bancas y mesas de picnic.<\/p>\n<p>&nbsp;<\/p>\n<p>&nbsp;<\/p>\n<p>La obra tambi\u00e9n incorpora ejercitadores al aire libre, rampa de acceso para personas con discapacidad y reja perimetral para brindar mayor seguridad al espacio destinado a la convivencia familiar.<\/p>\n<p>&nbsp;<\/p>\n<p>&nbsp;<\/p>\n<p>El proyecto represent\u00f3 una inversi\u00f3n de dos millones 197 mil 682 pesos, recursos provenientes del Fondo de Infraestructura Social para las Entidades (FISE), y beneficiar\u00e1 de manera directa a 251 habitantes del municipio.<\/p>\n<p>&nbsp;<\/p>\n<p>&nbsp;<\/p>\n<p>Durante el evento, el secretario de Bienestar destac\u00f3 que la creaci\u00f3n y rehabilitaci\u00f3n de espacios p\u00fablicos contribuye a fortalecer la vida comunitaria.<\/p>\n<p>&nbsp;<\/p>\n<p>&nbsp;<\/p>\n<p><em><strong>\u201cLos espacios p\u00fablicos cobran un sentido distinto cuando empiezan a ser utilizados por la gente. Este parque refleja el compromiso del gobernador Alfonso Durazo de impulsar obras que fortalezcan la convivencia, el deporte y el bienestar de las familias sonorenses\u201d<\/strong><\/em>, expres\u00f3.<\/p>\n<p>&nbsp;<\/p>\n<p><img loading=\"lazy\" decoding=\"async\" class=\"size-full  x-center\" src=\"https:\/\/www.sonoraenequipo.com.mx\/storage\/2026\/03\/Gobierno-de-sonora-entrega-parque-publico-en-Granados1-1.jpg\" alt=\"\" width=\"1000\" height=\"800\" \/>Con acciones de infraestructura social como esta, la Secretar\u00eda de Bienestar contin\u00faa impulsando proyectos que fortalecen el tejido social y mejoran la calidad de vida en comunidades del estado.<\/p>\n<p>&nbsp;<\/p>\n<p>&nbsp;<\/p>\n<p>PUBLICADO EL 10 DE MARZO 2026 Con informaci\u00f3n de GOBSON .0326116)<\/p>\n","protected":false},"excerpt":{"rendered":"<p>GRANADOS, SONORA. MX. \u2014 El Gobierno de Sonora, a trav\u00e9s de la Secretar\u00eda de Bienestar,&#8230;<\/p>\n","protected":false},"author":1,"featured_media":237099,"comment_status":"open","ping_status":"open","sticky":false,"template":"","format":"standard","meta":{"_monsterinsights_skip_tracking":false,"_monsterinsights_sitenote_active":false,"_monsterinsights_sitenote_note":"","_monsterinsights_sitenote_category":0,"footnotes":""},"categories":[22],"tags":[],"class_list":["post"],"yoast_head":" \n<title>Sonora en Equipo. Gobierno de sonora entrega parque p\u00fablico en Granados Sonora<\/title>\n<meta name=\"description\" content=\"GRANADOS, SONORA. MX. \u2014 El Gobierno de Sonora, a trav\u00e9s de la Secretar\u00eda de Bienestar, entreg\u00f3 al municipio de Granados el Parque Bicentenario, obra de En Sonora en Equipo publicamos toda la informaci\u00f3n de Sonora, M\u00e9xico y el Mundo de manera oportuna y busca que la libertad de expresi\u00f3n sea real. Visita nuestro medio informativo publicado desde Hermosillo, Sonora. %\" \/>\n<meta name=\"robots\" content=\"index, follow, max-snippet:-1, max-image-preview:large, max-video-preview:-1\" \/>\n<link rel=\"canonical\" href=\"https:\/\/www.sonoraenequipo.com.mx\/gobierno-de-sonora-entrega-parque-publico-en-granados\/\" \/>\n<meta property=\"og:locale\" content=\"es_ES\" \/>\n<meta property=\"og:type\" content=\"article\" \/>\n<meta property=\"og:title\" content=\"Sonora en Equipo. Gobierno de sonora entrega parque p\u00fablico en Granados Sonora\" \/>\n<meta property=\"og:description\" content=\"GRANADOS, SONORA. MX. \u2014 El Gobierno de Sonora, a trav\u00e9s de la Secretar\u00eda de Bienestar, entreg\u00f3 al municipio de Granados el Parque Bicentenario, obra de En Sonora en Equipo publicamos toda la informaci\u00f3n de Sonora, M\u00e9xico y el Mundo de manera oportuna y busca que la libertad de expresi\u00f3n sea real. Visita nuestro medio informativo publicado desde Hermosillo, Sonora. %\" \/>\n<meta property=\"og:url\" content=\"https:\/\/www.sonoraenequipo.com.mx\/gobierno-de-sonora-entrega-parque-publico-en-granados\/\" \/>\n<meta property=\"og:site_name\" content=\"Sonora en Equipo.\" \/>\n<meta property=\"article:publisher\" content=\"https:\/\/www.facebook.com\/SonoraEE\/\" \/>\n<meta property=\"article:author\" content=\"https:\/\/www.facebook.com\/SonoraEE\" \/>\n<meta property=\"article:published_time\" content=\"2026-03-11T02:15:17+00:00\" \/>\n<meta property=\"article:modified_time\" content=\"2026-03-11T05:05:24+00:00\" \/>\n<meta property=\"og:image\" content=\"https:\/\/www.sonoraenequipo.com.mx\/storage\/2026\/03\/Gobierno-de-sonora-entrega-parque-publico-en-Granados.-1.jpg\" \/>\n\t<meta property=\"og:image:width\" content=\"1000\" \/>\n\t<meta property=\"og:image:height\" content=\"597\" \/>\n\t<meta property=\"og:image:type\" content=\"image\/jpeg\" \/>\n<meta name=\"author\" content=\"enequipo\" \/>\n<meta name=\"twitter:card\" content=\"summary_large_image\" \/>\n<meta name=\"twitter:creator\" content=\"@sonoraenequipo\" \/>\n<meta name=\"twitter:site\" content=\"@sonoraenequipo\" \/>\n<meta name=\"twitter:label1\" content=\"Escrito por\" \/>\n\t<meta name=\"twitter:data1\" content=\"enequipo\" \/>\n\t<meta name=\"twitter:label2\" content=\"Tiempo de lectura\" \/>\n\t<meta name=\"twitter:data2\" content=\"2 minutos\" \/>\n<script type=\"application\/ld+json\" class=\"yoast-schema-graph\">{\"@context\":\"https:\/\/schema.org\",\"@graph\":[{\"@type\":\"Article\",\"@id\":\"https:\/\/www.sonoraenequipo.com.mx\/gobierno-de-sonora-entrega-parque-publico-en-granados\/#article\",\"isPartOf\":{\"@id\":\"https:\/\/www.sonoraenequipo.com.mx\/gobierno-de-sonora-entrega-parque-publico-en-granados\/\"},\"author\":{\"name\":\"enequipo\",\"@id\":\"https:\/\/www.sonoraenequipo.com.mx\/#\/schema\/person\/50102df0fb23a8fa9e8effad8fa81386\"},\"headline\":\"Gobierno de sonora entrega parque p\u00fablico en Granados\",\"datePublished\":\"2026-03-11T02:15:17+00:00\",\"dateModified\":\"2026-03-11T05:05:24+00:00\",\"mainEntityOfPage\":{\"@id\":\"https:\/\/www.sonoraenequipo.com.mx\/gobierno-de-sonora-entrega-parque-publico-en-granados\/\"},\"wordCount\":319,\"commentCount\":0,\"publisher\":{\"@id\":\"https:\/\/www.sonoraenequipo.com.mx\/#organization\"},\"image\":{\"@id\":\"https:\/\/www.sonoraenequipo.com.mx\/gobierno-de-sonora-entrega-parque-publico-en-granados\/#primaryimage\"},\"thumbnailUrl\":\"https:\/\/www.sonoraenequipo.com.mx\/storage\/2026\/03\/Gobierno-de-sonora-entrega-parque-publico-en-Granados.-1.jpg\",\"articleSection\":[\"Sonora\"],\"inLanguage\":\"es\",\"potentialAction\":[{\"@type\":\"CommentAction\",\"name\":\"Comment\",\"target\":[\"https:\/\/www.sonoraenequipo.com.mx\/gobierno-de-sonora-entrega-parque-publico-en-granados\/#respond\"]}]},{\"@type\":\"WebPage\",\"@id\":\"https:\/\/www.sonoraenequipo.com.mx\/gobierno-de-sonora-entrega-parque-publico-en-granados\/\",\"url\":\"https:\/\/www.sonoraenequipo.com.mx\/gobierno-de-sonora-entrega-parque-publico-en-granados\/\",\"name\":\"Sonora en Equipo. Gobierno de sonora entrega parque p\u00fablico en Granados Sonora\",\"isPartOf\":{\"@id\":\"https:\/\/www.sonoraenequipo.com.mx\/#website\"},\"primaryImageOfPage\":{\"@id\":\"https:\/\/www.sonoraenequipo.com.mx\/gobierno-de-sonora-entrega-parque-publico-en-granados\/#primaryimage\"},\"image\":{\"@id\":\"https:\/\/www.sonoraenequipo.com.mx\/gobierno-de-sonora-entrega-parque-publico-en-granados\/#primaryimage\"},\"thumbnailUrl\":\"https:\/\/www.sonoraenequipo.com.mx\/storage\/2026\/03\/Gobierno-de-sonora-entrega-parque-publico-en-Granados.-1.jpg\",\"datePublished\":\"2026-03-11T02:15:17+00:00\",\"dateModified\":\"2026-03-11T05:05:24+00:00\",\"description\":\"GRANADOS, SONORA. MX. \u2014 El Gobierno de Sonora, a trav\u00e9s de la Secretar\u00eda de Bienestar, entreg\u00f3 al municipio de Granados el Parque Bicentenario, obra de En Sonora en Equipo publicamos toda la informaci\u00f3n de Sonora, M\u00e9xico y el Mundo de manera oportuna y busca que la libertad de expresi\u00f3n sea real. Visita nuestro medio informativo publicado desde Hermosillo, Sonora. %\",\"breadcrumb\":{\"@id\":\"https:\/\/www.sonoraenequipo.com.mx\/gobierno-de-sonora-entrega-parque-publico-en-granados\/#breadcrumb\"},\"inLanguage\":\"es\",\"potentialAction\":[{\"@type\":\"ReadAction\",\"target\":[\"https:\/\/www.sonoraenequipo.com.mx\/gobierno-de-sonora-entrega-parque-publico-en-granados\/\"]}]},{\"@type\":\"ImageObject\",\"inLanguage\":\"es\",\"@id\":\"https:\/\/www.sonoraenequipo.com.mx\/gobierno-de-sonora-entrega-parque-publico-en-granados\/#primaryimage\",\"url\":\"https:\/\/www.sonoraenequipo.com.mx\/storage\/2026\/03\/Gobierno-de-sonora-entrega-parque-publico-en-Granados.-1.jpg\",\"contentUrl\":\"https:\/\/www.sonoraenequipo.com.mx\/storage\/2026\/03\/Gobierno-de-sonora-entrega-parque-publico-en-Granados.-1.jpg\",\"width\":1000,\"height\":597},{\"@type\":\"BreadcrumbList\",\"@id\":\"https:\/\/www.sonoraenequipo.com.mx\/gobierno-de-sonora-entrega-parque-publico-en-granados\/#breadcrumb\",\"itemListElement\":[{\"@type\":\"ListItem\",\"position\":1,\"name\":\"Portada\",\"item\":\"https:\/\/www.sonoraenequipo.com.mx\/\"},{\"@type\":\"ListItem\",\"position\":2,\"name\":\"Gobierno de sonora entrega parque p\u00fablico en Granados\"}]},{\"@type\":\"WebSite\",\"@id\":\"https:\/\/www.sonoraenequipo.com.mx\/#website\",\"url\":\"https:\/\/www.sonoraenequipo.com.mx\/\",\"name\":\"Sonora en Equipo.\",\"description\":\"Diario en l\u00ednea con Noticias desde Hermosillo, Sonora\",\"publisher\":{\"@id\":\"https:\/\/www.sonoraenequipo.com.mx\/#organization\"},\"potentialAction\":[{\"@type\":\"SearchAction\",\"target\":{\"@type\":\"EntryPoint\",\"urlTemplate\":\"https:\/\/www.sonoraenequipo.com.mx\/?s={search_term_string}\"},\"query-input\":{\"@type\":\"PropertyValueSpecification\",\"valueRequired\":true,\"valueName\":\"search_term_string\"}}],\"inLanguage\":\"es\"},{\"@type\":\"Organization\",\"@id\":\"https:\/\/www.sonoraenequipo.com.mx\/#organization\",\"name\":\"Sonoraenequipo.com.mx\",\"url\":\"https:\/\/www.sonoraenequipo.com.mx\/\",\"logo\":{\"@type\":\"ImageObject\",\"inLanguage\":\"es\",\"@id\":\"https:\/\/www.sonoraenequipo.com.mx\/#\/schema\/logo\/image\/\",\"url\":\"https:\/\/www.sonoraenequipo.com.mx\/storage\/2019\/01\/sonoraenequipo_opt.png\",\"contentUrl\":\"https:\/\/www.sonoraenequipo.com.mx\/storage\/2019\/01\/sonoraenequipo_opt.png\",\"width\":375,\"height\":125,\"caption\":\"Sonoraenequipo.com.mx\"},\"image\":{\"@id\":\"https:\/\/www.sonoraenequipo.com.mx\/#\/schema\/logo\/image\/\"},\"sameAs\":[\"https:\/\/www.facebook.com\/SonoraEE\/\",\"https:\/\/x.com\/sonoraenequipo\",\"https:\/\/www.youtube.com\/channel\/UC338nW-lPEYmJQs4ZABQ1SQ\"]},{\"@type\":\"Person\",\"@id\":\"https:\/\/www.sonoraenequipo.com.mx\/#\/schema\/person\/50102df0fb23a8fa9e8effad8fa81386\",\"name\":\"enequipo\",\"image\":{\"@type\":\"ImageObject\",\"inLanguage\":\"es\",\"@id\":\"https:\/\/www.sonoraenequipo.com.mx\/#\/schema\/person\/image\/\",\"url\":\"https:\/\/secure.gravatar.com\/avatar\/049821681b589dabc0bc20695993ccebb09f5b5d4d790cd9251b97faac7c652b?s=96&d=blank&r=g\",\"contentUrl\":\"https:\/\/secure.gravatar.com\/avatar\/049821681b589dabc0bc20695993ccebb09f5b5d4d790cd9251b97faac7c652b?s=96&d=blank&r=g\",\"caption\":\"enequipo\"},\"sameAs\":[\"https:\/\/www.facebook.com\/SonoraEE\"]}]}<\/script>\n ","yoast_head_json":{"title":"Sonora en Equipo. Gobierno de sonora entrega parque p\u00fablico en Granados Sonora","description":"GRANADOS, SONORA. MX. \u2014 El Gobierno de Sonora, a trav\u00e9s de la Secretar\u00eda de Bienestar, entreg\u00f3 al municipio de Granados el Parque Bicentenario, obra de En Sonora en Equipo publicamos toda la informaci\u00f3n de Sonora, M\u00e9xico y el Mundo de manera oportuna y busca que la libertad de expresi\u00f3n sea real. Visita nuestro medio informativo publicado desde Hermosillo, Sonora. %","robots":{"index":"index","follow":"follow","max-snippet":"max-snippet:-1","max-image-preview":"max-image-preview:large","max-video-preview":"max-video-preview:-1"},"canonical":"https:\/\/www.sonoraenequipo.com.mx\/gobierno-de-sonora-entrega-parque-publico-en-granados\/","og_locale":"es_ES","og_type":"article","og_title":"Sonora en Equipo. Gobierno de sonora entrega parque p\u00fablico en Granados Sonora","og_description":"GRANADOS, SONORA. MX. \u2014 El Gobierno de Sonora, a trav\u00e9s de la Secretar\u00eda de Bienestar, entreg\u00f3 al municipio de Granados el Parque Bicentenario, obra de En Sonora en Equipo publicamos toda la informaci\u00f3n de Sonora, M\u00e9xico y el Mundo de manera oportuna y busca que la libertad de expresi\u00f3n sea real. Visita nuestro medio informativo publicado desde Hermosillo, Sonora. %","og_url":"https:\/\/www.sonoraenequipo.com.mx\/gobierno-de-sonora-entrega-parque-publico-en-granados\/","og_site_name":"Sonora en Equipo.","article_publisher":"https:\/\/www.facebook.com\/SonoraEE\/","article_author":"https:\/\/www.facebook.com\/SonoraEE","article_published_time":"2026-03-11T02:15:17+00:00","article_modified_time":"2026-03-11T05:05:24+00:00","og_image":[{"width":1000,"height":597,"url":"https:\/\/www.sonoraenequipo.com.mx\/storage\/2026\/03\/Gobierno-de-sonora-entrega-parque-publico-en-Granados.-1.jpg","type":"image\/jpeg"}],"author":"enequipo","twitter_card":"summary_large_image","twitter_creator":"@sonoraenequipo","twitter_site":"@sonoraenequipo","twitter_misc":{"Escrito por":"enequipo","Tiempo de lectura":"2 minutos"},"schema":{"@context":"https:\/\/schema.org","@graph":[{"@type":"Article","@id":"https:\/\/www.sonoraenequipo.com.mx\/gobierno-de-sonora-entrega-parque-publico-en-granados\/#article","isPartOf":{"@id":"https:\/\/www.sonoraenequipo.com.mx\/gobierno-de-sonora-entrega-parque-publico-en-granados\/"},"author":{"name":"enequipo","@id":"https:\/\/www.sonoraenequipo.com.mx\/#\/schema\/person\/50102df0fb23a8fa9e8effad8fa81386"},"headline":"Gobierno de sonora entrega parque p\u00fablico en Granados","datePublished":"2026-03-11T02:15:17+00:00","dateModified":"2026-03-11T05:05:24+00:00","mainEntityOfPage":{"@id":"https:\/\/www.sonoraenequipo.com.mx\/gobierno-de-sonora-entrega-parque-publico-en-granados\/"},"wordCount":319,"commentCount":0,"publisher":{"@id":"https:\/\/www.sonoraenequipo.com.mx\/#organization"},"image":{"@id":"https:\/\/www.sonoraenequipo.com.mx\/gobierno-de-sonora-entrega-parque-publico-en-granados\/#primaryimage"},"thumbnailUrl":"https:\/\/www.sonoraenequipo.com.mx\/storage\/2026\/03\/Gobierno-de-sonora-entrega-parque-publico-en-Granados.-1.jpg","articleSection":["Sonora"],"inLanguage":"es","potentialAction":[{"@type":"CommentAction","name":"Comment","target":["https:\/\/www.sonoraenequipo.com.mx\/gobierno-de-sonora-entrega-parque-publico-en-granados\/#respond"]}]},{"@type":"WebPage","@id":"https:\/\/www.sonoraenequipo.com.mx\/gobierno-de-sonora-entrega-parque-publico-en-granados\/","url":"https:\/\/www.sonoraenequipo.com.mx\/gobierno-de-sonora-entrega-parque-publico-en-granados\/","name":"Sonora en Equipo. Gobierno de sonora entrega parque p\u00fablico en Granados Sonora","isPartOf":{"@id":"https:\/\/www.sonoraenequipo.com.mx\/#website"},"primaryImageOfPage":{"@id":"https:\/\/www.sonoraenequipo.com.mx\/gobierno-de-sonora-entrega-parque-publico-en-granados\/#primaryimage"},"image":{"@id":"https:\/\/www.sonoraenequipo.com.mx\/gobierno-de-sonora-entrega-parque-publico-en-granados\/#primaryimage"},"thumbnailUrl":"https:\/\/www.sonoraenequipo.com.mx\/storage\/2026\/03\/Gobierno-de-sonora-entrega-parque-publico-en-Granados.-1.jpg","datePublished":"2026-03-11T02:15:17+00:00","dateModified":"2026-03-11T05:05:24+00:00","description":"GRANADOS, SONORA. MX. \u2014 El Gobierno de Sonora, a trav\u00e9s de la Secretar\u00eda de Bienestar, entreg\u00f3 al municipio de Granados el Parque Bicentenario, obra de En Sonora en Equipo publicamos toda la informaci\u00f3n de Sonora, M\u00e9xico y el Mundo de manera oportuna y busca que la libertad de expresi\u00f3n sea real. Visita nuestro medio informativo publicado desde Hermosillo, Sonora. %","breadcrumb":{"@id":"https:\/\/www.sonoraenequipo.com.mx\/gobierno-de-sonora-entrega-parque-publico-en-granados\/#breadcrumb"},"inLanguage":"es","potentialAction":[{"@type":"ReadAction","target":["https:\/\/www.sonoraenequipo.com.mx\/gobierno-de-sonora-entrega-parque-publico-en-granados\/"]}]},{"@type":"ImageObject","inLanguage":"es","@id":"https:\/\/www.sonoraenequipo.com.mx\/gobierno-de-sonora-entrega-parque-publico-en-granados\/#primaryimage","url":"https:\/\/www.sonoraenequipo.com.mx\/storage\/2026\/03\/Gobierno-de-sonora-entrega-parque-publico-en-Granados.-1.jpg","contentUrl":"https:\/\/www.sonoraenequipo.com.mx\/storage\/2026\/03\/Gobierno-de-sonora-entrega-parque-publico-en-Granados.-1.jpg","width":1000,"height":597},{"@type":"BreadcrumbList","@id":"https:\/\/www.sonoraenequipo.com.mx\/gobierno-de-sonora-entrega-parque-publico-en-granados\/#breadcrumb","itemListElement":[{"@type":"ListItem","position":1,"name":"Portada","item":"https:\/\/www.sonoraenequipo.com.mx\/"},{"@type":"ListItem","position":2,"name":"Gobierno de sonora entrega parque p\u00fablico en Granados"}]},{"@type":"WebSite","@id":"https:\/\/www.sonoraenequipo.com.mx\/#website","url":"https:\/\/www.sonoraenequipo.com.mx\/","name":"Sonora en Equipo.","description":"Diario en l\u00ednea con Noticias desde Hermosillo, Sonora","publisher":{"@id":"https:\/\/www.sonoraenequipo.com.mx\/#organization"},"potentialAction":[{"@type":"SearchAction","target":{"@type":"EntryPoint","urlTemplate":"https:\/\/www.sonoraenequipo.com.mx\/?s={search_term_string}"},"query-input":{"@type":"PropertyValueSpecification","valueRequired":true,"valueName":"search_term_string"}}],"inLanguage":"es"},{"@type":"Organization","@id":"https:\/\/www.sonoraenequipo.com.mx\/#organization","name":"Sonoraenequipo.com.mx","url":"https:\/\/www.sonoraenequipo.com.mx\/","logo":{"@type":"ImageObject","inLanguage":"es","@id":"https:\/\/www.sonoraenequipo.com.mx\/#\/schema\/logo\/image\/","url":"https:\/\/www.sonoraenequipo.com.mx\/storage\/2019\/01\/sonoraenequipo_opt.png","contentUrl":"https:\/\/www.sonoraenequipo.com.mx\/storage\/2019\/01\/sonoraenequipo_opt.png","width":375,"height":125,"caption":"Sonoraenequipo.com.mx"},"image":{"@id":"https:\/\/www.sonoraenequipo.com.mx\/#\/schema\/logo\/image\/"},"sameAs":["https:\/\/www.facebook.com\/SonoraEE\/","https:\/\/x.com\/sonoraenequipo","https:\/\/www.youtube.com\/channel\/UC338nW-lPEYmJQs4ZABQ1SQ"]},{"@type":"Person","@id":"https:\/\/www.sonoraenequipo.com.mx\/#\/schema\/person\/50102df0fb23a8fa9e8effad8fa81386","name":"enequipo","image":{"@type":"ImageObject","inLanguage":"es","@id":"https:\/\/www.sonoraenequipo.com.mx\/#\/schema\/person\/image\/","url":"https:\/\/secure.gravatar.com\/avatar\/049821681b589dabc0bc20695993ccebb09f5b5d4d790cd9251b97faac7c652b?s=96&d=blank&r=g","contentUrl":"https:\/\/secure.gravatar.com\/avatar\/049821681b589dabc0bc20695993ccebb09f5b5d4d790cd9251b97faac7c652b?s=96&d=blank&r=g","caption":"enequipo"},"sameAs":["https:\/\/www.facebook.com\/SonoraEE"]}]}},"jetpack_featured_media_url":"https:\/\/www.sonoraenequipo.com.mx\/storage\/2026\/03\/Gobierno-de-sonora-entrega-parque-publico-en-Granados.-1.jpg","_links":{"self":[{"href":"https:\/\/www.sonoraenequipo.com.mx\/api\/wp\/v2\/posts\/237098","targetHints":{"allow":["GET"]}}],"collection":[{"href":"https:\/\/www.sonoraenequipo.com.mx\/api\/wp\/v2\/posts"}],"about":[{"href":"https:\/\/www.sonoraenequipo.com.mx\/api\/wp\/v2\/types\/post"}],"author":[{"embeddable":true,"href":"https:\/\/www.sonoraenequipo.com.mx\/api\/wp\/v2\/users\/1"}],"replies":[{"embeddable":true,"href":"https:\/\/www.sonoraenequipo.com.mx\/api\/wp\/v2\/comments?post=237098"}],"version-history":[{"count":1,"href":"https:\/\/www.sonoraenequipo.com.mx\/api\/wp\/v2\/posts\/237098\/revisions"}],"predecessor-version":[{"id":237103,"href":"https:\/\/www.sonoraenequipo.com.mx\/api\/wp\/v2\/posts\/237098\/revisions\/237103"}],"wp:featuredmedia":[{"embeddable":true,"href":"https:\/\/www.sonoraenequipo.com.mx\/api\/wp\/v2\/media\/237099"}],"wp:attachment":[{"href":"https:\/\/www.sonoraenequipo.com.mx\/api\/wp\/v2\/media?parent=237098"}],"wp:term":[{"taxonomy":"category","embeddable":true,"href":"https:\/\/www.sonoraenequipo.com.mx\/api\/wp\/v2\/categories?post=237098"},{"taxonomy":"post_tag","embeddable":true,"href":"https:\/\/www.sonoraenequipo.com.mx\/api\/wp\/v2\/tags?post=237098"}],"curies":[{"name":"wp","href":"https:\/\/api.w.org\/{rel}","templated":true}]}}