{"id":237130,"date":"2026-03-11T07:15:30","date_gmt":"2026-03-11T14:15:30","guid":{"rendered":"https:\/\/www.sonoraenequipo.com.mx\/?p=237130"},"modified":"2026-03-11T09:24:32","modified_gmt":"2026-03-11T16:24:32","slug":"muere-ballena-tras-encallar-en-playa-de-sinaloa-es-la-segunda-en-el-estado-este-ano","status":"publish","type":"post","link":"https:\/\/www.sonoraenequipo.com.mx\/muere-ballena-tras-encallar-en-playa-de-sinaloa-es-la-segunda-en-el-estado-este-ano\/","title":{"rendered":"Muere ballena tras encallar en playa de Sinaloa; es la segunda en el estado este a\u00f1o"},"content":{"rendered":"<p><strong>MAZATL\u00c1N, SINALOA.MX. \u2014 <\/strong>. Una ballena muri\u00f3 horas despu\u00e9s de que encall\u00f3 en las playas del poblado M\u00e1rmol, ubicado al norte de Culiac\u00e1n, inform\u00f3 Gustavo Espinoza, comandante del Escuadr\u00f3n de Salvavidas de Mazatl\u00e1n. Esta es la segunda ballena que muere este a\u00f1o en Sinaloa; el primer deceso ocurri\u00f3 el pasado 2 de marzo en la playa El Caimanero, en el municipio de El Rosario.<\/p>\n<p>&nbsp;<\/p>\n<p>&nbsp;<\/p>\n<p>&nbsp;<\/p>\n<p> <\/p>\n<p>Espinoza dio a conocer que la ma\u00f1ana de este martes recibi\u00f3 el reporte de que hab\u00eda una ballena encallada en la franja de arena que est\u00e1 en la sindicatura de M\u00e1rmol, ubicada a unos 30 kil\u00f3metros de Mazatl\u00e1n.<\/p>\n<p>&nbsp;<\/p>\n<p>&nbsp;<\/p>\n<p>Expuso que en coordinaci\u00f3n con personal de Secretar\u00eda de Medio Ambiente y Recursos Naturales, as\u00ed como de protecci\u00f3n civil del municipio de San Ignacio, acudi\u00f3 al sitio del percance, donde se corrobor\u00f3 que el cet\u00e1ceo de 10 metros de largo ya no presentaba signos vitales.<\/p>\n<p>&nbsp;<\/p>\n<p>&nbsp;<\/p>\n<p>Seg\u00fan reportes de pescadores, \u00e9stos descubrieron a la ballena horas antes, entre las playas de Lomas del Mar y M\u00e1rmol, intentaron devolver al cet\u00e1ceo al mar y no lo consiguieron.<\/p>\n<p>&nbsp;<\/p>\n<p>&nbsp;<\/p>\n<p>Explic\u00f3 que tras conocer la situaci\u00f3n, fue necesario llevar el cuerpo de la ballena a la franja de arena para que la revisaran funcionarios de la Semarnat, quienes determinaron que deber\u00eda ser sepultada en el lugar.<\/p>\n<p>&nbsp;<\/p>\n<p>&nbsp;<\/p>\n<p>Acot\u00f3 que los rescatistas excavaron una fosa lejos del mar, para prevenir riesgos a la salud y malos olores por la descomposici\u00f3n del cet\u00e1ceo.<\/p>\n<p>&nbsp;<\/p>\n<p>&nbsp;<\/p>\n<p>El comandante del Escuadr\u00f3n de Salvavidas de Mazatl\u00e1n pidi\u00f3 a lugare\u00f1os y turistas reportar cualquier animal marino que se encuentre varado en las playas, para que personal autorizado acuda a \u00e9l y se activen los protocolos de atenci\u00f3n necesaria.<\/p>\n<p>&nbsp;<\/p>\n<p>&nbsp;<\/p>\n<p>El ayuntamiento de Mazatl\u00e1n inform\u00f3 que el 2 de marzo anterior fue localizada una ballena muerta en la playa El Caimanero. Personal de ecolog\u00eda municipal y de la Comisi\u00f3n Nacional de \u00c1reas Naturales Protegidas determinaron enterrarla; adem\u00e1s la cubrieron con cal y arena por su avanzado estado de descomposici\u00f3n.<\/p>\n<p>&nbsp;<\/p>\n<p>&nbsp;<\/p>\n<p>PUBLICADO EL 10 DE MARZO 2026 Con informaci\u00f3n de Irene S\u00e1nchez, )<\/p>\n","protected":false},"excerpt":{"rendered":"<p>MAZATL\u00c1N, SINALOA.MX. \u2014 . Una ballena muri\u00f3 horas despu\u00e9s de que encall\u00f3 en las playas&#8230;<\/p>\n","protected":false},"author":1,"featured_media":237131,"comment_status":"open","ping_status":"open","sticky":false,"template":"","format":"standard","meta":{"_monsterinsights_skip_tracking":false,"_monsterinsights_sitenote_active":false,"_monsterinsights_sitenote_note":"","_monsterinsights_sitenote_category":0,"footnotes":""},"categories":[5],"tags":[],"class_list":["post"],"yoast_head":" \n<title>Sonora en Equipo. Muere ballena tras encallar en playa de Sinaloa; es la segunda en el estado este a\u00f1o Rep\u00fablica<\/title>\n<meta name=\"description\" content=\"MAZATL\u00c1N, SINALOA.MX. \u2014 . Una ballena muri\u00f3 horas despu\u00e9s de que encall\u00f3 en las playas del poblado M\u00e1rmol, ubicado al norte de Culiac\u00e1n, inform\u00f3 Gustavo En Sonora en Equipo publicamos toda la informaci\u00f3n de Sonora, M\u00e9xico y el Mundo de manera oportuna y busca que la libertad de expresi\u00f3n sea real. Visita nuestro medio informativo publicado desde Hermosillo, Sonora. %\" \/>\n<meta name=\"robots\" content=\"index, follow, max-snippet:-1, max-image-preview:large, max-video-preview:-1\" \/>\n<link rel=\"canonical\" href=\"https:\/\/www.sonoraenequipo.com.mx\/muere-ballena-tras-encallar-en-playa-de-sinaloa-es-la-segunda-en-el-estado-este-ano\/\" \/>\n<meta property=\"og:locale\" content=\"es_ES\" \/>\n<meta property=\"og:type\" content=\"article\" \/>\n<meta property=\"og:title\" content=\"Sonora en Equipo. Muere ballena tras encallar en playa de Sinaloa; es la segunda en el estado este a\u00f1o Rep\u00fablica\" \/>\n<meta property=\"og:description\" content=\"MAZATL\u00c1N, SINALOA.MX. \u2014 . Una ballena muri\u00f3 horas despu\u00e9s de que encall\u00f3 en las playas del poblado M\u00e1rmol, ubicado al norte de Culiac\u00e1n, inform\u00f3 Gustavo En Sonora en Equipo publicamos toda la informaci\u00f3n de Sonora, M\u00e9xico y el Mundo de manera oportuna y busca que la libertad de expresi\u00f3n sea real. Visita nuestro medio informativo publicado desde Hermosillo, Sonora. %\" \/>\n<meta property=\"og:url\" content=\"https:\/\/www.sonoraenequipo.com.mx\/muere-ballena-tras-encallar-en-playa-de-sinaloa-es-la-segunda-en-el-estado-este-ano\/\" \/>\n<meta property=\"og:site_name\" content=\"Sonora en Equipo.\" \/>\n<meta property=\"article:publisher\" content=\"https:\/\/www.facebook.com\/SonoraEE\/\" \/>\n<meta property=\"article:author\" content=\"https:\/\/www.facebook.com\/SonoraEE\" \/>\n<meta property=\"article:published_time\" content=\"2026-03-11T14:15:30+00:00\" \/>\n<meta property=\"article:modified_time\" content=\"2026-03-11T16:24:32+00:00\" \/>\n<meta property=\"og:image\" content=\"https:\/\/www.sonoraenequipo.com.mx\/storage\/2026\/03\/Muere-ballena-tras-encallar-en-playa-de-Sinaloa.jpg\" \/>\n\t<meta property=\"og:image:width\" content=\"1200\" \/>\n\t<meta property=\"og:image:height\" content=\"560\" \/>\n\t<meta property=\"og:image:type\" content=\"image\/jpeg\" \/>\n<meta name=\"author\" content=\"enequipo\" \/>\n<meta name=\"twitter:card\" content=\"summary_large_image\" \/>\n<meta name=\"twitter:creator\" content=\"@sonoraenequipo\" \/>\n<meta name=\"twitter:site\" content=\"@sonoraenequipo\" \/>\n<meta name=\"twitter:label1\" content=\"Escrito por\" \/>\n\t<meta name=\"twitter:data1\" content=\"enequipo\" \/>\n\t<meta name=\"twitter:label2\" content=\"Tiempo de lectura\" \/>\n\t<meta name=\"twitter:data2\" content=\"2 minutos\" \/>\n<script type=\"application\/ld+json\" class=\"yoast-schema-graph\">{\"@context\":\"https:\/\/schema.org\",\"@graph\":[{\"@type\":\"Article\",\"@id\":\"https:\/\/www.sonoraenequipo.com.mx\/muere-ballena-tras-encallar-en-playa-de-sinaloa-es-la-segunda-en-el-estado-este-ano\/#article\",\"isPartOf\":{\"@id\":\"https:\/\/www.sonoraenequipo.com.mx\/muere-ballena-tras-encallar-en-playa-de-sinaloa-es-la-segunda-en-el-estado-este-ano\/\"},\"author\":{\"name\":\"enequipo\",\"@id\":\"https:\/\/www.sonoraenequipo.com.mx\/#\/schema\/person\/50102df0fb23a8fa9e8effad8fa81386\"},\"headline\":\"Muere ballena tras encallar en playa de Sinaloa; es la segunda en el estado este a\u00f1o\",\"datePublished\":\"2026-03-11T14:15:30+00:00\",\"dateModified\":\"2026-03-11T16:24:32+00:00\",\"mainEntityOfPage\":{\"@id\":\"https:\/\/www.sonoraenequipo.com.mx\/muere-ballena-tras-encallar-en-playa-de-sinaloa-es-la-segunda-en-el-estado-este-ano\/\"},\"wordCount\":397,\"commentCount\":0,\"publisher\":{\"@id\":\"https:\/\/www.sonoraenequipo.com.mx\/#organization\"},\"image\":{\"@id\":\"https:\/\/www.sonoraenequipo.com.mx\/muere-ballena-tras-encallar-en-playa-de-sinaloa-es-la-segunda-en-el-estado-este-ano\/#primaryimage\"},\"thumbnailUrl\":\"https:\/\/www.sonoraenequipo.com.mx\/storage\/2026\/03\/Muere-ballena-tras-encallar-en-playa-de-Sinaloa.jpg\",\"articleSection\":[\"Rep\u00fablica\"],\"inLanguage\":\"es\",\"potentialAction\":[{\"@type\":\"CommentAction\",\"name\":\"Comment\",\"target\":[\"https:\/\/www.sonoraenequipo.com.mx\/muere-ballena-tras-encallar-en-playa-de-sinaloa-es-la-segunda-en-el-estado-este-ano\/#respond\"]}]},{\"@type\":\"WebPage\",\"@id\":\"https:\/\/www.sonoraenequipo.com.mx\/muere-ballena-tras-encallar-en-playa-de-sinaloa-es-la-segunda-en-el-estado-este-ano\/\",\"url\":\"https:\/\/www.sonoraenequipo.com.mx\/muere-ballena-tras-encallar-en-playa-de-sinaloa-es-la-segunda-en-el-estado-este-ano\/\",\"name\":\"Sonora en Equipo. Muere ballena tras encallar en playa de Sinaloa; es la segunda en el estado este a\u00f1o Rep\u00fablica\",\"isPartOf\":{\"@id\":\"https:\/\/www.sonoraenequipo.com.mx\/#website\"},\"primaryImageOfPage\":{\"@id\":\"https:\/\/www.sonoraenequipo.com.mx\/muere-ballena-tras-encallar-en-playa-de-sinaloa-es-la-segunda-en-el-estado-este-ano\/#primaryimage\"},\"image\":{\"@id\":\"https:\/\/www.sonoraenequipo.com.mx\/muere-ballena-tras-encallar-en-playa-de-sinaloa-es-la-segunda-en-el-estado-este-ano\/#primaryimage\"},\"thumbnailUrl\":\"https:\/\/www.sonoraenequipo.com.mx\/storage\/2026\/03\/Muere-ballena-tras-encallar-en-playa-de-Sinaloa.jpg\",\"datePublished\":\"2026-03-11T14:15:30+00:00\",\"dateModified\":\"2026-03-11T16:24:32+00:00\",\"description\":\"MAZATL\u00c1N, SINALOA.MX. \u2014 . Una ballena muri\u00f3 horas despu\u00e9s de que encall\u00f3 en las playas del poblado M\u00e1rmol, ubicado al norte de Culiac\u00e1n, inform\u00f3 Gustavo En Sonora en Equipo publicamos toda la informaci\u00f3n de Sonora, M\u00e9xico y el Mundo de manera oportuna y busca que la libertad de expresi\u00f3n sea real. Visita nuestro medio informativo publicado desde Hermosillo, Sonora. %\",\"breadcrumb\":{\"@id\":\"https:\/\/www.sonoraenequipo.com.mx\/muere-ballena-tras-encallar-en-playa-de-sinaloa-es-la-segunda-en-el-estado-este-ano\/#breadcrumb\"},\"inLanguage\":\"es\",\"potentialAction\":[{\"@type\":\"ReadAction\",\"target\":[\"https:\/\/www.sonoraenequipo.com.mx\/muere-ballena-tras-encallar-en-playa-de-sinaloa-es-la-segunda-en-el-estado-este-ano\/\"]}]},{\"@type\":\"ImageObject\",\"inLanguage\":\"es\",\"@id\":\"https:\/\/www.sonoraenequipo.com.mx\/muere-ballena-tras-encallar-en-playa-de-sinaloa-es-la-segunda-en-el-estado-este-ano\/#primaryimage\",\"url\":\"https:\/\/www.sonoraenequipo.com.mx\/storage\/2026\/03\/Muere-ballena-tras-encallar-en-playa-de-Sinaloa.jpg\",\"contentUrl\":\"https:\/\/www.sonoraenequipo.com.mx\/storage\/2026\/03\/Muere-ballena-tras-encallar-en-playa-de-Sinaloa.jpg\",\"width\":1200,\"height\":560},{\"@type\":\"BreadcrumbList\",\"@id\":\"https:\/\/www.sonoraenequipo.com.mx\/muere-ballena-tras-encallar-en-playa-de-sinaloa-es-la-segunda-en-el-estado-este-ano\/#breadcrumb\",\"itemListElement\":[{\"@type\":\"ListItem\",\"position\":1,\"name\":\"Portada\",\"item\":\"https:\/\/www.sonoraenequipo.com.mx\/\"},{\"@type\":\"ListItem\",\"position\":2,\"name\":\"Muere ballena tras encallar en playa de Sinaloa; es la segunda en el estado este a\u00f1o\"}]},{\"@type\":\"WebSite\",\"@id\":\"https:\/\/www.sonoraenequipo.com.mx\/#website\",\"url\":\"https:\/\/www.sonoraenequipo.com.mx\/\",\"name\":\"Sonora en Equipo.\",\"description\":\"Diario en l\u00ednea con Noticias desde Hermosillo, Sonora\",\"publisher\":{\"@id\":\"https:\/\/www.sonoraenequipo.com.mx\/#organization\"},\"potentialAction\":[{\"@type\":\"SearchAction\",\"target\":{\"@type\":\"EntryPoint\",\"urlTemplate\":\"https:\/\/www.sonoraenequipo.com.mx\/?s={search_term_string}\"},\"query-input\":{\"@type\":\"PropertyValueSpecification\",\"valueRequired\":true,\"valueName\":\"search_term_string\"}}],\"inLanguage\":\"es\"},{\"@type\":\"Organization\",\"@id\":\"https:\/\/www.sonoraenequipo.com.mx\/#organization\",\"name\":\"Sonoraenequipo.com.mx\",\"url\":\"https:\/\/www.sonoraenequipo.com.mx\/\",\"logo\":{\"@type\":\"ImageObject\",\"inLanguage\":\"es\",\"@id\":\"https:\/\/www.sonoraenequipo.com.mx\/#\/schema\/logo\/image\/\",\"url\":\"https:\/\/www.sonoraenequipo.com.mx\/storage\/2019\/01\/sonoraenequipo_opt.png\",\"contentUrl\":\"https:\/\/www.sonoraenequipo.com.mx\/storage\/2019\/01\/sonoraenequipo_opt.png\",\"width\":375,\"height\":125,\"caption\":\"Sonoraenequipo.com.mx\"},\"image\":{\"@id\":\"https:\/\/www.sonoraenequipo.com.mx\/#\/schema\/logo\/image\/\"},\"sameAs\":[\"https:\/\/www.facebook.com\/SonoraEE\/\",\"https:\/\/x.com\/sonoraenequipo\",\"https:\/\/www.youtube.com\/channel\/UC338nW-lPEYmJQs4ZABQ1SQ\"]},{\"@type\":\"Person\",\"@id\":\"https:\/\/www.sonoraenequipo.com.mx\/#\/schema\/person\/50102df0fb23a8fa9e8effad8fa81386\",\"name\":\"enequipo\",\"image\":{\"@type\":\"ImageObject\",\"inLanguage\":\"es\",\"@id\":\"https:\/\/www.sonoraenequipo.com.mx\/#\/schema\/person\/image\/\",\"url\":\"https:\/\/secure.gravatar.com\/avatar\/049821681b589dabc0bc20695993ccebb09f5b5d4d790cd9251b97faac7c652b?s=96&d=blank&r=g\",\"contentUrl\":\"https:\/\/secure.gravatar.com\/avatar\/049821681b589dabc0bc20695993ccebb09f5b5d4d790cd9251b97faac7c652b?s=96&d=blank&r=g\",\"caption\":\"enequipo\"},\"sameAs\":[\"https:\/\/www.facebook.com\/SonoraEE\"]}]}<\/script>\n ","yoast_head_json":{"title":"Sonora en Equipo. Muere ballena tras encallar en playa de Sinaloa; es la segunda en el estado este a\u00f1o Rep\u00fablica","description":"MAZATL\u00c1N, SINALOA.MX. \u2014 . Una ballena muri\u00f3 horas despu\u00e9s de que encall\u00f3 en las playas del poblado M\u00e1rmol, ubicado al norte de Culiac\u00e1n, inform\u00f3 Gustavo En Sonora en Equipo publicamos toda la informaci\u00f3n de Sonora, M\u00e9xico y el Mundo de manera oportuna y busca que la libertad de expresi\u00f3n sea real. Visita nuestro medio informativo publicado desde Hermosillo, Sonora. %","robots":{"index":"index","follow":"follow","max-snippet":"max-snippet:-1","max-image-preview":"max-image-preview:large","max-video-preview":"max-video-preview:-1"},"canonical":"https:\/\/www.sonoraenequipo.com.mx\/muere-ballena-tras-encallar-en-playa-de-sinaloa-es-la-segunda-en-el-estado-este-ano\/","og_locale":"es_ES","og_type":"article","og_title":"Sonora en Equipo. Muere ballena tras encallar en playa de Sinaloa; es la segunda en el estado este a\u00f1o Rep\u00fablica","og_description":"MAZATL\u00c1N, SINALOA.MX. \u2014 . Una ballena muri\u00f3 horas despu\u00e9s de que encall\u00f3 en las playas del poblado M\u00e1rmol, ubicado al norte de Culiac\u00e1n, inform\u00f3 Gustavo En Sonora en Equipo publicamos toda la informaci\u00f3n de Sonora, M\u00e9xico y el Mundo de manera oportuna y busca que la libertad de expresi\u00f3n sea real. Visita nuestro medio informativo publicado desde Hermosillo, Sonora. %","og_url":"https:\/\/www.sonoraenequipo.com.mx\/muere-ballena-tras-encallar-en-playa-de-sinaloa-es-la-segunda-en-el-estado-este-ano\/","og_site_name":"Sonora en Equipo.","article_publisher":"https:\/\/www.facebook.com\/SonoraEE\/","article_author":"https:\/\/www.facebook.com\/SonoraEE","article_published_time":"2026-03-11T14:15:30+00:00","article_modified_time":"2026-03-11T16:24:32+00:00","og_image":[{"width":1200,"height":560,"url":"https:\/\/www.sonoraenequipo.com.mx\/storage\/2026\/03\/Muere-ballena-tras-encallar-en-playa-de-Sinaloa.jpg","type":"image\/jpeg"}],"author":"enequipo","twitter_card":"summary_large_image","twitter_creator":"@sonoraenequipo","twitter_site":"@sonoraenequipo","twitter_misc":{"Escrito por":"enequipo","Tiempo de lectura":"2 minutos"},"schema":{"@context":"https:\/\/schema.org","@graph":[{"@type":"Article","@id":"https:\/\/www.sonoraenequipo.com.mx\/muere-ballena-tras-encallar-en-playa-de-sinaloa-es-la-segunda-en-el-estado-este-ano\/#article","isPartOf":{"@id":"https:\/\/www.sonoraenequipo.com.mx\/muere-ballena-tras-encallar-en-playa-de-sinaloa-es-la-segunda-en-el-estado-este-ano\/"},"author":{"name":"enequipo","@id":"https:\/\/www.sonoraenequipo.com.mx\/#\/schema\/person\/50102df0fb23a8fa9e8effad8fa81386"},"headline":"Muere ballena tras encallar en playa de Sinaloa; es la segunda en el estado este a\u00f1o","datePublished":"2026-03-11T14:15:30+00:00","dateModified":"2026-03-11T16:24:32+00:00","mainEntityOfPage":{"@id":"https:\/\/www.sonoraenequipo.com.mx\/muere-ballena-tras-encallar-en-playa-de-sinaloa-es-la-segunda-en-el-estado-este-ano\/"},"wordCount":397,"commentCount":0,"publisher":{"@id":"https:\/\/www.sonoraenequipo.com.mx\/#organization"},"image":{"@id":"https:\/\/www.sonoraenequipo.com.mx\/muere-ballena-tras-encallar-en-playa-de-sinaloa-es-la-segunda-en-el-estado-este-ano\/#primaryimage"},"thumbnailUrl":"https:\/\/www.sonoraenequipo.com.mx\/storage\/2026\/03\/Muere-ballena-tras-encallar-en-playa-de-Sinaloa.jpg","articleSection":["Rep\u00fablica"],"inLanguage":"es","potentialAction":[{"@type":"CommentAction","name":"Comment","target":["https:\/\/www.sonoraenequipo.com.mx\/muere-ballena-tras-encallar-en-playa-de-sinaloa-es-la-segunda-en-el-estado-este-ano\/#respond"]}]},{"@type":"WebPage","@id":"https:\/\/www.sonoraenequipo.com.mx\/muere-ballena-tras-encallar-en-playa-de-sinaloa-es-la-segunda-en-el-estado-este-ano\/","url":"https:\/\/www.sonoraenequipo.com.mx\/muere-ballena-tras-encallar-en-playa-de-sinaloa-es-la-segunda-en-el-estado-este-ano\/","name":"Sonora en Equipo. Muere ballena tras encallar en playa de Sinaloa; es la segunda en el estado este a\u00f1o Rep\u00fablica","isPartOf":{"@id":"https:\/\/www.sonoraenequipo.com.mx\/#website"},"primaryImageOfPage":{"@id":"https:\/\/www.sonoraenequipo.com.mx\/muere-ballena-tras-encallar-en-playa-de-sinaloa-es-la-segunda-en-el-estado-este-ano\/#primaryimage"},"image":{"@id":"https:\/\/www.sonoraenequipo.com.mx\/muere-ballena-tras-encallar-en-playa-de-sinaloa-es-la-segunda-en-el-estado-este-ano\/#primaryimage"},"thumbnailUrl":"https:\/\/www.sonoraenequipo.com.mx\/storage\/2026\/03\/Muere-ballena-tras-encallar-en-playa-de-Sinaloa.jpg","datePublished":"2026-03-11T14:15:30+00:00","dateModified":"2026-03-11T16:24:32+00:00","description":"MAZATL\u00c1N, SINALOA.MX. \u2014 . Una ballena muri\u00f3 horas despu\u00e9s de que encall\u00f3 en las playas del poblado M\u00e1rmol, ubicado al norte de Culiac\u00e1n, inform\u00f3 Gustavo En Sonora en Equipo publicamos toda la informaci\u00f3n de Sonora, M\u00e9xico y el Mundo de manera oportuna y busca que la libertad de expresi\u00f3n sea real. Visita nuestro medio informativo publicado desde Hermosillo, Sonora. %","breadcrumb":{"@id":"https:\/\/www.sonoraenequipo.com.mx\/muere-ballena-tras-encallar-en-playa-de-sinaloa-es-la-segunda-en-el-estado-este-ano\/#breadcrumb"},"inLanguage":"es","potentialAction":[{"@type":"ReadAction","target":["https:\/\/www.sonoraenequipo.com.mx\/muere-ballena-tras-encallar-en-playa-de-sinaloa-es-la-segunda-en-el-estado-este-ano\/"]}]},{"@type":"ImageObject","inLanguage":"es","@id":"https:\/\/www.sonoraenequipo.com.mx\/muere-ballena-tras-encallar-en-playa-de-sinaloa-es-la-segunda-en-el-estado-este-ano\/#primaryimage","url":"https:\/\/www.sonoraenequipo.com.mx\/storage\/2026\/03\/Muere-ballena-tras-encallar-en-playa-de-Sinaloa.jpg","contentUrl":"https:\/\/www.sonoraenequipo.com.mx\/storage\/2026\/03\/Muere-ballena-tras-encallar-en-playa-de-Sinaloa.jpg","width":1200,"height":560},{"@type":"BreadcrumbList","@id":"https:\/\/www.sonoraenequipo.com.mx\/muere-ballena-tras-encallar-en-playa-de-sinaloa-es-la-segunda-en-el-estado-este-ano\/#breadcrumb","itemListElement":[{"@type":"ListItem","position":1,"name":"Portada","item":"https:\/\/www.sonoraenequipo.com.mx\/"},{"@type":"ListItem","position":2,"name":"Muere ballena tras encallar en playa de Sinaloa; es la segunda en el estado este a\u00f1o"}]},{"@type":"WebSite","@id":"https:\/\/www.sonoraenequipo.com.mx\/#website","url":"https:\/\/www.sonoraenequipo.com.mx\/","name":"Sonora en Equipo.","description":"Diario en l\u00ednea con Noticias desde Hermosillo, Sonora","publisher":{"@id":"https:\/\/www.sonoraenequipo.com.mx\/#organization"},"potentialAction":[{"@type":"SearchAction","target":{"@type":"EntryPoint","urlTemplate":"https:\/\/www.sonoraenequipo.com.mx\/?s={search_term_string}"},"query-input":{"@type":"PropertyValueSpecification","valueRequired":true,"valueName":"search_term_string"}}],"inLanguage":"es"},{"@type":"Organization","@id":"https:\/\/www.sonoraenequipo.com.mx\/#organization","name":"Sonoraenequipo.com.mx","url":"https:\/\/www.sonoraenequipo.com.mx\/","logo":{"@type":"ImageObject","inLanguage":"es","@id":"https:\/\/www.sonoraenequipo.com.mx\/#\/schema\/logo\/image\/","url":"https:\/\/www.sonoraenequipo.com.mx\/storage\/2019\/01\/sonoraenequipo_opt.png","contentUrl":"https:\/\/www.sonoraenequipo.com.mx\/storage\/2019\/01\/sonoraenequipo_opt.png","width":375,"height":125,"caption":"Sonoraenequipo.com.mx"},"image":{"@id":"https:\/\/www.sonoraenequipo.com.mx\/#\/schema\/logo\/image\/"},"sameAs":["https:\/\/www.facebook.com\/SonoraEE\/","https:\/\/x.com\/sonoraenequipo","https:\/\/www.youtube.com\/channel\/UC338nW-lPEYmJQs4ZABQ1SQ"]},{"@type":"Person","@id":"https:\/\/www.sonoraenequipo.com.mx\/#\/schema\/person\/50102df0fb23a8fa9e8effad8fa81386","name":"enequipo","image":{"@type":"ImageObject","inLanguage":"es","@id":"https:\/\/www.sonoraenequipo.com.mx\/#\/schema\/person\/image\/","url":"https:\/\/secure.gravatar.com\/avatar\/049821681b589dabc0bc20695993ccebb09f5b5d4d790cd9251b97faac7c652b?s=96&d=blank&r=g","contentUrl":"https:\/\/secure.gravatar.com\/avatar\/049821681b589dabc0bc20695993ccebb09f5b5d4d790cd9251b97faac7c652b?s=96&d=blank&r=g","caption":"enequipo"},"sameAs":["https:\/\/www.facebook.com\/SonoraEE"]}]}},"jetpack_featured_media_url":"https:\/\/www.sonoraenequipo.com.mx\/storage\/2026\/03\/Muere-ballena-tras-encallar-en-playa-de-Sinaloa.jpg","_links":{"self":[{"href":"https:\/\/www.sonoraenequipo.com.mx\/api\/wp\/v2\/posts\/237130","targetHints":{"allow":["GET"]}}],"collection":[{"href":"https:\/\/www.sonoraenequipo.com.mx\/api\/wp\/v2\/posts"}],"about":[{"href":"https:\/\/www.sonoraenequipo.com.mx\/api\/wp\/v2\/types\/post"}],"author":[{"embeddable":true,"href":"https:\/\/www.sonoraenequipo.com.mx\/api\/wp\/v2\/users\/1"}],"replies":[{"embeddable":true,"href":"https:\/\/www.sonoraenequipo.com.mx\/api\/wp\/v2\/comments?post=237130"}],"version-history":[{"count":1,"href":"https:\/\/www.sonoraenequipo.com.mx\/api\/wp\/v2\/posts\/237130\/revisions"}],"predecessor-version":[{"id":237134,"href":"https:\/\/www.sonoraenequipo.com.mx\/api\/wp\/v2\/posts\/237130\/revisions\/237134"}],"wp:featuredmedia":[{"embeddable":true,"href":"https:\/\/www.sonoraenequipo.com.mx\/api\/wp\/v2\/media\/237131"}],"wp:attachment":[{"href":"https:\/\/www.sonoraenequipo.com.mx\/api\/wp\/v2\/media?parent=237130"}],"wp:term":[{"taxonomy":"category","embeddable":true,"href":"https:\/\/www.sonoraenequipo.com.mx\/api\/wp\/v2\/categories?post=237130"},{"taxonomy":"post_tag","embeddable":true,"href":"https:\/\/www.sonoraenequipo.com.mx\/api\/wp\/v2\/tags?post=237130"}],"curies":[{"name":"wp","href":"https:\/\/api.w.org\/{rel}","templated":true}]}}