{"id":237185,"date":"2026-03-10T09:23:20","date_gmt":"2026-03-10T16:23:20","guid":{"rendered":"https:\/\/www.sonoraenequipo.com.mx\/?p=237185"},"modified":"2026-03-11T17:38:27","modified_gmt":"2026-03-12T00:38:27","slug":"claudia-sheinbaum-recibe-a-cien-empresas-nordicas-para-fortalecer-la-inversion-extranjera","status":"publish","type":"post","link":"https:\/\/www.sonoraenequipo.com.mx\/claudia-sheinbaum-recibe-a-cien-empresas-nordicas-para-fortalecer-la-inversion-extranjera\/","title":{"rendered":"Claudia Sheinbaum recibe a cien empresas n\u00f3rdicas para fortalecer la inversi\u00f3n extranjera"},"content":{"rendered":"<p><strong>CIUDAD DE M\u00c9XICO. MX. \u2014<\/strong> La presidenta Claudia Sheinbaum recibi\u00f3 en Palacio Nacional a una delegaci\u00f3n integrada por empresarios de Dinamarca, Finlandia, Noruega y Suecia, con el objetivo de fortalecer los lazos comerciales y atraer capital estrat\u00e9gico al pa\u00eds.<\/p>\n<p>&nbsp;<\/p>\n<p>&nbsp;<\/p>\n<p> <\/p>\n<p>Este conglomerado de 100 empresas, incluidas ABB, Aker, AstraZeneca, Ericsson, Lego, Maersk, Nokia, Novo Nordisk, Vestas y Volvo, opera en sectores clave como la manufactura, telecomunicaciones y biotecnolog\u00eda.<\/p>\n<p>&nbsp;<\/p>\n<p>&nbsp;<\/p>\n<p>El ecosistema Wallenberg gestiona ingresos que superan los 385 mil millones de d\u00f3lares y emplea a 1.5 millones de personas a nivel global.<\/p>\n<p>&nbsp;<\/p>\n<p>&nbsp;<\/p>\n<p>La visita representa una misi\u00f3n comercial sin precedentes, siendo la primera vez que un bloque n\u00f3rdico de este tama\u00f1o realiza una gira de inversi\u00f3n de este tipo en M\u00e9xico.<\/p>\n<p>&nbsp;<\/p>\n<p>&nbsp;<\/p>\n<p>Durante la reuni\u00f3n, moderada por el canciller Juan Ram\u00f3n de la Fuente, la mandataria federal reiter\u00f3 que M\u00e9xico ofrece condiciones \u00f3ptimas y seguridad jur\u00eddica para el capital extranjero. Sheinbaum atendi\u00f3 personalmente las dudas de los inversionistas sobre temas estrat\u00e9gicos como la soberan\u00eda energ\u00e9tica, la industria farmac\u00e9utica, el desarrollo agroindustrial y el despliegue de nuevas tecnolog\u00edas en telecomunicaciones.<\/p>\n<p>&nbsp;<\/p>\n<p>&nbsp;<\/p>\n<p>Por su parte, Marcus Wallenberg, presidente de SEB, destac\u00f3 que ya se han formalizado diversas inversiones alineadas con el Plan M\u00e9xico, subrayando la confianza del grupo en la estabilidad econ\u00f3mica nacional. El l\u00edder empresarial reafirm\u00f3 el compromiso de las compa\u00f1\u00edas n\u00f3rdicas para mantener y expandir su presencia en territorio mexicano bajo una visi\u00f3n de desarrollo a largo plazo.<\/p>\n<p>&nbsp;<\/p>\n<p>&nbsp;<\/p>\n<p>&nbsp;<\/p>\n<p>PUBLICADO EL 11 DE MARZO 2026 Con informaci\u00f3n de GOBIERNO DE M\u00c9XICO)<\/p>\n","protected":false},"excerpt":{"rendered":"<p>CIUDAD DE M\u00c9XICO. MX. \u2014 La presidenta Claudia Sheinbaum recibi\u00f3 en Palacio Nacional a una&#8230;<\/p>\n","protected":false},"author":1,"featured_media":237186,"comment_status":"open","ping_status":"open","sticky":false,"template":"","format":"standard","meta":{"_monsterinsights_skip_tracking":false,"_monsterinsights_sitenote_active":false,"_monsterinsights_sitenote_note":"","_monsterinsights_sitenote_category":0,"footnotes":""},"categories":[5],"tags":[],"class_list":["post"],"yoast_head":" \n<title>Sonora en Equipo. Claudia Sheinbaum recibe a cien empresas n\u00f3rdicas para fortalecer la inversi\u00f3n extranjera Rep\u00fablica<\/title>\n<meta name=\"description\" content=\"CIUDAD DE M\u00c9XICO. MX. \u2014 La presidenta Claudia Sheinbaum recibi\u00f3 en Palacio Nacional a una delegaci\u00f3n integrada por empresarios de Dinamarca, Finlandia, En Sonora en Equipo publicamos toda la informaci\u00f3n de Sonora, M\u00e9xico y el Mundo de manera oportuna y busca que la libertad de expresi\u00f3n sea real. Visita nuestro medio informativo publicado desde Hermosillo, Sonora. %\" \/>\n<meta name=\"robots\" content=\"index, follow, max-snippet:-1, max-image-preview:large, max-video-preview:-1\" \/>\n<link rel=\"canonical\" href=\"https:\/\/www.sonoraenequipo.com.mx\/claudia-sheinbaum-recibe-a-cien-empresas-nordicas-para-fortalecer-la-inversion-extranjera\/\" \/>\n<meta property=\"og:locale\" content=\"es_ES\" \/>\n<meta property=\"og:type\" content=\"article\" \/>\n<meta property=\"og:title\" content=\"Sonora en Equipo. Claudia Sheinbaum recibe a cien empresas n\u00f3rdicas para fortalecer la inversi\u00f3n extranjera Rep\u00fablica\" \/>\n<meta property=\"og:description\" content=\"CIUDAD DE M\u00c9XICO. MX. \u2014 La presidenta Claudia Sheinbaum recibi\u00f3 en Palacio Nacional a una delegaci\u00f3n integrada por empresarios de Dinamarca, Finlandia, En Sonora en Equipo publicamos toda la informaci\u00f3n de Sonora, M\u00e9xico y el Mundo de manera oportuna y busca que la libertad de expresi\u00f3n sea real. Visita nuestro medio informativo publicado desde Hermosillo, Sonora. %\" \/>\n<meta property=\"og:url\" content=\"https:\/\/www.sonoraenequipo.com.mx\/claudia-sheinbaum-recibe-a-cien-empresas-nordicas-para-fortalecer-la-inversion-extranjera\/\" \/>\n<meta property=\"og:site_name\" content=\"Sonora en Equipo.\" \/>\n<meta property=\"article:publisher\" content=\"https:\/\/www.facebook.com\/SonoraEE\/\" \/>\n<meta property=\"article:author\" content=\"https:\/\/www.facebook.com\/SonoraEE\" \/>\n<meta property=\"article:published_time\" content=\"2026-03-10T16:23:20+00:00\" \/>\n<meta property=\"article:modified_time\" content=\"2026-03-12T00:38:27+00:00\" \/>\n<meta property=\"og:image\" content=\"https:\/\/www.sonoraenequipo.com.mx\/storage\/2026\/03\/representacion-nordica-para-invertir-en-Mexico-1.jpg\" \/>\n\t<meta property=\"og:image:width\" content=\"988\" \/>\n\t<meta property=\"og:image:height\" content=\"555\" \/>\n\t<meta property=\"og:image:type\" content=\"image\/jpeg\" \/>\n<meta name=\"author\" content=\"enequipo\" \/>\n<meta name=\"twitter:card\" content=\"summary_large_image\" \/>\n<meta name=\"twitter:creator\" content=\"@sonoraenequipo\" \/>\n<meta name=\"twitter:site\" content=\"@sonoraenequipo\" \/>\n<meta name=\"twitter:label1\" content=\"Escrito por\" \/>\n\t<meta name=\"twitter:data1\" content=\"enequipo\" \/>\n\t<meta name=\"twitter:label2\" content=\"Tiempo de lectura\" \/>\n\t<meta name=\"twitter:data2\" content=\"1 minuto\" \/>\n<script type=\"application\/ld+json\" class=\"yoast-schema-graph\">{\"@context\":\"https:\/\/schema.org\",\"@graph\":[{\"@type\":\"Article\",\"@id\":\"https:\/\/www.sonoraenequipo.com.mx\/claudia-sheinbaum-recibe-a-cien-empresas-nordicas-para-fortalecer-la-inversion-extranjera\/#article\",\"isPartOf\":{\"@id\":\"https:\/\/www.sonoraenequipo.com.mx\/claudia-sheinbaum-recibe-a-cien-empresas-nordicas-para-fortalecer-la-inversion-extranjera\/\"},\"author\":{\"name\":\"enequipo\",\"@id\":\"https:\/\/www.sonoraenequipo.com.mx\/#\/schema\/person\/50102df0fb23a8fa9e8effad8fa81386\"},\"headline\":\"Claudia Sheinbaum recibe a cien empresas n\u00f3rdicas para fortalecer la inversi\u00f3n extranjera\",\"datePublished\":\"2026-03-10T16:23:20+00:00\",\"dateModified\":\"2026-03-12T00:38:27+00:00\",\"mainEntityOfPage\":{\"@id\":\"https:\/\/www.sonoraenequipo.com.mx\/claudia-sheinbaum-recibe-a-cien-empresas-nordicas-para-fortalecer-la-inversion-extranjera\/\"},\"wordCount\":295,\"commentCount\":0,\"publisher\":{\"@id\":\"https:\/\/www.sonoraenequipo.com.mx\/#organization\"},\"image\":{\"@id\":\"https:\/\/www.sonoraenequipo.com.mx\/claudia-sheinbaum-recibe-a-cien-empresas-nordicas-para-fortalecer-la-inversion-extranjera\/#primaryimage\"},\"thumbnailUrl\":\"https:\/\/www.sonoraenequipo.com.mx\/storage\/2026\/03\/representacion-nordica-para-invertir-en-Mexico-1.jpg\",\"articleSection\":[\"Rep\u00fablica\"],\"inLanguage\":\"es\",\"potentialAction\":[{\"@type\":\"CommentAction\",\"name\":\"Comment\",\"target\":[\"https:\/\/www.sonoraenequipo.com.mx\/claudia-sheinbaum-recibe-a-cien-empresas-nordicas-para-fortalecer-la-inversion-extranjera\/#respond\"]}]},{\"@type\":\"WebPage\",\"@id\":\"https:\/\/www.sonoraenequipo.com.mx\/claudia-sheinbaum-recibe-a-cien-empresas-nordicas-para-fortalecer-la-inversion-extranjera\/\",\"url\":\"https:\/\/www.sonoraenequipo.com.mx\/claudia-sheinbaum-recibe-a-cien-empresas-nordicas-para-fortalecer-la-inversion-extranjera\/\",\"name\":\"Sonora en Equipo. Claudia Sheinbaum recibe a cien empresas n\u00f3rdicas para fortalecer la inversi\u00f3n extranjera Rep\u00fablica\",\"isPartOf\":{\"@id\":\"https:\/\/www.sonoraenequipo.com.mx\/#website\"},\"primaryImageOfPage\":{\"@id\":\"https:\/\/www.sonoraenequipo.com.mx\/claudia-sheinbaum-recibe-a-cien-empresas-nordicas-para-fortalecer-la-inversion-extranjera\/#primaryimage\"},\"image\":{\"@id\":\"https:\/\/www.sonoraenequipo.com.mx\/claudia-sheinbaum-recibe-a-cien-empresas-nordicas-para-fortalecer-la-inversion-extranjera\/#primaryimage\"},\"thumbnailUrl\":\"https:\/\/www.sonoraenequipo.com.mx\/storage\/2026\/03\/representacion-nordica-para-invertir-en-Mexico-1.jpg\",\"datePublished\":\"2026-03-10T16:23:20+00:00\",\"dateModified\":\"2026-03-12T00:38:27+00:00\",\"description\":\"CIUDAD DE M\u00c9XICO. MX. \u2014 La presidenta Claudia Sheinbaum recibi\u00f3 en Palacio Nacional a una delegaci\u00f3n integrada por empresarios de Dinamarca, Finlandia, En Sonora en Equipo publicamos toda la informaci\u00f3n de Sonora, M\u00e9xico y el Mundo de manera oportuna y busca que la libertad de expresi\u00f3n sea real. Visita nuestro medio informativo publicado desde Hermosillo, Sonora. %\",\"breadcrumb\":{\"@id\":\"https:\/\/www.sonoraenequipo.com.mx\/claudia-sheinbaum-recibe-a-cien-empresas-nordicas-para-fortalecer-la-inversion-extranjera\/#breadcrumb\"},\"inLanguage\":\"es\",\"potentialAction\":[{\"@type\":\"ReadAction\",\"target\":[\"https:\/\/www.sonoraenequipo.com.mx\/claudia-sheinbaum-recibe-a-cien-empresas-nordicas-para-fortalecer-la-inversion-extranjera\/\"]}]},{\"@type\":\"ImageObject\",\"inLanguage\":\"es\",\"@id\":\"https:\/\/www.sonoraenequipo.com.mx\/claudia-sheinbaum-recibe-a-cien-empresas-nordicas-para-fortalecer-la-inversion-extranjera\/#primaryimage\",\"url\":\"https:\/\/www.sonoraenequipo.com.mx\/storage\/2026\/03\/representacion-nordica-para-invertir-en-Mexico-1.jpg\",\"contentUrl\":\"https:\/\/www.sonoraenequipo.com.mx\/storage\/2026\/03\/representacion-nordica-para-invertir-en-Mexico-1.jpg\",\"width\":988,\"height\":555},{\"@type\":\"BreadcrumbList\",\"@id\":\"https:\/\/www.sonoraenequipo.com.mx\/claudia-sheinbaum-recibe-a-cien-empresas-nordicas-para-fortalecer-la-inversion-extranjera\/#breadcrumb\",\"itemListElement\":[{\"@type\":\"ListItem\",\"position\":1,\"name\":\"Portada\",\"item\":\"https:\/\/www.sonoraenequipo.com.mx\/\"},{\"@type\":\"ListItem\",\"position\":2,\"name\":\"Claudia Sheinbaum recibe a cien empresas n\u00f3rdicas para fortalecer la inversi\u00f3n extranjera\"}]},{\"@type\":\"WebSite\",\"@id\":\"https:\/\/www.sonoraenequipo.com.mx\/#website\",\"url\":\"https:\/\/www.sonoraenequipo.com.mx\/\",\"name\":\"Sonora en Equipo.\",\"description\":\"Diario en l\u00ednea con Noticias desde Hermosillo, Sonora\",\"publisher\":{\"@id\":\"https:\/\/www.sonoraenequipo.com.mx\/#organization\"},\"potentialAction\":[{\"@type\":\"SearchAction\",\"target\":{\"@type\":\"EntryPoint\",\"urlTemplate\":\"https:\/\/www.sonoraenequipo.com.mx\/?s={search_term_string}\"},\"query-input\":{\"@type\":\"PropertyValueSpecification\",\"valueRequired\":true,\"valueName\":\"search_term_string\"}}],\"inLanguage\":\"es\"},{\"@type\":\"Organization\",\"@id\":\"https:\/\/www.sonoraenequipo.com.mx\/#organization\",\"name\":\"Sonoraenequipo.com.mx\",\"url\":\"https:\/\/www.sonoraenequipo.com.mx\/\",\"logo\":{\"@type\":\"ImageObject\",\"inLanguage\":\"es\",\"@id\":\"https:\/\/www.sonoraenequipo.com.mx\/#\/schema\/logo\/image\/\",\"url\":\"https:\/\/www.sonoraenequipo.com.mx\/storage\/2019\/01\/sonoraenequipo_opt.png\",\"contentUrl\":\"https:\/\/www.sonoraenequipo.com.mx\/storage\/2019\/01\/sonoraenequipo_opt.png\",\"width\":375,\"height\":125,\"caption\":\"Sonoraenequipo.com.mx\"},\"image\":{\"@id\":\"https:\/\/www.sonoraenequipo.com.mx\/#\/schema\/logo\/image\/\"},\"sameAs\":[\"https:\/\/www.facebook.com\/SonoraEE\/\",\"https:\/\/x.com\/sonoraenequipo\",\"https:\/\/www.youtube.com\/channel\/UC338nW-lPEYmJQs4ZABQ1SQ\"]},{\"@type\":\"Person\",\"@id\":\"https:\/\/www.sonoraenequipo.com.mx\/#\/schema\/person\/50102df0fb23a8fa9e8effad8fa81386\",\"name\":\"enequipo\",\"image\":{\"@type\":\"ImageObject\",\"inLanguage\":\"es\",\"@id\":\"https:\/\/www.sonoraenequipo.com.mx\/#\/schema\/person\/image\/\",\"url\":\"https:\/\/secure.gravatar.com\/avatar\/049821681b589dabc0bc20695993ccebb09f5b5d4d790cd9251b97faac7c652b?s=96&d=blank&r=g\",\"contentUrl\":\"https:\/\/secure.gravatar.com\/avatar\/049821681b589dabc0bc20695993ccebb09f5b5d4d790cd9251b97faac7c652b?s=96&d=blank&r=g\",\"caption\":\"enequipo\"},\"sameAs\":[\"https:\/\/www.facebook.com\/SonoraEE\"]}]}<\/script>\n ","yoast_head_json":{"title":"Sonora en Equipo. Claudia Sheinbaum recibe a cien empresas n\u00f3rdicas para fortalecer la inversi\u00f3n extranjera Rep\u00fablica","description":"CIUDAD DE M\u00c9XICO. MX. \u2014 La presidenta Claudia Sheinbaum recibi\u00f3 en Palacio Nacional a una delegaci\u00f3n integrada por empresarios de Dinamarca, Finlandia, En Sonora en Equipo publicamos toda la informaci\u00f3n de Sonora, M\u00e9xico y el Mundo de manera oportuna y busca que la libertad de expresi\u00f3n sea real. Visita nuestro medio informativo publicado desde Hermosillo, Sonora. %","robots":{"index":"index","follow":"follow","max-snippet":"max-snippet:-1","max-image-preview":"max-image-preview:large","max-video-preview":"max-video-preview:-1"},"canonical":"https:\/\/www.sonoraenequipo.com.mx\/claudia-sheinbaum-recibe-a-cien-empresas-nordicas-para-fortalecer-la-inversion-extranjera\/","og_locale":"es_ES","og_type":"article","og_title":"Sonora en Equipo. Claudia Sheinbaum recibe a cien empresas n\u00f3rdicas para fortalecer la inversi\u00f3n extranjera Rep\u00fablica","og_description":"CIUDAD DE M\u00c9XICO. MX. \u2014 La presidenta Claudia Sheinbaum recibi\u00f3 en Palacio Nacional a una delegaci\u00f3n integrada por empresarios de Dinamarca, Finlandia, En Sonora en Equipo publicamos toda la informaci\u00f3n de Sonora, M\u00e9xico y el Mundo de manera oportuna y busca que la libertad de expresi\u00f3n sea real. Visita nuestro medio informativo publicado desde Hermosillo, Sonora. %","og_url":"https:\/\/www.sonoraenequipo.com.mx\/claudia-sheinbaum-recibe-a-cien-empresas-nordicas-para-fortalecer-la-inversion-extranjera\/","og_site_name":"Sonora en Equipo.","article_publisher":"https:\/\/www.facebook.com\/SonoraEE\/","article_author":"https:\/\/www.facebook.com\/SonoraEE","article_published_time":"2026-03-10T16:23:20+00:00","article_modified_time":"2026-03-12T00:38:27+00:00","og_image":[{"width":988,"height":555,"url":"https:\/\/www.sonoraenequipo.com.mx\/storage\/2026\/03\/representacion-nordica-para-invertir-en-Mexico-1.jpg","type":"image\/jpeg"}],"author":"enequipo","twitter_card":"summary_large_image","twitter_creator":"@sonoraenequipo","twitter_site":"@sonoraenequipo","twitter_misc":{"Escrito por":"enequipo","Tiempo de lectura":"1 minuto"},"schema":{"@context":"https:\/\/schema.org","@graph":[{"@type":"Article","@id":"https:\/\/www.sonoraenequipo.com.mx\/claudia-sheinbaum-recibe-a-cien-empresas-nordicas-para-fortalecer-la-inversion-extranjera\/#article","isPartOf":{"@id":"https:\/\/www.sonoraenequipo.com.mx\/claudia-sheinbaum-recibe-a-cien-empresas-nordicas-para-fortalecer-la-inversion-extranjera\/"},"author":{"name":"enequipo","@id":"https:\/\/www.sonoraenequipo.com.mx\/#\/schema\/person\/50102df0fb23a8fa9e8effad8fa81386"},"headline":"Claudia Sheinbaum recibe a cien empresas n\u00f3rdicas para fortalecer la inversi\u00f3n extranjera","datePublished":"2026-03-10T16:23:20+00:00","dateModified":"2026-03-12T00:38:27+00:00","mainEntityOfPage":{"@id":"https:\/\/www.sonoraenequipo.com.mx\/claudia-sheinbaum-recibe-a-cien-empresas-nordicas-para-fortalecer-la-inversion-extranjera\/"},"wordCount":295,"commentCount":0,"publisher":{"@id":"https:\/\/www.sonoraenequipo.com.mx\/#organization"},"image":{"@id":"https:\/\/www.sonoraenequipo.com.mx\/claudia-sheinbaum-recibe-a-cien-empresas-nordicas-para-fortalecer-la-inversion-extranjera\/#primaryimage"},"thumbnailUrl":"https:\/\/www.sonoraenequipo.com.mx\/storage\/2026\/03\/representacion-nordica-para-invertir-en-Mexico-1.jpg","articleSection":["Rep\u00fablica"],"inLanguage":"es","potentialAction":[{"@type":"CommentAction","name":"Comment","target":["https:\/\/www.sonoraenequipo.com.mx\/claudia-sheinbaum-recibe-a-cien-empresas-nordicas-para-fortalecer-la-inversion-extranjera\/#respond"]}]},{"@type":"WebPage","@id":"https:\/\/www.sonoraenequipo.com.mx\/claudia-sheinbaum-recibe-a-cien-empresas-nordicas-para-fortalecer-la-inversion-extranjera\/","url":"https:\/\/www.sonoraenequipo.com.mx\/claudia-sheinbaum-recibe-a-cien-empresas-nordicas-para-fortalecer-la-inversion-extranjera\/","name":"Sonora en Equipo. Claudia Sheinbaum recibe a cien empresas n\u00f3rdicas para fortalecer la inversi\u00f3n extranjera Rep\u00fablica","isPartOf":{"@id":"https:\/\/www.sonoraenequipo.com.mx\/#website"},"primaryImageOfPage":{"@id":"https:\/\/www.sonoraenequipo.com.mx\/claudia-sheinbaum-recibe-a-cien-empresas-nordicas-para-fortalecer-la-inversion-extranjera\/#primaryimage"},"image":{"@id":"https:\/\/www.sonoraenequipo.com.mx\/claudia-sheinbaum-recibe-a-cien-empresas-nordicas-para-fortalecer-la-inversion-extranjera\/#primaryimage"},"thumbnailUrl":"https:\/\/www.sonoraenequipo.com.mx\/storage\/2026\/03\/representacion-nordica-para-invertir-en-Mexico-1.jpg","datePublished":"2026-03-10T16:23:20+00:00","dateModified":"2026-03-12T00:38:27+00:00","description":"CIUDAD DE M\u00c9XICO. MX. \u2014 La presidenta Claudia Sheinbaum recibi\u00f3 en Palacio Nacional a una delegaci\u00f3n integrada por empresarios de Dinamarca, Finlandia, En Sonora en Equipo publicamos toda la informaci\u00f3n de Sonora, M\u00e9xico y el Mundo de manera oportuna y busca que la libertad de expresi\u00f3n sea real. Visita nuestro medio informativo publicado desde Hermosillo, Sonora. %","breadcrumb":{"@id":"https:\/\/www.sonoraenequipo.com.mx\/claudia-sheinbaum-recibe-a-cien-empresas-nordicas-para-fortalecer-la-inversion-extranjera\/#breadcrumb"},"inLanguage":"es","potentialAction":[{"@type":"ReadAction","target":["https:\/\/www.sonoraenequipo.com.mx\/claudia-sheinbaum-recibe-a-cien-empresas-nordicas-para-fortalecer-la-inversion-extranjera\/"]}]},{"@type":"ImageObject","inLanguage":"es","@id":"https:\/\/www.sonoraenequipo.com.mx\/claudia-sheinbaum-recibe-a-cien-empresas-nordicas-para-fortalecer-la-inversion-extranjera\/#primaryimage","url":"https:\/\/www.sonoraenequipo.com.mx\/storage\/2026\/03\/representacion-nordica-para-invertir-en-Mexico-1.jpg","contentUrl":"https:\/\/www.sonoraenequipo.com.mx\/storage\/2026\/03\/representacion-nordica-para-invertir-en-Mexico-1.jpg","width":988,"height":555},{"@type":"BreadcrumbList","@id":"https:\/\/www.sonoraenequipo.com.mx\/claudia-sheinbaum-recibe-a-cien-empresas-nordicas-para-fortalecer-la-inversion-extranjera\/#breadcrumb","itemListElement":[{"@type":"ListItem","position":1,"name":"Portada","item":"https:\/\/www.sonoraenequipo.com.mx\/"},{"@type":"ListItem","position":2,"name":"Claudia Sheinbaum recibe a cien empresas n\u00f3rdicas para fortalecer la inversi\u00f3n extranjera"}]},{"@type":"WebSite","@id":"https:\/\/www.sonoraenequipo.com.mx\/#website","url":"https:\/\/www.sonoraenequipo.com.mx\/","name":"Sonora en Equipo.","description":"Diario en l\u00ednea con Noticias desde Hermosillo, Sonora","publisher":{"@id":"https:\/\/www.sonoraenequipo.com.mx\/#organization"},"potentialAction":[{"@type":"SearchAction","target":{"@type":"EntryPoint","urlTemplate":"https:\/\/www.sonoraenequipo.com.mx\/?s={search_term_string}"},"query-input":{"@type":"PropertyValueSpecification","valueRequired":true,"valueName":"search_term_string"}}],"inLanguage":"es"},{"@type":"Organization","@id":"https:\/\/www.sonoraenequipo.com.mx\/#organization","name":"Sonoraenequipo.com.mx","url":"https:\/\/www.sonoraenequipo.com.mx\/","logo":{"@type":"ImageObject","inLanguage":"es","@id":"https:\/\/www.sonoraenequipo.com.mx\/#\/schema\/logo\/image\/","url":"https:\/\/www.sonoraenequipo.com.mx\/storage\/2019\/01\/sonoraenequipo_opt.png","contentUrl":"https:\/\/www.sonoraenequipo.com.mx\/storage\/2019\/01\/sonoraenequipo_opt.png","width":375,"height":125,"caption":"Sonoraenequipo.com.mx"},"image":{"@id":"https:\/\/www.sonoraenequipo.com.mx\/#\/schema\/logo\/image\/"},"sameAs":["https:\/\/www.facebook.com\/SonoraEE\/","https:\/\/x.com\/sonoraenequipo","https:\/\/www.youtube.com\/channel\/UC338nW-lPEYmJQs4ZABQ1SQ"]},{"@type":"Person","@id":"https:\/\/www.sonoraenequipo.com.mx\/#\/schema\/person\/50102df0fb23a8fa9e8effad8fa81386","name":"enequipo","image":{"@type":"ImageObject","inLanguage":"es","@id":"https:\/\/www.sonoraenequipo.com.mx\/#\/schema\/person\/image\/","url":"https:\/\/secure.gravatar.com\/avatar\/049821681b589dabc0bc20695993ccebb09f5b5d4d790cd9251b97faac7c652b?s=96&d=blank&r=g","contentUrl":"https:\/\/secure.gravatar.com\/avatar\/049821681b589dabc0bc20695993ccebb09f5b5d4d790cd9251b97faac7c652b?s=96&d=blank&r=g","caption":"enequipo"},"sameAs":["https:\/\/www.facebook.com\/SonoraEE"]}]}},"jetpack_featured_media_url":"https:\/\/www.sonoraenequipo.com.mx\/storage\/2026\/03\/representacion-nordica-para-invertir-en-Mexico-1.jpg","_links":{"self":[{"href":"https:\/\/www.sonoraenequipo.com.mx\/api\/wp\/v2\/posts\/237185","targetHints":{"allow":["GET"]}}],"collection":[{"href":"https:\/\/www.sonoraenequipo.com.mx\/api\/wp\/v2\/posts"}],"about":[{"href":"https:\/\/www.sonoraenequipo.com.mx\/api\/wp\/v2\/types\/post"}],"author":[{"embeddable":true,"href":"https:\/\/www.sonoraenequipo.com.mx\/api\/wp\/v2\/users\/1"}],"replies":[{"embeddable":true,"href":"https:\/\/www.sonoraenequipo.com.mx\/api\/wp\/v2\/comments?post=237185"}],"version-history":[{"count":1,"href":"https:\/\/www.sonoraenequipo.com.mx\/api\/wp\/v2\/posts\/237185\/revisions"}],"predecessor-version":[{"id":237187,"href":"https:\/\/www.sonoraenequipo.com.mx\/api\/wp\/v2\/posts\/237185\/revisions\/237187"}],"wp:featuredmedia":[{"embeddable":true,"href":"https:\/\/www.sonoraenequipo.com.mx\/api\/wp\/v2\/media\/237186"}],"wp:attachment":[{"href":"https:\/\/www.sonoraenequipo.com.mx\/api\/wp\/v2\/media?parent=237185"}],"wp:term":[{"taxonomy":"category","embeddable":true,"href":"https:\/\/www.sonoraenequipo.com.mx\/api\/wp\/v2\/categories?post=237185"},{"taxonomy":"post_tag","embeddable":true,"href":"https:\/\/www.sonoraenequipo.com.mx\/api\/wp\/v2\/tags?post=237185"}],"curies":[{"name":"wp","href":"https:\/\/api.w.org\/{rel}","templated":true}]}}