{"id":237214,"date":"2026-03-11T23:19:16","date_gmt":"2026-03-12T06:19:16","guid":{"rendered":"https:\/\/www.sonoraenequipo.com.mx\/?p=237214"},"modified":"2026-03-12T11:31:38","modified_gmt":"2026-03-12T18:31:38","slug":"gobierno-y-gasolineros-pactan-sostener-la-magna-en-24-pesos-por-seis-meses-mas","status":"publish","type":"post","link":"https:\/\/www.sonoraenequipo.com.mx\/gobierno-y-gasolineros-pactan-sostener-la-magna-en-24-pesos-por-seis-meses-mas\/","title":{"rendered":"Gobierno y gasolineros pactan sostener la Magna en 24 pesos por seis meses m\u00e1s"},"content":{"rendered":"<p><strong>CIUDAD DE M\u00c9XICO. MX. \u2014<\/strong> Luego de un a\u00f1o de su implementaci\u00f3n, el Gobierno de M\u00e9xico y empresarios gasolineros acordaron renovar por seis meses m\u00e1s el convenio voluntario que establece en 24 pesos el precio m\u00e1ximo de la gasolina magna en el pa\u00eds.<\/p>\n<p>&nbsp;<\/p>\n<p>&nbsp;<\/p>\n<p> <br \/>\nEn entrevista al salir de una reuni\u00f3n privada en Palacio Nacional, el director general de Petr\u00f3leos Mexicanos (Pemex), V\u00edctor Rodr\u00edguez Padilla, aclar\u00f3 que el mecanismo no implica subsidios gubernamentales, sino un acuerdo alcanzado con el sector empresarial para estabilizar el precio del combustible de mayor consumo.<\/p>\n<p>&nbsp;<\/p>\n<p>&nbsp;<\/p>\n<p><em><strong>\u00abIgual, se renueva continuamente (para la magna)\u00bb,<\/strong> <\/em>se\u00f1al\u00f3 al ser cuestionado sobre el tope del precio.<\/p>\n<p>&nbsp;<\/p>\n<p>&nbsp;<\/p>\n<p>El funcionario enfatiz\u00f3 que el gobierno federal no est\u00e1 otorgando apoyos econ\u00f3micos directos para sostener el costo del combustible.<\/p>\n<p>&nbsp;<\/p>\n<p><em><strong>\u00abNo son subsidios, no hay subsidios impl\u00edcitos en la gasolina\u00bb,<\/strong><\/em> afirm\u00f3.<\/p>\n<p>&nbsp;<\/p>\n<p>&nbsp;<\/p>\n<p>Rodr\u00edguez Padilla explic\u00f3 que el acuerdo \u00fanicamente aplica para la gasolina magna debido a que concentra la mayor parte de las ventas nacionales, mientras que establecer un l\u00edmite para la gasolina premium \u2014conocida como roja\u2014 no se contempla por ahora.<\/p>\n<p>&nbsp;<\/p>\n<p><em><strong>\u00abPorque es muy chiquito el mercado adem\u00e1s el tipo del consumo son muy distintos\u00bb,<\/strong> <\/em>indic\u00f3.<\/p>\n<p>&nbsp;<\/p>\n<p>Sobre la posibilidad de dise\u00f1ar medidas adicionales ante eventuales impactos internacionales, como tensiones en Medio Oriente que pudieran afectar los precios energ\u00e9ticos, se\u00f1al\u00f3 que podr\u00edan analizarse ajustes en el dise\u00f1o de pol\u00edticas, aunque no directamente sobre el precio del combustible.<\/p>\n<p>&nbsp;<\/p>\n<p>&nbsp;<\/p>\n<p><em><strong>\u00abSe podr\u00eda hacer, sobre el dise\u00f1o, pero no sobre la gasolina. Como ustedes saben la mayor cantidad de ventas es la magna\u00bb,<\/strong><\/em> agreg\u00f3.<\/p>\n<p>&nbsp;<\/p>\n<p>&nbsp;<\/p>\n<p>El acuerdo fue firmado originalmente el 15 de febrero de 2025 por la presidenta Claudia Sheinbaum, quien lo calific\u00f3 como un convenio hist\u00f3rico para proteger la econom\u00eda familiar mediante un precio m\u00e1ximo voluntario de 24 pesos por litro.<\/p>\n<p>&nbsp;<\/p>\n<p>&nbsp;<\/p>\n<p>Desde entonces, el mecanismo se revisa peri\u00f3dicamente cada seis meses para evaluar su continuidad y posibles ajustes, con la participaci\u00f3n voluntaria de empresas gasolineras y autoridades del sector energ\u00e9tico.<\/p>\n<p>&nbsp;<\/p>\n<blockquote class=\"twitter-tweet\" data-width=\"550\" data-dnt=\"true\">\n<p lang=\"es\" dir=\"ltr\">Mientras en el mundo sube el precio de la gasolina, en M\u00e9xico protegemos la econom\u00eda de las familias, a trav\u00e9s de la renovaci\u00f3n del acuerdo voluntario con el 96% de las estaciones de servicio para que la gasolina regular se mantenga en menos de 24 pesos por litro. <a href=\"https:\/\/t.co\/yG33VI6yOX\">pic.twitter.com\/yG33VI6yOX<\/a><\/p>\n<p>&mdash; Claudia Sheinbaum Pardo (@Claudiashein) <a href=\"https:\/\/twitter.com\/Claudiashein\/status\/2031815538813649078?ref_src=twsrc%5Etfw\">March 11, 2026<\/a><\/p><\/blockquote>\n<p><script async src=\"https:\/\/platform.twitter.com\/widgets.js\" charset=\"utf-8\"><\/script><\/p>\n<p>&nbsp;<\/p>\n<p>&nbsp;<\/p>\n<p>PUBLICADO EL 11 DE MARZO 2026 Con informaci\u00f3n de GOBIERNO DE M\u00c9XICO)<\/p>\n","protected":false},"excerpt":{"rendered":"<p>CIUDAD DE M\u00c9XICO. MX. \u2014 Luego de un a\u00f1o de su implementaci\u00f3n, el Gobierno de&#8230;<\/p>\n","protected":false},"author":1,"featured_media":237215,"comment_status":"open","ping_status":"open","sticky":false,"template":"","format":"standard","meta":{"_monsterinsights_skip_tracking":false,"_monsterinsights_sitenote_active":false,"_monsterinsights_sitenote_note":"","_monsterinsights_sitenote_category":0,"footnotes":""},"categories":[5],"tags":[],"class_list":["post"],"yoast_head":" \n<title>Sonora en Equipo. Gobierno y gasolineros pactan sostener la Magna en 24 pesos por seis meses m\u00e1s Rep\u00fablica<\/title>\n<meta name=\"description\" content=\"CIUDAD DE M\u00c9XICO. MX. \u2014 Luego de un a\u00f1o de su implementaci\u00f3n, el Gobierno de M\u00e9xico y empresarios gasolineros acordaron renovar por seis meses m\u00e1s el En Sonora en Equipo publicamos toda la informaci\u00f3n de Sonora, M\u00e9xico y el Mundo de manera oportuna y busca que la libertad de expresi\u00f3n sea real. Visita nuestro medio informativo publicado desde Hermosillo, Sonora. %\" \/>\n<meta name=\"robots\" content=\"index, follow, max-snippet:-1, max-image-preview:large, max-video-preview:-1\" \/>\n<link rel=\"canonical\" href=\"https:\/\/www.sonoraenequipo.com.mx\/gobierno-y-gasolineros-pactan-sostener-la-magna-en-24-pesos-por-seis-meses-mas\/\" \/>\n<meta property=\"og:locale\" content=\"es_ES\" \/>\n<meta property=\"og:type\" content=\"article\" \/>\n<meta property=\"og:title\" content=\"Sonora en Equipo. Gobierno y gasolineros pactan sostener la Magna en 24 pesos por seis meses m\u00e1s Rep\u00fablica\" \/>\n<meta property=\"og:description\" content=\"CIUDAD DE M\u00c9XICO. MX. \u2014 Luego de un a\u00f1o de su implementaci\u00f3n, el Gobierno de M\u00e9xico y empresarios gasolineros acordaron renovar por seis meses m\u00e1s el En Sonora en Equipo publicamos toda la informaci\u00f3n de Sonora, M\u00e9xico y el Mundo de manera oportuna y busca que la libertad de expresi\u00f3n sea real. Visita nuestro medio informativo publicado desde Hermosillo, Sonora. %\" \/>\n<meta property=\"og:url\" content=\"https:\/\/www.sonoraenequipo.com.mx\/gobierno-y-gasolineros-pactan-sostener-la-magna-en-24-pesos-por-seis-meses-mas\/\" \/>\n<meta property=\"og:site_name\" content=\"Sonora en Equipo.\" \/>\n<meta property=\"article:publisher\" content=\"https:\/\/www.facebook.com\/SonoraEE\/\" \/>\n<meta property=\"article:author\" content=\"https:\/\/www.facebook.com\/SonoraEE\" \/>\n<meta property=\"article:published_time\" content=\"2026-03-12T06:19:16+00:00\" \/>\n<meta property=\"article:modified_time\" content=\"2026-03-12T18:31:38+00:00\" \/>\n<meta property=\"og:image\" content=\"https:\/\/www.sonoraenequipo.com.mx\/storage\/2026\/03\/acuerdo-con-gasolineros-1.jpg\" \/>\n\t<meta property=\"og:image:width\" content=\"1000\" \/>\n\t<meta property=\"og:image:height\" content=\"571\" \/>\n\t<meta property=\"og:image:type\" content=\"image\/jpeg\" \/>\n<meta name=\"author\" content=\"enequipo\" \/>\n<meta name=\"twitter:card\" content=\"summary_large_image\" \/>\n<meta name=\"twitter:creator\" content=\"@sonoraenequipo\" \/>\n<meta name=\"twitter:site\" content=\"@sonoraenequipo\" \/>\n<meta name=\"twitter:label1\" content=\"Escrito por\" \/>\n\t<meta name=\"twitter:data1\" content=\"enequipo\" \/>\n\t<meta name=\"twitter:label2\" content=\"Tiempo de lectura\" \/>\n\t<meta name=\"twitter:data2\" content=\"2 minutos\" \/>\n<script type=\"application\/ld+json\" class=\"yoast-schema-graph\">{\"@context\":\"https:\/\/schema.org\",\"@graph\":[{\"@type\":\"Article\",\"@id\":\"https:\/\/www.sonoraenequipo.com.mx\/gobierno-y-gasolineros-pactan-sostener-la-magna-en-24-pesos-por-seis-meses-mas\/#article\",\"isPartOf\":{\"@id\":\"https:\/\/www.sonoraenequipo.com.mx\/gobierno-y-gasolineros-pactan-sostener-la-magna-en-24-pesos-por-seis-meses-mas\/\"},\"author\":{\"name\":\"enequipo\",\"@id\":\"https:\/\/www.sonoraenequipo.com.mx\/#\/schema\/person\/50102df0fb23a8fa9e8effad8fa81386\"},\"headline\":\"Gobierno y gasolineros pactan sostener la Magna en 24 pesos por seis meses m\u00e1s\",\"datePublished\":\"2026-03-12T06:19:16+00:00\",\"dateModified\":\"2026-03-12T18:31:38+00:00\",\"mainEntityOfPage\":{\"@id\":\"https:\/\/www.sonoraenequipo.com.mx\/gobierno-y-gasolineros-pactan-sostener-la-magna-en-24-pesos-por-seis-meses-mas\/\"},\"wordCount\":397,\"commentCount\":0,\"publisher\":{\"@id\":\"https:\/\/www.sonoraenequipo.com.mx\/#organization\"},\"image\":{\"@id\":\"https:\/\/www.sonoraenequipo.com.mx\/gobierno-y-gasolineros-pactan-sostener-la-magna-en-24-pesos-por-seis-meses-mas\/#primaryimage\"},\"thumbnailUrl\":\"https:\/\/www.sonoraenequipo.com.mx\/storage\/2026\/03\/acuerdo-con-gasolineros-1.jpg\",\"articleSection\":[\"Rep\u00fablica\"],\"inLanguage\":\"es\",\"potentialAction\":[{\"@type\":\"CommentAction\",\"name\":\"Comment\",\"target\":[\"https:\/\/www.sonoraenequipo.com.mx\/gobierno-y-gasolineros-pactan-sostener-la-magna-en-24-pesos-por-seis-meses-mas\/#respond\"]}]},{\"@type\":\"WebPage\",\"@id\":\"https:\/\/www.sonoraenequipo.com.mx\/gobierno-y-gasolineros-pactan-sostener-la-magna-en-24-pesos-por-seis-meses-mas\/\",\"url\":\"https:\/\/www.sonoraenequipo.com.mx\/gobierno-y-gasolineros-pactan-sostener-la-magna-en-24-pesos-por-seis-meses-mas\/\",\"name\":\"Sonora en Equipo. Gobierno y gasolineros pactan sostener la Magna en 24 pesos por seis meses m\u00e1s Rep\u00fablica\",\"isPartOf\":{\"@id\":\"https:\/\/www.sonoraenequipo.com.mx\/#website\"},\"primaryImageOfPage\":{\"@id\":\"https:\/\/www.sonoraenequipo.com.mx\/gobierno-y-gasolineros-pactan-sostener-la-magna-en-24-pesos-por-seis-meses-mas\/#primaryimage\"},\"image\":{\"@id\":\"https:\/\/www.sonoraenequipo.com.mx\/gobierno-y-gasolineros-pactan-sostener-la-magna-en-24-pesos-por-seis-meses-mas\/#primaryimage\"},\"thumbnailUrl\":\"https:\/\/www.sonoraenequipo.com.mx\/storage\/2026\/03\/acuerdo-con-gasolineros-1.jpg\",\"datePublished\":\"2026-03-12T06:19:16+00:00\",\"dateModified\":\"2026-03-12T18:31:38+00:00\",\"description\":\"CIUDAD DE M\u00c9XICO. MX. \u2014 Luego de un a\u00f1o de su implementaci\u00f3n, el Gobierno de M\u00e9xico y empresarios gasolineros acordaron renovar por seis meses m\u00e1s el En Sonora en Equipo publicamos toda la informaci\u00f3n de Sonora, M\u00e9xico y el Mundo de manera oportuna y busca que la libertad de expresi\u00f3n sea real. Visita nuestro medio informativo publicado desde Hermosillo, Sonora. %\",\"breadcrumb\":{\"@id\":\"https:\/\/www.sonoraenequipo.com.mx\/gobierno-y-gasolineros-pactan-sostener-la-magna-en-24-pesos-por-seis-meses-mas\/#breadcrumb\"},\"inLanguage\":\"es\",\"potentialAction\":[{\"@type\":\"ReadAction\",\"target\":[\"https:\/\/www.sonoraenequipo.com.mx\/gobierno-y-gasolineros-pactan-sostener-la-magna-en-24-pesos-por-seis-meses-mas\/\"]}]},{\"@type\":\"ImageObject\",\"inLanguage\":\"es\",\"@id\":\"https:\/\/www.sonoraenequipo.com.mx\/gobierno-y-gasolineros-pactan-sostener-la-magna-en-24-pesos-por-seis-meses-mas\/#primaryimage\",\"url\":\"https:\/\/www.sonoraenequipo.com.mx\/storage\/2026\/03\/acuerdo-con-gasolineros-1.jpg\",\"contentUrl\":\"https:\/\/www.sonoraenequipo.com.mx\/storage\/2026\/03\/acuerdo-con-gasolineros-1.jpg\",\"width\":1000,\"height\":571},{\"@type\":\"BreadcrumbList\",\"@id\":\"https:\/\/www.sonoraenequipo.com.mx\/gobierno-y-gasolineros-pactan-sostener-la-magna-en-24-pesos-por-seis-meses-mas\/#breadcrumb\",\"itemListElement\":[{\"@type\":\"ListItem\",\"position\":1,\"name\":\"Portada\",\"item\":\"https:\/\/www.sonoraenequipo.com.mx\/\"},{\"@type\":\"ListItem\",\"position\":2,\"name\":\"Gobierno y gasolineros pactan sostener la Magna en 24 pesos por seis meses m\u00e1s\"}]},{\"@type\":\"WebSite\",\"@id\":\"https:\/\/www.sonoraenequipo.com.mx\/#website\",\"url\":\"https:\/\/www.sonoraenequipo.com.mx\/\",\"name\":\"Sonora en Equipo.\",\"description\":\"Diario en l\u00ednea con Noticias desde Hermosillo, Sonora\",\"publisher\":{\"@id\":\"https:\/\/www.sonoraenequipo.com.mx\/#organization\"},\"potentialAction\":[{\"@type\":\"SearchAction\",\"target\":{\"@type\":\"EntryPoint\",\"urlTemplate\":\"https:\/\/www.sonoraenequipo.com.mx\/?s={search_term_string}\"},\"query-input\":{\"@type\":\"PropertyValueSpecification\",\"valueRequired\":true,\"valueName\":\"search_term_string\"}}],\"inLanguage\":\"es\"},{\"@type\":\"Organization\",\"@id\":\"https:\/\/www.sonoraenequipo.com.mx\/#organization\",\"name\":\"Sonoraenequipo.com.mx\",\"url\":\"https:\/\/www.sonoraenequipo.com.mx\/\",\"logo\":{\"@type\":\"ImageObject\",\"inLanguage\":\"es\",\"@id\":\"https:\/\/www.sonoraenequipo.com.mx\/#\/schema\/logo\/image\/\",\"url\":\"https:\/\/www.sonoraenequipo.com.mx\/storage\/2019\/01\/sonoraenequipo_opt.png\",\"contentUrl\":\"https:\/\/www.sonoraenequipo.com.mx\/storage\/2019\/01\/sonoraenequipo_opt.png\",\"width\":375,\"height\":125,\"caption\":\"Sonoraenequipo.com.mx\"},\"image\":{\"@id\":\"https:\/\/www.sonoraenequipo.com.mx\/#\/schema\/logo\/image\/\"},\"sameAs\":[\"https:\/\/www.facebook.com\/SonoraEE\/\",\"https:\/\/x.com\/sonoraenequipo\",\"https:\/\/www.youtube.com\/channel\/UC338nW-lPEYmJQs4ZABQ1SQ\"]},{\"@type\":\"Person\",\"@id\":\"https:\/\/www.sonoraenequipo.com.mx\/#\/schema\/person\/50102df0fb23a8fa9e8effad8fa81386\",\"name\":\"enequipo\",\"image\":{\"@type\":\"ImageObject\",\"inLanguage\":\"es\",\"@id\":\"https:\/\/www.sonoraenequipo.com.mx\/#\/schema\/person\/image\/\",\"url\":\"https:\/\/secure.gravatar.com\/avatar\/049821681b589dabc0bc20695993ccebb09f5b5d4d790cd9251b97faac7c652b?s=96&d=blank&r=g\",\"contentUrl\":\"https:\/\/secure.gravatar.com\/avatar\/049821681b589dabc0bc20695993ccebb09f5b5d4d790cd9251b97faac7c652b?s=96&d=blank&r=g\",\"caption\":\"enequipo\"},\"sameAs\":[\"https:\/\/www.facebook.com\/SonoraEE\"]}]}<\/script>\n ","yoast_head_json":{"title":"Sonora en Equipo. Gobierno y gasolineros pactan sostener la Magna en 24 pesos por seis meses m\u00e1s Rep\u00fablica","description":"CIUDAD DE M\u00c9XICO. MX. \u2014 Luego de un a\u00f1o de su implementaci\u00f3n, el Gobierno de M\u00e9xico y empresarios gasolineros acordaron renovar por seis meses m\u00e1s el En Sonora en Equipo publicamos toda la informaci\u00f3n de Sonora, M\u00e9xico y el Mundo de manera oportuna y busca que la libertad de expresi\u00f3n sea real. Visita nuestro medio informativo publicado desde Hermosillo, Sonora. %","robots":{"index":"index","follow":"follow","max-snippet":"max-snippet:-1","max-image-preview":"max-image-preview:large","max-video-preview":"max-video-preview:-1"},"canonical":"https:\/\/www.sonoraenequipo.com.mx\/gobierno-y-gasolineros-pactan-sostener-la-magna-en-24-pesos-por-seis-meses-mas\/","og_locale":"es_ES","og_type":"article","og_title":"Sonora en Equipo. Gobierno y gasolineros pactan sostener la Magna en 24 pesos por seis meses m\u00e1s Rep\u00fablica","og_description":"CIUDAD DE M\u00c9XICO. MX. \u2014 Luego de un a\u00f1o de su implementaci\u00f3n, el Gobierno de M\u00e9xico y empresarios gasolineros acordaron renovar por seis meses m\u00e1s el En Sonora en Equipo publicamos toda la informaci\u00f3n de Sonora, M\u00e9xico y el Mundo de manera oportuna y busca que la libertad de expresi\u00f3n sea real. Visita nuestro medio informativo publicado desde Hermosillo, Sonora. %","og_url":"https:\/\/www.sonoraenequipo.com.mx\/gobierno-y-gasolineros-pactan-sostener-la-magna-en-24-pesos-por-seis-meses-mas\/","og_site_name":"Sonora en Equipo.","article_publisher":"https:\/\/www.facebook.com\/SonoraEE\/","article_author":"https:\/\/www.facebook.com\/SonoraEE","article_published_time":"2026-03-12T06:19:16+00:00","article_modified_time":"2026-03-12T18:31:38+00:00","og_image":[{"width":1000,"height":571,"url":"https:\/\/www.sonoraenequipo.com.mx\/storage\/2026\/03\/acuerdo-con-gasolineros-1.jpg","type":"image\/jpeg"}],"author":"enequipo","twitter_card":"summary_large_image","twitter_creator":"@sonoraenequipo","twitter_site":"@sonoraenequipo","twitter_misc":{"Escrito por":"enequipo","Tiempo de lectura":"2 minutos"},"schema":{"@context":"https:\/\/schema.org","@graph":[{"@type":"Article","@id":"https:\/\/www.sonoraenequipo.com.mx\/gobierno-y-gasolineros-pactan-sostener-la-magna-en-24-pesos-por-seis-meses-mas\/#article","isPartOf":{"@id":"https:\/\/www.sonoraenequipo.com.mx\/gobierno-y-gasolineros-pactan-sostener-la-magna-en-24-pesos-por-seis-meses-mas\/"},"author":{"name":"enequipo","@id":"https:\/\/www.sonoraenequipo.com.mx\/#\/schema\/person\/50102df0fb23a8fa9e8effad8fa81386"},"headline":"Gobierno y gasolineros pactan sostener la Magna en 24 pesos por seis meses m\u00e1s","datePublished":"2026-03-12T06:19:16+00:00","dateModified":"2026-03-12T18:31:38+00:00","mainEntityOfPage":{"@id":"https:\/\/www.sonoraenequipo.com.mx\/gobierno-y-gasolineros-pactan-sostener-la-magna-en-24-pesos-por-seis-meses-mas\/"},"wordCount":397,"commentCount":0,"publisher":{"@id":"https:\/\/www.sonoraenequipo.com.mx\/#organization"},"image":{"@id":"https:\/\/www.sonoraenequipo.com.mx\/gobierno-y-gasolineros-pactan-sostener-la-magna-en-24-pesos-por-seis-meses-mas\/#primaryimage"},"thumbnailUrl":"https:\/\/www.sonoraenequipo.com.mx\/storage\/2026\/03\/acuerdo-con-gasolineros-1.jpg","articleSection":["Rep\u00fablica"],"inLanguage":"es","potentialAction":[{"@type":"CommentAction","name":"Comment","target":["https:\/\/www.sonoraenequipo.com.mx\/gobierno-y-gasolineros-pactan-sostener-la-magna-en-24-pesos-por-seis-meses-mas\/#respond"]}]},{"@type":"WebPage","@id":"https:\/\/www.sonoraenequipo.com.mx\/gobierno-y-gasolineros-pactan-sostener-la-magna-en-24-pesos-por-seis-meses-mas\/","url":"https:\/\/www.sonoraenequipo.com.mx\/gobierno-y-gasolineros-pactan-sostener-la-magna-en-24-pesos-por-seis-meses-mas\/","name":"Sonora en Equipo. Gobierno y gasolineros pactan sostener la Magna en 24 pesos por seis meses m\u00e1s Rep\u00fablica","isPartOf":{"@id":"https:\/\/www.sonoraenequipo.com.mx\/#website"},"primaryImageOfPage":{"@id":"https:\/\/www.sonoraenequipo.com.mx\/gobierno-y-gasolineros-pactan-sostener-la-magna-en-24-pesos-por-seis-meses-mas\/#primaryimage"},"image":{"@id":"https:\/\/www.sonoraenequipo.com.mx\/gobierno-y-gasolineros-pactan-sostener-la-magna-en-24-pesos-por-seis-meses-mas\/#primaryimage"},"thumbnailUrl":"https:\/\/www.sonoraenequipo.com.mx\/storage\/2026\/03\/acuerdo-con-gasolineros-1.jpg","datePublished":"2026-03-12T06:19:16+00:00","dateModified":"2026-03-12T18:31:38+00:00","description":"CIUDAD DE M\u00c9XICO. MX. \u2014 Luego de un a\u00f1o de su implementaci\u00f3n, el Gobierno de M\u00e9xico y empresarios gasolineros acordaron renovar por seis meses m\u00e1s el En Sonora en Equipo publicamos toda la informaci\u00f3n de Sonora, M\u00e9xico y el Mundo de manera oportuna y busca que la libertad de expresi\u00f3n sea real. Visita nuestro medio informativo publicado desde Hermosillo, Sonora. %","breadcrumb":{"@id":"https:\/\/www.sonoraenequipo.com.mx\/gobierno-y-gasolineros-pactan-sostener-la-magna-en-24-pesos-por-seis-meses-mas\/#breadcrumb"},"inLanguage":"es","potentialAction":[{"@type":"ReadAction","target":["https:\/\/www.sonoraenequipo.com.mx\/gobierno-y-gasolineros-pactan-sostener-la-magna-en-24-pesos-por-seis-meses-mas\/"]}]},{"@type":"ImageObject","inLanguage":"es","@id":"https:\/\/www.sonoraenequipo.com.mx\/gobierno-y-gasolineros-pactan-sostener-la-magna-en-24-pesos-por-seis-meses-mas\/#primaryimage","url":"https:\/\/www.sonoraenequipo.com.mx\/storage\/2026\/03\/acuerdo-con-gasolineros-1.jpg","contentUrl":"https:\/\/www.sonoraenequipo.com.mx\/storage\/2026\/03\/acuerdo-con-gasolineros-1.jpg","width":1000,"height":571},{"@type":"BreadcrumbList","@id":"https:\/\/www.sonoraenequipo.com.mx\/gobierno-y-gasolineros-pactan-sostener-la-magna-en-24-pesos-por-seis-meses-mas\/#breadcrumb","itemListElement":[{"@type":"ListItem","position":1,"name":"Portada","item":"https:\/\/www.sonoraenequipo.com.mx\/"},{"@type":"ListItem","position":2,"name":"Gobierno y gasolineros pactan sostener la Magna en 24 pesos por seis meses m\u00e1s"}]},{"@type":"WebSite","@id":"https:\/\/www.sonoraenequipo.com.mx\/#website","url":"https:\/\/www.sonoraenequipo.com.mx\/","name":"Sonora en Equipo.","description":"Diario en l\u00ednea con Noticias desde Hermosillo, Sonora","publisher":{"@id":"https:\/\/www.sonoraenequipo.com.mx\/#organization"},"potentialAction":[{"@type":"SearchAction","target":{"@type":"EntryPoint","urlTemplate":"https:\/\/www.sonoraenequipo.com.mx\/?s={search_term_string}"},"query-input":{"@type":"PropertyValueSpecification","valueRequired":true,"valueName":"search_term_string"}}],"inLanguage":"es"},{"@type":"Organization","@id":"https:\/\/www.sonoraenequipo.com.mx\/#organization","name":"Sonoraenequipo.com.mx","url":"https:\/\/www.sonoraenequipo.com.mx\/","logo":{"@type":"ImageObject","inLanguage":"es","@id":"https:\/\/www.sonoraenequipo.com.mx\/#\/schema\/logo\/image\/","url":"https:\/\/www.sonoraenequipo.com.mx\/storage\/2019\/01\/sonoraenequipo_opt.png","contentUrl":"https:\/\/www.sonoraenequipo.com.mx\/storage\/2019\/01\/sonoraenequipo_opt.png","width":375,"height":125,"caption":"Sonoraenequipo.com.mx"},"image":{"@id":"https:\/\/www.sonoraenequipo.com.mx\/#\/schema\/logo\/image\/"},"sameAs":["https:\/\/www.facebook.com\/SonoraEE\/","https:\/\/x.com\/sonoraenequipo","https:\/\/www.youtube.com\/channel\/UC338nW-lPEYmJQs4ZABQ1SQ"]},{"@type":"Person","@id":"https:\/\/www.sonoraenequipo.com.mx\/#\/schema\/person\/50102df0fb23a8fa9e8effad8fa81386","name":"enequipo","image":{"@type":"ImageObject","inLanguage":"es","@id":"https:\/\/www.sonoraenequipo.com.mx\/#\/schema\/person\/image\/","url":"https:\/\/secure.gravatar.com\/avatar\/049821681b589dabc0bc20695993ccebb09f5b5d4d790cd9251b97faac7c652b?s=96&d=blank&r=g","contentUrl":"https:\/\/secure.gravatar.com\/avatar\/049821681b589dabc0bc20695993ccebb09f5b5d4d790cd9251b97faac7c652b?s=96&d=blank&r=g","caption":"enequipo"},"sameAs":["https:\/\/www.facebook.com\/SonoraEE"]}]}},"jetpack_featured_media_url":"https:\/\/www.sonoraenequipo.com.mx\/storage\/2026\/03\/acuerdo-con-gasolineros-1.jpg","_links":{"self":[{"href":"https:\/\/www.sonoraenequipo.com.mx\/api\/wp\/v2\/posts\/237214","targetHints":{"allow":["GET"]}}],"collection":[{"href":"https:\/\/www.sonoraenequipo.com.mx\/api\/wp\/v2\/posts"}],"about":[{"href":"https:\/\/www.sonoraenequipo.com.mx\/api\/wp\/v2\/types\/post"}],"author":[{"embeddable":true,"href":"https:\/\/www.sonoraenequipo.com.mx\/api\/wp\/v2\/users\/1"}],"replies":[{"embeddable":true,"href":"https:\/\/www.sonoraenequipo.com.mx\/api\/wp\/v2\/comments?post=237214"}],"version-history":[{"count":1,"href":"https:\/\/www.sonoraenequipo.com.mx\/api\/wp\/v2\/posts\/237214\/revisions"}],"predecessor-version":[{"id":237223,"href":"https:\/\/www.sonoraenequipo.com.mx\/api\/wp\/v2\/posts\/237214\/revisions\/237223"}],"wp:featuredmedia":[{"embeddable":true,"href":"https:\/\/www.sonoraenequipo.com.mx\/api\/wp\/v2\/media\/237215"}],"wp:attachment":[{"href":"https:\/\/www.sonoraenequipo.com.mx\/api\/wp\/v2\/media?parent=237214"}],"wp:term":[{"taxonomy":"category","embeddable":true,"href":"https:\/\/www.sonoraenequipo.com.mx\/api\/wp\/v2\/categories?post=237214"},{"taxonomy":"post_tag","embeddable":true,"href":"https:\/\/www.sonoraenequipo.com.mx\/api\/wp\/v2\/tags?post=237214"}],"curies":[{"name":"wp","href":"https:\/\/api.w.org\/{rel}","templated":true}]}}