{"id":237225,"date":"2026-03-12T11:44:54","date_gmt":"2026-03-12T18:44:54","guid":{"rendered":"https:\/\/www.sonoraenequipo.com.mx\/?p=237225"},"modified":"2026-03-12T11:45:26","modified_gmt":"2026-03-12T18:45:26","slug":"staus-convoca-a-marcha-por-solucion-y-avance-a-revision-salarial-con-unison","status":"publish","type":"post","link":"https:\/\/www.sonoraenequipo.com.mx\/staus-convoca-a-marcha-por-solucion-y-avance-a-revision-salarial-con-unison\/","title":{"rendered":"STAUS convoca a marcha por soluci\u00f3n y avance a revisi\u00f3n salarial con Unison"},"content":{"rendered":"<p><strong>HERMOSILLO, SONORA, MX. \u2014 <\/strong>El Sindicato de Trabajadores Acad\u00e9micos de la Universidad de Sonora (STAUS) convoca a sus agremiados y a la comunidad universitaria, estudiantes y trabajadores a participar en la Marcha por Soluci\u00f3n a las Revisiones, el objetivo movilizaci\u00f3n es exigir avances y acuerdos en las negociaciones.<\/p>\n<p>&nbsp;<\/p>\n<p>La actividad se realizar\u00e1 el pr\u00f3ximo martes 17 de marzo a las 10:00 de la ma\u00f1ana, partiendo del edificio principal de Rector\u00eda de la Universidad de Sonora con destino a Palacio de Gobierno.<\/p>\n<p>&nbsp;<\/p>\n<p>La convocatoria surge por acuerdo del Consejo General de Delegados (CGD), por lo que la asistencia ser\u00e1 obligatoria para las y los agremiados del STAUS. Asimismo, se informa que se gestionar\u00e1 el permiso con Recursos Humanos para facilitar la participaci\u00f3n de los trabajadores acad\u00e9micos.<\/p>\n<p>&nbsp;<\/p>\n<p>Tambi\u00e9n se dispondr\u00e1 de transporte en autob\u00fas para quienes lo requieran, con el fin de garantizar la presencia en la movilizaci\u00f3n.<\/p>\n<p>&nbsp;<\/p>\n<p>La marcha busca visibilizar las demandas del gremio acad\u00e9mico en la actual Revisi\u00f3n Salarial 2026 y presionar para que se logre una soluci\u00f3n favorable.<\/p>\n<p><strong>Fecha de publicaci\u00f3n jueves 12 de marzo de 2026<\/strong><\/p>\n","protected":false},"excerpt":{"rendered":"<p>HERMOSILLO, SONORA, MX. \u2014 El Sindicato de Trabajadores Acad\u00e9micos de la Universidad de Sonora (STAUS)&#8230;<\/p>\n","protected":false},"author":1,"featured_media":20239,"comment_status":"open","ping_status":"open","sticky":false,"template":"","format":"standard","meta":{"_monsterinsights_skip_tracking":false,"_monsterinsights_sitenote_active":false,"_monsterinsights_sitenote_note":"","_monsterinsights_sitenote_category":0,"footnotes":""},"categories":[22],"tags":[10966,6524,10416,5190,63],"class_list":["post"],"yoast_head":" \n<title>Sonora en Equipo. STAUS convoca a marcha por soluci\u00f3n y avance a revisi\u00f3n salarial con Unison Sonora<\/title>\n<meta name=\"description\" content=\"HERMOSILLO, SONORA, MX. \u2014 El Sindicato de Trabajadores Acad\u00e9micos de la Universidad de Sonora (STAUS) convoca a sus agremiados y a la comunidad En Sonora en Equipo publicamos toda la informaci\u00f3n de Sonora, M\u00e9xico y el Mundo de manera oportuna y busca que la libertad de expresi\u00f3n sea real. Visita nuestro medio informativo publicado desde Hermosillo, Sonora. %\" \/>\n<meta name=\"robots\" content=\"index, follow, max-snippet:-1, max-image-preview:large, max-video-preview:-1\" \/>\n<link rel=\"canonical\" href=\"https:\/\/www.sonoraenequipo.com.mx\/staus-convoca-a-marcha-por-solucion-y-avance-a-revision-salarial-con-unison\/\" \/>\n<meta property=\"og:locale\" content=\"es_ES\" \/>\n<meta property=\"og:type\" content=\"article\" \/>\n<meta property=\"og:title\" content=\"Sonora en Equipo. STAUS convoca a marcha por soluci\u00f3n y avance a revisi\u00f3n salarial con Unison Sonora\" \/>\n<meta property=\"og:description\" content=\"HERMOSILLO, SONORA, MX. \u2014 El Sindicato de Trabajadores Acad\u00e9micos de la Universidad de Sonora (STAUS) convoca a sus agremiados y a la comunidad En Sonora en Equipo publicamos toda la informaci\u00f3n de Sonora, M\u00e9xico y el Mundo de manera oportuna y busca que la libertad de expresi\u00f3n sea real. Visita nuestro medio informativo publicado desde Hermosillo, Sonora. %\" \/>\n<meta property=\"og:url\" content=\"https:\/\/www.sonoraenequipo.com.mx\/staus-convoca-a-marcha-por-solucion-y-avance-a-revision-salarial-con-unison\/\" \/>\n<meta property=\"og:site_name\" content=\"Sonora en Equipo.\" \/>\n<meta property=\"article:publisher\" content=\"https:\/\/www.facebook.com\/SonoraEE\/\" \/>\n<meta property=\"article:author\" content=\"https:\/\/www.facebook.com\/SonoraEE\" \/>\n<meta property=\"article:published_time\" content=\"2026-03-12T18:44:54+00:00\" \/>\n<meta property=\"article:modified_time\" content=\"2026-03-12T18:45:26+00:00\" \/>\n<meta property=\"og:image\" content=\"https:\/\/www.sonoraenequipo.com.mx\/storage\/2017\/05\/staus-3_opt.jpg\" \/>\n\t<meta property=\"og:image:width\" content=\"768\" \/>\n\t<meta property=\"og:image:height\" content=\"431\" \/>\n\t<meta property=\"og:image:type\" content=\"image\/jpeg\" \/>\n<meta name=\"author\" content=\"enequipo\" \/>\n<meta name=\"twitter:card\" content=\"summary_large_image\" \/>\n<meta name=\"twitter:creator\" content=\"@sonoraenequipo\" \/>\n<meta name=\"twitter:site\" content=\"@sonoraenequipo\" \/>\n<meta name=\"twitter:label1\" content=\"Escrito por\" \/>\n\t<meta name=\"twitter:data1\" content=\"enequipo\" \/>\n\t<meta name=\"twitter:label2\" content=\"Tiempo de lectura\" \/>\n\t<meta name=\"twitter:data2\" content=\"1 minuto\" \/>\n<script type=\"application\/ld+json\" class=\"yoast-schema-graph\">{\"@context\":\"https:\/\/schema.org\",\"@graph\":[{\"@type\":\"Article\",\"@id\":\"https:\/\/www.sonoraenequipo.com.mx\/staus-convoca-a-marcha-por-solucion-y-avance-a-revision-salarial-con-unison\/#article\",\"isPartOf\":{\"@id\":\"https:\/\/www.sonoraenequipo.com.mx\/staus-convoca-a-marcha-por-solucion-y-avance-a-revision-salarial-con-unison\/\"},\"author\":{\"name\":\"enequipo\",\"@id\":\"https:\/\/www.sonoraenequipo.com.mx\/#\/schema\/person\/50102df0fb23a8fa9e8effad8fa81386\"},\"headline\":\"STAUS convoca a marcha por soluci\u00f3n y avance a revisi\u00f3n salarial con Unison\",\"datePublished\":\"2026-03-12T18:44:54+00:00\",\"dateModified\":\"2026-03-12T18:45:26+00:00\",\"mainEntityOfPage\":{\"@id\":\"https:\/\/www.sonoraenequipo.com.mx\/staus-convoca-a-marcha-por-solucion-y-avance-a-revision-salarial-con-unison\/\"},\"wordCount\":207,\"commentCount\":0,\"publisher\":{\"@id\":\"https:\/\/www.sonoraenequipo.com.mx\/#organization\"},\"image\":{\"@id\":\"https:\/\/www.sonoraenequipo.com.mx\/staus-convoca-a-marcha-por-solucion-y-avance-a-revision-salarial-con-unison\/#primaryimage\"},\"thumbnailUrl\":\"https:\/\/www.sonoraenequipo.com.mx\/storage\/2017\/05\/staus-3_opt.jpg\",\"keywords\":[\"2026\",\"revisi\u00f3n\",\"salarial\",\"STAUS\",\"UniSon\"],\"articleSection\":[\"Sonora\"],\"inLanguage\":\"es\",\"potentialAction\":[{\"@type\":\"CommentAction\",\"name\":\"Comment\",\"target\":[\"https:\/\/www.sonoraenequipo.com.mx\/staus-convoca-a-marcha-por-solucion-y-avance-a-revision-salarial-con-unison\/#respond\"]}]},{\"@type\":\"WebPage\",\"@id\":\"https:\/\/www.sonoraenequipo.com.mx\/staus-convoca-a-marcha-por-solucion-y-avance-a-revision-salarial-con-unison\/\",\"url\":\"https:\/\/www.sonoraenequipo.com.mx\/staus-convoca-a-marcha-por-solucion-y-avance-a-revision-salarial-con-unison\/\",\"name\":\"Sonora en Equipo. STAUS convoca a marcha por soluci\u00f3n y avance a revisi\u00f3n salarial con Unison Sonora\",\"isPartOf\":{\"@id\":\"https:\/\/www.sonoraenequipo.com.mx\/#website\"},\"primaryImageOfPage\":{\"@id\":\"https:\/\/www.sonoraenequipo.com.mx\/staus-convoca-a-marcha-por-solucion-y-avance-a-revision-salarial-con-unison\/#primaryimage\"},\"image\":{\"@id\":\"https:\/\/www.sonoraenequipo.com.mx\/staus-convoca-a-marcha-por-solucion-y-avance-a-revision-salarial-con-unison\/#primaryimage\"},\"thumbnailUrl\":\"https:\/\/www.sonoraenequipo.com.mx\/storage\/2017\/05\/staus-3_opt.jpg\",\"datePublished\":\"2026-03-12T18:44:54+00:00\",\"dateModified\":\"2026-03-12T18:45:26+00:00\",\"description\":\"HERMOSILLO, SONORA, MX. \u2014 El Sindicato de Trabajadores Acad\u00e9micos de la Universidad de Sonora (STAUS) convoca a sus agremiados y a la comunidad En Sonora en Equipo publicamos toda la informaci\u00f3n de Sonora, M\u00e9xico y el Mundo de manera oportuna y busca que la libertad de expresi\u00f3n sea real. Visita nuestro medio informativo publicado desde Hermosillo, Sonora. %\",\"breadcrumb\":{\"@id\":\"https:\/\/www.sonoraenequipo.com.mx\/staus-convoca-a-marcha-por-solucion-y-avance-a-revision-salarial-con-unison\/#breadcrumb\"},\"inLanguage\":\"es\",\"potentialAction\":[{\"@type\":\"ReadAction\",\"target\":[\"https:\/\/www.sonoraenequipo.com.mx\/staus-convoca-a-marcha-por-solucion-y-avance-a-revision-salarial-con-unison\/\"]}]},{\"@type\":\"ImageObject\",\"inLanguage\":\"es\",\"@id\":\"https:\/\/www.sonoraenequipo.com.mx\/staus-convoca-a-marcha-por-solucion-y-avance-a-revision-salarial-con-unison\/#primaryimage\",\"url\":\"https:\/\/www.sonoraenequipo.com.mx\/storage\/2017\/05\/staus-3_opt.jpg\",\"contentUrl\":\"https:\/\/www.sonoraenequipo.com.mx\/storage\/2017\/05\/staus-3_opt.jpg\",\"width\":768,\"height\":431,\"caption\":\"Marcha del staus 17 de mayo de 2017. Archivo\"},{\"@type\":\"BreadcrumbList\",\"@id\":\"https:\/\/www.sonoraenequipo.com.mx\/staus-convoca-a-marcha-por-solucion-y-avance-a-revision-salarial-con-unison\/#breadcrumb\",\"itemListElement\":[{\"@type\":\"ListItem\",\"position\":1,\"name\":\"Portada\",\"item\":\"https:\/\/www.sonoraenequipo.com.mx\/\"},{\"@type\":\"ListItem\",\"position\":2,\"name\":\"STAUS convoca a marcha por soluci\u00f3n y avance a revisi\u00f3n salarial con Unison\"}]},{\"@type\":\"WebSite\",\"@id\":\"https:\/\/www.sonoraenequipo.com.mx\/#website\",\"url\":\"https:\/\/www.sonoraenequipo.com.mx\/\",\"name\":\"Sonora en Equipo.\",\"description\":\"Diario en l\u00ednea con Noticias desde Hermosillo, Sonora\",\"publisher\":{\"@id\":\"https:\/\/www.sonoraenequipo.com.mx\/#organization\"},\"potentialAction\":[{\"@type\":\"SearchAction\",\"target\":{\"@type\":\"EntryPoint\",\"urlTemplate\":\"https:\/\/www.sonoraenequipo.com.mx\/?s={search_term_string}\"},\"query-input\":{\"@type\":\"PropertyValueSpecification\",\"valueRequired\":true,\"valueName\":\"search_term_string\"}}],\"inLanguage\":\"es\"},{\"@type\":\"Organization\",\"@id\":\"https:\/\/www.sonoraenequipo.com.mx\/#organization\",\"name\":\"Sonoraenequipo.com.mx\",\"url\":\"https:\/\/www.sonoraenequipo.com.mx\/\",\"logo\":{\"@type\":\"ImageObject\",\"inLanguage\":\"es\",\"@id\":\"https:\/\/www.sonoraenequipo.com.mx\/#\/schema\/logo\/image\/\",\"url\":\"https:\/\/www.sonoraenequipo.com.mx\/storage\/2019\/01\/sonoraenequipo_opt.png\",\"contentUrl\":\"https:\/\/www.sonoraenequipo.com.mx\/storage\/2019\/01\/sonoraenequipo_opt.png\",\"width\":375,\"height\":125,\"caption\":\"Sonoraenequipo.com.mx\"},\"image\":{\"@id\":\"https:\/\/www.sonoraenequipo.com.mx\/#\/schema\/logo\/image\/\"},\"sameAs\":[\"https:\/\/www.facebook.com\/SonoraEE\/\",\"https:\/\/x.com\/sonoraenequipo\",\"https:\/\/www.youtube.com\/channel\/UC338nW-lPEYmJQs4ZABQ1SQ\"]},{\"@type\":\"Person\",\"@id\":\"https:\/\/www.sonoraenequipo.com.mx\/#\/schema\/person\/50102df0fb23a8fa9e8effad8fa81386\",\"name\":\"enequipo\",\"image\":{\"@type\":\"ImageObject\",\"inLanguage\":\"es\",\"@id\":\"https:\/\/www.sonoraenequipo.com.mx\/#\/schema\/person\/image\/\",\"url\":\"https:\/\/secure.gravatar.com\/avatar\/049821681b589dabc0bc20695993ccebb09f5b5d4d790cd9251b97faac7c652b?s=96&d=blank&r=g\",\"contentUrl\":\"https:\/\/secure.gravatar.com\/avatar\/049821681b589dabc0bc20695993ccebb09f5b5d4d790cd9251b97faac7c652b?s=96&d=blank&r=g\",\"caption\":\"enequipo\"},\"sameAs\":[\"https:\/\/www.facebook.com\/SonoraEE\"]}]}<\/script>\n ","yoast_head_json":{"title":"Sonora en Equipo. STAUS convoca a marcha por soluci\u00f3n y avance a revisi\u00f3n salarial con Unison Sonora","description":"HERMOSILLO, SONORA, MX. \u2014 El Sindicato de Trabajadores Acad\u00e9micos de la Universidad de Sonora (STAUS) convoca a sus agremiados y a la comunidad En Sonora en Equipo publicamos toda la informaci\u00f3n de Sonora, M\u00e9xico y el Mundo de manera oportuna y busca que la libertad de expresi\u00f3n sea real. Visita nuestro medio informativo publicado desde Hermosillo, Sonora. %","robots":{"index":"index","follow":"follow","max-snippet":"max-snippet:-1","max-image-preview":"max-image-preview:large","max-video-preview":"max-video-preview:-1"},"canonical":"https:\/\/www.sonoraenequipo.com.mx\/staus-convoca-a-marcha-por-solucion-y-avance-a-revision-salarial-con-unison\/","og_locale":"es_ES","og_type":"article","og_title":"Sonora en Equipo. STAUS convoca a marcha por soluci\u00f3n y avance a revisi\u00f3n salarial con Unison Sonora","og_description":"HERMOSILLO, SONORA, MX. \u2014 El Sindicato de Trabajadores Acad\u00e9micos de la Universidad de Sonora (STAUS) convoca a sus agremiados y a la comunidad En Sonora en Equipo publicamos toda la informaci\u00f3n de Sonora, M\u00e9xico y el Mundo de manera oportuna y busca que la libertad de expresi\u00f3n sea real. Visita nuestro medio informativo publicado desde Hermosillo, Sonora. %","og_url":"https:\/\/www.sonoraenequipo.com.mx\/staus-convoca-a-marcha-por-solucion-y-avance-a-revision-salarial-con-unison\/","og_site_name":"Sonora en Equipo.","article_publisher":"https:\/\/www.facebook.com\/SonoraEE\/","article_author":"https:\/\/www.facebook.com\/SonoraEE","article_published_time":"2026-03-12T18:44:54+00:00","article_modified_time":"2026-03-12T18:45:26+00:00","og_image":[{"width":768,"height":431,"url":"https:\/\/www.sonoraenequipo.com.mx\/storage\/2017\/05\/staus-3_opt.jpg","type":"image\/jpeg"}],"author":"enequipo","twitter_card":"summary_large_image","twitter_creator":"@sonoraenequipo","twitter_site":"@sonoraenequipo","twitter_misc":{"Escrito por":"enequipo","Tiempo de lectura":"1 minuto"},"schema":{"@context":"https:\/\/schema.org","@graph":[{"@type":"Article","@id":"https:\/\/www.sonoraenequipo.com.mx\/staus-convoca-a-marcha-por-solucion-y-avance-a-revision-salarial-con-unison\/#article","isPartOf":{"@id":"https:\/\/www.sonoraenequipo.com.mx\/staus-convoca-a-marcha-por-solucion-y-avance-a-revision-salarial-con-unison\/"},"author":{"name":"enequipo","@id":"https:\/\/www.sonoraenequipo.com.mx\/#\/schema\/person\/50102df0fb23a8fa9e8effad8fa81386"},"headline":"STAUS convoca a marcha por soluci\u00f3n y avance a revisi\u00f3n salarial con Unison","datePublished":"2026-03-12T18:44:54+00:00","dateModified":"2026-03-12T18:45:26+00:00","mainEntityOfPage":{"@id":"https:\/\/www.sonoraenequipo.com.mx\/staus-convoca-a-marcha-por-solucion-y-avance-a-revision-salarial-con-unison\/"},"wordCount":207,"commentCount":0,"publisher":{"@id":"https:\/\/www.sonoraenequipo.com.mx\/#organization"},"image":{"@id":"https:\/\/www.sonoraenequipo.com.mx\/staus-convoca-a-marcha-por-solucion-y-avance-a-revision-salarial-con-unison\/#primaryimage"},"thumbnailUrl":"https:\/\/www.sonoraenequipo.com.mx\/storage\/2017\/05\/staus-3_opt.jpg","keywords":["2026","revisi\u00f3n","salarial","STAUS","UniSon"],"articleSection":["Sonora"],"inLanguage":"es","potentialAction":[{"@type":"CommentAction","name":"Comment","target":["https:\/\/www.sonoraenequipo.com.mx\/staus-convoca-a-marcha-por-solucion-y-avance-a-revision-salarial-con-unison\/#respond"]}]},{"@type":"WebPage","@id":"https:\/\/www.sonoraenequipo.com.mx\/staus-convoca-a-marcha-por-solucion-y-avance-a-revision-salarial-con-unison\/","url":"https:\/\/www.sonoraenequipo.com.mx\/staus-convoca-a-marcha-por-solucion-y-avance-a-revision-salarial-con-unison\/","name":"Sonora en Equipo. STAUS convoca a marcha por soluci\u00f3n y avance a revisi\u00f3n salarial con Unison Sonora","isPartOf":{"@id":"https:\/\/www.sonoraenequipo.com.mx\/#website"},"primaryImageOfPage":{"@id":"https:\/\/www.sonoraenequipo.com.mx\/staus-convoca-a-marcha-por-solucion-y-avance-a-revision-salarial-con-unison\/#primaryimage"},"image":{"@id":"https:\/\/www.sonoraenequipo.com.mx\/staus-convoca-a-marcha-por-solucion-y-avance-a-revision-salarial-con-unison\/#primaryimage"},"thumbnailUrl":"https:\/\/www.sonoraenequipo.com.mx\/storage\/2017\/05\/staus-3_opt.jpg","datePublished":"2026-03-12T18:44:54+00:00","dateModified":"2026-03-12T18:45:26+00:00","description":"HERMOSILLO, SONORA, MX. \u2014 El Sindicato de Trabajadores Acad\u00e9micos de la Universidad de Sonora (STAUS) convoca a sus agremiados y a la comunidad En Sonora en Equipo publicamos toda la informaci\u00f3n de Sonora, M\u00e9xico y el Mundo de manera oportuna y busca que la libertad de expresi\u00f3n sea real. Visita nuestro medio informativo publicado desde Hermosillo, Sonora. %","breadcrumb":{"@id":"https:\/\/www.sonoraenequipo.com.mx\/staus-convoca-a-marcha-por-solucion-y-avance-a-revision-salarial-con-unison\/#breadcrumb"},"inLanguage":"es","potentialAction":[{"@type":"ReadAction","target":["https:\/\/www.sonoraenequipo.com.mx\/staus-convoca-a-marcha-por-solucion-y-avance-a-revision-salarial-con-unison\/"]}]},{"@type":"ImageObject","inLanguage":"es","@id":"https:\/\/www.sonoraenequipo.com.mx\/staus-convoca-a-marcha-por-solucion-y-avance-a-revision-salarial-con-unison\/#primaryimage","url":"https:\/\/www.sonoraenequipo.com.mx\/storage\/2017\/05\/staus-3_opt.jpg","contentUrl":"https:\/\/www.sonoraenequipo.com.mx\/storage\/2017\/05\/staus-3_opt.jpg","width":768,"height":431,"caption":"Marcha del staus 17 de mayo de 2017. Archivo"},{"@type":"BreadcrumbList","@id":"https:\/\/www.sonoraenequipo.com.mx\/staus-convoca-a-marcha-por-solucion-y-avance-a-revision-salarial-con-unison\/#breadcrumb","itemListElement":[{"@type":"ListItem","position":1,"name":"Portada","item":"https:\/\/www.sonoraenequipo.com.mx\/"},{"@type":"ListItem","position":2,"name":"STAUS convoca a marcha por soluci\u00f3n y avance a revisi\u00f3n salarial con Unison"}]},{"@type":"WebSite","@id":"https:\/\/www.sonoraenequipo.com.mx\/#website","url":"https:\/\/www.sonoraenequipo.com.mx\/","name":"Sonora en Equipo.","description":"Diario en l\u00ednea con Noticias desde Hermosillo, Sonora","publisher":{"@id":"https:\/\/www.sonoraenequipo.com.mx\/#organization"},"potentialAction":[{"@type":"SearchAction","target":{"@type":"EntryPoint","urlTemplate":"https:\/\/www.sonoraenequipo.com.mx\/?s={search_term_string}"},"query-input":{"@type":"PropertyValueSpecification","valueRequired":true,"valueName":"search_term_string"}}],"inLanguage":"es"},{"@type":"Organization","@id":"https:\/\/www.sonoraenequipo.com.mx\/#organization","name":"Sonoraenequipo.com.mx","url":"https:\/\/www.sonoraenequipo.com.mx\/","logo":{"@type":"ImageObject","inLanguage":"es","@id":"https:\/\/www.sonoraenequipo.com.mx\/#\/schema\/logo\/image\/","url":"https:\/\/www.sonoraenequipo.com.mx\/storage\/2019\/01\/sonoraenequipo_opt.png","contentUrl":"https:\/\/www.sonoraenequipo.com.mx\/storage\/2019\/01\/sonoraenequipo_opt.png","width":375,"height":125,"caption":"Sonoraenequipo.com.mx"},"image":{"@id":"https:\/\/www.sonoraenequipo.com.mx\/#\/schema\/logo\/image\/"},"sameAs":["https:\/\/www.facebook.com\/SonoraEE\/","https:\/\/x.com\/sonoraenequipo","https:\/\/www.youtube.com\/channel\/UC338nW-lPEYmJQs4ZABQ1SQ"]},{"@type":"Person","@id":"https:\/\/www.sonoraenequipo.com.mx\/#\/schema\/person\/50102df0fb23a8fa9e8effad8fa81386","name":"enequipo","image":{"@type":"ImageObject","inLanguage":"es","@id":"https:\/\/www.sonoraenequipo.com.mx\/#\/schema\/person\/image\/","url":"https:\/\/secure.gravatar.com\/avatar\/049821681b589dabc0bc20695993ccebb09f5b5d4d790cd9251b97faac7c652b?s=96&d=blank&r=g","contentUrl":"https:\/\/secure.gravatar.com\/avatar\/049821681b589dabc0bc20695993ccebb09f5b5d4d790cd9251b97faac7c652b?s=96&d=blank&r=g","caption":"enequipo"},"sameAs":["https:\/\/www.facebook.com\/SonoraEE"]}]}},"jetpack_featured_media_url":"https:\/\/www.sonoraenequipo.com.mx\/storage\/2017\/05\/staus-3_opt.jpg","_links":{"self":[{"href":"https:\/\/www.sonoraenequipo.com.mx\/api\/wp\/v2\/posts\/237225","targetHints":{"allow":["GET"]}}],"collection":[{"href":"https:\/\/www.sonoraenequipo.com.mx\/api\/wp\/v2\/posts"}],"about":[{"href":"https:\/\/www.sonoraenequipo.com.mx\/api\/wp\/v2\/types\/post"}],"author":[{"embeddable":true,"href":"https:\/\/www.sonoraenequipo.com.mx\/api\/wp\/v2\/users\/1"}],"replies":[{"embeddable":true,"href":"https:\/\/www.sonoraenequipo.com.mx\/api\/wp\/v2\/comments?post=237225"}],"version-history":[{"count":1,"href":"https:\/\/www.sonoraenequipo.com.mx\/api\/wp\/v2\/posts\/237225\/revisions"}],"predecessor-version":[{"id":237226,"href":"https:\/\/www.sonoraenequipo.com.mx\/api\/wp\/v2\/posts\/237225\/revisions\/237226"}],"wp:featuredmedia":[{"embeddable":true,"href":"https:\/\/www.sonoraenequipo.com.mx\/api\/wp\/v2\/media\/20239"}],"wp:attachment":[{"href":"https:\/\/www.sonoraenequipo.com.mx\/api\/wp\/v2\/media?parent=237225"}],"wp:term":[{"taxonomy":"category","embeddable":true,"href":"https:\/\/www.sonoraenequipo.com.mx\/api\/wp\/v2\/categories?post=237225"},{"taxonomy":"post_tag","embeddable":true,"href":"https:\/\/www.sonoraenequipo.com.mx\/api\/wp\/v2\/tags?post=237225"}],"curies":[{"name":"wp","href":"https:\/\/api.w.org\/{rel}","templated":true}]}}