{"id":237227,"date":"2026-03-12T13:07:10","date_gmt":"2026-03-12T20:07:10","guid":{"rendered":"https:\/\/www.sonoraenequipo.com.mx\/?p=237227"},"modified":"2026-03-12T13:16:51","modified_gmt":"2026-03-12T20:16:51","slug":"administrativo-de-la-unison-se-despacha-con-la-cuchara-grande","status":"publish","type":"post","link":"https:\/\/www.sonoraenequipo.com.mx\/administrativo-de-la-unison-se-despacha-con-la-cuchara-grande\/","title":{"rendered":"Administrativo de la Unison se despacha con la cuchara grande"},"content":{"rendered":"<p><strong>HERMOSILLO, SONORA, MX. \u2014<\/strong> En medio de la revisi\u00f3n salarial 2026 de la Universidad de Sonora con el Sindicato de Trabajadores Acad\u00e9micos de la Universidad de Sonora (STAUS)<\/p>\n<p>&nbsp;<\/p>\n<p> <\/p>\n<p>&nbsp;<\/p>\n<p>Se difundi\u00f3 en redes sociales una lista con el cargo,salario y aumento aprobado por el Colegio Universitario (CU) para este 2026.<\/p>\n<p>&nbsp;<\/p>\n<p>&nbsp;<\/p>\n<p>En \u00e9sta se puede observar que el ingreso va de los casi 100 mil pesos que percibe la rectora Dena\u00a0 Mar\u00eda Jes\u00fas Camarena G\u00f3mez, has los casi 21 mil pesos que remunera un jefe de secci\u00f3n destaca el caso de la secretar\u00eda de rector\u00eda quien de un salario de casi 37 mil pesos tuvo un aumento del 132 por ciento para ganar 85 mil 948 pesos.82 centavos este a\u00f1o.<\/p>\n<p><img loading=\"lazy\" decoding=\"async\" class=\"size-full  x-center\" src=\"https:\/\/www.sonoraenequipo.com.mx\/storage\/2026\/03\/salarios-unison.jpg\" alt=\"\" width=\"600\" height=\"799\" \/><\/p>\n<p>Cabe se\u00f1alar que en el sitio de transparencia de la Unison se cotej\u00f3 que el salario de la rectora es de 99 mil 532 pesos con 56 centavos tuvo un aumento aprobado por el CU del 13.3 por ciento para este 2026.<\/p>\n<p>&nbsp;<\/p>\n<p>&nbsp;<\/p>\n<p>Otros cargos claves del administrativo que tuvieron aumentos significativos para este a\u00f1o todos rondando los 86 mil pesos como son\u00a0 la secretar\u00eda general acad\u00e9mica con 39.4 por ciento; la ya mencionada secretar\u00eda de rector\u00eda. Y \u00a0la secretar\u00eda general administrativa con 52 por ciento<\/p>\n<p>&nbsp;<\/p>\n<p>Algunas direcciones y subdirecciones tuvieron aumentos arriba del 30 por ciento.<\/p>\n<p>&nbsp;<\/p>\n<p>&nbsp;<\/p>\n<p>&nbsp;<\/p>\n<p>&nbsp;<\/p>\n<p><strong>Fecha de publicaci\u00f3n jueves 12 de marzo de 2026<\/strong><\/p>\n","protected":false},"excerpt":{"rendered":"<p>HERMOSILLO, SONORA, MX. \u2014 En medio de la revisi\u00f3n salarial 2026 de la Universidad de&#8230;<\/p>\n","protected":false},"author":6,"featured_media":210450,"comment_status":"open","ping_status":"open","sticky":false,"template":"","format":"standard","meta":{"_monsterinsights_skip_tracking":false,"_monsterinsights_sitenote_active":false,"_monsterinsights_sitenote_note":"","_monsterinsights_sitenote_category":0,"footnotes":""},"categories":[6493],"tags":[],"class_list":["post"],"yoast_head":" \n<title>Sonora en Equipo. Administrativo de la Unison se despacha con la cuchara grande PALABRAS Y N\u00daMEROS<\/title>\n<meta name=\"description\" content=\"HERMOSILLO, SONORA, MX. \u2014 En medio de la revisi\u00f3n salarial 2026 de la Universidad de Sonora con el Sindicato de Trabajadores Acad\u00e9micos de la Universidad En Sonora en Equipo publicamos toda la informaci\u00f3n de Sonora, M\u00e9xico y el Mundo de manera oportuna y busca que la libertad de expresi\u00f3n sea real. Visita nuestro medio informativo publicado desde Hermosillo, Sonora. %\" \/>\n<meta name=\"robots\" content=\"index, follow, max-snippet:-1, max-image-preview:large, max-video-preview:-1\" \/>\n<link rel=\"canonical\" href=\"https:\/\/www.sonoraenequipo.com.mx\/administrativo-de-la-unison-se-despacha-con-la-cuchara-grande\/\" \/>\n<meta property=\"og:locale\" content=\"es_ES\" \/>\n<meta property=\"og:type\" content=\"article\" \/>\n<meta property=\"og:title\" content=\"Sonora en Equipo. Administrativo de la Unison se despacha con la cuchara grande PALABRAS Y N\u00daMEROS\" \/>\n<meta property=\"og:description\" content=\"HERMOSILLO, SONORA, MX. \u2014 En medio de la revisi\u00f3n salarial 2026 de la Universidad de Sonora con el Sindicato de Trabajadores Acad\u00e9micos de la Universidad En Sonora en Equipo publicamos toda la informaci\u00f3n de Sonora, M\u00e9xico y el Mundo de manera oportuna y busca que la libertad de expresi\u00f3n sea real. Visita nuestro medio informativo publicado desde Hermosillo, Sonora. %\" \/>\n<meta property=\"og:url\" content=\"https:\/\/www.sonoraenequipo.com.mx\/administrativo-de-la-unison-se-despacha-con-la-cuchara-grande\/\" \/>\n<meta property=\"og:site_name\" content=\"Sonora en Equipo.\" \/>\n<meta property=\"article:publisher\" content=\"https:\/\/www.facebook.com\/SonoraEE\/\" \/>\n<meta property=\"article:published_time\" content=\"2026-03-12T20:07:10+00:00\" \/>\n<meta property=\"article:modified_time\" content=\"2026-03-12T20:16:51+00:00\" \/>\n<meta property=\"og:image\" content=\"https:\/\/www.sonoraenequipo.com.mx\/storage\/2025\/02\/Rectori\u0301a-unison-min.jpg\" \/>\n\t<meta property=\"og:image:width\" content=\"900\" \/>\n\t<meta property=\"og:image:height\" content=\"506\" \/>\n\t<meta property=\"og:image:type\" content=\"image\/jpeg\" \/>\n<meta name=\"author\" content=\"Nacho Bandin\" \/>\n<meta name=\"twitter:card\" content=\"summary_large_image\" \/>\n<meta name=\"twitter:creator\" content=\"@sonoraenequipo\" \/>\n<meta name=\"twitter:site\" content=\"@sonoraenequipo\" \/>\n<meta name=\"twitter:label1\" content=\"Escrito por\" \/>\n\t<meta name=\"twitter:data1\" content=\"Nacho Bandin\" \/>\n\t<meta name=\"twitter:label2\" content=\"Tiempo de lectura\" \/>\n\t<meta name=\"twitter:data2\" content=\"1 minuto\" \/>\n<script type=\"application\/ld+json\" class=\"yoast-schema-graph\">{\"@context\":\"https:\/\/schema.org\",\"@graph\":[{\"@type\":\"Article\",\"@id\":\"https:\/\/www.sonoraenequipo.com.mx\/administrativo-de-la-unison-se-despacha-con-la-cuchara-grande\/#article\",\"isPartOf\":{\"@id\":\"https:\/\/www.sonoraenequipo.com.mx\/administrativo-de-la-unison-se-despacha-con-la-cuchara-grande\/\"},\"author\":{\"name\":\"Nacho Bandin\",\"@id\":\"https:\/\/www.sonoraenequipo.com.mx\/#\/schema\/person\/fbd9952aca28efec00f1fb7fa9428cad\"},\"headline\":\"Administrativo de la Unison se despacha con la cuchara grande\",\"datePublished\":\"2026-03-12T20:07:10+00:00\",\"dateModified\":\"2026-03-12T20:16:51+00:00\",\"mainEntityOfPage\":{\"@id\":\"https:\/\/www.sonoraenequipo.com.mx\/administrativo-de-la-unison-se-despacha-con-la-cuchara-grande\/\"},\"wordCount\":242,\"commentCount\":0,\"publisher\":{\"@id\":\"https:\/\/www.sonoraenequipo.com.mx\/#organization\"},\"image\":{\"@id\":\"https:\/\/www.sonoraenequipo.com.mx\/administrativo-de-la-unison-se-despacha-con-la-cuchara-grande\/#primaryimage\"},\"thumbnailUrl\":\"https:\/\/www.sonoraenequipo.com.mx\/storage\/2025\/02\/Rectori\u0301a-unison-min.jpg\",\"articleSection\":[\"PALABRAS Y N\u00daMEROS\"],\"inLanguage\":\"es\",\"potentialAction\":[{\"@type\":\"CommentAction\",\"name\":\"Comment\",\"target\":[\"https:\/\/www.sonoraenequipo.com.mx\/administrativo-de-la-unison-se-despacha-con-la-cuchara-grande\/#respond\"]}]},{\"@type\":\"WebPage\",\"@id\":\"https:\/\/www.sonoraenequipo.com.mx\/administrativo-de-la-unison-se-despacha-con-la-cuchara-grande\/\",\"url\":\"https:\/\/www.sonoraenequipo.com.mx\/administrativo-de-la-unison-se-despacha-con-la-cuchara-grande\/\",\"name\":\"Sonora en Equipo. Administrativo de la Unison se despacha con la cuchara grande PALABRAS Y N\u00daMEROS\",\"isPartOf\":{\"@id\":\"https:\/\/www.sonoraenequipo.com.mx\/#website\"},\"primaryImageOfPage\":{\"@id\":\"https:\/\/www.sonoraenequipo.com.mx\/administrativo-de-la-unison-se-despacha-con-la-cuchara-grande\/#primaryimage\"},\"image\":{\"@id\":\"https:\/\/www.sonoraenequipo.com.mx\/administrativo-de-la-unison-se-despacha-con-la-cuchara-grande\/#primaryimage\"},\"thumbnailUrl\":\"https:\/\/www.sonoraenequipo.com.mx\/storage\/2025\/02\/Rectori\u0301a-unison-min.jpg\",\"datePublished\":\"2026-03-12T20:07:10+00:00\",\"dateModified\":\"2026-03-12T20:16:51+00:00\",\"description\":\"HERMOSILLO, SONORA, MX. \u2014 En medio de la revisi\u00f3n salarial 2026 de la Universidad de Sonora con el Sindicato de Trabajadores Acad\u00e9micos de la Universidad En Sonora en Equipo publicamos toda la informaci\u00f3n de Sonora, M\u00e9xico y el Mundo de manera oportuna y busca que la libertad de expresi\u00f3n sea real. Visita nuestro medio informativo publicado desde Hermosillo, Sonora. %\",\"breadcrumb\":{\"@id\":\"https:\/\/www.sonoraenequipo.com.mx\/administrativo-de-la-unison-se-despacha-con-la-cuchara-grande\/#breadcrumb\"},\"inLanguage\":\"es\",\"potentialAction\":[{\"@type\":\"ReadAction\",\"target\":[\"https:\/\/www.sonoraenequipo.com.mx\/administrativo-de-la-unison-se-despacha-con-la-cuchara-grande\/\"]}]},{\"@type\":\"ImageObject\",\"inLanguage\":\"es\",\"@id\":\"https:\/\/www.sonoraenequipo.com.mx\/administrativo-de-la-unison-se-despacha-con-la-cuchara-grande\/#primaryimage\",\"url\":\"https:\/\/www.sonoraenequipo.com.mx\/storage\/2025\/02\/Rectori\u0301a-unison-min.jpg\",\"contentUrl\":\"https:\/\/www.sonoraenequipo.com.mx\/storage\/2025\/02\/Rectori\u0301a-unison-min.jpg\",\"width\":900,\"height\":506},{\"@type\":\"BreadcrumbList\",\"@id\":\"https:\/\/www.sonoraenequipo.com.mx\/administrativo-de-la-unison-se-despacha-con-la-cuchara-grande\/#breadcrumb\",\"itemListElement\":[{\"@type\":\"ListItem\",\"position\":1,\"name\":\"Portada\",\"item\":\"https:\/\/www.sonoraenequipo.com.mx\/\"},{\"@type\":\"ListItem\",\"position\":2,\"name\":\"Administrativo de la Unison se despacha con la cuchara grande\"}]},{\"@type\":\"WebSite\",\"@id\":\"https:\/\/www.sonoraenequipo.com.mx\/#website\",\"url\":\"https:\/\/www.sonoraenequipo.com.mx\/\",\"name\":\"Sonora en Equipo.\",\"description\":\"Diario en l\u00ednea con Noticias desde Hermosillo, Sonora\",\"publisher\":{\"@id\":\"https:\/\/www.sonoraenequipo.com.mx\/#organization\"},\"potentialAction\":[{\"@type\":\"SearchAction\",\"target\":{\"@type\":\"EntryPoint\",\"urlTemplate\":\"https:\/\/www.sonoraenequipo.com.mx\/?s={search_term_string}\"},\"query-input\":{\"@type\":\"PropertyValueSpecification\",\"valueRequired\":true,\"valueName\":\"search_term_string\"}}],\"inLanguage\":\"es\"},{\"@type\":\"Organization\",\"@id\":\"https:\/\/www.sonoraenequipo.com.mx\/#organization\",\"name\":\"Sonoraenequipo.com.mx\",\"url\":\"https:\/\/www.sonoraenequipo.com.mx\/\",\"logo\":{\"@type\":\"ImageObject\",\"inLanguage\":\"es\",\"@id\":\"https:\/\/www.sonoraenequipo.com.mx\/#\/schema\/logo\/image\/\",\"url\":\"https:\/\/www.sonoraenequipo.com.mx\/storage\/2019\/01\/sonoraenequipo_opt.png\",\"contentUrl\":\"https:\/\/www.sonoraenequipo.com.mx\/storage\/2019\/01\/sonoraenequipo_opt.png\",\"width\":375,\"height\":125,\"caption\":\"Sonoraenequipo.com.mx\"},\"image\":{\"@id\":\"https:\/\/www.sonoraenequipo.com.mx\/#\/schema\/logo\/image\/\"},\"sameAs\":[\"https:\/\/www.facebook.com\/SonoraEE\/\",\"https:\/\/x.com\/sonoraenequipo\",\"https:\/\/www.youtube.com\/channel\/UC338nW-lPEYmJQs4ZABQ1SQ\"]},{\"@type\":\"Person\",\"@id\":\"https:\/\/www.sonoraenequipo.com.mx\/#\/schema\/person\/fbd9952aca28efec00f1fb7fa9428cad\",\"name\":\"Nacho Bandin\",\"image\":{\"@type\":\"ImageObject\",\"inLanguage\":\"es\",\"@id\":\"https:\/\/www.sonoraenequipo.com.mx\/#\/schema\/person\/image\/\",\"url\":\"https:\/\/secure.gravatar.com\/avatar\/aa8b9910cb9aca6bb907bea274a87d80d1290d00069310f251740e3ee0bf15f1?s=96&d=blank&r=g\",\"contentUrl\":\"https:\/\/secure.gravatar.com\/avatar\/aa8b9910cb9aca6bb907bea274a87d80d1290d00069310f251740e3ee0bf15f1?s=96&d=blank&r=g\",\"caption\":\"Nacho Bandin\"},\"sameAs\":[\"http:\/\/sonoraenequipo.com.mx\"]}]}<\/script>\n ","yoast_head_json":{"title":"Sonora en Equipo. Administrativo de la Unison se despacha con la cuchara grande PALABRAS Y N\u00daMEROS","description":"HERMOSILLO, SONORA, MX. \u2014 En medio de la revisi\u00f3n salarial 2026 de la Universidad de Sonora con el Sindicato de Trabajadores Acad\u00e9micos de la Universidad En Sonora en Equipo publicamos toda la informaci\u00f3n de Sonora, M\u00e9xico y el Mundo de manera oportuna y busca que la libertad de expresi\u00f3n sea real. Visita nuestro medio informativo publicado desde Hermosillo, Sonora. %","robots":{"index":"index","follow":"follow","max-snippet":"max-snippet:-1","max-image-preview":"max-image-preview:large","max-video-preview":"max-video-preview:-1"},"canonical":"https:\/\/www.sonoraenequipo.com.mx\/administrativo-de-la-unison-se-despacha-con-la-cuchara-grande\/","og_locale":"es_ES","og_type":"article","og_title":"Sonora en Equipo. Administrativo de la Unison se despacha con la cuchara grande PALABRAS Y N\u00daMEROS","og_description":"HERMOSILLO, SONORA, MX. \u2014 En medio de la revisi\u00f3n salarial 2026 de la Universidad de Sonora con el Sindicato de Trabajadores Acad\u00e9micos de la Universidad En Sonora en Equipo publicamos toda la informaci\u00f3n de Sonora, M\u00e9xico y el Mundo de manera oportuna y busca que la libertad de expresi\u00f3n sea real. Visita nuestro medio informativo publicado desde Hermosillo, Sonora. %","og_url":"https:\/\/www.sonoraenequipo.com.mx\/administrativo-de-la-unison-se-despacha-con-la-cuchara-grande\/","og_site_name":"Sonora en Equipo.","article_publisher":"https:\/\/www.facebook.com\/SonoraEE\/","article_published_time":"2026-03-12T20:07:10+00:00","article_modified_time":"2026-03-12T20:16:51+00:00","og_image":[{"width":900,"height":506,"url":"https:\/\/www.sonoraenequipo.com.mx\/storage\/2025\/02\/Rectori\u0301a-unison-min.jpg","type":"image\/jpeg"}],"author":"Nacho Bandin","twitter_card":"summary_large_image","twitter_creator":"@sonoraenequipo","twitter_site":"@sonoraenequipo","twitter_misc":{"Escrito por":"Nacho Bandin","Tiempo de lectura":"1 minuto"},"schema":{"@context":"https:\/\/schema.org","@graph":[{"@type":"Article","@id":"https:\/\/www.sonoraenequipo.com.mx\/administrativo-de-la-unison-se-despacha-con-la-cuchara-grande\/#article","isPartOf":{"@id":"https:\/\/www.sonoraenequipo.com.mx\/administrativo-de-la-unison-se-despacha-con-la-cuchara-grande\/"},"author":{"name":"Nacho Bandin","@id":"https:\/\/www.sonoraenequipo.com.mx\/#\/schema\/person\/fbd9952aca28efec00f1fb7fa9428cad"},"headline":"Administrativo de la Unison se despacha con la cuchara grande","datePublished":"2026-03-12T20:07:10+00:00","dateModified":"2026-03-12T20:16:51+00:00","mainEntityOfPage":{"@id":"https:\/\/www.sonoraenequipo.com.mx\/administrativo-de-la-unison-se-despacha-con-la-cuchara-grande\/"},"wordCount":242,"commentCount":0,"publisher":{"@id":"https:\/\/www.sonoraenequipo.com.mx\/#organization"},"image":{"@id":"https:\/\/www.sonoraenequipo.com.mx\/administrativo-de-la-unison-se-despacha-con-la-cuchara-grande\/#primaryimage"},"thumbnailUrl":"https:\/\/www.sonoraenequipo.com.mx\/storage\/2025\/02\/Rectori\u0301a-unison-min.jpg","articleSection":["PALABRAS Y N\u00daMEROS"],"inLanguage":"es","potentialAction":[{"@type":"CommentAction","name":"Comment","target":["https:\/\/www.sonoraenequipo.com.mx\/administrativo-de-la-unison-se-despacha-con-la-cuchara-grande\/#respond"]}]},{"@type":"WebPage","@id":"https:\/\/www.sonoraenequipo.com.mx\/administrativo-de-la-unison-se-despacha-con-la-cuchara-grande\/","url":"https:\/\/www.sonoraenequipo.com.mx\/administrativo-de-la-unison-se-despacha-con-la-cuchara-grande\/","name":"Sonora en Equipo. Administrativo de la Unison se despacha con la cuchara grande PALABRAS Y N\u00daMEROS","isPartOf":{"@id":"https:\/\/www.sonoraenequipo.com.mx\/#website"},"primaryImageOfPage":{"@id":"https:\/\/www.sonoraenequipo.com.mx\/administrativo-de-la-unison-se-despacha-con-la-cuchara-grande\/#primaryimage"},"image":{"@id":"https:\/\/www.sonoraenequipo.com.mx\/administrativo-de-la-unison-se-despacha-con-la-cuchara-grande\/#primaryimage"},"thumbnailUrl":"https:\/\/www.sonoraenequipo.com.mx\/storage\/2025\/02\/Rectori\u0301a-unison-min.jpg","datePublished":"2026-03-12T20:07:10+00:00","dateModified":"2026-03-12T20:16:51+00:00","description":"HERMOSILLO, SONORA, MX. \u2014 En medio de la revisi\u00f3n salarial 2026 de la Universidad de Sonora con el Sindicato de Trabajadores Acad\u00e9micos de la Universidad En Sonora en Equipo publicamos toda la informaci\u00f3n de Sonora, M\u00e9xico y el Mundo de manera oportuna y busca que la libertad de expresi\u00f3n sea real. Visita nuestro medio informativo publicado desde Hermosillo, Sonora. %","breadcrumb":{"@id":"https:\/\/www.sonoraenequipo.com.mx\/administrativo-de-la-unison-se-despacha-con-la-cuchara-grande\/#breadcrumb"},"inLanguage":"es","potentialAction":[{"@type":"ReadAction","target":["https:\/\/www.sonoraenequipo.com.mx\/administrativo-de-la-unison-se-despacha-con-la-cuchara-grande\/"]}]},{"@type":"ImageObject","inLanguage":"es","@id":"https:\/\/www.sonoraenequipo.com.mx\/administrativo-de-la-unison-se-despacha-con-la-cuchara-grande\/#primaryimage","url":"https:\/\/www.sonoraenequipo.com.mx\/storage\/2025\/02\/Rectori\u0301a-unison-min.jpg","contentUrl":"https:\/\/www.sonoraenequipo.com.mx\/storage\/2025\/02\/Rectori\u0301a-unison-min.jpg","width":900,"height":506},{"@type":"BreadcrumbList","@id":"https:\/\/www.sonoraenequipo.com.mx\/administrativo-de-la-unison-se-despacha-con-la-cuchara-grande\/#breadcrumb","itemListElement":[{"@type":"ListItem","position":1,"name":"Portada","item":"https:\/\/www.sonoraenequipo.com.mx\/"},{"@type":"ListItem","position":2,"name":"Administrativo de la Unison se despacha con la cuchara grande"}]},{"@type":"WebSite","@id":"https:\/\/www.sonoraenequipo.com.mx\/#website","url":"https:\/\/www.sonoraenequipo.com.mx\/","name":"Sonora en Equipo.","description":"Diario en l\u00ednea con Noticias desde Hermosillo, Sonora","publisher":{"@id":"https:\/\/www.sonoraenequipo.com.mx\/#organization"},"potentialAction":[{"@type":"SearchAction","target":{"@type":"EntryPoint","urlTemplate":"https:\/\/www.sonoraenequipo.com.mx\/?s={search_term_string}"},"query-input":{"@type":"PropertyValueSpecification","valueRequired":true,"valueName":"search_term_string"}}],"inLanguage":"es"},{"@type":"Organization","@id":"https:\/\/www.sonoraenequipo.com.mx\/#organization","name":"Sonoraenequipo.com.mx","url":"https:\/\/www.sonoraenequipo.com.mx\/","logo":{"@type":"ImageObject","inLanguage":"es","@id":"https:\/\/www.sonoraenequipo.com.mx\/#\/schema\/logo\/image\/","url":"https:\/\/www.sonoraenequipo.com.mx\/storage\/2019\/01\/sonoraenequipo_opt.png","contentUrl":"https:\/\/www.sonoraenequipo.com.mx\/storage\/2019\/01\/sonoraenequipo_opt.png","width":375,"height":125,"caption":"Sonoraenequipo.com.mx"},"image":{"@id":"https:\/\/www.sonoraenequipo.com.mx\/#\/schema\/logo\/image\/"},"sameAs":["https:\/\/www.facebook.com\/SonoraEE\/","https:\/\/x.com\/sonoraenequipo","https:\/\/www.youtube.com\/channel\/UC338nW-lPEYmJQs4ZABQ1SQ"]},{"@type":"Person","@id":"https:\/\/www.sonoraenequipo.com.mx\/#\/schema\/person\/fbd9952aca28efec00f1fb7fa9428cad","name":"Nacho Bandin","image":{"@type":"ImageObject","inLanguage":"es","@id":"https:\/\/www.sonoraenequipo.com.mx\/#\/schema\/person\/image\/","url":"https:\/\/secure.gravatar.com\/avatar\/aa8b9910cb9aca6bb907bea274a87d80d1290d00069310f251740e3ee0bf15f1?s=96&d=blank&r=g","contentUrl":"https:\/\/secure.gravatar.com\/avatar\/aa8b9910cb9aca6bb907bea274a87d80d1290d00069310f251740e3ee0bf15f1?s=96&d=blank&r=g","caption":"Nacho Bandin"},"sameAs":["http:\/\/sonoraenequipo.com.mx"]}]}},"jetpack_featured_media_url":"https:\/\/www.sonoraenequipo.com.mx\/storage\/2025\/02\/Rectori\u0301a-unison-min.jpg","_links":{"self":[{"href":"https:\/\/www.sonoraenequipo.com.mx\/api\/wp\/v2\/posts\/237227","targetHints":{"allow":["GET"]}}],"collection":[{"href":"https:\/\/www.sonoraenequipo.com.mx\/api\/wp\/v2\/posts"}],"about":[{"href":"https:\/\/www.sonoraenequipo.com.mx\/api\/wp\/v2\/types\/post"}],"author":[{"embeddable":true,"href":"https:\/\/www.sonoraenequipo.com.mx\/api\/wp\/v2\/users\/6"}],"replies":[{"embeddable":true,"href":"https:\/\/www.sonoraenequipo.com.mx\/api\/wp\/v2\/comments?post=237227"}],"version-history":[{"count":5,"href":"https:\/\/www.sonoraenequipo.com.mx\/api\/wp\/v2\/posts\/237227\/revisions"}],"predecessor-version":[{"id":237247,"href":"https:\/\/www.sonoraenequipo.com.mx\/api\/wp\/v2\/posts\/237227\/revisions\/237247"}],"wp:featuredmedia":[{"embeddable":true,"href":"https:\/\/www.sonoraenequipo.com.mx\/api\/wp\/v2\/media\/210450"}],"wp:attachment":[{"href":"https:\/\/www.sonoraenequipo.com.mx\/api\/wp\/v2\/media?parent=237227"}],"wp:term":[{"taxonomy":"category","embeddable":true,"href":"https:\/\/www.sonoraenequipo.com.mx\/api\/wp\/v2\/categories?post=237227"},{"taxonomy":"post_tag","embeddable":true,"href":"https:\/\/www.sonoraenequipo.com.mx\/api\/wp\/v2\/tags?post=237227"}],"curies":[{"name":"wp","href":"https:\/\/api.w.org\/{rel}","templated":true}]}}