{"id":237229,"date":"2026-03-12T10:30:28","date_gmt":"2026-03-12T17:30:28","guid":{"rendered":"https:\/\/www.sonoraenequipo.com.mx\/?p=237229"},"modified":"2026-03-12T12:54:28","modified_gmt":"2026-03-12T19:54:28","slug":"iran-denuncia-danos-en-4-joyas-historicas-bajo-las-bombas","status":"publish","type":"post","link":"https:\/\/www.sonoraenequipo.com.mx\/iran-denuncia-danos-en-4-joyas-historicas-bajo-las-bombas\/","title":{"rendered":"Ir\u00e1n denuncia da\u00f1os en 4 joyas hist\u00f3ricas bajo las bombas"},"content":{"rendered":"<p><strong>IR\u00c1N. \u2014<\/strong> Al menos cuatro enclaves culturales e hist\u00f3ricos iran\u00edes han sufrido da\u00f1os verificados en plena escalada b\u00e9lica. La acusaci\u00f3n lanzada este jueves por el ministro de Exteriores iran\u00ed, Ab\u00e1s Araqchi, eleva un pelda\u00f1o m\u00e1s la confrontaci\u00f3n: ya no se discute solo sobre objetivos militares, sino sobre el deterioro de s\u00edmbolos que condensan siglos de historia. Ir\u00e1n sostiene que varios lugares Patrimonio Mundial han sido alcanzados y exige una reacci\u00f3n m\u00e1s contundente de la UNESCO. El trasfondo es todav\u00eda m\u00e1s delicado: Ir\u00e1n cuenta con 29 sitios inscritos en la lista del Patrimonio Mundial, de modo que cada impacto sobre uno de ellos trasciende la propaganda y entra en el terreno del coste civilizatorio, jur\u00eddico y econ\u00f3mico.<\/p>\n<p>&nbsp;<\/p>\n<h3>\nGolpe a la memoria persa<\/h3>\n<p>&nbsp;<\/p>\n<p>La denuncia iran\u00ed no es menor porque toca uno de los nervios m\u00e1s sensibles de cualquier Estado con ambici\u00f3n hist\u00f3rica: su relato de continuidad. Araqchi lo formul\u00f3 en t\u00e9rminos abiertamente pol\u00edticos al acusar a Israel de atacar monumentos y lugares hist\u00f3ricos, y al exigir a la UNESCO que abandone lo que Teher\u00e1n considera una respuesta insuficiente. \u201cEs natural que un r\u00e9gimen que no llegar\u00e1 al siglo odie a naciones con un pasado milenario\u201d, escribi\u00f3 el ministro iran\u00ed, en una frase que mezcla diplomacia, propaganda y una batalla por el encuadre moral del conflicto.<\/p>\n<p>&nbsp;<\/p>\n<p>&nbsp;<\/p>\n<p>Lo relevante, sin embargo, no es solo la ret\u00f3rica. Cuando el patrimonio entra en el parte de guerra, cambia la naturaleza del da\u00f1o. No se destruyen \u00fanicamente fachadas, c\u00fapulas o mosaicos; se erosiona un activo cultural que funciona como legitimidad interna, como proyecci\u00f3n internacional y tambi\u00e9n como fuente de actividad econ\u00f3mica. Lo m\u00e1s grave es que algunos de los enclaves afectados est\u00e1n vinculados a periodos fundacionales de la historia iran\u00ed y a ciudades cuya identidad urbana depende en gran medida de la preservaci\u00f3n de ese legado.<\/p>\n<p>&nbsp;<\/p>\n<h3>\nCuatro da\u00f1os ya verificados<\/h3>\n<p>&nbsp;<\/p>\n<p>A diferencia de otras acusaciones de guerra dif\u00edciles de contrastar en tiempo real, aqu\u00ed ya existe una base m\u00ednima confirmada. La agencia AP informa de que al menos cuatro lugares culturales e hist\u00f3ricos han sufrido da\u00f1os: el Palacio de Golest\u00e1n en Teher\u00e1n, el palacio de Chehel Sotoun, la Masjed-e J\u0101me de Isfah\u00e1n y edificios pr\u00f3ximos al valle de Jorramabad. En este \u00faltimo caso, el conjunto incluye cinco cuevas prehist\u00f3ricas y un abrigo rocoso con evidencias de ocupaci\u00f3n humana desde 63.000 a. C.. El dato, por s\u00ed solo, explica la magnitud de lo que est\u00e1 en juego.<\/p>\n<p>&nbsp;<\/p>\n<p>&nbsp;<\/p>\n<p>El caso m\u00e1s simb\u00f3lico es el de Golest\u00e1n. La UNESCO y varios medios internacionales han confirmado da\u00f1os en este complejo de la capital iran\u00ed, cuyos or\u00edgenes se remontan al siglo XIV y que sufri\u00f3 destrozos por onda expansiva y fragmentos tras un ataque en su zona de protecci\u00f3n. En Isfah\u00e1n, los desperfectos alcanzan adem\u00e1s a Chehel Sotoun, del siglo XVII, y a la mezquita del viernes m\u00e1s antigua del pa\u00eds. El contraste resulta demoledor: incluso cuando el impacto no es directo, las ondas, los cascotes y la presi\u00f3n de las explosiones bastan para quebrar vidrieras, molduras, azulejer\u00eda y estructuras delicadas.<\/p>\n<p>&nbsp;<\/p>\n<p>&nbsp;<\/p>\n<h3>\nLa presi\u00f3n sobre la UNESCO<\/h3>\n<p>&nbsp;<\/p>\n<p>&nbsp;<\/p>\n<p>Teher\u00e1n exige m\u00e1s visibilidad y m\u00e1s dureza a la UNESCO, pero el organismo ya ha dado un paso que conviene subrayar. En una comunicaci\u00f3n reciente, la agencia de Naciones Unidas expres\u00f3 su \u201cprofunda preocupaci\u00f3n\u201d y record\u00f3 que hab\u00eda transmitido a las partes las coordenadas geogr\u00e1ficas de los lugares inscritos en la lista del Patrimonio Mundial, as\u00ed como de otros bienes bajo protecci\u00f3n reforzada, para que se adoptaran todas las precauciones posibles. Ese matiz es crucial: no se trata de sitios invisibles ni ambiguos, sino de enclaves identificados de antemano.<\/p>\n<p>&nbsp;<\/p>\n<p>&nbsp;<\/p>\n<p>Este hecho revela una incomodidad institucional evidente. La UNESCO dispone de instrumentos normativos, capacidad de monitoreo y legitimidad internacional, pero carece de fuerza ejecutiva. Puede alertar, documentar y elevar la presi\u00f3n diplom\u00e1tica; no puede detener un misil. En ciudades como Isfah\u00e1n, seg\u00fan relat\u00f3 la prensa brit\u00e1nica, los tejados de varios edificios hist\u00f3ricos exhib\u00edan incluso el emblema del Blue Shield, distintivo asociado a la protecci\u00f3n de bienes culturales en conflicto armado. Y aun as\u00ed hubo da\u00f1os. La consecuencia es clara: el marco de protecci\u00f3n existe, pero su eficacia depende por completo de que los beligerantes decidan respetarlo.<\/p>\n<p>&nbsp;<\/p>\n<p>&nbsp;<\/p>\n<h3>Un da\u00f1o que tambi\u00e9n es econ\u00f3mico<\/h3>\n<p>&nbsp;<\/p>\n<p>La destrucci\u00f3n patrimonial suele analizarse como una tragedia cultural, y lo es. Pero tambi\u00e9n constituye un problema econ\u00f3mico de primer orden. Teher\u00e1n e Isfah\u00e1n no solo albergan monumentos; concentran actividad tur\u00edstica, cadenas de servicios, empleo cultural, restauraci\u00f3n, comercio urbano y reputaci\u00f3n internacional. Cada cristal roto en Golest\u00e1n y cada mosaico perdido en Isfah\u00e1n encarecen futuras restauraciones, disuaden visitantes y multiplican la percepci\u00f3n de riesgo pa\u00eds. A falta de una valoraci\u00f3n oficial cerrada de los da\u00f1os, el coste potencial ya se adivina elevado porque hablamos de conjuntos monumentales de alta complejidad t\u00e9cnica y fuerte carga simb\u00f3lica.<\/p>\n<p>&nbsp;<\/p>\n<p>&nbsp;<\/p>\n<p>Adem\u00e1s, el deterioro del patrimonio se produce dentro de un shock regional mucho m\u00e1s amplio. El Brent ha vuelto a superar los 100 d\u00f3lares por barril y la Agencia Internacional de la Energ\u00eda ha impulsado una liberaci\u00f3n de 400 millones de barriles de reservas estrat\u00e9gicas para amortiguar la crisis de oferta. El diagn\u00f3stico es inequ\u00edvoco: cuando una guerra empieza a da\u00f1ar a la vez infraestructura energ\u00e9tica, centros urbanos y patrimonio protegido, la factura ya no es local. Afecta al comercio, a los seguros, al transporte, a la inflaci\u00f3n y a la percepci\u00f3n global de estabilidad.<\/p>\n<p>&nbsp;<\/p>\n<p>&nbsp;<\/p>\n<h3>El precedente jur\u00eddico que inquieta<\/h3>\n<p>&nbsp;<\/p>\n<p>El trasfondo legal tambi\u00e9n merece atenci\u00f3n. La Convenci\u00f3n de La Haya de 1954 para la protecci\u00f3n de bienes culturales en caso de conflicto armado naci\u00f3 precisamente para evitar que la guerra devorase la herencia material de los pueblos. La UNESCO recuerda que esa protecci\u00f3n no es ornamental: responde a la idea de que el da\u00f1o al patrimonio de un pueblo es, en \u00faltima instancia, un da\u00f1o al patrimonio de toda la humanidad. Bajo el sistema de protecci\u00f3n reforzada, ciertos bienes gozan de una inmunidad especialmente alta frente a ataques o frente a su uso como objetivo militar.<\/p>\n<p>&nbsp;<\/p>\n<p>&nbsp;<\/p>\n<p>Ahora bien, la diferencia entre da\u00f1o colateral, negligencia grave y ataque deliberado puede marcar el recorrido jur\u00eddico del caso. Por eso la documentaci\u00f3n importa tanto. Fotograf\u00edas, coordenadas previas, informes t\u00e9cnicos y peritajes de restauraci\u00f3n pueden convertirse con el tiempo en piezas relevantes para determinar responsabilidades. Si se acreditara que no se tomaron las precauciones factibles o que hubo conocimiento suficiente del riesgo, el debate dejar\u00eda de ser meramente diplom\u00e1tico. En ese escenario, el patrimonio pasar\u00eda de ser s\u00edmbolo herido a prueba material de una eventual infracci\u00f3n del derecho internacional humanitario.<\/p>\n<p>&nbsp;<\/p>\n<p>&nbsp;<\/p>\n<p>PUBLICADO EL 12 DE MARZO 2026 Con informaci\u00f3n de NEGOCIOS TV\/Fabiana Ruiz)<\/p>\n","protected":false},"excerpt":{"rendered":"<p>IR\u00c1N. \u2014 Al menos cuatro enclaves culturales e hist\u00f3ricos iran\u00edes han sufrido da\u00f1os verificados en&#8230;<\/p>\n","protected":false},"author":1,"featured_media":237232,"comment_status":"open","ping_status":"open","sticky":false,"template":"","format":"standard","meta":{"_monsterinsights_skip_tracking":false,"_monsterinsights_sitenote_active":false,"_monsterinsights_sitenote_note":"","_monsterinsights_sitenote_category":0,"footnotes":""},"categories":[3],"tags":[],"class_list":["post"],"yoast_head":" \n<title>Sonora en Equipo. Ir\u00e1n denuncia da\u00f1os en 4 joyas hist\u00f3ricas bajo las bombas MUNDO<\/title>\n<meta name=\"description\" content=\"IR\u00c1N. \u2014 Al menos cuatro enclaves culturales e hist\u00f3ricos iran\u00edes han sufrido da\u00f1os verificados en plena escalada b\u00e9lica. La acusaci\u00f3n lanzada este jueves En Sonora en Equipo publicamos toda la informaci\u00f3n de Sonora, M\u00e9xico y el Mundo de manera oportuna y busca que la libertad de expresi\u00f3n sea real. Visita nuestro medio informativo publicado desde Hermosillo, Sonora. %\" \/>\n<meta name=\"robots\" content=\"index, follow, max-snippet:-1, max-image-preview:large, max-video-preview:-1\" \/>\n<link rel=\"canonical\" href=\"https:\/\/www.sonoraenequipo.com.mx\/iran-denuncia-danos-en-4-joyas-historicas-bajo-las-bombas\/\" \/>\n<meta property=\"og:locale\" content=\"es_ES\" \/>\n<meta property=\"og:type\" content=\"article\" \/>\n<meta property=\"og:title\" content=\"Sonora en Equipo. Ir\u00e1n denuncia da\u00f1os en 4 joyas hist\u00f3ricas bajo las bombas MUNDO\" \/>\n<meta property=\"og:description\" content=\"IR\u00c1N. \u2014 Al menos cuatro enclaves culturales e hist\u00f3ricos iran\u00edes han sufrido da\u00f1os verificados en plena escalada b\u00e9lica. La acusaci\u00f3n lanzada este jueves En Sonora en Equipo publicamos toda la informaci\u00f3n de Sonora, M\u00e9xico y el Mundo de manera oportuna y busca que la libertad de expresi\u00f3n sea real. Visita nuestro medio informativo publicado desde Hermosillo, Sonora. %\" \/>\n<meta property=\"og:url\" content=\"https:\/\/www.sonoraenequipo.com.mx\/iran-denuncia-danos-en-4-joyas-historicas-bajo-las-bombas\/\" \/>\n<meta property=\"og:site_name\" content=\"Sonora en Equipo.\" \/>\n<meta property=\"article:publisher\" content=\"https:\/\/www.facebook.com\/SonoraEE\/\" \/>\n<meta property=\"article:author\" content=\"https:\/\/www.facebook.com\/SonoraEE\" \/>\n<meta property=\"article:published_time\" content=\"2026-03-12T17:30:28+00:00\" \/>\n<meta property=\"article:modified_time\" content=\"2026-03-12T19:54:28+00:00\" \/>\n<meta property=\"og:image\" content=\"https:\/\/www.sonoraenequipo.com.mx\/storage\/2026\/03\/Palacio-de-Golestan-Teheran-Iran.jpg\" \/>\n\t<meta property=\"og:image:width\" content=\"1280\" \/>\n\t<meta property=\"og:image:height\" content=\"556\" \/>\n\t<meta property=\"og:image:type\" content=\"image\/jpeg\" \/>\n<meta name=\"author\" content=\"enequipo\" \/>\n<meta name=\"twitter:card\" content=\"summary_large_image\" \/>\n<meta name=\"twitter:creator\" content=\"@sonoraenequipo\" \/>\n<meta name=\"twitter:site\" content=\"@sonoraenequipo\" \/>\n<meta name=\"twitter:label1\" content=\"Escrito por\" \/>\n\t<meta name=\"twitter:data1\" content=\"enequipo\" \/>\n\t<meta name=\"twitter:label2\" content=\"Tiempo de lectura\" \/>\n\t<meta name=\"twitter:data2\" content=\"6 minutos\" \/>\n<script type=\"application\/ld+json\" class=\"yoast-schema-graph\">{\"@context\":\"https:\/\/schema.org\",\"@graph\":[{\"@type\":\"Article\",\"@id\":\"https:\/\/www.sonoraenequipo.com.mx\/iran-denuncia-danos-en-4-joyas-historicas-bajo-las-bombas\/#article\",\"isPartOf\":{\"@id\":\"https:\/\/www.sonoraenequipo.com.mx\/iran-denuncia-danos-en-4-joyas-historicas-bajo-las-bombas\/\"},\"author\":{\"name\":\"enequipo\",\"@id\":\"https:\/\/www.sonoraenequipo.com.mx\/#\/schema\/person\/50102df0fb23a8fa9e8effad8fa81386\"},\"headline\":\"Ir\u00e1n denuncia da\u00f1os en 4 joyas hist\u00f3ricas bajo las bombas\",\"datePublished\":\"2026-03-12T17:30:28+00:00\",\"dateModified\":\"2026-03-12T19:54:28+00:00\",\"mainEntityOfPage\":{\"@id\":\"https:\/\/www.sonoraenequipo.com.mx\/iran-denuncia-danos-en-4-joyas-historicas-bajo-las-bombas\/\"},\"wordCount\":1252,\"commentCount\":0,\"publisher\":{\"@id\":\"https:\/\/www.sonoraenequipo.com.mx\/#organization\"},\"image\":{\"@id\":\"https:\/\/www.sonoraenequipo.com.mx\/iran-denuncia-danos-en-4-joyas-historicas-bajo-las-bombas\/#primaryimage\"},\"thumbnailUrl\":\"https:\/\/www.sonoraenequipo.com.mx\/storage\/2026\/03\/Palacio-de-Golestan-Teheran-Iran.jpg\",\"articleSection\":[\"MUNDO\"],\"inLanguage\":\"es\",\"potentialAction\":[{\"@type\":\"CommentAction\",\"name\":\"Comment\",\"target\":[\"https:\/\/www.sonoraenequipo.com.mx\/iran-denuncia-danos-en-4-joyas-historicas-bajo-las-bombas\/#respond\"]}]},{\"@type\":\"WebPage\",\"@id\":\"https:\/\/www.sonoraenequipo.com.mx\/iran-denuncia-danos-en-4-joyas-historicas-bajo-las-bombas\/\",\"url\":\"https:\/\/www.sonoraenequipo.com.mx\/iran-denuncia-danos-en-4-joyas-historicas-bajo-las-bombas\/\",\"name\":\"Sonora en Equipo. Ir\u00e1n denuncia da\u00f1os en 4 joyas hist\u00f3ricas bajo las bombas MUNDO\",\"isPartOf\":{\"@id\":\"https:\/\/www.sonoraenequipo.com.mx\/#website\"},\"primaryImageOfPage\":{\"@id\":\"https:\/\/www.sonoraenequipo.com.mx\/iran-denuncia-danos-en-4-joyas-historicas-bajo-las-bombas\/#primaryimage\"},\"image\":{\"@id\":\"https:\/\/www.sonoraenequipo.com.mx\/iran-denuncia-danos-en-4-joyas-historicas-bajo-las-bombas\/#primaryimage\"},\"thumbnailUrl\":\"https:\/\/www.sonoraenequipo.com.mx\/storage\/2026\/03\/Palacio-de-Golestan-Teheran-Iran.jpg\",\"datePublished\":\"2026-03-12T17:30:28+00:00\",\"dateModified\":\"2026-03-12T19:54:28+00:00\",\"description\":\"IR\u00c1N. \u2014 Al menos cuatro enclaves culturales e hist\u00f3ricos iran\u00edes han sufrido da\u00f1os verificados en plena escalada b\u00e9lica. La acusaci\u00f3n lanzada este jueves En Sonora en Equipo publicamos toda la informaci\u00f3n de Sonora, M\u00e9xico y el Mundo de manera oportuna y busca que la libertad de expresi\u00f3n sea real. Visita nuestro medio informativo publicado desde Hermosillo, Sonora. %\",\"breadcrumb\":{\"@id\":\"https:\/\/www.sonoraenequipo.com.mx\/iran-denuncia-danos-en-4-joyas-historicas-bajo-las-bombas\/#breadcrumb\"},\"inLanguage\":\"es\",\"potentialAction\":[{\"@type\":\"ReadAction\",\"target\":[\"https:\/\/www.sonoraenequipo.com.mx\/iran-denuncia-danos-en-4-joyas-historicas-bajo-las-bombas\/\"]}]},{\"@type\":\"ImageObject\",\"inLanguage\":\"es\",\"@id\":\"https:\/\/www.sonoraenequipo.com.mx\/iran-denuncia-danos-en-4-joyas-historicas-bajo-las-bombas\/#primaryimage\",\"url\":\"https:\/\/www.sonoraenequipo.com.mx\/storage\/2026\/03\/Palacio-de-Golestan-Teheran-Iran.jpg\",\"contentUrl\":\"https:\/\/www.sonoraenequipo.com.mx\/storage\/2026\/03\/Palacio-de-Golestan-Teheran-Iran.jpg\",\"width\":1280,\"height\":556},{\"@type\":\"BreadcrumbList\",\"@id\":\"https:\/\/www.sonoraenequipo.com.mx\/iran-denuncia-danos-en-4-joyas-historicas-bajo-las-bombas\/#breadcrumb\",\"itemListElement\":[{\"@type\":\"ListItem\",\"position\":1,\"name\":\"Portada\",\"item\":\"https:\/\/www.sonoraenequipo.com.mx\/\"},{\"@type\":\"ListItem\",\"position\":2,\"name\":\"Ir\u00e1n denuncia da\u00f1os en 4 joyas hist\u00f3ricas bajo las bombas\"}]},{\"@type\":\"WebSite\",\"@id\":\"https:\/\/www.sonoraenequipo.com.mx\/#website\",\"url\":\"https:\/\/www.sonoraenequipo.com.mx\/\",\"name\":\"Sonora en Equipo.\",\"description\":\"Diario en l\u00ednea con Noticias desde Hermosillo, Sonora\",\"publisher\":{\"@id\":\"https:\/\/www.sonoraenequipo.com.mx\/#organization\"},\"potentialAction\":[{\"@type\":\"SearchAction\",\"target\":{\"@type\":\"EntryPoint\",\"urlTemplate\":\"https:\/\/www.sonoraenequipo.com.mx\/?s={search_term_string}\"},\"query-input\":{\"@type\":\"PropertyValueSpecification\",\"valueRequired\":true,\"valueName\":\"search_term_string\"}}],\"inLanguage\":\"es\"},{\"@type\":\"Organization\",\"@id\":\"https:\/\/www.sonoraenequipo.com.mx\/#organization\",\"name\":\"Sonoraenequipo.com.mx\",\"url\":\"https:\/\/www.sonoraenequipo.com.mx\/\",\"logo\":{\"@type\":\"ImageObject\",\"inLanguage\":\"es\",\"@id\":\"https:\/\/www.sonoraenequipo.com.mx\/#\/schema\/logo\/image\/\",\"url\":\"https:\/\/www.sonoraenequipo.com.mx\/storage\/2019\/01\/sonoraenequipo_opt.png\",\"contentUrl\":\"https:\/\/www.sonoraenequipo.com.mx\/storage\/2019\/01\/sonoraenequipo_opt.png\",\"width\":375,\"height\":125,\"caption\":\"Sonoraenequipo.com.mx\"},\"image\":{\"@id\":\"https:\/\/www.sonoraenequipo.com.mx\/#\/schema\/logo\/image\/\"},\"sameAs\":[\"https:\/\/www.facebook.com\/SonoraEE\/\",\"https:\/\/x.com\/sonoraenequipo\",\"https:\/\/www.youtube.com\/channel\/UC338nW-lPEYmJQs4ZABQ1SQ\"]},{\"@type\":\"Person\",\"@id\":\"https:\/\/www.sonoraenequipo.com.mx\/#\/schema\/person\/50102df0fb23a8fa9e8effad8fa81386\",\"name\":\"enequipo\",\"image\":{\"@type\":\"ImageObject\",\"inLanguage\":\"es\",\"@id\":\"https:\/\/www.sonoraenequipo.com.mx\/#\/schema\/person\/image\/\",\"url\":\"https:\/\/secure.gravatar.com\/avatar\/049821681b589dabc0bc20695993ccebb09f5b5d4d790cd9251b97faac7c652b?s=96&d=blank&r=g\",\"contentUrl\":\"https:\/\/secure.gravatar.com\/avatar\/049821681b589dabc0bc20695993ccebb09f5b5d4d790cd9251b97faac7c652b?s=96&d=blank&r=g\",\"caption\":\"enequipo\"},\"sameAs\":[\"https:\/\/www.facebook.com\/SonoraEE\"]}]}<\/script>\n ","yoast_head_json":{"title":"Sonora en Equipo. Ir\u00e1n denuncia da\u00f1os en 4 joyas hist\u00f3ricas bajo las bombas MUNDO","description":"IR\u00c1N. \u2014 Al menos cuatro enclaves culturales e hist\u00f3ricos iran\u00edes han sufrido da\u00f1os verificados en plena escalada b\u00e9lica. La acusaci\u00f3n lanzada este jueves En Sonora en Equipo publicamos toda la informaci\u00f3n de Sonora, M\u00e9xico y el Mundo de manera oportuna y busca que la libertad de expresi\u00f3n sea real. Visita nuestro medio informativo publicado desde Hermosillo, Sonora. %","robots":{"index":"index","follow":"follow","max-snippet":"max-snippet:-1","max-image-preview":"max-image-preview:large","max-video-preview":"max-video-preview:-1"},"canonical":"https:\/\/www.sonoraenequipo.com.mx\/iran-denuncia-danos-en-4-joyas-historicas-bajo-las-bombas\/","og_locale":"es_ES","og_type":"article","og_title":"Sonora en Equipo. Ir\u00e1n denuncia da\u00f1os en 4 joyas hist\u00f3ricas bajo las bombas MUNDO","og_description":"IR\u00c1N. \u2014 Al menos cuatro enclaves culturales e hist\u00f3ricos iran\u00edes han sufrido da\u00f1os verificados en plena escalada b\u00e9lica. La acusaci\u00f3n lanzada este jueves En Sonora en Equipo publicamos toda la informaci\u00f3n de Sonora, M\u00e9xico y el Mundo de manera oportuna y busca que la libertad de expresi\u00f3n sea real. Visita nuestro medio informativo publicado desde Hermosillo, Sonora. %","og_url":"https:\/\/www.sonoraenequipo.com.mx\/iran-denuncia-danos-en-4-joyas-historicas-bajo-las-bombas\/","og_site_name":"Sonora en Equipo.","article_publisher":"https:\/\/www.facebook.com\/SonoraEE\/","article_author":"https:\/\/www.facebook.com\/SonoraEE","article_published_time":"2026-03-12T17:30:28+00:00","article_modified_time":"2026-03-12T19:54:28+00:00","og_image":[{"width":1280,"height":556,"url":"https:\/\/www.sonoraenequipo.com.mx\/storage\/2026\/03\/Palacio-de-Golestan-Teheran-Iran.jpg","type":"image\/jpeg"}],"author":"enequipo","twitter_card":"summary_large_image","twitter_creator":"@sonoraenequipo","twitter_site":"@sonoraenequipo","twitter_misc":{"Escrito por":"enequipo","Tiempo de lectura":"6 minutos"},"schema":{"@context":"https:\/\/schema.org","@graph":[{"@type":"Article","@id":"https:\/\/www.sonoraenequipo.com.mx\/iran-denuncia-danos-en-4-joyas-historicas-bajo-las-bombas\/#article","isPartOf":{"@id":"https:\/\/www.sonoraenequipo.com.mx\/iran-denuncia-danos-en-4-joyas-historicas-bajo-las-bombas\/"},"author":{"name":"enequipo","@id":"https:\/\/www.sonoraenequipo.com.mx\/#\/schema\/person\/50102df0fb23a8fa9e8effad8fa81386"},"headline":"Ir\u00e1n denuncia da\u00f1os en 4 joyas hist\u00f3ricas bajo las bombas","datePublished":"2026-03-12T17:30:28+00:00","dateModified":"2026-03-12T19:54:28+00:00","mainEntityOfPage":{"@id":"https:\/\/www.sonoraenequipo.com.mx\/iran-denuncia-danos-en-4-joyas-historicas-bajo-las-bombas\/"},"wordCount":1252,"commentCount":0,"publisher":{"@id":"https:\/\/www.sonoraenequipo.com.mx\/#organization"},"image":{"@id":"https:\/\/www.sonoraenequipo.com.mx\/iran-denuncia-danos-en-4-joyas-historicas-bajo-las-bombas\/#primaryimage"},"thumbnailUrl":"https:\/\/www.sonoraenequipo.com.mx\/storage\/2026\/03\/Palacio-de-Golestan-Teheran-Iran.jpg","articleSection":["MUNDO"],"inLanguage":"es","potentialAction":[{"@type":"CommentAction","name":"Comment","target":["https:\/\/www.sonoraenequipo.com.mx\/iran-denuncia-danos-en-4-joyas-historicas-bajo-las-bombas\/#respond"]}]},{"@type":"WebPage","@id":"https:\/\/www.sonoraenequipo.com.mx\/iran-denuncia-danos-en-4-joyas-historicas-bajo-las-bombas\/","url":"https:\/\/www.sonoraenequipo.com.mx\/iran-denuncia-danos-en-4-joyas-historicas-bajo-las-bombas\/","name":"Sonora en Equipo. Ir\u00e1n denuncia da\u00f1os en 4 joyas hist\u00f3ricas bajo las bombas MUNDO","isPartOf":{"@id":"https:\/\/www.sonoraenequipo.com.mx\/#website"},"primaryImageOfPage":{"@id":"https:\/\/www.sonoraenequipo.com.mx\/iran-denuncia-danos-en-4-joyas-historicas-bajo-las-bombas\/#primaryimage"},"image":{"@id":"https:\/\/www.sonoraenequipo.com.mx\/iran-denuncia-danos-en-4-joyas-historicas-bajo-las-bombas\/#primaryimage"},"thumbnailUrl":"https:\/\/www.sonoraenequipo.com.mx\/storage\/2026\/03\/Palacio-de-Golestan-Teheran-Iran.jpg","datePublished":"2026-03-12T17:30:28+00:00","dateModified":"2026-03-12T19:54:28+00:00","description":"IR\u00c1N. \u2014 Al menos cuatro enclaves culturales e hist\u00f3ricos iran\u00edes han sufrido da\u00f1os verificados en plena escalada b\u00e9lica. La acusaci\u00f3n lanzada este jueves En Sonora en Equipo publicamos toda la informaci\u00f3n de Sonora, M\u00e9xico y el Mundo de manera oportuna y busca que la libertad de expresi\u00f3n sea real. Visita nuestro medio informativo publicado desde Hermosillo, Sonora. %","breadcrumb":{"@id":"https:\/\/www.sonoraenequipo.com.mx\/iran-denuncia-danos-en-4-joyas-historicas-bajo-las-bombas\/#breadcrumb"},"inLanguage":"es","potentialAction":[{"@type":"ReadAction","target":["https:\/\/www.sonoraenequipo.com.mx\/iran-denuncia-danos-en-4-joyas-historicas-bajo-las-bombas\/"]}]},{"@type":"ImageObject","inLanguage":"es","@id":"https:\/\/www.sonoraenequipo.com.mx\/iran-denuncia-danos-en-4-joyas-historicas-bajo-las-bombas\/#primaryimage","url":"https:\/\/www.sonoraenequipo.com.mx\/storage\/2026\/03\/Palacio-de-Golestan-Teheran-Iran.jpg","contentUrl":"https:\/\/www.sonoraenequipo.com.mx\/storage\/2026\/03\/Palacio-de-Golestan-Teheran-Iran.jpg","width":1280,"height":556},{"@type":"BreadcrumbList","@id":"https:\/\/www.sonoraenequipo.com.mx\/iran-denuncia-danos-en-4-joyas-historicas-bajo-las-bombas\/#breadcrumb","itemListElement":[{"@type":"ListItem","position":1,"name":"Portada","item":"https:\/\/www.sonoraenequipo.com.mx\/"},{"@type":"ListItem","position":2,"name":"Ir\u00e1n denuncia da\u00f1os en 4 joyas hist\u00f3ricas bajo las bombas"}]},{"@type":"WebSite","@id":"https:\/\/www.sonoraenequipo.com.mx\/#website","url":"https:\/\/www.sonoraenequipo.com.mx\/","name":"Sonora en Equipo.","description":"Diario en l\u00ednea con Noticias desde Hermosillo, Sonora","publisher":{"@id":"https:\/\/www.sonoraenequipo.com.mx\/#organization"},"potentialAction":[{"@type":"SearchAction","target":{"@type":"EntryPoint","urlTemplate":"https:\/\/www.sonoraenequipo.com.mx\/?s={search_term_string}"},"query-input":{"@type":"PropertyValueSpecification","valueRequired":true,"valueName":"search_term_string"}}],"inLanguage":"es"},{"@type":"Organization","@id":"https:\/\/www.sonoraenequipo.com.mx\/#organization","name":"Sonoraenequipo.com.mx","url":"https:\/\/www.sonoraenequipo.com.mx\/","logo":{"@type":"ImageObject","inLanguage":"es","@id":"https:\/\/www.sonoraenequipo.com.mx\/#\/schema\/logo\/image\/","url":"https:\/\/www.sonoraenequipo.com.mx\/storage\/2019\/01\/sonoraenequipo_opt.png","contentUrl":"https:\/\/www.sonoraenequipo.com.mx\/storage\/2019\/01\/sonoraenequipo_opt.png","width":375,"height":125,"caption":"Sonoraenequipo.com.mx"},"image":{"@id":"https:\/\/www.sonoraenequipo.com.mx\/#\/schema\/logo\/image\/"},"sameAs":["https:\/\/www.facebook.com\/SonoraEE\/","https:\/\/x.com\/sonoraenequipo","https:\/\/www.youtube.com\/channel\/UC338nW-lPEYmJQs4ZABQ1SQ"]},{"@type":"Person","@id":"https:\/\/www.sonoraenequipo.com.mx\/#\/schema\/person\/50102df0fb23a8fa9e8effad8fa81386","name":"enequipo","image":{"@type":"ImageObject","inLanguage":"es","@id":"https:\/\/www.sonoraenequipo.com.mx\/#\/schema\/person\/image\/","url":"https:\/\/secure.gravatar.com\/avatar\/049821681b589dabc0bc20695993ccebb09f5b5d4d790cd9251b97faac7c652b?s=96&d=blank&r=g","contentUrl":"https:\/\/secure.gravatar.com\/avatar\/049821681b589dabc0bc20695993ccebb09f5b5d4d790cd9251b97faac7c652b?s=96&d=blank&r=g","caption":"enequipo"},"sameAs":["https:\/\/www.facebook.com\/SonoraEE"]}]}},"jetpack_featured_media_url":"https:\/\/www.sonoraenequipo.com.mx\/storage\/2026\/03\/Palacio-de-Golestan-Teheran-Iran.jpg","_links":{"self":[{"href":"https:\/\/www.sonoraenequipo.com.mx\/api\/wp\/v2\/posts\/237229","targetHints":{"allow":["GET"]}}],"collection":[{"href":"https:\/\/www.sonoraenequipo.com.mx\/api\/wp\/v2\/posts"}],"about":[{"href":"https:\/\/www.sonoraenequipo.com.mx\/api\/wp\/v2\/types\/post"}],"author":[{"embeddable":true,"href":"https:\/\/www.sonoraenequipo.com.mx\/api\/wp\/v2\/users\/1"}],"replies":[{"embeddable":true,"href":"https:\/\/www.sonoraenequipo.com.mx\/api\/wp\/v2\/comments?post=237229"}],"version-history":[{"count":1,"href":"https:\/\/www.sonoraenequipo.com.mx\/api\/wp\/v2\/posts\/237229\/revisions"}],"predecessor-version":[{"id":237237,"href":"https:\/\/www.sonoraenequipo.com.mx\/api\/wp\/v2\/posts\/237229\/revisions\/237237"}],"wp:featuredmedia":[{"embeddable":true,"href":"https:\/\/www.sonoraenequipo.com.mx\/api\/wp\/v2\/media\/237232"}],"wp:attachment":[{"href":"https:\/\/www.sonoraenequipo.com.mx\/api\/wp\/v2\/media?parent=237229"}],"wp:term":[{"taxonomy":"category","embeddable":true,"href":"https:\/\/www.sonoraenequipo.com.mx\/api\/wp\/v2\/categories?post=237229"},{"taxonomy":"post_tag","embeddable":true,"href":"https:\/\/www.sonoraenequipo.com.mx\/api\/wp\/v2\/tags?post=237229"}],"curies":[{"name":"wp","href":"https:\/\/api.w.org\/{rel}","templated":true}]}}