{"id":237250,"date":"2026-03-12T13:32:40","date_gmt":"2026-03-12T20:32:40","guid":{"rendered":"https:\/\/www.sonoraenequipo.com.mx\/?p=237250"},"modified":"2026-03-12T13:33:19","modified_gmt":"2026-03-12T20:33:19","slug":"jorge-lozano-garza-asume-presidencia-de-la-canilec","status":"publish","type":"post","link":"https:\/\/www.sonoraenequipo.com.mx\/jorge-lozano-garza-asume-presidencia-de-la-canilec\/","title":{"rendered":"Jorge Lozano Garza asume presidencia de la Canilec"},"content":{"rendered":"<p><strong>CIUDAD DE M\u00c9XICO. \u2014<\/strong> En el marco de la LXVI Asamblea General Ordinaria de la C\u00e1mara Nacional de Industriales de la Leche (Canilec), realizada en la Ciudad de M\u00e9xico, Jorge Lozano Garza asumi\u00f3 la presidencia del organismo que representa a la industria l\u00e1ctea mexicana, en un momento clave para el sector ante el inicio de una nueva etapa de di\u00e1logo y negociaciones comerciales en torno al Tratado entre M\u00e9xico, Estados Unidos y Canad\u00e1 (T-MEC).<\/p>\n<p>&nbsp;<\/p>\n<p>&nbsp;<\/p>\n<p>&nbsp;<\/p>\n<p>La llegada de Lozano Garza a la presidencia de Canilec ocurre en un contexto estrat\u00e9gico para la industria agroalimentaria, marcado por la evoluci\u00f3n del comercio regional y los desaf\u00edos que enfrenta la cadena productiva l\u00e1ctea en Am\u00e9rica del Norte.<\/p>\n<p>&nbsp;<\/p>\n<p>&nbsp;<\/p>\n<p>&nbsp;<\/p>\n<p>El nuevo dirigente cuenta con una trayectoria vinculada al comercio exterior, un perfil particularmente relevante considerando el peso que tiene el intercambio agroalimentario en la regi\u00f3n y el papel que desempe\u00f1an los productos l\u00e1cteos dentro de la relaci\u00f3n comercial entre M\u00e9xico, Estados Unidos y Canad\u00e1. En este escenario, la articulaci\u00f3n del sector y el fortalecimiento del di\u00e1logo institucional con autoridades y socios comerciales ser\u00e1n elementos centrales de su agenda.<\/p>\n<p>&nbsp;<\/p>\n<p>&nbsp;<\/p>\n<p>&nbsp;<\/p>\n<p>Actualmente, M\u00e9xico produce m\u00e1s de 13 mil 800 millones de litros de leche al a\u00f1o, lo que refleja la fortaleza y crecimiento sostenido de esta actividad productiva. La cadena l\u00e1ctea nacional integra desde la producci\u00f3n primaria hasta la transformaci\u00f3n industrial y la distribuci\u00f3n, generando m\u00e1s de 600 mil empleos directos y cerca de un mill\u00f3n de empleos indirectos.<\/p>\n<p>&nbsp;<\/p>\n<p>Adem\u00e1s, el sector l\u00e1cteo representa un componente estrat\u00e9gico del sistema agroalimentario nacional, con una derrama econ\u00f3mica anual cercana a los 600 mil millones de pesos, posicion\u00e1ndose como la cuarta industria alimentaria m\u00e1s relevante del pa\u00eds.<\/p>\n<p>&nbsp;<\/p>\n<p>&nbsp;<\/p>\n<p>&nbsp;<\/p>\n<p>Durante su mensaje de toma de posesi\u00f3n, Lozano Garza destac\u00f3: \u201cM\u00e9xico ha logrado mantener un crecimiento sostenido en la producci\u00f3n de leche, alcanzando 13 mil 800 millones de litros anuales, lo que confirma la importancia del sector l\u00e1cteo en el abastecimiento alimentario del pa\u00eds\u201d.<\/p>\n<p>&nbsp;<\/p>\n<p>&nbsp;<\/p>\n<p>&nbsp;<\/p>\n<p>Desde la presidencia de Canilec, impulsar\u00e1 una agenda enfocada en fortalecer la capacidad t\u00e9cnica del organismo, ampliar los servicios a los afiliados y consolidar espacios de di\u00e1logo con autoridades, academia y sociedad civil, con el objetivo de promover una industria m\u00e1s competitiva, sostenible y capaz de contribuir a la seguridad y soberan\u00eda alimentaria de M\u00e9xico.<\/p>\n<p>&nbsp;<\/p>\n<p>&nbsp;<\/p>\n<p>&nbsp;<\/p>\n<p>Encabez\u00f3 la ceremonia de toma de protesta del Comit\u00e9 Directivo y cierre de la Asamblea General Ordinaria de la C\u00e1mara Nacional de Industriales de la Leche, el Dr. Julio Berdegue Sacristan, Secretario de Agricultura y Desarrollo Rural, quien afirm\u00f3: \u201cEn el Gobierno Federal estamos convencidos, que las pol\u00edticas p\u00fablicas que se construyen escuchando y dialogando ser\u00e1n mejores pol\u00edticas p\u00fablicas.\u201d<\/p>\n<p>&nbsp;<\/p>\n<p>Adem\u00e1s se cont\u00f3 con la presencia de Alejandro Malag\u00f3n, Presidente de la CONCAMIN; de Andrea Genoveva Solano Rend\u00f3n, Jefa de Unidad Normatividad, Competitividad y Competencia de la Secretar\u00eda de Econom\u00eda; de Jes\u00fas Alan Elizondo Flores, Director General de los Fideicomisos Instituidos en Relaci\u00f3n con Agricultura; Homero Garc\u00eda de la Llata, Presidente de la Confederaci\u00f3n Nacional de Organizaciones Ganaderas y Ricardo Alberto Vald\u00e9s Quintanilla, Presidente de la Asociaci\u00f3n Mexicana de Productores de Leche. AC.<\/p>\n<p>&nbsp;<\/p>\n<p>La C\u00e1mara Nacional de Industriales de la Leche (Canilec) fue fundada en 1961 con el prop\u00f3sito de representar los intereses leg\u00edtimos de la industria l\u00e1ctea en M\u00e9xico. Actualmente agrupa a 120 empresas afiliadas, que en conjunto representan aproximadamente 90% de la producci\u00f3n formal del pa\u00eds.<\/p>\n<p>&nbsp;<\/p>\n<p>Las empresas afiliadas elaboran una amplia variedad de productos, entre ellos leche pasteurizada y ultrapasteurizada; leches industrializadas (en polvo, condensada y evaporada); f\u00f3rmulas infantiles; cremas y mantequillas; quesos; helados; yogurt y postres l\u00e1cteos.<\/p>\n<p>&nbsp;<\/p>\n<p>Canilec promueve valores \u00e9ticos y acciones orientadas a fortalecer la eficiencia, competitividad y rentabilidad de la cadena productiva nacional, aprovechando las oportunidades del mercado interno y del comercio internacional.<\/p>\n","protected":false},"excerpt":{"rendered":"<p>CIUDAD DE M\u00c9XICO. \u2014 En el marco de la LXVI Asamblea General Ordinaria de la&#8230;<\/p>\n","protected":false},"author":1,"featured_media":237253,"comment_status":"open","ping_status":"open","sticky":false,"template":"","format":"standard","meta":{"_monsterinsights_skip_tracking":false,"_monsterinsights_sitenote_active":false,"_monsterinsights_sitenote_note":"","_monsterinsights_sitenote_category":0,"footnotes":""},"categories":[6493],"tags":[12467,12468],"class_list":["post"],"yoast_head":" \n<title>Sonora en Equipo. Jorge Lozano Garza asume presidencia de la Canilec PALABRAS Y N\u00daMEROS<\/title>\n<meta name=\"description\" content=\"CIUDAD DE M\u00c9XICO. \u2014 En el marco de la LXVI Asamblea General Ordinaria de la C\u00e1mara Nacional de Industriales de la Leche (Canilec), realizada en la Ciudad En Sonora en Equipo publicamos toda la informaci\u00f3n de Sonora, M\u00e9xico y el Mundo de manera oportuna y busca que la libertad de expresi\u00f3n sea real. Visita nuestro medio informativo publicado desde Hermosillo, Sonora. %\" \/>\n<meta name=\"robots\" content=\"index, follow, max-snippet:-1, max-image-preview:large, max-video-preview:-1\" \/>\n<link rel=\"canonical\" href=\"https:\/\/www.sonoraenequipo.com.mx\/jorge-lozano-garza-asume-presidencia-de-la-canilec\/\" \/>\n<meta property=\"og:locale\" content=\"es_ES\" \/>\n<meta property=\"og:type\" content=\"article\" \/>\n<meta property=\"og:title\" content=\"Sonora en Equipo. Jorge Lozano Garza asume presidencia de la Canilec PALABRAS Y N\u00daMEROS\" \/>\n<meta property=\"og:description\" content=\"CIUDAD DE M\u00c9XICO. \u2014 En el marco de la LXVI Asamblea General Ordinaria de la C\u00e1mara Nacional de Industriales de la Leche (Canilec), realizada en la Ciudad En Sonora en Equipo publicamos toda la informaci\u00f3n de Sonora, M\u00e9xico y el Mundo de manera oportuna y busca que la libertad de expresi\u00f3n sea real. Visita nuestro medio informativo publicado desde Hermosillo, Sonora. %\" \/>\n<meta property=\"og:url\" content=\"https:\/\/www.sonoraenequipo.com.mx\/jorge-lozano-garza-asume-presidencia-de-la-canilec\/\" \/>\n<meta property=\"og:site_name\" content=\"Sonora en Equipo.\" \/>\n<meta property=\"article:publisher\" content=\"https:\/\/www.facebook.com\/SonoraEE\/\" \/>\n<meta property=\"article:author\" content=\"https:\/\/www.facebook.com\/SonoraEE\" \/>\n<meta property=\"article:published_time\" content=\"2026-03-12T20:32:40+00:00\" \/>\n<meta property=\"article:modified_time\" content=\"2026-03-12T20:33:19+00:00\" \/>\n<meta property=\"og:image\" content=\"https:\/\/www.sonoraenequipo.com.mx\/storage\/2026\/03\/jorge-lozano.jpg\" \/>\n\t<meta property=\"og:image:width\" content=\"600\" \/>\n\t<meta property=\"og:image:height\" content=\"400\" \/>\n\t<meta property=\"og:image:type\" content=\"image\/jpeg\" \/>\n<meta name=\"author\" content=\"enequipo\" \/>\n<meta name=\"twitter:card\" content=\"summary_large_image\" \/>\n<meta name=\"twitter:creator\" content=\"@sonoraenequipo\" \/>\n<meta name=\"twitter:site\" content=\"@sonoraenequipo\" \/>\n<meta name=\"twitter:label1\" content=\"Escrito por\" \/>\n\t<meta name=\"twitter:data1\" content=\"enequipo\" \/>\n\t<meta name=\"twitter:label2\" content=\"Tiempo de lectura\" \/>\n\t<meta name=\"twitter:data2\" content=\"3 minutos\" \/>\n<script type=\"application\/ld+json\" class=\"yoast-schema-graph\">{\"@context\":\"https:\/\/schema.org\",\"@graph\":[{\"@type\":\"Article\",\"@id\":\"https:\/\/www.sonoraenequipo.com.mx\/jorge-lozano-garza-asume-presidencia-de-la-canilec\/#article\",\"isPartOf\":{\"@id\":\"https:\/\/www.sonoraenequipo.com.mx\/jorge-lozano-garza-asume-presidencia-de-la-canilec\/\"},\"author\":{\"name\":\"enequipo\",\"@id\":\"https:\/\/www.sonoraenequipo.com.mx\/#\/schema\/person\/50102df0fb23a8fa9e8effad8fa81386\"},\"headline\":\"Jorge Lozano Garza asume presidencia de la Canilec\",\"datePublished\":\"2026-03-12T20:32:40+00:00\",\"dateModified\":\"2026-03-12T20:33:19+00:00\",\"mainEntityOfPage\":{\"@id\":\"https:\/\/www.sonoraenequipo.com.mx\/jorge-lozano-garza-asume-presidencia-de-la-canilec\/\"},\"wordCount\":705,\"commentCount\":0,\"publisher\":{\"@id\":\"https:\/\/www.sonoraenequipo.com.mx\/#organization\"},\"image\":{\"@id\":\"https:\/\/www.sonoraenequipo.com.mx\/jorge-lozano-garza-asume-presidencia-de-la-canilec\/#primaryimage\"},\"thumbnailUrl\":\"https:\/\/www.sonoraenequipo.com.mx\/storage\/2026\/03\/jorge-lozano.jpg\",\"keywords\":[\"canilec\",\"Jorge Lozano\"],\"articleSection\":[\"PALABRAS Y N\u00daMEROS\"],\"inLanguage\":\"es\",\"potentialAction\":[{\"@type\":\"CommentAction\",\"name\":\"Comment\",\"target\":[\"https:\/\/www.sonoraenequipo.com.mx\/jorge-lozano-garza-asume-presidencia-de-la-canilec\/#respond\"]}]},{\"@type\":\"WebPage\",\"@id\":\"https:\/\/www.sonoraenequipo.com.mx\/jorge-lozano-garza-asume-presidencia-de-la-canilec\/\",\"url\":\"https:\/\/www.sonoraenequipo.com.mx\/jorge-lozano-garza-asume-presidencia-de-la-canilec\/\",\"name\":\"Sonora en Equipo. Jorge Lozano Garza asume presidencia de la Canilec PALABRAS Y N\u00daMEROS\",\"isPartOf\":{\"@id\":\"https:\/\/www.sonoraenequipo.com.mx\/#website\"},\"primaryImageOfPage\":{\"@id\":\"https:\/\/www.sonoraenequipo.com.mx\/jorge-lozano-garza-asume-presidencia-de-la-canilec\/#primaryimage\"},\"image\":{\"@id\":\"https:\/\/www.sonoraenequipo.com.mx\/jorge-lozano-garza-asume-presidencia-de-la-canilec\/#primaryimage\"},\"thumbnailUrl\":\"https:\/\/www.sonoraenequipo.com.mx\/storage\/2026\/03\/jorge-lozano.jpg\",\"datePublished\":\"2026-03-12T20:32:40+00:00\",\"dateModified\":\"2026-03-12T20:33:19+00:00\",\"description\":\"CIUDAD DE M\u00c9XICO. \u2014 En el marco de la LXVI Asamblea General Ordinaria de la C\u00e1mara Nacional de Industriales de la Leche (Canilec), realizada en la Ciudad En Sonora en Equipo publicamos toda la informaci\u00f3n de Sonora, M\u00e9xico y el Mundo de manera oportuna y busca que la libertad de expresi\u00f3n sea real. Visita nuestro medio informativo publicado desde Hermosillo, Sonora. %\",\"breadcrumb\":{\"@id\":\"https:\/\/www.sonoraenequipo.com.mx\/jorge-lozano-garza-asume-presidencia-de-la-canilec\/#breadcrumb\"},\"inLanguage\":\"es\",\"potentialAction\":[{\"@type\":\"ReadAction\",\"target\":[\"https:\/\/www.sonoraenequipo.com.mx\/jorge-lozano-garza-asume-presidencia-de-la-canilec\/\"]}]},{\"@type\":\"ImageObject\",\"inLanguage\":\"es\",\"@id\":\"https:\/\/www.sonoraenequipo.com.mx\/jorge-lozano-garza-asume-presidencia-de-la-canilec\/#primaryimage\",\"url\":\"https:\/\/www.sonoraenequipo.com.mx\/storage\/2026\/03\/jorge-lozano.jpg\",\"contentUrl\":\"https:\/\/www.sonoraenequipo.com.mx\/storage\/2026\/03\/jorge-lozano.jpg\",\"width\":600,\"height\":400},{\"@type\":\"BreadcrumbList\",\"@id\":\"https:\/\/www.sonoraenequipo.com.mx\/jorge-lozano-garza-asume-presidencia-de-la-canilec\/#breadcrumb\",\"itemListElement\":[{\"@type\":\"ListItem\",\"position\":1,\"name\":\"Portada\",\"item\":\"https:\/\/www.sonoraenequipo.com.mx\/\"},{\"@type\":\"ListItem\",\"position\":2,\"name\":\"Jorge Lozano Garza asume presidencia de la Canilec\"}]},{\"@type\":\"WebSite\",\"@id\":\"https:\/\/www.sonoraenequipo.com.mx\/#website\",\"url\":\"https:\/\/www.sonoraenequipo.com.mx\/\",\"name\":\"Sonora en Equipo.\",\"description\":\"Diario en l\u00ednea con Noticias desde Hermosillo, Sonora\",\"publisher\":{\"@id\":\"https:\/\/www.sonoraenequipo.com.mx\/#organization\"},\"potentialAction\":[{\"@type\":\"SearchAction\",\"target\":{\"@type\":\"EntryPoint\",\"urlTemplate\":\"https:\/\/www.sonoraenequipo.com.mx\/?s={search_term_string}\"},\"query-input\":{\"@type\":\"PropertyValueSpecification\",\"valueRequired\":true,\"valueName\":\"search_term_string\"}}],\"inLanguage\":\"es\"},{\"@type\":\"Organization\",\"@id\":\"https:\/\/www.sonoraenequipo.com.mx\/#organization\",\"name\":\"Sonoraenequipo.com.mx\",\"url\":\"https:\/\/www.sonoraenequipo.com.mx\/\",\"logo\":{\"@type\":\"ImageObject\",\"inLanguage\":\"es\",\"@id\":\"https:\/\/www.sonoraenequipo.com.mx\/#\/schema\/logo\/image\/\",\"url\":\"https:\/\/www.sonoraenequipo.com.mx\/storage\/2019\/01\/sonoraenequipo_opt.png\",\"contentUrl\":\"https:\/\/www.sonoraenequipo.com.mx\/storage\/2019\/01\/sonoraenequipo_opt.png\",\"width\":375,\"height\":125,\"caption\":\"Sonoraenequipo.com.mx\"},\"image\":{\"@id\":\"https:\/\/www.sonoraenequipo.com.mx\/#\/schema\/logo\/image\/\"},\"sameAs\":[\"https:\/\/www.facebook.com\/SonoraEE\/\",\"https:\/\/x.com\/sonoraenequipo\",\"https:\/\/www.youtube.com\/channel\/UC338nW-lPEYmJQs4ZABQ1SQ\"]},{\"@type\":\"Person\",\"@id\":\"https:\/\/www.sonoraenequipo.com.mx\/#\/schema\/person\/50102df0fb23a8fa9e8effad8fa81386\",\"name\":\"enequipo\",\"image\":{\"@type\":\"ImageObject\",\"inLanguage\":\"es\",\"@id\":\"https:\/\/www.sonoraenequipo.com.mx\/#\/schema\/person\/image\/\",\"url\":\"https:\/\/secure.gravatar.com\/avatar\/049821681b589dabc0bc20695993ccebb09f5b5d4d790cd9251b97faac7c652b?s=96&d=blank&r=g\",\"contentUrl\":\"https:\/\/secure.gravatar.com\/avatar\/049821681b589dabc0bc20695993ccebb09f5b5d4d790cd9251b97faac7c652b?s=96&d=blank&r=g\",\"caption\":\"enequipo\"},\"sameAs\":[\"https:\/\/www.facebook.com\/SonoraEE\"]}]}<\/script>\n ","yoast_head_json":{"title":"Sonora en Equipo. Jorge Lozano Garza asume presidencia de la Canilec PALABRAS Y N\u00daMEROS","description":"CIUDAD DE M\u00c9XICO. \u2014 En el marco de la LXVI Asamblea General Ordinaria de la C\u00e1mara Nacional de Industriales de la Leche (Canilec), realizada en la Ciudad En Sonora en Equipo publicamos toda la informaci\u00f3n de Sonora, M\u00e9xico y el Mundo de manera oportuna y busca que la libertad de expresi\u00f3n sea real. Visita nuestro medio informativo publicado desde Hermosillo, Sonora. %","robots":{"index":"index","follow":"follow","max-snippet":"max-snippet:-1","max-image-preview":"max-image-preview:large","max-video-preview":"max-video-preview:-1"},"canonical":"https:\/\/www.sonoraenequipo.com.mx\/jorge-lozano-garza-asume-presidencia-de-la-canilec\/","og_locale":"es_ES","og_type":"article","og_title":"Sonora en Equipo. Jorge Lozano Garza asume presidencia de la Canilec PALABRAS Y N\u00daMEROS","og_description":"CIUDAD DE M\u00c9XICO. \u2014 En el marco de la LXVI Asamblea General Ordinaria de la C\u00e1mara Nacional de Industriales de la Leche (Canilec), realizada en la Ciudad En Sonora en Equipo publicamos toda la informaci\u00f3n de Sonora, M\u00e9xico y el Mundo de manera oportuna y busca que la libertad de expresi\u00f3n sea real. Visita nuestro medio informativo publicado desde Hermosillo, Sonora. %","og_url":"https:\/\/www.sonoraenequipo.com.mx\/jorge-lozano-garza-asume-presidencia-de-la-canilec\/","og_site_name":"Sonora en Equipo.","article_publisher":"https:\/\/www.facebook.com\/SonoraEE\/","article_author":"https:\/\/www.facebook.com\/SonoraEE","article_published_time":"2026-03-12T20:32:40+00:00","article_modified_time":"2026-03-12T20:33:19+00:00","og_image":[{"width":600,"height":400,"url":"https:\/\/www.sonoraenequipo.com.mx\/storage\/2026\/03\/jorge-lozano.jpg","type":"image\/jpeg"}],"author":"enequipo","twitter_card":"summary_large_image","twitter_creator":"@sonoraenequipo","twitter_site":"@sonoraenequipo","twitter_misc":{"Escrito por":"enequipo","Tiempo de lectura":"3 minutos"},"schema":{"@context":"https:\/\/schema.org","@graph":[{"@type":"Article","@id":"https:\/\/www.sonoraenequipo.com.mx\/jorge-lozano-garza-asume-presidencia-de-la-canilec\/#article","isPartOf":{"@id":"https:\/\/www.sonoraenequipo.com.mx\/jorge-lozano-garza-asume-presidencia-de-la-canilec\/"},"author":{"name":"enequipo","@id":"https:\/\/www.sonoraenequipo.com.mx\/#\/schema\/person\/50102df0fb23a8fa9e8effad8fa81386"},"headline":"Jorge Lozano Garza asume presidencia de la Canilec","datePublished":"2026-03-12T20:32:40+00:00","dateModified":"2026-03-12T20:33:19+00:00","mainEntityOfPage":{"@id":"https:\/\/www.sonoraenequipo.com.mx\/jorge-lozano-garza-asume-presidencia-de-la-canilec\/"},"wordCount":705,"commentCount":0,"publisher":{"@id":"https:\/\/www.sonoraenequipo.com.mx\/#organization"},"image":{"@id":"https:\/\/www.sonoraenequipo.com.mx\/jorge-lozano-garza-asume-presidencia-de-la-canilec\/#primaryimage"},"thumbnailUrl":"https:\/\/www.sonoraenequipo.com.mx\/storage\/2026\/03\/jorge-lozano.jpg","keywords":["canilec","Jorge Lozano"],"articleSection":["PALABRAS Y N\u00daMEROS"],"inLanguage":"es","potentialAction":[{"@type":"CommentAction","name":"Comment","target":["https:\/\/www.sonoraenequipo.com.mx\/jorge-lozano-garza-asume-presidencia-de-la-canilec\/#respond"]}]},{"@type":"WebPage","@id":"https:\/\/www.sonoraenequipo.com.mx\/jorge-lozano-garza-asume-presidencia-de-la-canilec\/","url":"https:\/\/www.sonoraenequipo.com.mx\/jorge-lozano-garza-asume-presidencia-de-la-canilec\/","name":"Sonora en Equipo. Jorge Lozano Garza asume presidencia de la Canilec PALABRAS Y N\u00daMEROS","isPartOf":{"@id":"https:\/\/www.sonoraenequipo.com.mx\/#website"},"primaryImageOfPage":{"@id":"https:\/\/www.sonoraenequipo.com.mx\/jorge-lozano-garza-asume-presidencia-de-la-canilec\/#primaryimage"},"image":{"@id":"https:\/\/www.sonoraenequipo.com.mx\/jorge-lozano-garza-asume-presidencia-de-la-canilec\/#primaryimage"},"thumbnailUrl":"https:\/\/www.sonoraenequipo.com.mx\/storage\/2026\/03\/jorge-lozano.jpg","datePublished":"2026-03-12T20:32:40+00:00","dateModified":"2026-03-12T20:33:19+00:00","description":"CIUDAD DE M\u00c9XICO. \u2014 En el marco de la LXVI Asamblea General Ordinaria de la C\u00e1mara Nacional de Industriales de la Leche (Canilec), realizada en la Ciudad En Sonora en Equipo publicamos toda la informaci\u00f3n de Sonora, M\u00e9xico y el Mundo de manera oportuna y busca que la libertad de expresi\u00f3n sea real. Visita nuestro medio informativo publicado desde Hermosillo, Sonora. %","breadcrumb":{"@id":"https:\/\/www.sonoraenequipo.com.mx\/jorge-lozano-garza-asume-presidencia-de-la-canilec\/#breadcrumb"},"inLanguage":"es","potentialAction":[{"@type":"ReadAction","target":["https:\/\/www.sonoraenequipo.com.mx\/jorge-lozano-garza-asume-presidencia-de-la-canilec\/"]}]},{"@type":"ImageObject","inLanguage":"es","@id":"https:\/\/www.sonoraenequipo.com.mx\/jorge-lozano-garza-asume-presidencia-de-la-canilec\/#primaryimage","url":"https:\/\/www.sonoraenequipo.com.mx\/storage\/2026\/03\/jorge-lozano.jpg","contentUrl":"https:\/\/www.sonoraenequipo.com.mx\/storage\/2026\/03\/jorge-lozano.jpg","width":600,"height":400},{"@type":"BreadcrumbList","@id":"https:\/\/www.sonoraenequipo.com.mx\/jorge-lozano-garza-asume-presidencia-de-la-canilec\/#breadcrumb","itemListElement":[{"@type":"ListItem","position":1,"name":"Portada","item":"https:\/\/www.sonoraenequipo.com.mx\/"},{"@type":"ListItem","position":2,"name":"Jorge Lozano Garza asume presidencia de la Canilec"}]},{"@type":"WebSite","@id":"https:\/\/www.sonoraenequipo.com.mx\/#website","url":"https:\/\/www.sonoraenequipo.com.mx\/","name":"Sonora en Equipo.","description":"Diario en l\u00ednea con Noticias desde Hermosillo, Sonora","publisher":{"@id":"https:\/\/www.sonoraenequipo.com.mx\/#organization"},"potentialAction":[{"@type":"SearchAction","target":{"@type":"EntryPoint","urlTemplate":"https:\/\/www.sonoraenequipo.com.mx\/?s={search_term_string}"},"query-input":{"@type":"PropertyValueSpecification","valueRequired":true,"valueName":"search_term_string"}}],"inLanguage":"es"},{"@type":"Organization","@id":"https:\/\/www.sonoraenequipo.com.mx\/#organization","name":"Sonoraenequipo.com.mx","url":"https:\/\/www.sonoraenequipo.com.mx\/","logo":{"@type":"ImageObject","inLanguage":"es","@id":"https:\/\/www.sonoraenequipo.com.mx\/#\/schema\/logo\/image\/","url":"https:\/\/www.sonoraenequipo.com.mx\/storage\/2019\/01\/sonoraenequipo_opt.png","contentUrl":"https:\/\/www.sonoraenequipo.com.mx\/storage\/2019\/01\/sonoraenequipo_opt.png","width":375,"height":125,"caption":"Sonoraenequipo.com.mx"},"image":{"@id":"https:\/\/www.sonoraenequipo.com.mx\/#\/schema\/logo\/image\/"},"sameAs":["https:\/\/www.facebook.com\/SonoraEE\/","https:\/\/x.com\/sonoraenequipo","https:\/\/www.youtube.com\/channel\/UC338nW-lPEYmJQs4ZABQ1SQ"]},{"@type":"Person","@id":"https:\/\/www.sonoraenequipo.com.mx\/#\/schema\/person\/50102df0fb23a8fa9e8effad8fa81386","name":"enequipo","image":{"@type":"ImageObject","inLanguage":"es","@id":"https:\/\/www.sonoraenequipo.com.mx\/#\/schema\/person\/image\/","url":"https:\/\/secure.gravatar.com\/avatar\/049821681b589dabc0bc20695993ccebb09f5b5d4d790cd9251b97faac7c652b?s=96&d=blank&r=g","contentUrl":"https:\/\/secure.gravatar.com\/avatar\/049821681b589dabc0bc20695993ccebb09f5b5d4d790cd9251b97faac7c652b?s=96&d=blank&r=g","caption":"enequipo"},"sameAs":["https:\/\/www.facebook.com\/SonoraEE"]}]}},"jetpack_featured_media_url":"https:\/\/www.sonoraenequipo.com.mx\/storage\/2026\/03\/jorge-lozano.jpg","_links":{"self":[{"href":"https:\/\/www.sonoraenequipo.com.mx\/api\/wp\/v2\/posts\/237250","targetHints":{"allow":["GET"]}}],"collection":[{"href":"https:\/\/www.sonoraenequipo.com.mx\/api\/wp\/v2\/posts"}],"about":[{"href":"https:\/\/www.sonoraenequipo.com.mx\/api\/wp\/v2\/types\/post"}],"author":[{"embeddable":true,"href":"https:\/\/www.sonoraenequipo.com.mx\/api\/wp\/v2\/users\/1"}],"replies":[{"embeddable":true,"href":"https:\/\/www.sonoraenequipo.com.mx\/api\/wp\/v2\/comments?post=237250"}],"version-history":[{"count":1,"href":"https:\/\/www.sonoraenequipo.com.mx\/api\/wp\/v2\/posts\/237250\/revisions"}],"predecessor-version":[{"id":237254,"href":"https:\/\/www.sonoraenequipo.com.mx\/api\/wp\/v2\/posts\/237250\/revisions\/237254"}],"wp:featuredmedia":[{"embeddable":true,"href":"https:\/\/www.sonoraenequipo.com.mx\/api\/wp\/v2\/media\/237253"}],"wp:attachment":[{"href":"https:\/\/www.sonoraenequipo.com.mx\/api\/wp\/v2\/media?parent=237250"}],"wp:term":[{"taxonomy":"category","embeddable":true,"href":"https:\/\/www.sonoraenequipo.com.mx\/api\/wp\/v2\/categories?post=237250"},{"taxonomy":"post_tag","embeddable":true,"href":"https:\/\/www.sonoraenequipo.com.mx\/api\/wp\/v2\/tags?post=237250"}],"curies":[{"name":"wp","href":"https:\/\/api.w.org\/{rel}","templated":true}]}}