{"id":237258,"date":"2026-03-12T15:03:16","date_gmt":"2026-03-12T22:03:16","guid":{"rendered":"https:\/\/www.sonoraenequipo.com.mx\/?p=237258"},"modified":"2026-03-12T15:03:16","modified_gmt":"2026-03-12T22:03:16","slug":"trump-recomienda-a-la-seleccion-de-iran-no-ir-al-mundial","status":"publish","type":"post","link":"https:\/\/www.sonoraenequipo.com.mx\/trump-recomienda-a-la-seleccion-de-iran-no-ir-al-mundial\/","title":{"rendered":"Trump recomienda a la selecci\u00f3n de Ir\u00e1n no ir al Mundial"},"content":{"rendered":"<p>El presidente de Estados Unidos, Donald Trump, asegur\u00f3 este jueves (12.03.2026) que la selecci\u00f3n de f\u00fatbol de Ir\u00e1n no deber\u00eda participar en el Mundial en Estados Unidos por \u00absu propia seguridad\u00bb. Trump hizo estas declaraciones apenas dos d\u00edas despu\u00e9s de decirle al presidente de la FIFA, Gianni Infantino, que los jugadores iran\u00edes ser\u00edan bienvenidos a pesar del conflicto en Medio Oriente.<\/p>\n<p>&nbsp;<\/p>\n<p>\u00abLa selecci\u00f3n nacional de f\u00fatbol de Ir\u00e1n es bienvenida al Mundial, pero realmente no creo que sea apropiado que est\u00e9n ah\u00ed, por su propia vida y seguridad\u00bb, escribi\u00f3 el mandatario en su plataforma Truth Social. El mensaje se conoce un d\u00eda despu\u00e9s de que el ministro de Deportes iran\u00ed, Ahman Donyamali, asegurara que \u00abno hay condiciones\u00bb para que su pa\u00eds participe en el Mundial despu\u00e9s de que el l\u00edder supremo, Ali Jamenei, fuera asesinado en la ofensiva israel\u00ed y estadounidense iniciada el pasado 28 de febrero.<\/p>\n<p>&nbsp;<\/p>\n<p>\u00abDespu\u00e9s de que el gobierno corrupto mat\u00f3 a nuestro l\u00edder, no hay condiciones que nos permitan participar en el Mundial (\u2026). Nos han impuesto dos guerras en ocho o nueve meses, y miles de nuestros ciudadanos han muerto. Por lo tanto, definitivamente no tenemos posibilidad de tal participaci\u00f3n\u00bb, dijo Donyamali.<\/p>\n<p>&nbsp;<\/p>\n<p><strong>Tres partidos en Estados Unidos<\/strong><\/p>\n<p>El martes, Infantino se reuni\u00f3 con Trump en la Casa Blanca, ocasi\u00f3n en la que el l\u00edder estadounidense le traslad\u00f3 que el equipo iran\u00ed era \u00abbienvenido\u00bb. \u00abHablamos sobre la actual situaci\u00f3n en Ir\u00e1n, y el hecho de que el equipo iran\u00ed se haya clasificado para participar. Durante la conversaci\u00f3n, el presidente Trump reiter\u00f3 que el equipo iran\u00ed es, por supuesto, bienvenido a competir en el torneo en los Estados Unidos\u00bb, revel\u00f3 Infantino en Instagram.<\/p>\n<p>&nbsp;<\/p>\n<p>El Mundial 2026 se disputar\u00e1 en M\u00e9xico, Canad\u00e1 y Estados Unidos desde el pr\u00f3ximo 11 de junio. La selecci\u00f3n iran\u00ed deb\u00eda jugar sus tres partidos en Estados Unidos: el 15 y el 21 de junio en Los \u00c1ngeles contra Nueva Zelanda y B\u00e9lgica, respectivamente; y el 26 de junio ante Egipto, en Seattle. En noviembre, el presidente estadounidense garantiz\u00f3 que los jugadores y t\u00e9cnicos iran\u00edes tendr\u00edan visados para entrar en Estados Unidos, pero no as\u00ed los aficionados, aludiendo a motivos de seguridad nacional.<\/p>\n<p><strong>Fecha de publicaci\u00f3n jueves 12 de marzo de 2026<\/strong><\/p>\n","protected":false},"excerpt":{"rendered":"<p>El presidente de Estados Unidos, Donald Trump, asegur\u00f3 este jueves (12.03.2026) que la selecci\u00f3n de&#8230;<\/p>\n","protected":false},"author":1,"featured_media":237260,"comment_status":"open","ping_status":"open","sticky":false,"template":"","format":"standard","meta":{"_monsterinsights_skip_tracking":false,"_monsterinsights_sitenote_active":false,"_monsterinsights_sitenote_note":"","_monsterinsights_sitenote_category":0,"footnotes":""},"categories":[10],"tags":[10966,5408],"class_list":["post"],"yoast_head":" \n<title>Sonora en Equipo. Trump recomienda a la selecci\u00f3n de Ir\u00e1n no ir al Mundial Deportes<\/title>\n<meta name=\"description\" content=\"El presidente de Estados Unidos, Donald Trump, asegur\u00f3 este jueves (12.03.2026) que la selecci\u00f3n de f\u00fatbol de Ir\u00e1n no deber\u00eda participar en el Mundial en En Sonora en Equipo publicamos toda la informaci\u00f3n de Sonora, M\u00e9xico y el Mundo de manera oportuna y busca que la libertad de expresi\u00f3n sea real. Visita nuestro medio informativo publicado desde Hermosillo, Sonora. %\" \/>\n<meta name=\"robots\" content=\"index, follow, max-snippet:-1, max-image-preview:large, max-video-preview:-1\" \/>\n<link rel=\"canonical\" href=\"https:\/\/www.sonoraenequipo.com.mx\/trump-recomienda-a-la-seleccion-de-iran-no-ir-al-mundial\/\" \/>\n<meta property=\"og:locale\" content=\"es_ES\" \/>\n<meta property=\"og:type\" content=\"article\" \/>\n<meta property=\"og:title\" content=\"Sonora en Equipo. Trump recomienda a la selecci\u00f3n de Ir\u00e1n no ir al Mundial Deportes\" \/>\n<meta property=\"og:description\" content=\"El presidente de Estados Unidos, Donald Trump, asegur\u00f3 este jueves (12.03.2026) que la selecci\u00f3n de f\u00fatbol de Ir\u00e1n no deber\u00eda participar en el Mundial en En Sonora en Equipo publicamos toda la informaci\u00f3n de Sonora, M\u00e9xico y el Mundo de manera oportuna y busca que la libertad de expresi\u00f3n sea real. Visita nuestro medio informativo publicado desde Hermosillo, Sonora. %\" \/>\n<meta property=\"og:url\" content=\"https:\/\/www.sonoraenequipo.com.mx\/trump-recomienda-a-la-seleccion-de-iran-no-ir-al-mundial\/\" \/>\n<meta property=\"og:site_name\" content=\"Sonora en Equipo.\" \/>\n<meta property=\"article:publisher\" content=\"https:\/\/www.facebook.com\/SonoraEE\/\" \/>\n<meta property=\"article:author\" content=\"https:\/\/www.facebook.com\/SonoraEE\" \/>\n<meta property=\"article:published_time\" content=\"2026-03-12T22:03:16+00:00\" \/>\n<meta property=\"og:image\" content=\"https:\/\/www.sonoraenequipo.com.mx\/storage\/2026\/03\/trump-infantino.jpg\" \/>\n\t<meta property=\"og:image:width\" content=\"600\" \/>\n\t<meta property=\"og:image:height\" content=\"400\" \/>\n\t<meta property=\"og:image:type\" content=\"image\/jpeg\" \/>\n<meta name=\"author\" content=\"enequipo\" \/>\n<meta name=\"twitter:card\" content=\"summary_large_image\" \/>\n<meta name=\"twitter:creator\" content=\"@sonoraenequipo\" \/>\n<meta name=\"twitter:site\" content=\"@sonoraenequipo\" \/>\n<meta name=\"twitter:label1\" content=\"Escrito por\" \/>\n\t<meta name=\"twitter:data1\" content=\"enequipo\" \/>\n\t<meta name=\"twitter:label2\" content=\"Tiempo de lectura\" \/>\n\t<meta name=\"twitter:data2\" content=\"2 minutos\" \/>\n<script type=\"application\/ld+json\" class=\"yoast-schema-graph\">{\"@context\":\"https:\/\/schema.org\",\"@graph\":[{\"@type\":\"Article\",\"@id\":\"https:\/\/www.sonoraenequipo.com.mx\/trump-recomienda-a-la-seleccion-de-iran-no-ir-al-mundial\/#article\",\"isPartOf\":{\"@id\":\"https:\/\/www.sonoraenequipo.com.mx\/trump-recomienda-a-la-seleccion-de-iran-no-ir-al-mundial\/\"},\"author\":{\"name\":\"enequipo\",\"@id\":\"https:\/\/www.sonoraenequipo.com.mx\/#\/schema\/person\/50102df0fb23a8fa9e8effad8fa81386\"},\"headline\":\"Trump recomienda a la selecci\u00f3n de Ir\u00e1n no ir al Mundial\",\"datePublished\":\"2026-03-12T22:03:16+00:00\",\"mainEntityOfPage\":{\"@id\":\"https:\/\/www.sonoraenequipo.com.mx\/trump-recomienda-a-la-seleccion-de-iran-no-ir-al-mundial\/\"},\"wordCount\":409,\"commentCount\":0,\"publisher\":{\"@id\":\"https:\/\/www.sonoraenequipo.com.mx\/#organization\"},\"image\":{\"@id\":\"https:\/\/www.sonoraenequipo.com.mx\/trump-recomienda-a-la-seleccion-de-iran-no-ir-al-mundial\/#primaryimage\"},\"thumbnailUrl\":\"https:\/\/www.sonoraenequipo.com.mx\/storage\/2026\/03\/trump-infantino.jpg\",\"keywords\":[\"2026\",\"mundial\"],\"articleSection\":[\"Deportes\"],\"inLanguage\":\"es\",\"potentialAction\":[{\"@type\":\"CommentAction\",\"name\":\"Comment\",\"target\":[\"https:\/\/www.sonoraenequipo.com.mx\/trump-recomienda-a-la-seleccion-de-iran-no-ir-al-mundial\/#respond\"]}]},{\"@type\":\"WebPage\",\"@id\":\"https:\/\/www.sonoraenequipo.com.mx\/trump-recomienda-a-la-seleccion-de-iran-no-ir-al-mundial\/\",\"url\":\"https:\/\/www.sonoraenequipo.com.mx\/trump-recomienda-a-la-seleccion-de-iran-no-ir-al-mundial\/\",\"name\":\"Sonora en Equipo. Trump recomienda a la selecci\u00f3n de Ir\u00e1n no ir al Mundial Deportes\",\"isPartOf\":{\"@id\":\"https:\/\/www.sonoraenequipo.com.mx\/#website\"},\"primaryImageOfPage\":{\"@id\":\"https:\/\/www.sonoraenequipo.com.mx\/trump-recomienda-a-la-seleccion-de-iran-no-ir-al-mundial\/#primaryimage\"},\"image\":{\"@id\":\"https:\/\/www.sonoraenequipo.com.mx\/trump-recomienda-a-la-seleccion-de-iran-no-ir-al-mundial\/#primaryimage\"},\"thumbnailUrl\":\"https:\/\/www.sonoraenequipo.com.mx\/storage\/2026\/03\/trump-infantino.jpg\",\"datePublished\":\"2026-03-12T22:03:16+00:00\",\"description\":\"El presidente de Estados Unidos, Donald Trump, asegur\u00f3 este jueves (12.03.2026) que la selecci\u00f3n de f\u00fatbol de Ir\u00e1n no deber\u00eda participar en el Mundial en En Sonora en Equipo publicamos toda la informaci\u00f3n de Sonora, M\u00e9xico y el Mundo de manera oportuna y busca que la libertad de expresi\u00f3n sea real. Visita nuestro medio informativo publicado desde Hermosillo, Sonora. %\",\"breadcrumb\":{\"@id\":\"https:\/\/www.sonoraenequipo.com.mx\/trump-recomienda-a-la-seleccion-de-iran-no-ir-al-mundial\/#breadcrumb\"},\"inLanguage\":\"es\",\"potentialAction\":[{\"@type\":\"ReadAction\",\"target\":[\"https:\/\/www.sonoraenequipo.com.mx\/trump-recomienda-a-la-seleccion-de-iran-no-ir-al-mundial\/\"]}]},{\"@type\":\"ImageObject\",\"inLanguage\":\"es\",\"@id\":\"https:\/\/www.sonoraenequipo.com.mx\/trump-recomienda-a-la-seleccion-de-iran-no-ir-al-mundial\/#primaryimage\",\"url\":\"https:\/\/www.sonoraenequipo.com.mx\/storage\/2026\/03\/trump-infantino.jpg\",\"contentUrl\":\"https:\/\/www.sonoraenequipo.com.mx\/storage\/2026\/03\/trump-infantino.jpg\",\"width\":600,\"height\":400,\"caption\":\"Trump e Infantino Imagen SPR\"},{\"@type\":\"BreadcrumbList\",\"@id\":\"https:\/\/www.sonoraenequipo.com.mx\/trump-recomienda-a-la-seleccion-de-iran-no-ir-al-mundial\/#breadcrumb\",\"itemListElement\":[{\"@type\":\"ListItem\",\"position\":1,\"name\":\"Portada\",\"item\":\"https:\/\/www.sonoraenequipo.com.mx\/\"},{\"@type\":\"ListItem\",\"position\":2,\"name\":\"Trump recomienda a la selecci\u00f3n de Ir\u00e1n no ir al Mundial\"}]},{\"@type\":\"WebSite\",\"@id\":\"https:\/\/www.sonoraenequipo.com.mx\/#website\",\"url\":\"https:\/\/www.sonoraenequipo.com.mx\/\",\"name\":\"Sonora en Equipo.\",\"description\":\"Diario en l\u00ednea con Noticias desde Hermosillo, Sonora\",\"publisher\":{\"@id\":\"https:\/\/www.sonoraenequipo.com.mx\/#organization\"},\"potentialAction\":[{\"@type\":\"SearchAction\",\"target\":{\"@type\":\"EntryPoint\",\"urlTemplate\":\"https:\/\/www.sonoraenequipo.com.mx\/?s={search_term_string}\"},\"query-input\":{\"@type\":\"PropertyValueSpecification\",\"valueRequired\":true,\"valueName\":\"search_term_string\"}}],\"inLanguage\":\"es\"},{\"@type\":\"Organization\",\"@id\":\"https:\/\/www.sonoraenequipo.com.mx\/#organization\",\"name\":\"Sonoraenequipo.com.mx\",\"url\":\"https:\/\/www.sonoraenequipo.com.mx\/\",\"logo\":{\"@type\":\"ImageObject\",\"inLanguage\":\"es\",\"@id\":\"https:\/\/www.sonoraenequipo.com.mx\/#\/schema\/logo\/image\/\",\"url\":\"https:\/\/www.sonoraenequipo.com.mx\/storage\/2019\/01\/sonoraenequipo_opt.png\",\"contentUrl\":\"https:\/\/www.sonoraenequipo.com.mx\/storage\/2019\/01\/sonoraenequipo_opt.png\",\"width\":375,\"height\":125,\"caption\":\"Sonoraenequipo.com.mx\"},\"image\":{\"@id\":\"https:\/\/www.sonoraenequipo.com.mx\/#\/schema\/logo\/image\/\"},\"sameAs\":[\"https:\/\/www.facebook.com\/SonoraEE\/\",\"https:\/\/x.com\/sonoraenequipo\",\"https:\/\/www.youtube.com\/channel\/UC338nW-lPEYmJQs4ZABQ1SQ\"]},{\"@type\":\"Person\",\"@id\":\"https:\/\/www.sonoraenequipo.com.mx\/#\/schema\/person\/50102df0fb23a8fa9e8effad8fa81386\",\"name\":\"enequipo\",\"image\":{\"@type\":\"ImageObject\",\"inLanguage\":\"es\",\"@id\":\"https:\/\/www.sonoraenequipo.com.mx\/#\/schema\/person\/image\/\",\"url\":\"https:\/\/secure.gravatar.com\/avatar\/049821681b589dabc0bc20695993ccebb09f5b5d4d790cd9251b97faac7c652b?s=96&d=blank&r=g\",\"contentUrl\":\"https:\/\/secure.gravatar.com\/avatar\/049821681b589dabc0bc20695993ccebb09f5b5d4d790cd9251b97faac7c652b?s=96&d=blank&r=g\",\"caption\":\"enequipo\"},\"sameAs\":[\"https:\/\/www.facebook.com\/SonoraEE\"]}]}<\/script>\n ","yoast_head_json":{"title":"Sonora en Equipo. Trump recomienda a la selecci\u00f3n de Ir\u00e1n no ir al Mundial Deportes","description":"El presidente de Estados Unidos, Donald Trump, asegur\u00f3 este jueves (12.03.2026) que la selecci\u00f3n de f\u00fatbol de Ir\u00e1n no deber\u00eda participar en el Mundial en En Sonora en Equipo publicamos toda la informaci\u00f3n de Sonora, M\u00e9xico y el Mundo de manera oportuna y busca que la libertad de expresi\u00f3n sea real. Visita nuestro medio informativo publicado desde Hermosillo, Sonora. %","robots":{"index":"index","follow":"follow","max-snippet":"max-snippet:-1","max-image-preview":"max-image-preview:large","max-video-preview":"max-video-preview:-1"},"canonical":"https:\/\/www.sonoraenequipo.com.mx\/trump-recomienda-a-la-seleccion-de-iran-no-ir-al-mundial\/","og_locale":"es_ES","og_type":"article","og_title":"Sonora en Equipo. Trump recomienda a la selecci\u00f3n de Ir\u00e1n no ir al Mundial Deportes","og_description":"El presidente de Estados Unidos, Donald Trump, asegur\u00f3 este jueves (12.03.2026) que la selecci\u00f3n de f\u00fatbol de Ir\u00e1n no deber\u00eda participar en el Mundial en En Sonora en Equipo publicamos toda la informaci\u00f3n de Sonora, M\u00e9xico y el Mundo de manera oportuna y busca que la libertad de expresi\u00f3n sea real. Visita nuestro medio informativo publicado desde Hermosillo, Sonora. %","og_url":"https:\/\/www.sonoraenequipo.com.mx\/trump-recomienda-a-la-seleccion-de-iran-no-ir-al-mundial\/","og_site_name":"Sonora en Equipo.","article_publisher":"https:\/\/www.facebook.com\/SonoraEE\/","article_author":"https:\/\/www.facebook.com\/SonoraEE","article_published_time":"2026-03-12T22:03:16+00:00","og_image":[{"width":600,"height":400,"url":"https:\/\/www.sonoraenequipo.com.mx\/storage\/2026\/03\/trump-infantino.jpg","type":"image\/jpeg"}],"author":"enequipo","twitter_card":"summary_large_image","twitter_creator":"@sonoraenequipo","twitter_site":"@sonoraenequipo","twitter_misc":{"Escrito por":"enequipo","Tiempo de lectura":"2 minutos"},"schema":{"@context":"https:\/\/schema.org","@graph":[{"@type":"Article","@id":"https:\/\/www.sonoraenequipo.com.mx\/trump-recomienda-a-la-seleccion-de-iran-no-ir-al-mundial\/#article","isPartOf":{"@id":"https:\/\/www.sonoraenequipo.com.mx\/trump-recomienda-a-la-seleccion-de-iran-no-ir-al-mundial\/"},"author":{"name":"enequipo","@id":"https:\/\/www.sonoraenequipo.com.mx\/#\/schema\/person\/50102df0fb23a8fa9e8effad8fa81386"},"headline":"Trump recomienda a la selecci\u00f3n de Ir\u00e1n no ir al Mundial","datePublished":"2026-03-12T22:03:16+00:00","mainEntityOfPage":{"@id":"https:\/\/www.sonoraenequipo.com.mx\/trump-recomienda-a-la-seleccion-de-iran-no-ir-al-mundial\/"},"wordCount":409,"commentCount":0,"publisher":{"@id":"https:\/\/www.sonoraenequipo.com.mx\/#organization"},"image":{"@id":"https:\/\/www.sonoraenequipo.com.mx\/trump-recomienda-a-la-seleccion-de-iran-no-ir-al-mundial\/#primaryimage"},"thumbnailUrl":"https:\/\/www.sonoraenequipo.com.mx\/storage\/2026\/03\/trump-infantino.jpg","keywords":["2026","mundial"],"articleSection":["Deportes"],"inLanguage":"es","potentialAction":[{"@type":"CommentAction","name":"Comment","target":["https:\/\/www.sonoraenequipo.com.mx\/trump-recomienda-a-la-seleccion-de-iran-no-ir-al-mundial\/#respond"]}]},{"@type":"WebPage","@id":"https:\/\/www.sonoraenequipo.com.mx\/trump-recomienda-a-la-seleccion-de-iran-no-ir-al-mundial\/","url":"https:\/\/www.sonoraenequipo.com.mx\/trump-recomienda-a-la-seleccion-de-iran-no-ir-al-mundial\/","name":"Sonora en Equipo. Trump recomienda a la selecci\u00f3n de Ir\u00e1n no ir al Mundial Deportes","isPartOf":{"@id":"https:\/\/www.sonoraenequipo.com.mx\/#website"},"primaryImageOfPage":{"@id":"https:\/\/www.sonoraenequipo.com.mx\/trump-recomienda-a-la-seleccion-de-iran-no-ir-al-mundial\/#primaryimage"},"image":{"@id":"https:\/\/www.sonoraenequipo.com.mx\/trump-recomienda-a-la-seleccion-de-iran-no-ir-al-mundial\/#primaryimage"},"thumbnailUrl":"https:\/\/www.sonoraenequipo.com.mx\/storage\/2026\/03\/trump-infantino.jpg","datePublished":"2026-03-12T22:03:16+00:00","description":"El presidente de Estados Unidos, Donald Trump, asegur\u00f3 este jueves (12.03.2026) que la selecci\u00f3n de f\u00fatbol de Ir\u00e1n no deber\u00eda participar en el Mundial en En Sonora en Equipo publicamos toda la informaci\u00f3n de Sonora, M\u00e9xico y el Mundo de manera oportuna y busca que la libertad de expresi\u00f3n sea real. Visita nuestro medio informativo publicado desde Hermosillo, Sonora. %","breadcrumb":{"@id":"https:\/\/www.sonoraenequipo.com.mx\/trump-recomienda-a-la-seleccion-de-iran-no-ir-al-mundial\/#breadcrumb"},"inLanguage":"es","potentialAction":[{"@type":"ReadAction","target":["https:\/\/www.sonoraenequipo.com.mx\/trump-recomienda-a-la-seleccion-de-iran-no-ir-al-mundial\/"]}]},{"@type":"ImageObject","inLanguage":"es","@id":"https:\/\/www.sonoraenequipo.com.mx\/trump-recomienda-a-la-seleccion-de-iran-no-ir-al-mundial\/#primaryimage","url":"https:\/\/www.sonoraenequipo.com.mx\/storage\/2026\/03\/trump-infantino.jpg","contentUrl":"https:\/\/www.sonoraenequipo.com.mx\/storage\/2026\/03\/trump-infantino.jpg","width":600,"height":400,"caption":"Trump e Infantino Imagen SPR"},{"@type":"BreadcrumbList","@id":"https:\/\/www.sonoraenequipo.com.mx\/trump-recomienda-a-la-seleccion-de-iran-no-ir-al-mundial\/#breadcrumb","itemListElement":[{"@type":"ListItem","position":1,"name":"Portada","item":"https:\/\/www.sonoraenequipo.com.mx\/"},{"@type":"ListItem","position":2,"name":"Trump recomienda a la selecci\u00f3n de Ir\u00e1n no ir al Mundial"}]},{"@type":"WebSite","@id":"https:\/\/www.sonoraenequipo.com.mx\/#website","url":"https:\/\/www.sonoraenequipo.com.mx\/","name":"Sonora en Equipo.","description":"Diario en l\u00ednea con Noticias desde Hermosillo, Sonora","publisher":{"@id":"https:\/\/www.sonoraenequipo.com.mx\/#organization"},"potentialAction":[{"@type":"SearchAction","target":{"@type":"EntryPoint","urlTemplate":"https:\/\/www.sonoraenequipo.com.mx\/?s={search_term_string}"},"query-input":{"@type":"PropertyValueSpecification","valueRequired":true,"valueName":"search_term_string"}}],"inLanguage":"es"},{"@type":"Organization","@id":"https:\/\/www.sonoraenequipo.com.mx\/#organization","name":"Sonoraenequipo.com.mx","url":"https:\/\/www.sonoraenequipo.com.mx\/","logo":{"@type":"ImageObject","inLanguage":"es","@id":"https:\/\/www.sonoraenequipo.com.mx\/#\/schema\/logo\/image\/","url":"https:\/\/www.sonoraenequipo.com.mx\/storage\/2019\/01\/sonoraenequipo_opt.png","contentUrl":"https:\/\/www.sonoraenequipo.com.mx\/storage\/2019\/01\/sonoraenequipo_opt.png","width":375,"height":125,"caption":"Sonoraenequipo.com.mx"},"image":{"@id":"https:\/\/www.sonoraenequipo.com.mx\/#\/schema\/logo\/image\/"},"sameAs":["https:\/\/www.facebook.com\/SonoraEE\/","https:\/\/x.com\/sonoraenequipo","https:\/\/www.youtube.com\/channel\/UC338nW-lPEYmJQs4ZABQ1SQ"]},{"@type":"Person","@id":"https:\/\/www.sonoraenequipo.com.mx\/#\/schema\/person\/50102df0fb23a8fa9e8effad8fa81386","name":"enequipo","image":{"@type":"ImageObject","inLanguage":"es","@id":"https:\/\/www.sonoraenequipo.com.mx\/#\/schema\/person\/image\/","url":"https:\/\/secure.gravatar.com\/avatar\/049821681b589dabc0bc20695993ccebb09f5b5d4d790cd9251b97faac7c652b?s=96&d=blank&r=g","contentUrl":"https:\/\/secure.gravatar.com\/avatar\/049821681b589dabc0bc20695993ccebb09f5b5d4d790cd9251b97faac7c652b?s=96&d=blank&r=g","caption":"enequipo"},"sameAs":["https:\/\/www.facebook.com\/SonoraEE"]}]}},"jetpack_featured_media_url":"https:\/\/www.sonoraenequipo.com.mx\/storage\/2026\/03\/trump-infantino.jpg","_links":{"self":[{"href":"https:\/\/www.sonoraenequipo.com.mx\/api\/wp\/v2\/posts\/237258","targetHints":{"allow":["GET"]}}],"collection":[{"href":"https:\/\/www.sonoraenequipo.com.mx\/api\/wp\/v2\/posts"}],"about":[{"href":"https:\/\/www.sonoraenequipo.com.mx\/api\/wp\/v2\/types\/post"}],"author":[{"embeddable":true,"href":"https:\/\/www.sonoraenequipo.com.mx\/api\/wp\/v2\/users\/1"}],"replies":[{"embeddable":true,"href":"https:\/\/www.sonoraenequipo.com.mx\/api\/wp\/v2\/comments?post=237258"}],"version-history":[{"count":1,"href":"https:\/\/www.sonoraenequipo.com.mx\/api\/wp\/v2\/posts\/237258\/revisions"}],"predecessor-version":[{"id":237261,"href":"https:\/\/www.sonoraenequipo.com.mx\/api\/wp\/v2\/posts\/237258\/revisions\/237261"}],"wp:featuredmedia":[{"embeddable":true,"href":"https:\/\/www.sonoraenequipo.com.mx\/api\/wp\/v2\/media\/237260"}],"wp:attachment":[{"href":"https:\/\/www.sonoraenequipo.com.mx\/api\/wp\/v2\/media?parent=237258"}],"wp:term":[{"taxonomy":"category","embeddable":true,"href":"https:\/\/www.sonoraenequipo.com.mx\/api\/wp\/v2\/categories?post=237258"},{"taxonomy":"post_tag","embeddable":true,"href":"https:\/\/www.sonoraenequipo.com.mx\/api\/wp\/v2\/tags?post=237258"}],"curies":[{"name":"wp","href":"https:\/\/api.w.org\/{rel}","templated":true}]}}