{"id":237262,"date":"2026-03-12T14:30:03","date_gmt":"2026-03-12T21:30:03","guid":{"rendered":"https:\/\/www.sonoraenequipo.com.mx\/?p=237262"},"modified":"2026-03-12T17:13:27","modified_gmt":"2026-03-13T00:13:27","slug":"alemania-huelga-de-pilotos-de-lufthansa-cancela-cientos-de-vuelos","status":"publish","type":"post","link":"https:\/\/www.sonoraenequipo.com.mx\/alemania-huelga-de-pilotos-de-lufthansa-cancela-cientos-de-vuelos\/","title":{"rendered":"ALEMANIA.  Huelga de pilotos de Lufthansa cancela cientos de vuelos"},"content":{"rendered":"<p>Cientos de vuelos fueron cancelados este jueves (12.03.2026) en los aeropuertos de Fr\u00e1ncfort y M\u00fanich, en Alemania, debido a la huelga de dos d\u00edas de los pilotos de Lufthansa. En Fr\u00e1ncfort fueron cancelados 400 de los 1.165 despegues y aterrizajes previstos para esta jornada, mientras que en M\u00fanich, 230 de los 800 programados, informaron los gestores de ambos aeropuertos, seg\u00fan medios alemanes.<\/p>\n<p>&nbsp;<\/p>\n<p>Los vuelos cancelados son principalmente de Lufthansa, y los vuelos previstos totales son de todas las aerol\u00edneas que prestan servicios en los centros portuarios de esas importantes ciudades. El sindicato Vereinigung Cockpit (VC), que convoc\u00f3 a la huelga a m\u00e1s de 5.000 pilotos de las aerol\u00edneas Lufthansa, Lufthansa Cargo y Lufthansa Cityline, dijo que la participaci\u00f3n fue muy elevada.<\/p>\n<p>&nbsp;<\/p>\n<p>A mediod\u00eda estaban cancelados m\u00e1s del 75 por ciento de los vuelos de corto recorrido y m\u00e1s del 70 por ciento de los de largo recorrido, seg\u00fan la organizaci\u00f3n sindical. La empresa hab\u00eda asegurado el mi\u00e9rcoles que el d\u00eda de la huelga podr\u00eda ofrecer m\u00e1s de la mitad de sus vuelos previstos. La paralizaci\u00f3n de actividades por parte de los pilotos se extender\u00e1 tambi\u00e9n al d\u00eda viernes.<\/p>\n<p>&nbsp;<\/p>\n<p><strong>Beneficio operativo de casi 2.000 millones de euros<\/strong><\/p>\n<p>Algunos pilotos decidieron trabajar a pesar de la huelga, la segunda en un mes, mientras que otras aerol\u00edneas del Grupo Lufthansa asumieron algunos de los vuelos de la aerol\u00ednea insignia. Lufthansa consider\u00f3 el mi\u00e9rcoles que la huelga de pilotos es una escalada innecesaria en las actuales negociaciones. El sindicato VC alega, en cambio, que la compa\u00f1\u00eda no ha presentado nuevas ofertas.<\/p>\n<p>&nbsp;<\/p>\n<p>El sindicato acusa a la direcci\u00f3n de introducir un nuevo modelo de pensiones que podr\u00eda empeorar la situaci\u00f3n del personal al jubilarse, y de no querer entablar conversaciones constructivas. En tanto, el jefe de recursos humanos de Lufthansa, Michale Niggemann, critic\u00f3 la huelga calific\u00e1ndola de \u00abcompletamente incomprensible\u00bb, especialmente en un momento de \u00abincertidumbre geopol\u00edtica con la guerra en Ir\u00e1n\u00bb.<\/p>\n<p>&nbsp;<\/p>\n<p>Al anunciar sus resultados anuales de 2025 la semana pasada, el grupo Lufthansa report\u00f3 un beneficio operativo superior a las previsiones, de 1.960 millones de euros, casi un 20 por ciento m\u00e1s que el a\u00f1o anterior.<\/p>\n<p><strong>Fecha de publicaci\u00f3n jueves 12 de marzo de 2026\/DW<\/strong><\/p>\n<p>&nbsp;<\/p>\n<p>&nbsp;<\/p>\n","protected":false},"excerpt":{"rendered":"<p>Cientos de vuelos fueron cancelados este jueves (12.03.2026) en los aeropuertos de Fr\u00e1ncfort y M\u00fanich,&#8230;<\/p>\n","protected":false},"author":1,"featured_media":237270,"comment_status":"open","ping_status":"open","sticky":false,"template":"","format":"standard","meta":{"_monsterinsights_skip_tracking":false,"_monsterinsights_sitenote_active":false,"_monsterinsights_sitenote_note":"","_monsterinsights_sitenote_category":0,"footnotes":""},"categories":[6493],"tags":[3547,8270,12469],"class_list":["post"],"yoast_head":" \n<title>Sonora en Equipo. ALEMANIA. Huelga de pilotos de Lufthansa cancela cientos de vuelos PALABRAS Y N\u00daMEROS<\/title>\n<meta name=\"description\" content=\"Cientos de vuelos fueron cancelados este jueves (12.03.2026) en los aeropuertos de Fr\u00e1ncfort y M\u00fanich, en Alemania, debido a la huelga de dos d\u00edas de los En Sonora en Equipo publicamos toda la informaci\u00f3n de Sonora, M\u00e9xico y el Mundo de manera oportuna y busca que la libertad de expresi\u00f3n sea real. Visita nuestro medio informativo publicado desde Hermosillo, Sonora. %\" \/>\n<meta name=\"robots\" content=\"index, follow, max-snippet:-1, max-image-preview:large, max-video-preview:-1\" \/>\n<link rel=\"canonical\" href=\"https:\/\/www.sonoraenequipo.com.mx\/alemania-huelga-de-pilotos-de-lufthansa-cancela-cientos-de-vuelos\/\" \/>\n<meta property=\"og:locale\" content=\"es_ES\" \/>\n<meta property=\"og:type\" content=\"article\" \/>\n<meta property=\"og:title\" content=\"Sonora en Equipo. ALEMANIA. Huelga de pilotos de Lufthansa cancela cientos de vuelos PALABRAS Y N\u00daMEROS\" \/>\n<meta property=\"og:description\" content=\"Cientos de vuelos fueron cancelados este jueves (12.03.2026) en los aeropuertos de Fr\u00e1ncfort y M\u00fanich, en Alemania, debido a la huelga de dos d\u00edas de los En Sonora en Equipo publicamos toda la informaci\u00f3n de Sonora, M\u00e9xico y el Mundo de manera oportuna y busca que la libertad de expresi\u00f3n sea real. Visita nuestro medio informativo publicado desde Hermosillo, Sonora. %\" \/>\n<meta property=\"og:url\" content=\"https:\/\/www.sonoraenequipo.com.mx\/alemania-huelga-de-pilotos-de-lufthansa-cancela-cientos-de-vuelos\/\" \/>\n<meta property=\"og:site_name\" content=\"Sonora en Equipo.\" \/>\n<meta property=\"article:publisher\" content=\"https:\/\/www.facebook.com\/SonoraEE\/\" \/>\n<meta property=\"article:author\" content=\"https:\/\/www.facebook.com\/SonoraEE\" \/>\n<meta property=\"article:published_time\" content=\"2026-03-12T21:30:03+00:00\" \/>\n<meta property=\"article:modified_time\" content=\"2026-03-13T00:13:27+00:00\" \/>\n<meta property=\"og:image\" content=\"https:\/\/www.sonoraenequipo.com.mx\/storage\/2026\/03\/lufthansa.jpg\" \/>\n\t<meta property=\"og:image:width\" content=\"600\" \/>\n\t<meta property=\"og:image:height\" content=\"400\" \/>\n\t<meta property=\"og:image:type\" content=\"image\/jpeg\" \/>\n<meta name=\"author\" content=\"enequipo\" \/>\n<meta name=\"twitter:card\" content=\"summary_large_image\" \/>\n<meta name=\"twitter:creator\" content=\"@sonoraenequipo\" \/>\n<meta name=\"twitter:site\" content=\"@sonoraenequipo\" \/>\n<meta name=\"twitter:label1\" content=\"Escrito por\" \/>\n\t<meta name=\"twitter:data1\" content=\"enequipo\" \/>\n\t<meta name=\"twitter:label2\" content=\"Tiempo de lectura\" \/>\n\t<meta name=\"twitter:data2\" content=\"2 minutos\" \/>\n<script type=\"application\/ld+json\" class=\"yoast-schema-graph\">{\"@context\":\"https:\/\/schema.org\",\"@graph\":[{\"@type\":\"Article\",\"@id\":\"https:\/\/www.sonoraenequipo.com.mx\/alemania-huelga-de-pilotos-de-lufthansa-cancela-cientos-de-vuelos\/#article\",\"isPartOf\":{\"@id\":\"https:\/\/www.sonoraenequipo.com.mx\/alemania-huelga-de-pilotos-de-lufthansa-cancela-cientos-de-vuelos\/\"},\"author\":{\"name\":\"enequipo\",\"@id\":\"https:\/\/www.sonoraenequipo.com.mx\/#\/schema\/person\/50102df0fb23a8fa9e8effad8fa81386\"},\"headline\":\"ALEMANIA. Huelga de pilotos de Lufthansa cancela cientos de vuelos\",\"datePublished\":\"2026-03-12T21:30:03+00:00\",\"dateModified\":\"2026-03-13T00:13:27+00:00\",\"mainEntityOfPage\":{\"@id\":\"https:\/\/www.sonoraenequipo.com.mx\/alemania-huelga-de-pilotos-de-lufthansa-cancela-cientos-de-vuelos\/\"},\"wordCount\":401,\"commentCount\":0,\"publisher\":{\"@id\":\"https:\/\/www.sonoraenequipo.com.mx\/#organization\"},\"image\":{\"@id\":\"https:\/\/www.sonoraenequipo.com.mx\/alemania-huelga-de-pilotos-de-lufthansa-cancela-cientos-de-vuelos\/#primaryimage\"},\"thumbnailUrl\":\"https:\/\/www.sonoraenequipo.com.mx\/storage\/2026\/03\/lufthansa.jpg\",\"keywords\":[\"HUELGA\",\"Lufthansa\",\"pilotos\"],\"articleSection\":[\"PALABRAS Y N\u00daMEROS\"],\"inLanguage\":\"es\",\"potentialAction\":[{\"@type\":\"CommentAction\",\"name\":\"Comment\",\"target\":[\"https:\/\/www.sonoraenequipo.com.mx\/alemania-huelga-de-pilotos-de-lufthansa-cancela-cientos-de-vuelos\/#respond\"]}]},{\"@type\":\"WebPage\",\"@id\":\"https:\/\/www.sonoraenequipo.com.mx\/alemania-huelga-de-pilotos-de-lufthansa-cancela-cientos-de-vuelos\/\",\"url\":\"https:\/\/www.sonoraenequipo.com.mx\/alemania-huelga-de-pilotos-de-lufthansa-cancela-cientos-de-vuelos\/\",\"name\":\"Sonora en Equipo. ALEMANIA. Huelga de pilotos de Lufthansa cancela cientos de vuelos PALABRAS Y N\u00daMEROS\",\"isPartOf\":{\"@id\":\"https:\/\/www.sonoraenequipo.com.mx\/#website\"},\"primaryImageOfPage\":{\"@id\":\"https:\/\/www.sonoraenequipo.com.mx\/alemania-huelga-de-pilotos-de-lufthansa-cancela-cientos-de-vuelos\/#primaryimage\"},\"image\":{\"@id\":\"https:\/\/www.sonoraenequipo.com.mx\/alemania-huelga-de-pilotos-de-lufthansa-cancela-cientos-de-vuelos\/#primaryimage\"},\"thumbnailUrl\":\"https:\/\/www.sonoraenequipo.com.mx\/storage\/2026\/03\/lufthansa.jpg\",\"datePublished\":\"2026-03-12T21:30:03+00:00\",\"dateModified\":\"2026-03-13T00:13:27+00:00\",\"description\":\"Cientos de vuelos fueron cancelados este jueves (12.03.2026) en los aeropuertos de Fr\u00e1ncfort y M\u00fanich, en Alemania, debido a la huelga de dos d\u00edas de los En Sonora en Equipo publicamos toda la informaci\u00f3n de Sonora, M\u00e9xico y el Mundo de manera oportuna y busca que la libertad de expresi\u00f3n sea real. Visita nuestro medio informativo publicado desde Hermosillo, Sonora. %\",\"breadcrumb\":{\"@id\":\"https:\/\/www.sonoraenequipo.com.mx\/alemania-huelga-de-pilotos-de-lufthansa-cancela-cientos-de-vuelos\/#breadcrumb\"},\"inLanguage\":\"es\",\"potentialAction\":[{\"@type\":\"ReadAction\",\"target\":[\"https:\/\/www.sonoraenequipo.com.mx\/alemania-huelga-de-pilotos-de-lufthansa-cancela-cientos-de-vuelos\/\"]}]},{\"@type\":\"ImageObject\",\"inLanguage\":\"es\",\"@id\":\"https:\/\/www.sonoraenequipo.com.mx\/alemania-huelga-de-pilotos-de-lufthansa-cancela-cientos-de-vuelos\/#primaryimage\",\"url\":\"https:\/\/www.sonoraenequipo.com.mx\/storage\/2026\/03\/lufthansa.jpg\",\"contentUrl\":\"https:\/\/www.sonoraenequipo.com.mx\/storage\/2026\/03\/lufthansa.jpg\",\"width\":600,\"height\":400},{\"@type\":\"BreadcrumbList\",\"@id\":\"https:\/\/www.sonoraenequipo.com.mx\/alemania-huelga-de-pilotos-de-lufthansa-cancela-cientos-de-vuelos\/#breadcrumb\",\"itemListElement\":[{\"@type\":\"ListItem\",\"position\":1,\"name\":\"Portada\",\"item\":\"https:\/\/www.sonoraenequipo.com.mx\/\"},{\"@type\":\"ListItem\",\"position\":2,\"name\":\"ALEMANIA. Huelga de pilotos de Lufthansa cancela cientos de vuelos\"}]},{\"@type\":\"WebSite\",\"@id\":\"https:\/\/www.sonoraenequipo.com.mx\/#website\",\"url\":\"https:\/\/www.sonoraenequipo.com.mx\/\",\"name\":\"Sonora en Equipo.\",\"description\":\"Diario en l\u00ednea con Noticias desde Hermosillo, Sonora\",\"publisher\":{\"@id\":\"https:\/\/www.sonoraenequipo.com.mx\/#organization\"},\"potentialAction\":[{\"@type\":\"SearchAction\",\"target\":{\"@type\":\"EntryPoint\",\"urlTemplate\":\"https:\/\/www.sonoraenequipo.com.mx\/?s={search_term_string}\"},\"query-input\":{\"@type\":\"PropertyValueSpecification\",\"valueRequired\":true,\"valueName\":\"search_term_string\"}}],\"inLanguage\":\"es\"},{\"@type\":\"Organization\",\"@id\":\"https:\/\/www.sonoraenequipo.com.mx\/#organization\",\"name\":\"Sonoraenequipo.com.mx\",\"url\":\"https:\/\/www.sonoraenequipo.com.mx\/\",\"logo\":{\"@type\":\"ImageObject\",\"inLanguage\":\"es\",\"@id\":\"https:\/\/www.sonoraenequipo.com.mx\/#\/schema\/logo\/image\/\",\"url\":\"https:\/\/www.sonoraenequipo.com.mx\/storage\/2019\/01\/sonoraenequipo_opt.png\",\"contentUrl\":\"https:\/\/www.sonoraenequipo.com.mx\/storage\/2019\/01\/sonoraenequipo_opt.png\",\"width\":375,\"height\":125,\"caption\":\"Sonoraenequipo.com.mx\"},\"image\":{\"@id\":\"https:\/\/www.sonoraenequipo.com.mx\/#\/schema\/logo\/image\/\"},\"sameAs\":[\"https:\/\/www.facebook.com\/SonoraEE\/\",\"https:\/\/x.com\/sonoraenequipo\",\"https:\/\/www.youtube.com\/channel\/UC338nW-lPEYmJQs4ZABQ1SQ\"]},{\"@type\":\"Person\",\"@id\":\"https:\/\/www.sonoraenequipo.com.mx\/#\/schema\/person\/50102df0fb23a8fa9e8effad8fa81386\",\"name\":\"enequipo\",\"image\":{\"@type\":\"ImageObject\",\"inLanguage\":\"es\",\"@id\":\"https:\/\/www.sonoraenequipo.com.mx\/#\/schema\/person\/image\/\",\"url\":\"https:\/\/secure.gravatar.com\/avatar\/049821681b589dabc0bc20695993ccebb09f5b5d4d790cd9251b97faac7c652b?s=96&d=blank&r=g\",\"contentUrl\":\"https:\/\/secure.gravatar.com\/avatar\/049821681b589dabc0bc20695993ccebb09f5b5d4d790cd9251b97faac7c652b?s=96&d=blank&r=g\",\"caption\":\"enequipo\"},\"sameAs\":[\"https:\/\/www.facebook.com\/SonoraEE\"]}]}<\/script>\n ","yoast_head_json":{"title":"Sonora en Equipo. ALEMANIA. Huelga de pilotos de Lufthansa cancela cientos de vuelos PALABRAS Y N\u00daMEROS","description":"Cientos de vuelos fueron cancelados este jueves (12.03.2026) en los aeropuertos de Fr\u00e1ncfort y M\u00fanich, en Alemania, debido a la huelga de dos d\u00edas de los En Sonora en Equipo publicamos toda la informaci\u00f3n de Sonora, M\u00e9xico y el Mundo de manera oportuna y busca que la libertad de expresi\u00f3n sea real. Visita nuestro medio informativo publicado desde Hermosillo, Sonora. %","robots":{"index":"index","follow":"follow","max-snippet":"max-snippet:-1","max-image-preview":"max-image-preview:large","max-video-preview":"max-video-preview:-1"},"canonical":"https:\/\/www.sonoraenequipo.com.mx\/alemania-huelga-de-pilotos-de-lufthansa-cancela-cientos-de-vuelos\/","og_locale":"es_ES","og_type":"article","og_title":"Sonora en Equipo. ALEMANIA. Huelga de pilotos de Lufthansa cancela cientos de vuelos PALABRAS Y N\u00daMEROS","og_description":"Cientos de vuelos fueron cancelados este jueves (12.03.2026) en los aeropuertos de Fr\u00e1ncfort y M\u00fanich, en Alemania, debido a la huelga de dos d\u00edas de los En Sonora en Equipo publicamos toda la informaci\u00f3n de Sonora, M\u00e9xico y el Mundo de manera oportuna y busca que la libertad de expresi\u00f3n sea real. Visita nuestro medio informativo publicado desde Hermosillo, Sonora. %","og_url":"https:\/\/www.sonoraenequipo.com.mx\/alemania-huelga-de-pilotos-de-lufthansa-cancela-cientos-de-vuelos\/","og_site_name":"Sonora en Equipo.","article_publisher":"https:\/\/www.facebook.com\/SonoraEE\/","article_author":"https:\/\/www.facebook.com\/SonoraEE","article_published_time":"2026-03-12T21:30:03+00:00","article_modified_time":"2026-03-13T00:13:27+00:00","og_image":[{"width":600,"height":400,"url":"https:\/\/www.sonoraenequipo.com.mx\/storage\/2026\/03\/lufthansa.jpg","type":"image\/jpeg"}],"author":"enequipo","twitter_card":"summary_large_image","twitter_creator":"@sonoraenequipo","twitter_site":"@sonoraenequipo","twitter_misc":{"Escrito por":"enequipo","Tiempo de lectura":"2 minutos"},"schema":{"@context":"https:\/\/schema.org","@graph":[{"@type":"Article","@id":"https:\/\/www.sonoraenequipo.com.mx\/alemania-huelga-de-pilotos-de-lufthansa-cancela-cientos-de-vuelos\/#article","isPartOf":{"@id":"https:\/\/www.sonoraenequipo.com.mx\/alemania-huelga-de-pilotos-de-lufthansa-cancela-cientos-de-vuelos\/"},"author":{"name":"enequipo","@id":"https:\/\/www.sonoraenequipo.com.mx\/#\/schema\/person\/50102df0fb23a8fa9e8effad8fa81386"},"headline":"ALEMANIA. Huelga de pilotos de Lufthansa cancela cientos de vuelos","datePublished":"2026-03-12T21:30:03+00:00","dateModified":"2026-03-13T00:13:27+00:00","mainEntityOfPage":{"@id":"https:\/\/www.sonoraenequipo.com.mx\/alemania-huelga-de-pilotos-de-lufthansa-cancela-cientos-de-vuelos\/"},"wordCount":401,"commentCount":0,"publisher":{"@id":"https:\/\/www.sonoraenequipo.com.mx\/#organization"},"image":{"@id":"https:\/\/www.sonoraenequipo.com.mx\/alemania-huelga-de-pilotos-de-lufthansa-cancela-cientos-de-vuelos\/#primaryimage"},"thumbnailUrl":"https:\/\/www.sonoraenequipo.com.mx\/storage\/2026\/03\/lufthansa.jpg","keywords":["HUELGA","Lufthansa","pilotos"],"articleSection":["PALABRAS Y N\u00daMEROS"],"inLanguage":"es","potentialAction":[{"@type":"CommentAction","name":"Comment","target":["https:\/\/www.sonoraenequipo.com.mx\/alemania-huelga-de-pilotos-de-lufthansa-cancela-cientos-de-vuelos\/#respond"]}]},{"@type":"WebPage","@id":"https:\/\/www.sonoraenequipo.com.mx\/alemania-huelga-de-pilotos-de-lufthansa-cancela-cientos-de-vuelos\/","url":"https:\/\/www.sonoraenequipo.com.mx\/alemania-huelga-de-pilotos-de-lufthansa-cancela-cientos-de-vuelos\/","name":"Sonora en Equipo. ALEMANIA. Huelga de pilotos de Lufthansa cancela cientos de vuelos PALABRAS Y N\u00daMEROS","isPartOf":{"@id":"https:\/\/www.sonoraenequipo.com.mx\/#website"},"primaryImageOfPage":{"@id":"https:\/\/www.sonoraenequipo.com.mx\/alemania-huelga-de-pilotos-de-lufthansa-cancela-cientos-de-vuelos\/#primaryimage"},"image":{"@id":"https:\/\/www.sonoraenequipo.com.mx\/alemania-huelga-de-pilotos-de-lufthansa-cancela-cientos-de-vuelos\/#primaryimage"},"thumbnailUrl":"https:\/\/www.sonoraenequipo.com.mx\/storage\/2026\/03\/lufthansa.jpg","datePublished":"2026-03-12T21:30:03+00:00","dateModified":"2026-03-13T00:13:27+00:00","description":"Cientos de vuelos fueron cancelados este jueves (12.03.2026) en los aeropuertos de Fr\u00e1ncfort y M\u00fanich, en Alemania, debido a la huelga de dos d\u00edas de los En Sonora en Equipo publicamos toda la informaci\u00f3n de Sonora, M\u00e9xico y el Mundo de manera oportuna y busca que la libertad de expresi\u00f3n sea real. Visita nuestro medio informativo publicado desde Hermosillo, Sonora. %","breadcrumb":{"@id":"https:\/\/www.sonoraenequipo.com.mx\/alemania-huelga-de-pilotos-de-lufthansa-cancela-cientos-de-vuelos\/#breadcrumb"},"inLanguage":"es","potentialAction":[{"@type":"ReadAction","target":["https:\/\/www.sonoraenequipo.com.mx\/alemania-huelga-de-pilotos-de-lufthansa-cancela-cientos-de-vuelos\/"]}]},{"@type":"ImageObject","inLanguage":"es","@id":"https:\/\/www.sonoraenequipo.com.mx\/alemania-huelga-de-pilotos-de-lufthansa-cancela-cientos-de-vuelos\/#primaryimage","url":"https:\/\/www.sonoraenequipo.com.mx\/storage\/2026\/03\/lufthansa.jpg","contentUrl":"https:\/\/www.sonoraenequipo.com.mx\/storage\/2026\/03\/lufthansa.jpg","width":600,"height":400},{"@type":"BreadcrumbList","@id":"https:\/\/www.sonoraenequipo.com.mx\/alemania-huelga-de-pilotos-de-lufthansa-cancela-cientos-de-vuelos\/#breadcrumb","itemListElement":[{"@type":"ListItem","position":1,"name":"Portada","item":"https:\/\/www.sonoraenequipo.com.mx\/"},{"@type":"ListItem","position":2,"name":"ALEMANIA. Huelga de pilotos de Lufthansa cancela cientos de vuelos"}]},{"@type":"WebSite","@id":"https:\/\/www.sonoraenequipo.com.mx\/#website","url":"https:\/\/www.sonoraenequipo.com.mx\/","name":"Sonora en Equipo.","description":"Diario en l\u00ednea con Noticias desde Hermosillo, Sonora","publisher":{"@id":"https:\/\/www.sonoraenequipo.com.mx\/#organization"},"potentialAction":[{"@type":"SearchAction","target":{"@type":"EntryPoint","urlTemplate":"https:\/\/www.sonoraenequipo.com.mx\/?s={search_term_string}"},"query-input":{"@type":"PropertyValueSpecification","valueRequired":true,"valueName":"search_term_string"}}],"inLanguage":"es"},{"@type":"Organization","@id":"https:\/\/www.sonoraenequipo.com.mx\/#organization","name":"Sonoraenequipo.com.mx","url":"https:\/\/www.sonoraenequipo.com.mx\/","logo":{"@type":"ImageObject","inLanguage":"es","@id":"https:\/\/www.sonoraenequipo.com.mx\/#\/schema\/logo\/image\/","url":"https:\/\/www.sonoraenequipo.com.mx\/storage\/2019\/01\/sonoraenequipo_opt.png","contentUrl":"https:\/\/www.sonoraenequipo.com.mx\/storage\/2019\/01\/sonoraenequipo_opt.png","width":375,"height":125,"caption":"Sonoraenequipo.com.mx"},"image":{"@id":"https:\/\/www.sonoraenequipo.com.mx\/#\/schema\/logo\/image\/"},"sameAs":["https:\/\/www.facebook.com\/SonoraEE\/","https:\/\/x.com\/sonoraenequipo","https:\/\/www.youtube.com\/channel\/UC338nW-lPEYmJQs4ZABQ1SQ"]},{"@type":"Person","@id":"https:\/\/www.sonoraenequipo.com.mx\/#\/schema\/person\/50102df0fb23a8fa9e8effad8fa81386","name":"enequipo","image":{"@type":"ImageObject","inLanguage":"es","@id":"https:\/\/www.sonoraenequipo.com.mx\/#\/schema\/person\/image\/","url":"https:\/\/secure.gravatar.com\/avatar\/049821681b589dabc0bc20695993ccebb09f5b5d4d790cd9251b97faac7c652b?s=96&d=blank&r=g","contentUrl":"https:\/\/secure.gravatar.com\/avatar\/049821681b589dabc0bc20695993ccebb09f5b5d4d790cd9251b97faac7c652b?s=96&d=blank&r=g","caption":"enequipo"},"sameAs":["https:\/\/www.facebook.com\/SonoraEE"]}]}},"jetpack_featured_media_url":"https:\/\/www.sonoraenequipo.com.mx\/storage\/2026\/03\/lufthansa.jpg","_links":{"self":[{"href":"https:\/\/www.sonoraenequipo.com.mx\/api\/wp\/v2\/posts\/237262","targetHints":{"allow":["GET"]}}],"collection":[{"href":"https:\/\/www.sonoraenequipo.com.mx\/api\/wp\/v2\/posts"}],"about":[{"href":"https:\/\/www.sonoraenequipo.com.mx\/api\/wp\/v2\/types\/post"}],"author":[{"embeddable":true,"href":"https:\/\/www.sonoraenequipo.com.mx\/api\/wp\/v2\/users\/1"}],"replies":[{"embeddable":true,"href":"https:\/\/www.sonoraenequipo.com.mx\/api\/wp\/v2\/comments?post=237262"}],"version-history":[{"count":2,"href":"https:\/\/www.sonoraenequipo.com.mx\/api\/wp\/v2\/posts\/237262\/revisions"}],"predecessor-version":[{"id":237292,"href":"https:\/\/www.sonoraenequipo.com.mx\/api\/wp\/v2\/posts\/237262\/revisions\/237292"}],"wp:featuredmedia":[{"embeddable":true,"href":"https:\/\/www.sonoraenequipo.com.mx\/api\/wp\/v2\/media\/237270"}],"wp:attachment":[{"href":"https:\/\/www.sonoraenequipo.com.mx\/api\/wp\/v2\/media?parent=237262"}],"wp:term":[{"taxonomy":"category","embeddable":true,"href":"https:\/\/www.sonoraenequipo.com.mx\/api\/wp\/v2\/categories?post=237262"},{"taxonomy":"post_tag","embeddable":true,"href":"https:\/\/www.sonoraenequipo.com.mx\/api\/wp\/v2\/tags?post=237262"}],"curies":[{"name":"wp","href":"https:\/\/api.w.org\/{rel}","templated":true}]}}